{"id":54867,"date":"2021-03-21T01:15:34","date_gmt":"2021-03-21T01:15:34","guid":{"rendered":"http:\/\/www.lavisqteam.fr\/?p=54867"},"modified":"2021-12-31T11:45:39","modified_gmt":"2021-12-31T11:45:39","slug":"la-fleur-dattica-valentin-auwercx","status":"publish","type":"post","link":"https:\/\/www.lavisqteam.fr\/?p=54867","title":{"rendered":"La Fleur d&rsquo;Attica &#8211; Valentin Auwercx"},"content":{"rendered":"\n<div class=\"wp-block-image\"><figure class=\"aligncenter size-large\"><a href=\"https:\/\/www.lavisqteam.fr\/wp-content\/uploads\/2021\/03\/161276310_793258521309074_1562409409113271072_n.png\"><img loading=\"lazy\" width=\"593\" height=\"957\" src=\"https:\/\/www.lavisqteam.fr\/wp-content\/uploads\/2021\/03\/161276310_793258521309074_1562409409113271072_n.png\" alt=\"\" class=\"wp-image-54868\" srcset=\"https:\/\/www.lavisqteam.fr\/wp-content\/uploads\/2021\/03\/161276310_793258521309074_1562409409113271072_n.png 593w, https:\/\/www.lavisqteam.fr\/wp-content\/uploads\/2021\/03\/161276310_793258521309074_1562409409113271072_n-186x300.png 186w\" sizes=\"(max-width: 593px) 100vw, 593px\" \/><\/a><\/figure><\/div>\n\n\n\n<p><strong>Auteur&nbsp;: <\/strong>Valentin Auwercx<\/p>\n\n\n\n<p><strong>Editeur&nbsp;: <\/strong>Auto-\u00e9dition<\/p>\n\n\n\n<p><strong>Genre&nbsp;: <\/strong>Science-Fiction<\/p>\n\n\n\n<p><strong>R\u00e9sum\u00e9&nbsp;:<\/strong><\/p>\n\n\n\n<p>En 2051, la surpopulation explose et le foss\u00e9 de l\u2019in\u00e9galit\u00e9 se creuse. La criminalit\u00e9 croissante devenant difficile \u00e0 contenir au sein des prisons, le gouvernement am\u00e9ricain d\u00e9cide de mettre en vigueur une toute nouvelle m\u00e9thode de mise \u00e0 mort sur l\u2019ensemble de son territoire \u2013 le programme Derni\u00e8re Volont\u00e9.<br>D\u2019immenses b\u00e2timents blancs en forme de Fleur accueillent les criminels vou\u00e9s \u00e0 l\u2019ex\u00e9cution dans le plus grand des secrets. Quand Light O\u2019Grim est condamn\u00e9 \u00e0 la Derni\u00e8re Volont\u00e9, il ne se doute pas une seule seconde de ce qu\u2019il va d\u00e9couvrir au sein de la Fleur D\u2019Attica\u2026<br>Le paradis existe-t-il vraiment pour les personnes destin\u00e9es \u00e0 l\u2019enfer?<br>Et si les coupables devenaient les victimes?<\/p>\n\n\n\n<p><strong>Avis : <\/strong><\/p>\n\n\n\n<h2><strong>Un terrible futur<\/strong><\/h2>\n\n\n\n<p><strong>La fleur d\u2019Attica<\/strong> imagine un futur possible o\u00f9 les criminels seraient enferm\u00e9s dans des prisons de luxe, afin d\u2019y vivre leurs derniers jours dans la peur (ou l\u2019indiff\u00e9rence) de leur mort imminente. Surpopulation oblige, les prisons ne peuvent plus supporter ce nombre toujours grandissant de malfrats&nbsp;; la peine de mort refait surface dans un monde qui s\u2019essouffle, ab\u00eem\u00e9 par le poids des terriens en masse.<\/p>\n\n\n\n<p>Cette id\u00e9e nous am\u00e8ne \u00e0 r\u00e9fl\u00e9chir sur cet avenir probable, sur cette terrible r\u00e9alit\u00e9 qui pourrait s\u2019abattre sur nos descendants. Trouverons-nous une meilleure solution&nbsp;que celle de donner la mort sans \u00e9tats d\u2019\u00e2me ? Comment r\u00e9guler une population qui ne cesse de cro\u00eetre quand la plan\u00e8te ne saurait subvenir aux besoins de chacun&nbsp;? Autant de questionnements perturbants qui nous accompagnent tout le long de la lecture de ce roman sombre mais \u00e9mouvant.<\/p>\n\n\n\n<p>La fin terrifiante et la conclusion malaisante donn\u00e9es par l\u2019auteur cl\u00f4turent ce livre \u00e0 merveille, tout en nous faisant nous questionner davantage sur les r\u00e9percussions et les solutions possibles d\u2019une telle invention. Le roman p\u00e9n\u00e8tre notre humanit\u00e9, la malaxe et la triture avec savoir-faire. Tout en nous se brise, tout en nous se rel\u00e8ve pour affronter la nouvelle r\u00e9alit\u00e9 du h\u00e9ros. Remise en question, d\u00e9termination nouvelle, force incisive, sensibilit\u00e9 accrue\u2026 Nous marchons sur ses pas&nbsp;; son \u00e9volution marque la n\u00f4tre, tel un cercle initiatique revisit\u00e9 que nous ne parcourons plus seul, que nous cheminons \u00e0 deux.<\/p>\n\n\n\n<h2><strong>Un ton juste mais noir<\/strong><\/h2>\n\n\n\n<p>Ames sensibles s\u2019abstenir&nbsp;: le roman nous propulse tr\u00e8s vite dans les pas d\u2019un de ces criminels appel\u00e9s \u00e0 mourir, une personne \u00e0 qui l\u2019on s\u2019attache irr\u00e9m\u00e9diablement bien que l\u2019on sache comment il va finir. La plume de l\u2019auteur est juste, elle n\u2019en fait pas des tonnes et ne soup\u00e8se aucun fait. La dure r\u00e9alit\u00e9 nous rattrape lors de sc\u00e8nes de bagarres sanglantes ou d\u2019actes plus violents encore. M\u00eame une prison gard\u00e9e n\u2019emp\u00eache pas les plus d\u00e9prav\u00e9s d\u2019entre nous de s\u2019adonner aux pires crimes, surtout alors qu\u2019ils savent que ces folies seront surement leurs derni\u00e8res.<\/p>\n\n\n\n<p>A l\u2019oppos\u00e9 de ces personnes malsaines, des personnalit\u00e9s fortes et belles se pr\u00e9sentent sur la route. En cela consiste sans doute l\u2019\u00e9l\u00e9ment le plus perturbant de la lecture&nbsp;: celle d\u2019appr\u00e9cier des criminels. Notre c\u0153ur oublie rapidement cet \u00e9tat de fait lorsqu\u2019il touche celui des personnages secondaires. Ils s\u2019av\u00e8rent bien plus complexes que leur simple crime. Ils se d\u00e9voilent, se confient \u00e0 nous. L\u2019humain n\u2019est pas tout noir ou tout blanc, m\u00eame si dans le cas de mafieux baraqu\u00e9s sans cervelle, cela reste \u00e0 prouver.<\/p>\n\n\n\n<p>N\u00e9anmoins, leurs paroles nous touchent profond\u00e9ment et nous am\u00e8nent \u00e0 nous mettre \u00e0 leur place. Qu\u2019aurions-nous fait dans leur situation&nbsp;? Pire que tout, comment se d\u00e9fendre quand m\u00eame la justice nous pointe du doigt, quand toutes les preuves s\u2019acharnent sur notre sort, alors que nous sommes innocents&nbsp;? Comme il n\u2019est ni tout blanc, ni tout noir, l\u2019Homme n\u2019est pas parfait et n\u2019a pas r\u00e9ponse \u00e0 tout. Ainsi, les erreurs peuvent se multiplier, quitte \u00e0 donner la mort de mani\u00e8re injuste\u2026<\/p>\n\n\n\n<h2><strong>Derniers jours<\/strong><\/h2>\n\n\n\n<p>Les derniers jours de ces condamn\u00e9s se voient porteurs de messages sur la vie. R\u00e9demption, pardon, acceptation, d\u00e9ni\u2026 D\u2019une rare complexit\u00e9, ces \u00e9motions et sentiments que nous partageons avec nos semblables nous projettent \u00e0 la figure nos propres exp\u00e9riences, nos propres tranches de vie. Notre h\u00e9ros souffre de son pass\u00e9 criminel, souffre de devoir maintenir sur ses \u00e9paules chaque nouvelle journ\u00e9e qu\u2019il doit supporter dans cette prison-ville.<\/p>\n\n\n\n<p>Ses rencontres, ses occupations, ses nouveaux sourires, sa joie poignante nous marquent au fer rouge&nbsp;: il n\u2019abandonne pas la vie alors qu\u2019il sait qu\u2019il devra mourir. Une seconde\u2026 N\u2019est-ce pas l\u00e0 la fin qui nous attend tous&nbsp;? Notre peur de la mort parcourt \u00e9galement ces pages, comme celle de profiter pleinement de chaque instant, sans que d\u2019am\u00e8res pens\u00e9es ne viennent tout g\u00e2cher.<\/p>\n\n\n\n<p>Ce roman, en plus de nous amener \u00e0 r\u00e9fl\u00e9chir sur l\u2019avenir, nous tourne vers nos propres angoisses. <strong>La fleur d\u2019Attica<\/strong> touche et perturbe, horripile et enchante, effraie et rassure. Le lecteur ne ressort pas indemne de sa lecture, m\u00eame si celle-ci demande quelques chapitres de patience avant de r\u00e9ellement nous happer. Un th\u00e8me morbide mais retranscrit avec intelligence et sensibilit\u00e9, une histoire de vie banale mais universelle, qui parlera \u00e0 tous ceux pr\u00eats \u00e0 commencer l\u2019aventure.<\/p>\n\n\n\n<p><strong>Note&nbsp;: 19\/20<\/strong><\/p>\n\n\n\n<p>La chronique vous a donn\u00e9 envie de lire ce roman&nbsp;? Cliquez ici <a href=\"https:\/\/amzn.to\/3a6iFFA\">https:\/\/amzn.to\/3a6iFFA<\/a> pour l\u2019acheter et soutenir vos chroniqueurs&nbsp;!<\/p>\n\n\n\n<p class=\"has-text-align-right\">Par <strong>Lildrille<\/strong><\/p>\n","protected":false},"excerpt":{"rendered":"<p>Auteur&nbsp;: Valentin Auwercx Editeur&nbsp;: Auto-\u00e9dition Genre&nbsp;: Science-Fiction R\u00e9sum\u00e9&nbsp;: En 2051, la surpopulation explose et le foss\u00e9 de l\u2019in\u00e9galit\u00e9 se creuse. La criminalit\u00e9 croissante devenant difficile &hellip; <\/p>\n","protected":false},"author":2,"featured_media":54869,"comment_status":"open","ping_status":"open","sticky":false,"template":"","format":"standard","meta":[],"categories":[10],"tags":[],"yoast_head":"<!-- This site is optimized with the Yoast SEO plugin v19.6.1 - https:\/\/yoast.com\/wordpress\/plugins\/seo\/ -->\n<title>La Fleur d&#039;Attica - Valentin Auwercx - Lavisqteam.fr<\/title>\n<meta name=\"robots\" content=\"index, follow, max-snippet:-1, max-image-preview:large, max-video-preview:-1\" \/>\n<link rel=\"canonical\" href=\"https:\/\/www.lavisqteam.fr\/?p=54867\" \/>\n<meta property=\"og:locale\" content=\"fr_FR\" \/>\n<meta property=\"og:type\" content=\"article\" \/>\n<meta property=\"og:title\" content=\"La Fleur d&#039;Attica - Valentin Auwercx - Lavisqteam.fr\" \/>\n<meta property=\"og:description\" content=\"Auteur&nbsp;: Valentin Auwercx Editeur&nbsp;: Auto-\u00e9dition Genre&nbsp;: Science-Fiction R\u00e9sum\u00e9&nbsp;: En 2051, la surpopulation explose et le foss\u00e9 de l\u2019in\u00e9galit\u00e9 se creuse. La criminalit\u00e9 croissante devenant difficile &hellip;\" \/>\n<meta property=\"og:url\" content=\"https:\/\/www.lavisqteam.fr\/?p=54867\" \/>\n<meta property=\"og:site_name\" content=\"Lavisqteam.fr\" \/>\n<meta property=\"article:author\" content=\"https:\/\/www.facebook.com\/chloe.garcia.351\" \/>\n<meta property=\"article:published_time\" content=\"2021-03-21T01:15:34+00:00\" \/>\n<meta property=\"article:modified_time\" content=\"2021-12-31T11:45:39+00:00\" \/>\n<meta property=\"og:image\" content=\"https:\/\/www.lavisqteam.fr\/wp-content\/uploads\/2021\/03\/fleur.jpg\" \/>\n\t<meta property=\"og:image:width\" content=\"727\" \/>\n\t<meta property=\"og:image:height\" content=\"395\" \/>\n\t<meta property=\"og:image:type\" content=\"image\/jpeg\" \/>\n<meta name=\"author\" content=\"Lildrille\" \/>\n<meta name=\"twitter:card\" content=\"summary_large_image\" \/>\n<meta name=\"twitter:image\" content=\"https:\/\/www.lavisqteam.fr\/wp-content\/uploads\/2021\/03\/fleur.jpg\" \/>\n<meta name=\"twitter:label1\" content=\"\u00c9crit par\" \/>\n\t<meta name=\"twitter:data1\" content=\"Lildrille\" \/>\n\t<meta name=\"twitter:label2\" content=\"Dur\u00e9e de lecture estim\u00e9e\" \/>\n\t<meta name=\"twitter:data2\" content=\"5 minutes\" \/>\n<script type=\"application\/ld+json\" class=\"yoast-schema-graph\">{\"@context\":\"https:\/\/schema.org\",\"@graph\":[{\"@type\":\"Article\",\"@id\":\"https:\/\/www.lavisqteam.fr\/?p=54867#article\",\"isPartOf\":{\"@id\":\"https:\/\/www.lavisqteam.fr\/?p=54867\"},\"author\":{\"name\":\"Lildrille\",\"@id\":\"https:\/\/www.lavisqteam.fr\/#\/schema\/person\/e2e3eb3cb179a4f0299403b29e235d24\"},\"headline\":\"La Fleur d&rsquo;Attica &#8211; Valentin Auwercx\",\"datePublished\":\"2021-03-21T01:15:34+00:00\",\"dateModified\":\"2021-12-31T11:45:39+00:00\",\"mainEntityOfPage\":{\"@id\":\"https:\/\/www.lavisqteam.fr\/?p=54867\"},\"wordCount\":984,\"commentCount\":0,\"publisher\":{\"@id\":\"https:\/\/www.lavisqteam.fr\/#organization\"},\"articleSection\":[\"Roman\"],\"inLanguage\":\"fr-FR\",\"potentialAction\":[{\"@type\":\"CommentAction\",\"name\":\"Comment\",\"target\":[\"https:\/\/www.lavisqteam.fr\/?p=54867#respond\"]}]},{\"@type\":\"WebPage\",\"@id\":\"https:\/\/www.lavisqteam.fr\/?p=54867\",\"url\":\"https:\/\/www.lavisqteam.fr\/?p=54867\",\"name\":\"La Fleur d'Attica - Valentin Auwercx - Lavisqteam.fr\",\"isPartOf\":{\"@id\":\"https:\/\/www.lavisqteam.fr\/#website\"},\"datePublished\":\"2021-03-21T01:15:34+00:00\",\"dateModified\":\"2021-12-31T11:45:39+00:00\",\"breadcrumb\":{\"@id\":\"https:\/\/www.lavisqteam.fr\/?p=54867#breadcrumb\"},\"inLanguage\":\"fr-FR\",\"potentialAction\":[{\"@type\":\"ReadAction\",\"target\":[\"https:\/\/www.lavisqteam.fr\/?p=54867\"]}]},{\"@type\":\"BreadcrumbList\",\"@id\":\"https:\/\/www.lavisqteam.fr\/?p=54867#breadcrumb\",\"itemListElement\":[{\"@type\":\"ListItem\",\"position\":1,\"name\":\"Accueil\",\"item\":\"https:\/\/www.lavisqteam.fr\/\"},{\"@type\":\"ListItem\",\"position\":2,\"name\":\"La Fleur d&rsquo;Attica &#8211; Valentin Auwercx\"}]},{\"@type\":\"WebSite\",\"@id\":\"https:\/\/www.lavisqteam.fr\/#website\",\"url\":\"https:\/\/www.lavisqteam.fr\/\",\"name\":\"Lavisqteam.fr\",\"description\":\"\",\"publisher\":{\"@id\":\"https:\/\/www.lavisqteam.fr\/#organization\"},\"potentialAction\":[{\"@type\":\"SearchAction\",\"target\":{\"@type\":\"EntryPoint\",\"urlTemplate\":\"https:\/\/www.lavisqteam.fr\/?s={search_term_string}\"},\"query-input\":\"required name=search_term_string\"}],\"inLanguage\":\"fr-FR\"},{\"@type\":\"Organization\",\"@id\":\"https:\/\/www.lavisqteam.fr\/#organization\",\"name\":\"Lavisqteam.fr\",\"url\":\"https:\/\/www.lavisqteam.fr\/\",\"sameAs\":[],\"logo\":{\"@type\":\"ImageObject\",\"inLanguage\":\"fr-FR\",\"@id\":\"https:\/\/www.lavisqteam.fr\/#\/schema\/logo\/image\/\",\"url\":\"https:\/\/www.lavisqteam.fr\/wp-content\/uploads\/2020\/08\/cropped-80879545_3479261675449035_4078032831501041664_o-4.jpg\",\"contentUrl\":\"https:\/\/www.lavisqteam.fr\/wp-content\/uploads\/2020\/08\/cropped-80879545_3479261675449035_4078032831501041664_o-4.jpg\",\"width\":1674,\"height\":536,\"caption\":\"Lavisqteam.fr\"},\"image\":{\"@id\":\"https:\/\/www.lavisqteam.fr\/#\/schema\/logo\/image\/\"}},{\"@type\":\"Person\",\"@id\":\"https:\/\/www.lavisqteam.fr\/#\/schema\/person\/e2e3eb3cb179a4f0299403b29e235d24\",\"name\":\"Lildrille\",\"image\":{\"@type\":\"ImageObject\",\"inLanguage\":\"fr-FR\",\"@id\":\"https:\/\/www.lavisqteam.fr\/#\/schema\/person\/image\/\",\"url\":\"https:\/\/secure.gravatar.com\/avatar\/1fbe78d5f27ffb4f9c29619bd30c90db?s=96&d=mm&r=g\",\"contentUrl\":\"https:\/\/secure.gravatar.com\/avatar\/1fbe78d5f27ffb4f9c29619bd30c90db?s=96&d=mm&r=g\",\"caption\":\"Lildrille\"},\"description\":\"Passionn\u00e9e d\u2019imaginaire et d\u2019\u00e9vasion depuis longtemps, \u00e9crire et lire sont mes activit\u00e9s favorites. Dans un monde souvent sombre, m'\u00e9vader et fournir du r\u00eave sont mes objectifs. Suivez-moi en tant qu'auteure ici : https:\/\/www.2passions1dream.com\/. Et en tant que chroniqueuse aussi l\u00e0 : https:\/\/simplement.pro\/u\/Lildrille.\",\"sameAs\":[\"http:\/\/Lavisqteam.fr\",\"https:\/\/www.facebook.com\/chloe.garcia.351\",\"https:\/\/www.instagram.com\/chloe.garcia.artiste\/\",\"https:\/\/www.linkedin.com\/in\/garcia-chloe\/\"],\"url\":\"https:\/\/www.lavisqteam.fr\/?author=2\"}]}<\/script>\n<!-- \/ Yoast SEO plugin. -->","yoast_head_json":{"title":"La Fleur d'Attica - Valentin Auwercx - Lavisqteam.fr","robots":{"index":"index","follow":"follow","max-snippet":"max-snippet:-1","max-image-preview":"max-image-preview:large","max-video-preview":"max-video-preview:-1"},"canonical":"https:\/\/www.lavisqteam.fr\/?p=54867","og_locale":"fr_FR","og_type":"article","og_title":"La Fleur d'Attica - Valentin Auwercx - Lavisqteam.fr","og_description":"Auteur&nbsp;: Valentin Auwercx Editeur&nbsp;: Auto-\u00e9dition Genre&nbsp;: Science-Fiction R\u00e9sum\u00e9&nbsp;: En 2051, la surpopulation explose et le foss\u00e9 de l\u2019in\u00e9galit\u00e9 se creuse. La criminalit\u00e9 croissante devenant difficile &hellip;","og_url":"https:\/\/www.lavisqteam.fr\/?p=54867","og_site_name":"Lavisqteam.fr","article_author":"https:\/\/www.facebook.com\/chloe.garcia.351","article_published_time":"2021-03-21T01:15:34+00:00","article_modified_time":"2021-12-31T11:45:39+00:00","og_image":[{"width":727,"height":395,"url":"https:\/\/www.lavisqteam.fr\/wp-content\/uploads\/2021\/03\/fleur.jpg","type":"image\/jpeg"}],"author":"Lildrille","twitter_card":"summary_large_image","twitter_image":"https:\/\/www.lavisqteam.fr\/wp-content\/uploads\/2021\/03\/fleur.jpg","twitter_misc":{"\u00c9crit par":"Lildrille","Dur\u00e9e de lecture estim\u00e9e":"5 minutes"},"schema":{"@context":"https:\/\/schema.org","@graph":[{"@type":"Article","@id":"https:\/\/www.lavisqteam.fr\/?p=54867#article","isPartOf":{"@id":"https:\/\/www.lavisqteam.fr\/?p=54867"},"author":{"name":"Lildrille","@id":"https:\/\/www.lavisqteam.fr\/#\/schema\/person\/e2e3eb3cb179a4f0299403b29e235d24"},"headline":"La Fleur d&rsquo;Attica &#8211; Valentin Auwercx","datePublished":"2021-03-21T01:15:34+00:00","dateModified":"2021-12-31T11:45:39+00:00","mainEntityOfPage":{"@id":"https:\/\/www.lavisqteam.fr\/?p=54867"},"wordCount":984,"commentCount":0,"publisher":{"@id":"https:\/\/www.lavisqteam.fr\/#organization"},"articleSection":["Roman"],"inLanguage":"fr-FR","potentialAction":[{"@type":"CommentAction","name":"Comment","target":["https:\/\/www.lavisqteam.fr\/?p=54867#respond"]}]},{"@type":"WebPage","@id":"https:\/\/www.lavisqteam.fr\/?p=54867","url":"https:\/\/www.lavisqteam.fr\/?p=54867","name":"La Fleur d'Attica - Valentin Auwercx - Lavisqteam.fr","isPartOf":{"@id":"https:\/\/www.lavisqteam.fr\/#website"},"datePublished":"2021-03-21T01:15:34+00:00","dateModified":"2021-12-31T11:45:39+00:00","breadcrumb":{"@id":"https:\/\/www.lavisqteam.fr\/?p=54867#breadcrumb"},"inLanguage":"fr-FR","potentialAction":[{"@type":"ReadAction","target":["https:\/\/www.lavisqteam.fr\/?p=54867"]}]},{"@type":"BreadcrumbList","@id":"https:\/\/www.lavisqteam.fr\/?p=54867#breadcrumb","itemListElement":[{"@type":"ListItem","position":1,"name":"Accueil","item":"https:\/\/www.lavisqteam.fr\/"},{"@type":"ListItem","position":2,"name":"La Fleur d&rsquo;Attica &#8211; Valentin Auwercx"}]},{"@type":"WebSite","@id":"https:\/\/www.lavisqteam.fr\/#website","url":"https:\/\/www.lavisqteam.fr\/","name":"Lavisqteam.fr","description":"","publisher":{"@id":"https:\/\/www.lavisqteam.fr\/#organization"},"potentialAction":[{"@type":"SearchAction","target":{"@type":"EntryPoint","urlTemplate":"https:\/\/www.lavisqteam.fr\/?s={search_term_string}"},"query-input":"required name=search_term_string"}],"inLanguage":"fr-FR"},{"@type":"Organization","@id":"https:\/\/www.lavisqteam.fr\/#organization","name":"Lavisqteam.fr","url":"https:\/\/www.lavisqteam.fr\/","sameAs":[],"logo":{"@type":"ImageObject","inLanguage":"fr-FR","@id":"https:\/\/www.lavisqteam.fr\/#\/schema\/logo\/image\/","url":"https:\/\/www.lavisqteam.fr\/wp-content\/uploads\/2020\/08\/cropped-80879545_3479261675449035_4078032831501041664_o-4.jpg","contentUrl":"https:\/\/www.lavisqteam.fr\/wp-content\/uploads\/2020\/08\/cropped-80879545_3479261675449035_4078032831501041664_o-4.jpg","width":1674,"height":536,"caption":"Lavisqteam.fr"},"image":{"@id":"https:\/\/www.lavisqteam.fr\/#\/schema\/logo\/image\/"}},{"@type":"Person","@id":"https:\/\/www.lavisqteam.fr\/#\/schema\/person\/e2e3eb3cb179a4f0299403b29e235d24","name":"Lildrille","image":{"@type":"ImageObject","inLanguage":"fr-FR","@id":"https:\/\/www.lavisqteam.fr\/#\/schema\/person\/image\/","url":"https:\/\/secure.gravatar.com\/avatar\/1fbe78d5f27ffb4f9c29619bd30c90db?s=96&d=mm&r=g","contentUrl":"https:\/\/secure.gravatar.com\/avatar\/1fbe78d5f27ffb4f9c29619bd30c90db?s=96&d=mm&r=g","caption":"Lildrille"},"description":"Passionn\u00e9e d\u2019imaginaire et d\u2019\u00e9vasion depuis longtemps, \u00e9crire et lire sont mes activit\u00e9s favorites. Dans un monde souvent sombre, m'\u00e9vader et fournir du r\u00eave sont mes objectifs. Suivez-moi en tant qu'auteure ici : https:\/\/www.2passions1dream.com\/. Et en tant que chroniqueuse aussi l\u00e0 : https:\/\/simplement.pro\/u\/Lildrille.","sameAs":["http:\/\/Lavisqteam.fr","https:\/\/www.facebook.com\/chloe.garcia.351","https:\/\/www.instagram.com\/chloe.garcia.artiste\/","https:\/\/www.linkedin.com\/in\/garcia-chloe\/"],"url":"https:\/\/www.lavisqteam.fr\/?author=2"}]}},"jetpack_featured_media_url":"https:\/\/www.lavisqteam.fr\/wp-content\/uploads\/2021\/03\/fleur.jpg","_links":{"self":[{"href":"https:\/\/www.lavisqteam.fr\/index.php?rest_route=\/wp\/v2\/posts\/54867"}],"collection":[{"href":"https:\/\/www.lavisqteam.fr\/index.php?rest_route=\/wp\/v2\/posts"}],"about":[{"href":"https:\/\/www.lavisqteam.fr\/index.php?rest_route=\/wp\/v2\/types\/post"}],"author":[{"embeddable":true,"href":"https:\/\/www.lavisqteam.fr\/index.php?rest_route=\/wp\/v2\/users\/2"}],"replies":[{"embeddable":true,"href":"https:\/\/www.lavisqteam.fr\/index.php?rest_route=%2Fwp%2Fv2%2Fcomments&post=54867"}],"version-history":[{"count":3,"href":"https:\/\/www.lavisqteam.fr\/index.php?rest_route=\/wp\/v2\/posts\/54867\/revisions"}],"predecessor-version":[{"id":61096,"href":"https:\/\/www.lavisqteam.fr\/index.php?rest_route=\/wp\/v2\/posts\/54867\/revisions\/61096"}],"wp:featuredmedia":[{"embeddable":true,"href":"https:\/\/www.lavisqteam.fr\/index.php?rest_route=\/wp\/v2\/media\/54869"}],"wp:attachment":[{"href":"https:\/\/www.lavisqteam.fr\/index.php?rest_route=%2Fwp%2Fv2%2Fmedia&parent=54867"}],"wp:term":[{"taxonomy":"category","embeddable":true,"href":"https:\/\/www.lavisqteam.fr\/index.php?rest_route=%2Fwp%2Fv2%2Fcategories&post=54867"},{"taxonomy":"post_tag","embeddable":true,"href":"https:\/\/www.lavisqteam.fr\/index.php?rest_route=%2Fwp%2Fv2%2Ftags&post=54867"}],"curies":[{"name":"wp","href":"https:\/\/api.w.org\/{rel}","templated":true}]}}