{"id":54259,"date":"2021-02-21T19:32:32","date_gmt":"2021-02-21T19:32:32","guid":{"rendered":"http:\/\/www.lavisqteam.fr\/?p=54259"},"modified":"2021-02-21T19:32:34","modified_gmt":"2021-02-21T19:32:34","slug":"la-memoire-volee","status":"publish","type":"post","link":"https:\/\/www.lavisqteam.fr\/?p=54259","title":{"rendered":"La M\u00e9moire Vol\u00e9e"},"content":{"rendered":"\n<div class=\"wp-block-image\"><figure class=\"aligncenter size-large\"><a href=\"https:\/\/www.lavisqteam.fr\/wp-content\/uploads\/2021\/02\/140028877_426837162091247_4881983419823653646_n.jpg\"><img loading=\"lazy\" width=\"442\" height=\"626\" src=\"https:\/\/www.lavisqteam.fr\/wp-content\/uploads\/2021\/02\/140028877_426837162091247_4881983419823653646_n.jpg\" alt=\"\" class=\"wp-image-54260\" srcset=\"https:\/\/www.lavisqteam.fr\/wp-content\/uploads\/2021\/02\/140028877_426837162091247_4881983419823653646_n.jpg 442w, https:\/\/www.lavisqteam.fr\/wp-content\/uploads\/2021\/02\/140028877_426837162091247_4881983419823653646_n-212x300.jpg 212w\" sizes=\"(max-width: 442px) 100vw, 442px\" \/><\/a><\/figure><\/div>\n\n\n\n<p><strong>Titre Original&nbsp;: <\/strong>The Bumblebee Flies Anyway<\/p>\n\n\n\n<p><strong>De&nbsp;: <\/strong>Martin Duffy<\/p>\n\n\n\n<p><strong>Avec <\/strong>Elijah Wood, Janet Papparazzo, Janeane Garofalo, George O. Gore II<\/p>\n\n\n\n<p><strong>Ann\u00e9e&nbsp;: <\/strong>1999<\/p>\n\n\n\n<p><strong>Pays&nbsp;: <\/strong>Etats-Unis<\/p>\n\n\n\n<p><strong>Genre&nbsp;: <\/strong>Drame<\/p>\n\n\n\n<p><strong>R\u00e9sum\u00e9&nbsp;:<\/strong><\/p>\n\n\n\n<p>Barney Snow, un adolescent, se r\u00e9veille un matin dans un h\u00f4pital pour enfants en phase terminale de leur maladie. Mais, il ne se souvient pas pourquoi il est l\u00e0.<\/p>\n\n\n\n<p><strong>Avis&nbsp;:<\/strong><strong><\/strong><\/p>\n\n\n\n<p>Aujourd&rsquo;hui, on s&rsquo;aventure en Irlande, car on ne parle pas assez du cin\u00e9ma irlandais, terre qui a vu na\u00eetre des <em>Neil Jordan, Lenny Abrahamson, John Carney, Jim Sheridan <\/em>ou encore <em>Ciar\u00e1n Foy<\/em>. Dans les r\u00e9alisateurs inconnus de l&rsquo;\u00eele verte, on s&rsquo;arr\u00eate l&rsquo;espace d&rsquo;un film sur <em>Martin Duffy<\/em>, petit sc\u00e9nariste, producteur et r\u00e9alisateur irlandais, dont les \u0153uvres ont vraiment du mal \u00e0 arriver jusqu&rsquo;\u00e0 chez nous. D&rsquo;ailleurs, \u00e0 bien y regarder, \u00ab\u00a0<strong>La m\u00e9moire vol\u00e9e<\/strong>\u00ab\u00a0, film qu&rsquo;il a tourn\u00e9 en Am\u00e9rique, est le seul \u00e0 \u00eatre arriv\u00e9 chez nous et encore, il est arriv\u00e9 directement en DVD peu apr\u00e8s le carton du \u00ab\u00a0&#8230; <strong>Seigneur des anneaux<\/strong>\u00ab\u00a0.<\/p>\n\n\n\n<p>Ado, lorsque j&rsquo;ai d\u00e9couvert \u00ab\u00a0<strong>Le seigneur des anneaux<\/strong>\u00ab\u00a0, je dois dire que je me suis quelque peu passionn\u00e9 pour tous les acteurs du film, et un peu comme une \u00e9ponge, je n&rsquo;ai eu de cesse de d\u00e9couvrir les films dans lesquels ils s&rsquo;\u00e9taient illustr\u00e9s. Pour ce qui est du cas d&rsquo;<em>Elijah Wood<\/em>, c&rsquo;est un acteur que j&rsquo;aimais d\u00e9j\u00e0 avant le film de Peter Jackson (\u00ab\u00a0<strong>The Faculty<\/strong>\u00ab\u00a0, \u00ab\u00a0<strong>Deep Impact<\/strong>\u00a0\u00bb et \u00ab\u00a0<strong>Forever Young<\/strong>\u00ab\u00a0). Le carton de <em>Jackson<\/em> a donc donn\u00e9 l&rsquo;id\u00e9e \u00e0 des distributeurs de sortir certains des films des acteurs, et c&rsquo;est \u00e0 cette m\u00eame \u00e9poque que j&rsquo;avais d\u00e9couvert en VHS cette \u00ab\u00a0&#8230; <strong>m\u00e9moire vol\u00e9e<\/strong>\u00ab\u00a0. Lors de ma d\u00e9couverte, je dois bien avouer que le film fut l&rsquo;une de mes plus belles d\u00e9couvertes, mais qu&rsquo;en est-il aujourd&rsquo;hui ? Replonger dans un amour d&rsquo;adolescent est parfois complexe, tant la red\u00e9couverte peut ab\u00eemer les souvenirs et malgr\u00e9 cette histoire qui ne tient pas vraiment la route, je dois dire que le film de <em>Martin Duffy<\/em> reste un petit plaisir, offrant une histoire simple et touchante.<\/p>\n\n\n\n<div class=\"wp-block-image\"><figure class=\"aligncenter size-large is-resized\"><a href=\"https:\/\/www.lavisqteam.fr\/wp-content\/uploads\/2021\/02\/139263732_762879034322437_5494448199018231709_n.jpg\"><img src=\"https:\/\/www.lavisqteam.fr\/wp-content\/uploads\/2021\/02\/139263732_762879034322437_5494448199018231709_n-1024x592.jpg\" alt=\"\" class=\"wp-image-54262\" width=\"600\" srcset=\"https:\/\/www.lavisqteam.fr\/wp-content\/uploads\/2021\/02\/139263732_762879034322437_5494448199018231709_n-1024x592.jpg 1024w, https:\/\/www.lavisqteam.fr\/wp-content\/uploads\/2021\/02\/139263732_762879034322437_5494448199018231709_n-300x173.jpg 300w, https:\/\/www.lavisqteam.fr\/wp-content\/uploads\/2021\/02\/139263732_762879034322437_5494448199018231709_n-768x444.jpg 768w, https:\/\/www.lavisqteam.fr\/wp-content\/uploads\/2021\/02\/139263732_762879034322437_5494448199018231709_n.jpg 1280w\" sizes=\"(max-width: 1024px) 100vw, 1024px\" \/><\/a><\/figure><\/div>\n\n\n\n<p>Barney Snow est un adolescent qui a perdu la m\u00e9moire \u00e0 la suite d&rsquo;un accident de voiture. Faisant partie d&rsquo;une exp\u00e9rience qui pourrait s\u00fbrement aider beaucoup de patients dans son cas, Barney est alors plac\u00e9 dans un h\u00f4pital pour enfant et adolescent en phase terminale de maladie incurable. Barney est le seul patient dont les jours ne sont pas en danger, et entre deux examens proc\u00e9d\u00e9s par un grand professeur, Barney a une r\u00e8gle \u00e0 respecter, il ne doit pas s&rsquo;accrocher aux autres patients&#8230;<\/p>\n\n\n\n<p>Deuxi\u00e8me film pour <em>Martin Duffy<\/em>, \u00ab\u00a0<strong>La m\u00e9moire vol\u00e9e<\/strong>\u00a0\u00bb est un film assez atypique. Joli drame, le r\u00e9alisateur irlandais s&rsquo;est aventur\u00e9 dans un film qui a une id\u00e9e qui est int\u00e9ressante. Une id\u00e9e qui paradoxalement ne tient pas vraiment la route, mais cette derni\u00e8re a le m\u00e9rite de poser de bonnes questions, et d&rsquo;\u00eatre assez originale pour le coup. \u00ab\u00a0<strong>La m\u00e9moire vol\u00e9e<\/strong>\u00ab\u00a0, c&rsquo;est un film qui question la m\u00e9moire et comment cette derni\u00e8re peut ou non influer sur le corps. Pla\u00e7ant son intrigue dans un h\u00f4pital pour enfants et adolescents en fin de vie, \u00ab\u00a0<strong>La m\u00e9moire vol\u00e9e<\/strong>\u00a0\u00bb est un film qui va s&rsquo;aventurer dans plusieurs styles, passant tour \u00e0 tour du drame \u00e0 la romance, ou encore au film \u00e0 suspense, ou du moins \u00e0 interrogations, car le sc\u00e9nario pose pas mal de questions et installe un myst\u00e8re. Un myst\u00e8re qui peut \u00eatre int\u00e9ressant, m\u00eame si, comme je le disais, certaines des r\u00e9ponses que l&rsquo;intrigue apportera, malgr\u00e9 toutes les convictions du monde, auront bien du mal \u00e0 se faire convaincante.<\/p>\n\n\n\n<p>Dans un autre paradoxe, malgr\u00e9 cette histoire qui a du mal \u00e0 tenir la route, le film de <em>Martin Duffy <\/em>demeure un film assez sympathique \u00e0 d\u00e9couvrir. Un film qui se fait m\u00eame touchant. Derri\u00e8re quelques invraisemblances, \u00ab\u00a0<strong>La m\u00e9moire vol\u00e9e<\/strong>\u00a0\u00bb a une bonne id\u00e9e et le r\u00e9alisateur pose de bonnes questions. \u00c0 travers son film, <em>Martin Duffy<\/em> explore la maladie, l&rsquo;espoir, l&rsquo;amour des autres, l&rsquo;acceptation de la fin de vie, l&rsquo;injustice ressentie, ou encore la manipulation psychologique, mais on en d\u00e9voilera pas trop de ce c\u00f4t\u00e9-l\u00e0, pour garder un peu de surprise (m\u00eame si tr\u00e8s vite un doute s&rsquo;impose).<\/p>\n\n\n\n<p>Si \u00ab\u00a0<strong>La m\u00e9moire vol\u00e9e<\/strong>\u00a0\u00bb est joliment touchant, <em>Martin Duffy<\/em> n&rsquo;est pas un grand r\u00e9alisateur pour autant et son film est truff\u00e9 de petits d\u00e9fauts. Si le metteur en sc\u00e8ne impose un joli rythme, qui fait qu&rsquo;en ne s&rsquo;ennuie aucunement, s\u2019il arrive \u00e0 offrir des \u00e9motions, on restera d\u00e9\u00e7u que son film ne soit pas non plus bouleversant, alors que son histoire le demande. La r\u00e9alisation de <em>Duffy<\/em> a parfois de jolies envol\u00e9es, mais elle est aussi d&rsquo;un autre c\u00f4t\u00e9 tr\u00e8s basique, penchant m\u00eame du c\u00f4t\u00e9 du t\u00e9l\u00e9film, plus que du film de cin\u00e9ma. On notera aussi que le film se cherche, parfois n&rsquo;osant pas vraiment aller dans le drame. On a l&rsquo;impression que bien souvent, <em>Martin Duffy<\/em> reste tr\u00e8s en surface, ce qui est dommage, car \u00ab\u00a0<strong>La m\u00e9moire vol\u00e9e<\/strong>\u00a0\u00bb \u00e9tant d\u00e9j\u00e0 touchant, on imagine ce qu&rsquo;il aurait pu \u00eatre si le r\u00e9alisateur y \u00e9tait all\u00e9 encore un peu plus.<\/p>\n\n\n\n<p>Entre d\u00e9fauts et qualit\u00e9s, le c\u0153ur de \u00ab\u00a0<strong>La m\u00e9moire vol\u00e9e<\/strong>\u00ab\u00a0, ce qui fait que malgr\u00e9 cette histoire peu plausible le film arrive \u00e0 \u00eatre sympathique et touchant, c&rsquo;est son casting. <em>Martin Duffy<\/em> s&rsquo;est entour\u00e9 de jeunes com\u00e9diens qui sont excellents. Si du c\u00f4t\u00e9 des adultes, le film passera quelque peu dessus d&rsquo;eux, on sera touch\u00e9 par <em>Georges O. Gore II<\/em> ou <em>Rachael Leigh Cook,<\/em> mais clairement, c&rsquo;est bien <em>Elijah Wood<\/em> en jeune paum\u00e9 \u00e0 la recherche de son pass\u00e9 et <em>Joe Perrino<\/em> en jeune homme sur la fin, qui tiennent le film sur leurs \u00e9paules.<\/p>\n\n\n\n<div class=\"wp-block-image\"><figure class=\"aligncenter size-large is-resized\"><a href=\"https:\/\/www.lavisqteam.fr\/wp-content\/uploads\/2021\/02\/139857988_239343774310742_2585697643294220965_n.jpg\"><img src=\"https:\/\/www.lavisqteam.fr\/wp-content\/uploads\/2021\/02\/139857988_239343774310742_2585697643294220965_n-1024x576.jpg\" alt=\"\" class=\"wp-image-54261\" width=\"600\" srcset=\"https:\/\/www.lavisqteam.fr\/wp-content\/uploads\/2021\/02\/139857988_239343774310742_2585697643294220965_n-1024x576.jpg 1024w, https:\/\/www.lavisqteam.fr\/wp-content\/uploads\/2021\/02\/139857988_239343774310742_2585697643294220965_n-300x169.jpg 300w, https:\/\/www.lavisqteam.fr\/wp-content\/uploads\/2021\/02\/139857988_239343774310742_2585697643294220965_n-768x432.jpg 768w, https:\/\/www.lavisqteam.fr\/wp-content\/uploads\/2021\/02\/139857988_239343774310742_2585697643294220965_n.jpg 1280w\" sizes=\"(max-width: 1024px) 100vw, 1024px\" \/><\/a><\/figure><\/div>\n\n\n\n<p>Petit film inconnu, \u00ab\u00a0<strong>La m\u00e9moire vol\u00e9e<\/strong>\u00a0\u00bb est un film qui ne tient pas vraiment la route, et qui est au-del\u00e0 de \u00e7a, bourr\u00e9 de petits d\u00e9fauts, et pourtant, malgr\u00e9 tout ceci, je ne peux m&#8217;emp\u00eacher d&rsquo;aimer ce film et de passer un bon et beau moment devant. <em>Martin Duffy<\/em> a l&rsquo;id\u00e9e int\u00e9ressante, et m\u00eame si elle ne tient pas vraiment debout, pose pas mal de r\u00e9flexions et au-del\u00e0 de \u00e7a, je ne peux m&#8217;emp\u00eacher d&rsquo;\u00eatre touch\u00e9 par cette histoire. Par cons\u00e9quent, je ne regrette pas de m&rsquo;y \u00eatre arr\u00eat\u00e9 de nouveau, m\u00eame si le souvenir \u00e9tait plus beau.<\/p>\n\n\n\n<p><strong>Note\u00a0: 11\/20<\/strong><\/p>\n\n\n\n<figure class=\"wp-block-embed is-type-video is-provider-youtube wp-block-embed-youtube wp-embed-aspect-4-3 wp-has-aspect-ratio\"><div class=\"wp-block-embed__wrapper\">\n<iframe loading=\"lazy\" title=\"The Bumblebee Flies Anyway (1999) Trailer\" width=\"1200\" height=\"900\" src=\"https:\/\/www.youtube.com\/embed\/YtlrJlJY4Hw?feature=oembed\" frameborder=\"0\" allow=\"accelerometer; autoplay; clipboard-write; encrypted-media; gyroscope; picture-in-picture\" allowfullscreen><\/iframe>\n<\/div><\/figure>\n\n\n\n<p class=\"has-text-align-right\">Par <strong>Cin\u00e9ted<\/strong><\/p>\n","protected":false},"excerpt":{"rendered":"<p>Titre Original&nbsp;: The Bumblebee Flies Anyway De&nbsp;: Martin Duffy Avec Elijah Wood, Janet Papparazzo, Janeane Garofalo, George O. Gore II Ann\u00e9e&nbsp;: 1999 Pays&nbsp;: Etats-Unis Genre&nbsp;: &hellip; <\/p>\n","protected":false},"author":4,"featured_media":54263,"comment_status":"open","ping_status":"open","sticky":false,"template":"","format":"standard","meta":[],"categories":[7],"tags":[],"yoast_head":"<!-- This site is optimized with the Yoast SEO plugin v19.6.1 - https:\/\/yoast.com\/wordpress\/plugins\/seo\/ -->\n<title>La M\u00e9moire Vol\u00e9e - Lavisqteam.fr<\/title>\n<meta name=\"robots\" content=\"index, follow, max-snippet:-1, max-image-preview:large, max-video-preview:-1\" \/>\n<link rel=\"canonical\" href=\"https:\/\/www.lavisqteam.fr\/?p=54259\" \/>\n<meta property=\"og:locale\" content=\"fr_FR\" \/>\n<meta property=\"og:type\" content=\"article\" \/>\n<meta property=\"og:title\" content=\"La M\u00e9moire Vol\u00e9e - Lavisqteam.fr\" \/>\n<meta property=\"og:description\" content=\"Titre Original&nbsp;: The Bumblebee Flies Anyway De&nbsp;: Martin Duffy Avec Elijah Wood, Janet Papparazzo, Janeane Garofalo, George O. Gore II Ann\u00e9e&nbsp;: 1999 Pays&nbsp;: Etats-Unis Genre&nbsp;: &hellip;\" \/>\n<meta property=\"og:url\" content=\"https:\/\/www.lavisqteam.fr\/?p=54259\" \/>\n<meta property=\"og:site_name\" content=\"Lavisqteam.fr\" \/>\n<meta property=\"article:published_time\" content=\"2021-02-21T19:32:32+00:00\" \/>\n<meta property=\"article:modified_time\" content=\"2021-02-21T19:32:34+00:00\" \/>\n<meta property=\"og:image\" content=\"https:\/\/www.lavisqteam.fr\/wp-content\/uploads\/2021\/02\/memo.jpg\" \/>\n\t<meta property=\"og:image:width\" content=\"727\" \/>\n\t<meta property=\"og:image:height\" content=\"395\" \/>\n\t<meta property=\"og:image:type\" content=\"image\/jpeg\" \/>\n<meta name=\"author\" content=\"Cineted\" \/>\n<meta name=\"twitter:card\" content=\"summary_large_image\" \/>\n<meta name=\"twitter:image\" content=\"https:\/\/www.lavisqteam.fr\/wp-content\/uploads\/2021\/02\/memo.jpg\" \/>\n<meta name=\"twitter:label1\" content=\"\u00c9crit par\" \/>\n\t<meta name=\"twitter:data1\" content=\"Cineted\" \/>\n\t<meta name=\"twitter:label2\" content=\"Dur\u00e9e de lecture estim\u00e9e\" \/>\n\t<meta name=\"twitter:data2\" content=\"6 minutes\" \/>\n<script type=\"application\/ld+json\" class=\"yoast-schema-graph\">{\"@context\":\"https:\/\/schema.org\",\"@graph\":[{\"@type\":\"Article\",\"@id\":\"https:\/\/www.lavisqteam.fr\/?p=54259#article\",\"isPartOf\":{\"@id\":\"https:\/\/www.lavisqteam.fr\/?p=54259\"},\"author\":{\"name\":\"Cineted\",\"@id\":\"https:\/\/www.lavisqteam.fr\/#\/schema\/person\/4ed7295b68bc3daae9094db5f1f9f913\"},\"headline\":\"La M\u00e9moire Vol\u00e9e\",\"datePublished\":\"2021-02-21T19:32:32+00:00\",\"dateModified\":\"2021-02-21T19:32:34+00:00\",\"mainEntityOfPage\":{\"@id\":\"https:\/\/www.lavisqteam.fr\/?p=54259\"},\"wordCount\":1143,\"commentCount\":0,\"publisher\":{\"@id\":\"https:\/\/www.lavisqteam.fr\/#organization\"},\"articleSection\":[\"Cin\u00e9ma\"],\"inLanguage\":\"fr-FR\",\"potentialAction\":[{\"@type\":\"CommentAction\",\"name\":\"Comment\",\"target\":[\"https:\/\/www.lavisqteam.fr\/?p=54259#respond\"]}]},{\"@type\":\"WebPage\",\"@id\":\"https:\/\/www.lavisqteam.fr\/?p=54259\",\"url\":\"https:\/\/www.lavisqteam.fr\/?p=54259\",\"name\":\"La M\u00e9moire Vol\u00e9e - Lavisqteam.fr\",\"isPartOf\":{\"@id\":\"https:\/\/www.lavisqteam.fr\/#website\"},\"datePublished\":\"2021-02-21T19:32:32+00:00\",\"dateModified\":\"2021-02-21T19:32:34+00:00\",\"breadcrumb\":{\"@id\":\"https:\/\/www.lavisqteam.fr\/?p=54259#breadcrumb\"},\"inLanguage\":\"fr-FR\",\"potentialAction\":[{\"@type\":\"ReadAction\",\"target\":[\"https:\/\/www.lavisqteam.fr\/?p=54259\"]}]},{\"@type\":\"BreadcrumbList\",\"@id\":\"https:\/\/www.lavisqteam.fr\/?p=54259#breadcrumb\",\"itemListElement\":[{\"@type\":\"ListItem\",\"position\":1,\"name\":\"Accueil\",\"item\":\"https:\/\/www.lavisqteam.fr\/\"},{\"@type\":\"ListItem\",\"position\":2,\"name\":\"La M\u00e9moire Vol\u00e9e\"}]},{\"@type\":\"WebSite\",\"@id\":\"https:\/\/www.lavisqteam.fr\/#website\",\"url\":\"https:\/\/www.lavisqteam.fr\/\",\"name\":\"Lavisqteam.fr\",\"description\":\"\",\"publisher\":{\"@id\":\"https:\/\/www.lavisqteam.fr\/#organization\"},\"potentialAction\":[{\"@type\":\"SearchAction\",\"target\":{\"@type\":\"EntryPoint\",\"urlTemplate\":\"https:\/\/www.lavisqteam.fr\/?s={search_term_string}\"},\"query-input\":\"required name=search_term_string\"}],\"inLanguage\":\"fr-FR\"},{\"@type\":\"Organization\",\"@id\":\"https:\/\/www.lavisqteam.fr\/#organization\",\"name\":\"Lavisqteam.fr\",\"url\":\"https:\/\/www.lavisqteam.fr\/\",\"sameAs\":[],\"logo\":{\"@type\":\"ImageObject\",\"inLanguage\":\"fr-FR\",\"@id\":\"https:\/\/www.lavisqteam.fr\/#\/schema\/logo\/image\/\",\"url\":\"https:\/\/www.lavisqteam.fr\/wp-content\/uploads\/2020\/08\/cropped-80879545_3479261675449035_4078032831501041664_o-4.jpg\",\"contentUrl\":\"https:\/\/www.lavisqteam.fr\/wp-content\/uploads\/2020\/08\/cropped-80879545_3479261675449035_4078032831501041664_o-4.jpg\",\"width\":1674,\"height\":536,\"caption\":\"Lavisqteam.fr\"},\"image\":{\"@id\":\"https:\/\/www.lavisqteam.fr\/#\/schema\/logo\/image\/\"}},{\"@type\":\"Person\",\"@id\":\"https:\/\/www.lavisqteam.fr\/#\/schema\/person\/4ed7295b68bc3daae9094db5f1f9f913\",\"name\":\"Cineted\",\"image\":{\"@type\":\"ImageObject\",\"inLanguage\":\"fr-FR\",\"@id\":\"https:\/\/www.lavisqteam.fr\/#\/schema\/person\/image\/\",\"url\":\"https:\/\/secure.gravatar.com\/avatar\/2d66d0012368c91013200ba69885bddd?s=96&d=mm&r=g\",\"contentUrl\":\"https:\/\/secure.gravatar.com\/avatar\/2d66d0012368c91013200ba69885bddd?s=96&d=mm&r=g\",\"caption\":\"Cineted\"},\"url\":\"https:\/\/www.lavisqteam.fr\/?author=4\"}]}<\/script>\n<!-- \/ Yoast SEO plugin. -->","yoast_head_json":{"title":"La M\u00e9moire Vol\u00e9e - Lavisqteam.fr","robots":{"index":"index","follow":"follow","max-snippet":"max-snippet:-1","max-image-preview":"max-image-preview:large","max-video-preview":"max-video-preview:-1"},"canonical":"https:\/\/www.lavisqteam.fr\/?p=54259","og_locale":"fr_FR","og_type":"article","og_title":"La M\u00e9moire Vol\u00e9e - Lavisqteam.fr","og_description":"Titre Original&nbsp;: The Bumblebee Flies Anyway De&nbsp;: Martin Duffy Avec Elijah Wood, Janet Papparazzo, Janeane Garofalo, George O. Gore II Ann\u00e9e&nbsp;: 1999 Pays&nbsp;: Etats-Unis Genre&nbsp;: &hellip;","og_url":"https:\/\/www.lavisqteam.fr\/?p=54259","og_site_name":"Lavisqteam.fr","article_published_time":"2021-02-21T19:32:32+00:00","article_modified_time":"2021-02-21T19:32:34+00:00","og_image":[{"width":727,"height":395,"url":"https:\/\/www.lavisqteam.fr\/wp-content\/uploads\/2021\/02\/memo.jpg","type":"image\/jpeg"}],"author":"Cineted","twitter_card":"summary_large_image","twitter_image":"https:\/\/www.lavisqteam.fr\/wp-content\/uploads\/2021\/02\/memo.jpg","twitter_misc":{"\u00c9crit par":"Cineted","Dur\u00e9e de lecture estim\u00e9e":"6 minutes"},"schema":{"@context":"https:\/\/schema.org","@graph":[{"@type":"Article","@id":"https:\/\/www.lavisqteam.fr\/?p=54259#article","isPartOf":{"@id":"https:\/\/www.lavisqteam.fr\/?p=54259"},"author":{"name":"Cineted","@id":"https:\/\/www.lavisqteam.fr\/#\/schema\/person\/4ed7295b68bc3daae9094db5f1f9f913"},"headline":"La M\u00e9moire Vol\u00e9e","datePublished":"2021-02-21T19:32:32+00:00","dateModified":"2021-02-21T19:32:34+00:00","mainEntityOfPage":{"@id":"https:\/\/www.lavisqteam.fr\/?p=54259"},"wordCount":1143,"commentCount":0,"publisher":{"@id":"https:\/\/www.lavisqteam.fr\/#organization"},"articleSection":["Cin\u00e9ma"],"inLanguage":"fr-FR","potentialAction":[{"@type":"CommentAction","name":"Comment","target":["https:\/\/www.lavisqteam.fr\/?p=54259#respond"]}]},{"@type":"WebPage","@id":"https:\/\/www.lavisqteam.fr\/?p=54259","url":"https:\/\/www.lavisqteam.fr\/?p=54259","name":"La M\u00e9moire Vol\u00e9e - Lavisqteam.fr","isPartOf":{"@id":"https:\/\/www.lavisqteam.fr\/#website"},"datePublished":"2021-02-21T19:32:32+00:00","dateModified":"2021-02-21T19:32:34+00:00","breadcrumb":{"@id":"https:\/\/www.lavisqteam.fr\/?p=54259#breadcrumb"},"inLanguage":"fr-FR","potentialAction":[{"@type":"ReadAction","target":["https:\/\/www.lavisqteam.fr\/?p=54259"]}]},{"@type":"BreadcrumbList","@id":"https:\/\/www.lavisqteam.fr\/?p=54259#breadcrumb","itemListElement":[{"@type":"ListItem","position":1,"name":"Accueil","item":"https:\/\/www.lavisqteam.fr\/"},{"@type":"ListItem","position":2,"name":"La M\u00e9moire Vol\u00e9e"}]},{"@type":"WebSite","@id":"https:\/\/www.lavisqteam.fr\/#website","url":"https:\/\/www.lavisqteam.fr\/","name":"Lavisqteam.fr","description":"","publisher":{"@id":"https:\/\/www.lavisqteam.fr\/#organization"},"potentialAction":[{"@type":"SearchAction","target":{"@type":"EntryPoint","urlTemplate":"https:\/\/www.lavisqteam.fr\/?s={search_term_string}"},"query-input":"required name=search_term_string"}],"inLanguage":"fr-FR"},{"@type":"Organization","@id":"https:\/\/www.lavisqteam.fr\/#organization","name":"Lavisqteam.fr","url":"https:\/\/www.lavisqteam.fr\/","sameAs":[],"logo":{"@type":"ImageObject","inLanguage":"fr-FR","@id":"https:\/\/www.lavisqteam.fr\/#\/schema\/logo\/image\/","url":"https:\/\/www.lavisqteam.fr\/wp-content\/uploads\/2020\/08\/cropped-80879545_3479261675449035_4078032831501041664_o-4.jpg","contentUrl":"https:\/\/www.lavisqteam.fr\/wp-content\/uploads\/2020\/08\/cropped-80879545_3479261675449035_4078032831501041664_o-4.jpg","width":1674,"height":536,"caption":"Lavisqteam.fr"},"image":{"@id":"https:\/\/www.lavisqteam.fr\/#\/schema\/logo\/image\/"}},{"@type":"Person","@id":"https:\/\/www.lavisqteam.fr\/#\/schema\/person\/4ed7295b68bc3daae9094db5f1f9f913","name":"Cineted","image":{"@type":"ImageObject","inLanguage":"fr-FR","@id":"https:\/\/www.lavisqteam.fr\/#\/schema\/person\/image\/","url":"https:\/\/secure.gravatar.com\/avatar\/2d66d0012368c91013200ba69885bddd?s=96&d=mm&r=g","contentUrl":"https:\/\/secure.gravatar.com\/avatar\/2d66d0012368c91013200ba69885bddd?s=96&d=mm&r=g","caption":"Cineted"},"url":"https:\/\/www.lavisqteam.fr\/?author=4"}]}},"jetpack_featured_media_url":"https:\/\/www.lavisqteam.fr\/wp-content\/uploads\/2021\/02\/memo.jpg","_links":{"self":[{"href":"https:\/\/www.lavisqteam.fr\/index.php?rest_route=\/wp\/v2\/posts\/54259"}],"collection":[{"href":"https:\/\/www.lavisqteam.fr\/index.php?rest_route=\/wp\/v2\/posts"}],"about":[{"href":"https:\/\/www.lavisqteam.fr\/index.php?rest_route=\/wp\/v2\/types\/post"}],"author":[{"embeddable":true,"href":"https:\/\/www.lavisqteam.fr\/index.php?rest_route=\/wp\/v2\/users\/4"}],"replies":[{"embeddable":true,"href":"https:\/\/www.lavisqteam.fr\/index.php?rest_route=%2Fwp%2Fv2%2Fcomments&post=54259"}],"version-history":[{"count":1,"href":"https:\/\/www.lavisqteam.fr\/index.php?rest_route=\/wp\/v2\/posts\/54259\/revisions"}],"predecessor-version":[{"id":54264,"href":"https:\/\/www.lavisqteam.fr\/index.php?rest_route=\/wp\/v2\/posts\/54259\/revisions\/54264"}],"wp:featuredmedia":[{"embeddable":true,"href":"https:\/\/www.lavisqteam.fr\/index.php?rest_route=\/wp\/v2\/media\/54263"}],"wp:attachment":[{"href":"https:\/\/www.lavisqteam.fr\/index.php?rest_route=%2Fwp%2Fv2%2Fmedia&parent=54259"}],"wp:term":[{"taxonomy":"category","embeddable":true,"href":"https:\/\/www.lavisqteam.fr\/index.php?rest_route=%2Fwp%2Fv2%2Fcategories&post=54259"},{"taxonomy":"post_tag","embeddable":true,"href":"https:\/\/www.lavisqteam.fr\/index.php?rest_route=%2Fwp%2Fv2%2Ftags&post=54259"}],"curies":[{"name":"wp","href":"https:\/\/api.w.org\/{rel}","templated":true}]}}