{"id":54246,"date":"2021-02-21T19:22:17","date_gmt":"2021-02-21T19:22:17","guid":{"rendered":"http:\/\/www.lavisqteam.fr\/?p=54246"},"modified":"2021-02-21T19:22:19","modified_gmt":"2021-02-21T19:22:19","slug":"la-crime","status":"publish","type":"post","link":"https:\/\/www.lavisqteam.fr\/?p=54246","title":{"rendered":"La Crime"},"content":{"rendered":"\n<div class=\"wp-block-image\"><figure class=\"aligncenter size-large\"><a href=\"https:\/\/www.lavisqteam.fr\/wp-content\/uploads\/2021\/02\/133354721_136630828136245_6910289013728078221_n.jpg\"><img loading=\"lazy\" width=\"540\" height=\"720\" src=\"https:\/\/www.lavisqteam.fr\/wp-content\/uploads\/2021\/02\/133354721_136630828136245_6910289013728078221_n.jpg\" alt=\"\" class=\"wp-image-54247\" srcset=\"https:\/\/www.lavisqteam.fr\/wp-content\/uploads\/2021\/02\/133354721_136630828136245_6910289013728078221_n.jpg 540w, https:\/\/www.lavisqteam.fr\/wp-content\/uploads\/2021\/02\/133354721_136630828136245_6910289013728078221_n-225x300.jpg 225w\" sizes=\"(max-width: 540px) 100vw, 540px\" \/><\/a><\/figure><\/div>\n\n\n\n<p><strong>De&nbsp;: <\/strong>Philippe Labro<\/p>\n\n\n\n<p><strong>Avec <\/strong>Claude Brasseur, Gabrielle Lazure, Jean-Claude Brialy, Robert Hirsch<\/p>\n\n\n\n<p><strong>Ann\u00e9e&nbsp;: <\/strong>1983<\/p>\n\n\n\n<p><strong>Pays&nbsp;: <\/strong>France<\/p>\n\n\n\n<p><strong>Genre&nbsp;: <\/strong>Policier<\/p>\n\n\n\n<p><strong>R\u00e9sum\u00e9&nbsp;:<\/strong><\/p>\n\n\n\n<p>Un c\u00e9l\u00e8bre avocat d&rsquo;affaires est abattu en plein Palais de justice. Le commissaire Griffon, v\u00e9ritable t\u00eate br\u00fbl\u00e9e de la Brigade criminelle, est charg\u00e9 de l&rsquo;enqu\u00eate, plac\u00e9 sous la surveillance d&rsquo;un ancien coll\u00e8gue et rival, Jean-Fran\u00e7ois Rambert, de la police des polices. Avec l&rsquo;aide d&rsquo;une s\u00e9duisante journaliste, Griffon devra enqu\u00eater dans les hautes sph\u00e8res de l&rsquo;Etat et se battre pour mettre \u00e0 jour un complot impliquant un ministre et un puissant homme d&rsquo;affaires.<\/p>\n\n\n\n<p><strong>Avis&nbsp;:<\/strong><\/p>\n\n\n\n<p>Tr\u00e8s grand Monsieur, <em>Philippe Labro<\/em> est de ceux qu&rsquo;on qualifie de touche \u00e0 tout. Journaliste, \u00e9crivain, homme de radio, homme de t\u00e9l\u00e9, parolier, auteur de chansons, sc\u00e9nariste, producteur, il est l&rsquo;un de ceux qui ont lanc\u00e9 la cha\u00eene C8 et bien s\u00fbr, et c&rsquo;est ce qui va nous int\u00e9resser, il est aussi r\u00e9alisateur. Un r\u00e9alisateur qui a assez peu tourn\u00e9, puisque il a tourn\u00e9 sept films sur seize ans et il n&rsquo;a plus pris une cam\u00e9ra depuis 1984.<\/p>\n\n\n\n<p>Avant dernier film de <em>Philippe Labro<\/em>, \u00ab\u00a0<strong>La crime<\/strong>\u00a0\u00bb a trouv\u00e9 un tr\u00e8s beau succ\u00e8s au moment de sa sortie en salle. Quelque peu oubli\u00e9 aujourd&rsquo;hui, avec l&rsquo;annonce du d\u00e9c\u00e8s de l&rsquo;immense <em>Claude Brasseur<\/em>, j&rsquo;ai eu l&rsquo;envie de d\u00e9couvrir, ou red\u00e9couvrir certains des films dans lesquels le com\u00e9dien s&rsquo;est illustr\u00e9. Mais je n&rsquo;avais pas l&rsquo;envie de voir ceux qu&rsquo;on aurait envie de citer d&#8217;embl\u00e9e quand on pense \u00e0 <em>Claude Brasseur<\/em> (\u00ab\u00a0<strong>Un \u00e9l\u00e9phant \u00e7a trompe \u00e9norm\u00e9ment<\/strong>\u00ab\u00a0, \u00ab\u00a0<strong>La Boum<\/strong>\u00ab\u00a0, \u00ab\u00a0<strong>Camping<\/strong>\u00ab\u00a0, \u00ab\u00a0<strong>L\u00e9gitime D\u00e9fense<\/strong>\u00ab\u00a0), non, j&rsquo;avais envie de partir autre part et j&rsquo;ai donc cherch\u00e9 ce que j&rsquo;avais chez moi et direct, j&rsquo;ai pens\u00e9 \u00e0 cette \u00a0\u00bb &#8230; <strong>crime<\/strong>\u00ab\u00a0. Quoi de mieux qu&rsquo;un petit polar pour habiller une soir\u00e9e ? Et je ne me suis pris pas tromp\u00e9, car s\u2019il faut bien dire que le film de <em>Philippe Labro<\/em> a pris un petit coup de vieux, il demeure encore un redoutable polar, efficace comme il le faut, et bourr\u00e9 d&rsquo;id\u00e9es de mise en sc\u00e8ne, et \u00e7a, d\u00e8s son excellente sc\u00e8ne d&rsquo;ouverture.<\/p>\n\n\n\n<div class=\"wp-block-image\"><figure class=\"aligncenter size-large is-resized\"><a href=\"https:\/\/www.lavisqteam.fr\/wp-content\/uploads\/2021\/02\/133343471_411115523340834_7093409908538700436_n.jpg\"><img src=\"https:\/\/www.lavisqteam.fr\/wp-content\/uploads\/2021\/02\/133343471_411115523340834_7093409908538700436_n-1024x678.jpg\" alt=\"\" class=\"wp-image-54249\" width=\"600\" srcset=\"https:\/\/www.lavisqteam.fr\/wp-content\/uploads\/2021\/02\/133343471_411115523340834_7093409908538700436_n-1024x678.jpg 1024w, https:\/\/www.lavisqteam.fr\/wp-content\/uploads\/2021\/02\/133343471_411115523340834_7093409908538700436_n-300x199.jpg 300w, https:\/\/www.lavisqteam.fr\/wp-content\/uploads\/2021\/02\/133343471_411115523340834_7093409908538700436_n-768x509.jpg 768w, https:\/\/www.lavisqteam.fr\/wp-content\/uploads\/2021\/02\/133343471_411115523340834_7093409908538700436_n.jpg 1200w\" sizes=\"(max-width: 1024px) 100vw, 1024px\" \/><\/a><\/figure><\/div>\n\n\n\n<p>Palais de Justice de Paris, un matin comme un autre. Deux gendarmes font irruption dans le bureau de Ma\u00eetre D&rsquo;Alins et l&rsquo;abattent froidement. Une enqu\u00eate est ouverte pour r\u00e9soudre ce meurtre et c&rsquo;est le commissaire Martin Griffon qui en est en charge. Griffon est un \u00e9lectron libre et pour le \u00ab\u00a0canaliser\u00a0\u00bb, on lui met au-dessus de lui un contr\u00f4leur. Tr\u00e8s vite, Griffon va d\u00e9couvrir que cette ex\u00e9cution touche les hautes sph\u00e8res de l&rsquo;administration fran\u00e7aise.<\/p>\n\n\n\n<p>Envie d&rsquo;un bon polar r\u00e9tro ? Alors \u00ab\u00a0<strong>La crime<\/strong>\u00a0\u00bb a de quoi vous servir. Polar pur et dur, \u00ab\u00a0<strong>La crime<\/strong>\u00a0\u00bb est le genre de film que le temps a ab\u00eem\u00e9 et en m\u00eame temps, qui lui a donn\u00e9 un charme certain, une saveur qui s&rsquo;\u00e9chappe des ann\u00e9es 80, qui fait que personnellement, je suis presque d&#8217;embl\u00e9e tomb\u00e9 sous son charme.<\/p>\n\n\n\n<p>Ave ce film, <em>Philippe Labro<\/em> fait dans le tr\u00e8s classique du point de vue de son intrigue. On ne peut pas dire que \u00ab\u00a0<strong>La crime<\/strong>\u00a0\u00bb soit habill\u00e9 d&rsquo;un sc\u00e9nario incroyable. Le tout est assez convenu, dans le sens o\u00f9 pas mal d&rsquo;\u00e9l\u00e9ments vont \u00eatre pr\u00e9visibles, et au-del\u00e0 de \u00e7a, il y aurait m\u00eame certains traits de caract\u00e8re des personnages qui seront presque des clich\u00e9s in\u00e9vitables de ce genre de film. Il faudra aussi noter quelques petites incoh\u00e9rences dans son sc\u00e9nario qui nous feront tiquer sur l&rsquo;instant. Mais qu&rsquo;importe, car face \u00e0 tout cela, <em>Philippe Labro<\/em> nous entra\u00eene dans un film prenant, intriguant et surtout tr\u00e8s efficace.<\/p>\n\n\n\n<p>\u00ab\u00a0<strong>La crime<\/strong>\u00a0\u00bb est efficace de par sa mise en sc\u00e8ne. <em>Philippe Labro<\/em> livre l\u00e0 un polar lent et tr\u00e8s sombre, qui ne cesse d&rsquo;offrir de bonnes id\u00e9es de r\u00e9alisation. Plusieurs sc\u00e8nes vont marquer les esprits. L&rsquo;ouverture, un passage \u00e0 tabac, une traque dans les rues de Paris, la sc\u00e8ne de l&rsquo;ascenseur (surtout la sc\u00e8ne de l&rsquo;ascenseur qui est un petit chef-d&rsquo;\u0153uvre \u00e0 elle toute seule), puis \u00e9videmment le double final, un suicide excellent, brutal et violent. <em>Labro<\/em> m\u00e8ne ici sa barque d&rsquo;une main de ma\u00eetre, ne laissant jamais retomber son ambiance, sa tension et son c\u00f4t\u00e9 tr\u00e8s libre, presque \u00ab\u00a0je m&rsquo;en foutiste\u00a0\u00bb de certains personnages.<\/p>\n\n\n\n<p>L&rsquo;autre point g\u00e9nial de ce film, c&rsquo;est d&rsquo;un c\u00f4t\u00e9 les com\u00e9diens et de l&rsquo;autre les r\u00e9pliques que le film tient et balance avec beaucoup d&rsquo;irrespect. Ainsi, <em>Claude Brasseur <\/em>tient le r\u00f4le d&rsquo;un flic accro \u00e0 la bi\u00e8re, aigri au possible, qui balance des punchlines \u00e0 tout bout de champ et alors que le r\u00f4le est quelque peu clich\u00e9 et qu&rsquo;il aurait pu facilement \u00eatre d\u00e9sagr\u00e9able, le personnage a ses failles et arrive sans mal \u00e0 se faire touchant. \u00c0 ses c\u00f4t\u00e9s et derri\u00e8re lui, <em>Philippe Labro<\/em> a r\u00e9uni une pl\u00e9iade de com\u00e9diens. Ainsi, on trouvera <em>Gabrielle Lazure<\/em> en journaliste tenace, <em>Jean-Claude Brialy<\/em> en contr\u00f4leur, <em>Jean-Louis Trintignant<\/em> en ministre des transports, et la merveilleuse et magnifique <em>Dayle Haddon <\/em>en prostitu\u00e9e de luxe.<\/p>\n\n\n\n<div class=\"wp-block-image\"><figure class=\"aligncenter size-large is-resized\"><a href=\"https:\/\/www.lavisqteam.fr\/wp-content\/uploads\/2021\/02\/133749078_867722263961858_5686658145597360929_n.jpg\"><img src=\"https:\/\/www.lavisqteam.fr\/wp-content\/uploads\/2021\/02\/133749078_867722263961858_5686658145597360929_n-1024x700.jpg\" alt=\"\" class=\"wp-image-54248\" width=\"600\" srcset=\"https:\/\/www.lavisqteam.fr\/wp-content\/uploads\/2021\/02\/133749078_867722263961858_5686658145597360929_n-1024x700.jpg 1024w, https:\/\/www.lavisqteam.fr\/wp-content\/uploads\/2021\/02\/133749078_867722263961858_5686658145597360929_n-300x205.jpg 300w, https:\/\/www.lavisqteam.fr\/wp-content\/uploads\/2021\/02\/133749078_867722263961858_5686658145597360929_n-768x525.jpg 768w, https:\/\/www.lavisqteam.fr\/wp-content\/uploads\/2021\/02\/133749078_867722263961858_5686658145597360929_n.jpg 1200w\" sizes=\"(max-width: 1024px) 100vw, 1024px\" \/><\/a><\/figure><\/div>\n\n\n\n<p>\u00ab\u00a0<strong>La crime<\/strong>\u00a0\u00bb fut donc la bonne surprise de ma soir\u00e9e. <em>Philippe Labro<\/em> livre ici un bon polar noir, qui est tenu par un grand <em>Claude Brasseur<\/em>, et au-del\u00e0 de \u00e7a, qui est aussi et surtout parcouru d&rsquo;id\u00e9es et d&rsquo;excellentes sc\u00e8nes qui marquent les esprits. Prenant, intriguant tout en \u00e9tant assez convenu et classique, <em>Philippe Labro<\/em> \u00e9tonne. Puis ce c\u00f4t\u00e9 r\u00e9tro des ann\u00e9es 80, qui offre de petit coup de vieux et du charme&#8230; Bref, j&rsquo;ai vraiment beaucoup appr\u00e9ci\u00e9 ce petit film, qui m\u00e9rite amplement qu&rsquo;on le d\u00e9couvre.<\/p>\n\n\n\n<p><strong>Note\u00a0: 16\/20<\/strong><\/p>\n\n\n\n<figure class=\"wp-block-embed is-type-video is-provider-youtube wp-block-embed-youtube wp-embed-aspect-4-3 wp-has-aspect-ratio\"><div class=\"wp-block-embed__wrapper\">\n<iframe loading=\"lazy\" title=\"La crime (1983) - leather compilation\" width=\"1200\" height=\"900\" src=\"https:\/\/www.youtube.com\/embed\/cJB3gi-eUms?feature=oembed\" frameborder=\"0\" allow=\"accelerometer; autoplay; clipboard-write; encrypted-media; gyroscope; picture-in-picture\" allowfullscreen><\/iframe>\n<\/div><\/figure>\n\n\n\n<p class=\"has-text-align-right\">Par <strong>Cin\u00e9ted<\/strong><\/p>\n","protected":false},"excerpt":{"rendered":"<p>De&nbsp;: Philippe Labro Avec Claude Brasseur, Gabrielle Lazure, Jean-Claude Brialy, Robert Hirsch Ann\u00e9e&nbsp;: 1983 Pays&nbsp;: France Genre&nbsp;: Policier R\u00e9sum\u00e9&nbsp;: Un c\u00e9l\u00e8bre avocat d&rsquo;affaires est abattu &hellip; <\/p>\n","protected":false},"author":4,"featured_media":54250,"comment_status":"open","ping_status":"open","sticky":false,"template":"","format":"standard","meta":[],"categories":[7],"tags":[],"yoast_head":"<!-- This site is optimized with the Yoast SEO plugin v19.6.1 - https:\/\/yoast.com\/wordpress\/plugins\/seo\/ -->\n<title>La Crime - Lavisqteam.fr<\/title>\n<meta name=\"robots\" content=\"index, follow, max-snippet:-1, max-image-preview:large, max-video-preview:-1\" \/>\n<link rel=\"canonical\" href=\"https:\/\/www.lavisqteam.fr\/?p=54246\" \/>\n<meta property=\"og:locale\" content=\"fr_FR\" \/>\n<meta property=\"og:type\" content=\"article\" \/>\n<meta property=\"og:title\" content=\"La Crime - Lavisqteam.fr\" \/>\n<meta property=\"og:description\" content=\"De&nbsp;: Philippe Labro Avec Claude Brasseur, Gabrielle Lazure, Jean-Claude Brialy, Robert Hirsch Ann\u00e9e&nbsp;: 1983 Pays&nbsp;: France Genre&nbsp;: Policier R\u00e9sum\u00e9&nbsp;: Un c\u00e9l\u00e8bre avocat d&rsquo;affaires est abattu &hellip;\" \/>\n<meta property=\"og:url\" content=\"https:\/\/www.lavisqteam.fr\/?p=54246\" \/>\n<meta property=\"og:site_name\" content=\"Lavisqteam.fr\" \/>\n<meta property=\"article:published_time\" content=\"2021-02-21T19:22:17+00:00\" \/>\n<meta property=\"article:modified_time\" content=\"2021-02-21T19:22:19+00:00\" \/>\n<meta property=\"og:image\" content=\"https:\/\/www.lavisqteam.fr\/wp-content\/uploads\/2021\/02\/crim.jpg\" \/>\n\t<meta property=\"og:image:width\" content=\"727\" \/>\n\t<meta property=\"og:image:height\" content=\"395\" \/>\n\t<meta property=\"og:image:type\" content=\"image\/jpeg\" \/>\n<meta name=\"author\" content=\"Cineted\" \/>\n<meta name=\"twitter:card\" content=\"summary_large_image\" \/>\n<meta name=\"twitter:image\" content=\"https:\/\/www.lavisqteam.fr\/wp-content\/uploads\/2021\/02\/crim.jpg\" \/>\n<meta name=\"twitter:label1\" content=\"\u00c9crit par\" \/>\n\t<meta name=\"twitter:data1\" content=\"Cineted\" \/>\n\t<meta name=\"twitter:label2\" content=\"Dur\u00e9e de lecture estim\u00e9e\" \/>\n\t<meta name=\"twitter:data2\" content=\"5 minutes\" \/>\n<script type=\"application\/ld+json\" class=\"yoast-schema-graph\">{\"@context\":\"https:\/\/schema.org\",\"@graph\":[{\"@type\":\"Article\",\"@id\":\"https:\/\/www.lavisqteam.fr\/?p=54246#article\",\"isPartOf\":{\"@id\":\"https:\/\/www.lavisqteam.fr\/?p=54246\"},\"author\":{\"name\":\"Cineted\",\"@id\":\"https:\/\/www.lavisqteam.fr\/#\/schema\/person\/4ed7295b68bc3daae9094db5f1f9f913\"},\"headline\":\"La Crime\",\"datePublished\":\"2021-02-21T19:22:17+00:00\",\"dateModified\":\"2021-02-21T19:22:19+00:00\",\"mainEntityOfPage\":{\"@id\":\"https:\/\/www.lavisqteam.fr\/?p=54246\"},\"wordCount\":997,\"commentCount\":0,\"publisher\":{\"@id\":\"https:\/\/www.lavisqteam.fr\/#organization\"},\"articleSection\":[\"Cin\u00e9ma\"],\"inLanguage\":\"fr-FR\",\"potentialAction\":[{\"@type\":\"CommentAction\",\"name\":\"Comment\",\"target\":[\"https:\/\/www.lavisqteam.fr\/?p=54246#respond\"]}]},{\"@type\":\"WebPage\",\"@id\":\"https:\/\/www.lavisqteam.fr\/?p=54246\",\"url\":\"https:\/\/www.lavisqteam.fr\/?p=54246\",\"name\":\"La Crime - Lavisqteam.fr\",\"isPartOf\":{\"@id\":\"https:\/\/www.lavisqteam.fr\/#website\"},\"datePublished\":\"2021-02-21T19:22:17+00:00\",\"dateModified\":\"2021-02-21T19:22:19+00:00\",\"breadcrumb\":{\"@id\":\"https:\/\/www.lavisqteam.fr\/?p=54246#breadcrumb\"},\"inLanguage\":\"fr-FR\",\"potentialAction\":[{\"@type\":\"ReadAction\",\"target\":[\"https:\/\/www.lavisqteam.fr\/?p=54246\"]}]},{\"@type\":\"BreadcrumbList\",\"@id\":\"https:\/\/www.lavisqteam.fr\/?p=54246#breadcrumb\",\"itemListElement\":[{\"@type\":\"ListItem\",\"position\":1,\"name\":\"Accueil\",\"item\":\"https:\/\/www.lavisqteam.fr\/\"},{\"@type\":\"ListItem\",\"position\":2,\"name\":\"La Crime\"}]},{\"@type\":\"WebSite\",\"@id\":\"https:\/\/www.lavisqteam.fr\/#website\",\"url\":\"https:\/\/www.lavisqteam.fr\/\",\"name\":\"Lavisqteam.fr\",\"description\":\"\",\"publisher\":{\"@id\":\"https:\/\/www.lavisqteam.fr\/#organization\"},\"potentialAction\":[{\"@type\":\"SearchAction\",\"target\":{\"@type\":\"EntryPoint\",\"urlTemplate\":\"https:\/\/www.lavisqteam.fr\/?s={search_term_string}\"},\"query-input\":\"required name=search_term_string\"}],\"inLanguage\":\"fr-FR\"},{\"@type\":\"Organization\",\"@id\":\"https:\/\/www.lavisqteam.fr\/#organization\",\"name\":\"Lavisqteam.fr\",\"url\":\"https:\/\/www.lavisqteam.fr\/\",\"sameAs\":[],\"logo\":{\"@type\":\"ImageObject\",\"inLanguage\":\"fr-FR\",\"@id\":\"https:\/\/www.lavisqteam.fr\/#\/schema\/logo\/image\/\",\"url\":\"https:\/\/www.lavisqteam.fr\/wp-content\/uploads\/2020\/08\/cropped-80879545_3479261675449035_4078032831501041664_o-4.jpg\",\"contentUrl\":\"https:\/\/www.lavisqteam.fr\/wp-content\/uploads\/2020\/08\/cropped-80879545_3479261675449035_4078032831501041664_o-4.jpg\",\"width\":1674,\"height\":536,\"caption\":\"Lavisqteam.fr\"},\"image\":{\"@id\":\"https:\/\/www.lavisqteam.fr\/#\/schema\/logo\/image\/\"}},{\"@type\":\"Person\",\"@id\":\"https:\/\/www.lavisqteam.fr\/#\/schema\/person\/4ed7295b68bc3daae9094db5f1f9f913\",\"name\":\"Cineted\",\"image\":{\"@type\":\"ImageObject\",\"inLanguage\":\"fr-FR\",\"@id\":\"https:\/\/www.lavisqteam.fr\/#\/schema\/person\/image\/\",\"url\":\"https:\/\/secure.gravatar.com\/avatar\/2d66d0012368c91013200ba69885bddd?s=96&d=mm&r=g\",\"contentUrl\":\"https:\/\/secure.gravatar.com\/avatar\/2d66d0012368c91013200ba69885bddd?s=96&d=mm&r=g\",\"caption\":\"Cineted\"},\"url\":\"https:\/\/www.lavisqteam.fr\/?author=4\"}]}<\/script>\n<!-- \/ Yoast SEO plugin. -->","yoast_head_json":{"title":"La Crime - Lavisqteam.fr","robots":{"index":"index","follow":"follow","max-snippet":"max-snippet:-1","max-image-preview":"max-image-preview:large","max-video-preview":"max-video-preview:-1"},"canonical":"https:\/\/www.lavisqteam.fr\/?p=54246","og_locale":"fr_FR","og_type":"article","og_title":"La Crime - Lavisqteam.fr","og_description":"De&nbsp;: Philippe Labro Avec Claude Brasseur, Gabrielle Lazure, Jean-Claude Brialy, Robert Hirsch Ann\u00e9e&nbsp;: 1983 Pays&nbsp;: France Genre&nbsp;: Policier R\u00e9sum\u00e9&nbsp;: Un c\u00e9l\u00e8bre avocat d&rsquo;affaires est abattu &hellip;","og_url":"https:\/\/www.lavisqteam.fr\/?p=54246","og_site_name":"Lavisqteam.fr","article_published_time":"2021-02-21T19:22:17+00:00","article_modified_time":"2021-02-21T19:22:19+00:00","og_image":[{"width":727,"height":395,"url":"https:\/\/www.lavisqteam.fr\/wp-content\/uploads\/2021\/02\/crim.jpg","type":"image\/jpeg"}],"author":"Cineted","twitter_card":"summary_large_image","twitter_image":"https:\/\/www.lavisqteam.fr\/wp-content\/uploads\/2021\/02\/crim.jpg","twitter_misc":{"\u00c9crit par":"Cineted","Dur\u00e9e de lecture estim\u00e9e":"5 minutes"},"schema":{"@context":"https:\/\/schema.org","@graph":[{"@type":"Article","@id":"https:\/\/www.lavisqteam.fr\/?p=54246#article","isPartOf":{"@id":"https:\/\/www.lavisqteam.fr\/?p=54246"},"author":{"name":"Cineted","@id":"https:\/\/www.lavisqteam.fr\/#\/schema\/person\/4ed7295b68bc3daae9094db5f1f9f913"},"headline":"La Crime","datePublished":"2021-02-21T19:22:17+00:00","dateModified":"2021-02-21T19:22:19+00:00","mainEntityOfPage":{"@id":"https:\/\/www.lavisqteam.fr\/?p=54246"},"wordCount":997,"commentCount":0,"publisher":{"@id":"https:\/\/www.lavisqteam.fr\/#organization"},"articleSection":["Cin\u00e9ma"],"inLanguage":"fr-FR","potentialAction":[{"@type":"CommentAction","name":"Comment","target":["https:\/\/www.lavisqteam.fr\/?p=54246#respond"]}]},{"@type":"WebPage","@id":"https:\/\/www.lavisqteam.fr\/?p=54246","url":"https:\/\/www.lavisqteam.fr\/?p=54246","name":"La Crime - Lavisqteam.fr","isPartOf":{"@id":"https:\/\/www.lavisqteam.fr\/#website"},"datePublished":"2021-02-21T19:22:17+00:00","dateModified":"2021-02-21T19:22:19+00:00","breadcrumb":{"@id":"https:\/\/www.lavisqteam.fr\/?p=54246#breadcrumb"},"inLanguage":"fr-FR","potentialAction":[{"@type":"ReadAction","target":["https:\/\/www.lavisqteam.fr\/?p=54246"]}]},{"@type":"BreadcrumbList","@id":"https:\/\/www.lavisqteam.fr\/?p=54246#breadcrumb","itemListElement":[{"@type":"ListItem","position":1,"name":"Accueil","item":"https:\/\/www.lavisqteam.fr\/"},{"@type":"ListItem","position":2,"name":"La Crime"}]},{"@type":"WebSite","@id":"https:\/\/www.lavisqteam.fr\/#website","url":"https:\/\/www.lavisqteam.fr\/","name":"Lavisqteam.fr","description":"","publisher":{"@id":"https:\/\/www.lavisqteam.fr\/#organization"},"potentialAction":[{"@type":"SearchAction","target":{"@type":"EntryPoint","urlTemplate":"https:\/\/www.lavisqteam.fr\/?s={search_term_string}"},"query-input":"required name=search_term_string"}],"inLanguage":"fr-FR"},{"@type":"Organization","@id":"https:\/\/www.lavisqteam.fr\/#organization","name":"Lavisqteam.fr","url":"https:\/\/www.lavisqteam.fr\/","sameAs":[],"logo":{"@type":"ImageObject","inLanguage":"fr-FR","@id":"https:\/\/www.lavisqteam.fr\/#\/schema\/logo\/image\/","url":"https:\/\/www.lavisqteam.fr\/wp-content\/uploads\/2020\/08\/cropped-80879545_3479261675449035_4078032831501041664_o-4.jpg","contentUrl":"https:\/\/www.lavisqteam.fr\/wp-content\/uploads\/2020\/08\/cropped-80879545_3479261675449035_4078032831501041664_o-4.jpg","width":1674,"height":536,"caption":"Lavisqteam.fr"},"image":{"@id":"https:\/\/www.lavisqteam.fr\/#\/schema\/logo\/image\/"}},{"@type":"Person","@id":"https:\/\/www.lavisqteam.fr\/#\/schema\/person\/4ed7295b68bc3daae9094db5f1f9f913","name":"Cineted","image":{"@type":"ImageObject","inLanguage":"fr-FR","@id":"https:\/\/www.lavisqteam.fr\/#\/schema\/person\/image\/","url":"https:\/\/secure.gravatar.com\/avatar\/2d66d0012368c91013200ba69885bddd?s=96&d=mm&r=g","contentUrl":"https:\/\/secure.gravatar.com\/avatar\/2d66d0012368c91013200ba69885bddd?s=96&d=mm&r=g","caption":"Cineted"},"url":"https:\/\/www.lavisqteam.fr\/?author=4"}]}},"jetpack_featured_media_url":"https:\/\/www.lavisqteam.fr\/wp-content\/uploads\/2021\/02\/crim.jpg","_links":{"self":[{"href":"https:\/\/www.lavisqteam.fr\/index.php?rest_route=\/wp\/v2\/posts\/54246"}],"collection":[{"href":"https:\/\/www.lavisqteam.fr\/index.php?rest_route=\/wp\/v2\/posts"}],"about":[{"href":"https:\/\/www.lavisqteam.fr\/index.php?rest_route=\/wp\/v2\/types\/post"}],"author":[{"embeddable":true,"href":"https:\/\/www.lavisqteam.fr\/index.php?rest_route=\/wp\/v2\/users\/4"}],"replies":[{"embeddable":true,"href":"https:\/\/www.lavisqteam.fr\/index.php?rest_route=%2Fwp%2Fv2%2Fcomments&post=54246"}],"version-history":[{"count":1,"href":"https:\/\/www.lavisqteam.fr\/index.php?rest_route=\/wp\/v2\/posts\/54246\/revisions"}],"predecessor-version":[{"id":54251,"href":"https:\/\/www.lavisqteam.fr\/index.php?rest_route=\/wp\/v2\/posts\/54246\/revisions\/54251"}],"wp:featuredmedia":[{"embeddable":true,"href":"https:\/\/www.lavisqteam.fr\/index.php?rest_route=\/wp\/v2\/media\/54250"}],"wp:attachment":[{"href":"https:\/\/www.lavisqteam.fr\/index.php?rest_route=%2Fwp%2Fv2%2Fmedia&parent=54246"}],"wp:term":[{"taxonomy":"category","embeddable":true,"href":"https:\/\/www.lavisqteam.fr\/index.php?rest_route=%2Fwp%2Fv2%2Fcategories&post=54246"},{"taxonomy":"post_tag","embeddable":true,"href":"https:\/\/www.lavisqteam.fr\/index.php?rest_route=%2Fwp%2Fv2%2Ftags&post=54246"}],"curies":[{"name":"wp","href":"https:\/\/api.w.org\/{rel}","templated":true}]}}