{"id":53587,"date":"2021-01-24T19:56:17","date_gmt":"2021-01-24T19:56:17","guid":{"rendered":"http:\/\/www.lavisqteam.fr\/?p=53587"},"modified":"2021-01-24T19:56:20","modified_gmt":"2021-01-24T19:56:20","slug":"the-terror-saison-1","status":"publish","type":"post","link":"https:\/\/www.lavisqteam.fr\/?p=53587","title":{"rendered":"The Terror Saison 1"},"content":{"rendered":"\n<div class=\"wp-block-image\"><figure class=\"aligncenter size-large is-resized\"><a href=\"https:\/\/www.lavisqteam.fr\/wp-content\/uploads\/2021\/01\/71mEPoXewIL._SL1060_.jpg\"><img src=\"https:\/\/www.lavisqteam.fr\/wp-content\/uploads\/2021\/01\/71mEPoXewIL._SL1060_-721x1024.jpg\" alt=\"\" class=\"wp-image-53588\" width=\"600\" srcset=\"https:\/\/www.lavisqteam.fr\/wp-content\/uploads\/2021\/01\/71mEPoXewIL._SL1060_-721x1024.jpg 721w, https:\/\/www.lavisqteam.fr\/wp-content\/uploads\/2021\/01\/71mEPoXewIL._SL1060_-211x300.jpg 211w, https:\/\/www.lavisqteam.fr\/wp-content\/uploads\/2021\/01\/71mEPoXewIL._SL1060_.jpg 746w\" sizes=\"(max-width: 721px) 100vw, 721px\" \/><\/a><\/figure><\/div>\n\n\n\n<p><strong>D\u2019Apr\u00e8s une Id\u00e9e de&nbsp;: <\/strong>David Kajganich et Soo Hugh<\/p>\n\n\n\n<p><strong>Avec <\/strong>Ciaran Hinds, Jared Harris, Tobias Menzies, Paul Ready<\/p>\n\n\n\n<p><strong>Pays&nbsp;: <\/strong>Etats-Unis<\/p>\n\n\n\n<p><strong>Nombre d\u2019Episodes&nbsp;: <\/strong>10<\/p>\n\n\n\n<p><strong>Genre&nbsp;: <\/strong>Thriller, Horreur<\/p>\n\n\n\n<p><strong>R\u00e9sum\u00e9&nbsp;:<\/strong><\/p>\n\n\n\n<p>1845. Une exp\u00e9dition de la Marine Royale britannique entreprend un p\u00e9nible voyage \u00e0 la recherche du Passage du Nord. Confront\u00e9 \u00e0 des conditions&nbsp;p\u00e9rilleuses avec des ressources limit\u00e9es, l&rsquo;\u00e9quipage peine \u00e0 garder espoir dans ces&nbsp;territoires rudes et inexplor\u00e9s. Gel\u00e9s, isol\u00e9s et coinc\u00e9s \u00e0 l&rsquo;autre bout du monde, dans l&rsquo;Arctique, les hommes doivent lutter, non seulement pour survivre contre les \u00e9l\u00e9ments, mais aussi les uns avec les autres. Certains d&rsquo;entre eux commencent \u00e0 croire \u00e0 la mal\u00e9diction d&rsquo;une myst\u00e9rieuse cr\u00e9ature qui les faucherait un \u00e0 un&#8230;<\/p>\n\n\n\n<p><strong>Avis&nbsp;:<\/strong><\/p>\n\n\n\n<p>Avec <strong>Terreur<\/strong>, <em>Dan Simmons<\/em> signait un r\u00e9cit \u00e2pre. Entre histoire et \u0153uvre fantastique, il en ressortait une odyss\u00e9e litt\u00e9raire proprement stup\u00e9fiante et immersive qui tentait de faire la lumi\u00e8re sur la disparition de l\u2019exp\u00e9dition Franklin de 1845. La r\u00e9ussite tenait autant \u00e0 la narration qu\u2019\u00e0 cette atmosph\u00e8re unique aux confins du cercle arctique. Eu \u00e9gard \u00e0 sa densit\u00e9 et \u00e0 ses ambitions, la retranscription \u00e0 l\u2019\u00e9cran d\u2019un roman-fleuve de cette envergure rel\u00e8ve de la gageure. Aussi, le format de la s\u00e9rie t\u00e9l\u00e9vis\u00e9e est davantage appropri\u00e9 pour fournir un travail d\u2019adaptation respectueux et conforme \u00e0 la trame originelle.<\/p>\n\n\n\n<div class=\"wp-block-image\"><figure class=\"aligncenter size-large is-resized\"><a href=\"https:\/\/www.lavisqteam.fr\/wp-content\/uploads\/2021\/01\/32927-The-Terror-TCA-2018_03.jpg\"><img src=\"https:\/\/www.lavisqteam.fr\/wp-content\/uploads\/2021\/01\/32927-The-Terror-TCA-2018_03-1024x576.jpg\" alt=\"\" class=\"wp-image-53590\" width=\"600\" srcset=\"https:\/\/www.lavisqteam.fr\/wp-content\/uploads\/2021\/01\/32927-The-Terror-TCA-2018_03-1024x576.jpg 1024w, https:\/\/www.lavisqteam.fr\/wp-content\/uploads\/2021\/01\/32927-The-Terror-TCA-2018_03-300x169.jpg 300w, https:\/\/www.lavisqteam.fr\/wp-content\/uploads\/2021\/01\/32927-The-Terror-TCA-2018_03-768x432.jpg 768w, https:\/\/www.lavisqteam.fr\/wp-content\/uploads\/2021\/01\/32927-The-Terror-TCA-2018_03-1536x864.jpg 1536w, https:\/\/www.lavisqteam.fr\/wp-content\/uploads\/2021\/01\/32927-The-Terror-TCA-2018_03.jpg 1920w\" sizes=\"(max-width: 1024px) 100vw, 1024px\" \/><\/a><\/figure><\/div>\n\n\n\n<p>Comme \u00e9voqu\u00e9 pr\u00e9c\u00e9demment, <strong>The Terror<\/strong> s\u2019attelle \u00e0 l\u2019une des plus grandes \u00e9nigmes maritimes du XIXe si\u00e8cle. De ce seul point de vue, la reconstitution historique se r\u00e9v\u00e8le admirable pour d\u00e9peindre les conditions de vie des marins \u00e0 bord des navires. Ceux-ci ont \u00e9galement fait l\u2019objet d\u2019un soin tout particulier. Cela se confirme avec une exploitation restreinte du cadre qui demeure n\u00e9anmoins fluide et vari\u00e9e. L\u2019alternance entre les diff\u00e9rents ponts, la succession de corridors, les salles d\u00e9di\u00e9es aux couches, au stockage des denr\u00e9es ou m\u00eame \u00e0 des soins m\u00e9dicaux sommaires\u2026 Tout concourt \u00e0 former un \u00e9cosyst\u00e8me coh\u00e9rent capable de vivre en compl\u00e8te autarcie, du moins pendant un certain temps.<\/p>\n\n\n\n<p>Mais avant de s\u2019attarder sur l\u2019aspect survivaliste et l\u2019horreur latente qui guette sur la banquise, <strong>The Terror<\/strong> d\u00e9peint avec force et conviction le contexte de l\u2019exp\u00e9dition et ses potentielles retomb\u00e9es commerciales en cas de r\u00e9ussite. Si les incursions dans l\u2019Angleterre de l\u2019\u00e9poque sont mesur\u00e9es, voire furtives, il n\u2019en demeure pas moins un background travaill\u00e9 qui pr\u00e9vaut \u00e9galement pour les protagonistes. \u00c0 l\u2019instar du roman \u00e9ponyme, la palette de personnages est aussi riche que dissemblable. S\u2019il est ais\u00e9 de deviner le r\u00f4le de chacun, y compris des antagonistes, l\u2019\u00e9volution des relations sociales reste toute autre.<\/p>\n\n\n\n<p>On songe \u00e0 la transmission des responsabilit\u00e9s et le sens du devoir pour sauver l\u2019exp\u00e9dition, puis l\u2019\u00e9quipage des deux navires. Malgr\u00e9 les vastes \u00e9tendues d\u00e9sertiques, l\u2019approche sous forme de huis clos replie la progression d\u2019un point de vue physique et psychologique. En d\u00e9pit de la promiscuit\u00e9 du cadre de vie et les t\u00e2ches quotidiennes \u00e0 accomplir, il est difficile de ne pas \u00e9prouver une immense solitude face \u00e0 cette absence d\u2019horizon. En l\u2019occurrence, la staticit\u00e9 tient autant aux bateaux pris dans les glaces qu\u2019\u00e0 cet \u00e9coulement du temps propre aux p\u00f4les. La succession jour\/nuit se fait sur des mois si bien que la perte de rep\u00e8res engendre l\u2019abandon des perspectives initiales.<\/p>\n\n\n\n<p>Tout comme le lecteur, le spectateur devient un membre de l\u2019\u00e9quipage \u00e0 part enti\u00e8re et subit la situation. Si certains y voient un probl\u00e8me de rythme, la pr\u00e9sente histoire est particuli\u00e8rement adapt\u00e9e \u00e0 ce d\u00e9roulement proche de la contemplation. On appr\u00e9cie ou pas, mais la s\u00e9rie est \u00e0 l\u2019aune de son mod\u00e8le litt\u00e9raire. L\u2019atmosph\u00e8re d\u00e9peinte s\u2019appuie davantage sur l\u2019onirisme de l\u2019instant et non sur une exploration lin\u00e9aire. Mais le r\u00eave tient surtout de l\u2019exp\u00e9rience cauchemardesque, comme l\u2019atteste cette s\u00e9quence sous-marine o\u00f9 le scaphandrier se confronte aux dangers environnants, \u00e0 ses peurs o\u00f9 le cadavre qui flotte entre deux eaux peut \u00eatre une hallucination ou la r\u00e9alit\u00e9.<\/p>\n\n\n\n<p>Et c\u2019est l\u00e0 toute la force de cette s\u00e9rie&nbsp;: naviguez constamment entre des craintes rationnelles et un effroi insondable, propre \u00e0 une menace invisible. Baptis\u00e9e Tuunbaq dans le folklore Inuit, la cr\u00e9ature en est la parfaite repr\u00e9sentation. Ses attaques apportent une tension suppl\u00e9mentaire, tandis que sa nature d\u00e9fit l\u2019entendement. On appr\u00e9cie le fait que ses irruptions soient sugg\u00e9r\u00e9es pour mieux susciter le doute. Ses assauts sont violents et la mise en sc\u00e8ne privil\u00e9gie le point de vue des victimes, renvoyant \u00e0 la soudainet\u00e9 des tr\u00e9pas. En revanche, la seconde partie de l\u2019intrigue affiche un traitement frontal et explicite.<\/p>\n\n\n\n<p>Un choix moins subtil qui traduit l\u2019une des rares errances de <strong>The Terror<\/strong>&nbsp;: des images de synth\u00e8se \u00e0 la qualit\u00e9 fluctuante. Les plans rapproch\u00e9s d\u00e9montrent des animations parfois approximatives ou une \u00ab&nbsp;balourdise&nbsp;\u00bb qui contraste avec l\u2019agilit\u00e9 toute f\u00e9line de Tuunbaq, notamment lorsqu\u2019il escalade les m\u00e2ts d\u2019un des navires. Quant \u00e0 son design, on se retrouve avec un animal hybride qui \u00e9voque un ursid\u00e9 avec un faci\u00e8s vaguement humano\u00efde. Assez d\u00e9concertant pour flouer ses origines qui resteront dans l\u2019ombre. En consid\u00e9rant le rapport au chamanisme, certains \u00e9l\u00e9ments pourraient m\u00eame faire penser \u00e0 des sympt\u00f4mes similaires \u00e0 la lycanthropie, du moins dans cette interpr\u00e9tation du mythe.<\/p>\n\n\n\n<div class=\"wp-block-image\"><figure class=\"aligncenter size-large\"><a href=\"https:\/\/www.lavisqteam.fr\/wp-content\/uploads\/2021\/01\/unnamed-1.jpg\"><img loading=\"lazy\" width=\"512\" height=\"230\" src=\"https:\/\/www.lavisqteam.fr\/wp-content\/uploads\/2021\/01\/unnamed-1.jpg\" alt=\"\" class=\"wp-image-53589\" srcset=\"https:\/\/www.lavisqteam.fr\/wp-content\/uploads\/2021\/01\/unnamed-1.jpg 512w, https:\/\/www.lavisqteam.fr\/wp-content\/uploads\/2021\/01\/unnamed-1-300x135.jpg 300w\" sizes=\"(max-width: 512px) 100vw, 512px\" \/><\/a><\/figure><\/div>\n\n\n\n<p>Au final, <strong>The Terror<\/strong> est une s\u00e9rie qui se r\u00e9v\u00e8le tr\u00e8s proche du roman dont elle s\u2019inspire. Nimb\u00e9e d\u2019une ambiance hypnotique, cette production AMC met en avant des s\u00e9quences \u00e9th\u00e9r\u00e9es qui magnifient la puret\u00e9 de l\u2019Arctique \u00e0 travers une photographie somptueuse. Celle-ci g\u00e8re \u00e0 merveille les contrastes avec des nuances minimalistes&nbsp;; blanc, gris et bleu, majoritairement. Cette beaut\u00e9 dissimule pourtant de terribles dangers. On songe tout d\u2019abord \u00e0 l\u2019environnement lui-m\u00eame, \u00e0 Tuunbaq, puis aux tendances autodestructrices de l\u2019homme. Volontairement lent, <strong>The Terror<\/strong> est une \u00e9difiante et rude \u00e9preuve o\u00f9 les merveilles se succ\u00e8dent aux horreurs&nbsp;et inversement. Une all\u00e9gorie sur le d\u00e9sespoir, le d\u00e9passement de soi et le rapport \u00e0 la nature. Une \u0153uvre riche, parfois cruelle, mais exceptionnelle.<\/p>\n\n\n\n<p><strong>Note\u00a0: 18\/20<\/strong><\/p>\n\n\n\n<figure class=\"wp-block-embed is-type-video is-provider-youtube wp-block-embed-youtube wp-embed-aspect-16-9 wp-has-aspect-ratio\"><div class=\"wp-block-embed__wrapper\">\n<iframe loading=\"lazy\" title=\"The Terror Season 1 Trailer | Rotten Tomatoes TV\" width=\"1200\" height=\"675\" src=\"https:\/\/www.youtube.com\/embed\/pjq7Gl_hhPY?feature=oembed\" frameborder=\"0\" allow=\"accelerometer; autoplay; clipboard-write; encrypted-media; gyroscope; picture-in-picture\" allowfullscreen><\/iframe>\n<\/div><\/figure>\n\n\n\n<p class=\"has-text-align-right\">Par <strong>Dante<\/strong><\/p>\n","protected":false},"excerpt":{"rendered":"<p>D\u2019Apr\u00e8s une Id\u00e9e de&nbsp;: David Kajganich et Soo Hugh Avec Ciaran Hinds, Jared Harris, Tobias Menzies, Paul Ready Pays&nbsp;: Etats-Unis Nombre d\u2019Episodes&nbsp;: 10 Genre&nbsp;: Thriller, &hellip; <\/p>\n","protected":false},"author":5,"featured_media":53591,"comment_status":"open","ping_status":"open","sticky":false,"template":"","format":"standard","meta":[],"categories":[13],"tags":[],"yoast_head":"<!-- This site is optimized with the Yoast SEO plugin v19.6.1 - https:\/\/yoast.com\/wordpress\/plugins\/seo\/ -->\n<title>The Terror Saison 1 - Lavisqteam.fr<\/title>\n<meta name=\"robots\" content=\"index, follow, max-snippet:-1, max-image-preview:large, max-video-preview:-1\" \/>\n<link rel=\"canonical\" href=\"https:\/\/www.lavisqteam.fr\/?p=53587\" \/>\n<meta property=\"og:locale\" content=\"fr_FR\" \/>\n<meta property=\"og:type\" content=\"article\" \/>\n<meta property=\"og:title\" content=\"The Terror Saison 1 - Lavisqteam.fr\" \/>\n<meta property=\"og:description\" content=\"D\u2019Apr\u00e8s une Id\u00e9e de&nbsp;: David Kajganich et Soo Hugh Avec Ciaran Hinds, Jared Harris, Tobias Menzies, Paul Ready Pays&nbsp;: Etats-Unis Nombre d\u2019Episodes&nbsp;: 10 Genre&nbsp;: Thriller, &hellip;\" \/>\n<meta property=\"og:url\" content=\"https:\/\/www.lavisqteam.fr\/?p=53587\" \/>\n<meta property=\"og:site_name\" content=\"Lavisqteam.fr\" \/>\n<meta property=\"article:published_time\" content=\"2021-01-24T19:56:17+00:00\" \/>\n<meta property=\"article:modified_time\" content=\"2021-01-24T19:56:20+00:00\" \/>\n<meta property=\"og:image\" content=\"https:\/\/www.lavisqteam.fr\/wp-content\/uploads\/2021\/01\/terror.jpg\" \/>\n\t<meta property=\"og:image:width\" content=\"727\" \/>\n\t<meta property=\"og:image:height\" content=\"395\" \/>\n\t<meta property=\"og:image:type\" content=\"image\/jpeg\" \/>\n<meta name=\"author\" content=\"Dante\" \/>\n<meta name=\"twitter:card\" content=\"summary_large_image\" \/>\n<meta name=\"twitter:image\" content=\"https:\/\/www.lavisqteam.fr\/wp-content\/uploads\/2021\/01\/terror.jpg\" \/>\n<meta name=\"twitter:label1\" content=\"\u00c9crit par\" \/>\n\t<meta name=\"twitter:data1\" content=\"Dante\" \/>\n\t<meta name=\"twitter:label2\" content=\"Dur\u00e9e de lecture estim\u00e9e\" \/>\n\t<meta name=\"twitter:data2\" content=\"5 minutes\" \/>\n<script type=\"application\/ld+json\" class=\"yoast-schema-graph\">{\"@context\":\"https:\/\/schema.org\",\"@graph\":[{\"@type\":\"Article\",\"@id\":\"https:\/\/www.lavisqteam.fr\/?p=53587#article\",\"isPartOf\":{\"@id\":\"https:\/\/www.lavisqteam.fr\/?p=53587\"},\"author\":{\"name\":\"Dante\",\"@id\":\"https:\/\/www.lavisqteam.fr\/#\/schema\/person\/f990b2bf003d200c5d343e528a040052\"},\"headline\":\"The Terror Saison 1\",\"datePublished\":\"2021-01-24T19:56:17+00:00\",\"dateModified\":\"2021-01-24T19:56:20+00:00\",\"mainEntityOfPage\":{\"@id\":\"https:\/\/www.lavisqteam.fr\/?p=53587\"},\"wordCount\":1109,\"commentCount\":0,\"publisher\":{\"@id\":\"https:\/\/www.lavisqteam.fr\/#organization\"},\"articleSection\":[\"S\u00e9rie\"],\"inLanguage\":\"fr-FR\",\"potentialAction\":[{\"@type\":\"CommentAction\",\"name\":\"Comment\",\"target\":[\"https:\/\/www.lavisqteam.fr\/?p=53587#respond\"]}]},{\"@type\":\"WebPage\",\"@id\":\"https:\/\/www.lavisqteam.fr\/?p=53587\",\"url\":\"https:\/\/www.lavisqteam.fr\/?p=53587\",\"name\":\"The Terror Saison 1 - Lavisqteam.fr\",\"isPartOf\":{\"@id\":\"https:\/\/www.lavisqteam.fr\/#website\"},\"datePublished\":\"2021-01-24T19:56:17+00:00\",\"dateModified\":\"2021-01-24T19:56:20+00:00\",\"breadcrumb\":{\"@id\":\"https:\/\/www.lavisqteam.fr\/?p=53587#breadcrumb\"},\"inLanguage\":\"fr-FR\",\"potentialAction\":[{\"@type\":\"ReadAction\",\"target\":[\"https:\/\/www.lavisqteam.fr\/?p=53587\"]}]},{\"@type\":\"BreadcrumbList\",\"@id\":\"https:\/\/www.lavisqteam.fr\/?p=53587#breadcrumb\",\"itemListElement\":[{\"@type\":\"ListItem\",\"position\":1,\"name\":\"Accueil\",\"item\":\"https:\/\/www.lavisqteam.fr\/\"},{\"@type\":\"ListItem\",\"position\":2,\"name\":\"The Terror Saison 1\"}]},{\"@type\":\"WebSite\",\"@id\":\"https:\/\/www.lavisqteam.fr\/#website\",\"url\":\"https:\/\/www.lavisqteam.fr\/\",\"name\":\"Lavisqteam.fr\",\"description\":\"\",\"publisher\":{\"@id\":\"https:\/\/www.lavisqteam.fr\/#organization\"},\"potentialAction\":[{\"@type\":\"SearchAction\",\"target\":{\"@type\":\"EntryPoint\",\"urlTemplate\":\"https:\/\/www.lavisqteam.fr\/?s={search_term_string}\"},\"query-input\":\"required name=search_term_string\"}],\"inLanguage\":\"fr-FR\"},{\"@type\":\"Organization\",\"@id\":\"https:\/\/www.lavisqteam.fr\/#organization\",\"name\":\"Lavisqteam.fr\",\"url\":\"https:\/\/www.lavisqteam.fr\/\",\"sameAs\":[],\"logo\":{\"@type\":\"ImageObject\",\"inLanguage\":\"fr-FR\",\"@id\":\"https:\/\/www.lavisqteam.fr\/#\/schema\/logo\/image\/\",\"url\":\"https:\/\/www.lavisqteam.fr\/wp-content\/uploads\/2020\/08\/cropped-80879545_3479261675449035_4078032831501041664_o-4.jpg\",\"contentUrl\":\"https:\/\/www.lavisqteam.fr\/wp-content\/uploads\/2020\/08\/cropped-80879545_3479261675449035_4078032831501041664_o-4.jpg\",\"width\":1674,\"height\":536,\"caption\":\"Lavisqteam.fr\"},\"image\":{\"@id\":\"https:\/\/www.lavisqteam.fr\/#\/schema\/logo\/image\/\"}},{\"@type\":\"Person\",\"@id\":\"https:\/\/www.lavisqteam.fr\/#\/schema\/person\/f990b2bf003d200c5d343e528a040052\",\"name\":\"Dante\",\"image\":{\"@type\":\"ImageObject\",\"inLanguage\":\"fr-FR\",\"@id\":\"https:\/\/www.lavisqteam.fr\/#\/schema\/person\/image\/\",\"url\":\"https:\/\/secure.gravatar.com\/avatar\/247c2b515d1472e98f97043ac8393382?s=96&d=mm&r=g\",\"contentUrl\":\"https:\/\/secure.gravatar.com\/avatar\/247c2b515d1472e98f97043ac8393382?s=96&d=mm&r=g\",\"caption\":\"Dante\"},\"url\":\"https:\/\/www.lavisqteam.fr\/?author=5\"}]}<\/script>\n<!-- \/ Yoast SEO plugin. -->","yoast_head_json":{"title":"The Terror Saison 1 - Lavisqteam.fr","robots":{"index":"index","follow":"follow","max-snippet":"max-snippet:-1","max-image-preview":"max-image-preview:large","max-video-preview":"max-video-preview:-1"},"canonical":"https:\/\/www.lavisqteam.fr\/?p=53587","og_locale":"fr_FR","og_type":"article","og_title":"The Terror Saison 1 - Lavisqteam.fr","og_description":"D\u2019Apr\u00e8s une Id\u00e9e de&nbsp;: David Kajganich et Soo Hugh Avec Ciaran Hinds, Jared Harris, Tobias Menzies, Paul Ready Pays&nbsp;: Etats-Unis Nombre d\u2019Episodes&nbsp;: 10 Genre&nbsp;: Thriller, &hellip;","og_url":"https:\/\/www.lavisqteam.fr\/?p=53587","og_site_name":"Lavisqteam.fr","article_published_time":"2021-01-24T19:56:17+00:00","article_modified_time":"2021-01-24T19:56:20+00:00","og_image":[{"width":727,"height":395,"url":"https:\/\/www.lavisqteam.fr\/wp-content\/uploads\/2021\/01\/terror.jpg","type":"image\/jpeg"}],"author":"Dante","twitter_card":"summary_large_image","twitter_image":"https:\/\/www.lavisqteam.fr\/wp-content\/uploads\/2021\/01\/terror.jpg","twitter_misc":{"\u00c9crit par":"Dante","Dur\u00e9e de lecture estim\u00e9e":"5 minutes"},"schema":{"@context":"https:\/\/schema.org","@graph":[{"@type":"Article","@id":"https:\/\/www.lavisqteam.fr\/?p=53587#article","isPartOf":{"@id":"https:\/\/www.lavisqteam.fr\/?p=53587"},"author":{"name":"Dante","@id":"https:\/\/www.lavisqteam.fr\/#\/schema\/person\/f990b2bf003d200c5d343e528a040052"},"headline":"The Terror Saison 1","datePublished":"2021-01-24T19:56:17+00:00","dateModified":"2021-01-24T19:56:20+00:00","mainEntityOfPage":{"@id":"https:\/\/www.lavisqteam.fr\/?p=53587"},"wordCount":1109,"commentCount":0,"publisher":{"@id":"https:\/\/www.lavisqteam.fr\/#organization"},"articleSection":["S\u00e9rie"],"inLanguage":"fr-FR","potentialAction":[{"@type":"CommentAction","name":"Comment","target":["https:\/\/www.lavisqteam.fr\/?p=53587#respond"]}]},{"@type":"WebPage","@id":"https:\/\/www.lavisqteam.fr\/?p=53587","url":"https:\/\/www.lavisqteam.fr\/?p=53587","name":"The Terror Saison 1 - Lavisqteam.fr","isPartOf":{"@id":"https:\/\/www.lavisqteam.fr\/#website"},"datePublished":"2021-01-24T19:56:17+00:00","dateModified":"2021-01-24T19:56:20+00:00","breadcrumb":{"@id":"https:\/\/www.lavisqteam.fr\/?p=53587#breadcrumb"},"inLanguage":"fr-FR","potentialAction":[{"@type":"ReadAction","target":["https:\/\/www.lavisqteam.fr\/?p=53587"]}]},{"@type":"BreadcrumbList","@id":"https:\/\/www.lavisqteam.fr\/?p=53587#breadcrumb","itemListElement":[{"@type":"ListItem","position":1,"name":"Accueil","item":"https:\/\/www.lavisqteam.fr\/"},{"@type":"ListItem","position":2,"name":"The Terror Saison 1"}]},{"@type":"WebSite","@id":"https:\/\/www.lavisqteam.fr\/#website","url":"https:\/\/www.lavisqteam.fr\/","name":"Lavisqteam.fr","description":"","publisher":{"@id":"https:\/\/www.lavisqteam.fr\/#organization"},"potentialAction":[{"@type":"SearchAction","target":{"@type":"EntryPoint","urlTemplate":"https:\/\/www.lavisqteam.fr\/?s={search_term_string}"},"query-input":"required name=search_term_string"}],"inLanguage":"fr-FR"},{"@type":"Organization","@id":"https:\/\/www.lavisqteam.fr\/#organization","name":"Lavisqteam.fr","url":"https:\/\/www.lavisqteam.fr\/","sameAs":[],"logo":{"@type":"ImageObject","inLanguage":"fr-FR","@id":"https:\/\/www.lavisqteam.fr\/#\/schema\/logo\/image\/","url":"https:\/\/www.lavisqteam.fr\/wp-content\/uploads\/2020\/08\/cropped-80879545_3479261675449035_4078032831501041664_o-4.jpg","contentUrl":"https:\/\/www.lavisqteam.fr\/wp-content\/uploads\/2020\/08\/cropped-80879545_3479261675449035_4078032831501041664_o-4.jpg","width":1674,"height":536,"caption":"Lavisqteam.fr"},"image":{"@id":"https:\/\/www.lavisqteam.fr\/#\/schema\/logo\/image\/"}},{"@type":"Person","@id":"https:\/\/www.lavisqteam.fr\/#\/schema\/person\/f990b2bf003d200c5d343e528a040052","name":"Dante","image":{"@type":"ImageObject","inLanguage":"fr-FR","@id":"https:\/\/www.lavisqteam.fr\/#\/schema\/person\/image\/","url":"https:\/\/secure.gravatar.com\/avatar\/247c2b515d1472e98f97043ac8393382?s=96&d=mm&r=g","contentUrl":"https:\/\/secure.gravatar.com\/avatar\/247c2b515d1472e98f97043ac8393382?s=96&d=mm&r=g","caption":"Dante"},"url":"https:\/\/www.lavisqteam.fr\/?author=5"}]}},"jetpack_featured_media_url":"https:\/\/www.lavisqteam.fr\/wp-content\/uploads\/2021\/01\/terror.jpg","_links":{"self":[{"href":"https:\/\/www.lavisqteam.fr\/index.php?rest_route=\/wp\/v2\/posts\/53587"}],"collection":[{"href":"https:\/\/www.lavisqteam.fr\/index.php?rest_route=\/wp\/v2\/posts"}],"about":[{"href":"https:\/\/www.lavisqteam.fr\/index.php?rest_route=\/wp\/v2\/types\/post"}],"author":[{"embeddable":true,"href":"https:\/\/www.lavisqteam.fr\/index.php?rest_route=\/wp\/v2\/users\/5"}],"replies":[{"embeddable":true,"href":"https:\/\/www.lavisqteam.fr\/index.php?rest_route=%2Fwp%2Fv2%2Fcomments&post=53587"}],"version-history":[{"count":1,"href":"https:\/\/www.lavisqteam.fr\/index.php?rest_route=\/wp\/v2\/posts\/53587\/revisions"}],"predecessor-version":[{"id":53592,"href":"https:\/\/www.lavisqteam.fr\/index.php?rest_route=\/wp\/v2\/posts\/53587\/revisions\/53592"}],"wp:featuredmedia":[{"embeddable":true,"href":"https:\/\/www.lavisqteam.fr\/index.php?rest_route=\/wp\/v2\/media\/53591"}],"wp:attachment":[{"href":"https:\/\/www.lavisqteam.fr\/index.php?rest_route=%2Fwp%2Fv2%2Fmedia&parent=53587"}],"wp:term":[{"taxonomy":"category","embeddable":true,"href":"https:\/\/www.lavisqteam.fr\/index.php?rest_route=%2Fwp%2Fv2%2Fcategories&post=53587"},{"taxonomy":"post_tag","embeddable":true,"href":"https:\/\/www.lavisqteam.fr\/index.php?rest_route=%2Fwp%2Fv2%2Ftags&post=53587"}],"curies":[{"name":"wp","href":"https:\/\/api.w.org\/{rel}","templated":true}]}}