{"id":53477,"date":"2021-01-20T19:36:03","date_gmt":"2021-01-20T19:36:03","guid":{"rendered":"http:\/\/www.lavisqteam.fr\/?p=53477"},"modified":"2021-01-20T19:36:06","modified_gmt":"2021-01-20T19:36:06","slug":"les-oubliees-de-juarez","status":"publish","type":"post","link":"https:\/\/www.lavisqteam.fr\/?p=53477","title":{"rendered":"Les Oubli\u00e9es de Juarez"},"content":{"rendered":"\n<div class=\"wp-block-image\"><figure class=\"aligncenter size-large is-resized\"><a href=\"https:\/\/www.lavisqteam.fr\/wp-content\/uploads\/2021\/01\/128762065_204480611136756_9106039020193897398_n.jpg\"><img src=\"https:\/\/www.lavisqteam.fr\/wp-content\/uploads\/2021\/01\/128762065_204480611136756_9106039020193897398_n-768x1024.jpg\" alt=\"\" class=\"wp-image-53478\" width=\"600\" srcset=\"https:\/\/www.lavisqteam.fr\/wp-content\/uploads\/2021\/01\/128762065_204480611136756_9106039020193897398_n-768x1024.jpg 768w, https:\/\/www.lavisqteam.fr\/wp-content\/uploads\/2021\/01\/128762065_204480611136756_9106039020193897398_n-225x300.jpg 225w, https:\/\/www.lavisqteam.fr\/wp-content\/uploads\/2021\/01\/128762065_204480611136756_9106039020193897398_n-1152x1536.jpg 1152w, https:\/\/www.lavisqteam.fr\/wp-content\/uploads\/2021\/01\/128762065_204480611136756_9106039020193897398_n.jpg 1418w\" sizes=\"(max-width: 768px) 100vw, 768px\" \/><\/a><\/figure><\/div>\n\n\n\n<p><strong>Titre Original&nbsp;: <\/strong>Bordertown<\/p>\n\n\n\n<p><strong>De&nbsp;: <\/strong>Gregory Nava<\/p>\n\n\n\n<p><strong>Avec <\/strong>Jennifer Lopez, Antonio Banderas, Sonia Braga, Maya Zapata<\/p>\n\n\n\n<p><strong>Ann\u00e9e&nbsp;: <\/strong>2007<\/p>\n\n\n\n<p><strong>Pays&nbsp;: <\/strong>Etats-Unis<\/p>\n\n\n\n<p><strong>Genre&nbsp;: <\/strong>Thriller<\/p>\n\n\n\n<p><strong>R\u00e9sum\u00e9&nbsp;:<\/strong><\/p>\n\n\n\n<p>Une journaliste enqu\u00eate sur une s\u00e9rie de meurtres commis aux abords d&rsquo;usines am\u00e9ricaines situ\u00e9es \u00e0 la fronti\u00e8re de Juarez et d&rsquo;El Paso. Entre les int\u00e9r\u00eats am\u00e9ricains, les pots-de-vin et la collusion des notables mexicains locaux, les pistes vont s&rsquo;av\u00e9rer dangereuses pour la journaliste t\u00e9m\u00e9raire&#8230;<\/p>\n\n\n\n<p><strong>Avis&nbsp;:<\/strong><strong><\/strong><\/p>\n\n\n\n<p><em>Gregory Nava<\/em> est un r\u00e9alisateur et sc\u00e9nariste am\u00e9ricain qui travaille depuis les ann\u00e9es 70. Discret, tournant assez peu et bien souvent en famille, <em>Gregory Nava<\/em> s&rsquo;est fait remarquer d\u00e8s son premier film, \u00ab\u00a0<strong>Confessions d&rsquo;amants<\/strong>\u00ab\u00a0, qui obtient le prix du meilleur premier film \u00e0 Chicago. Depuis, <em>Gregory Nava<\/em> oscille entre ses propres r\u00e9alisations et le sc\u00e9nario, une profession qu&rsquo;il exerce souvent avec sa femme. Les deux ont m\u00eame \u00e9t\u00e9 jusqu&rsquo;aux Oscar pour le meilleur sc\u00e9nario avec le \u00ab\u00a0<strong>Frida<\/strong>\u00a0\u00bb de <em>Julie Taymor<\/em>.<\/p>\n\n\n\n<p>Au cours de la carri\u00e8re de <em>Gregory Nava<\/em>, il y a un th\u00e8me qui ressort de mani\u00e8re quasi-g\u00e9n\u00e9rale, la condition de l&rsquo;\u00eatre humain. Que ce soit l&rsquo;immigration, la culture, ou encore la famille et son int\u00e9gration, <em>Gregory Nava<\/em> laisse la parole \u00e0 ceux que l&rsquo;on n&rsquo;entend pas. Retrouvant <em>Jennifer Lopez <\/em>dix ans apr\u00e8s \u00ab\u00a0<strong>Selena<\/strong>\u00ab\u00a0, <em>Gregory Nava<\/em> retourne encore une fois au Mexique et cette fois-ci, c&rsquo;est pour une enqu\u00eate journalistique. Inspir\u00e9 de faits r\u00e9els, tenant un sujet fort, \u00ab\u00a0<strong>Les oubli\u00e9es de Juarez<\/strong>\u00a0\u00bb est r\u00e9solument int\u00e9ressant, m\u00eame s\u2019il va aussi se r\u00e9v\u00e9ler in\u00e9gal, avec notamment une r\u00e9alisation qui manque de relief.<\/p>\n\n\n\n<div class=\"wp-block-image\"><figure class=\"aligncenter size-large is-resized\"><a href=\"https:\/\/www.lavisqteam.fr\/wp-content\/uploads\/2021\/01\/128585734_369994224263090_5589194670961489766_n.jpg\"><img src=\"https:\/\/www.lavisqteam.fr\/wp-content\/uploads\/2021\/01\/128585734_369994224263090_5589194670961489766_n-1024x683.jpg\" alt=\"\" class=\"wp-image-53480\" width=\"600\" srcset=\"https:\/\/www.lavisqteam.fr\/wp-content\/uploads\/2021\/01\/128585734_369994224263090_5589194670961489766_n-1024x683.jpg 1024w, https:\/\/www.lavisqteam.fr\/wp-content\/uploads\/2021\/01\/128585734_369994224263090_5589194670961489766_n-300x200.jpg 300w, https:\/\/www.lavisqteam.fr\/wp-content\/uploads\/2021\/01\/128585734_369994224263090_5589194670961489766_n-768x512.jpg 768w, https:\/\/www.lavisqteam.fr\/wp-content\/uploads\/2021\/01\/128585734_369994224263090_5589194670961489766_n.jpg 1200w\" sizes=\"(max-width: 1024px) 100vw, 1024px\" \/><\/a><\/figure><\/div>\n\n\n\n<p>Lauren Adrian est une journaliste qui travaille pour un grand quotidien de San Francisco. Lauren est envoy\u00e9e \u00e0 Juarez pour enqu\u00eater sur les meurtres de plusieurs femmes qui travaillaient toutes pour une usine am\u00e9ricaine implant\u00e9e dans la r\u00e9gion. Arriv\u00e9e sur place, retrouvant un coll\u00e8gue avec qui elle avait d\u00e9j\u00e0 enqu\u00eat\u00e9, Lauren va tr\u00e8s vite d\u00e9couvrir que ces quelques meurtres sont en fait la partie visible de l&rsquo;iceberg, et pour quelques corps retrouv\u00e9s, on parlerait ici d&rsquo;au moins cinq mille victimes. Le gouvernement \u00e9touffe l&rsquo;affaire et peu d&rsquo;indices sont retrouv\u00e9s. Enfin \u00e7a, c&rsquo;\u00e9tait jusqu&rsquo;\u00e0 ce qu&rsquo;Eva, seize ans, soit laiss\u00e9e pour morte.<\/p>\n\n\n\n<p>Sorti en toute discr\u00e9tion en 2007, le dernier film en date de <em>Gregory Nava<\/em> est un petit bout de cin\u00e9ma diablement int\u00e9ressant et qui ne m\u00e9rite absolument pas l&rsquo;ombre dans laquelle il se trouve.<\/p>\n\n\n\n<p>Pour son huiti\u00e8me film, le metteur en sc\u00e8ne am\u00e9ricain s&rsquo;est donc int\u00e9ress\u00e9 \u00e0 une sombre affaire de meurtres en s\u00e9rie. Quelque part au Mexique, des femmes se font tuer en toute impunit\u00e9. \u00ab\u00a0<strong>Les oubli\u00e9es de Juarez<\/strong>\u00a0\u00bb est un film qui est vraiment tr\u00e8s int\u00e9ressant, car derri\u00e8re \u00ab\u00a0sa simple histoire de meurtres\u00a0\u00bb, le film de <em>Gregory Nava<\/em> est bien plus que \u00e7a. \u00ab\u00a0<strong>Les oubli\u00e9es de Juarez<\/strong>\u00ab\u00a0, c&rsquo;est un film qui parle du journalisme, d&rsquo;enqu\u00eate, d&rsquo;investigation et l&rsquo;importance des hommes et femmes qui se battent pour faire \u00e9clater des v\u00e9rit\u00e9s qui peuvent d\u00e9ranger. Ici, une fois plong\u00e9 dans l&rsquo;enqu\u00eate et les premiers indices r\u00e9colt\u00e9s, ces meurtres vont prendre une toute autre dimension. \u0152uvre engag\u00e9e, \u00ab\u00a0<strong>Les oubli\u00e9es de Juarez<\/strong>\u00a0\u00bb parlera alors de politique, de corruption, de justice, d&rsquo;\u00e9changes internationaux, et plus loin encore, de surconsommation, d&rsquo;esclavage moderne, de lutte des classes&#8230; Bref, le film et le sc\u00e9nario de <em>Gregory Nava<\/em> ne manquent pas d&rsquo;\u00e9l\u00e9ments qui vont le rendre au moins int\u00e9ressant, au plus passionnant. On appr\u00e9cie que le r\u00e9alisateur ait voulu que son film soit au plus proche du terrain, abordant la complexit\u00e9 du m\u00e9tier de journaliste. Puis pour tenir ces r\u00f4les, le r\u00e9alisateur a convoqu\u00e9 de tr\u00e8s bons com\u00e9diens, <em>Jennifer Lopez<\/em> en t\u00eate d&rsquo;affiche, puis <em>Antonio Banderas, S\u00f4nia Braga, Martin Sheen<\/em>, ou encore la r\u00e9v\u00e9lation <em>Maya Zapata<\/em>. Tous sont admirables et tous creusent bien leur personnage.<\/p>\n\n\n\n<p>Si \u00ab\u00a0<strong>Les oubli\u00e9es de Juarez<\/strong>\u00a0\u00bb tient un excellent sujet et un sc\u00e9nario qui tient tr\u00e8s bien son intrigue, le film de <em>Gregory Nava<\/em> est quelque peu ab\u00eem\u00e9 car le metteur en sc\u00e8ne n&rsquo;arrive pas forc\u00e9ment \u00e0 livrer un film passionnant du c\u00f4t\u00e9 de sa r\u00e9alisation. Si parfois on appr\u00e9ciera le c\u00f4t\u00e9 documentaire, si plusieurs sc\u00e8nes ne manquent pas de \u00ab\u00a0piquant\u00a0\u00bb, c&rsquo;est bien plus souvent parce qu&rsquo;elles ont un v\u00e9ritable sujet derri\u00e8re, que pour la dimension, ou la non-dimension, qu&rsquo;insuffle le r\u00e9alisateur \u00e0 son r\u00e9cit. \u00ab\u00a0<strong>Les oubli\u00e9es de Juarez<\/strong>\u00a0\u00bb est un film qui manque d&rsquo;ambiance, c&rsquo;est un film qui n&rsquo;arrive pas \u00e0 tenir son id\u00e9e de thriller et qui bien souvent fait le choix d&rsquo;une certaine facilit\u00e9, notamment vers la fin, qui acc\u00e9l\u00e8re tout d&rsquo;un coup, ce qui est assez mal fichu.<\/p>\n\n\n\n<p>Mais au-del\u00e0 de \u00e7a, ce qui frappe et attriste dans un sens, c&rsquo;est la r\u00e9alisation de <em>Gregory Nava<\/em> qui est plate, et c&rsquo;est bien dommage, car dans ses id\u00e9es, dans ses sc\u00e8nes, ou ses rebondissements, on sent que le r\u00e9alisateur a de l&rsquo;ambition, on sent qu&rsquo;il veut faire un grand film, malheureusement, \u00ab\u00a0<strong>Les oubli\u00e9es de Juarez<\/strong>\u00ab\u00a0, au moins dans sa technique, est un film peut-\u00eatre trop grand pour <em>Gregory Nava<\/em>. On restera aussi dubitatif sur la qualit\u00e9 de la photo qu&rsquo;a choisie <em>Gregory Nava<\/em>, qui plonge alors son film dans une ambiance jaun\u00e2tre tr\u00e8s particuli\u00e8re.<\/p>\n\n\n\n<div class=\"wp-block-image\"><figure class=\"aligncenter size-large is-resized\"><a href=\"https:\/\/www.lavisqteam.fr\/wp-content\/uploads\/2021\/01\/128629362_215186996874913_8717441703613107819_n.jpg\"><img src=\"https:\/\/www.lavisqteam.fr\/wp-content\/uploads\/2021\/01\/128629362_215186996874913_8717441703613107819_n-1024x576.jpg\" alt=\"\" class=\"wp-image-53479\" width=\"600\" srcset=\"https:\/\/www.lavisqteam.fr\/wp-content\/uploads\/2021\/01\/128629362_215186996874913_8717441703613107819_n-1024x576.jpg 1024w, https:\/\/www.lavisqteam.fr\/wp-content\/uploads\/2021\/01\/128629362_215186996874913_8717441703613107819_n-300x169.jpg 300w, https:\/\/www.lavisqteam.fr\/wp-content\/uploads\/2021\/01\/128629362_215186996874913_8717441703613107819_n-768x432.jpg 768w, https:\/\/www.lavisqteam.fr\/wp-content\/uploads\/2021\/01\/128629362_215186996874913_8717441703613107819_n.jpg 1200w\" sizes=\"(max-width: 1024px) 100vw, 1024px\" \/><\/a><\/figure><\/div>\n\n\n\n<p>Avec ses d\u00e9fauts, avec son manque d&rsquo;ambiance et \u00ab\u00a0de suspens\u00a0\u00bb, \u00ab\u00a0<strong>Les oubli\u00e9es de Juarez<\/strong>\u00a0\u00bb demeure un bon film, car derri\u00e8re ces d\u00e9fauts, il tient des sujets qui sont tous int\u00e9ressants. R\u00e9solument engag\u00e9, n&rsquo;ayant pas peur de d\u00e9noncer et mettre en parall\u00e8le une sorte de connivence entre les pouvoirs publics mexicains, les pouvoirs am\u00e9ricains et un musellement de la presse, \u00ab\u00a0<strong>Les oubli\u00e9es de Juarez<\/strong>\u00a0\u00bb se pose comme une bonne surprise et un film courageux et c&rsquo;est pour cela que m\u00eame s\u2019il n&rsquo;est pas non plus incroyable, la r\u00e9alisation p\u00e9chant quelque peu, il ne m\u00e9rite pas l&rsquo;ombre dans lequel il se trouve.<\/p>\n\n\n\n<p><strong>Note\u00a0: 14\/20<\/strong><\/p>\n\n\n\n<figure class=\"wp-block-embed is-type-video is-provider-youtube wp-block-embed-youtube wp-embed-aspect-16-9 wp-has-aspect-ratio\"><div class=\"wp-block-embed__wrapper\">\n<iframe loading=\"lazy\" title=\"Bordertown 2007  Movie Trailer\" width=\"1200\" height=\"675\" src=\"https:\/\/www.youtube.com\/embed\/GmpBGivAA2w?feature=oembed\" frameborder=\"0\" allow=\"accelerometer; autoplay; clipboard-write; encrypted-media; gyroscope; picture-in-picture\" allowfullscreen><\/iframe>\n<\/div><\/figure>\n\n\n\n<p class=\"has-text-align-right\">Par <strong>Cin\u00e9ted<\/strong><\/p>\n","protected":false},"excerpt":{"rendered":"<p>Titre Original&nbsp;: Bordertown De&nbsp;: Gregory Nava Avec Jennifer Lopez, Antonio Banderas, Sonia Braga, Maya Zapata Ann\u00e9e&nbsp;: 2007 Pays&nbsp;: Etats-Unis Genre&nbsp;: Thriller R\u00e9sum\u00e9&nbsp;: Une journaliste enqu\u00eate &hellip; <\/p>\n","protected":false},"author":4,"featured_media":53481,"comment_status":"open","ping_status":"open","sticky":false,"template":"","format":"standard","meta":[],"categories":[7],"tags":[],"yoast_head":"<!-- This site is optimized with the Yoast SEO plugin v19.6.1 - https:\/\/yoast.com\/wordpress\/plugins\/seo\/ -->\n<title>Les Oubli\u00e9es de Juarez - Lavisqteam.fr<\/title>\n<meta name=\"robots\" content=\"index, follow, max-snippet:-1, max-image-preview:large, max-video-preview:-1\" \/>\n<link rel=\"canonical\" href=\"https:\/\/www.lavisqteam.fr\/?p=53477\" \/>\n<meta property=\"og:locale\" content=\"fr_FR\" \/>\n<meta property=\"og:type\" content=\"article\" \/>\n<meta property=\"og:title\" content=\"Les Oubli\u00e9es de Juarez - Lavisqteam.fr\" \/>\n<meta property=\"og:description\" content=\"Titre Original&nbsp;: Bordertown De&nbsp;: Gregory Nava Avec Jennifer Lopez, Antonio Banderas, Sonia Braga, Maya Zapata Ann\u00e9e&nbsp;: 2007 Pays&nbsp;: Etats-Unis Genre&nbsp;: Thriller R\u00e9sum\u00e9&nbsp;: Une journaliste enqu\u00eate &hellip;\" \/>\n<meta property=\"og:url\" content=\"https:\/\/www.lavisqteam.fr\/?p=53477\" \/>\n<meta property=\"og:site_name\" content=\"Lavisqteam.fr\" \/>\n<meta property=\"article:published_time\" content=\"2021-01-20T19:36:03+00:00\" \/>\n<meta property=\"article:modified_time\" content=\"2021-01-20T19:36:06+00:00\" \/>\n<meta property=\"og:image\" content=\"https:\/\/www.lavisqteam.fr\/wp-content\/uploads\/2021\/01\/140184718_2848601108686512_9114996209311802733_n.jpg\" \/>\n\t<meta property=\"og:image:width\" content=\"727\" \/>\n\t<meta property=\"og:image:height\" content=\"395\" \/>\n\t<meta property=\"og:image:type\" content=\"image\/jpeg\" \/>\n<meta name=\"author\" content=\"Cineted\" \/>\n<meta name=\"twitter:card\" content=\"summary_large_image\" \/>\n<meta name=\"twitter:image\" content=\"https:\/\/www.lavisqteam.fr\/wp-content\/uploads\/2021\/01\/140184718_2848601108686512_9114996209311802733_n.jpg\" \/>\n<meta name=\"twitter:label1\" content=\"\u00c9crit par\" \/>\n\t<meta name=\"twitter:data1\" content=\"Cineted\" \/>\n\t<meta name=\"twitter:label2\" content=\"Dur\u00e9e de lecture estim\u00e9e\" \/>\n\t<meta name=\"twitter:data2\" content=\"5 minutes\" \/>\n<script type=\"application\/ld+json\" class=\"yoast-schema-graph\">{\"@context\":\"https:\/\/schema.org\",\"@graph\":[{\"@type\":\"Article\",\"@id\":\"https:\/\/www.lavisqteam.fr\/?p=53477#article\",\"isPartOf\":{\"@id\":\"https:\/\/www.lavisqteam.fr\/?p=53477\"},\"author\":{\"name\":\"Cineted\",\"@id\":\"https:\/\/www.lavisqteam.fr\/#\/schema\/person\/4ed7295b68bc3daae9094db5f1f9f913\"},\"headline\":\"Les Oubli\u00e9es de Juarez\",\"datePublished\":\"2021-01-20T19:36:03+00:00\",\"dateModified\":\"2021-01-20T19:36:06+00:00\",\"mainEntityOfPage\":{\"@id\":\"https:\/\/www.lavisqteam.fr\/?p=53477\"},\"wordCount\":1083,\"commentCount\":0,\"publisher\":{\"@id\":\"https:\/\/www.lavisqteam.fr\/#organization\"},\"articleSection\":[\"Cin\u00e9ma\"],\"inLanguage\":\"fr-FR\",\"potentialAction\":[{\"@type\":\"CommentAction\",\"name\":\"Comment\",\"target\":[\"https:\/\/www.lavisqteam.fr\/?p=53477#respond\"]}]},{\"@type\":\"WebPage\",\"@id\":\"https:\/\/www.lavisqteam.fr\/?p=53477\",\"url\":\"https:\/\/www.lavisqteam.fr\/?p=53477\",\"name\":\"Les Oubli\u00e9es de Juarez - Lavisqteam.fr\",\"isPartOf\":{\"@id\":\"https:\/\/www.lavisqteam.fr\/#website\"},\"datePublished\":\"2021-01-20T19:36:03+00:00\",\"dateModified\":\"2021-01-20T19:36:06+00:00\",\"breadcrumb\":{\"@id\":\"https:\/\/www.lavisqteam.fr\/?p=53477#breadcrumb\"},\"inLanguage\":\"fr-FR\",\"potentialAction\":[{\"@type\":\"ReadAction\",\"target\":[\"https:\/\/www.lavisqteam.fr\/?p=53477\"]}]},{\"@type\":\"BreadcrumbList\",\"@id\":\"https:\/\/www.lavisqteam.fr\/?p=53477#breadcrumb\",\"itemListElement\":[{\"@type\":\"ListItem\",\"position\":1,\"name\":\"Accueil\",\"item\":\"https:\/\/www.lavisqteam.fr\/\"},{\"@type\":\"ListItem\",\"position\":2,\"name\":\"Les Oubli\u00e9es de Juarez\"}]},{\"@type\":\"WebSite\",\"@id\":\"https:\/\/www.lavisqteam.fr\/#website\",\"url\":\"https:\/\/www.lavisqteam.fr\/\",\"name\":\"Lavisqteam.fr\",\"description\":\"\",\"publisher\":{\"@id\":\"https:\/\/www.lavisqteam.fr\/#organization\"},\"potentialAction\":[{\"@type\":\"SearchAction\",\"target\":{\"@type\":\"EntryPoint\",\"urlTemplate\":\"https:\/\/www.lavisqteam.fr\/?s={search_term_string}\"},\"query-input\":\"required name=search_term_string\"}],\"inLanguage\":\"fr-FR\"},{\"@type\":\"Organization\",\"@id\":\"https:\/\/www.lavisqteam.fr\/#organization\",\"name\":\"Lavisqteam.fr\",\"url\":\"https:\/\/www.lavisqteam.fr\/\",\"sameAs\":[],\"logo\":{\"@type\":\"ImageObject\",\"inLanguage\":\"fr-FR\",\"@id\":\"https:\/\/www.lavisqteam.fr\/#\/schema\/logo\/image\/\",\"url\":\"https:\/\/www.lavisqteam.fr\/wp-content\/uploads\/2020\/08\/cropped-80879545_3479261675449035_4078032831501041664_o-4.jpg\",\"contentUrl\":\"https:\/\/www.lavisqteam.fr\/wp-content\/uploads\/2020\/08\/cropped-80879545_3479261675449035_4078032831501041664_o-4.jpg\",\"width\":1674,\"height\":536,\"caption\":\"Lavisqteam.fr\"},\"image\":{\"@id\":\"https:\/\/www.lavisqteam.fr\/#\/schema\/logo\/image\/\"}},{\"@type\":\"Person\",\"@id\":\"https:\/\/www.lavisqteam.fr\/#\/schema\/person\/4ed7295b68bc3daae9094db5f1f9f913\",\"name\":\"Cineted\",\"image\":{\"@type\":\"ImageObject\",\"inLanguage\":\"fr-FR\",\"@id\":\"https:\/\/www.lavisqteam.fr\/#\/schema\/person\/image\/\",\"url\":\"https:\/\/secure.gravatar.com\/avatar\/2d66d0012368c91013200ba69885bddd?s=96&d=mm&r=g\",\"contentUrl\":\"https:\/\/secure.gravatar.com\/avatar\/2d66d0012368c91013200ba69885bddd?s=96&d=mm&r=g\",\"caption\":\"Cineted\"},\"url\":\"https:\/\/www.lavisqteam.fr\/?author=4\"}]}<\/script>\n<!-- \/ Yoast SEO plugin. -->","yoast_head_json":{"title":"Les Oubli\u00e9es de Juarez - Lavisqteam.fr","robots":{"index":"index","follow":"follow","max-snippet":"max-snippet:-1","max-image-preview":"max-image-preview:large","max-video-preview":"max-video-preview:-1"},"canonical":"https:\/\/www.lavisqteam.fr\/?p=53477","og_locale":"fr_FR","og_type":"article","og_title":"Les Oubli\u00e9es de Juarez - Lavisqteam.fr","og_description":"Titre Original&nbsp;: Bordertown De&nbsp;: Gregory Nava Avec Jennifer Lopez, Antonio Banderas, Sonia Braga, Maya Zapata Ann\u00e9e&nbsp;: 2007 Pays&nbsp;: Etats-Unis Genre&nbsp;: Thriller R\u00e9sum\u00e9&nbsp;: Une journaliste enqu\u00eate &hellip;","og_url":"https:\/\/www.lavisqteam.fr\/?p=53477","og_site_name":"Lavisqteam.fr","article_published_time":"2021-01-20T19:36:03+00:00","article_modified_time":"2021-01-20T19:36:06+00:00","og_image":[{"width":727,"height":395,"url":"https:\/\/www.lavisqteam.fr\/wp-content\/uploads\/2021\/01\/140184718_2848601108686512_9114996209311802733_n.jpg","type":"image\/jpeg"}],"author":"Cineted","twitter_card":"summary_large_image","twitter_image":"https:\/\/www.lavisqteam.fr\/wp-content\/uploads\/2021\/01\/140184718_2848601108686512_9114996209311802733_n.jpg","twitter_misc":{"\u00c9crit par":"Cineted","Dur\u00e9e de lecture estim\u00e9e":"5 minutes"},"schema":{"@context":"https:\/\/schema.org","@graph":[{"@type":"Article","@id":"https:\/\/www.lavisqteam.fr\/?p=53477#article","isPartOf":{"@id":"https:\/\/www.lavisqteam.fr\/?p=53477"},"author":{"name":"Cineted","@id":"https:\/\/www.lavisqteam.fr\/#\/schema\/person\/4ed7295b68bc3daae9094db5f1f9f913"},"headline":"Les Oubli\u00e9es de Juarez","datePublished":"2021-01-20T19:36:03+00:00","dateModified":"2021-01-20T19:36:06+00:00","mainEntityOfPage":{"@id":"https:\/\/www.lavisqteam.fr\/?p=53477"},"wordCount":1083,"commentCount":0,"publisher":{"@id":"https:\/\/www.lavisqteam.fr\/#organization"},"articleSection":["Cin\u00e9ma"],"inLanguage":"fr-FR","potentialAction":[{"@type":"CommentAction","name":"Comment","target":["https:\/\/www.lavisqteam.fr\/?p=53477#respond"]}]},{"@type":"WebPage","@id":"https:\/\/www.lavisqteam.fr\/?p=53477","url":"https:\/\/www.lavisqteam.fr\/?p=53477","name":"Les Oubli\u00e9es de Juarez - Lavisqteam.fr","isPartOf":{"@id":"https:\/\/www.lavisqteam.fr\/#website"},"datePublished":"2021-01-20T19:36:03+00:00","dateModified":"2021-01-20T19:36:06+00:00","breadcrumb":{"@id":"https:\/\/www.lavisqteam.fr\/?p=53477#breadcrumb"},"inLanguage":"fr-FR","potentialAction":[{"@type":"ReadAction","target":["https:\/\/www.lavisqteam.fr\/?p=53477"]}]},{"@type":"BreadcrumbList","@id":"https:\/\/www.lavisqteam.fr\/?p=53477#breadcrumb","itemListElement":[{"@type":"ListItem","position":1,"name":"Accueil","item":"https:\/\/www.lavisqteam.fr\/"},{"@type":"ListItem","position":2,"name":"Les Oubli\u00e9es de Juarez"}]},{"@type":"WebSite","@id":"https:\/\/www.lavisqteam.fr\/#website","url":"https:\/\/www.lavisqteam.fr\/","name":"Lavisqteam.fr","description":"","publisher":{"@id":"https:\/\/www.lavisqteam.fr\/#organization"},"potentialAction":[{"@type":"SearchAction","target":{"@type":"EntryPoint","urlTemplate":"https:\/\/www.lavisqteam.fr\/?s={search_term_string}"},"query-input":"required name=search_term_string"}],"inLanguage":"fr-FR"},{"@type":"Organization","@id":"https:\/\/www.lavisqteam.fr\/#organization","name":"Lavisqteam.fr","url":"https:\/\/www.lavisqteam.fr\/","sameAs":[],"logo":{"@type":"ImageObject","inLanguage":"fr-FR","@id":"https:\/\/www.lavisqteam.fr\/#\/schema\/logo\/image\/","url":"https:\/\/www.lavisqteam.fr\/wp-content\/uploads\/2020\/08\/cropped-80879545_3479261675449035_4078032831501041664_o-4.jpg","contentUrl":"https:\/\/www.lavisqteam.fr\/wp-content\/uploads\/2020\/08\/cropped-80879545_3479261675449035_4078032831501041664_o-4.jpg","width":1674,"height":536,"caption":"Lavisqteam.fr"},"image":{"@id":"https:\/\/www.lavisqteam.fr\/#\/schema\/logo\/image\/"}},{"@type":"Person","@id":"https:\/\/www.lavisqteam.fr\/#\/schema\/person\/4ed7295b68bc3daae9094db5f1f9f913","name":"Cineted","image":{"@type":"ImageObject","inLanguage":"fr-FR","@id":"https:\/\/www.lavisqteam.fr\/#\/schema\/person\/image\/","url":"https:\/\/secure.gravatar.com\/avatar\/2d66d0012368c91013200ba69885bddd?s=96&d=mm&r=g","contentUrl":"https:\/\/secure.gravatar.com\/avatar\/2d66d0012368c91013200ba69885bddd?s=96&d=mm&r=g","caption":"Cineted"},"url":"https:\/\/www.lavisqteam.fr\/?author=4"}]}},"jetpack_featured_media_url":"https:\/\/www.lavisqteam.fr\/wp-content\/uploads\/2021\/01\/140184718_2848601108686512_9114996209311802733_n.jpg","_links":{"self":[{"href":"https:\/\/www.lavisqteam.fr\/index.php?rest_route=\/wp\/v2\/posts\/53477"}],"collection":[{"href":"https:\/\/www.lavisqteam.fr\/index.php?rest_route=\/wp\/v2\/posts"}],"about":[{"href":"https:\/\/www.lavisqteam.fr\/index.php?rest_route=\/wp\/v2\/types\/post"}],"author":[{"embeddable":true,"href":"https:\/\/www.lavisqteam.fr\/index.php?rest_route=\/wp\/v2\/users\/4"}],"replies":[{"embeddable":true,"href":"https:\/\/www.lavisqteam.fr\/index.php?rest_route=%2Fwp%2Fv2%2Fcomments&post=53477"}],"version-history":[{"count":1,"href":"https:\/\/www.lavisqteam.fr\/index.php?rest_route=\/wp\/v2\/posts\/53477\/revisions"}],"predecessor-version":[{"id":53483,"href":"https:\/\/www.lavisqteam.fr\/index.php?rest_route=\/wp\/v2\/posts\/53477\/revisions\/53483"}],"wp:featuredmedia":[{"embeddable":true,"href":"https:\/\/www.lavisqteam.fr\/index.php?rest_route=\/wp\/v2\/media\/53481"}],"wp:attachment":[{"href":"https:\/\/www.lavisqteam.fr\/index.php?rest_route=%2Fwp%2Fv2%2Fmedia&parent=53477"}],"wp:term":[{"taxonomy":"category","embeddable":true,"href":"https:\/\/www.lavisqteam.fr\/index.php?rest_route=%2Fwp%2Fv2%2Fcategories&post=53477"},{"taxonomy":"post_tag","embeddable":true,"href":"https:\/\/www.lavisqteam.fr\/index.php?rest_route=%2Fwp%2Fv2%2Ftags&post=53477"}],"curies":[{"name":"wp","href":"https:\/\/api.w.org\/{rel}","templated":true}]}}