{"id":52017,"date":"2020-11-22T19:48:19","date_gmt":"2020-11-22T19:48:19","guid":{"rendered":"http:\/\/www.lavisqteam.fr\/?p=52017"},"modified":"2020-11-22T19:48:21","modified_gmt":"2020-11-22T19:48:21","slug":"ad-vitam","status":"publish","type":"post","link":"https:\/\/www.lavisqteam.fr\/?p=52017","title":{"rendered":"Ad Vitam"},"content":{"rendered":"\n<div class=\"wp-block-image\"><figure class=\"aligncenter size-large is-resized\"><img src=\"https:\/\/www.lavisqteam.fr\/wp-content\/uploads\/2020\/11\/121970215_889085088162877_7914074502137857301_n.jpg\" alt=\"\" class=\"wp-image-52018\" width=\"600\" srcset=\"https:\/\/www.lavisqteam.fr\/wp-content\/uploads\/2020\/11\/121970215_889085088162877_7914074502137857301_n.jpg 679w, https:\/\/www.lavisqteam.fr\/wp-content\/uploads\/2020\/11\/121970215_889085088162877_7914074502137857301_n-212x300.jpg 212w\" sizes=\"(max-width: 679px) 100vw, 679px\" \/><\/figure><\/div>\n\n\n\n<p><strong>D\u2019Apr\u00e8s une Id\u00e9e de&nbsp;: <\/strong>Thomas Cailley et S\u00e9bastien Mounier<\/p>\n\n\n\n<p><strong>Avec <\/strong>Yvan Attal, Garance Marillier, Niels Schneider, Adel Bencherif<\/p>\n\n\n\n<p><strong>Pays: <\/strong>France<\/p>\n\n\n\n<p><strong>Nombre d\u2019Episodes: <\/strong>6<\/p>\n\n\n\n<p><strong>Genre: <\/strong>Drame, Science-Fiction<\/p>\n\n\n\n<p><strong>R\u00e9sum\u00e9&nbsp;:<\/strong><\/p>\n\n\n\n<p>Alors qu\u2019on pense avoir vaincu la mort, sont d\u00e9couverts les corps de sept suicid\u00e9s, tous mineurs. D\u00e9rive sectaire, acte politique, cri d\u2019alarme d\u2019une jeunesse sans rep\u00e8res ? Darius, flic de 120 ans, m\u00e8ne l\u2019enqu\u00eate avec Christa, jeune fille r\u00e9volt\u00e9e et rebelle.<\/p>\n\n\n\n<p><strong>Avis&nbsp;:<\/strong><strong><\/strong><\/p>\n\n\n\n<p>Dans les nouveaux visages du cin\u00e9ma fran\u00e7ais, aujourd&rsquo;hui, je tire la carte <em>Thomas Cailley<\/em>. Jeune r\u00e9alisateur, <em>Cailley <\/em>a fait la F\u00e9mis en section sc\u00e9nario. Apr\u00e8s un court-m\u00e9trage, il r\u00e9ussit \u00e0 se lancer dans un premier film et son film fut l&rsquo;un des succ\u00e8s surprises de 2014. Ce film, c&rsquo;est \u00ab\u00a0<strong>Les combattants<\/strong>\u00a0\u00bb et si vous ne l&rsquo;avait pas encore vu, ce premier film qui r\u00e9unit <em>Ad\u00e8le Haenel<\/em> et <em>K\u00e9vin Aza\u00efs<\/em> sur fond de romance qui m\u00e9lange les genres, vaut clairement le coup d&rsquo;\u0153il. Avec un tel succ\u00e8s, <em>Thomas Cailley<\/em> aurait pu revenir tr\u00e8s vite, mais il a pr\u00e9f\u00e9r\u00e9 attendre, et surtout travailler sur d&rsquo;autres projets, ainsi, on le retrouve \u00e0 l&rsquo;\u00e9criture de l&rsquo;excellent \u00ab\u00a0<strong>Ami-Ami<\/strong>\u00ab\u00a0, premier film de <em>Victor Saint-Macary<\/em> ou encore \u00e0 l&rsquo;\u00e9criture de la s\u00e9rie de science-fiction \u00ab\u00a0<strong>Trepalium<\/strong>\u00ab\u00a0.<\/p>\n\n\n\n<p>Quatre ans apr\u00e8s son premier film, <em>Thomas Cailley<\/em> est donc de retour, mais ce n&rsquo;est pas dans les salles obscures qu&rsquo;on trouve le metteur en sc\u00e8ne. Non, on le retrouve sur Arte et Netflix, pour une mini-s\u00e9rie d&rsquo;anticipation en six \u00e9pisodes. S\u00e9rie ambitieuse, m\u00e9langeant toujours aussi bien les genres, tenant un univers, avec \u00ab\u00a0<strong>Ad Vitam<\/strong>\u00ab\u00a0, <em>Thomas Cailley<\/em> propose quelque chose et bouscule un peu le trop sage cin\u00e9ma fran\u00e7ais \u00e0 la t\u00e9l\u00e9vision. Reste que malgr\u00e9 tout ce qui est fait, \u00ab\u00a0<strong>Ad Vitam<\/strong>\u00a0\u00bb se d\u00e9gonfle sur un dernier \u00e9pisode, qui boucle tout trop vite et surtout ne conclut pas grand-chose, nous laissant ainsi avec des questions qui ne trouveront jamais de r\u00e9ponse et c&rsquo;est vraiment, mais vraiment, dommage.<\/p>\n\n\n\n<div class=\"wp-block-image\"><figure class=\"aligncenter size-large is-resized\"><img src=\"https:\/\/www.lavisqteam.fr\/wp-content\/uploads\/2020\/11\/87672808_519105009001736_5869936334633697280_n-1024x612.png\" alt=\"\" class=\"wp-image-52020\" width=\"600\" srcset=\"https:\/\/www.lavisqteam.fr\/wp-content\/uploads\/2020\/11\/87672808_519105009001736_5869936334633697280_n-1024x612.png 1024w, https:\/\/www.lavisqteam.fr\/wp-content\/uploads\/2020\/11\/87672808_519105009001736_5869936334633697280_n-300x179.png 300w, https:\/\/www.lavisqteam.fr\/wp-content\/uploads\/2020\/11\/87672808_519105009001736_5869936334633697280_n-768x459.png 768w, https:\/\/www.lavisqteam.fr\/wp-content\/uploads\/2020\/11\/87672808_519105009001736_5869936334633697280_n-445x265.png 445w, https:\/\/www.lavisqteam.fr\/wp-content\/uploads\/2020\/11\/87672808_519105009001736_5869936334633697280_n.png 1267w\" sizes=\"(max-width: 1024px) 100vw, 1024px\" \/><\/figure><\/div>\n\n\n\n<p>2068, la mort n&rsquo;existe plus vraiment et aujourd&rsquo;hui, la doyenne de l&rsquo;humanit\u00e9 a cent-soixante-neuf ans et l&rsquo;\u00e9nergie et le corps d&rsquo;une jeune trentenaire. Dans cette soci\u00e9t\u00e9 o\u00f9 d\u00e9sormais faire un enfant devient un d\u00e9bat de soci\u00e9t\u00e9, car a-t-on encore besoin de faire des enfants face \u00e0 la surpopulation et surtout l&rsquo;immortalit\u00e9, les corps de sept adolescents sont retrouv\u00e9s un matin sur une plage. Tous se sont suicid\u00e9s, mais qu&rsquo;est-ce qui a bien pu les amener \u00e0 se donner la mort, alors m\u00eame qu&rsquo;ils ne savent pas ce que c&rsquo;est ? Darius Asram, cent-dix-neuf ans, est en charge de l&rsquo;enqu\u00eate et tr\u00e8s vite, cette derni\u00e8re va l&#8217;emmener sur un suicide collectif d&rsquo;il y a dix ans. Un suicide o\u00f9 seule une jeune femme avait surv\u00e9cu. Darius entre donc en contact avec elle et ensemble, ils vont mener cette enqu\u00eate. Une enqu\u00eate sombre et sinueuse.<\/p>\n\n\n\n<p>Originale, bien foutue et surtout prenante, \u00ab\u00a0<strong>Ad Vitam<\/strong>\u00ab\u00a0, la s\u00e9rie de <em>Thomas Cailley<\/em> se pose comme une jolie surprise qui demeure encore deux ans apr\u00e8s sa sortie, quasi-inconnue et c&rsquo;est bien dommage.<\/p>\n\n\n\n<p>On attendait un projet de la part du r\u00e9alisateur des \u00ab\u00a0&#8230; <strong>combattants<\/strong>\u00ab\u00a0, histoire de voir si tous les espoirs plac\u00e9s en lui \u00e9taient payants et m\u00eame si \u00ab\u00a0<strong>Ad Vitam<\/strong>\u00a0\u00bb a ses faiblesses et finit par d\u00e9cevoir, il reste clair que <em>Thomas Cailley<\/em> est un auteur de talent qu&rsquo;on a encore plus envie de suivre. Audacieux, osant s&rsquo;aventurer dans des genres difficiles, osant m\u00e9langer les genres, <em>Thomas Cailley <\/em>est de ces jeunes qui font du bien au cin\u00e9ma fran\u00e7ais.<\/p>\n\n\n\n<p>\u00ab\u00a0<strong>Ad Vitam<\/strong>\u00a0\u00bb est une s\u00e9rie aussi bien de science-fiction et d&rsquo;anticipation qu&rsquo;une s\u00e9rie polici\u00e8re, qui tient plut\u00f4t bien son enqu\u00eate. On ajoutera \u00e0 cela un c\u00f4t\u00e9 politique avec notamment tout ce qui est fait autour d&rsquo;une possibilit\u00e9 du contr\u00f4le des naissances ou encore le droit \u00e0 la r\u00e9g\u00e9n\u00e9ration inscrit dans la constitution, et surtout une bonne r\u00e9flexion sur l&rsquo;immortalit\u00e9, l&rsquo;ennui, l&rsquo;acceptation de cette immortalit\u00e9 (les visages qui ne vieillissent pas, les souvenirs, la m\u00e9moire, les maladies, c&rsquo;est vraiment ce qui est le plus passionnant dans cette s\u00e9rie) l&rsquo;envie de l&rsquo;\u00eatre humain de toujours se d\u00e9passer, ou encore la surpopulation de masse, avec une soci\u00e9t\u00e9 \u00ab\u00a0qui ne vieillit plus et ne meurt plus\u00a0\u00bb. <em>Thomas Cailley<\/em> explore bien ses sujets, et sa s\u00e9rie est en permanence int\u00e9ressante, car elle offre toujours quelque chose qui pique la curiosit\u00e9.<\/p>\n\n\n\n<p>Le r\u00e9alisateur\/sc\u00e9nariste et showrunner arrive tr\u00e8s bien \u00e0 passer d&rsquo;un \u00e9l\u00e9ment \u00e0 l&rsquo;autre, d\u00e9veloppant ainsi l&rsquo;enqu\u00eate sur laquelle ses personnages bossent, tout en apportant richesse et profondeur \u00e0 son univers et surtout son (in) humanit\u00e9, qui d\u00e9borde d&rsquo;id\u00e9es et d&rsquo;\u00e9l\u00e9ments qui mettent parfaitement en relief une soci\u00e9t\u00e9 qui se croit forte, mais qui est surtout \u00e0 la d\u00e9rive. Malheureusement, si <em>Thomas Cailley<\/em> tient son univers et ses r\u00e9flexions jusqu&rsquo;au bout de ses six \u00e9pisodes, on ne peut pas vraiment en dire autant sur son enqu\u00eate. Une enqu\u00eate qui tient parfaitement la route sur les trois-quarts de la s\u00e9rie et qui d&rsquo;un coup d&rsquo;un seul est achev\u00e9e en dix minutes. Et encore achev\u00e9e, c&rsquo;est un bien grand mot, car si elle \u00e9tait achev\u00e9e, cela voudrait dire qu&rsquo;elle est conclue, or ici, ce n&rsquo;est pas le cas et c&rsquo;est un sentiment assez \u00e9trange, car tout laisse \u00e0 imaginer la possibilit\u00e9 d&rsquo;une deuxi\u00e8me saison, mais la s\u00e9rie est bel et bien finie, laissant derri\u00e8re elle \u00e9norm\u00e9ment de questions en suspens.<\/p>\n\n\n\n<p>Si <em>Thomas Cailley<\/em> se rate quelque peu sur les derniers instants de sa s\u00e9rie, il faut toutefois lui laisser d&rsquo;avoir une vraie ambition et une envie de faire bouger les choses. <em>Thomas Cailley<\/em> avait d\u00e9j\u00e0 fait preuve d&rsquo;audace avec \u00ab\u00a0<strong>Les combattants<\/strong>\u00ab\u00a0, et il r\u00e9it\u00e8re ici avec une s\u00e9rie qui a vraiment du cachet. Une s\u00e9rie bourr\u00e9e d&rsquo;id\u00e9es de mise en sc\u00e8ne. Une s\u00e9rie qui veut tenir un univers, et offrir un tr\u00e8s beau spectacle \u00e0 son public. Tenant un bon rythme, m\u00e9langeant tr\u00e8s bien les genres, tenant une photographie tr\u00e8s int\u00e9ressante qui ne cesse de jouer avec les lumi\u00e8res, et tout ceci accompagn\u00e9 par une BO futuriste prenant offert par <em>HitnRun<\/em>, \u00ab\u00a0<strong>Ad Vitam<\/strong>\u00a0\u00bb a de la tronche et se laisse suivre avec suspens, intrigue et un soup\u00e7on d&rsquo;\u00e9vasion.<\/p>\n\n\n\n<p>Enfin, si la s\u00e9rie fonctionne aussi bien, c&rsquo;est gr\u00e2ce \u00e0 ses com\u00e9diens, et surtout ce duo qui est compos\u00e9 par <em>Yvan Attal<\/em>, excellent en flic centenaire qui est arriv\u00e9 au bout de quelque chose et <em>Garance Marillier<\/em>, la r\u00e9v\u00e9lation du \u00ab\u00a0<strong>Grave<\/strong>\u00a0\u00bb de <em>Julia Ducournau<\/em>, qui tient l\u00e0 un r\u00f4le dense et int\u00e9ressant. Un r\u00f4le qui ne cesse de surprendre tout du long. \u00ab\u00a0<strong>Ad Vitam<\/strong>\u00a0\u00bb est aussi compos\u00e9e de tout un tas de seconds r\u00f4les qui apportent beaucoup \u00e0 la s\u00e9rie. Des seconds r\u00f4les tenus par la cr\u00e8me de la cr\u00e8me des jeunes acteurs, <em>Niels Schneider, Rod Paradot, Anthony Bajon, Victor Assi\u00e9<\/em>.<\/p>\n\n\n\n<div class=\"wp-block-image\"><figure class=\"aligncenter size-large is-resized\"><img src=\"https:\/\/www.lavisqteam.fr\/wp-content\/uploads\/2020\/11\/122099624_716948498910849_964477558141559905_n-1024x614.jpg\" alt=\"\" class=\"wp-image-52019\" width=\"600\" srcset=\"https:\/\/www.lavisqteam.fr\/wp-content\/uploads\/2020\/11\/122099624_716948498910849_964477558141559905_n-1024x614.jpg 1024w, https:\/\/www.lavisqteam.fr\/wp-content\/uploads\/2020\/11\/122099624_716948498910849_964477558141559905_n-300x180.jpg 300w, https:\/\/www.lavisqteam.fr\/wp-content\/uploads\/2020\/11\/122099624_716948498910849_964477558141559905_n-768x461.jpg 768w, https:\/\/www.lavisqteam.fr\/wp-content\/uploads\/2020\/11\/122099624_716948498910849_964477558141559905_n-1536x922.jpg 1536w, https:\/\/www.lavisqteam.fr\/wp-content\/uploads\/2020\/11\/122099624_716948498910849_964477558141559905_n.jpg 2000w\" sizes=\"(max-width: 1024px) 100vw, 1024px\" \/><\/figure><\/div>\n\n\n\n<p>On quitte donc \u00ab\u00a0<strong>Ad Vitam<\/strong>\u00a0\u00bb partag\u00e9. C&rsquo;est une bonne s\u00e9rie que nous offre l\u00e0 <em>Thomas Cailley<\/em>. \u00ab\u00a0<strong>Ad Vitam<\/strong>\u00a0\u00bb a \u00e9norm\u00e9ment d&rsquo;arguments pour elle, entre son ambiance, son m\u00e9lange des genres, sa r\u00e9flexion sur la soci\u00e9t\u00e9 et l&rsquo;immortalit\u00e9. La s\u00e9rie a de l&rsquo;ambition et visuellement elle en envoie. Mais il reste ce final, cette derni\u00e8re demi-heure o\u00f9 tout s&rsquo;encha\u00eene bien trop vite et surtout \u00e7a ne r\u00e9pond pas \u00e0 beaucoup de questions, ce qui nous laisse sur une frustration. On pourrait m\u00eame r\u00e9sumer les sentiments de cette frustration par deux phrases&nbsp;: \u00ab\u00a0Tout \u00e7a pour \u00e7a\u00a0\u00bb et \u00ab\u00a0Oui, mais encore ?\u00a0\u00bb. Ce sentiment est vraiment dommage, car il entache vraiment cette bonne s\u00e9rie. Je reste donc \u00ab\u00a0heureux\u00a0\u00bb de m&rsquo;y \u00eatre arr\u00eat\u00e9, car \u00ab\u00a0<strong>Ad Vitam<\/strong>\u00a0\u00bb confirme que <em>Thomas Cailley<\/em> est un auteur \u00e0 suivre et sur lequel on pourra compter.<\/p>\n\n\n\n<p><strong>Note\u00a0: 14\/20<\/strong><\/p>\n\n\n\n<figure class=\"wp-block-embed-youtube wp-block-embed is-type-video is-provider-youtube wp-embed-aspect-16-9 wp-has-aspect-ratio\"><div class=\"wp-block-embed__wrapper\">\n<iframe loading=\"lazy\" title=\"AD VITAM Bande Annonce (Science-Fiction 2018) Garance Marillier, Yvan Attal\" width=\"1200\" height=\"675\" src=\"https:\/\/www.youtube.com\/embed\/tfrQtoDWajY?feature=oembed\" frameborder=\"0\" allow=\"accelerometer; autoplay; clipboard-write; encrypted-media; gyroscope; picture-in-picture\" allowfullscreen><\/iframe>\n<\/div><\/figure>\n\n\n\n<p class=\"has-text-align-right\">Par<strong> Cin\u00e9ted<\/strong><\/p>\n","protected":false},"excerpt":{"rendered":"<p>D\u2019Apr\u00e8s une Id\u00e9e de&nbsp;: Thomas Cailley et S\u00e9bastien Mounier Avec Yvan Attal, Garance Marillier, Niels Schneider, Adel Bencherif Pays: France Nombre d\u2019Episodes: 6 Genre: Drame, &hellip; <\/p>\n","protected":false},"author":4,"featured_media":52019,"comment_status":"open","ping_status":"open","sticky":false,"template":"","format":"standard","meta":[],"categories":[13],"tags":[],"yoast_head":"<!-- This site is optimized with the Yoast SEO plugin v19.6.1 - https:\/\/yoast.com\/wordpress\/plugins\/seo\/ -->\n<title>Ad Vitam - Lavisqteam.fr<\/title>\n<meta name=\"robots\" content=\"index, follow, max-snippet:-1, max-image-preview:large, max-video-preview:-1\" \/>\n<link rel=\"canonical\" href=\"https:\/\/www.lavisqteam.fr\/?p=52017\" \/>\n<meta property=\"og:locale\" content=\"fr_FR\" \/>\n<meta property=\"og:type\" content=\"article\" \/>\n<meta property=\"og:title\" content=\"Ad Vitam - Lavisqteam.fr\" \/>\n<meta property=\"og:description\" content=\"D\u2019Apr\u00e8s une Id\u00e9e de&nbsp;: Thomas Cailley et S\u00e9bastien Mounier Avec Yvan Attal, Garance Marillier, Niels Schneider, Adel Bencherif Pays: France Nombre d\u2019Episodes: 6 Genre: Drame, &hellip;\" \/>\n<meta property=\"og:url\" content=\"https:\/\/www.lavisqteam.fr\/?p=52017\" \/>\n<meta property=\"og:site_name\" content=\"Lavisqteam.fr\" \/>\n<meta property=\"article:published_time\" content=\"2020-11-22T19:48:19+00:00\" \/>\n<meta property=\"article:modified_time\" content=\"2020-11-22T19:48:21+00:00\" \/>\n<meta property=\"og:image\" content=\"https:\/\/www.lavisqteam.fr\/wp-content\/uploads\/2020\/11\/122099624_716948498910849_964477558141559905_n.jpg\" \/>\n\t<meta property=\"og:image:width\" content=\"2000\" \/>\n\t<meta property=\"og:image:height\" content=\"1200\" \/>\n\t<meta property=\"og:image:type\" content=\"image\/jpeg\" \/>\n<meta name=\"author\" content=\"Cineted\" \/>\n<meta name=\"twitter:card\" content=\"summary_large_image\" \/>\n<meta name=\"twitter:image\" content=\"https:\/\/www.lavisqteam.fr\/wp-content\/uploads\/2020\/11\/122099624_716948498910849_964477558141559905_n.jpg\" \/>\n<meta name=\"twitter:label1\" content=\"\u00c9crit par\" \/>\n\t<meta name=\"twitter:data1\" content=\"Cineted\" \/>\n\t<meta name=\"twitter:label2\" content=\"Dur\u00e9e de lecture estim\u00e9e\" \/>\n\t<meta name=\"twitter:data2\" content=\"7 minutes\" \/>\n<script type=\"application\/ld+json\" class=\"yoast-schema-graph\">{\"@context\":\"https:\/\/schema.org\",\"@graph\":[{\"@type\":\"Article\",\"@id\":\"https:\/\/www.lavisqteam.fr\/?p=52017#article\",\"isPartOf\":{\"@id\":\"https:\/\/www.lavisqteam.fr\/?p=52017\"},\"author\":{\"name\":\"Cineted\",\"@id\":\"https:\/\/www.lavisqteam.fr\/#\/schema\/person\/4ed7295b68bc3daae9094db5f1f9f913\"},\"headline\":\"Ad Vitam\",\"datePublished\":\"2020-11-22T19:48:19+00:00\",\"dateModified\":\"2020-11-22T19:48:21+00:00\",\"mainEntityOfPage\":{\"@id\":\"https:\/\/www.lavisqteam.fr\/?p=52017\"},\"wordCount\":1387,\"commentCount\":0,\"publisher\":{\"@id\":\"https:\/\/www.lavisqteam.fr\/#organization\"},\"articleSection\":[\"S\u00e9rie\"],\"inLanguage\":\"fr-FR\",\"potentialAction\":[{\"@type\":\"CommentAction\",\"name\":\"Comment\",\"target\":[\"https:\/\/www.lavisqteam.fr\/?p=52017#respond\"]}]},{\"@type\":\"WebPage\",\"@id\":\"https:\/\/www.lavisqteam.fr\/?p=52017\",\"url\":\"https:\/\/www.lavisqteam.fr\/?p=52017\",\"name\":\"Ad Vitam - Lavisqteam.fr\",\"isPartOf\":{\"@id\":\"https:\/\/www.lavisqteam.fr\/#website\"},\"datePublished\":\"2020-11-22T19:48:19+00:00\",\"dateModified\":\"2020-11-22T19:48:21+00:00\",\"breadcrumb\":{\"@id\":\"https:\/\/www.lavisqteam.fr\/?p=52017#breadcrumb\"},\"inLanguage\":\"fr-FR\",\"potentialAction\":[{\"@type\":\"ReadAction\",\"target\":[\"https:\/\/www.lavisqteam.fr\/?p=52017\"]}]},{\"@type\":\"BreadcrumbList\",\"@id\":\"https:\/\/www.lavisqteam.fr\/?p=52017#breadcrumb\",\"itemListElement\":[{\"@type\":\"ListItem\",\"position\":1,\"name\":\"Accueil\",\"item\":\"https:\/\/www.lavisqteam.fr\/\"},{\"@type\":\"ListItem\",\"position\":2,\"name\":\"Ad Vitam\"}]},{\"@type\":\"WebSite\",\"@id\":\"https:\/\/www.lavisqteam.fr\/#website\",\"url\":\"https:\/\/www.lavisqteam.fr\/\",\"name\":\"Lavisqteam.fr\",\"description\":\"\",\"publisher\":{\"@id\":\"https:\/\/www.lavisqteam.fr\/#organization\"},\"potentialAction\":[{\"@type\":\"SearchAction\",\"target\":{\"@type\":\"EntryPoint\",\"urlTemplate\":\"https:\/\/www.lavisqteam.fr\/?s={search_term_string}\"},\"query-input\":\"required name=search_term_string\"}],\"inLanguage\":\"fr-FR\"},{\"@type\":\"Organization\",\"@id\":\"https:\/\/www.lavisqteam.fr\/#organization\",\"name\":\"Lavisqteam.fr\",\"url\":\"https:\/\/www.lavisqteam.fr\/\",\"sameAs\":[],\"logo\":{\"@type\":\"ImageObject\",\"inLanguage\":\"fr-FR\",\"@id\":\"https:\/\/www.lavisqteam.fr\/#\/schema\/logo\/image\/\",\"url\":\"https:\/\/www.lavisqteam.fr\/wp-content\/uploads\/2020\/08\/cropped-80879545_3479261675449035_4078032831501041664_o-4.jpg\",\"contentUrl\":\"https:\/\/www.lavisqteam.fr\/wp-content\/uploads\/2020\/08\/cropped-80879545_3479261675449035_4078032831501041664_o-4.jpg\",\"width\":1674,\"height\":536,\"caption\":\"Lavisqteam.fr\"},\"image\":{\"@id\":\"https:\/\/www.lavisqteam.fr\/#\/schema\/logo\/image\/\"}},{\"@type\":\"Person\",\"@id\":\"https:\/\/www.lavisqteam.fr\/#\/schema\/person\/4ed7295b68bc3daae9094db5f1f9f913\",\"name\":\"Cineted\",\"image\":{\"@type\":\"ImageObject\",\"inLanguage\":\"fr-FR\",\"@id\":\"https:\/\/www.lavisqteam.fr\/#\/schema\/person\/image\/\",\"url\":\"https:\/\/secure.gravatar.com\/avatar\/2d66d0012368c91013200ba69885bddd?s=96&d=mm&r=g\",\"contentUrl\":\"https:\/\/secure.gravatar.com\/avatar\/2d66d0012368c91013200ba69885bddd?s=96&d=mm&r=g\",\"caption\":\"Cineted\"},\"url\":\"https:\/\/www.lavisqteam.fr\/?author=4\"}]}<\/script>\n<!-- \/ Yoast SEO plugin. -->","yoast_head_json":{"title":"Ad Vitam - Lavisqteam.fr","robots":{"index":"index","follow":"follow","max-snippet":"max-snippet:-1","max-image-preview":"max-image-preview:large","max-video-preview":"max-video-preview:-1"},"canonical":"https:\/\/www.lavisqteam.fr\/?p=52017","og_locale":"fr_FR","og_type":"article","og_title":"Ad Vitam - Lavisqteam.fr","og_description":"D\u2019Apr\u00e8s une Id\u00e9e de&nbsp;: Thomas Cailley et S\u00e9bastien Mounier Avec Yvan Attal, Garance Marillier, Niels Schneider, Adel Bencherif Pays: France Nombre d\u2019Episodes: 6 Genre: Drame, &hellip;","og_url":"https:\/\/www.lavisqteam.fr\/?p=52017","og_site_name":"Lavisqteam.fr","article_published_time":"2020-11-22T19:48:19+00:00","article_modified_time":"2020-11-22T19:48:21+00:00","og_image":[{"width":2000,"height":1200,"url":"https:\/\/www.lavisqteam.fr\/wp-content\/uploads\/2020\/11\/122099624_716948498910849_964477558141559905_n.jpg","type":"image\/jpeg"}],"author":"Cineted","twitter_card":"summary_large_image","twitter_image":"https:\/\/www.lavisqteam.fr\/wp-content\/uploads\/2020\/11\/122099624_716948498910849_964477558141559905_n.jpg","twitter_misc":{"\u00c9crit par":"Cineted","Dur\u00e9e de lecture estim\u00e9e":"7 minutes"},"schema":{"@context":"https:\/\/schema.org","@graph":[{"@type":"Article","@id":"https:\/\/www.lavisqteam.fr\/?p=52017#article","isPartOf":{"@id":"https:\/\/www.lavisqteam.fr\/?p=52017"},"author":{"name":"Cineted","@id":"https:\/\/www.lavisqteam.fr\/#\/schema\/person\/4ed7295b68bc3daae9094db5f1f9f913"},"headline":"Ad Vitam","datePublished":"2020-11-22T19:48:19+00:00","dateModified":"2020-11-22T19:48:21+00:00","mainEntityOfPage":{"@id":"https:\/\/www.lavisqteam.fr\/?p=52017"},"wordCount":1387,"commentCount":0,"publisher":{"@id":"https:\/\/www.lavisqteam.fr\/#organization"},"articleSection":["S\u00e9rie"],"inLanguage":"fr-FR","potentialAction":[{"@type":"CommentAction","name":"Comment","target":["https:\/\/www.lavisqteam.fr\/?p=52017#respond"]}]},{"@type":"WebPage","@id":"https:\/\/www.lavisqteam.fr\/?p=52017","url":"https:\/\/www.lavisqteam.fr\/?p=52017","name":"Ad Vitam - Lavisqteam.fr","isPartOf":{"@id":"https:\/\/www.lavisqteam.fr\/#website"},"datePublished":"2020-11-22T19:48:19+00:00","dateModified":"2020-11-22T19:48:21+00:00","breadcrumb":{"@id":"https:\/\/www.lavisqteam.fr\/?p=52017#breadcrumb"},"inLanguage":"fr-FR","potentialAction":[{"@type":"ReadAction","target":["https:\/\/www.lavisqteam.fr\/?p=52017"]}]},{"@type":"BreadcrumbList","@id":"https:\/\/www.lavisqteam.fr\/?p=52017#breadcrumb","itemListElement":[{"@type":"ListItem","position":1,"name":"Accueil","item":"https:\/\/www.lavisqteam.fr\/"},{"@type":"ListItem","position":2,"name":"Ad Vitam"}]},{"@type":"WebSite","@id":"https:\/\/www.lavisqteam.fr\/#website","url":"https:\/\/www.lavisqteam.fr\/","name":"Lavisqteam.fr","description":"","publisher":{"@id":"https:\/\/www.lavisqteam.fr\/#organization"},"potentialAction":[{"@type":"SearchAction","target":{"@type":"EntryPoint","urlTemplate":"https:\/\/www.lavisqteam.fr\/?s={search_term_string}"},"query-input":"required name=search_term_string"}],"inLanguage":"fr-FR"},{"@type":"Organization","@id":"https:\/\/www.lavisqteam.fr\/#organization","name":"Lavisqteam.fr","url":"https:\/\/www.lavisqteam.fr\/","sameAs":[],"logo":{"@type":"ImageObject","inLanguage":"fr-FR","@id":"https:\/\/www.lavisqteam.fr\/#\/schema\/logo\/image\/","url":"https:\/\/www.lavisqteam.fr\/wp-content\/uploads\/2020\/08\/cropped-80879545_3479261675449035_4078032831501041664_o-4.jpg","contentUrl":"https:\/\/www.lavisqteam.fr\/wp-content\/uploads\/2020\/08\/cropped-80879545_3479261675449035_4078032831501041664_o-4.jpg","width":1674,"height":536,"caption":"Lavisqteam.fr"},"image":{"@id":"https:\/\/www.lavisqteam.fr\/#\/schema\/logo\/image\/"}},{"@type":"Person","@id":"https:\/\/www.lavisqteam.fr\/#\/schema\/person\/4ed7295b68bc3daae9094db5f1f9f913","name":"Cineted","image":{"@type":"ImageObject","inLanguage":"fr-FR","@id":"https:\/\/www.lavisqteam.fr\/#\/schema\/person\/image\/","url":"https:\/\/secure.gravatar.com\/avatar\/2d66d0012368c91013200ba69885bddd?s=96&d=mm&r=g","contentUrl":"https:\/\/secure.gravatar.com\/avatar\/2d66d0012368c91013200ba69885bddd?s=96&d=mm&r=g","caption":"Cineted"},"url":"https:\/\/www.lavisqteam.fr\/?author=4"}]}},"jetpack_featured_media_url":"https:\/\/www.lavisqteam.fr\/wp-content\/uploads\/2020\/11\/122099624_716948498910849_964477558141559905_n.jpg","_links":{"self":[{"href":"https:\/\/www.lavisqteam.fr\/index.php?rest_route=\/wp\/v2\/posts\/52017"}],"collection":[{"href":"https:\/\/www.lavisqteam.fr\/index.php?rest_route=\/wp\/v2\/posts"}],"about":[{"href":"https:\/\/www.lavisqteam.fr\/index.php?rest_route=\/wp\/v2\/types\/post"}],"author":[{"embeddable":true,"href":"https:\/\/www.lavisqteam.fr\/index.php?rest_route=\/wp\/v2\/users\/4"}],"replies":[{"embeddable":true,"href":"https:\/\/www.lavisqteam.fr\/index.php?rest_route=%2Fwp%2Fv2%2Fcomments&post=52017"}],"version-history":[{"count":1,"href":"https:\/\/www.lavisqteam.fr\/index.php?rest_route=\/wp\/v2\/posts\/52017\/revisions"}],"predecessor-version":[{"id":52021,"href":"https:\/\/www.lavisqteam.fr\/index.php?rest_route=\/wp\/v2\/posts\/52017\/revisions\/52021"}],"wp:featuredmedia":[{"embeddable":true,"href":"https:\/\/www.lavisqteam.fr\/index.php?rest_route=\/wp\/v2\/media\/52019"}],"wp:attachment":[{"href":"https:\/\/www.lavisqteam.fr\/index.php?rest_route=%2Fwp%2Fv2%2Fmedia&parent=52017"}],"wp:term":[{"taxonomy":"category","embeddable":true,"href":"https:\/\/www.lavisqteam.fr\/index.php?rest_route=%2Fwp%2Fv2%2Fcategories&post=52017"},{"taxonomy":"post_tag","embeddable":true,"href":"https:\/\/www.lavisqteam.fr\/index.php?rest_route=%2Fwp%2Fv2%2Ftags&post=52017"}],"curies":[{"name":"wp","href":"https:\/\/api.w.org\/{rel}","templated":true}]}}