{"id":50768,"date":"2020-09-22T22:30:37","date_gmt":"2020-09-22T22:30:37","guid":{"rendered":"http:\/\/www.lavisqteam.fr\/?p=50768"},"modified":"2020-09-22T22:30:39","modified_gmt":"2020-09-22T22:30:39","slug":"antoinette-dans-les-cevennes","status":"publish","type":"post","link":"https:\/\/www.lavisqteam.fr\/?p=50768","title":{"rendered":"Antoinette dans les C\u00e9vennes"},"content":{"rendered":"\n<div class=\"wp-block-image\"><figure class=\"aligncenter size-large\"><img loading=\"lazy\" width=\"600\" height=\"800\" src=\"https:\/\/www.lavisqteam.fr\/wp-content\/uploads\/2020\/09\/120025039_3612533668786247_16956025611742771_n.jpg\" alt=\"\" class=\"wp-image-50769\" srcset=\"https:\/\/www.lavisqteam.fr\/wp-content\/uploads\/2020\/09\/120025039_3612533668786247_16956025611742771_n.jpg 600w, https:\/\/www.lavisqteam.fr\/wp-content\/uploads\/2020\/09\/120025039_3612533668786247_16956025611742771_n-225x300.jpg 225w\" sizes=\"(max-width: 600px) 100vw, 600px\" \/><\/figure><\/div>\n\n\n\n<p><strong>De&nbsp;: <\/strong>Caroline Vignal<\/p>\n\n\n\n<p><strong>Avec <\/strong>Laure Calamy, Benjamin Lavernhe, Olivia C\u00f4te, Marc Fraize<\/p>\n\n\n\n<p><strong>Ann\u00e9e&nbsp;: <\/strong>2020<\/p>\n\n\n\n<p><strong>Pays&nbsp;: <\/strong>France<\/p>\n\n\n\n<p><strong>Genre&nbsp;: <\/strong>Com\u00e9die<\/p>\n\n\n\n<p><strong>R\u00e9sum\u00e9&nbsp;:<\/strong><\/p>\n\n\n\n<p>Des mois qu\u2019Antoinette attend l\u2019\u00e9t\u00e9 et la promesse d\u2019une semaine en amoureux avec son amant, Vladimir. Alors quand celui-ci annule leurs vacances pour partir marcher dans les C\u00e9vennes avec sa femme et sa fille, Antoinette ne r\u00e9fl\u00e9chit pas longtemps : elle part sur ses traces ! Mais \u00e0 son arriv\u00e9e, point de Vladimir &#8211; seulement Patrick, un \u00e2ne r\u00e9calcitrant qui va l&rsquo;accompagner dans son singulier p\u00e9riple\u2026<\/p>\n\n\n\n<p><strong>Avis&nbsp;:<\/strong><strong><\/strong><\/p>\n\n\n\n<p>R\u00e9alisatrice fran\u00e7aise, <em>Caroline Vignal<\/em> a un parcours bien \u00e9trange. Dipl\u00f4m\u00e9e de la F\u00e9mis, elle r\u00e9alise \u00e0 la fin des ann\u00e9es 90 deux courts-m\u00e9trages, qui l&#8217;emm\u00e8neront sur un premier long-m\u00e9trage qui sortira en 2000. Plut\u00f4t bien accueillie, <em>Caroline Vignal<\/em> aurait pu encha\u00eener, mais il n&rsquo;en sera rien, et l&rsquo;on va perdre sa trace pendant une dizaine d&rsquo;ann\u00e9es. D\u00e9but des ann\u00e9es 2010, sans parler d&rsquo;elle, on retrouvera la cin\u00e9aste \u00e0 l&rsquo;\u00e9criture de quelques sc\u00e9narios notamment pour la t\u00e9l\u00e9vision. De temps \u00e0 autre, l&rsquo;espace de quelques minutes, elle fera aussi l&rsquo;actrice dans quelques s\u00e9ries t\u00e9l\u00e9s, mais rien de bien officiel.<\/p>\n\n\n\n<p>Vingt ans apr\u00e8s son premier film, <em>Caroline Vignal<\/em> fait un retour inattendu sur les grands \u00e9crans avec ce qui semble bien \u00eatre la com\u00e9die de la rentr\u00e9e. Pour son deuxi\u00e8me film, <em>Caroline Vignal<\/em> a d\u00e9cid\u00e9 de placer sa cam\u00e9ra dans les C\u00e9vennes pour suivre une femme un peu fofolle faire une surprise \u00e0 son amant. Dr\u00f4le, romantique, et plus intelligent qu&rsquo;il n&rsquo;en a l&rsquo;air, \u00ab\u00a0<strong>Antoinette dans les C\u00e9vennes<\/strong>\u00a0\u00bb est un petit moment de cin\u00e9ma tout \u00e0 fait adorable. Puis c&rsquo;est surtout un film port\u00e9 par une <em>Laure Calamy<\/em> merveilleuse, qui trouve l\u00e0 un r\u00f4le taill\u00e9 sur mesure. C&rsquo;est bien simple, \u00ab\u00a0<strong>Antoinette<\/strong> &#8230;\u00a0\u00bb, \u00e7a ne pouvait \u00eatre qu&rsquo;elle et personne d&rsquo;autre !<\/p>\n\n\n\n<div class=\"wp-block-image\"><figure class=\"aligncenter size-large is-resized\"><img src=\"https:\/\/www.lavisqteam.fr\/wp-content\/uploads\/2020\/09\/119939336_762416371000576_6862462061390610819_n-1024x683.jpg\" alt=\"\" class=\"wp-image-50771\" width=\"600\" srcset=\"https:\/\/www.lavisqteam.fr\/wp-content\/uploads\/2020\/09\/119939336_762416371000576_6862462061390610819_n-1024x683.jpg 1024w, https:\/\/www.lavisqteam.fr\/wp-content\/uploads\/2020\/09\/119939336_762416371000576_6862462061390610819_n-300x200.jpg 300w, https:\/\/www.lavisqteam.fr\/wp-content\/uploads\/2020\/09\/119939336_762416371000576_6862462061390610819_n-768x512.jpg 768w, https:\/\/www.lavisqteam.fr\/wp-content\/uploads\/2020\/09\/119939336_762416371000576_6862462061390610819_n-1536x1024.jpg 1536w, https:\/\/www.lavisqteam.fr\/wp-content\/uploads\/2020\/09\/119939336_762416371000576_6862462061390610819_n.jpg 1600w\" sizes=\"(max-width: 1024px) 100vw, 1024px\" \/><\/figure><\/div>\n\n\n\n<p>Antoinette est folle amoureuse de Vladimir, avec qui elle entretient la relation parfaite. Elle ne l&rsquo;a pas cherch\u00e9, elle ne l&rsquo;a d&rsquo;ailleurs pas vu venir et Vladimir s&rsquo;est impos\u00e9 comme une \u00e9vidence. Dans ce magnifique tableau, il n&rsquo;y a qu&rsquo;une seule tache, et elle est de taille, puisque Vladimir est un homme mari\u00e9. Qu&rsquo;importe finalement, Antoinette n&rsquo;est pas du genre jalouse, puis elle sait que Valdimir l&rsquo;aime et surtout, elle sait que la semaine prochaine, elle va passer une semaine de r\u00eave avec son amant &#8230; Enfin \u00e7a, c&rsquo;\u00e9tait jusqu&rsquo;\u00e0 ce que ce dernier annule leurs vacances au dernier moment, car la femme de Vladimir lui a fait une surprise et ainsi, Vladimir part marcher une semaine dans les C\u00e9vennes avec son \u00e9pouse et leur fille. D\u00e9\u00e7ue et optimiste, sans m\u00eame r\u00e9fl\u00e9chir, Antoinette part elle aussi dans les C\u00e9vennes pour une semaine qu&rsquo;elle n&rsquo;est vraiment pas pr\u00eate d&rsquo;oublier.<\/p>\n\n\n\n<p>Un petit vent de fra\u00eecheur arrive sur nos \u00e9crans de cin\u00e9ma en cette fin Septembre avec cette \u00ab\u00a0<strong>Antoinette dans les C\u00e9vennes<\/strong>\u00ab\u00a0. Pour son deuxi\u00e8me film, <em>Caroline Vignal<\/em> nous entra\u00eene dans un sc\u00e9nario singulier et adorable, qui comme je le disais, est bien plus intelligent qu&rsquo;il n&rsquo;y parait. Car oui, la tentative d\u00e9sesp\u00e9r\u00e9e et non r\u00e9fl\u00e9chie de son personnage, d&rsquo;aller retrouver son amant dans les C\u00e9vennes aux c\u00f4t\u00e9s de sa femme, on imaginait bien que \u00e7a ne pouvait pas se terminer de jolie mani\u00e8re pour notre adorable Antoinette. Il y a un dicton qui dit que le plus important n&rsquo;est pas la destination, mais le chemin et le film de <em>Caroline Vignal<\/em> peut \u00eatre une belle m\u00e9taphore de ce dicton, qui voit une jeune femme s&rsquo;affranchir finalement de son amant pour se d\u00e9couvrir elle-m\u00eame et aller de l&rsquo;avant.<\/p>\n\n\n\n<p>Sous couvert d&rsquo;une com\u00e9die (qui est totalement r\u00e9ussie, et m\u00eame hilarante), <em>Caroline Vignal<\/em> livre un film tr\u00e8s touchant qui laisse \u00e9clater l&rsquo;immense talent de <em>Laure Calamy<\/em>. C&rsquo;est bien simple, l&rsquo;actrice est le c\u0153ur et la vie de ce film, et il est certain que si \u00ab\u00a0<strong>Antoinette<\/strong> &#8230;\u00a0\u00bb est aussi bon, c&rsquo;est gr\u00e2ce \u00e0 elle. \u00c9tonnante, une peu folle, p\u00e9tillante et surtout tr\u00e8s touchante, on adore suivre les m\u00e9saventures de ce personnage perdu dans les C\u00e9vennes et surtout perdu avec elle-m\u00eame. Avec beaucoup de subtilit\u00e9, tr\u00e8s bien \u00e9crit, les m\u00e9saventures de notre d\u00e9sormais \u00ab\u00a0<strong>Antoinette <\/strong>&#8230;\u00a0\u00bb ador\u00e9e vont la faire croiser des personnages int\u00e9ressants (tous ceux qui tiennent les auberges). Ces m\u00e9saventures vont mettre sur sa route un \u00e2ne, Patrick, et l&rsquo;on peut ais\u00e9ment dire que <em>Caroline Vignal<\/em> nous offre une des plus touchantes relations qu&rsquo;on verra cette ann\u00e9e, m\u00e9lange savoureux de crises de nerfs, de vas-y que je te pousse, d&rsquo;affection, de ras-le-bol et d&rsquo;amour naissant et de psychologie involontaire. Bref, c&rsquo;est magique, souvent tordant et tr\u00e8s \u00e9tonnamment touchant.<\/p>\n\n\n\n<p>\u00ab\u00a0<strong>Antoinette dans la C\u00e9vennes<\/strong>\u00ab\u00a0, c&rsquo;est aussi un voyage, et ce dernier est tout logiquement fait dans les C\u00e9vennes et <em>Caroline Vignal<\/em> profite de ces tr\u00e8s beaux d\u00e9cors. Ainsi, entre com\u00e9die et drame, entre moments touchants et d&rsquo;autres hilarants, la r\u00e9alisatrice nous offre un peu d&rsquo;\u00e9vasion et c&rsquo;est tr\u00e8s chouette. Puis la mise en sc\u00e8ne de sc\u00e8ne de <em>Caroline Vignal<\/em> est simple, mais elle est efficace, la metteuse en sc\u00e8ne offre quelque chose de tendre et en m\u00eame temps de tr\u00e8s rythm\u00e9. Elle conjugue tr\u00e8s bien les \u00e9motions de son film pour dresser un portait et un parcours touchant. Ce film est \u00e9tonnant, et plus il avance, plus il construit son personnage et plus il nous fait du bien.<\/p>\n\n\n\n<div class=\"wp-block-image\"><figure class=\"aligncenter size-large is-resized\"><img src=\"https:\/\/www.lavisqteam.fr\/wp-content\/uploads\/2020\/09\/119945676_244831456918802_2250763985784274913_n-1024x683.jpg\" alt=\"\" class=\"wp-image-50770\" width=\"600\" srcset=\"https:\/\/www.lavisqteam.fr\/wp-content\/uploads\/2020\/09\/119945676_244831456918802_2250763985784274913_n-1024x683.jpg 1024w, https:\/\/www.lavisqteam.fr\/wp-content\/uploads\/2020\/09\/119945676_244831456918802_2250763985784274913_n-300x200.jpg 300w, https:\/\/www.lavisqteam.fr\/wp-content\/uploads\/2020\/09\/119945676_244831456918802_2250763985784274913_n-768x512.jpg 768w, https:\/\/www.lavisqteam.fr\/wp-content\/uploads\/2020\/09\/119945676_244831456918802_2250763985784274913_n-1536x1024.jpg 1536w, https:\/\/www.lavisqteam.fr\/wp-content\/uploads\/2020\/09\/119945676_244831456918802_2250763985784274913_n.jpg 1600w\" sizes=\"(max-width: 1024px) 100vw, 1024px\" \/><\/figure><\/div>\n\n\n\n<p>Excellente surprise tenue par une <em>Laure Calamy<\/em> parfaite, \u00ab\u00a0<strong>Antoinette dans les C\u00e9vennes<\/strong>\u00ab\u00a0, le second film de <em>Caroline Vignal<\/em>, est l&rsquo;inattendu de la rentr\u00e9e. Dr\u00f4le et touchant \u00e0 la fois, profond, nuanc\u00e9, \u00e9tonnant, cette heure et demi pass\u00e9e sur les chemins de Stevenson en compagnie d&rsquo;Antoinette et Patrick, est tout simplement adorable et l&rsquo;on aurait m\u00eame aim\u00e9 que \u00e7a dure plus longtemps.<\/p>\n\n\n\n<p><strong>Note\u00a0: 16\/20<\/strong><\/p>\n\n\n\n<figure class=\"wp-block-embed-youtube wp-block-embed is-type-video is-provider-youtube wp-embed-aspect-16-9 wp-has-aspect-ratio\"><div class=\"wp-block-embed__wrapper\">\n<iframe loading=\"lazy\" title=\"ANTOINETTE DANS LES C\u00c9VENNES Bande Annonce (2020) Laure Calamy, Com\u00e9die\" width=\"1200\" height=\"675\" src=\"https:\/\/www.youtube.com\/embed\/qsbBWaCKlW4?feature=oembed\" frameborder=\"0\" allow=\"accelerometer; autoplay; clipboard-write; encrypted-media; gyroscope; picture-in-picture\" allowfullscreen><\/iframe>\n<\/div><\/figure>\n\n\n\n<p class=\"has-text-align-right\">Par <strong>Cin\u00e9ted<\/strong><\/p>\n","protected":false},"excerpt":{"rendered":"<p>De&nbsp;: Caroline Vignal Avec Laure Calamy, Benjamin Lavernhe, Olivia C\u00f4te, Marc Fraize Ann\u00e9e&nbsp;: 2020 Pays&nbsp;: France Genre&nbsp;: Com\u00e9die R\u00e9sum\u00e9&nbsp;: Des mois qu\u2019Antoinette attend l\u2019\u00e9t\u00e9 et &hellip; <\/p>\n","protected":false},"author":4,"featured_media":50771,"comment_status":"open","ping_status":"open","sticky":false,"template":"","format":"standard","meta":[],"categories":[7],"tags":[],"yoast_head":"<!-- This site is optimized with the Yoast SEO plugin v19.6.1 - https:\/\/yoast.com\/wordpress\/plugins\/seo\/ -->\n<title>Antoinette dans les C\u00e9vennes - Lavisqteam.fr<\/title>\n<meta name=\"robots\" content=\"index, follow, max-snippet:-1, max-image-preview:large, max-video-preview:-1\" \/>\n<link rel=\"canonical\" href=\"https:\/\/www.lavisqteam.fr\/?p=50768\" \/>\n<meta property=\"og:locale\" content=\"fr_FR\" \/>\n<meta property=\"og:type\" content=\"article\" \/>\n<meta property=\"og:title\" content=\"Antoinette dans les C\u00e9vennes - Lavisqteam.fr\" \/>\n<meta property=\"og:description\" content=\"De&nbsp;: Caroline Vignal Avec Laure Calamy, Benjamin Lavernhe, Olivia C\u00f4te, Marc Fraize Ann\u00e9e&nbsp;: 2020 Pays&nbsp;: France Genre&nbsp;: Com\u00e9die R\u00e9sum\u00e9&nbsp;: Des mois qu\u2019Antoinette attend l\u2019\u00e9t\u00e9 et &hellip;\" \/>\n<meta property=\"og:url\" content=\"https:\/\/www.lavisqteam.fr\/?p=50768\" \/>\n<meta property=\"og:site_name\" content=\"Lavisqteam.fr\" \/>\n<meta property=\"article:published_time\" content=\"2020-09-22T22:30:37+00:00\" \/>\n<meta property=\"article:modified_time\" content=\"2020-09-22T22:30:39+00:00\" \/>\n<meta property=\"og:image\" content=\"https:\/\/www.lavisqteam.fr\/wp-content\/uploads\/2020\/09\/119939336_762416371000576_6862462061390610819_n.jpg\" \/>\n\t<meta property=\"og:image:width\" content=\"1600\" \/>\n\t<meta property=\"og:image:height\" content=\"1067\" \/>\n\t<meta property=\"og:image:type\" content=\"image\/jpeg\" \/>\n<meta name=\"author\" content=\"Cineted\" \/>\n<meta name=\"twitter:card\" content=\"summary_large_image\" \/>\n<meta name=\"twitter:image\" content=\"https:\/\/www.lavisqteam.fr\/wp-content\/uploads\/2020\/09\/119939336_762416371000576_6862462061390610819_n.jpg\" \/>\n<meta name=\"twitter:label1\" content=\"\u00c9crit par\" \/>\n\t<meta name=\"twitter:data1\" content=\"Cineted\" \/>\n\t<meta name=\"twitter:label2\" content=\"Dur\u00e9e de lecture estim\u00e9e\" \/>\n\t<meta name=\"twitter:data2\" content=\"5 minutes\" \/>\n<script type=\"application\/ld+json\" class=\"yoast-schema-graph\">{\"@context\":\"https:\/\/schema.org\",\"@graph\":[{\"@type\":\"Article\",\"@id\":\"https:\/\/www.lavisqteam.fr\/?p=50768#article\",\"isPartOf\":{\"@id\":\"https:\/\/www.lavisqteam.fr\/?p=50768\"},\"author\":{\"name\":\"Cineted\",\"@id\":\"https:\/\/www.lavisqteam.fr\/#\/schema\/person\/4ed7295b68bc3daae9094db5f1f9f913\"},\"headline\":\"Antoinette dans les C\u00e9vennes\",\"datePublished\":\"2020-09-22T22:30:37+00:00\",\"dateModified\":\"2020-09-22T22:30:39+00:00\",\"mainEntityOfPage\":{\"@id\":\"https:\/\/www.lavisqteam.fr\/?p=50768\"},\"wordCount\":1043,\"commentCount\":1,\"publisher\":{\"@id\":\"https:\/\/www.lavisqteam.fr\/#organization\"},\"articleSection\":[\"Cin\u00e9ma\"],\"inLanguage\":\"fr-FR\",\"potentialAction\":[{\"@type\":\"CommentAction\",\"name\":\"Comment\",\"target\":[\"https:\/\/www.lavisqteam.fr\/?p=50768#respond\"]}]},{\"@type\":\"WebPage\",\"@id\":\"https:\/\/www.lavisqteam.fr\/?p=50768\",\"url\":\"https:\/\/www.lavisqteam.fr\/?p=50768\",\"name\":\"Antoinette dans les C\u00e9vennes - Lavisqteam.fr\",\"isPartOf\":{\"@id\":\"https:\/\/www.lavisqteam.fr\/#website\"},\"datePublished\":\"2020-09-22T22:30:37+00:00\",\"dateModified\":\"2020-09-22T22:30:39+00:00\",\"breadcrumb\":{\"@id\":\"https:\/\/www.lavisqteam.fr\/?p=50768#breadcrumb\"},\"inLanguage\":\"fr-FR\",\"potentialAction\":[{\"@type\":\"ReadAction\",\"target\":[\"https:\/\/www.lavisqteam.fr\/?p=50768\"]}]},{\"@type\":\"BreadcrumbList\",\"@id\":\"https:\/\/www.lavisqteam.fr\/?p=50768#breadcrumb\",\"itemListElement\":[{\"@type\":\"ListItem\",\"position\":1,\"name\":\"Accueil\",\"item\":\"https:\/\/www.lavisqteam.fr\/\"},{\"@type\":\"ListItem\",\"position\":2,\"name\":\"Antoinette dans les C\u00e9vennes\"}]},{\"@type\":\"WebSite\",\"@id\":\"https:\/\/www.lavisqteam.fr\/#website\",\"url\":\"https:\/\/www.lavisqteam.fr\/\",\"name\":\"Lavisqteam.fr\",\"description\":\"\",\"publisher\":{\"@id\":\"https:\/\/www.lavisqteam.fr\/#organization\"},\"potentialAction\":[{\"@type\":\"SearchAction\",\"target\":{\"@type\":\"EntryPoint\",\"urlTemplate\":\"https:\/\/www.lavisqteam.fr\/?s={search_term_string}\"},\"query-input\":\"required name=search_term_string\"}],\"inLanguage\":\"fr-FR\"},{\"@type\":\"Organization\",\"@id\":\"https:\/\/www.lavisqteam.fr\/#organization\",\"name\":\"Lavisqteam.fr\",\"url\":\"https:\/\/www.lavisqteam.fr\/\",\"sameAs\":[],\"logo\":{\"@type\":\"ImageObject\",\"inLanguage\":\"fr-FR\",\"@id\":\"https:\/\/www.lavisqteam.fr\/#\/schema\/logo\/image\/\",\"url\":\"https:\/\/www.lavisqteam.fr\/wp-content\/uploads\/2020\/08\/cropped-80879545_3479261675449035_4078032831501041664_o-4.jpg\",\"contentUrl\":\"https:\/\/www.lavisqteam.fr\/wp-content\/uploads\/2020\/08\/cropped-80879545_3479261675449035_4078032831501041664_o-4.jpg\",\"width\":1674,\"height\":536,\"caption\":\"Lavisqteam.fr\"},\"image\":{\"@id\":\"https:\/\/www.lavisqteam.fr\/#\/schema\/logo\/image\/\"}},{\"@type\":\"Person\",\"@id\":\"https:\/\/www.lavisqteam.fr\/#\/schema\/person\/4ed7295b68bc3daae9094db5f1f9f913\",\"name\":\"Cineted\",\"image\":{\"@type\":\"ImageObject\",\"inLanguage\":\"fr-FR\",\"@id\":\"https:\/\/www.lavisqteam.fr\/#\/schema\/person\/image\/\",\"url\":\"https:\/\/secure.gravatar.com\/avatar\/2d66d0012368c91013200ba69885bddd?s=96&d=mm&r=g\",\"contentUrl\":\"https:\/\/secure.gravatar.com\/avatar\/2d66d0012368c91013200ba69885bddd?s=96&d=mm&r=g\",\"caption\":\"Cineted\"},\"url\":\"https:\/\/www.lavisqteam.fr\/?author=4\"}]}<\/script>\n<!-- \/ Yoast SEO plugin. -->","yoast_head_json":{"title":"Antoinette dans les C\u00e9vennes - Lavisqteam.fr","robots":{"index":"index","follow":"follow","max-snippet":"max-snippet:-1","max-image-preview":"max-image-preview:large","max-video-preview":"max-video-preview:-1"},"canonical":"https:\/\/www.lavisqteam.fr\/?p=50768","og_locale":"fr_FR","og_type":"article","og_title":"Antoinette dans les C\u00e9vennes - Lavisqteam.fr","og_description":"De&nbsp;: Caroline Vignal Avec Laure Calamy, Benjamin Lavernhe, Olivia C\u00f4te, Marc Fraize Ann\u00e9e&nbsp;: 2020 Pays&nbsp;: France Genre&nbsp;: Com\u00e9die R\u00e9sum\u00e9&nbsp;: Des mois qu\u2019Antoinette attend l\u2019\u00e9t\u00e9 et &hellip;","og_url":"https:\/\/www.lavisqteam.fr\/?p=50768","og_site_name":"Lavisqteam.fr","article_published_time":"2020-09-22T22:30:37+00:00","article_modified_time":"2020-09-22T22:30:39+00:00","og_image":[{"width":1600,"height":1067,"url":"https:\/\/www.lavisqteam.fr\/wp-content\/uploads\/2020\/09\/119939336_762416371000576_6862462061390610819_n.jpg","type":"image\/jpeg"}],"author":"Cineted","twitter_card":"summary_large_image","twitter_image":"https:\/\/www.lavisqteam.fr\/wp-content\/uploads\/2020\/09\/119939336_762416371000576_6862462061390610819_n.jpg","twitter_misc":{"\u00c9crit par":"Cineted","Dur\u00e9e de lecture estim\u00e9e":"5 minutes"},"schema":{"@context":"https:\/\/schema.org","@graph":[{"@type":"Article","@id":"https:\/\/www.lavisqteam.fr\/?p=50768#article","isPartOf":{"@id":"https:\/\/www.lavisqteam.fr\/?p=50768"},"author":{"name":"Cineted","@id":"https:\/\/www.lavisqteam.fr\/#\/schema\/person\/4ed7295b68bc3daae9094db5f1f9f913"},"headline":"Antoinette dans les C\u00e9vennes","datePublished":"2020-09-22T22:30:37+00:00","dateModified":"2020-09-22T22:30:39+00:00","mainEntityOfPage":{"@id":"https:\/\/www.lavisqteam.fr\/?p=50768"},"wordCount":1043,"commentCount":1,"publisher":{"@id":"https:\/\/www.lavisqteam.fr\/#organization"},"articleSection":["Cin\u00e9ma"],"inLanguage":"fr-FR","potentialAction":[{"@type":"CommentAction","name":"Comment","target":["https:\/\/www.lavisqteam.fr\/?p=50768#respond"]}]},{"@type":"WebPage","@id":"https:\/\/www.lavisqteam.fr\/?p=50768","url":"https:\/\/www.lavisqteam.fr\/?p=50768","name":"Antoinette dans les C\u00e9vennes - Lavisqteam.fr","isPartOf":{"@id":"https:\/\/www.lavisqteam.fr\/#website"},"datePublished":"2020-09-22T22:30:37+00:00","dateModified":"2020-09-22T22:30:39+00:00","breadcrumb":{"@id":"https:\/\/www.lavisqteam.fr\/?p=50768#breadcrumb"},"inLanguage":"fr-FR","potentialAction":[{"@type":"ReadAction","target":["https:\/\/www.lavisqteam.fr\/?p=50768"]}]},{"@type":"BreadcrumbList","@id":"https:\/\/www.lavisqteam.fr\/?p=50768#breadcrumb","itemListElement":[{"@type":"ListItem","position":1,"name":"Accueil","item":"https:\/\/www.lavisqteam.fr\/"},{"@type":"ListItem","position":2,"name":"Antoinette dans les C\u00e9vennes"}]},{"@type":"WebSite","@id":"https:\/\/www.lavisqteam.fr\/#website","url":"https:\/\/www.lavisqteam.fr\/","name":"Lavisqteam.fr","description":"","publisher":{"@id":"https:\/\/www.lavisqteam.fr\/#organization"},"potentialAction":[{"@type":"SearchAction","target":{"@type":"EntryPoint","urlTemplate":"https:\/\/www.lavisqteam.fr\/?s={search_term_string}"},"query-input":"required name=search_term_string"}],"inLanguage":"fr-FR"},{"@type":"Organization","@id":"https:\/\/www.lavisqteam.fr\/#organization","name":"Lavisqteam.fr","url":"https:\/\/www.lavisqteam.fr\/","sameAs":[],"logo":{"@type":"ImageObject","inLanguage":"fr-FR","@id":"https:\/\/www.lavisqteam.fr\/#\/schema\/logo\/image\/","url":"https:\/\/www.lavisqteam.fr\/wp-content\/uploads\/2020\/08\/cropped-80879545_3479261675449035_4078032831501041664_o-4.jpg","contentUrl":"https:\/\/www.lavisqteam.fr\/wp-content\/uploads\/2020\/08\/cropped-80879545_3479261675449035_4078032831501041664_o-4.jpg","width":1674,"height":536,"caption":"Lavisqteam.fr"},"image":{"@id":"https:\/\/www.lavisqteam.fr\/#\/schema\/logo\/image\/"}},{"@type":"Person","@id":"https:\/\/www.lavisqteam.fr\/#\/schema\/person\/4ed7295b68bc3daae9094db5f1f9f913","name":"Cineted","image":{"@type":"ImageObject","inLanguage":"fr-FR","@id":"https:\/\/www.lavisqteam.fr\/#\/schema\/person\/image\/","url":"https:\/\/secure.gravatar.com\/avatar\/2d66d0012368c91013200ba69885bddd?s=96&d=mm&r=g","contentUrl":"https:\/\/secure.gravatar.com\/avatar\/2d66d0012368c91013200ba69885bddd?s=96&d=mm&r=g","caption":"Cineted"},"url":"https:\/\/www.lavisqteam.fr\/?author=4"}]}},"jetpack_featured_media_url":"https:\/\/www.lavisqteam.fr\/wp-content\/uploads\/2020\/09\/119939336_762416371000576_6862462061390610819_n.jpg","_links":{"self":[{"href":"https:\/\/www.lavisqteam.fr\/index.php?rest_route=\/wp\/v2\/posts\/50768"}],"collection":[{"href":"https:\/\/www.lavisqteam.fr\/index.php?rest_route=\/wp\/v2\/posts"}],"about":[{"href":"https:\/\/www.lavisqteam.fr\/index.php?rest_route=\/wp\/v2\/types\/post"}],"author":[{"embeddable":true,"href":"https:\/\/www.lavisqteam.fr\/index.php?rest_route=\/wp\/v2\/users\/4"}],"replies":[{"embeddable":true,"href":"https:\/\/www.lavisqteam.fr\/index.php?rest_route=%2Fwp%2Fv2%2Fcomments&post=50768"}],"version-history":[{"count":1,"href":"https:\/\/www.lavisqteam.fr\/index.php?rest_route=\/wp\/v2\/posts\/50768\/revisions"}],"predecessor-version":[{"id":50773,"href":"https:\/\/www.lavisqteam.fr\/index.php?rest_route=\/wp\/v2\/posts\/50768\/revisions\/50773"}],"wp:featuredmedia":[{"embeddable":true,"href":"https:\/\/www.lavisqteam.fr\/index.php?rest_route=\/wp\/v2\/media\/50771"}],"wp:attachment":[{"href":"https:\/\/www.lavisqteam.fr\/index.php?rest_route=%2Fwp%2Fv2%2Fmedia&parent=50768"}],"wp:term":[{"taxonomy":"category","embeddable":true,"href":"https:\/\/www.lavisqteam.fr\/index.php?rest_route=%2Fwp%2Fv2%2Fcategories&post=50768"},{"taxonomy":"post_tag","embeddable":true,"href":"https:\/\/www.lavisqteam.fr\/index.php?rest_route=%2Fwp%2Fv2%2Ftags&post=50768"}],"curies":[{"name":"wp","href":"https:\/\/api.w.org\/{rel}","templated":true}]}}