{"id":50283,"date":"2020-09-02T21:48:27","date_gmt":"2020-09-02T21:48:27","guid":{"rendered":"http:\/\/www.lavisqteam.fr\/?p=50283"},"modified":"2020-09-05T00:37:33","modified_gmt":"2020-09-05T00:37:33","slug":"police-cas-de-conscience","status":"publish","type":"post","link":"https:\/\/www.lavisqteam.fr\/?p=50283","title":{"rendered":"Police &#8211; Cas de Conscience"},"content":{"rendered":"\n<div class=\"wp-block-image\"><figure class=\"aligncenter size-large is-resized\"><img src=\"https:\/\/www.lavisqteam.fr\/wp-content\/uploads\/2020\/09\/118692631_992827834567240_3724105653777276726_n.jpg\" alt=\"\" class=\"wp-image-50284\" width=\"600\" srcset=\"https:\/\/www.lavisqteam.fr\/wp-content\/uploads\/2020\/09\/118692631_992827834567240_3724105653777276726_n.jpg 708w, https:\/\/www.lavisqteam.fr\/wp-content\/uploads\/2020\/09\/118692631_992827834567240_3724105653777276726_n-221x300.jpg 221w\" sizes=\"(max-width: 708px) 100vw, 708px\" \/><\/figure><\/div>\n\n\n\n<p><strong>De&nbsp;: <\/strong>Anne Fontaine<\/p>\n\n\n\n<p><strong>Avec <\/strong>Virginie Efira, Omar Sy, Gr\u00e9gory Gadebois, Payman Moaadi<\/p>\n\n\n\n<p><strong>Ann\u00e9e&nbsp;: <\/strong>2020<\/p>\n\n\n\n<p><strong>Pays&nbsp;: <\/strong>France<\/p>\n\n\n\n<p><strong>Genre&nbsp;: <\/strong>Thriller, Drame<\/p>\n\n\n\n<p><strong>R\u00e9sum\u00e9&nbsp;:<\/strong><\/p>\n\n\n\n<p>Virginie, Erik et Aristide, trois flics parisiens, se voient oblig\u00e9s d\u2019accepter une mission inhabituelle : reconduire un \u00e9tranger \u00e0 la fronti\u00e8re. Sur le chemin de l\u2019a\u00e9roport, Virginie comprend que leur prisonnier risque la mort s\u2019il rentre dans son pays. Face \u00e0 cet insoutenable cas de conscience, elle cherche \u00e0 convaincre ses coll\u00e8gues de le laisser s\u2019\u00e9chapper.<\/p>\n\n\n\n<p><strong>Avis&nbsp;:<\/strong><strong><\/strong><\/p>\n\n\n\n<p>Dans le paysage du cin\u00e9ma fran\u00e7ais, il y a beaucoup de r\u00e9alisatrices. Parmi les grandes r\u00e9alisatrices, on citera <em>Agn\u00e8s Varda, Nicole Garcia, Claire Denis, Maiwenn, Catherine Breillat<\/em> et bien s\u00fbr, on y trouve la grande <em>Anne Fontaine<\/em>. R\u00e9alisatrice de talent, cela fait presque trente ans qu&rsquo;<em>Anne Fontaine <\/em>s&rsquo;int\u00e9resse \u00e0 tout et ose passer d&rsquo;un style \u00e0 l&rsquo;autre, la com\u00e9die bien s\u00fbr, le drame, le thriller, le film historique, le biopic, la romance&#8230; Bref, la filmographie d&rsquo;<em>Anne Fontaine <\/em>est assez folle et aujourd&rsquo;hui, il faut rajouter \u00e0 cela le drame politique.<\/p>\n\n\n\n<p>Pr\u00e9vu pour Avril, le \u00ab\u00a0<strong>Police<\/strong>\u00a0\u00bb d&rsquo;<em>Anne Fontaine <\/em>fait finalement l&rsquo;ouverture du mois de Septembre. Apr\u00e8s avoir fait une com\u00e9die avec \u00ab\u00a0<strong>Blanche comme Neige<\/strong>\u00ab\u00a0, <em>Anne Fontaine<\/em> nous revient cette ann\u00e9e avec un film brut, un film froid, un film dur, et surtout un film tr\u00e8s int\u00e9ressant dans le cas de conscience sur lequel il s&rsquo;arr\u00eate. \u00ab\u00a0<strong>Police<\/strong>\u00ab\u00a0, c&rsquo;est l&rsquo;histoire de trois flics qui vont se retrouver face \u00e0 un homme et face \u00e0 une d\u00e9cision, celle de d\u00e9sob\u00e9ir ou pas, et de par la simplicit\u00e9 et le c\u00f4t\u00e9 brut qu&rsquo;a choisi <em>Anne Fontaine<\/em>, \u00ab\u00a0<strong>Police<\/strong>\u00a0\u00bb se fait tr\u00e8s int\u00e9ressant et m\u00eame touchant.<\/p>\n\n\n\n<div class=\"wp-block-image\"><figure class=\"aligncenter size-large is-resized\"><img src=\"https:\/\/www.lavisqteam.fr\/wp-content\/uploads\/2020\/09\/118670366_666832580608014_4118415071054525044_n-1024x683.jpeg\" alt=\"\" class=\"wp-image-50286\" width=\"600\" srcset=\"https:\/\/www.lavisqteam.fr\/wp-content\/uploads\/2020\/09\/118670366_666832580608014_4118415071054525044_n-1024x683.jpeg 1024w, https:\/\/www.lavisqteam.fr\/wp-content\/uploads\/2020\/09\/118670366_666832580608014_4118415071054525044_n-300x200.jpeg 300w, https:\/\/www.lavisqteam.fr\/wp-content\/uploads\/2020\/09\/118670366_666832580608014_4118415071054525044_n-768x512.jpeg 768w, https:\/\/www.lavisqteam.fr\/wp-content\/uploads\/2020\/09\/118670366_666832580608014_4118415071054525044_n-1536x1024.jpeg 1536w, https:\/\/www.lavisqteam.fr\/wp-content\/uploads\/2020\/09\/118670366_666832580608014_4118415071054525044_n.jpeg 1600w\" sizes=\"(max-width: 1024px) 100vw, 1024px\" \/><\/figure><\/div>\n\n\n\n<p>Virginie, Erik et Aristide sont trois policiers parisiens. Ce soir-l\u00e0, ils ont une mission qui d&rsquo;ordinaire n&rsquo;est pas dans leur pr\u00e9rogative. Cette mission ? C&rsquo;est une reconduite \u00e0 la fronti\u00e8re. Ainsi, ils doivent aller chez un homme dans un centre de r\u00e9tention et le livrer \u00e0 la police aux fronti\u00e8res de Roissy Charles De Gaulle. M\u00eame si cette mission est inhabituelle, il n&rsquo;y a aucune raison pour qu&rsquo;elle ne soit pas remplie, enfin jusqu&rsquo;\u00e0 ce qu&rsquo;un doute s&rsquo;installe&#8230;<\/p>\n\n\n\n<p>Pour son nouveau film (le dix-septi\u00e8me quand m\u00eame), <em>Anne Fontaine<\/em> n&rsquo;a pas choisi de faire dans la facilit\u00e9. Non, on peut m\u00eame dire que la r\u00e9alisatrice se lance dans un sujet bouillant, puisque \u00ab\u00a0<strong>Police<\/strong>\u00a0\u00bb aborde les expulsions d&rsquo;\u00e9trangers en situation irr\u00e9guli\u00e8re et pose un cas de conscience \u00e0 ces policiers qui se trouvent face un cas peu ordinaire. On sent d\u00e9j\u00e0 le sujet pol\u00e9mique et rien que pour cela, on peut saluer le courage de la cin\u00e9aste pour oser s&rsquo;aventurer de ce c\u00f4t\u00e9-l\u00e0. Un courage qu&rsquo;on va saluer d&rsquo;autant plus, parce qu\u2019<em>Anne Fontaine <\/em>ne va pas livrer le film clich\u00e9 ou moralisateur et bien-pensant qu&rsquo;on pourrait voir venir. Non, son \u00ab\u00a0<strong>Police<\/strong>\u00a0\u00bb est tout autre et c&rsquo;est pour cela qu&rsquo;il est aussi bien.<\/p>\n\n\n\n<p>\u00ab\u00a0<strong>Police<\/strong>\u00ab\u00a0, c&rsquo;est une plong\u00e9e totale dans le quotidien de trois flics. \u00ab\u00a0<strong>Police<\/strong>\u00ab\u00a0, c&rsquo;est vingt-quatre heures de vie, de travail, de choix, de doutes et de certitudes. Dot\u00e9 d&rsquo;une ambiance gla\u00e7ante de r\u00e9alisme, <em>Anne Fontaine<\/em> livre un film qui est \u00e0 mille lieues de ce que le cin\u00e9ma policier ou le cin\u00e9ma dramatique offre r\u00e9guli\u00e8rement, et c&rsquo;est ce qui fait l&rsquo;un des tr\u00e8s gros points forts de \u00ab\u00a0<strong>Police<\/strong>\u00ab\u00a0. En plus de cette ambiance, <em>Anne Fontaine<\/em> tient un sc\u00e9nario particuli\u00e8rement int\u00e9ressant. Un sc\u00e9nario qui va tout d&rsquo;abord pr\u00e9senter ses personnages \u00e0 travers leur point de vue, refaisant le d\u00e9but de leur journ\u00e9e, \u00ab\u00a0rebootant\u00a0\u00bb son film trois fois, le coupant en trois chapitres pour d\u00e9couvrir la m\u00eame journ\u00e9e de trois mani\u00e8res diff\u00e9rentes, ce qui donne plusieurs points de vue, plusieurs fa\u00e7ons de penser, de faire et de vivre. Et plus, \u00e0 travers ce choix, la r\u00e9alisatrice nous pr\u00e9sente donc trois personnes toutes plus diff\u00e9rentes les unes que les autres.<\/p>\n\n\n\n<p>S\u2019il est vrai qu&rsquo;on pourrait trouver le d\u00e9but un peu longuet, se disant qu\u2019<em>Anne Fontaine<\/em> repousse le c\u0153ur de son film, il va tr\u00e8s vite s&rsquo;av\u00e9rer que bien conna\u00eetre ces personnages et bien les pr\u00e9senter va \u00eatre plus que n\u00e9cessaire, pour qu&rsquo;une fois que la cin\u00e9aste arrive dans le fond de son sujet, une fois qu&rsquo;elle s&rsquo;engouffre dans ce qu&rsquo;elle a envie de raconter, une fois qu&rsquo;elle livre ses personnages face \u00e0 ce cas de conscience, les petites longueurs du d\u00e9but prennent sens et apporteront plus de r\u00e9alisme, de logique, de coh\u00e9rence, et m\u00eame de l&rsquo;\u00e9motion. <em>Anne Fontaine<\/em> pose ses trois flics face \u00e0 un cas dur et elle va questionner leurs doutes et leurs certitudes face \u00e0 leur m\u00e9tier, face aux ordres et face \u00e0 leur humanit\u00e9.<\/p>\n\n\n\n<p>Le tout est juste, <em>Anne Fontaine<\/em> ne tombe jamais dans la le\u00e7on de morale, et m\u00eame s\u2019il est clair que \u00ab\u00a0<strong>Police<\/strong>\u00a0\u00bb est son film le plus politique, jamais <em>Anne Fontaine<\/em> ne pointe un doigt vengeur ou d\u00e9nonciateur. Non, \u00ab\u00a0<strong>Police<\/strong>\u00a0\u00bb est plein de nuances et pose simplement et brutalement ses trois personnages (qui ne sont pas tous d&rsquo;accord) face \u00e0 ce cas-l\u00e0 et on les observe.<\/p>\n\n\n\n<p>\u00ab\u00a0<strong>Police<\/strong>\u00ab\u00a0, c&rsquo;est aussi quatre com\u00e9diens de talent qui participent grandement \u00e0 la r\u00e9ussite d&rsquo;<em>Anne Fontaine<\/em>. Il est vrai qu&rsquo;on peut reprocher un petit c\u00f4t\u00e9 clich\u00e9 dans certains de leurs traits, avec la femme courageuse, le r\u00e2leur et born\u00e9 qui penche \u00e0 droite, ou encore l&rsquo;humaniste, mais malgr\u00e9 \u00e7a, ils fonctionnent tous, ils sont tous int\u00e9ressants, tous touchants \u00e0 plus ou moins grande mesure et surtout, on appr\u00e9cie de les suivre, de d\u00e9couvrir comment ils vont r\u00e9agir et jusqu&rsquo;o\u00f9 le film et l&rsquo;intrigue va les emmener.<\/p>\n\n\n\n<div class=\"wp-block-image\"><figure class=\"aligncenter size-large is-resized\"><img src=\"https:\/\/www.lavisqteam.fr\/wp-content\/uploads\/2020\/09\/118699646_3009136845880676_3432900454309008158_n-1024x683.jpeg\" alt=\"\" class=\"wp-image-50285\" width=\"600\" srcset=\"https:\/\/www.lavisqteam.fr\/wp-content\/uploads\/2020\/09\/118699646_3009136845880676_3432900454309008158_n-1024x683.jpeg 1024w, https:\/\/www.lavisqteam.fr\/wp-content\/uploads\/2020\/09\/118699646_3009136845880676_3432900454309008158_n-300x200.jpeg 300w, https:\/\/www.lavisqteam.fr\/wp-content\/uploads\/2020\/09\/118699646_3009136845880676_3432900454309008158_n-768x512.jpeg 768w, https:\/\/www.lavisqteam.fr\/wp-content\/uploads\/2020\/09\/118699646_3009136845880676_3432900454309008158_n-1536x1024.jpeg 1536w, https:\/\/www.lavisqteam.fr\/wp-content\/uploads\/2020\/09\/118699646_3009136845880676_3432900454309008158_n.jpeg 1600w\" sizes=\"(max-width: 1024px) 100vw, 1024px\" \/><\/figure><\/div>\n\n\n\n<p><em>Anne Fontaine<\/em> s&rsquo;aventure sur des sentiers bouillants, et elle \u00e9vite avec un certain brio tous les pi\u00e8ges dans lesquels il aurait \u00e9t\u00e9 facile de tomber. Int\u00e9ressante et juste, cette plong\u00e9e dans le quotidien de ces flics, et surtout ce cas de conscience qui se met sur leur chemin, fait de \u00ab\u00a0<strong>Police<\/strong>\u00a0\u00bb l&rsquo;un des films les plus int\u00e9ressants de la filmographie de la grande <em>Anne Fontaine<\/em>.<\/p>\n\n\n\n<p><strong>Note&nbsp;: 14,5\/20<\/strong><\/p>\n\n\n\n<figure class=\"wp-block-embed-youtube wp-block-embed is-type-video is-provider-youtube wp-embed-aspect-16-9 wp-has-aspect-ratio\"><div class=\"wp-block-embed__wrapper\">\n<iframe loading=\"lazy\" title=\"POLICE Bande Annonce (2020) Omar Sy, Virginie Efira\" width=\"1200\" height=\"675\" src=\"https:\/\/www.youtube.com\/embed\/ip8vJ31SJCg?feature=oembed\" frameborder=\"0\" allow=\"accelerometer; autoplay; encrypted-media; gyroscope; picture-in-picture\" allowfullscreen><\/iframe>\n<\/div><\/figure>\n\n\n\n<p class=\"has-text-align-right\">Par <strong>Cin\u00e9ted<\/strong><\/p>\n","protected":false},"excerpt":{"rendered":"<p>De&nbsp;: Anne Fontaine Avec Virginie Efira, Omar Sy, Gr\u00e9gory Gadebois, Payman Moaadi Ann\u00e9e&nbsp;: 2020 Pays&nbsp;: France Genre&nbsp;: Thriller, Drame R\u00e9sum\u00e9&nbsp;: Virginie, Erik et Aristide, trois &hellip; <\/p>\n","protected":false},"author":4,"featured_media":50286,"comment_status":"open","ping_status":"open","sticky":false,"template":"","format":"standard","meta":[],"categories":[7],"tags":[],"yoast_head":"<!-- This site is optimized with the Yoast SEO plugin v19.6.1 - https:\/\/yoast.com\/wordpress\/plugins\/seo\/ -->\n<title>Police - Cas de Conscience - Lavisqteam.fr<\/title>\n<meta name=\"robots\" content=\"index, follow, max-snippet:-1, max-image-preview:large, max-video-preview:-1\" \/>\n<link rel=\"canonical\" href=\"https:\/\/www.lavisqteam.fr\/?p=50283\" \/>\n<meta property=\"og:locale\" content=\"fr_FR\" \/>\n<meta property=\"og:type\" content=\"article\" \/>\n<meta property=\"og:title\" content=\"Police - Cas de Conscience - Lavisqteam.fr\" \/>\n<meta property=\"og:description\" content=\"De&nbsp;: Anne Fontaine Avec Virginie Efira, Omar Sy, Gr\u00e9gory Gadebois, Payman Moaadi Ann\u00e9e&nbsp;: 2020 Pays&nbsp;: France Genre&nbsp;: Thriller, Drame R\u00e9sum\u00e9&nbsp;: Virginie, Erik et Aristide, trois &hellip;\" \/>\n<meta property=\"og:url\" content=\"https:\/\/www.lavisqteam.fr\/?p=50283\" \/>\n<meta property=\"og:site_name\" content=\"Lavisqteam.fr\" \/>\n<meta property=\"article:published_time\" content=\"2020-09-02T21:48:27+00:00\" \/>\n<meta property=\"article:modified_time\" content=\"2020-09-05T00:37:33+00:00\" \/>\n<meta property=\"og:image\" content=\"https:\/\/www.lavisqteam.fr\/wp-content\/uploads\/2020\/09\/118670366_666832580608014_4118415071054525044_n.jpeg\" \/>\n\t<meta property=\"og:image:width\" content=\"1600\" \/>\n\t<meta property=\"og:image:height\" content=\"1067\" \/>\n\t<meta property=\"og:image:type\" content=\"image\/jpeg\" \/>\n<meta name=\"author\" content=\"Cineted\" \/>\n<meta name=\"twitter:card\" content=\"summary_large_image\" \/>\n<meta name=\"twitter:image\" content=\"https:\/\/www.lavisqteam.fr\/wp-content\/uploads\/2020\/09\/118670366_666832580608014_4118415071054525044_n.jpeg\" \/>\n<meta name=\"twitter:label1\" content=\"\u00c9crit par\" \/>\n\t<meta name=\"twitter:data1\" content=\"Cineted\" \/>\n\t<meta name=\"twitter:label2\" content=\"Dur\u00e9e de lecture estim\u00e9e\" \/>\n\t<meta name=\"twitter:data2\" content=\"5 minutes\" \/>\n<script type=\"application\/ld+json\" class=\"yoast-schema-graph\">{\"@context\":\"https:\/\/schema.org\",\"@graph\":[{\"@type\":\"Article\",\"@id\":\"https:\/\/www.lavisqteam.fr\/?p=50283#article\",\"isPartOf\":{\"@id\":\"https:\/\/www.lavisqteam.fr\/?p=50283\"},\"author\":{\"name\":\"Cineted\",\"@id\":\"https:\/\/www.lavisqteam.fr\/#\/schema\/person\/4ed7295b68bc3daae9094db5f1f9f913\"},\"headline\":\"Police &#8211; Cas de Conscience\",\"datePublished\":\"2020-09-02T21:48:27+00:00\",\"dateModified\":\"2020-09-05T00:37:33+00:00\",\"mainEntityOfPage\":{\"@id\":\"https:\/\/www.lavisqteam.fr\/?p=50283\"},\"wordCount\":1074,\"commentCount\":0,\"publisher\":{\"@id\":\"https:\/\/www.lavisqteam.fr\/#organization\"},\"articleSection\":[\"Cin\u00e9ma\"],\"inLanguage\":\"fr-FR\",\"potentialAction\":[{\"@type\":\"CommentAction\",\"name\":\"Comment\",\"target\":[\"https:\/\/www.lavisqteam.fr\/?p=50283#respond\"]}]},{\"@type\":\"WebPage\",\"@id\":\"https:\/\/www.lavisqteam.fr\/?p=50283\",\"url\":\"https:\/\/www.lavisqteam.fr\/?p=50283\",\"name\":\"Police - Cas de Conscience - Lavisqteam.fr\",\"isPartOf\":{\"@id\":\"https:\/\/www.lavisqteam.fr\/#website\"},\"datePublished\":\"2020-09-02T21:48:27+00:00\",\"dateModified\":\"2020-09-05T00:37:33+00:00\",\"breadcrumb\":{\"@id\":\"https:\/\/www.lavisqteam.fr\/?p=50283#breadcrumb\"},\"inLanguage\":\"fr-FR\",\"potentialAction\":[{\"@type\":\"ReadAction\",\"target\":[\"https:\/\/www.lavisqteam.fr\/?p=50283\"]}]},{\"@type\":\"BreadcrumbList\",\"@id\":\"https:\/\/www.lavisqteam.fr\/?p=50283#breadcrumb\",\"itemListElement\":[{\"@type\":\"ListItem\",\"position\":1,\"name\":\"Accueil\",\"item\":\"https:\/\/www.lavisqteam.fr\/\"},{\"@type\":\"ListItem\",\"position\":2,\"name\":\"Police &#8211; Cas de Conscience\"}]},{\"@type\":\"WebSite\",\"@id\":\"https:\/\/www.lavisqteam.fr\/#website\",\"url\":\"https:\/\/www.lavisqteam.fr\/\",\"name\":\"Lavisqteam.fr\",\"description\":\"\",\"publisher\":{\"@id\":\"https:\/\/www.lavisqteam.fr\/#organization\"},\"potentialAction\":[{\"@type\":\"SearchAction\",\"target\":{\"@type\":\"EntryPoint\",\"urlTemplate\":\"https:\/\/www.lavisqteam.fr\/?s={search_term_string}\"},\"query-input\":\"required name=search_term_string\"}],\"inLanguage\":\"fr-FR\"},{\"@type\":\"Organization\",\"@id\":\"https:\/\/www.lavisqteam.fr\/#organization\",\"name\":\"Lavisqteam.fr\",\"url\":\"https:\/\/www.lavisqteam.fr\/\",\"sameAs\":[],\"logo\":{\"@type\":\"ImageObject\",\"inLanguage\":\"fr-FR\",\"@id\":\"https:\/\/www.lavisqteam.fr\/#\/schema\/logo\/image\/\",\"url\":\"https:\/\/www.lavisqteam.fr\/wp-content\/uploads\/2020\/08\/cropped-80879545_3479261675449035_4078032831501041664_o-4.jpg\",\"contentUrl\":\"https:\/\/www.lavisqteam.fr\/wp-content\/uploads\/2020\/08\/cropped-80879545_3479261675449035_4078032831501041664_o-4.jpg\",\"width\":1674,\"height\":536,\"caption\":\"Lavisqteam.fr\"},\"image\":{\"@id\":\"https:\/\/www.lavisqteam.fr\/#\/schema\/logo\/image\/\"}},{\"@type\":\"Person\",\"@id\":\"https:\/\/www.lavisqteam.fr\/#\/schema\/person\/4ed7295b68bc3daae9094db5f1f9f913\",\"name\":\"Cineted\",\"image\":{\"@type\":\"ImageObject\",\"inLanguage\":\"fr-FR\",\"@id\":\"https:\/\/www.lavisqteam.fr\/#\/schema\/person\/image\/\",\"url\":\"https:\/\/secure.gravatar.com\/avatar\/2d66d0012368c91013200ba69885bddd?s=96&d=mm&r=g\",\"contentUrl\":\"https:\/\/secure.gravatar.com\/avatar\/2d66d0012368c91013200ba69885bddd?s=96&d=mm&r=g\",\"caption\":\"Cineted\"},\"url\":\"https:\/\/www.lavisqteam.fr\/?author=4\"}]}<\/script>\n<!-- \/ Yoast SEO plugin. -->","yoast_head_json":{"title":"Police - Cas de Conscience - Lavisqteam.fr","robots":{"index":"index","follow":"follow","max-snippet":"max-snippet:-1","max-image-preview":"max-image-preview:large","max-video-preview":"max-video-preview:-1"},"canonical":"https:\/\/www.lavisqteam.fr\/?p=50283","og_locale":"fr_FR","og_type":"article","og_title":"Police - Cas de Conscience - Lavisqteam.fr","og_description":"De&nbsp;: Anne Fontaine Avec Virginie Efira, Omar Sy, Gr\u00e9gory Gadebois, Payman Moaadi Ann\u00e9e&nbsp;: 2020 Pays&nbsp;: France Genre&nbsp;: Thriller, Drame R\u00e9sum\u00e9&nbsp;: Virginie, Erik et Aristide, trois &hellip;","og_url":"https:\/\/www.lavisqteam.fr\/?p=50283","og_site_name":"Lavisqteam.fr","article_published_time":"2020-09-02T21:48:27+00:00","article_modified_time":"2020-09-05T00:37:33+00:00","og_image":[{"width":1600,"height":1067,"url":"https:\/\/www.lavisqteam.fr\/wp-content\/uploads\/2020\/09\/118670366_666832580608014_4118415071054525044_n.jpeg","type":"image\/jpeg"}],"author":"Cineted","twitter_card":"summary_large_image","twitter_image":"https:\/\/www.lavisqteam.fr\/wp-content\/uploads\/2020\/09\/118670366_666832580608014_4118415071054525044_n.jpeg","twitter_misc":{"\u00c9crit par":"Cineted","Dur\u00e9e de lecture estim\u00e9e":"5 minutes"},"schema":{"@context":"https:\/\/schema.org","@graph":[{"@type":"Article","@id":"https:\/\/www.lavisqteam.fr\/?p=50283#article","isPartOf":{"@id":"https:\/\/www.lavisqteam.fr\/?p=50283"},"author":{"name":"Cineted","@id":"https:\/\/www.lavisqteam.fr\/#\/schema\/person\/4ed7295b68bc3daae9094db5f1f9f913"},"headline":"Police &#8211; Cas de Conscience","datePublished":"2020-09-02T21:48:27+00:00","dateModified":"2020-09-05T00:37:33+00:00","mainEntityOfPage":{"@id":"https:\/\/www.lavisqteam.fr\/?p=50283"},"wordCount":1074,"commentCount":0,"publisher":{"@id":"https:\/\/www.lavisqteam.fr\/#organization"},"articleSection":["Cin\u00e9ma"],"inLanguage":"fr-FR","potentialAction":[{"@type":"CommentAction","name":"Comment","target":["https:\/\/www.lavisqteam.fr\/?p=50283#respond"]}]},{"@type":"WebPage","@id":"https:\/\/www.lavisqteam.fr\/?p=50283","url":"https:\/\/www.lavisqteam.fr\/?p=50283","name":"Police - Cas de Conscience - Lavisqteam.fr","isPartOf":{"@id":"https:\/\/www.lavisqteam.fr\/#website"},"datePublished":"2020-09-02T21:48:27+00:00","dateModified":"2020-09-05T00:37:33+00:00","breadcrumb":{"@id":"https:\/\/www.lavisqteam.fr\/?p=50283#breadcrumb"},"inLanguage":"fr-FR","potentialAction":[{"@type":"ReadAction","target":["https:\/\/www.lavisqteam.fr\/?p=50283"]}]},{"@type":"BreadcrumbList","@id":"https:\/\/www.lavisqteam.fr\/?p=50283#breadcrumb","itemListElement":[{"@type":"ListItem","position":1,"name":"Accueil","item":"https:\/\/www.lavisqteam.fr\/"},{"@type":"ListItem","position":2,"name":"Police &#8211; Cas de Conscience"}]},{"@type":"WebSite","@id":"https:\/\/www.lavisqteam.fr\/#website","url":"https:\/\/www.lavisqteam.fr\/","name":"Lavisqteam.fr","description":"","publisher":{"@id":"https:\/\/www.lavisqteam.fr\/#organization"},"potentialAction":[{"@type":"SearchAction","target":{"@type":"EntryPoint","urlTemplate":"https:\/\/www.lavisqteam.fr\/?s={search_term_string}"},"query-input":"required name=search_term_string"}],"inLanguage":"fr-FR"},{"@type":"Organization","@id":"https:\/\/www.lavisqteam.fr\/#organization","name":"Lavisqteam.fr","url":"https:\/\/www.lavisqteam.fr\/","sameAs":[],"logo":{"@type":"ImageObject","inLanguage":"fr-FR","@id":"https:\/\/www.lavisqteam.fr\/#\/schema\/logo\/image\/","url":"https:\/\/www.lavisqteam.fr\/wp-content\/uploads\/2020\/08\/cropped-80879545_3479261675449035_4078032831501041664_o-4.jpg","contentUrl":"https:\/\/www.lavisqteam.fr\/wp-content\/uploads\/2020\/08\/cropped-80879545_3479261675449035_4078032831501041664_o-4.jpg","width":1674,"height":536,"caption":"Lavisqteam.fr"},"image":{"@id":"https:\/\/www.lavisqteam.fr\/#\/schema\/logo\/image\/"}},{"@type":"Person","@id":"https:\/\/www.lavisqteam.fr\/#\/schema\/person\/4ed7295b68bc3daae9094db5f1f9f913","name":"Cineted","image":{"@type":"ImageObject","inLanguage":"fr-FR","@id":"https:\/\/www.lavisqteam.fr\/#\/schema\/person\/image\/","url":"https:\/\/secure.gravatar.com\/avatar\/2d66d0012368c91013200ba69885bddd?s=96&d=mm&r=g","contentUrl":"https:\/\/secure.gravatar.com\/avatar\/2d66d0012368c91013200ba69885bddd?s=96&d=mm&r=g","caption":"Cineted"},"url":"https:\/\/www.lavisqteam.fr\/?author=4"}]}},"jetpack_featured_media_url":"https:\/\/www.lavisqteam.fr\/wp-content\/uploads\/2020\/09\/118670366_666832580608014_4118415071054525044_n.jpeg","_links":{"self":[{"href":"https:\/\/www.lavisqteam.fr\/index.php?rest_route=\/wp\/v2\/posts\/50283"}],"collection":[{"href":"https:\/\/www.lavisqteam.fr\/index.php?rest_route=\/wp\/v2\/posts"}],"about":[{"href":"https:\/\/www.lavisqteam.fr\/index.php?rest_route=\/wp\/v2\/types\/post"}],"author":[{"embeddable":true,"href":"https:\/\/www.lavisqteam.fr\/index.php?rest_route=\/wp\/v2\/users\/4"}],"replies":[{"embeddable":true,"href":"https:\/\/www.lavisqteam.fr\/index.php?rest_route=%2Fwp%2Fv2%2Fcomments&post=50283"}],"version-history":[{"count":2,"href":"https:\/\/www.lavisqteam.fr\/index.php?rest_route=\/wp\/v2\/posts\/50283\/revisions"}],"predecessor-version":[{"id":50332,"href":"https:\/\/www.lavisqteam.fr\/index.php?rest_route=\/wp\/v2\/posts\/50283\/revisions\/50332"}],"wp:featuredmedia":[{"embeddable":true,"href":"https:\/\/www.lavisqteam.fr\/index.php?rest_route=\/wp\/v2\/media\/50286"}],"wp:attachment":[{"href":"https:\/\/www.lavisqteam.fr\/index.php?rest_route=%2Fwp%2Fv2%2Fmedia&parent=50283"}],"wp:term":[{"taxonomy":"category","embeddable":true,"href":"https:\/\/www.lavisqteam.fr\/index.php?rest_route=%2Fwp%2Fv2%2Fcategories&post=50283"},{"taxonomy":"post_tag","embeddable":true,"href":"https:\/\/www.lavisqteam.fr\/index.php?rest_route=%2Fwp%2Fv2%2Ftags&post=50283"}],"curies":[{"name":"wp","href":"https:\/\/api.w.org\/{rel}","templated":true}]}}