{"id":49529,"date":"2020-07-30T08:29:23","date_gmt":"2020-07-30T08:29:23","guid":{"rendered":"http:\/\/www.lavisqteam.fr\/?p=49529"},"modified":"2020-07-30T08:29:26","modified_gmt":"2020-07-30T08:29:26","slug":"la-guerre-des-mondes-2","status":"publish","type":"post","link":"https:\/\/www.lavisqteam.fr\/?p=49529","title":{"rendered":"La Guerre des Mondes"},"content":{"rendered":"\n<div class=\"wp-block-image\"><figure class=\"aligncenter size-large is-resized\"><img src=\"https:\/\/www.lavisqteam.fr\/wp-content\/uploads\/2020\/07\/Couv_399502-747x1024.jpg\" alt=\"\" class=\"wp-image-49530\" width=\"600\" srcset=\"https:\/\/www.lavisqteam.fr\/wp-content\/uploads\/2020\/07\/Couv_399502-747x1024.jpg 747w, https:\/\/www.lavisqteam.fr\/wp-content\/uploads\/2020\/07\/Couv_399502-219x300.jpg 219w, https:\/\/www.lavisqteam.fr\/wp-content\/uploads\/2020\/07\/Couv_399502-768x1053.jpg 768w, https:\/\/www.lavisqteam.fr\/wp-content\/uploads\/2020\/07\/Couv_399502.jpg 850w\" sizes=\"(max-width: 747px) 100vw, 747px\" \/><\/figure><\/div>\n\n\n\n<p><strong>Auteur&nbsp;: <\/strong>Thilo Krapp<\/p>\n\n\n\n<p><strong>Editeur&nbsp;: <\/strong>Jungle<\/p>\n\n\n\n<p><strong>Genre&nbsp;: <\/strong>Science-Fiction<\/p>\n\n\n\n<p><strong>R\u00e9sum\u00e9&nbsp;:<\/strong><\/p>\n\n\n\n<p>En 1894, des astronomes sont t\u00e9moins d&rsquo;\u00e9tranges activit\u00e9s \u00e0 la surface de Mars, comme des \u00e9clairs ou des explosions de gaz incandescent. Des m\u00e9t\u00e9ores venant de la plan\u00e8te rouge se dirigent bient\u00f4t vers la Terre. Des cylindres s&rsquo;\u00e9crasent et lib\u00e8rent des engins m\u00e9caniques contr\u00f4l\u00e9s par des cr\u00e9atures tentaculaires install\u00e9es \u00e0 l&rsquo;int\u00e9rieur. Ces tripodes, arm\u00e9s de leur rayon ardent et d&rsquo;un gaz toxique appel\u00e9 \u00a0\u00bb fum\u00e9e noire \u00ab\u00a0, se dirigent vers Londres en d\u00e9sint\u00e9grant tout sur leur passage. L&rsquo;arm\u00e9e britannique r\u00e9plique. Mais rapidement, la lutte tourne \u00e0 l&rsquo;avantage des envahisseurs. Commence alors une fuite dans un monde ravag\u00e9&#8230;<\/p>\n\n\n\n<p><strong>Avis&nbsp;:<\/strong><\/p>\n\n\n\n<p>C\u2019est en 1898 que survient la premi\u00e8re publication d\u2019un r\u00e9cit de science-fiction qui va bouleverser le genre, <strong>La Guerre des Mondes<\/strong>. Ecrit par <em>H.G. Wells<\/em>, le roman va encore exister \u00e0 travers les \u00e2ges et conna\u00eetre diverses interpr\u00e9tations, que ce soit au cin\u00e9ma, en litt\u00e9rature ou dans le neuvi\u00e8me art, la bande-dessin\u00e9e. Il faut dire que pour son \u00e9poque, l\u2019histoire est tr\u00e8s en avance sur son temps et en 1938, <em>Orson Welles<\/em> en fait une lecture radiophonique qui va semer un vent de panique au sein des anglais. Forc\u00e9ment, apr\u00e8s des films comme celui de <em>Steven Spielberg<\/em> ou des relectures et suites plus ou moins officielles, <strong>La Guerre des Mondes<\/strong> continue d\u2019attiser la curiosit\u00e9. Le probl\u00e8me aujourd\u2019hui, c\u2019est de savoir si on a encore des choses \u00e0 dire dessus, des \u00e9l\u00e9ments qui restent obscurs ou encore des th\u00e9matiques que l\u2019on n\u2019avait pas vu ou qui trouvent une r\u00e9sonance particuli\u00e8re aujourd\u2019hui. <em>Thilo Krapp<\/em> est un auteur de bande-dessin\u00e9e (pas que) allemand qui voue un culte \u00e0 l\u2019histoire de <em>H.G. Wells<\/em> et qui fut frapp\u00e9 par la lecture d\u2019<em>Orson Welles<\/em>. Apr\u00e8s plus de vingt ans de recherches et d\u2019\u00e9tude sur le sujet, il d\u00e9cide alors d\u2019en faire une BD destin\u00e9e aux plus jeunes. Et Jungle ne s\u2019y est pas tromp\u00e9 en publiant cet ouvrage en France, car m\u00eame si on reste dans quelque chose de tr\u00e8s classique et de tr\u00e8s fid\u00e8le au roman, c\u2019est aussi une bonne porte d\u2019entr\u00e9e dans la SF pour les plus jeunes.<\/p>\n\n\n\n<p>L\u2019histoire, tout le monde la connait. Nous sommes en 1894, \u00e0 Londres, des \u00e9v\u00e8nements se produisent sur la plan\u00e8te Mars et tr\u00e8s rapidement, des cylindres s\u2019abattent sur le pays et d\u00e9ciment une bonne patrie de l\u2019Angleterre. A bord des cylindres, des extraterrestres qui ressemblent \u00e0 des poulpes et qui semblent bien d\u00e9cid\u00e9s \u00e0 venir vivre sur notre plan\u00e8te. S\u2019ensuit alors une course pour sa survie, pour fuir ces \u00eatres mal\u00e9fiques et dot\u00e9s d\u2019une technologie bien plus avanc\u00e9e que la n\u00f4tre. Avec cette bande-dessin\u00e9e, <em>Thilo Krapp<\/em> suit scrupuleusement le roman de <em>H.G. Wells<\/em>, choisissant de raconter la fuite d\u2019un homme (et de son fr\u00e8re sur un court chapitre) pour survivre et de montrer comment l\u2019Angleterre tente de combattre ces aliens. Du point de vue du r\u00e9cit, c\u2019est assez lin\u00e9aire et on sera gu\u00e8re surpris par le d\u00e9roulement des \u00e9v\u00e8nements, surtout si on connait le roman ou les adaptations cin\u00e9matographiques. L\u2019auteur reste sur de bonnes bases solides pour livrer une histoire dynamique, haletante, qui ne s\u2019arr\u00eate que pour quelques rencontres et des discussions autour de th\u00e9matiques bien pr\u00e9cises.<\/p>\n\n\n\n<p>En effet, on aura droit \u00e0 plusieurs r\u00e9flexions sur l\u2019\u00eatre humain \u00e0 travers cette invasion. On pourra y voir le d\u00e9vot de Dieu qui ne va pas forc\u00e9ment vivre longtemps, les femmes qui se font agresser et qui vont devoir faire confiance au h\u00e9ros qui les sauve d\u2019un mauvais pas. On aura aussi droit au soldat qui s\u2019en sort mieux que les autres. Alors bien \u00e9videmment, il ne faut pas y voir une histoire anticl\u00e9ricale et pro-militaire, bien que l\u2019on voie dans ce r\u00e9cit l\u2019absence d\u2019un sauvetage divin et que seule la technologie et notre immunit\u00e9 peut nous sauver. <em>H.G. Wells<\/em> se r\u00e9v\u00e8le pragmatique et <em>Thilo Krapp<\/em> suit ce sch\u00e9ma, \u00e9vitant au plus jeune des sujets trop sensibles ou bien trop complexes \u00e0 comprendre. Cependant, il ne prend pas les enfants pour des d\u00e9biles pour autant, restant tr\u00e8s franc du collier quand il faut montrer des morts ou la destruction des envahisseurs. On retrouve des tripodes arm\u00e9s de laser qui vont cramer des dizaines de personnes d\u2019un coup, mais aussi des extraterrestres proches de la pieuvre, qui ne font preuve qu\u2019aucune empathie. Ainsi donc, l\u2019histoire se r\u00e9v\u00e8le tr\u00e8s dure par moment et est parfaitement mise en image, jouant de fa\u00e7on pertinente entre horreur, folie et passages plus calmes pour relancer une intrigue \u00e0 travers diverses rencontres.<\/p>\n\n\n\n<div class=\"wp-block-image\"><figure class=\"aligncenter size-large is-resized\"><img src=\"https:\/\/www.lavisqteam.fr\/wp-content\/uploads\/2020\/07\/La-Guerre-des-Mondes-1-800x1074-1-763x1024.jpg\" alt=\"\" class=\"wp-image-49531\" width=\"600\" srcset=\"https:\/\/www.lavisqteam.fr\/wp-content\/uploads\/2020\/07\/La-Guerre-des-Mondes-1-800x1074-1-763x1024.jpg 763w, https:\/\/www.lavisqteam.fr\/wp-content\/uploads\/2020\/07\/La-Guerre-des-Mondes-1-800x1074-1-223x300.jpg 223w, https:\/\/www.lavisqteam.fr\/wp-content\/uploads\/2020\/07\/La-Guerre-des-Mondes-1-800x1074-1-768x1031.jpg 768w, https:\/\/www.lavisqteam.fr\/wp-content\/uploads\/2020\/07\/La-Guerre-des-Mondes-1-800x1074-1.jpg 800w\" sizes=\"(max-width: 763px) 100vw, 763px\" \/><\/figure><\/div>\n\n\n\n<p>Au niveau du dessin, <em>Thilo Krapp<\/em> poss\u00e8de un trait particulier qui colle parfaitement \u00e0 l\u2019image \u00ab&nbsp;litt\u00e9rature jeunesse&nbsp;\u00bb et \u00e0 la ligne \u00e9ditoriale de Jungle. Outre le fait que ce soit relativement liss\u00e9 et propre, la bande-dessin\u00e9e b\u00e9n\u00e9ficie d\u2019une colorisation tr\u00e8s chaude, rendant de grandes planches presque accueillantes alors que le danger r\u00f4de avec les tripodes aliens. Cette dichotomie fonctionne parfaitement, car on sait \u00e0 qui s\u2019adresse la BD, mais aussi qu\u2019elle peut \u00eatre violente dans un sens, avec ces explosions et ces visages carbonis\u00e9s par les flammes. Le seul gros probl\u00e8me, c\u2019est que finalement, les phases de tension sont totalement amoindries par le dessin trop enfantin. A titre d\u2019exemple, vers la fin, lorsque le h\u00e9ros se retrouve bloqu\u00e9 dans une maison \u00e9croul\u00e9e et que les tentacules du tripode cherche \u00e0 attraper quelqu\u2019un on n\u2019a peur, on n\u2019a pas la tension qui nous prend aux tripes et c\u2019est bien triste car c\u2019est l\u2019un des moments pivots de l\u2019\u0153uvre. Cela n\u2019enl\u00e8ve en rien la qualit\u00e9 du dessin, bien entendu.<\/p>\n\n\n\n<p>Au final, <strong>La Guerre des Mondes<\/strong> de <em>Thilo Krapp<\/em> aux \u00e9ditions Jungle est une bonne porte d\u2019entr\u00e9e pour les enfants et les jeunes adultes dans le monde d\u2019<em>H.G. Wells <\/em>et plus globalement dans une science-fiction qui a pos\u00e9 les bases de ce que l\u2019on connait aujourd\u2019hui. Sans \u00eatre un incontournable, sans \u00eatre une totale r\u00e9ussite, ce one-shot se lit pourtant comme du petit lait et permet m\u00eame de rentrer dans l\u2019intimit\u00e9 artistique du dessinateur, qui propose \u00e0 la fin un joli petit carnet de croquis.<\/p>\n\n\n\n<p><strong>Note\u00a0: 14\/20<\/strong><\/p>\n\n\n\n<p class=\"has-text-align-right\">Par <strong>AqME<\/strong><\/p>\n","protected":false},"excerpt":{"rendered":"<p>Auteur&nbsp;: Thilo Krapp Editeur&nbsp;: Jungle Genre&nbsp;: Science-Fiction R\u00e9sum\u00e9&nbsp;: En 1894, des astronomes sont t\u00e9moins d&rsquo;\u00e9tranges activit\u00e9s \u00e0 la surface de Mars, comme des \u00e9clairs ou &hellip; <\/p>\n","protected":false},"author":1,"featured_media":0,"comment_status":"open","ping_status":"open","sticky":false,"template":"","format":"standard","meta":[],"categories":[16],"tags":[],"yoast_head":"<!-- This site is optimized with the Yoast SEO plugin v19.6.1 - https:\/\/yoast.com\/wordpress\/plugins\/seo\/ -->\n<title>La Guerre des Mondes - Lavisqteam.fr<\/title>\n<meta name=\"robots\" content=\"index, follow, max-snippet:-1, max-image-preview:large, max-video-preview:-1\" \/>\n<link rel=\"canonical\" href=\"https:\/\/www.lavisqteam.fr\/?p=49529\" \/>\n<meta property=\"og:locale\" content=\"fr_FR\" \/>\n<meta property=\"og:type\" content=\"article\" \/>\n<meta property=\"og:title\" content=\"La Guerre des Mondes - Lavisqteam.fr\" \/>\n<meta property=\"og:description\" content=\"Auteur&nbsp;: Thilo Krapp Editeur&nbsp;: Jungle Genre&nbsp;: Science-Fiction R\u00e9sum\u00e9&nbsp;: En 1894, des astronomes sont t\u00e9moins d&rsquo;\u00e9tranges activit\u00e9s \u00e0 la surface de Mars, comme des \u00e9clairs ou &hellip;\" \/>\n<meta property=\"og:url\" content=\"https:\/\/www.lavisqteam.fr\/?p=49529\" \/>\n<meta property=\"og:site_name\" content=\"Lavisqteam.fr\" \/>\n<meta property=\"article:published_time\" content=\"2020-07-30T08:29:23+00:00\" \/>\n<meta property=\"article:modified_time\" content=\"2020-07-30T08:29:26+00:00\" \/>\n<meta property=\"og:image\" content=\"http:\/\/www.lavisqteam.fr\/wp-content\/uploads\/2020\/07\/Couv_399502-747x1024.jpg\" \/>\n<meta name=\"author\" content=\"AqME\" \/>\n<meta name=\"twitter:card\" content=\"summary_large_image\" \/>\n<meta name=\"twitter:label1\" content=\"\u00c9crit par\" \/>\n\t<meta name=\"twitter:data1\" content=\"AqME\" \/>\n\t<meta name=\"twitter:label2\" content=\"Dur\u00e9e de lecture estim\u00e9e\" \/>\n\t<meta name=\"twitter:data2\" content=\"6 minutes\" \/>\n<script type=\"application\/ld+json\" class=\"yoast-schema-graph\">{\"@context\":\"https:\/\/schema.org\",\"@graph\":[{\"@type\":\"Article\",\"@id\":\"https:\/\/www.lavisqteam.fr\/?p=49529#article\",\"isPartOf\":{\"@id\":\"https:\/\/www.lavisqteam.fr\/?p=49529\"},\"author\":{\"name\":\"AqME\",\"@id\":\"https:\/\/www.lavisqteam.fr\/#\/schema\/person\/da11d7c30bf135b288b17cc576708c2d\"},\"headline\":\"La Guerre des Mondes\",\"datePublished\":\"2020-07-30T08:29:23+00:00\",\"dateModified\":\"2020-07-30T08:29:26+00:00\",\"mainEntityOfPage\":{\"@id\":\"https:\/\/www.lavisqteam.fr\/?p=49529\"},\"wordCount\":1143,\"commentCount\":0,\"publisher\":{\"@id\":\"https:\/\/www.lavisqteam.fr\/#organization\"},\"articleSection\":[\"BD\"],\"inLanguage\":\"fr-FR\",\"potentialAction\":[{\"@type\":\"CommentAction\",\"name\":\"Comment\",\"target\":[\"https:\/\/www.lavisqteam.fr\/?p=49529#respond\"]}]},{\"@type\":\"WebPage\",\"@id\":\"https:\/\/www.lavisqteam.fr\/?p=49529\",\"url\":\"https:\/\/www.lavisqteam.fr\/?p=49529\",\"name\":\"La Guerre des Mondes - Lavisqteam.fr\",\"isPartOf\":{\"@id\":\"https:\/\/www.lavisqteam.fr\/#website\"},\"datePublished\":\"2020-07-30T08:29:23+00:00\",\"dateModified\":\"2020-07-30T08:29:26+00:00\",\"breadcrumb\":{\"@id\":\"https:\/\/www.lavisqteam.fr\/?p=49529#breadcrumb\"},\"inLanguage\":\"fr-FR\",\"potentialAction\":[{\"@type\":\"ReadAction\",\"target\":[\"https:\/\/www.lavisqteam.fr\/?p=49529\"]}]},{\"@type\":\"BreadcrumbList\",\"@id\":\"https:\/\/www.lavisqteam.fr\/?p=49529#breadcrumb\",\"itemListElement\":[{\"@type\":\"ListItem\",\"position\":1,\"name\":\"Accueil\",\"item\":\"https:\/\/www.lavisqteam.fr\/\"},{\"@type\":\"ListItem\",\"position\":2,\"name\":\"La Guerre des Mondes\"}]},{\"@type\":\"WebSite\",\"@id\":\"https:\/\/www.lavisqteam.fr\/#website\",\"url\":\"https:\/\/www.lavisqteam.fr\/\",\"name\":\"Lavisqteam.fr\",\"description\":\"\",\"publisher\":{\"@id\":\"https:\/\/www.lavisqteam.fr\/#organization\"},\"potentialAction\":[{\"@type\":\"SearchAction\",\"target\":{\"@type\":\"EntryPoint\",\"urlTemplate\":\"https:\/\/www.lavisqteam.fr\/?s={search_term_string}\"},\"query-input\":\"required name=search_term_string\"}],\"inLanguage\":\"fr-FR\"},{\"@type\":\"Organization\",\"@id\":\"https:\/\/www.lavisqteam.fr\/#organization\",\"name\":\"Lavisqteam.fr\",\"url\":\"https:\/\/www.lavisqteam.fr\/\",\"sameAs\":[],\"logo\":{\"@type\":\"ImageObject\",\"inLanguage\":\"fr-FR\",\"@id\":\"https:\/\/www.lavisqteam.fr\/#\/schema\/logo\/image\/\",\"url\":\"https:\/\/www.lavisqteam.fr\/wp-content\/uploads\/2020\/08\/cropped-80879545_3479261675449035_4078032831501041664_o-4.jpg\",\"contentUrl\":\"https:\/\/www.lavisqteam.fr\/wp-content\/uploads\/2020\/08\/cropped-80879545_3479261675449035_4078032831501041664_o-4.jpg\",\"width\":1674,\"height\":536,\"caption\":\"Lavisqteam.fr\"},\"image\":{\"@id\":\"https:\/\/www.lavisqteam.fr\/#\/schema\/logo\/image\/\"}},{\"@type\":\"Person\",\"@id\":\"https:\/\/www.lavisqteam.fr\/#\/schema\/person\/da11d7c30bf135b288b17cc576708c2d\",\"name\":\"AqME\",\"image\":{\"@type\":\"ImageObject\",\"inLanguage\":\"fr-FR\",\"@id\":\"https:\/\/www.lavisqteam.fr\/#\/schema\/person\/image\/\",\"url\":\"https:\/\/secure.gravatar.com\/avatar\/4a87d013fc854acd0f25858a13573675?s=96&d=mm&r=g\",\"contentUrl\":\"https:\/\/secure.gravatar.com\/avatar\/4a87d013fc854acd0f25858a13573675?s=96&d=mm&r=g\",\"caption\":\"AqME\"},\"description\":\"Amateur d'horreur, M\u00e9talleux dans l'\u00e2me, je succombe facilement \u00e0 des images de chatons.\",\"url\":\"https:\/\/www.lavisqteam.fr\/?author=1\"}]}<\/script>\n<!-- \/ Yoast SEO plugin. -->","yoast_head_json":{"title":"La Guerre des Mondes - Lavisqteam.fr","robots":{"index":"index","follow":"follow","max-snippet":"max-snippet:-1","max-image-preview":"max-image-preview:large","max-video-preview":"max-video-preview:-1"},"canonical":"https:\/\/www.lavisqteam.fr\/?p=49529","og_locale":"fr_FR","og_type":"article","og_title":"La Guerre des Mondes - Lavisqteam.fr","og_description":"Auteur&nbsp;: Thilo Krapp Editeur&nbsp;: Jungle Genre&nbsp;: Science-Fiction R\u00e9sum\u00e9&nbsp;: En 1894, des astronomes sont t\u00e9moins d&rsquo;\u00e9tranges activit\u00e9s \u00e0 la surface de Mars, comme des \u00e9clairs ou &hellip;","og_url":"https:\/\/www.lavisqteam.fr\/?p=49529","og_site_name":"Lavisqteam.fr","article_published_time":"2020-07-30T08:29:23+00:00","article_modified_time":"2020-07-30T08:29:26+00:00","og_image":[{"url":"http:\/\/www.lavisqteam.fr\/wp-content\/uploads\/2020\/07\/Couv_399502-747x1024.jpg"}],"author":"AqME","twitter_card":"summary_large_image","twitter_misc":{"\u00c9crit par":"AqME","Dur\u00e9e de lecture estim\u00e9e":"6 minutes"},"schema":{"@context":"https:\/\/schema.org","@graph":[{"@type":"Article","@id":"https:\/\/www.lavisqteam.fr\/?p=49529#article","isPartOf":{"@id":"https:\/\/www.lavisqteam.fr\/?p=49529"},"author":{"name":"AqME","@id":"https:\/\/www.lavisqteam.fr\/#\/schema\/person\/da11d7c30bf135b288b17cc576708c2d"},"headline":"La Guerre des Mondes","datePublished":"2020-07-30T08:29:23+00:00","dateModified":"2020-07-30T08:29:26+00:00","mainEntityOfPage":{"@id":"https:\/\/www.lavisqteam.fr\/?p=49529"},"wordCount":1143,"commentCount":0,"publisher":{"@id":"https:\/\/www.lavisqteam.fr\/#organization"},"articleSection":["BD"],"inLanguage":"fr-FR","potentialAction":[{"@type":"CommentAction","name":"Comment","target":["https:\/\/www.lavisqteam.fr\/?p=49529#respond"]}]},{"@type":"WebPage","@id":"https:\/\/www.lavisqteam.fr\/?p=49529","url":"https:\/\/www.lavisqteam.fr\/?p=49529","name":"La Guerre des Mondes - Lavisqteam.fr","isPartOf":{"@id":"https:\/\/www.lavisqteam.fr\/#website"},"datePublished":"2020-07-30T08:29:23+00:00","dateModified":"2020-07-30T08:29:26+00:00","breadcrumb":{"@id":"https:\/\/www.lavisqteam.fr\/?p=49529#breadcrumb"},"inLanguage":"fr-FR","potentialAction":[{"@type":"ReadAction","target":["https:\/\/www.lavisqteam.fr\/?p=49529"]}]},{"@type":"BreadcrumbList","@id":"https:\/\/www.lavisqteam.fr\/?p=49529#breadcrumb","itemListElement":[{"@type":"ListItem","position":1,"name":"Accueil","item":"https:\/\/www.lavisqteam.fr\/"},{"@type":"ListItem","position":2,"name":"La Guerre des Mondes"}]},{"@type":"WebSite","@id":"https:\/\/www.lavisqteam.fr\/#website","url":"https:\/\/www.lavisqteam.fr\/","name":"Lavisqteam.fr","description":"","publisher":{"@id":"https:\/\/www.lavisqteam.fr\/#organization"},"potentialAction":[{"@type":"SearchAction","target":{"@type":"EntryPoint","urlTemplate":"https:\/\/www.lavisqteam.fr\/?s={search_term_string}"},"query-input":"required name=search_term_string"}],"inLanguage":"fr-FR"},{"@type":"Organization","@id":"https:\/\/www.lavisqteam.fr\/#organization","name":"Lavisqteam.fr","url":"https:\/\/www.lavisqteam.fr\/","sameAs":[],"logo":{"@type":"ImageObject","inLanguage":"fr-FR","@id":"https:\/\/www.lavisqteam.fr\/#\/schema\/logo\/image\/","url":"https:\/\/www.lavisqteam.fr\/wp-content\/uploads\/2020\/08\/cropped-80879545_3479261675449035_4078032831501041664_o-4.jpg","contentUrl":"https:\/\/www.lavisqteam.fr\/wp-content\/uploads\/2020\/08\/cropped-80879545_3479261675449035_4078032831501041664_o-4.jpg","width":1674,"height":536,"caption":"Lavisqteam.fr"},"image":{"@id":"https:\/\/www.lavisqteam.fr\/#\/schema\/logo\/image\/"}},{"@type":"Person","@id":"https:\/\/www.lavisqteam.fr\/#\/schema\/person\/da11d7c30bf135b288b17cc576708c2d","name":"AqME","image":{"@type":"ImageObject","inLanguage":"fr-FR","@id":"https:\/\/www.lavisqteam.fr\/#\/schema\/person\/image\/","url":"https:\/\/secure.gravatar.com\/avatar\/4a87d013fc854acd0f25858a13573675?s=96&d=mm&r=g","contentUrl":"https:\/\/secure.gravatar.com\/avatar\/4a87d013fc854acd0f25858a13573675?s=96&d=mm&r=g","caption":"AqME"},"description":"Amateur d'horreur, M\u00e9talleux dans l'\u00e2me, je succombe facilement \u00e0 des images de chatons.","url":"https:\/\/www.lavisqteam.fr\/?author=1"}]}},"jetpack_featured_media_url":"","_links":{"self":[{"href":"https:\/\/www.lavisqteam.fr\/index.php?rest_route=\/wp\/v2\/posts\/49529"}],"collection":[{"href":"https:\/\/www.lavisqteam.fr\/index.php?rest_route=\/wp\/v2\/posts"}],"about":[{"href":"https:\/\/www.lavisqteam.fr\/index.php?rest_route=\/wp\/v2\/types\/post"}],"author":[{"embeddable":true,"href":"https:\/\/www.lavisqteam.fr\/index.php?rest_route=\/wp\/v2\/users\/1"}],"replies":[{"embeddable":true,"href":"https:\/\/www.lavisqteam.fr\/index.php?rest_route=%2Fwp%2Fv2%2Fcomments&post=49529"}],"version-history":[{"count":1,"href":"https:\/\/www.lavisqteam.fr\/index.php?rest_route=\/wp\/v2\/posts\/49529\/revisions"}],"predecessor-version":[{"id":49532,"href":"https:\/\/www.lavisqteam.fr\/index.php?rest_route=\/wp\/v2\/posts\/49529\/revisions\/49532"}],"wp:attachment":[{"href":"https:\/\/www.lavisqteam.fr\/index.php?rest_route=%2Fwp%2Fv2%2Fmedia&parent=49529"}],"wp:term":[{"taxonomy":"category","embeddable":true,"href":"https:\/\/www.lavisqteam.fr\/index.php?rest_route=%2Fwp%2Fv2%2Fcategories&post=49529"},{"taxonomy":"post_tag","embeddable":true,"href":"https:\/\/www.lavisqteam.fr\/index.php?rest_route=%2Fwp%2Fv2%2Ftags&post=49529"}],"curies":[{"name":"wp","href":"https:\/\/api.w.org\/{rel}","templated":true}]}}