{"id":48367,"date":"2020-05-16T14:48:31","date_gmt":"2020-05-16T14:48:31","guid":{"rendered":"http:\/\/www.lavisqteam.fr\/?p=48367"},"modified":"2022-01-18T21:44:20","modified_gmt":"2022-01-18T21:44:20","slug":"sick-note-saison-2","status":"publish","type":"post","link":"https:\/\/www.lavisqteam.fr\/?p=48367","title":{"rendered":"Sick Note Saison 2"},"content":{"rendered":"\n<div class=\"wp-block-image\"><figure class=\"aligncenter size-large is-resized\"><img src=\"https:\/\/www.lavisqteam.fr\/wp-content\/uploads\/2020\/05\/96145792_691864904896571_1119624293903237120_n.jpg\" alt=\"\" class=\"wp-image-48368\" width=\"600\" srcset=\"https:\/\/www.lavisqteam.fr\/wp-content\/uploads\/2020\/05\/96145792_691864904896571_1119624293903237120_n.jpg 670w, https:\/\/www.lavisqteam.fr\/wp-content\/uploads\/2020\/05\/96145792_691864904896571_1119624293903237120_n-210x300.jpg 210w\" sizes=\"(max-width: 670px) 100vw, 670px\" \/><\/figure><\/div>\n\n\n\n<p><strong>D\u2019Apr\u00e8s une Id\u00e9e de&nbsp;: <\/strong>Nat Saunders et James Serafinowicz<\/p>\n\n\n\n<p><strong>Avec <\/strong>Rupert Grint, Nick Frost, Lindsay Lohan, Pippa Bennett-Warner<\/p>\n\n\n\n<p><strong>Pays&nbsp;: <\/strong>Angleterre<\/p>\n\n\n\n<p><strong>Nombre d\u2019Episodes&nbsp;: <\/strong>8<\/p>\n\n\n\n<p><strong>Genre&nbsp;: <\/strong>Com\u00e9die<\/p>\n\n\n\n<p><strong>R\u00e9sum\u00e9&nbsp;:<\/strong><\/p>\n\n\n\n<p>Daniel Glass, menteur compulsif, est bloqu\u00e9 dans une relation amoureuse rat\u00e9e et un travail sans perspective. Lorsqu&rsquo;il se fait diagnostiquer un cancer, tout le monde se met \u00e0 mieux s&rsquo;occuper de lui. Puis il d\u00e9couvre que le pire oncologue du monde, le docteur Ian Glennis, l&rsquo;avait mal diagnostiqu\u00e9. Il d\u00e9cide de garder l&rsquo;information pour lui, ce qui s&rsquo;av\u00e8re de plus en plus compliqu\u00e9.<\/p>\n\n\n\n<p><strong>Avis&nbsp;:<\/strong><\/p>\n\n\n\n<p>La premi\u00e8re saison de <strong>Sick note<\/strong> s\u2019av\u00e9rait d\u00e9j\u00e0 bien barr\u00e9e et la saison 2 l\u2019est encore plus&nbsp;! Malgr\u00e9 le ton absurde qui est donn\u00e9, l\u2019histoire parvient \u00e0 rester attachante et coh\u00e9rente, et les nouveaux personnages constituent les forces de cette saison 2. Les anciens, quant \u00e0 eux, se voient d\u00e9velopper de mani\u00e8re intelligente. Le docteur Glennis prend de l\u2019envergure et, bien qu\u2019encore maladroit, nous fait moins piti\u00e9, notamment parce qu\u2019il se rend v\u00e9ritablement utile et que l\u2019on d\u00e9couvre une autre face de sa personnalit\u00e9.<\/p>\n\n\n\n<div class=\"wp-block-image\"><figure class=\"aligncenter size-large is-resized\"><img src=\"https:\/\/www.lavisqteam.fr\/wp-content\/uploads\/2020\/05\/95740481_529021671113836_2801575517566795776_n.jpg\" alt=\"\" class=\"wp-image-48370\" width=\"600\" srcset=\"https:\/\/www.lavisqteam.fr\/wp-content\/uploads\/2020\/05\/95740481_529021671113836_2801575517566795776_n.jpg 900w, https:\/\/www.lavisqteam.fr\/wp-content\/uploads\/2020\/05\/95740481_529021671113836_2801575517566795776_n-300x150.jpg 300w, https:\/\/www.lavisqteam.fr\/wp-content\/uploads\/2020\/05\/95740481_529021671113836_2801575517566795776_n-768x384.jpg 768w\" sizes=\"(max-width: 900px) 100vw, 900px\" \/><\/figure><\/div>\n\n\n\n<p>Daniel, de son c\u00f4t\u00e9, continue les bourdes et les gaffes, mais son comportement commence \u00e0 insupporter ses proches. Ses vices, notamment dus \u00e0 ses mensonges et cachotteries \u00e0 r\u00e9p\u00e9tition, deviennent de plus en plus visibles. Ce revirement est plut\u00f4t agr\u00e9able pour les t\u00e9l\u00e9spectateurs et cela permet de montrer que les tromperies ne font pas bon m\u00e9nage. La saison 1 encensait l\u2019immoralit\u00e9, ce qui pouvait d\u00e9ranger. La saison 2 est plus subtile dans ses messages, plus travaill\u00e9e.<\/p>\n\n\n\n<p>L\u2019actrice <em>Lindsey Lohan<\/em> nous offre une apparition haute en couleurs, gr\u00e2ce \u00e0 son r\u00f4le de Katerina West, la fille du g\u00e9rant de l\u2019entreprise dans laquelle travaille Daniel. D\u2019ailleurs, le p\u00e8re de Katerina, Kenny West, continue de subjuguer par ses comportements hors-normes et ses id\u00e9es dingues. Un brin trop extravagant, et encha\u00eenant des blagues racistes et sexistes \u00e0 tout bout de champ, son personnage est facilement m\u00e9prisable ou \u00e9nervant. Leur relation s\u2019av\u00e8re en tout cas \u00e9lectrique, gr\u00e2ce \u00e0 une Katerina plus mature que son p\u00e8re, plus r\u00e9fl\u00e9chie et tout en complexit\u00e9. Son grain de folie n\u2019est pas de suite mis en avant mais \u00e9clate lors d\u2019une sc\u00e8ne inattendue, un passage marquant de la saison 2.<\/p>\n\n\n\n<p>Une coll\u00e8gue de Daniel, qui ne servait pas sp\u00e9cialement \u00e0 grand-chose dans la saison 1, va se rapprocher de Katerina et, toutes deux, formeront un duo sympathique, plein d\u2019entrain et de r\u00e9pliques cinglantes. Katerina devient un des personnages principaux de cette saison, avec ses sous-intrigues plut\u00f4t captivantes, et son charisme inimitable. L\u2019actrice, comme le personnage, s\u2019int\u00e8gre parfaitement dans cette s\u00e9rie, ne d\u00e9teint pas et fait preuve de la m\u00eame instabilit\u00e9 que les autres personnages. Son combat pour la condition f\u00e9minine, et le fait qu\u2019elle devienne une leadeuse dans l\u2019entreprise, apporte quelques dialogues bien croustillants.<\/p>\n\n\n\n<p>Un autre personnage prend de l\u2019ampleur dans cette saison mais, contrairement \u00e0 Katerina, il apparaissait d\u00e9j\u00e0 dans la saison 1. Dans cette derni\u00e8re, il constituait le clown de service, un policier qui n\u2019arrivait \u00e0 rien, que tous les autres h\u00e9ros prenaient pour un imb\u00e9cile, et que ses coll\u00e8gues ne croyaient pas. Dans cette saison 2, ce policier prend un autre tournant et son nouveau r\u00f4le justifie r\u00e9ellement sa place. Ses actions ont de l\u2019importance, comme sa psychologie. Il n\u2019a plus le r\u00f4le du clown, ne fait d\u2019ailleurs pas beaucoup rire \u00e9tant donn\u00e9 ses motivations et ses passions d\u00e9vorantes malsaines, et enqu\u00eate sur les meurtres qui suivent les pas des personnages de Daniel et du docteur Glennis. Son enqu\u00eate avance, m\u00eame si sa vie personnelle en p\u00e2tit.<\/p>\n\n\n\n<p>Daniel et le docteur Glennis forment toujours un duo explosif, pas toujours tr\u00e8s dou\u00e9 et jouant de quiproquos, allant de l\u2019inattendu au loufoque. Leur situation \u00e9volue, comme leurs liens, et le spectateur s\u2019attache davantage. Le docteur est moins port\u00e9 en ridicule dans cette saison 2, le personnage s\u2019av\u00e8re mieux \u00e9crit, dans ses r\u00e9pliques et dans ses mimiques moins amplifi\u00e9es. Il n\u2019a plus l\u2019image de l\u2019idiot de service qui ne servait qu\u2019\u00e0 empirer une situation d\u00e9j\u00e0 critique. Tous les personnages retrouvent une utilit\u00e9 et une dimension qui leur est propre. La s\u00e9rie prend une direction int\u00e9ressante.<\/p>\n\n\n\n<p>Cette saison 2 ne donne pas forc\u00e9ment \u00e0 rire de mani\u00e8re r\u00e9guli\u00e8re. Pourtant, on est embarqu\u00e9 dans une histoire envo\u00fbtante, l\u00e9g\u00e8re, qui prend de l\u2019ampleur et qui est soutenue par des personnages saisissants. Ceux-ci se d\u00e9veloppent avec intelligence, et les nouvelles t\u00eates s\u2019av\u00e8rent de qualit\u00e9. Les quelques \u00e9pisodes passent bien trop vite et cela frustre, surtout \u00e0 cause d\u2019une fin de saison au suspense inqui\u00e9tant.<\/p>\n\n\n\n<div class=\"wp-block-image\"><figure class=\"aligncenter size-large is-resized\"><img src=\"https:\/\/www.lavisqteam.fr\/wp-content\/uploads\/2020\/05\/96170137_284359919262986_6479102597176229888_n.jpg\" alt=\"\" class=\"wp-image-48369\" width=\"600\" srcset=\"https:\/\/www.lavisqteam.fr\/wp-content\/uploads\/2020\/05\/96170137_284359919262986_6479102597176229888_n.jpg 1000w, https:\/\/www.lavisqteam.fr\/wp-content\/uploads\/2020\/05\/96170137_284359919262986_6479102597176229888_n-300x169.jpg 300w, https:\/\/www.lavisqteam.fr\/wp-content\/uploads\/2020\/05\/96170137_284359919262986_6479102597176229888_n-768x432.jpg 768w\" sizes=\"(max-width: 1000px) 100vw, 1000px\" \/><\/figure><\/div>\n\n\n\n<p>La s\u00e9rie <strong>Sick Note<\/strong> continue de se moquer d\u2019elle-m\u00eame, garde ce qui avait march\u00e9 dans la pr\u00e9c\u00e9dente saison et s\u2019am\u00e9liore pour atteindre un public de plus en plus large, gr\u00e2ce \u00e0 des personnalit\u00e9s moins caricaturales et plus r\u00e9alistes. Les messages et r\u00e9flexions sur le cas de Daniel s\u2019intensifient, jusqu\u2019\u00e0 perturber le spectateur. <strong>Sick Note<\/strong> continue d\u2019\u00eatre une bonne surprise, tout en restant tr\u00e8s particuli\u00e8re, voire certainement unique en son genre.<\/p>\n\n\n\n<p><strong>Note&nbsp;: 16\/20<\/strong><\/p>\n\n\n\n<figure class=\"wp-block-embed is-type-video is-provider-youtube wp-block-embed-youtube wp-embed-aspect-16-9 wp-has-aspect-ratio\"><div class=\"wp-block-embed__wrapper\">\n<iframe loading=\"lazy\" title=\"Sick Note - Series 2 trailer\" width=\"1200\" height=\"675\" src=\"https:\/\/www.youtube.com\/embed\/4pByZcXSINA?feature=oembed\" frameborder=\"0\" allow=\"accelerometer; autoplay; encrypted-media; gyroscope; picture-in-picture\" allowfullscreen><\/iframe>\n<\/div><\/figure>\n\n\n\n<p class=\"has-text-align-right\">Par <strong>Lildrille<\/strong><\/p>\n","protected":false},"excerpt":{"rendered":"<p>D\u2019Apr\u00e8s une Id\u00e9e de&nbsp;: Nat Saunders et James Serafinowicz Avec Rupert Grint, Nick Frost, Lindsay Lohan, Pippa Bennett-Warner Pays&nbsp;: Angleterre Nombre d\u2019Episodes&nbsp;: 8 Genre&nbsp;: Com\u00e9die &hellip; <\/p>\n","protected":false},"author":2,"featured_media":61679,"comment_status":"open","ping_status":"open","sticky":false,"template":"","format":"standard","meta":[],"categories":[13],"tags":[],"yoast_head":"<!-- This site is optimized with the Yoast SEO plugin v19.6.1 - https:\/\/yoast.com\/wordpress\/plugins\/seo\/ -->\n<title>Sick Note Saison 2 - Lavisqteam.fr<\/title>\n<meta name=\"robots\" content=\"index, follow, max-snippet:-1, max-image-preview:large, max-video-preview:-1\" \/>\n<link rel=\"canonical\" href=\"https:\/\/www.lavisqteam.fr\/?p=48367\" \/>\n<meta property=\"og:locale\" content=\"fr_FR\" \/>\n<meta property=\"og:type\" content=\"article\" \/>\n<meta property=\"og:title\" content=\"Sick Note Saison 2 - Lavisqteam.fr\" \/>\n<meta property=\"og:description\" content=\"D\u2019Apr\u00e8s une Id\u00e9e de&nbsp;: Nat Saunders et James Serafinowicz Avec Rupert Grint, Nick Frost, Lindsay Lohan, Pippa Bennett-Warner Pays&nbsp;: Angleterre Nombre d\u2019Episodes&nbsp;: 8 Genre&nbsp;: Com\u00e9die &hellip;\" \/>\n<meta property=\"og:url\" content=\"https:\/\/www.lavisqteam.fr\/?p=48367\" \/>\n<meta property=\"og:site_name\" content=\"Lavisqteam.fr\" \/>\n<meta property=\"article:author\" content=\"https:\/\/www.facebook.com\/chloe.garcia.351\" \/>\n<meta property=\"article:published_time\" content=\"2020-05-16T14:48:31+00:00\" \/>\n<meta property=\"article:modified_time\" content=\"2022-01-18T21:44:20+00:00\" \/>\n<meta property=\"og:image\" content=\"https:\/\/www.lavisqteam.fr\/wp-content\/uploads\/2020\/05\/96145792_691864904896571_1119624293903237120_n-1.jpg\" \/>\n\t<meta property=\"og:image:width\" content=\"670\" \/>\n\t<meta property=\"og:image:height\" content=\"957\" \/>\n\t<meta property=\"og:image:type\" content=\"image\/jpeg\" \/>\n<meta name=\"author\" content=\"Lildrille\" \/>\n<meta name=\"twitter:card\" content=\"summary_large_image\" \/>\n<meta name=\"twitter:label1\" content=\"\u00c9crit par\" \/>\n\t<meta name=\"twitter:data1\" content=\"Lildrille\" \/>\n\t<meta name=\"twitter:label2\" content=\"Dur\u00e9e de lecture estim\u00e9e\" \/>\n\t<meta name=\"twitter:data2\" content=\"5 minutes\" \/>\n<script type=\"application\/ld+json\" class=\"yoast-schema-graph\">{\"@context\":\"https:\/\/schema.org\",\"@graph\":[{\"@type\":\"Article\",\"@id\":\"https:\/\/www.lavisqteam.fr\/?p=48367#article\",\"isPartOf\":{\"@id\":\"https:\/\/www.lavisqteam.fr\/?p=48367\"},\"author\":{\"name\":\"Lildrille\",\"@id\":\"https:\/\/www.lavisqteam.fr\/#\/schema\/person\/e2e3eb3cb179a4f0299403b29e235d24\"},\"headline\":\"Sick Note Saison 2\",\"datePublished\":\"2020-05-16T14:48:31+00:00\",\"dateModified\":\"2022-01-18T21:44:20+00:00\",\"mainEntityOfPage\":{\"@id\":\"https:\/\/www.lavisqteam.fr\/?p=48367\"},\"wordCount\":939,\"commentCount\":0,\"publisher\":{\"@id\":\"https:\/\/www.lavisqteam.fr\/#organization\"},\"articleSection\":[\"S\u00e9rie\"],\"inLanguage\":\"fr-FR\",\"potentialAction\":[{\"@type\":\"CommentAction\",\"name\":\"Comment\",\"target\":[\"https:\/\/www.lavisqteam.fr\/?p=48367#respond\"]}]},{\"@type\":\"WebPage\",\"@id\":\"https:\/\/www.lavisqteam.fr\/?p=48367\",\"url\":\"https:\/\/www.lavisqteam.fr\/?p=48367\",\"name\":\"Sick Note Saison 2 - Lavisqteam.fr\",\"isPartOf\":{\"@id\":\"https:\/\/www.lavisqteam.fr\/#website\"},\"datePublished\":\"2020-05-16T14:48:31+00:00\",\"dateModified\":\"2022-01-18T21:44:20+00:00\",\"breadcrumb\":{\"@id\":\"https:\/\/www.lavisqteam.fr\/?p=48367#breadcrumb\"},\"inLanguage\":\"fr-FR\",\"potentialAction\":[{\"@type\":\"ReadAction\",\"target\":[\"https:\/\/www.lavisqteam.fr\/?p=48367\"]}]},{\"@type\":\"BreadcrumbList\",\"@id\":\"https:\/\/www.lavisqteam.fr\/?p=48367#breadcrumb\",\"itemListElement\":[{\"@type\":\"ListItem\",\"position\":1,\"name\":\"Accueil\",\"item\":\"https:\/\/www.lavisqteam.fr\/\"},{\"@type\":\"ListItem\",\"position\":2,\"name\":\"Sick Note Saison 2\"}]},{\"@type\":\"WebSite\",\"@id\":\"https:\/\/www.lavisqteam.fr\/#website\",\"url\":\"https:\/\/www.lavisqteam.fr\/\",\"name\":\"Lavisqteam.fr\",\"description\":\"\",\"publisher\":{\"@id\":\"https:\/\/www.lavisqteam.fr\/#organization\"},\"potentialAction\":[{\"@type\":\"SearchAction\",\"target\":{\"@type\":\"EntryPoint\",\"urlTemplate\":\"https:\/\/www.lavisqteam.fr\/?s={search_term_string}\"},\"query-input\":\"required name=search_term_string\"}],\"inLanguage\":\"fr-FR\"},{\"@type\":\"Organization\",\"@id\":\"https:\/\/www.lavisqteam.fr\/#organization\",\"name\":\"Lavisqteam.fr\",\"url\":\"https:\/\/www.lavisqteam.fr\/\",\"sameAs\":[],\"logo\":{\"@type\":\"ImageObject\",\"inLanguage\":\"fr-FR\",\"@id\":\"https:\/\/www.lavisqteam.fr\/#\/schema\/logo\/image\/\",\"url\":\"https:\/\/www.lavisqteam.fr\/wp-content\/uploads\/2020\/08\/cropped-80879545_3479261675449035_4078032831501041664_o-4.jpg\",\"contentUrl\":\"https:\/\/www.lavisqteam.fr\/wp-content\/uploads\/2020\/08\/cropped-80879545_3479261675449035_4078032831501041664_o-4.jpg\",\"width\":1674,\"height\":536,\"caption\":\"Lavisqteam.fr\"},\"image\":{\"@id\":\"https:\/\/www.lavisqteam.fr\/#\/schema\/logo\/image\/\"}},{\"@type\":\"Person\",\"@id\":\"https:\/\/www.lavisqteam.fr\/#\/schema\/person\/e2e3eb3cb179a4f0299403b29e235d24\",\"name\":\"Lildrille\",\"image\":{\"@type\":\"ImageObject\",\"inLanguage\":\"fr-FR\",\"@id\":\"https:\/\/www.lavisqteam.fr\/#\/schema\/person\/image\/\",\"url\":\"https:\/\/secure.gravatar.com\/avatar\/1fbe78d5f27ffb4f9c29619bd30c90db?s=96&d=mm&r=g\",\"contentUrl\":\"https:\/\/secure.gravatar.com\/avatar\/1fbe78d5f27ffb4f9c29619bd30c90db?s=96&d=mm&r=g\",\"caption\":\"Lildrille\"},\"description\":\"Passionn\u00e9e d\u2019imaginaire et d\u2019\u00e9vasion depuis longtemps, \u00e9crire et lire sont mes activit\u00e9s favorites. Dans un monde souvent sombre, m'\u00e9vader et fournir du r\u00eave sont mes objectifs. Suivez-moi en tant qu'auteure ici : https:\/\/www.2passions1dream.com\/. Et en tant que chroniqueuse aussi l\u00e0 : https:\/\/simplement.pro\/u\/Lildrille.\",\"sameAs\":[\"http:\/\/Lavisqteam.fr\",\"https:\/\/www.facebook.com\/chloe.garcia.351\",\"https:\/\/www.instagram.com\/chloe.garcia.artiste\/\",\"https:\/\/www.linkedin.com\/in\/garcia-chloe\/\"],\"url\":\"https:\/\/www.lavisqteam.fr\/?author=2\"}]}<\/script>\n<!-- \/ Yoast SEO plugin. -->","yoast_head_json":{"title":"Sick Note Saison 2 - Lavisqteam.fr","robots":{"index":"index","follow":"follow","max-snippet":"max-snippet:-1","max-image-preview":"max-image-preview:large","max-video-preview":"max-video-preview:-1"},"canonical":"https:\/\/www.lavisqteam.fr\/?p=48367","og_locale":"fr_FR","og_type":"article","og_title":"Sick Note Saison 2 - Lavisqteam.fr","og_description":"D\u2019Apr\u00e8s une Id\u00e9e de&nbsp;: Nat Saunders et James Serafinowicz Avec Rupert Grint, Nick Frost, Lindsay Lohan, Pippa Bennett-Warner Pays&nbsp;: Angleterre Nombre d\u2019Episodes&nbsp;: 8 Genre&nbsp;: Com\u00e9die &hellip;","og_url":"https:\/\/www.lavisqteam.fr\/?p=48367","og_site_name":"Lavisqteam.fr","article_author":"https:\/\/www.facebook.com\/chloe.garcia.351","article_published_time":"2020-05-16T14:48:31+00:00","article_modified_time":"2022-01-18T21:44:20+00:00","og_image":[{"width":670,"height":957,"url":"https:\/\/www.lavisqteam.fr\/wp-content\/uploads\/2020\/05\/96145792_691864904896571_1119624293903237120_n-1.jpg","type":"image\/jpeg"}],"author":"Lildrille","twitter_card":"summary_large_image","twitter_misc":{"\u00c9crit par":"Lildrille","Dur\u00e9e de lecture estim\u00e9e":"5 minutes"},"schema":{"@context":"https:\/\/schema.org","@graph":[{"@type":"Article","@id":"https:\/\/www.lavisqteam.fr\/?p=48367#article","isPartOf":{"@id":"https:\/\/www.lavisqteam.fr\/?p=48367"},"author":{"name":"Lildrille","@id":"https:\/\/www.lavisqteam.fr\/#\/schema\/person\/e2e3eb3cb179a4f0299403b29e235d24"},"headline":"Sick Note Saison 2","datePublished":"2020-05-16T14:48:31+00:00","dateModified":"2022-01-18T21:44:20+00:00","mainEntityOfPage":{"@id":"https:\/\/www.lavisqteam.fr\/?p=48367"},"wordCount":939,"commentCount":0,"publisher":{"@id":"https:\/\/www.lavisqteam.fr\/#organization"},"articleSection":["S\u00e9rie"],"inLanguage":"fr-FR","potentialAction":[{"@type":"CommentAction","name":"Comment","target":["https:\/\/www.lavisqteam.fr\/?p=48367#respond"]}]},{"@type":"WebPage","@id":"https:\/\/www.lavisqteam.fr\/?p=48367","url":"https:\/\/www.lavisqteam.fr\/?p=48367","name":"Sick Note Saison 2 - Lavisqteam.fr","isPartOf":{"@id":"https:\/\/www.lavisqteam.fr\/#website"},"datePublished":"2020-05-16T14:48:31+00:00","dateModified":"2022-01-18T21:44:20+00:00","breadcrumb":{"@id":"https:\/\/www.lavisqteam.fr\/?p=48367#breadcrumb"},"inLanguage":"fr-FR","potentialAction":[{"@type":"ReadAction","target":["https:\/\/www.lavisqteam.fr\/?p=48367"]}]},{"@type":"BreadcrumbList","@id":"https:\/\/www.lavisqteam.fr\/?p=48367#breadcrumb","itemListElement":[{"@type":"ListItem","position":1,"name":"Accueil","item":"https:\/\/www.lavisqteam.fr\/"},{"@type":"ListItem","position":2,"name":"Sick Note Saison 2"}]},{"@type":"WebSite","@id":"https:\/\/www.lavisqteam.fr\/#website","url":"https:\/\/www.lavisqteam.fr\/","name":"Lavisqteam.fr","description":"","publisher":{"@id":"https:\/\/www.lavisqteam.fr\/#organization"},"potentialAction":[{"@type":"SearchAction","target":{"@type":"EntryPoint","urlTemplate":"https:\/\/www.lavisqteam.fr\/?s={search_term_string}"},"query-input":"required name=search_term_string"}],"inLanguage":"fr-FR"},{"@type":"Organization","@id":"https:\/\/www.lavisqteam.fr\/#organization","name":"Lavisqteam.fr","url":"https:\/\/www.lavisqteam.fr\/","sameAs":[],"logo":{"@type":"ImageObject","inLanguage":"fr-FR","@id":"https:\/\/www.lavisqteam.fr\/#\/schema\/logo\/image\/","url":"https:\/\/www.lavisqteam.fr\/wp-content\/uploads\/2020\/08\/cropped-80879545_3479261675449035_4078032831501041664_o-4.jpg","contentUrl":"https:\/\/www.lavisqteam.fr\/wp-content\/uploads\/2020\/08\/cropped-80879545_3479261675449035_4078032831501041664_o-4.jpg","width":1674,"height":536,"caption":"Lavisqteam.fr"},"image":{"@id":"https:\/\/www.lavisqteam.fr\/#\/schema\/logo\/image\/"}},{"@type":"Person","@id":"https:\/\/www.lavisqteam.fr\/#\/schema\/person\/e2e3eb3cb179a4f0299403b29e235d24","name":"Lildrille","image":{"@type":"ImageObject","inLanguage":"fr-FR","@id":"https:\/\/www.lavisqteam.fr\/#\/schema\/person\/image\/","url":"https:\/\/secure.gravatar.com\/avatar\/1fbe78d5f27ffb4f9c29619bd30c90db?s=96&d=mm&r=g","contentUrl":"https:\/\/secure.gravatar.com\/avatar\/1fbe78d5f27ffb4f9c29619bd30c90db?s=96&d=mm&r=g","caption":"Lildrille"},"description":"Passionn\u00e9e d\u2019imaginaire et d\u2019\u00e9vasion depuis longtemps, \u00e9crire et lire sont mes activit\u00e9s favorites. Dans un monde souvent sombre, m'\u00e9vader et fournir du r\u00eave sont mes objectifs. Suivez-moi en tant qu'auteure ici : https:\/\/www.2passions1dream.com\/. Et en tant que chroniqueuse aussi l\u00e0 : https:\/\/simplement.pro\/u\/Lildrille.","sameAs":["http:\/\/Lavisqteam.fr","https:\/\/www.facebook.com\/chloe.garcia.351","https:\/\/www.instagram.com\/chloe.garcia.artiste\/","https:\/\/www.linkedin.com\/in\/garcia-chloe\/"],"url":"https:\/\/www.lavisqteam.fr\/?author=2"}]}},"jetpack_featured_media_url":"https:\/\/www.lavisqteam.fr\/wp-content\/uploads\/2020\/05\/96145792_691864904896571_1119624293903237120_n-1.jpg","_links":{"self":[{"href":"https:\/\/www.lavisqteam.fr\/index.php?rest_route=\/wp\/v2\/posts\/48367"}],"collection":[{"href":"https:\/\/www.lavisqteam.fr\/index.php?rest_route=\/wp\/v2\/posts"}],"about":[{"href":"https:\/\/www.lavisqteam.fr\/index.php?rest_route=\/wp\/v2\/types\/post"}],"author":[{"embeddable":true,"href":"https:\/\/www.lavisqteam.fr\/index.php?rest_route=\/wp\/v2\/users\/2"}],"replies":[{"embeddable":true,"href":"https:\/\/www.lavisqteam.fr\/index.php?rest_route=%2Fwp%2Fv2%2Fcomments&post=48367"}],"version-history":[{"count":2,"href":"https:\/\/www.lavisqteam.fr\/index.php?rest_route=\/wp\/v2\/posts\/48367\/revisions"}],"predecessor-version":[{"id":55831,"href":"https:\/\/www.lavisqteam.fr\/index.php?rest_route=\/wp\/v2\/posts\/48367\/revisions\/55831"}],"wp:featuredmedia":[{"embeddable":true,"href":"https:\/\/www.lavisqteam.fr\/index.php?rest_route=\/wp\/v2\/media\/61679"}],"wp:attachment":[{"href":"https:\/\/www.lavisqteam.fr\/index.php?rest_route=%2Fwp%2Fv2%2Fmedia&parent=48367"}],"wp:term":[{"taxonomy":"category","embeddable":true,"href":"https:\/\/www.lavisqteam.fr\/index.php?rest_route=%2Fwp%2Fv2%2Fcategories&post=48367"},{"taxonomy":"post_tag","embeddable":true,"href":"https:\/\/www.lavisqteam.fr\/index.php?rest_route=%2Fwp%2Fv2%2Ftags&post=48367"}],"curies":[{"name":"wp","href":"https:\/\/api.w.org\/{rel}","templated":true}]}}