{"id":47025,"date":"2020-03-18T13:20:37","date_gmt":"2020-03-18T13:20:37","guid":{"rendered":"http:\/\/www.lavisqteam.fr\/?p=47025"},"modified":"2021-05-03T08:29:02","modified_gmt":"2021-05-03T08:29:02","slug":"lodeur-du-jour-danielle-martinigol","status":"publish","type":"post","link":"https:\/\/www.lavisqteam.fr\/?p=47025","title":{"rendered":"L&rsquo;Odeur du Jour &#8211; Danielle Martinigol"},"content":{"rendered":"\n<div class=\"wp-block-image\"><figure class=\"aligncenter size-large is-resized\"><img src=\"https:\/\/www.lavisqteam.fr\/wp-content\/uploads\/2020\/03\/84182935_2202044096758340_1686328731641053184_n.jpg\" alt=\"\" class=\"wp-image-47026\" width=\"600\" srcset=\"https:\/\/www.lavisqteam.fr\/wp-content\/uploads\/2020\/03\/84182935_2202044096758340_1686328731641053184_n.jpg 603w, https:\/\/www.lavisqteam.fr\/wp-content\/uploads\/2020\/03\/84182935_2202044096758340_1686328731641053184_n-188x300.jpg 188w\" sizes=\"(max-width: 603px) 100vw, 603px\" \/><\/figure><\/div>\n\n\n\n<p><strong>Auteure&nbsp;: <\/strong>Danielle Martinigol<\/p>\n\n\n\n<p><strong>Editeur&nbsp;: <\/strong>Hachette<\/p>\n\n\n\n<p><strong>Genre\u00a0: <\/strong>Drame<\/p>\n\n\n\n<p><strong>R\u00e9sum\u00e9&nbsp;:<\/strong><\/p>\n\n\n\n<p>Je m&rsquo;appelle Lili et je suis une flaireuse. Au r\u00e9veil, je\nsens l&rsquo;odeur du jour. Celle qui me dit si je vais passer une bonne ou une\nmauvaise journ\u00e9e. Ce matin, une puanteur de cauchemar m&rsquo;assaille. Quelque chose\nd&rsquo;horrible s&rsquo;est produit, c&rsquo;est s\u00fbr. Je ne tarde pas \u00e0 comprendre quoi&nbsp;:\nma prof pr\u00e9f\u00e9r\u00e9e a \u00e9t\u00e9 tu\u00e9e. Et l\u00e0, surprise&nbsp;: Angie, le \u00ab&nbsp;\nd\u00e9mon&nbsp; \u00bb du lyc\u00e9e, prend ma d\u00e9fense quand je fonds en larmes. Elle me dit\ncombien elle aimait notre prof elle aussi. Qu&rsquo;elle non plus n&rsquo;accepte pas les\nexplications qu&rsquo;on nous donne. Que toute cette affaire est louche. Alors on va\nmener notre enqu\u00eate. Quitte \u00e0 suivre les indices laiss\u00e9s par ces deux gar\u00e7ons\n\u00e9tranges que nous semblons \u00eatre les seules \u00e0 voir&#8230;<\/p>\n\n\n\n<p><strong>Avis&nbsp;:<\/strong><\/p>\n\n\n\n<p><strong>L\u2019odeur du jour<\/strong> est un roman empreint de po\u00e9sie, qui int\u00e8gre des \u00e9l\u00e9ments fantastiques\nsans que cela ne perturbe ou ne choque le lecteur. Ils s\u2019ins\u00e8rent parfaitement\ndans l\u2019action et s\u2019int\u00e8grent \u00e0 l\u2019univers de mani\u00e8re subtile, entourant des\npersonnages \u00e0 la personnalit\u00e9 assez originale et fantasque, pour que cela\nparaisse naturel. Bien que le roman soit davantage pour des adolescents,\nl\u2019histoire reste assez complexe et prenante pour plaire \u00e0 un public plus large.<\/p>\n\n\n\n<p>Cela commence d\u00e9j\u00e0 avec le titre. En effet, l\u2019odorat fait\npartie int\u00e9grante du r\u00e9cit. L\u2019auteure nous offre une vision sensorielle\nparticuli\u00e8re qui intrigue le lecteur. Effectivement, d\u00e8s son r\u00e9veil, notre\nh\u00e9ro\u00efne per\u00e7oit des odeurs bien particuli\u00e8res qui lui permettront de pr\u00e9voir,\nla plupart du temps, la suite de sa journ\u00e9e. Que l\u2019on y croie ou non, cet\n\u00e9l\u00e9ment apporte une atmosph\u00e8re mystique plaisante au roman. L\u2019auteure nous fait\nainsi r\u00e9fl\u00e9chir aux diff\u00e9rentes odeurs qui nous entourent. Qu\u2019est-ce qu\u2019une\nodeur n\u00e9gative&nbsp;? Qu\u2019est-ce qu\u2019une odeur positive&nbsp;? Quels sont les\nliens que notre cerveau effectue entre les odeurs que l\u2019on conna\u00eet bien et nos\nsouvenirs&nbsp;? Serait-ce finalement r\u00e9ellement un don ou une\nmal\u00e9diction&nbsp;? Notre h\u00e9ro\u00efne apprend \u00e0 appr\u00e9hender cette capacit\u00e9, sans\npour autant la contr\u00f4ler. Cependant, elle lui sera tr\u00e8s utile.<\/p>\n\n\n\n<p>L\u2019histoire commence doucement, nous laissant tout le loisir\nde nous impr\u00e9gner des personnages et de leurs vies au lyc\u00e9e. Petit \u00e0 petit, le\nr\u00e9cit prend des allures de thriller, avec une enqu\u00eate endiabl\u00e9e qui m\u00e8nera nos h\u00e9ros\n\u00e0 se red\u00e9couvrir. Les adolescents que l\u2019on suit s\u2019embarquent dans une aventure\nplut\u00f4t bien ficel\u00e9e, m\u00eame si parfois le m\u00e9lange entre r\u00e9alit\u00e9 et paranormal\ninterroge le lecteur quant \u00e0 la coh\u00e9rence de l\u2019histoire. L\u2019auteure utilise \u00e0 la\nfois cette atmosph\u00e8re magique pour faire voyager ses lecteurs, et aussi pour \u00e9mietter\ndes \u00e9nigmes sur le parcours de nos h\u00e9ros. Ces messages myst\u00e9rieux sont de\nv\u00e9ritables casse-t\u00eates qui am\u00e8nent les personnages et le lecteur \u00e0 r\u00e9fl\u00e9chir.\nL\u2019enqu\u00eate suit un rythme int\u00e9ressant, et s\u2019av\u00e8rera finalement li\u00e9e \u00e0 plusieurs\ndiff\u00e9rentes petites histoires que les personnages ne manqueront pas de\ndistiller.<\/p>\n\n\n\n<p>Les diff\u00e9rentes histoires de famille ou de vies d\u2019adolescents\napportent toutes leurs lots de machinations et de secrets. Le lecteur ne\ns\u2019ennuie pas gr\u00e2ce aux multiples r\u00e9v\u00e9lations et rebondissements qui tombent au\ncompte-goutte, dont certains restent plut\u00f4t originaux ou \u00e9tonnants. Chaque\nchapitre transporte avec lui ses nouveaut\u00e9s, ses d\u00e9couvertes et souvent de\nnouveaux personnages. On ne se perd pas, l\u2019histoire progresse vite et les nombreux\nmyst\u00e8res trouvent une r\u00e9solution satisfaisante.<\/p>\n\n\n\n<p>Le lecteur s\u2019attache aux h\u00e9ro\u00efnes et \u00e0 leurs histoires,\nnotamment parce qu\u2019elles se diff\u00e9rencient de leurs camarades gr\u00e2ce \u00e0 une\npersonnalit\u00e9 riche, mais aussi parce qu\u2019elles font preuve d\u2019intelligence et\nd\u2019\u00e9nergie dans leurs recherches. Leur amour pour l\u2019\u00e9cole et ce qu\u2019elles y\napprennent fait \u00e9galement plaisir \u00e0 lire. Contre toute attente, bien que les\ndeux jeunes filles puissent se montrer rebelles, elles restent des \u00e9tudiantes\npassionn\u00e9es. Leurs relations avec leurs parents constituent des points\nint\u00e9ressants, comme celles qu\u2019elles d\u00e9veloppent avec leurs alter-ego masculins.\nCes derniers restent des figures plut\u00f4t myst\u00e9rieuses jusqu\u2019\u00e0 ce que la fin nous\nen apprenne davantage. Cela n\u2019est pas g\u00eanant, et permet justement d\u2019installer un\nsuspense bienvenu dans une histoire polici\u00e8re comme celle-ci.<\/p>\n\n\n\n<p>Les derni\u00e8res lignes manquent de profondeur et d\u2019\u00e2me en\nessayant d\u2019installer un futur proche, sans que de grandes explications, sur ce\nqui s\u2019est d\u00e9roul\u00e9 entre la fin de l\u2019enqu\u00eate et le moment d\u00e9crit, ne soient\ndonn\u00e9es. L\u2019\u00e9pilogue n\u2019est pas assez long pour que le lecteur s\u2019impr\u00e8gne de la\nnouvelle situation et des nouvelles relations entre les personnages. Cela est\ndommage \u00e9tant donn\u00e9 le bonheur des h\u00e9ro\u00efnes et le fait qu\u2019elles s\u2019acceptent\ndavantage comme elles sont. De plus, une des explications permettant au lecteur\nde comprendre l\u2019arriv\u00e9e de leurs alter-egos masculins dans leurs vies, a du mal\n\u00e0 bien passer, \u00e9tant donn\u00e9 son c\u00f4t\u00e9 un peu facile et extravagant. On finit tout\nde m\u00eame par s\u2019en accommoder.<\/p>\n\n\n\n<p><strong>L\u2019odeur du jour<\/strong> m\u00e9lange fantastique, \u00e9sot\u00e9rique et enqu\u00eate polici\u00e8re, dans un style\n\u00e9pur\u00e9, rapide \u00e0 lire, qui tient en haleine jusqu\u2019au bout, m\u00eame si certains\nchapitres, qui alourdissent encore plus certaines r\u00e9v\u00e9lations, auraient pu\ndispara\u00eetre pour \u00e9viter un surplus parfois mal dos\u00e9. En effet, les\nsous-intrigues se multiplient \u00e0 un rythme effrayant, ce qui embourbe parfois le\nlecteur dans des ramifications de solutions alambiqu\u00e9es, alors que le reste\naurait largement suffi \u00e0 contenter son app\u00e9tit d\u2019\u00e9nigmes.<\/p>\n\n\n\n<p><strong>Note&nbsp;: 15.5\/20<\/strong><\/p>\n\n\n\n<p class=\"has-text-align-right\">Par <strong>Lildrille<\/strong><\/p>\n","protected":false},"excerpt":{"rendered":"<p>Auteure&nbsp;: Danielle Martinigol Editeur&nbsp;: Hachette Genre\u00a0: Drame R\u00e9sum\u00e9&nbsp;: Je m&rsquo;appelle Lili et je suis une flaireuse. Au r\u00e9veil, je sens l&rsquo;odeur du jour. Celle qui &hellip; <\/p>\n","protected":false},"author":2,"featured_media":0,"comment_status":"open","ping_status":"open","sticky":false,"template":"","format":"standard","meta":[],"categories":[10],"tags":[],"yoast_head":"<!-- This site is optimized with the Yoast SEO plugin v19.6.1 - https:\/\/yoast.com\/wordpress\/plugins\/seo\/ -->\n<title>L&#039;Odeur du Jour - Danielle Martinigol - Lavisqteam.fr<\/title>\n<meta name=\"robots\" content=\"index, follow, max-snippet:-1, max-image-preview:large, max-video-preview:-1\" \/>\n<link rel=\"canonical\" href=\"https:\/\/www.lavisqteam.fr\/?p=47025\" \/>\n<meta property=\"og:locale\" content=\"fr_FR\" \/>\n<meta property=\"og:type\" content=\"article\" \/>\n<meta property=\"og:title\" content=\"L&#039;Odeur du Jour - Danielle Martinigol - Lavisqteam.fr\" \/>\n<meta property=\"og:description\" content=\"Auteure&nbsp;: Danielle Martinigol Editeur&nbsp;: Hachette Genre\u00a0: Drame R\u00e9sum\u00e9&nbsp;: Je m&rsquo;appelle Lili et je suis une flaireuse. Au r\u00e9veil, je sens l&rsquo;odeur du jour. Celle qui &hellip;\" \/>\n<meta property=\"og:url\" content=\"https:\/\/www.lavisqteam.fr\/?p=47025\" \/>\n<meta property=\"og:site_name\" content=\"Lavisqteam.fr\" \/>\n<meta property=\"article:author\" content=\"https:\/\/www.facebook.com\/chloe.garcia.351\" \/>\n<meta property=\"article:published_time\" content=\"2020-03-18T13:20:37+00:00\" \/>\n<meta property=\"article:modified_time\" content=\"2021-05-03T08:29:02+00:00\" \/>\n<meta property=\"og:image\" content=\"http:\/\/www.lavisqteam.fr\/wp-content\/uploads\/2020\/03\/84182935_2202044096758340_1686328731641053184_n.jpg\" \/>\n<meta name=\"author\" content=\"Lildrille\" \/>\n<meta name=\"twitter:card\" content=\"summary_large_image\" \/>\n<meta name=\"twitter:label1\" content=\"\u00c9crit par\" \/>\n\t<meta name=\"twitter:data1\" content=\"Lildrille\" \/>\n\t<meta name=\"twitter:label2\" content=\"Dur\u00e9e de lecture estim\u00e9e\" \/>\n\t<meta name=\"twitter:data2\" content=\"4 minutes\" \/>\n<script type=\"application\/ld+json\" class=\"yoast-schema-graph\">{\"@context\":\"https:\/\/schema.org\",\"@graph\":[{\"@type\":\"Article\",\"@id\":\"https:\/\/www.lavisqteam.fr\/?p=47025#article\",\"isPartOf\":{\"@id\":\"https:\/\/www.lavisqteam.fr\/?p=47025\"},\"author\":{\"name\":\"Lildrille\",\"@id\":\"https:\/\/www.lavisqteam.fr\/#\/schema\/person\/e2e3eb3cb179a4f0299403b29e235d24\"},\"headline\":\"L&rsquo;Odeur du Jour &#8211; Danielle Martinigol\",\"datePublished\":\"2020-03-18T13:20:37+00:00\",\"dateModified\":\"2021-05-03T08:29:02+00:00\",\"mainEntityOfPage\":{\"@id\":\"https:\/\/www.lavisqteam.fr\/?p=47025\"},\"wordCount\":1009,\"commentCount\":0,\"publisher\":{\"@id\":\"https:\/\/www.lavisqteam.fr\/#organization\"},\"articleSection\":[\"Roman\"],\"inLanguage\":\"fr-FR\",\"potentialAction\":[{\"@type\":\"CommentAction\",\"name\":\"Comment\",\"target\":[\"https:\/\/www.lavisqteam.fr\/?p=47025#respond\"]}]},{\"@type\":\"WebPage\",\"@id\":\"https:\/\/www.lavisqteam.fr\/?p=47025\",\"url\":\"https:\/\/www.lavisqteam.fr\/?p=47025\",\"name\":\"L'Odeur du Jour - Danielle Martinigol - Lavisqteam.fr\",\"isPartOf\":{\"@id\":\"https:\/\/www.lavisqteam.fr\/#website\"},\"datePublished\":\"2020-03-18T13:20:37+00:00\",\"dateModified\":\"2021-05-03T08:29:02+00:00\",\"breadcrumb\":{\"@id\":\"https:\/\/www.lavisqteam.fr\/?p=47025#breadcrumb\"},\"inLanguage\":\"fr-FR\",\"potentialAction\":[{\"@type\":\"ReadAction\",\"target\":[\"https:\/\/www.lavisqteam.fr\/?p=47025\"]}]},{\"@type\":\"BreadcrumbList\",\"@id\":\"https:\/\/www.lavisqteam.fr\/?p=47025#breadcrumb\",\"itemListElement\":[{\"@type\":\"ListItem\",\"position\":1,\"name\":\"Accueil\",\"item\":\"https:\/\/www.lavisqteam.fr\/\"},{\"@type\":\"ListItem\",\"position\":2,\"name\":\"L&rsquo;Odeur du Jour &#8211; Danielle Martinigol\"}]},{\"@type\":\"WebSite\",\"@id\":\"https:\/\/www.lavisqteam.fr\/#website\",\"url\":\"https:\/\/www.lavisqteam.fr\/\",\"name\":\"Lavisqteam.fr\",\"description\":\"\",\"publisher\":{\"@id\":\"https:\/\/www.lavisqteam.fr\/#organization\"},\"potentialAction\":[{\"@type\":\"SearchAction\",\"target\":{\"@type\":\"EntryPoint\",\"urlTemplate\":\"https:\/\/www.lavisqteam.fr\/?s={search_term_string}\"},\"query-input\":\"required name=search_term_string\"}],\"inLanguage\":\"fr-FR\"},{\"@type\":\"Organization\",\"@id\":\"https:\/\/www.lavisqteam.fr\/#organization\",\"name\":\"Lavisqteam.fr\",\"url\":\"https:\/\/www.lavisqteam.fr\/\",\"sameAs\":[],\"logo\":{\"@type\":\"ImageObject\",\"inLanguage\":\"fr-FR\",\"@id\":\"https:\/\/www.lavisqteam.fr\/#\/schema\/logo\/image\/\",\"url\":\"https:\/\/www.lavisqteam.fr\/wp-content\/uploads\/2020\/08\/cropped-80879545_3479261675449035_4078032831501041664_o-4.jpg\",\"contentUrl\":\"https:\/\/www.lavisqteam.fr\/wp-content\/uploads\/2020\/08\/cropped-80879545_3479261675449035_4078032831501041664_o-4.jpg\",\"width\":1674,\"height\":536,\"caption\":\"Lavisqteam.fr\"},\"image\":{\"@id\":\"https:\/\/www.lavisqteam.fr\/#\/schema\/logo\/image\/\"}},{\"@type\":\"Person\",\"@id\":\"https:\/\/www.lavisqteam.fr\/#\/schema\/person\/e2e3eb3cb179a4f0299403b29e235d24\",\"name\":\"Lildrille\",\"image\":{\"@type\":\"ImageObject\",\"inLanguage\":\"fr-FR\",\"@id\":\"https:\/\/www.lavisqteam.fr\/#\/schema\/person\/image\/\",\"url\":\"https:\/\/secure.gravatar.com\/avatar\/1fbe78d5f27ffb4f9c29619bd30c90db?s=96&d=mm&r=g\",\"contentUrl\":\"https:\/\/secure.gravatar.com\/avatar\/1fbe78d5f27ffb4f9c29619bd30c90db?s=96&d=mm&r=g\",\"caption\":\"Lildrille\"},\"description\":\"Passionn\u00e9e d\u2019imaginaire et d\u2019\u00e9vasion depuis longtemps, \u00e9crire et lire sont mes activit\u00e9s favorites. Dans un monde souvent sombre, m'\u00e9vader et fournir du r\u00eave sont mes objectifs. Suivez-moi en tant qu'auteure ici : https:\/\/www.2passions1dream.com\/. Et en tant que chroniqueuse aussi l\u00e0 : https:\/\/simplement.pro\/u\/Lildrille.\",\"sameAs\":[\"http:\/\/Lavisqteam.fr\",\"https:\/\/www.facebook.com\/chloe.garcia.351\",\"https:\/\/www.instagram.com\/chloe.garcia.artiste\/\",\"https:\/\/www.linkedin.com\/in\/garcia-chloe\/\"],\"url\":\"https:\/\/www.lavisqteam.fr\/?author=2\"}]}<\/script>\n<!-- \/ Yoast SEO plugin. -->","yoast_head_json":{"title":"L'Odeur du Jour - Danielle Martinigol - Lavisqteam.fr","robots":{"index":"index","follow":"follow","max-snippet":"max-snippet:-1","max-image-preview":"max-image-preview:large","max-video-preview":"max-video-preview:-1"},"canonical":"https:\/\/www.lavisqteam.fr\/?p=47025","og_locale":"fr_FR","og_type":"article","og_title":"L'Odeur du Jour - Danielle Martinigol - Lavisqteam.fr","og_description":"Auteure&nbsp;: Danielle Martinigol Editeur&nbsp;: Hachette Genre\u00a0: Drame R\u00e9sum\u00e9&nbsp;: Je m&rsquo;appelle Lili et je suis une flaireuse. Au r\u00e9veil, je sens l&rsquo;odeur du jour. Celle qui &hellip;","og_url":"https:\/\/www.lavisqteam.fr\/?p=47025","og_site_name":"Lavisqteam.fr","article_author":"https:\/\/www.facebook.com\/chloe.garcia.351","article_published_time":"2020-03-18T13:20:37+00:00","article_modified_time":"2021-05-03T08:29:02+00:00","og_image":[{"url":"http:\/\/www.lavisqteam.fr\/wp-content\/uploads\/2020\/03\/84182935_2202044096758340_1686328731641053184_n.jpg"}],"author":"Lildrille","twitter_card":"summary_large_image","twitter_misc":{"\u00c9crit par":"Lildrille","Dur\u00e9e de lecture estim\u00e9e":"4 minutes"},"schema":{"@context":"https:\/\/schema.org","@graph":[{"@type":"Article","@id":"https:\/\/www.lavisqteam.fr\/?p=47025#article","isPartOf":{"@id":"https:\/\/www.lavisqteam.fr\/?p=47025"},"author":{"name":"Lildrille","@id":"https:\/\/www.lavisqteam.fr\/#\/schema\/person\/e2e3eb3cb179a4f0299403b29e235d24"},"headline":"L&rsquo;Odeur du Jour &#8211; Danielle Martinigol","datePublished":"2020-03-18T13:20:37+00:00","dateModified":"2021-05-03T08:29:02+00:00","mainEntityOfPage":{"@id":"https:\/\/www.lavisqteam.fr\/?p=47025"},"wordCount":1009,"commentCount":0,"publisher":{"@id":"https:\/\/www.lavisqteam.fr\/#organization"},"articleSection":["Roman"],"inLanguage":"fr-FR","potentialAction":[{"@type":"CommentAction","name":"Comment","target":["https:\/\/www.lavisqteam.fr\/?p=47025#respond"]}]},{"@type":"WebPage","@id":"https:\/\/www.lavisqteam.fr\/?p=47025","url":"https:\/\/www.lavisqteam.fr\/?p=47025","name":"L'Odeur du Jour - Danielle Martinigol - Lavisqteam.fr","isPartOf":{"@id":"https:\/\/www.lavisqteam.fr\/#website"},"datePublished":"2020-03-18T13:20:37+00:00","dateModified":"2021-05-03T08:29:02+00:00","breadcrumb":{"@id":"https:\/\/www.lavisqteam.fr\/?p=47025#breadcrumb"},"inLanguage":"fr-FR","potentialAction":[{"@type":"ReadAction","target":["https:\/\/www.lavisqteam.fr\/?p=47025"]}]},{"@type":"BreadcrumbList","@id":"https:\/\/www.lavisqteam.fr\/?p=47025#breadcrumb","itemListElement":[{"@type":"ListItem","position":1,"name":"Accueil","item":"https:\/\/www.lavisqteam.fr\/"},{"@type":"ListItem","position":2,"name":"L&rsquo;Odeur du Jour &#8211; Danielle Martinigol"}]},{"@type":"WebSite","@id":"https:\/\/www.lavisqteam.fr\/#website","url":"https:\/\/www.lavisqteam.fr\/","name":"Lavisqteam.fr","description":"","publisher":{"@id":"https:\/\/www.lavisqteam.fr\/#organization"},"potentialAction":[{"@type":"SearchAction","target":{"@type":"EntryPoint","urlTemplate":"https:\/\/www.lavisqteam.fr\/?s={search_term_string}"},"query-input":"required name=search_term_string"}],"inLanguage":"fr-FR"},{"@type":"Organization","@id":"https:\/\/www.lavisqteam.fr\/#organization","name":"Lavisqteam.fr","url":"https:\/\/www.lavisqteam.fr\/","sameAs":[],"logo":{"@type":"ImageObject","inLanguage":"fr-FR","@id":"https:\/\/www.lavisqteam.fr\/#\/schema\/logo\/image\/","url":"https:\/\/www.lavisqteam.fr\/wp-content\/uploads\/2020\/08\/cropped-80879545_3479261675449035_4078032831501041664_o-4.jpg","contentUrl":"https:\/\/www.lavisqteam.fr\/wp-content\/uploads\/2020\/08\/cropped-80879545_3479261675449035_4078032831501041664_o-4.jpg","width":1674,"height":536,"caption":"Lavisqteam.fr"},"image":{"@id":"https:\/\/www.lavisqteam.fr\/#\/schema\/logo\/image\/"}},{"@type":"Person","@id":"https:\/\/www.lavisqteam.fr\/#\/schema\/person\/e2e3eb3cb179a4f0299403b29e235d24","name":"Lildrille","image":{"@type":"ImageObject","inLanguage":"fr-FR","@id":"https:\/\/www.lavisqteam.fr\/#\/schema\/person\/image\/","url":"https:\/\/secure.gravatar.com\/avatar\/1fbe78d5f27ffb4f9c29619bd30c90db?s=96&d=mm&r=g","contentUrl":"https:\/\/secure.gravatar.com\/avatar\/1fbe78d5f27ffb4f9c29619bd30c90db?s=96&d=mm&r=g","caption":"Lildrille"},"description":"Passionn\u00e9e d\u2019imaginaire et d\u2019\u00e9vasion depuis longtemps, \u00e9crire et lire sont mes activit\u00e9s favorites. Dans un monde souvent sombre, m'\u00e9vader et fournir du r\u00eave sont mes objectifs. Suivez-moi en tant qu'auteure ici : https:\/\/www.2passions1dream.com\/. Et en tant que chroniqueuse aussi l\u00e0 : https:\/\/simplement.pro\/u\/Lildrille.","sameAs":["http:\/\/Lavisqteam.fr","https:\/\/www.facebook.com\/chloe.garcia.351","https:\/\/www.instagram.com\/chloe.garcia.artiste\/","https:\/\/www.linkedin.com\/in\/garcia-chloe\/"],"url":"https:\/\/www.lavisqteam.fr\/?author=2"}]}},"jetpack_featured_media_url":"","_links":{"self":[{"href":"https:\/\/www.lavisqteam.fr\/index.php?rest_route=\/wp\/v2\/posts\/47025"}],"collection":[{"href":"https:\/\/www.lavisqteam.fr\/index.php?rest_route=\/wp\/v2\/posts"}],"about":[{"href":"https:\/\/www.lavisqteam.fr\/index.php?rest_route=\/wp\/v2\/types\/post"}],"author":[{"embeddable":true,"href":"https:\/\/www.lavisqteam.fr\/index.php?rest_route=\/wp\/v2\/users\/2"}],"replies":[{"embeddable":true,"href":"https:\/\/www.lavisqteam.fr\/index.php?rest_route=%2Fwp%2Fv2%2Fcomments&post=47025"}],"version-history":[{"count":3,"href":"https:\/\/www.lavisqteam.fr\/index.php?rest_route=\/wp\/v2\/posts\/47025\/revisions"}],"predecessor-version":[{"id":56194,"href":"https:\/\/www.lavisqteam.fr\/index.php?rest_route=\/wp\/v2\/posts\/47025\/revisions\/56194"}],"wp:attachment":[{"href":"https:\/\/www.lavisqteam.fr\/index.php?rest_route=%2Fwp%2Fv2%2Fmedia&parent=47025"}],"wp:term":[{"taxonomy":"category","embeddable":true,"href":"https:\/\/www.lavisqteam.fr\/index.php?rest_route=%2Fwp%2Fv2%2Fcategories&post=47025"},{"taxonomy":"post_tag","embeddable":true,"href":"https:\/\/www.lavisqteam.fr\/index.php?rest_route=%2Fwp%2Fv2%2Ftags&post=47025"}],"curies":[{"name":"wp","href":"https:\/\/api.w.org\/{rel}","templated":true}]}}