{"id":46799,"date":"2020-03-02T14:30:32","date_gmt":"2020-03-02T14:30:32","guid":{"rendered":"http:\/\/www.lavisqteam.fr\/?p=46799"},"modified":"2021-05-01T09:47:17","modified_gmt":"2021-05-01T09:47:17","slug":"la-vallee-des-carnutes-jean-pierre-desechalliers","status":"publish","type":"post","link":"https:\/\/www.lavisqteam.fr\/?p=46799","title":{"rendered":"La Vall\u00e9e des Carnutes &#8211; Jean-Pierre Des\u00e9challiers"},"content":{"rendered":"\n<div class=\"wp-block-image\"><figure class=\"aligncenter size-large is-resized\"><img src=\"https:\/\/www.lavisqteam.fr\/wp-content\/uploads\/2020\/03\/87749255_199007841180014_7070489962856054784_n.jpg\" alt=\"\" class=\"wp-image-46800\" width=\"600\" srcset=\"https:\/\/www.lavisqteam.fr\/wp-content\/uploads\/2020\/03\/87749255_199007841180014_7070489962856054784_n.jpg 640w, https:\/\/www.lavisqteam.fr\/wp-content\/uploads\/2020\/03\/87749255_199007841180014_7070489962856054784_n-200x300.jpg 200w\" sizes=\"(max-width: 640px) 100vw, 640px\" \/><\/figure><\/div>\n\n\n\n<p><strong>Auteur&nbsp;: <\/strong>Jean-Pierre Des\u00e9challiers<\/p>\n\n\n\n<p><strong>Editeur&nbsp;: <\/strong>Publishroom<\/p>\n\n\n\n<p><strong>Genre&nbsp;: <\/strong>Historique<\/p>\n\n\n\n<p><strong>R\u00e9sum\u00e9&nbsp;:<\/strong><\/p>\n\n\n\n<p>La vie est douce en pays carnute en cette fin du second\nsi\u00e8cle avant notre \u00e8re, au centre de ce qui deviendra un jour la Gaule, le\ncommerce des c\u00e9r\u00e9ales y enrichit d\u00e9sormais plus que les batailles et les\nbutins. Cette qui\u00e9tude est brutalement troubl\u00e9e par une s\u00e9rie de morts aux\ncirconstances effrayantes. Quel animal est sorti des enfers, et pourquoi\u2009? Le\ndruide Andanatos, autorit\u00e9 judiciaire incontest\u00e9e, va devoir comprendre et\nd\u00e9nouer l\u2019\u00e9cheveau, tandis que les menaces s\u2019accumulent de toute part sur la\nCeltique. \u00c0 l\u2019est, les hordes cimbres et teutonnes s\u2019appr\u00eatent \u00e0 d\u00e9ferler sur\nles riches campagnes celtes, tandis qu\u2019au nord, des tribus belges ont retrouv\u00e9\nle chemin des pillages. Le jeune seigneur Donotalos, missionn\u00e9 par les druides,\nvoit dans tous ces \u00e9v\u00e8nements l\u2019occasion de sortir de cette paix qui l\u2019ennuie\net d\u2019\u00eatre digne de sa glorieuse lign\u00e9e. Il y trouvera plus encore.<\/p>\n\n\n\n<p><strong>Avis&nbsp;:<\/strong><\/p>\n\n\n\n<p><strong>La vall\u00e9e des Carnutes<\/strong> nous plonge dans un univers \u00e0 la\nfois magique, \u00e0 cause de tous les r\u00e9cits mythologiques et l\u00e9gendaires qui se\nrattachent \u00e0 cette partie de notre pass\u00e9, et \u00e0 la fois tout aussi fascinant que\npeut l\u2019\u00eatre un roman historique. Cela se ressent dans les explications\nd\u00e9taill\u00e9es et pouss\u00e9es de l\u2019auteur, ainsi que dans les annexes du roman qui\npr\u00e9cisent certains faits int\u00e9ressants, notamment pour les lecteurs les plus\navides d\u2019\u00e9l\u00e9ments r\u00e9els de l\u2019\u00e9poque, ou heureux de s\u2019immerger corps et \u00e2me dans\nun r\u00e9cit de ce calibre. <strong>La vall\u00e9e des\nCarnutes <\/strong>est un savant m\u00e9lange entre roman historique, r\u00e9cit d\u2019aventures\n\u00e9piques, mythologie celtique et enqu\u00eate polici\u00e8re.<\/p>\n\n\n\n<p>Traduction de noms, de pr\u00e9noms, pr\u00e9sentation du calendrier\ncelte, liste et rappel des r\u00f4les des personnages\u2026 Tout ce qui est donn\u00e9 en plus\ndu r\u00e9cit, pousse le lecteur \u00e0 s\u2019impliquer davantage et aide ce dernier dans sa\nt\u00e2che. En effet, le roman rec\u00e8le de nombreux personnages, et il n\u2019est pas\nfacile de tous les retenir, surtout quand certains n\u2019apparaissent qu\u2019un court\ninstant. De plus, les r\u00e9sonnances souvent identiques dans les pr\u00e9noms, en\n\u00ab&nbsp;os&nbsp;\u00bb pour les hommes, ou \u00ab&nbsp;a&nbsp;\u00bb pour les femmes, peuvent facilement\nembrouiller. La m\u00eame chose se produit avec les villes ou villages, dont les sonorit\u00e9s\nse ressemblent.<\/p>\n\n\n\n<p>Le roman parle d\u2019un temps que l\u2019on croit conna\u00eetre, gr\u00e2ce \u00e0\ncertains supports cin\u00e9matographiques ou seulement graphiques, mais, finalement,\nil s\u2019av\u00e8re que nombre de clich\u00e9s ont travers\u00e9 les \u00e2ges, et que les temps\nceltiques restent encore sombres, marqu\u00e9s par des termes et des id\u00e9es\nincorrectes. Dans ce r\u00e9cit, l\u2019auteur nous montre \u00e0 voir des territoires bien\ncoordonn\u00e9s&nbsp;; des guerriers certes t\u00e9m\u00e9raires mais pas aussi sauvages que\nsouvent d\u00e9crits par d\u2019autres voies&nbsp;; des dizaines de peuples diff\u00e9rents,\ncertains alli\u00e9s, d\u2019autres qui se d\u00e9testent&nbsp;(Eduens, Cimbres, Arvernes, Carnutes,\nSuessions, etc.) ; une politique bien ficel\u00e9e et des accords subtils&nbsp;; des\ndruides intelligents, respect\u00e9s par tous, qui v\u00e9hiculent l\u2019id\u00e9e de justice tout\nen essayant d\u2019en faire appliquer les lois&nbsp;; des bardes qui permettent \u00e0\nl\u2019Histoire de rester dans les m\u00e9moires, et qui \u00e9blouissent par leurs chants\npassionn\u00e9s&nbsp;; des vates, ces devins particuliers aux pouvoirs\nmystiques&nbsp;; des croyances antiques, appelant autres dieux \u00e0 cornes\nmajestueux ou divinit\u00e9s qui nous parlent bien qu\u2019on ne les connaisse pas\nvraiment (Belenos, Taranis, Cernunnos, Esus, Ogmios, etc.)&nbsp;; et des\npopulations civilis\u00e9es, instruites, qui commercent entre elles, qui \u00e9changent\nr\u00e9guli\u00e8rement et qui vivent paisiblement, tout en devant faire face aux\ninvasions \u00e9trang\u00e8res, aux brigands et aux guerres incestueuses. <strong>La vall\u00e9e des Carnutes<\/strong> rend hommage \u00e0\ncette \u00e9poque lointaine qui a tant \u00e0 nous faire d\u00e9couvrir, et qui fait r\u00eaver,\nsurtout \u00e0 notre \u00e9poque quand la musique, les costumes ou les chants celtiques fleurissent\ndans tous les coins du pays. Une liste des diff\u00e9rentes peuplades, comme de\ncertains termes vernaculaires, ou des diff\u00e9rentes villes travers\u00e9es par nos\nh\u00e9ros, aurait \u00e9t\u00e9 \u00e9galement plus que bienvenue pour mieux comprendre cette\nrichesse palpable, et s\u2019y retrouver.<\/p>\n\n\n\n<p><strong>La vall\u00e9e des Carnutes<\/strong> prend le temps de nous expliquer cet\nunivers riche, tout en nous pr\u00e9sentant petit \u00e0 petit les personnages principaux\nde l\u2019intrigue. Le rythme des informations est bien dos\u00e9, et ne perd pas le\nlecteur, m\u00eame apr\u00e8s accumulation des termes, des villes ou des personnages,\nbien que la liste donn\u00e9e par l\u2019auteur permette d\u2019\u00e9viter de tout retenir dans\nles moindres d\u00e9tails. L\u2019enqu\u00eate avance tranquillement pour se r\u00e9soudre de\nmani\u00e8re \u00e9tonnante. Etonnante dans l\u2019identit\u00e9 du coupable et ses motivations,\n\u00e9tonnante parce que rien ne laissait penser \u00e0 cette chute. L\u2019auteur n\u2019\u00e9gr\u00e8ne\npas d\u2019indices particuliers pour que le lecteur se f\u00e9licite ou non d\u2019avoir eu la\nbonne intuition, et c\u2019est dommage. Le coupable semble effectivement tout droit\nsorti par magie du chapeau de la plume de l\u2019auteur. L\u2019\u00e9l\u00e9ment crucial est amen\u00e9\npar le druide, et son lien avec des \u00e9l\u00e9ments mystiques est int\u00e9ressant,\ncaptivant et inattendu, m\u00eame si peu intuitif pour un lecteur peu habitu\u00e9 \u00e0\ncette atmosph\u00e8re. La r\u00e9solution de l\u2019affaire reste satisfaisante m\u00eame si la fin\nabrupte coupe court \u00e0 toutes nos interrogations.<\/p>\n\n\n\n<p>Certains personnages, comme le druide, le barde ou la\nmusicienne qui l\u2019accompagne, constituent des personnalit\u00e9s prenantes, au\ncharisme ind\u00e9niable. Les passages durant lesquels le druide rend justice, ou\ndiscute lors d\u2019une assembl\u00e9e druidique, ceux o\u00f9 le barde chante, ou encore les\npages qui nous d\u00e9peignent les notes pinc\u00e9es par la joueuse talentueuse, sont\ndes moments empreints de po\u00e9sie et de magie. L\u2019auteur nous permet de nous\n\u00e9vader en beaut\u00e9, et de r\u00eaver, contrairement aux instants de batailles plus\nterre \u00e0 terre, et moins ensorcelants.<\/p>\n\n\n\n<p>En effet, certaines descriptions de batailles s\u2019\u00e9ternisent,\nmais combleront les lecteurs habitu\u00e9s. De plus, certaines phrases un peu\nlourdes, ou un peu trop longues, peuvent faire perdre le fil de la lecture aux\nlecteurs les moins concentr\u00e9s, notamment quand celles-ci se parent de termes\ndont nous n\u2019avons pas l\u2019habitude. Comme son univers, l\u2019auteur utilise des parlers\nau go\u00fbt du pass\u00e9, qui permettent au lecteur de se plonger plus facilement dans\nl\u2019histoire. M\u00eame si certains passages peuvent s\u2019av\u00e9rer quelque peu pompeux par\nendroits, ils restent ancr\u00e9s dans l\u2019\u00e9poque d\u00e9peinte. Les dialogues apparaissent\nriches, sonnent avec musicalit\u00e9, font plaisir \u00e0 nos oreilles bien qu\u2019ils\ndemandent de la concentration. Toutes les phrases ne sont pas fluides et certaines\nimposent un rythme \u00e9clectique.<\/p>\n\n\n\n<p>Ni de m\u00e9chants, ni de gentils dans ce r\u00e9cit. L\u2019auteur nous\nd\u00e9voile des tranches de vies que l\u2019on suit avec curiosit\u00e9, certaines avec plus\nd\u2019attachement que d\u2019autres, notamment avec Donotalos, un homme aux multiples\nfacettes, qui r\u00eave de grandes batailles, ainsi qu\u2019avec Artopennos, son\nprotecteur aux exploits guerriers fabuleux, ou encore Lauenus, un jeune\nambitieux \u00e0 qui la vie sourira.<\/p>\n\n\n\n<p>Un des conflits politiques majeurs dont il est fait question\ndans le roman, ne trouve pas de fin \u00e0 proprement parler, et cela est quelque\npeu d\u00e9cevant, \u00e9tant donn\u00e9 toute l\u2019\u00e9nergie mise en place pour nous l\u2019expliquer. Les\nprobl\u00e8mes mis en lumi\u00e8re entre diff\u00e9rents peuples celtes nous prennent en\nhaleine, sans qu\u2019une suite aussi passionnante ne soit donn\u00e9e. Les derni\u00e8res\npages se concentrent sur une autre bataille, un combat impr\u00e9vu, m\u00eame s\u2019il se\ndoit d\u2019\u00eatre r\u00e9solu. <strong>La vall\u00e9e des\nCarnutes<\/strong> se poursuivra alors peut-\u00eatre dans une suite tout aussi\nfascinante&nbsp;?<\/p>\n\n\n\n<p>Le roman s\u2019av\u00e8re une lecture captivante, bien que l\u2019enqu\u00eate\nou le conflit politique majeur soient plus ou moins r\u00e9solus rapidement, sans\nque le lecteur ne puisse accompagner les h\u00e9ros dans leurs entreprises ou leurs\nr\u00e9flexions. Les liens \u00e9voqu\u00e9s avec les divinit\u00e9s celtes apportent une\natmosph\u00e8re mystique agr\u00e9able, qui permettent au r\u00e9cit de s\u2019inscrire dans une\nautre dimension et dans un pass\u00e9 aussi complexe que myst\u00e9rieux.<\/p>\n\n\n\n<p><strong>Note&nbsp;: 14.5\/20<\/strong><\/p>\n\n\n\n<p class=\"has-text-align-right\">Par <strong>Lildrille<\/strong><\/p>\n","protected":false},"excerpt":{"rendered":"<p>Auteur&nbsp;: Jean-Pierre Des\u00e9challiers Editeur&nbsp;: Publishroom Genre&nbsp;: Historique R\u00e9sum\u00e9&nbsp;: La vie est douce en pays carnute en cette fin du second si\u00e8cle avant notre \u00e8re, au &hellip; <\/p>\n","protected":false},"author":2,"featured_media":0,"comment_status":"open","ping_status":"open","sticky":false,"template":"","format":"standard","meta":[],"categories":[10],"tags":[],"yoast_head":"<!-- This site is optimized with the Yoast SEO plugin v19.6.1 - https:\/\/yoast.com\/wordpress\/plugins\/seo\/ -->\n<title>La Vall\u00e9e des Carnutes - Jean-Pierre Des\u00e9challiers - Lavisqteam.fr<\/title>\n<meta name=\"robots\" content=\"index, follow, max-snippet:-1, max-image-preview:large, max-video-preview:-1\" \/>\n<link rel=\"canonical\" href=\"https:\/\/www.lavisqteam.fr\/?p=46799\" \/>\n<meta property=\"og:locale\" content=\"fr_FR\" \/>\n<meta property=\"og:type\" content=\"article\" \/>\n<meta property=\"og:title\" content=\"La Vall\u00e9e des Carnutes - Jean-Pierre Des\u00e9challiers - Lavisqteam.fr\" \/>\n<meta property=\"og:description\" content=\"Auteur&nbsp;: Jean-Pierre Des\u00e9challiers Editeur&nbsp;: Publishroom Genre&nbsp;: Historique R\u00e9sum\u00e9&nbsp;: La vie est douce en pays carnute en cette fin du second si\u00e8cle avant notre \u00e8re, au &hellip;\" \/>\n<meta property=\"og:url\" content=\"https:\/\/www.lavisqteam.fr\/?p=46799\" \/>\n<meta property=\"og:site_name\" content=\"Lavisqteam.fr\" \/>\n<meta property=\"article:author\" content=\"https:\/\/www.facebook.com\/chloe.garcia.351\" \/>\n<meta property=\"article:published_time\" content=\"2020-03-02T14:30:32+00:00\" \/>\n<meta property=\"article:modified_time\" content=\"2021-05-01T09:47:17+00:00\" \/>\n<meta property=\"og:image\" content=\"http:\/\/www.lavisqteam.fr\/wp-content\/uploads\/2020\/03\/87749255_199007841180014_7070489962856054784_n.jpg\" \/>\n<meta name=\"author\" content=\"Lildrille\" \/>\n<meta name=\"twitter:card\" content=\"summary_large_image\" \/>\n<meta name=\"twitter:label1\" content=\"\u00c9crit par\" \/>\n\t<meta name=\"twitter:data1\" content=\"Lildrille\" \/>\n\t<meta name=\"twitter:label2\" content=\"Dur\u00e9e de lecture estim\u00e9e\" \/>\n\t<meta name=\"twitter:data2\" content=\"6 minutes\" \/>\n<script type=\"application\/ld+json\" class=\"yoast-schema-graph\">{\"@context\":\"https:\/\/schema.org\",\"@graph\":[{\"@type\":\"Article\",\"@id\":\"https:\/\/www.lavisqteam.fr\/?p=46799#article\",\"isPartOf\":{\"@id\":\"https:\/\/www.lavisqteam.fr\/?p=46799\"},\"author\":{\"name\":\"Lildrille\",\"@id\":\"https:\/\/www.lavisqteam.fr\/#\/schema\/person\/e2e3eb3cb179a4f0299403b29e235d24\"},\"headline\":\"La Vall\u00e9e des Carnutes &#8211; Jean-Pierre Des\u00e9challiers\",\"datePublished\":\"2020-03-02T14:30:32+00:00\",\"dateModified\":\"2021-05-01T09:47:17+00:00\",\"mainEntityOfPage\":{\"@id\":\"https:\/\/www.lavisqteam.fr\/?p=46799\"},\"wordCount\":1435,\"commentCount\":0,\"publisher\":{\"@id\":\"https:\/\/www.lavisqteam.fr\/#organization\"},\"articleSection\":[\"Roman\"],\"inLanguage\":\"fr-FR\",\"potentialAction\":[{\"@type\":\"CommentAction\",\"name\":\"Comment\",\"target\":[\"https:\/\/www.lavisqteam.fr\/?p=46799#respond\"]}]},{\"@type\":\"WebPage\",\"@id\":\"https:\/\/www.lavisqteam.fr\/?p=46799\",\"url\":\"https:\/\/www.lavisqteam.fr\/?p=46799\",\"name\":\"La Vall\u00e9e des Carnutes - Jean-Pierre Des\u00e9challiers - Lavisqteam.fr\",\"isPartOf\":{\"@id\":\"https:\/\/www.lavisqteam.fr\/#website\"},\"datePublished\":\"2020-03-02T14:30:32+00:00\",\"dateModified\":\"2021-05-01T09:47:17+00:00\",\"breadcrumb\":{\"@id\":\"https:\/\/www.lavisqteam.fr\/?p=46799#breadcrumb\"},\"inLanguage\":\"fr-FR\",\"potentialAction\":[{\"@type\":\"ReadAction\",\"target\":[\"https:\/\/www.lavisqteam.fr\/?p=46799\"]}]},{\"@type\":\"BreadcrumbList\",\"@id\":\"https:\/\/www.lavisqteam.fr\/?p=46799#breadcrumb\",\"itemListElement\":[{\"@type\":\"ListItem\",\"position\":1,\"name\":\"Accueil\",\"item\":\"https:\/\/www.lavisqteam.fr\/\"},{\"@type\":\"ListItem\",\"position\":2,\"name\":\"La Vall\u00e9e des Carnutes &#8211; Jean-Pierre Des\u00e9challiers\"}]},{\"@type\":\"WebSite\",\"@id\":\"https:\/\/www.lavisqteam.fr\/#website\",\"url\":\"https:\/\/www.lavisqteam.fr\/\",\"name\":\"Lavisqteam.fr\",\"description\":\"\",\"publisher\":{\"@id\":\"https:\/\/www.lavisqteam.fr\/#organization\"},\"potentialAction\":[{\"@type\":\"SearchAction\",\"target\":{\"@type\":\"EntryPoint\",\"urlTemplate\":\"https:\/\/www.lavisqteam.fr\/?s={search_term_string}\"},\"query-input\":\"required name=search_term_string\"}],\"inLanguage\":\"fr-FR\"},{\"@type\":\"Organization\",\"@id\":\"https:\/\/www.lavisqteam.fr\/#organization\",\"name\":\"Lavisqteam.fr\",\"url\":\"https:\/\/www.lavisqteam.fr\/\",\"sameAs\":[],\"logo\":{\"@type\":\"ImageObject\",\"inLanguage\":\"fr-FR\",\"@id\":\"https:\/\/www.lavisqteam.fr\/#\/schema\/logo\/image\/\",\"url\":\"https:\/\/www.lavisqteam.fr\/wp-content\/uploads\/2020\/08\/cropped-80879545_3479261675449035_4078032831501041664_o-4.jpg\",\"contentUrl\":\"https:\/\/www.lavisqteam.fr\/wp-content\/uploads\/2020\/08\/cropped-80879545_3479261675449035_4078032831501041664_o-4.jpg\",\"width\":1674,\"height\":536,\"caption\":\"Lavisqteam.fr\"},\"image\":{\"@id\":\"https:\/\/www.lavisqteam.fr\/#\/schema\/logo\/image\/\"}},{\"@type\":\"Person\",\"@id\":\"https:\/\/www.lavisqteam.fr\/#\/schema\/person\/e2e3eb3cb179a4f0299403b29e235d24\",\"name\":\"Lildrille\",\"image\":{\"@type\":\"ImageObject\",\"inLanguage\":\"fr-FR\",\"@id\":\"https:\/\/www.lavisqteam.fr\/#\/schema\/person\/image\/\",\"url\":\"https:\/\/secure.gravatar.com\/avatar\/1fbe78d5f27ffb4f9c29619bd30c90db?s=96&d=mm&r=g\",\"contentUrl\":\"https:\/\/secure.gravatar.com\/avatar\/1fbe78d5f27ffb4f9c29619bd30c90db?s=96&d=mm&r=g\",\"caption\":\"Lildrille\"},\"description\":\"Passionn\u00e9e d\u2019imaginaire et d\u2019\u00e9vasion depuis longtemps, \u00e9crire et lire sont mes activit\u00e9s favorites. Dans un monde souvent sombre, m'\u00e9vader et fournir du r\u00eave sont mes objectifs. Suivez-moi en tant qu'auteure ici : https:\/\/www.2passions1dream.com\/. Et en tant que chroniqueuse aussi l\u00e0 : https:\/\/simplement.pro\/u\/Lildrille.\",\"sameAs\":[\"http:\/\/Lavisqteam.fr\",\"https:\/\/www.facebook.com\/chloe.garcia.351\",\"https:\/\/www.instagram.com\/chloe.garcia.artiste\/\",\"https:\/\/www.linkedin.com\/in\/garcia-chloe\/\"],\"url\":\"https:\/\/www.lavisqteam.fr\/?author=2\"}]}<\/script>\n<!-- \/ Yoast SEO plugin. -->","yoast_head_json":{"title":"La Vall\u00e9e des Carnutes - Jean-Pierre Des\u00e9challiers - Lavisqteam.fr","robots":{"index":"index","follow":"follow","max-snippet":"max-snippet:-1","max-image-preview":"max-image-preview:large","max-video-preview":"max-video-preview:-1"},"canonical":"https:\/\/www.lavisqteam.fr\/?p=46799","og_locale":"fr_FR","og_type":"article","og_title":"La Vall\u00e9e des Carnutes - Jean-Pierre Des\u00e9challiers - Lavisqteam.fr","og_description":"Auteur&nbsp;: Jean-Pierre Des\u00e9challiers Editeur&nbsp;: Publishroom Genre&nbsp;: Historique R\u00e9sum\u00e9&nbsp;: La vie est douce en pays carnute en cette fin du second si\u00e8cle avant notre \u00e8re, au &hellip;","og_url":"https:\/\/www.lavisqteam.fr\/?p=46799","og_site_name":"Lavisqteam.fr","article_author":"https:\/\/www.facebook.com\/chloe.garcia.351","article_published_time":"2020-03-02T14:30:32+00:00","article_modified_time":"2021-05-01T09:47:17+00:00","og_image":[{"url":"http:\/\/www.lavisqteam.fr\/wp-content\/uploads\/2020\/03\/87749255_199007841180014_7070489962856054784_n.jpg"}],"author":"Lildrille","twitter_card":"summary_large_image","twitter_misc":{"\u00c9crit par":"Lildrille","Dur\u00e9e de lecture estim\u00e9e":"6 minutes"},"schema":{"@context":"https:\/\/schema.org","@graph":[{"@type":"Article","@id":"https:\/\/www.lavisqteam.fr\/?p=46799#article","isPartOf":{"@id":"https:\/\/www.lavisqteam.fr\/?p=46799"},"author":{"name":"Lildrille","@id":"https:\/\/www.lavisqteam.fr\/#\/schema\/person\/e2e3eb3cb179a4f0299403b29e235d24"},"headline":"La Vall\u00e9e des Carnutes &#8211; Jean-Pierre Des\u00e9challiers","datePublished":"2020-03-02T14:30:32+00:00","dateModified":"2021-05-01T09:47:17+00:00","mainEntityOfPage":{"@id":"https:\/\/www.lavisqteam.fr\/?p=46799"},"wordCount":1435,"commentCount":0,"publisher":{"@id":"https:\/\/www.lavisqteam.fr\/#organization"},"articleSection":["Roman"],"inLanguage":"fr-FR","potentialAction":[{"@type":"CommentAction","name":"Comment","target":["https:\/\/www.lavisqteam.fr\/?p=46799#respond"]}]},{"@type":"WebPage","@id":"https:\/\/www.lavisqteam.fr\/?p=46799","url":"https:\/\/www.lavisqteam.fr\/?p=46799","name":"La Vall\u00e9e des Carnutes - Jean-Pierre Des\u00e9challiers - Lavisqteam.fr","isPartOf":{"@id":"https:\/\/www.lavisqteam.fr\/#website"},"datePublished":"2020-03-02T14:30:32+00:00","dateModified":"2021-05-01T09:47:17+00:00","breadcrumb":{"@id":"https:\/\/www.lavisqteam.fr\/?p=46799#breadcrumb"},"inLanguage":"fr-FR","potentialAction":[{"@type":"ReadAction","target":["https:\/\/www.lavisqteam.fr\/?p=46799"]}]},{"@type":"BreadcrumbList","@id":"https:\/\/www.lavisqteam.fr\/?p=46799#breadcrumb","itemListElement":[{"@type":"ListItem","position":1,"name":"Accueil","item":"https:\/\/www.lavisqteam.fr\/"},{"@type":"ListItem","position":2,"name":"La Vall\u00e9e des Carnutes &#8211; Jean-Pierre Des\u00e9challiers"}]},{"@type":"WebSite","@id":"https:\/\/www.lavisqteam.fr\/#website","url":"https:\/\/www.lavisqteam.fr\/","name":"Lavisqteam.fr","description":"","publisher":{"@id":"https:\/\/www.lavisqteam.fr\/#organization"},"potentialAction":[{"@type":"SearchAction","target":{"@type":"EntryPoint","urlTemplate":"https:\/\/www.lavisqteam.fr\/?s={search_term_string}"},"query-input":"required name=search_term_string"}],"inLanguage":"fr-FR"},{"@type":"Organization","@id":"https:\/\/www.lavisqteam.fr\/#organization","name":"Lavisqteam.fr","url":"https:\/\/www.lavisqteam.fr\/","sameAs":[],"logo":{"@type":"ImageObject","inLanguage":"fr-FR","@id":"https:\/\/www.lavisqteam.fr\/#\/schema\/logo\/image\/","url":"https:\/\/www.lavisqteam.fr\/wp-content\/uploads\/2020\/08\/cropped-80879545_3479261675449035_4078032831501041664_o-4.jpg","contentUrl":"https:\/\/www.lavisqteam.fr\/wp-content\/uploads\/2020\/08\/cropped-80879545_3479261675449035_4078032831501041664_o-4.jpg","width":1674,"height":536,"caption":"Lavisqteam.fr"},"image":{"@id":"https:\/\/www.lavisqteam.fr\/#\/schema\/logo\/image\/"}},{"@type":"Person","@id":"https:\/\/www.lavisqteam.fr\/#\/schema\/person\/e2e3eb3cb179a4f0299403b29e235d24","name":"Lildrille","image":{"@type":"ImageObject","inLanguage":"fr-FR","@id":"https:\/\/www.lavisqteam.fr\/#\/schema\/person\/image\/","url":"https:\/\/secure.gravatar.com\/avatar\/1fbe78d5f27ffb4f9c29619bd30c90db?s=96&d=mm&r=g","contentUrl":"https:\/\/secure.gravatar.com\/avatar\/1fbe78d5f27ffb4f9c29619bd30c90db?s=96&d=mm&r=g","caption":"Lildrille"},"description":"Passionn\u00e9e d\u2019imaginaire et d\u2019\u00e9vasion depuis longtemps, \u00e9crire et lire sont mes activit\u00e9s favorites. Dans un monde souvent sombre, m'\u00e9vader et fournir du r\u00eave sont mes objectifs. Suivez-moi en tant qu'auteure ici : https:\/\/www.2passions1dream.com\/. Et en tant que chroniqueuse aussi l\u00e0 : https:\/\/simplement.pro\/u\/Lildrille.","sameAs":["http:\/\/Lavisqteam.fr","https:\/\/www.facebook.com\/chloe.garcia.351","https:\/\/www.instagram.com\/chloe.garcia.artiste\/","https:\/\/www.linkedin.com\/in\/garcia-chloe\/"],"url":"https:\/\/www.lavisqteam.fr\/?author=2"}]}},"jetpack_featured_media_url":"","_links":{"self":[{"href":"https:\/\/www.lavisqteam.fr\/index.php?rest_route=\/wp\/v2\/posts\/46799"}],"collection":[{"href":"https:\/\/www.lavisqteam.fr\/index.php?rest_route=\/wp\/v2\/posts"}],"about":[{"href":"https:\/\/www.lavisqteam.fr\/index.php?rest_route=\/wp\/v2\/types\/post"}],"author":[{"embeddable":true,"href":"https:\/\/www.lavisqteam.fr\/index.php?rest_route=\/wp\/v2\/users\/2"}],"replies":[{"embeddable":true,"href":"https:\/\/www.lavisqteam.fr\/index.php?rest_route=%2Fwp%2Fv2%2Fcomments&post=46799"}],"version-history":[{"count":2,"href":"https:\/\/www.lavisqteam.fr\/index.php?rest_route=\/wp\/v2\/posts\/46799\/revisions"}],"predecessor-version":[{"id":55853,"href":"https:\/\/www.lavisqteam.fr\/index.php?rest_route=\/wp\/v2\/posts\/46799\/revisions\/55853"}],"wp:attachment":[{"href":"https:\/\/www.lavisqteam.fr\/index.php?rest_route=%2Fwp%2Fv2%2Fmedia&parent=46799"}],"wp:term":[{"taxonomy":"category","embeddable":true,"href":"https:\/\/www.lavisqteam.fr\/index.php?rest_route=%2Fwp%2Fv2%2Fcategories&post=46799"},{"taxonomy":"post_tag","embeddable":true,"href":"https:\/\/www.lavisqteam.fr\/index.php?rest_route=%2Fwp%2Fv2%2Ftags&post=46799"}],"curies":[{"name":"wp","href":"https:\/\/api.w.org\/{rel}","templated":true}]}}