{"id":46418,"date":"2020-02-05T22:42:50","date_gmt":"2020-02-05T22:42:50","guid":{"rendered":"http:\/\/www.lavisqteam.fr\/?p=46418"},"modified":"2020-02-05T22:42:58","modified_gmt":"2020-02-05T22:42:58","slug":"notre-dame-du-nil-les-racines-du-mal","status":"publish","type":"post","link":"https:\/\/www.lavisqteam.fr\/?p=46418","title":{"rendered":"Notre-Dame du Nil &#8211; Les Racines du Mal"},"content":{"rendered":"\n<div class=\"wp-block-image\"><figure class=\"aligncenter size-large is-resized\"><img src=\"https:\/\/www.lavisqteam.fr\/wp-content\/uploads\/2020\/02\/84044974_217349729433962_6262692397860257792_n.jpg\" alt=\"\" class=\"wp-image-46419\" width=\"600\" srcset=\"https:\/\/www.lavisqteam.fr\/wp-content\/uploads\/2020\/02\/84044974_217349729433962_6262692397860257792_n.jpg 720w, https:\/\/www.lavisqteam.fr\/wp-content\/uploads\/2020\/02\/84044974_217349729433962_6262692397860257792_n-225x300.jpg 225w\" sizes=\"(max-width: 720px) 100vw, 720px\" \/><\/figure><\/div>\n\n\n\n<p><strong>De&nbsp;: <\/strong>Atiq Rahimi<\/p>\n\n\n\n<p><strong>Avec <\/strong>Pascal Greggory,\nAlbina Kirenga, Amanda Mugabekazi, Clariella Bizimana<\/p>\n\n\n\n<p><strong>Ann\u00e9e: <\/strong>2020<\/p>\n\n\n\n<p><strong>Pays: <\/strong>France, Belgique,\nRwanda<\/p>\n\n\n\n<p><strong>Genre&nbsp;: <\/strong>Drame<\/p>\n\n\n\n<p><strong>R\u00e9sum\u00e9&nbsp;:<\/strong><\/p>\n\n\n\n<p>Rwanda,\n1973. Dans le prestigieux institut catholique \u00ab\u00a0Notre-Dame du Nil\u00a0\u00bb,\nperch\u00e9 sur une colline, des jeunes filles rwandaises \u00e9tudient pour devenir\nl\u2019\u00e9lite du pays. En passe d\u2019obtenir leur dipl\u00f4me, elles partagent le m\u00eame\ndortoir, les m\u00eames r\u00eaves, les m\u00eames probl\u00e9matiques d\u2019adolescentes. Mais aux\nquatre coins du pays comme au sein de l\u2019\u00e9cole grondent des antagonismes\nprofonds, qui changeront \u00e0 jamais le destin de ces jeunes filles et de tout le\npays.<\/p>\n\n\n\n<p><strong>Avis&nbsp;:<\/strong><strong><\/strong><\/p>\n\n\n\n<p><em>Atiq Rahimi<\/em> est bien plus connu comme \u00e9crivain que\nr\u00e9alisateur. Il faut dire que s\u2019il a peu r\u00e9alis\u00e9 et que ses films sont sortis\ndans une certaine discr\u00e9tion, on ne pourra pas en dire autant du point de vue\nde ses romans, qui eux connaissent un plus large \u00e9cho, allant m\u00eame jusqu&rsquo;\u00e0 recevoir\nen 2008 le Prix Goncourt. En ce qui concerne le cin\u00e9ma, <em>Atiq Rahimi<\/em> a peu r\u00e9alis\u00e9, puisque \u00ab\u00a0<strong>Notre-Dame du Nil<\/strong>\u00a0\u00bb est son troisi\u00e8me film. Ses deux premiers,\n\u00ab\u00a0<strong>Terre et cendre<\/strong>\u00a0\u00bb et\n\u00ab\u00a0<strong>Syngu\u00e9 Sabour, pierre de patience<\/strong>\u00ab\u00a0,\nsont tout deux adapt\u00e9s de ses propres \u00e9crits. <\/p>\n\n\n\n<p>Le retour d&rsquo;<em>Atiq Rahimi <\/em>au cin\u00e9ma, je l&rsquo;attendais avec beaucoup d&rsquo;impatience et\nde curiosit\u00e9, car le r\u00e9alisateur nous avait laiss\u00e9 il y a huit ans de cela sur\nun chef-d&rsquo;\u0153uvre. Son deuxi\u00e8me long-m\u00e9trage, \u00ab\u00a0<strong>Syngu\u00e9 Sabour, pierre de Patience<\/strong>\u00a0\u00bb fut une claque incroyable\nqui des ann\u00e9es plus tard convoque toutes les \u00e9motions rien qu&rsquo;en y repensant.\nD&rsquo;ailleurs, si jamais vous n&rsquo;aviez pas encore vu \u00ab\u00a0<strong>Syngu\u00e9 Sabour<\/strong> &#8230;\u00a0\u00bb, je vous invite vivement \u00e0 le d\u00e9couvrir. Vous\nimaginez donc que je guettais le retour d&rsquo;<em>Atiq\nRahimi <\/em>et voici que \u00e7a y est, il a enfin r\u00e9alis\u00e9 un nouveau m\u00e9trage.\nToujours aussi engag\u00e9, toujours aussi pertinent et puissant, \u00ab\u00a0<strong>Notre-Dame du Nil<\/strong>\u00a0\u00bb nous entra\u00eene\nau Rwanda en 1973 et une chose est s\u00fbre, en huit ans d&rsquo;absence, <em>Atiq Rahimi<\/em> n&rsquo;a absolument rien perdu de\nson talent ! <\/p>\n\n\n\n<div class=\"wp-block-image\"><figure class=\"aligncenter size-large is-resized\"><img src=\"https:\/\/www.lavisqteam.fr\/wp-content\/uploads\/2020\/02\/84190814_758686384538669_5593418424492490752_n-1024x683.jpg\" alt=\"\" class=\"wp-image-46421\" width=\"600\" srcset=\"https:\/\/www.lavisqteam.fr\/wp-content\/uploads\/2020\/02\/84190814_758686384538669_5593418424492490752_n-1024x683.jpg 1024w, https:\/\/www.lavisqteam.fr\/wp-content\/uploads\/2020\/02\/84190814_758686384538669_5593418424492490752_n-300x200.jpg 300w, https:\/\/www.lavisqteam.fr\/wp-content\/uploads\/2020\/02\/84190814_758686384538669_5593418424492490752_n-768x512.jpg 768w, https:\/\/www.lavisqteam.fr\/wp-content\/uploads\/2020\/02\/84190814_758686384538669_5593418424492490752_n-1536x1024.jpg 1536w, https:\/\/www.lavisqteam.fr\/wp-content\/uploads\/2020\/02\/84190814_758686384538669_5593418424492490752_n.jpg 1600w\" sizes=\"(max-width: 1024px) 100vw, 1024px\" \/><\/figure><\/div>\n\n\n\n<p>Rwanda, 1973, Notre-Dame du Nil est l&rsquo;une des\nplus prestigieuses \u00e9coles du pays. C&rsquo;est ici qu&rsquo;on forme la future \u00e9lite\nf\u00e9minine de la nation. Ces jeunes femmes, qui partagent toutes le m\u00eame dortoir,\nsont encore innocentes, et elles partagent les m\u00eames r\u00eaves, les m\u00eames envies,\nles m\u00eames probl\u00e8mes d&rsquo;adolescentes. Alors que la vie semble paisible, dans tout\nle pays, comme dans cet institut, une col\u00e8re gronde. Une col\u00e8re pleine de haine\net de peur. Une col\u00e8re qui ne demande qu&rsquo;\u00e0 \u00e9clater et qui de mani\u00e8re bien plus\nsournoise, annonce les pr\u00e9mices d&rsquo;un g\u00e9nocide&#8230; <\/p>\n\n\n\n<p>Avril 1994, le g\u00e9nocide du Rwanda s&rsquo;appr\u00eate \u00e0\nfrapper l&rsquo;histoire, mais comment en est-on arriv\u00e9 l\u00e0 ? Pourquoi ? Comment ? Aurait-on\npu le voir venir ? Autant de questions qui ne trouvent pas de r\u00e9ponses dans les\nsemaines, les mois ou m\u00eame les ann\u00e9es qui ont pr\u00e9c\u00e9d\u00e9 ces trois mois d&rsquo;horreur.\nNon, pour cela, il faut remonter encore plus loin, remonter \u00e0 des d\u00e9cennies plus\nt\u00f4t. <\/p>\n\n\n\n<p>C&rsquo;est en 1973 qu&rsquo;<em>Atiq Rahimi <\/em>a d\u00e9cid\u00e9 de placer sa cam\u00e9ra pour nous raconter l&rsquo;un\ndes pr\u00e9mices de cette haine qui oppose les Hutus au Tutsis. Le d\u00e9cor, un\npensionnat de jeunes filles, et pas n&rsquo;importe lequel, puisqu&rsquo;il s&rsquo;agit d&rsquo;un des\nplus prestigieux du pays, celui qui forme les hommes et les femmes de demain.\n\u00ab\u00a0<strong>Notre-Dame du Nil<\/strong>\u00ab\u00a0, c&rsquo;est\nl&rsquo;histoire d&rsquo;un mensonge, d&rsquo;une haine qui n&rsquo;a pas de fond et d&rsquo;un engrenage. <\/p>\n\n\n\n<p>Arm\u00e9 d&rsquo;un sc\u00e9nario incroyable, <em>Atiq Rahimi<\/em> nous immerge totalement au\nplus pr\u00e8s de ses personnages, pour mieux en faire ressortir leur humanit\u00e9,\nleurs b\u00eatises et surtout leurs complexit\u00e9s. \u00ab\u00a0<strong>Notre-Dame du Nil<\/strong>\u00a0\u00bb est construit en chapitres, qui au fur et \u00e0\nmesure que ces derniers se pr\u00e9sentent \u00e0 nous, surtout au fur et \u00e0 mesure des\ntitres, de plus en plus explicite, sonne comme un compte \u00e0 rebours vers\nl&rsquo;horreur. Si le film commence dans l&rsquo;innocence, assur\u00e9ment, il se conclura\ndans un bain de sang. On le sait, on le devine tr\u00e8s vite et <em>Atiq Rahimi<\/em> va profiter (si l&rsquo;on peut\ndire) de ces instants, ces moments entre ces deux \u00e9v\u00e9nements pour essayer de\ncomprendre et analyser au mieux le pourquoi de tout ceci. Alors bien entendu,\ntout n&rsquo;aura pas de r\u00e9ponse, mais le sc\u00e9nario est si bien ficel\u00e9 et si prenant\nqu&rsquo;on reste accroch\u00e9, touch\u00e9, \u00e9mu, bouscul\u00e9 et boulevers\u00e9, qu&rsquo;on lui pardonnera\nces petits manques. D&rsquo;ailleurs, est-ce vraiment des manques, puisqu&rsquo;au moment\ndes faits, toutes les r\u00e9ponses n&rsquo;\u00e9taient peut-\u00eatre pas pr\u00e9sentes. Puis en plus\nd&rsquo;aborder les pr\u00e9mices plus de vingt avant le g\u00e9nocide, <em>Atiq Rahimi<\/em> en profite pour aborder l&rsquo;\u00e9ducation, ou le manque\nd&rsquo;\u00e9ducation. Il parlera d&rsquo;\u00e9coute entre ces jeunes filles. Il parlera aussi du\nRwanda, de ses traditions, de sa spiritualit\u00e9, et plus largement de son\nhistoire, berc\u00e9e entre monarque rwandais et colonisation europ\u00e9enne et\ncatholique&#8230; Bref, comme je le disais, <em>Atiq\nRahimi<\/em> tient un sc\u00e9nario en b\u00e9ton. Un sc\u00e9nario qui est profond, qui a du\nsens, qui pousse \u00e0 la r\u00e9flexion, autant qu&rsquo;il est capable d&rsquo;\u00e9mouvoir. <\/p>\n\n\n\n<p>\u00ab\u00a0<strong>Notre-Dame\ndu Nil<\/strong>\u00ab\u00a0, c&rsquo;est la premi\u00e8re fois qu&rsquo;<em>Atiq\nRahimi <\/em>sort filmer autre part qu&rsquo;en Afghanistan et autant dire qu&rsquo;il filme\nmagnifiquement le Rwanda. Outre la reconstitution parfaite des ann\u00e9es 70, on\nsent que le r\u00e9alisateur aime s&rsquo;attarder, du moins dans la premi\u00e8re heure de son\nfilm, sur ces paysages superbes, qui ne sont pas encore marqu\u00e9s par l&rsquo;horreur. <\/p>\n\n\n\n<p>Avec \u00ab\u00a0<strong>Notre-Dame du Nil<\/strong>\u00ab\u00a0, <em>Atiq\nRahimi<\/em> livre aussi un film puissamment mis en sc\u00e8ne, un film dans lequel on\nest pris dans de sacr\u00e9es envol\u00e9es po\u00e9tiques, notamment dans sa partie \u00ab\u00a0innocence\u00a0\u00bb.\nPuis le r\u00e9alisateur sait absolument comment g\u00e9rer sa mise en sc\u00e8ne, son rythme,\nses cadres, son ambiance, pour que son film soit de plus en plus prenant, pour\nne pas dire stressant ou terrifiant, quand la haine b\u00eate et m\u00e9chante explosera.\n<\/p>\n\n\n\n<p>Enfin, \u00ab\u00a0<strong>Notre-Dame du Nil<\/strong>\u00ab\u00a0, c&rsquo;est un casting des plus merveilleux\npeupl\u00e9 de jeunes actrices toutes plus passionnantes et bouleversantes les unes\nque les autres. Parmi elles toutes, on retiendra toutefois <em>Amanda Mugabezaki<\/em> qui est magistrale de bout en bout et <em>Belinda Rubango<\/em> qui est bouleversante\ndans la peau d&rsquo;une jeune fille qui ne comprend pas les raisons de cette haine.\nUne jeune fille qui de plus est m\u00e9tiss\u00e9e, ce qui lui apporte tellement de\nprofondeur et de l\u00e9gitimit\u00e9<\/p>\n\n\n\n<div class=\"wp-block-image\"><figure class=\"aligncenter size-large is-resized\"><img src=\"https:\/\/www.lavisqteam.fr\/wp-content\/uploads\/2020\/02\/84468497_216688309362370_1124610952797356032_n-1024x683.jpg\" alt=\"\" class=\"wp-image-46420\" width=\"600\" srcset=\"https:\/\/www.lavisqteam.fr\/wp-content\/uploads\/2020\/02\/84468497_216688309362370_1124610952797356032_n-1024x683.jpg 1024w, https:\/\/www.lavisqteam.fr\/wp-content\/uploads\/2020\/02\/84468497_216688309362370_1124610952797356032_n-300x200.jpg 300w, https:\/\/www.lavisqteam.fr\/wp-content\/uploads\/2020\/02\/84468497_216688309362370_1124610952797356032_n-768x512.jpg 768w, https:\/\/www.lavisqteam.fr\/wp-content\/uploads\/2020\/02\/84468497_216688309362370_1124610952797356032_n-1536x1024.jpg 1536w, https:\/\/www.lavisqteam.fr\/wp-content\/uploads\/2020\/02\/84468497_216688309362370_1124610952797356032_n.jpg 1600w\" sizes=\"(max-width: 1024px) 100vw, 1024px\" \/><\/figure><\/div>\n\n\n\n<p>Bref, il y a huit ans de cela, <em>Atiq Rhimi<\/em> nous livrait avec \u00ab\u00a0<strong>Syngu\u00e9 Sabour, Pierre de Patience<\/strong>\u00a0\u00bb\nun chef-d&rsquo;\u0153uvre puissamment bouleversant. Avec son troisi\u00e8me film, l&rsquo;homme\nr\u00e9it\u00e8re l&rsquo;exp\u00e9rience livrant un film essentiel. Un film qui, \u00e0 peu de chose pr\u00e8s,\nr\u00e9sonne comme parfait. 2020 n&rsquo;a pas encore commenc\u00e9 et l&rsquo;on se dit d\u00e9j\u00e0 qu&rsquo;on a\nvu l&rsquo;un de ses meilleurs films. On en prend m\u00eame le pari ! <\/p>\n\n\n\n<p><strong>Note\u00a0: 17\/20<\/strong><\/p>\n\n\n\n<figure class=\"wp-block-embed-youtube wp-block-embed is-type-video is-provider-youtube wp-embed-aspect-16-9 wp-has-aspect-ratio\"><div class=\"wp-block-embed__wrapper\">\n<iframe loading=\"lazy\" title=\"NOTRE-DAME DU NIL Bande Annonce (2020) Drame\" width=\"1200\" height=\"675\" src=\"https:\/\/www.youtube.com\/embed\/E50E8PJiTMI?feature=oembed\" frameborder=\"0\" allow=\"accelerometer; autoplay; encrypted-media; gyroscope; picture-in-picture\" allowfullscreen><\/iframe>\n<\/div><\/figure>\n\n\n\n<p class=\"has-text-align-right\">Par <strong>Cin\u00e9ted<\/strong><\/p>\n","protected":false},"excerpt":{"rendered":"<p>De&nbsp;: Atiq Rahimi Avec Pascal Greggory, Albina Kirenga, Amanda Mugabekazi, Clariella Bizimana Ann\u00e9e: 2020 Pays: France, Belgique, Rwanda Genre&nbsp;: Drame R\u00e9sum\u00e9&nbsp;: Rwanda, 1973. Dans le &hellip; <\/p>\n","protected":false},"author":1,"featured_media":46421,"comment_status":"open","ping_status":"open","sticky":false,"template":"","format":"standard","meta":[],"categories":[7],"tags":[],"yoast_head":"<!-- This site is optimized with the Yoast SEO plugin v19.6.1 - https:\/\/yoast.com\/wordpress\/plugins\/seo\/ -->\n<title>Notre-Dame du Nil - Les Racines du Mal - Lavisqteam.fr<\/title>\n<meta name=\"robots\" content=\"index, follow, max-snippet:-1, max-image-preview:large, max-video-preview:-1\" \/>\n<link rel=\"canonical\" href=\"https:\/\/www.lavisqteam.fr\/?p=46418\" \/>\n<meta property=\"og:locale\" content=\"fr_FR\" \/>\n<meta property=\"og:type\" content=\"article\" \/>\n<meta property=\"og:title\" content=\"Notre-Dame du Nil - Les Racines du Mal - Lavisqteam.fr\" \/>\n<meta property=\"og:description\" content=\"De&nbsp;: Atiq Rahimi Avec Pascal Greggory, Albina Kirenga, Amanda Mugabekazi, Clariella Bizimana Ann\u00e9e: 2020 Pays: France, Belgique, Rwanda Genre&nbsp;: Drame R\u00e9sum\u00e9&nbsp;: Rwanda, 1973. Dans le &hellip;\" \/>\n<meta property=\"og:url\" content=\"https:\/\/www.lavisqteam.fr\/?p=46418\" \/>\n<meta property=\"og:site_name\" content=\"Lavisqteam.fr\" \/>\n<meta property=\"article:published_time\" content=\"2020-02-05T22:42:50+00:00\" \/>\n<meta property=\"article:modified_time\" content=\"2020-02-05T22:42:58+00:00\" \/>\n<meta property=\"og:image\" content=\"https:\/\/www.lavisqteam.fr\/wp-content\/uploads\/2020\/02\/84190814_758686384538669_5593418424492490752_n.jpg\" \/>\n\t<meta property=\"og:image:width\" content=\"1600\" \/>\n\t<meta property=\"og:image:height\" content=\"1067\" \/>\n\t<meta property=\"og:image:type\" content=\"image\/jpeg\" \/>\n<meta name=\"author\" content=\"AqME\" \/>\n<meta name=\"twitter:card\" content=\"summary_large_image\" \/>\n<meta name=\"twitter:label1\" content=\"\u00c9crit par\" \/>\n\t<meta name=\"twitter:data1\" content=\"AqME\" \/>\n\t<meta name=\"twitter:label2\" content=\"Dur\u00e9e de lecture estim\u00e9e\" \/>\n\t<meta name=\"twitter:data2\" content=\"6 minutes\" \/>\n<script type=\"application\/ld+json\" class=\"yoast-schema-graph\">{\"@context\":\"https:\/\/schema.org\",\"@graph\":[{\"@type\":\"Article\",\"@id\":\"https:\/\/www.lavisqteam.fr\/?p=46418#article\",\"isPartOf\":{\"@id\":\"https:\/\/www.lavisqteam.fr\/?p=46418\"},\"author\":{\"name\":\"AqME\",\"@id\":\"https:\/\/www.lavisqteam.fr\/#\/schema\/person\/da11d7c30bf135b288b17cc576708c2d\"},\"headline\":\"Notre-Dame du Nil &#8211; Les Racines du Mal\",\"datePublished\":\"2020-02-05T22:42:50+00:00\",\"dateModified\":\"2020-02-05T22:42:58+00:00\",\"mainEntityOfPage\":{\"@id\":\"https:\/\/www.lavisqteam.fr\/?p=46418\"},\"wordCount\":1198,\"commentCount\":0,\"publisher\":{\"@id\":\"https:\/\/www.lavisqteam.fr\/#organization\"},\"articleSection\":[\"Cin\u00e9ma\"],\"inLanguage\":\"fr-FR\",\"potentialAction\":[{\"@type\":\"CommentAction\",\"name\":\"Comment\",\"target\":[\"https:\/\/www.lavisqteam.fr\/?p=46418#respond\"]}]},{\"@type\":\"WebPage\",\"@id\":\"https:\/\/www.lavisqteam.fr\/?p=46418\",\"url\":\"https:\/\/www.lavisqteam.fr\/?p=46418\",\"name\":\"Notre-Dame du Nil - Les Racines du Mal - Lavisqteam.fr\",\"isPartOf\":{\"@id\":\"https:\/\/www.lavisqteam.fr\/#website\"},\"datePublished\":\"2020-02-05T22:42:50+00:00\",\"dateModified\":\"2020-02-05T22:42:58+00:00\",\"breadcrumb\":{\"@id\":\"https:\/\/www.lavisqteam.fr\/?p=46418#breadcrumb\"},\"inLanguage\":\"fr-FR\",\"potentialAction\":[{\"@type\":\"ReadAction\",\"target\":[\"https:\/\/www.lavisqteam.fr\/?p=46418\"]}]},{\"@type\":\"BreadcrumbList\",\"@id\":\"https:\/\/www.lavisqteam.fr\/?p=46418#breadcrumb\",\"itemListElement\":[{\"@type\":\"ListItem\",\"position\":1,\"name\":\"Accueil\",\"item\":\"https:\/\/www.lavisqteam.fr\/\"},{\"@type\":\"ListItem\",\"position\":2,\"name\":\"Notre-Dame du Nil &#8211; Les Racines du Mal\"}]},{\"@type\":\"WebSite\",\"@id\":\"https:\/\/www.lavisqteam.fr\/#website\",\"url\":\"https:\/\/www.lavisqteam.fr\/\",\"name\":\"Lavisqteam.fr\",\"description\":\"\",\"publisher\":{\"@id\":\"https:\/\/www.lavisqteam.fr\/#organization\"},\"potentialAction\":[{\"@type\":\"SearchAction\",\"target\":{\"@type\":\"EntryPoint\",\"urlTemplate\":\"https:\/\/www.lavisqteam.fr\/?s={search_term_string}\"},\"query-input\":\"required name=search_term_string\"}],\"inLanguage\":\"fr-FR\"},{\"@type\":\"Organization\",\"@id\":\"https:\/\/www.lavisqteam.fr\/#organization\",\"name\":\"Lavisqteam.fr\",\"url\":\"https:\/\/www.lavisqteam.fr\/\",\"sameAs\":[],\"logo\":{\"@type\":\"ImageObject\",\"inLanguage\":\"fr-FR\",\"@id\":\"https:\/\/www.lavisqteam.fr\/#\/schema\/logo\/image\/\",\"url\":\"https:\/\/www.lavisqteam.fr\/wp-content\/uploads\/2020\/08\/cropped-80879545_3479261675449035_4078032831501041664_o-4.jpg\",\"contentUrl\":\"https:\/\/www.lavisqteam.fr\/wp-content\/uploads\/2020\/08\/cropped-80879545_3479261675449035_4078032831501041664_o-4.jpg\",\"width\":1674,\"height\":536,\"caption\":\"Lavisqteam.fr\"},\"image\":{\"@id\":\"https:\/\/www.lavisqteam.fr\/#\/schema\/logo\/image\/\"}},{\"@type\":\"Person\",\"@id\":\"https:\/\/www.lavisqteam.fr\/#\/schema\/person\/da11d7c30bf135b288b17cc576708c2d\",\"name\":\"AqME\",\"image\":{\"@type\":\"ImageObject\",\"inLanguage\":\"fr-FR\",\"@id\":\"https:\/\/www.lavisqteam.fr\/#\/schema\/person\/image\/\",\"url\":\"https:\/\/secure.gravatar.com\/avatar\/4a87d013fc854acd0f25858a13573675?s=96&d=mm&r=g\",\"contentUrl\":\"https:\/\/secure.gravatar.com\/avatar\/4a87d013fc854acd0f25858a13573675?s=96&d=mm&r=g\",\"caption\":\"AqME\"},\"description\":\"Amateur d'horreur, M\u00e9talleux dans l'\u00e2me, je succombe facilement \u00e0 des images de chatons.\",\"url\":\"https:\/\/www.lavisqteam.fr\/?author=1\"}]}<\/script>\n<!-- \/ Yoast SEO plugin. -->","yoast_head_json":{"title":"Notre-Dame du Nil - Les Racines du Mal - Lavisqteam.fr","robots":{"index":"index","follow":"follow","max-snippet":"max-snippet:-1","max-image-preview":"max-image-preview:large","max-video-preview":"max-video-preview:-1"},"canonical":"https:\/\/www.lavisqteam.fr\/?p=46418","og_locale":"fr_FR","og_type":"article","og_title":"Notre-Dame du Nil - Les Racines du Mal - Lavisqteam.fr","og_description":"De&nbsp;: Atiq Rahimi Avec Pascal Greggory, Albina Kirenga, Amanda Mugabekazi, Clariella Bizimana Ann\u00e9e: 2020 Pays: France, Belgique, Rwanda Genre&nbsp;: Drame R\u00e9sum\u00e9&nbsp;: Rwanda, 1973. Dans le &hellip;","og_url":"https:\/\/www.lavisqteam.fr\/?p=46418","og_site_name":"Lavisqteam.fr","article_published_time":"2020-02-05T22:42:50+00:00","article_modified_time":"2020-02-05T22:42:58+00:00","og_image":[{"width":1600,"height":1067,"url":"https:\/\/www.lavisqteam.fr\/wp-content\/uploads\/2020\/02\/84190814_758686384538669_5593418424492490752_n.jpg","type":"image\/jpeg"}],"author":"AqME","twitter_card":"summary_large_image","twitter_misc":{"\u00c9crit par":"AqME","Dur\u00e9e de lecture estim\u00e9e":"6 minutes"},"schema":{"@context":"https:\/\/schema.org","@graph":[{"@type":"Article","@id":"https:\/\/www.lavisqteam.fr\/?p=46418#article","isPartOf":{"@id":"https:\/\/www.lavisqteam.fr\/?p=46418"},"author":{"name":"AqME","@id":"https:\/\/www.lavisqteam.fr\/#\/schema\/person\/da11d7c30bf135b288b17cc576708c2d"},"headline":"Notre-Dame du Nil &#8211; Les Racines du Mal","datePublished":"2020-02-05T22:42:50+00:00","dateModified":"2020-02-05T22:42:58+00:00","mainEntityOfPage":{"@id":"https:\/\/www.lavisqteam.fr\/?p=46418"},"wordCount":1198,"commentCount":0,"publisher":{"@id":"https:\/\/www.lavisqteam.fr\/#organization"},"articleSection":["Cin\u00e9ma"],"inLanguage":"fr-FR","potentialAction":[{"@type":"CommentAction","name":"Comment","target":["https:\/\/www.lavisqteam.fr\/?p=46418#respond"]}]},{"@type":"WebPage","@id":"https:\/\/www.lavisqteam.fr\/?p=46418","url":"https:\/\/www.lavisqteam.fr\/?p=46418","name":"Notre-Dame du Nil - Les Racines du Mal - Lavisqteam.fr","isPartOf":{"@id":"https:\/\/www.lavisqteam.fr\/#website"},"datePublished":"2020-02-05T22:42:50+00:00","dateModified":"2020-02-05T22:42:58+00:00","breadcrumb":{"@id":"https:\/\/www.lavisqteam.fr\/?p=46418#breadcrumb"},"inLanguage":"fr-FR","potentialAction":[{"@type":"ReadAction","target":["https:\/\/www.lavisqteam.fr\/?p=46418"]}]},{"@type":"BreadcrumbList","@id":"https:\/\/www.lavisqteam.fr\/?p=46418#breadcrumb","itemListElement":[{"@type":"ListItem","position":1,"name":"Accueil","item":"https:\/\/www.lavisqteam.fr\/"},{"@type":"ListItem","position":2,"name":"Notre-Dame du Nil &#8211; Les Racines du Mal"}]},{"@type":"WebSite","@id":"https:\/\/www.lavisqteam.fr\/#website","url":"https:\/\/www.lavisqteam.fr\/","name":"Lavisqteam.fr","description":"","publisher":{"@id":"https:\/\/www.lavisqteam.fr\/#organization"},"potentialAction":[{"@type":"SearchAction","target":{"@type":"EntryPoint","urlTemplate":"https:\/\/www.lavisqteam.fr\/?s={search_term_string}"},"query-input":"required name=search_term_string"}],"inLanguage":"fr-FR"},{"@type":"Organization","@id":"https:\/\/www.lavisqteam.fr\/#organization","name":"Lavisqteam.fr","url":"https:\/\/www.lavisqteam.fr\/","sameAs":[],"logo":{"@type":"ImageObject","inLanguage":"fr-FR","@id":"https:\/\/www.lavisqteam.fr\/#\/schema\/logo\/image\/","url":"https:\/\/www.lavisqteam.fr\/wp-content\/uploads\/2020\/08\/cropped-80879545_3479261675449035_4078032831501041664_o-4.jpg","contentUrl":"https:\/\/www.lavisqteam.fr\/wp-content\/uploads\/2020\/08\/cropped-80879545_3479261675449035_4078032831501041664_o-4.jpg","width":1674,"height":536,"caption":"Lavisqteam.fr"},"image":{"@id":"https:\/\/www.lavisqteam.fr\/#\/schema\/logo\/image\/"}},{"@type":"Person","@id":"https:\/\/www.lavisqteam.fr\/#\/schema\/person\/da11d7c30bf135b288b17cc576708c2d","name":"AqME","image":{"@type":"ImageObject","inLanguage":"fr-FR","@id":"https:\/\/www.lavisqteam.fr\/#\/schema\/person\/image\/","url":"https:\/\/secure.gravatar.com\/avatar\/4a87d013fc854acd0f25858a13573675?s=96&d=mm&r=g","contentUrl":"https:\/\/secure.gravatar.com\/avatar\/4a87d013fc854acd0f25858a13573675?s=96&d=mm&r=g","caption":"AqME"},"description":"Amateur d'horreur, M\u00e9talleux dans l'\u00e2me, je succombe facilement \u00e0 des images de chatons.","url":"https:\/\/www.lavisqteam.fr\/?author=1"}]}},"jetpack_featured_media_url":"https:\/\/www.lavisqteam.fr\/wp-content\/uploads\/2020\/02\/84190814_758686384538669_5593418424492490752_n.jpg","_links":{"self":[{"href":"https:\/\/www.lavisqteam.fr\/index.php?rest_route=\/wp\/v2\/posts\/46418"}],"collection":[{"href":"https:\/\/www.lavisqteam.fr\/index.php?rest_route=\/wp\/v2\/posts"}],"about":[{"href":"https:\/\/www.lavisqteam.fr\/index.php?rest_route=\/wp\/v2\/types\/post"}],"author":[{"embeddable":true,"href":"https:\/\/www.lavisqteam.fr\/index.php?rest_route=\/wp\/v2\/users\/1"}],"replies":[{"embeddable":true,"href":"https:\/\/www.lavisqteam.fr\/index.php?rest_route=%2Fwp%2Fv2%2Fcomments&post=46418"}],"version-history":[{"count":1,"href":"https:\/\/www.lavisqteam.fr\/index.php?rest_route=\/wp\/v2\/posts\/46418\/revisions"}],"predecessor-version":[{"id":46422,"href":"https:\/\/www.lavisqteam.fr\/index.php?rest_route=\/wp\/v2\/posts\/46418\/revisions\/46422"}],"wp:featuredmedia":[{"embeddable":true,"href":"https:\/\/www.lavisqteam.fr\/index.php?rest_route=\/wp\/v2\/media\/46421"}],"wp:attachment":[{"href":"https:\/\/www.lavisqteam.fr\/index.php?rest_route=%2Fwp%2Fv2%2Fmedia&parent=46418"}],"wp:term":[{"taxonomy":"category","embeddable":true,"href":"https:\/\/www.lavisqteam.fr\/index.php?rest_route=%2Fwp%2Fv2%2Fcategories&post=46418"},{"taxonomy":"post_tag","embeddable":true,"href":"https:\/\/www.lavisqteam.fr\/index.php?rest_route=%2Fwp%2Fv2%2Ftags&post=46418"}],"curies":[{"name":"wp","href":"https:\/\/api.w.org\/{rel}","templated":true}]}}