{"id":45916,"date":"2020-01-03T10:14:43","date_gmt":"2020-01-03T10:14:43","guid":{"rendered":"http:\/\/www.lavisqteam.fr\/?p=45916"},"modified":"2020-01-03T10:14:49","modified_gmt":"2020-01-03T10:14:49","slug":"le-vent-se-leve","status":"publish","type":"post","link":"https:\/\/www.lavisqteam.fr\/?p=45916","title":{"rendered":"Le Vent se L\u00e8ve"},"content":{"rendered":"\n<div class=\"wp-block-image\"><figure class=\"aligncenter size-large is-resized\"><img src=\"https:\/\/www.lavisqteam.fr\/wp-content\/uploads\/2020\/01\/67312241_652127428619904_6331277081342640128_n.jpg\" alt=\"\" class=\"wp-image-45917\" width=\"600\" srcset=\"https:\/\/www.lavisqteam.fr\/wp-content\/uploads\/2020\/01\/67312241_652127428619904_6331277081342640128_n.jpg 720w, https:\/\/www.lavisqteam.fr\/wp-content\/uploads\/2020\/01\/67312241_652127428619904_6331277081342640128_n-225x300.jpg 225w\" sizes=\"(max-width: 720px) 100vw, 720px\" \/><\/figure><\/div>\n\n\n\n<p><strong>Titre Original&nbsp;: <\/strong>Kaze Tachinu<\/p>\n\n\n\n<p><strong>De&nbsp;: <\/strong>Hayao Miyazaki<\/p>\n\n\n\n<p><strong>Avec les Voix Originales de <\/strong>Steve Albert,\nHideaki Anno, Miori Takimoto, Hidetoshi Nishijima<\/p>\n\n\n\n<p><strong>Ann\u00e9e&nbsp;: <\/strong>2014<\/p>\n\n\n\n<p><strong>Pays&nbsp;: <\/strong>Japon<\/p>\n\n\n\n<p><strong>Genre&nbsp;: <\/strong>Animation<\/p>\n\n\n\n<p><strong>R\u00e9sum\u00e9&nbsp;:<\/strong><\/p>\n\n\n\n<p>Inspir\u00e9\npar le fameux concepteur d\u2019avions Giovanni Caproni, Jiro r\u00eave de voler et de\ndessiner de magnifiques avions. Mais sa mauvaise vue l\u2019emp\u00eache de devenir\npilote, et il se fait engager dans le d\u00e9partement a\u00e9ronautique d\u2019une importante\nentreprise d\u2019ing\u00e9nierie en 1927. Son g\u00e9nie l\u2019impose rapidement comme l\u2019un des\nplus grands ing\u00e9nieurs du monde.<br>\nLe Vent se l\u00e8ve raconte une grande partie de sa vie et d\u00e9peint les \u00e9v\u00e9nements\nhistoriques cl\u00e9s qui ont profond\u00e9ment influenc\u00e9 le cours de son existence, dont\nle s\u00e9isme de Kanto en 1923, la Grande D\u00e9pression, l\u2019\u00e9pid\u00e9mie de tuberculose et\nl\u2019entr\u00e9e en guerre du Japon. Jiro conna\u00eetra l\u2019amour avec Nahoko et l\u2019amiti\u00e9\navec son coll\u00e8gue Honjo. Inventeur extraordinaire, il fera entrer l\u2019aviation\ndans une \u00e8re nouvelle.<\/p>\n\n\n\n<p><strong>Avis&nbsp;:<\/strong><strong><\/strong><\/p>\n\n\n\n<p><em>Hayao Miyazaki<\/em> est une l\u00e9gende dans le\ndomaine de l&rsquo;animation et au-del\u00e0 de \u00e7a dans le cin\u00e9ma tout court. Membre\nfondateur des c\u00e9l\u00e8bres et magnifiques Studio Ghibli, cela fait plus d&rsquo;une\nquarantaine d&rsquo;ann\u00e9es que <em>Hayao Miyazaki<\/em>\nfait voyager les spectateurs du monde et les fans d&rsquo;animation. Six ans apr\u00e8s\n\u00ab\u00a0<strong>Ponyo sur la falaise<\/strong>\u00ab\u00a0, <em>Hayao Miyazaki<\/em> revenait pour une ultime\n\u0153uvre de cin\u00e9ma. Un dernier film avant de tirer sa r\u00e9v\u00e9rence et de prendre une\nretraite bien m\u00e9rit\u00e9e, m\u00eame si l&rsquo;on aurait ador\u00e9 qu&rsquo;il la prenne bien plus\ntard, d&rsquo;ailleurs, au fond de nous, on esp\u00e8re toujours que le r\u00e9alisateur fasse\npartie de ces artistes qui se mettent en retraite plus d&rsquo;une fois dans leur\ncarri\u00e8re&#8230; Bref. <\/p>\n\n\n\n<p>Onzi\u00e8me film donc pour <em>Hayao Miyazaki<\/em>, \u00ab\u00a0<strong>Le\nvent se l\u00e8ve<\/strong>\u00a0\u00bb se pose comme une magnifique histoire d&rsquo;amour et derri\u00e8re\ncelle-ci se cache aussi une histoire tout aussi magnifique d&rsquo;accomplissement de\nses r\u00eaves, d&rsquo;accomplissement de soi. En plus de deux heures, <em>Hayao Miyazaki <\/em>nous touche \u00e9norm\u00e9ment,\nil nous fait voyager, il nous envo\u00fbte et une fois le g\u00e9n\u00e9rique tant redout\u00e9, on\nquitte \u00ab\u00a0<strong>Le vent se l\u00e8ve<\/strong>\u00a0\u00bb\navec un amour et une tristesse infinie, avec l&rsquo;envie de se replonger dans\nl&rsquo;int\u00e9gralit\u00e9 de sa filmographie et de se faire une r\u00e9tro. <\/p>\n\n\n\n<div class=\"wp-block-image\"><figure class=\"aligncenter size-large is-resized\"><img src=\"https:\/\/www.lavisqteam.fr\/wp-content\/uploads\/2020\/01\/80130208_455665158407169_1977246112347586560_n-1024x554.jpg\" alt=\"\" class=\"wp-image-45919\" width=\"600\" srcset=\"https:\/\/www.lavisqteam.fr\/wp-content\/uploads\/2020\/01\/80130208_455665158407169_1977246112347586560_n-1024x554.jpg 1024w, https:\/\/www.lavisqteam.fr\/wp-content\/uploads\/2020\/01\/80130208_455665158407169_1977246112347586560_n-300x162.jpg 300w, https:\/\/www.lavisqteam.fr\/wp-content\/uploads\/2020\/01\/80130208_455665158407169_1977246112347586560_n-768x416.jpg 768w, https:\/\/www.lavisqteam.fr\/wp-content\/uploads\/2020\/01\/80130208_455665158407169_1977246112347586560_n-1536x831.jpg 1536w, https:\/\/www.lavisqteam.fr\/wp-content\/uploads\/2020\/01\/80130208_455665158407169_1977246112347586560_n.jpg 1600w\" sizes=\"(max-width: 1024px) 100vw, 1024px\" \/><\/figure><\/div>\n\n\n\n<p>Jiro est un enfant qui sait ce qu&rsquo;il veut\nfaire plus tard dans sa vie. D\u00e9sireux de voler, et surtout passionn\u00e9 par les\navions, il d\u00e9sire \u00eatre ing\u00e9nieur et veut concevoir les avions de demain. Jiro\nva s&rsquo;en donner les moyens et alors qu&rsquo;adulte, il essaie encore et encore de\nproposer des prototypes qui tiennent le coup, Jiro va croiser sur sa route\nNahoko&#8230; <\/p>\n\n\n\n<p>Magnifique, bouleversant, beau \u00e0 en crever, ce\ndernier film pour <em>Hayao Miyazaki<\/em> est\nune r\u00e9ussite totale qui conclut de la plus belle des fa\u00e7ons la carri\u00e8re d&rsquo;un\nma\u00eetre. D&rsquo;une richesse saisissante, \u00ab\u00a0<strong>Le\nvent se l\u00e8ve<\/strong>\u00a0\u00bb se d\u00e9roule sur une vingtaine d&rsquo;ann\u00e9es, peut-\u00eatre plus,\nallant de l&rsquo;enfance du jeune Jiro \u00e0 l&rsquo;aube de la Seconde Guerre mondiale. Ancr\u00e9\ndans la r\u00e9alit\u00e9, le sc\u00e9nario qu&rsquo;a \u00e9crit <em>Hayao\nMiyazaki<\/em> est \u00e9blouissant, car il retrace \u00e0 travers l&rsquo;histoire de ce jeune\nhomme et dans la pure tradition des \u0153uvres de <em>Miyazaki<\/em>, l&rsquo;histoire du Japon au d\u00e9but du si\u00e8cle dernier. Des r\u00eaves\nd&rsquo;enfant au grand tremblement de terre de 1923, du regard de ce jeune homme sur\nun Japon en retard sur le monde \u00e0 l&rsquo;aube de la Seconde Guerre mondiale et\nl&rsquo;entr\u00e9e en guerre du pays dans celle-ci, sans oublier la conception de ces\nc\u00e9l\u00e8bres avions, ou encore la magnifique et bouleversante histoire d&rsquo;amour que\nnous raconte le cin\u00e9aste, \u00ab\u00a0<strong>Le vent\nse l\u00e8ve<\/strong>\u00a0\u00bb est un film complet, qui est un voyage pour les \u00e9motions.\n\u00ab\u00a0<strong>Le vent se l\u00e8ve<\/strong>\u00a0\u00bb pose\naussi une belle r\u00e9flexion sur le travail d&rsquo;un homme, sur ce qu&rsquo;il devient, ce\nqu&rsquo;on en fait (le personnage voulant cr\u00e9er des avions pour voler, simplement\nvoler, alors que ces derniers deviendront des armes pour faire la guerre).\nD&rsquo;ailleurs, <em>Hayao Miyazaki<\/em> a\nparfaitement travaill\u00e9 ses personnages, qui ont tous un beau fond et beaucoup\nde relief. <\/p>\n\n\n\n<p>Enfin, le film s&rsquo;aventure sur l&rsquo;envie de\nr\u00eaver, d&rsquo;accomplir ses r\u00eaves d&rsquo;enfant. Comment ne pas y voir un parall\u00e8le avec\nla vie du r\u00e9alisateur et quelle plus belle id\u00e9e que de conclure sa carri\u00e8re sur\nun film qui \u00e9voque ceci, qui dit que rien n&rsquo;est impossible \u00e0 force de travail,\nqui nous dit d&rsquo;essayer encore et encore. Bref, vous l&rsquo;aurez compris, \u00ab\u00a0<strong>Le vent se l\u00e8ve<\/strong>\u00a0\u00bb a fait bien plus\nque de me conqu\u00e9rir.<\/p>\n\n\n\n<p>Comme toujours chez <em>Hayao Miyazaki<\/em>, le visuel est extraordinaire. Maitre de\nl&rsquo;animation, <em>Miyazaki <\/em>nous invite\nencore dans un film sublime qui d\u00e9borde d&rsquo;imagination. Les graphismes, les\nid\u00e9es, les couleurs, le g\u00e9nie du montage, tout ici r\u00e9sonne comme parfait, on en\nprend plein les yeux et les deux heures que dure le film se savourent \u00e0 chaque\ninstant. <\/p>\n\n\n\n<p>De plus, le film est accompagn\u00e9 par une BO de <em>Joe Hisaishi<\/em> qui est d&rsquo;une grande\nbeaut\u00e9, le genre de BO qu&rsquo;on peut se refaire encore et encore, sans voir le\nfilm. <\/p>\n\n\n\n<div class=\"wp-block-image\"><figure class=\"aligncenter size-large is-resized\"><img src=\"https:\/\/www.lavisqteam.fr\/wp-content\/uploads\/2020\/01\/80296930_510044902929386_4102040663598563328_n-1024x729.jpg\" alt=\"\" class=\"wp-image-45918\" width=\"600\" srcset=\"https:\/\/www.lavisqteam.fr\/wp-content\/uploads\/2020\/01\/80296930_510044902929386_4102040663598563328_n-1024x729.jpg 1024w, https:\/\/www.lavisqteam.fr\/wp-content\/uploads\/2020\/01\/80296930_510044902929386_4102040663598563328_n-300x214.jpg 300w, https:\/\/www.lavisqteam.fr\/wp-content\/uploads\/2020\/01\/80296930_510044902929386_4102040663598563328_n-768x547.jpg 768w, https:\/\/www.lavisqteam.fr\/wp-content\/uploads\/2020\/01\/80296930_510044902929386_4102040663598563328_n.jpg 1516w\" sizes=\"(max-width: 1024px) 100vw, 1024px\" \/><\/figure><\/div>\n\n\n\n<p>\u00ab\u00a0<strong>Le\nvent se l\u00e8ve<\/strong>\u00a0\u00bb est donc un film sublime qui nous envo\u00fbte, qui nous\ntient et jamais il ne nous l\u00e2che. Riche, intense, po\u00e9tique (il y a tant de\npo\u00e9sie), magnifique r\u00e9flexion sur l&rsquo;\u00eatre humain et sur l&rsquo;accomplissement de ses\nr\u00eaves, on aurait aim\u00e9 que ce dernier film ne se termine jamais. Car oui,\nau-del\u00e0 d&rsquo;\u00eatre un film magnifique, \u00ab\u00a0<strong>Le\nvent se l\u00e8ve<\/strong>\u00a0\u00bb se pose aussi comme un clap de fin puissant pour celui\nqui nous a fait r\u00eaver pendant tant d&rsquo;ann\u00e9es. Merci, tout simplement merci ! <\/p>\n\n\n\n<p><strong>Note\u00a0: 20\/20<\/strong><\/p>\n\n\n\n<figure class=\"wp-block-embed-youtube wp-block-embed is-type-video is-provider-youtube wp-embed-aspect-16-9 wp-has-aspect-ratio\"><div class=\"wp-block-embed__wrapper\">\n<iframe loading=\"lazy\" title=\"LE VENT SE LEVE Bande Annonce VF (Miyazaki - 2014)\" width=\"1200\" height=\"675\" src=\"https:\/\/www.youtube.com\/embed\/LVB5RUHYkzk?feature=oembed\" frameborder=\"0\" allow=\"accelerometer; autoplay; encrypted-media; gyroscope; picture-in-picture\" allowfullscreen><\/iframe>\n<\/div><\/figure>\n\n\n\n<p class=\"has-text-align-right\">Par <strong>Cin\u00e9ted<\/strong><\/p>\n","protected":false},"excerpt":{"rendered":"<p>Titre Original&nbsp;: Kaze Tachinu De&nbsp;: Hayao Miyazaki Avec les Voix Originales de Steve Albert, Hideaki Anno, Miori Takimoto, Hidetoshi Nishijima Ann\u00e9e&nbsp;: 2014 Pays&nbsp;: Japon Genre&nbsp;: &hellip; <\/p>\n","protected":false},"author":1,"featured_media":0,"comment_status":"open","ping_status":"open","sticky":false,"template":"","format":"standard","meta":[],"categories":[7],"tags":[],"yoast_head":"<!-- This site is optimized with the Yoast SEO plugin v19.6.1 - https:\/\/yoast.com\/wordpress\/plugins\/seo\/ -->\n<title>Le Vent se L\u00e8ve - Lavisqteam.fr<\/title>\n<meta name=\"robots\" content=\"index, follow, max-snippet:-1, max-image-preview:large, max-video-preview:-1\" \/>\n<link rel=\"canonical\" href=\"https:\/\/www.lavisqteam.fr\/?p=45916\" \/>\n<meta property=\"og:locale\" content=\"fr_FR\" \/>\n<meta property=\"og:type\" content=\"article\" \/>\n<meta property=\"og:title\" content=\"Le Vent se L\u00e8ve - Lavisqteam.fr\" \/>\n<meta property=\"og:description\" content=\"Titre Original&nbsp;: Kaze Tachinu De&nbsp;: Hayao Miyazaki Avec les Voix Originales de Steve Albert, Hideaki Anno, Miori Takimoto, Hidetoshi Nishijima Ann\u00e9e&nbsp;: 2014 Pays&nbsp;: Japon Genre&nbsp;: &hellip;\" \/>\n<meta property=\"og:url\" content=\"https:\/\/www.lavisqteam.fr\/?p=45916\" \/>\n<meta property=\"og:site_name\" content=\"Lavisqteam.fr\" \/>\n<meta property=\"article:published_time\" content=\"2020-01-03T10:14:43+00:00\" \/>\n<meta property=\"article:modified_time\" content=\"2020-01-03T10:14:49+00:00\" \/>\n<meta property=\"og:image\" content=\"http:\/\/www.lavisqteam.fr\/wp-content\/uploads\/2020\/01\/67312241_652127428619904_6331277081342640128_n.jpg\" \/>\n<meta name=\"author\" content=\"AqME\" \/>\n<meta name=\"twitter:card\" content=\"summary_large_image\" \/>\n<meta name=\"twitter:label1\" content=\"\u00c9crit par\" \/>\n\t<meta name=\"twitter:data1\" content=\"AqME\" \/>\n\t<meta name=\"twitter:label2\" content=\"Dur\u00e9e de lecture estim\u00e9e\" \/>\n\t<meta name=\"twitter:data2\" content=\"5 minutes\" \/>\n<script type=\"application\/ld+json\" class=\"yoast-schema-graph\">{\"@context\":\"https:\/\/schema.org\",\"@graph\":[{\"@type\":\"Article\",\"@id\":\"https:\/\/www.lavisqteam.fr\/?p=45916#article\",\"isPartOf\":{\"@id\":\"https:\/\/www.lavisqteam.fr\/?p=45916\"},\"author\":{\"name\":\"AqME\",\"@id\":\"https:\/\/www.lavisqteam.fr\/#\/schema\/person\/da11d7c30bf135b288b17cc576708c2d\"},\"headline\":\"Le Vent se L\u00e8ve\",\"datePublished\":\"2020-01-03T10:14:43+00:00\",\"dateModified\":\"2020-01-03T10:14:49+00:00\",\"mainEntityOfPage\":{\"@id\":\"https:\/\/www.lavisqteam.fr\/?p=45916\"},\"wordCount\":1013,\"commentCount\":0,\"publisher\":{\"@id\":\"https:\/\/www.lavisqteam.fr\/#organization\"},\"articleSection\":[\"Cin\u00e9ma\"],\"inLanguage\":\"fr-FR\",\"potentialAction\":[{\"@type\":\"CommentAction\",\"name\":\"Comment\",\"target\":[\"https:\/\/www.lavisqteam.fr\/?p=45916#respond\"]}]},{\"@type\":\"WebPage\",\"@id\":\"https:\/\/www.lavisqteam.fr\/?p=45916\",\"url\":\"https:\/\/www.lavisqteam.fr\/?p=45916\",\"name\":\"Le Vent se L\u00e8ve - Lavisqteam.fr\",\"isPartOf\":{\"@id\":\"https:\/\/www.lavisqteam.fr\/#website\"},\"datePublished\":\"2020-01-03T10:14:43+00:00\",\"dateModified\":\"2020-01-03T10:14:49+00:00\",\"breadcrumb\":{\"@id\":\"https:\/\/www.lavisqteam.fr\/?p=45916#breadcrumb\"},\"inLanguage\":\"fr-FR\",\"potentialAction\":[{\"@type\":\"ReadAction\",\"target\":[\"https:\/\/www.lavisqteam.fr\/?p=45916\"]}]},{\"@type\":\"BreadcrumbList\",\"@id\":\"https:\/\/www.lavisqteam.fr\/?p=45916#breadcrumb\",\"itemListElement\":[{\"@type\":\"ListItem\",\"position\":1,\"name\":\"Accueil\",\"item\":\"https:\/\/www.lavisqteam.fr\/\"},{\"@type\":\"ListItem\",\"position\":2,\"name\":\"Le Vent se L\u00e8ve\"}]},{\"@type\":\"WebSite\",\"@id\":\"https:\/\/www.lavisqteam.fr\/#website\",\"url\":\"https:\/\/www.lavisqteam.fr\/\",\"name\":\"Lavisqteam.fr\",\"description\":\"\",\"publisher\":{\"@id\":\"https:\/\/www.lavisqteam.fr\/#organization\"},\"potentialAction\":[{\"@type\":\"SearchAction\",\"target\":{\"@type\":\"EntryPoint\",\"urlTemplate\":\"https:\/\/www.lavisqteam.fr\/?s={search_term_string}\"},\"query-input\":\"required name=search_term_string\"}],\"inLanguage\":\"fr-FR\"},{\"@type\":\"Organization\",\"@id\":\"https:\/\/www.lavisqteam.fr\/#organization\",\"name\":\"Lavisqteam.fr\",\"url\":\"https:\/\/www.lavisqteam.fr\/\",\"sameAs\":[],\"logo\":{\"@type\":\"ImageObject\",\"inLanguage\":\"fr-FR\",\"@id\":\"https:\/\/www.lavisqteam.fr\/#\/schema\/logo\/image\/\",\"url\":\"https:\/\/www.lavisqteam.fr\/wp-content\/uploads\/2020\/08\/cropped-80879545_3479261675449035_4078032831501041664_o-4.jpg\",\"contentUrl\":\"https:\/\/www.lavisqteam.fr\/wp-content\/uploads\/2020\/08\/cropped-80879545_3479261675449035_4078032831501041664_o-4.jpg\",\"width\":1674,\"height\":536,\"caption\":\"Lavisqteam.fr\"},\"image\":{\"@id\":\"https:\/\/www.lavisqteam.fr\/#\/schema\/logo\/image\/\"}},{\"@type\":\"Person\",\"@id\":\"https:\/\/www.lavisqteam.fr\/#\/schema\/person\/da11d7c30bf135b288b17cc576708c2d\",\"name\":\"AqME\",\"image\":{\"@type\":\"ImageObject\",\"inLanguage\":\"fr-FR\",\"@id\":\"https:\/\/www.lavisqteam.fr\/#\/schema\/person\/image\/\",\"url\":\"https:\/\/secure.gravatar.com\/avatar\/4a87d013fc854acd0f25858a13573675?s=96&d=mm&r=g\",\"contentUrl\":\"https:\/\/secure.gravatar.com\/avatar\/4a87d013fc854acd0f25858a13573675?s=96&d=mm&r=g\",\"caption\":\"AqME\"},\"description\":\"Amateur d'horreur, M\u00e9talleux dans l'\u00e2me, je succombe facilement \u00e0 des images de chatons.\",\"url\":\"https:\/\/www.lavisqteam.fr\/?author=1\"}]}<\/script>\n<!-- \/ Yoast SEO plugin. -->","yoast_head_json":{"title":"Le Vent se L\u00e8ve - Lavisqteam.fr","robots":{"index":"index","follow":"follow","max-snippet":"max-snippet:-1","max-image-preview":"max-image-preview:large","max-video-preview":"max-video-preview:-1"},"canonical":"https:\/\/www.lavisqteam.fr\/?p=45916","og_locale":"fr_FR","og_type":"article","og_title":"Le Vent se L\u00e8ve - Lavisqteam.fr","og_description":"Titre Original&nbsp;: Kaze Tachinu De&nbsp;: Hayao Miyazaki Avec les Voix Originales de Steve Albert, Hideaki Anno, Miori Takimoto, Hidetoshi Nishijima Ann\u00e9e&nbsp;: 2014 Pays&nbsp;: Japon Genre&nbsp;: &hellip;","og_url":"https:\/\/www.lavisqteam.fr\/?p=45916","og_site_name":"Lavisqteam.fr","article_published_time":"2020-01-03T10:14:43+00:00","article_modified_time":"2020-01-03T10:14:49+00:00","og_image":[{"url":"http:\/\/www.lavisqteam.fr\/wp-content\/uploads\/2020\/01\/67312241_652127428619904_6331277081342640128_n.jpg"}],"author":"AqME","twitter_card":"summary_large_image","twitter_misc":{"\u00c9crit par":"AqME","Dur\u00e9e de lecture estim\u00e9e":"5 minutes"},"schema":{"@context":"https:\/\/schema.org","@graph":[{"@type":"Article","@id":"https:\/\/www.lavisqteam.fr\/?p=45916#article","isPartOf":{"@id":"https:\/\/www.lavisqteam.fr\/?p=45916"},"author":{"name":"AqME","@id":"https:\/\/www.lavisqteam.fr\/#\/schema\/person\/da11d7c30bf135b288b17cc576708c2d"},"headline":"Le Vent se L\u00e8ve","datePublished":"2020-01-03T10:14:43+00:00","dateModified":"2020-01-03T10:14:49+00:00","mainEntityOfPage":{"@id":"https:\/\/www.lavisqteam.fr\/?p=45916"},"wordCount":1013,"commentCount":0,"publisher":{"@id":"https:\/\/www.lavisqteam.fr\/#organization"},"articleSection":["Cin\u00e9ma"],"inLanguage":"fr-FR","potentialAction":[{"@type":"CommentAction","name":"Comment","target":["https:\/\/www.lavisqteam.fr\/?p=45916#respond"]}]},{"@type":"WebPage","@id":"https:\/\/www.lavisqteam.fr\/?p=45916","url":"https:\/\/www.lavisqteam.fr\/?p=45916","name":"Le Vent se L\u00e8ve - Lavisqteam.fr","isPartOf":{"@id":"https:\/\/www.lavisqteam.fr\/#website"},"datePublished":"2020-01-03T10:14:43+00:00","dateModified":"2020-01-03T10:14:49+00:00","breadcrumb":{"@id":"https:\/\/www.lavisqteam.fr\/?p=45916#breadcrumb"},"inLanguage":"fr-FR","potentialAction":[{"@type":"ReadAction","target":["https:\/\/www.lavisqteam.fr\/?p=45916"]}]},{"@type":"BreadcrumbList","@id":"https:\/\/www.lavisqteam.fr\/?p=45916#breadcrumb","itemListElement":[{"@type":"ListItem","position":1,"name":"Accueil","item":"https:\/\/www.lavisqteam.fr\/"},{"@type":"ListItem","position":2,"name":"Le Vent se L\u00e8ve"}]},{"@type":"WebSite","@id":"https:\/\/www.lavisqteam.fr\/#website","url":"https:\/\/www.lavisqteam.fr\/","name":"Lavisqteam.fr","description":"","publisher":{"@id":"https:\/\/www.lavisqteam.fr\/#organization"},"potentialAction":[{"@type":"SearchAction","target":{"@type":"EntryPoint","urlTemplate":"https:\/\/www.lavisqteam.fr\/?s={search_term_string}"},"query-input":"required name=search_term_string"}],"inLanguage":"fr-FR"},{"@type":"Organization","@id":"https:\/\/www.lavisqteam.fr\/#organization","name":"Lavisqteam.fr","url":"https:\/\/www.lavisqteam.fr\/","sameAs":[],"logo":{"@type":"ImageObject","inLanguage":"fr-FR","@id":"https:\/\/www.lavisqteam.fr\/#\/schema\/logo\/image\/","url":"https:\/\/www.lavisqteam.fr\/wp-content\/uploads\/2020\/08\/cropped-80879545_3479261675449035_4078032831501041664_o-4.jpg","contentUrl":"https:\/\/www.lavisqteam.fr\/wp-content\/uploads\/2020\/08\/cropped-80879545_3479261675449035_4078032831501041664_o-4.jpg","width":1674,"height":536,"caption":"Lavisqteam.fr"},"image":{"@id":"https:\/\/www.lavisqteam.fr\/#\/schema\/logo\/image\/"}},{"@type":"Person","@id":"https:\/\/www.lavisqteam.fr\/#\/schema\/person\/da11d7c30bf135b288b17cc576708c2d","name":"AqME","image":{"@type":"ImageObject","inLanguage":"fr-FR","@id":"https:\/\/www.lavisqteam.fr\/#\/schema\/person\/image\/","url":"https:\/\/secure.gravatar.com\/avatar\/4a87d013fc854acd0f25858a13573675?s=96&d=mm&r=g","contentUrl":"https:\/\/secure.gravatar.com\/avatar\/4a87d013fc854acd0f25858a13573675?s=96&d=mm&r=g","caption":"AqME"},"description":"Amateur d'horreur, M\u00e9talleux dans l'\u00e2me, je succombe facilement \u00e0 des images de chatons.","url":"https:\/\/www.lavisqteam.fr\/?author=1"}]}},"jetpack_featured_media_url":"","_links":{"self":[{"href":"https:\/\/www.lavisqteam.fr\/index.php?rest_route=\/wp\/v2\/posts\/45916"}],"collection":[{"href":"https:\/\/www.lavisqteam.fr\/index.php?rest_route=\/wp\/v2\/posts"}],"about":[{"href":"https:\/\/www.lavisqteam.fr\/index.php?rest_route=\/wp\/v2\/types\/post"}],"author":[{"embeddable":true,"href":"https:\/\/www.lavisqteam.fr\/index.php?rest_route=\/wp\/v2\/users\/1"}],"replies":[{"embeddable":true,"href":"https:\/\/www.lavisqteam.fr\/index.php?rest_route=%2Fwp%2Fv2%2Fcomments&post=45916"}],"version-history":[{"count":1,"href":"https:\/\/www.lavisqteam.fr\/index.php?rest_route=\/wp\/v2\/posts\/45916\/revisions"}],"predecessor-version":[{"id":45920,"href":"https:\/\/www.lavisqteam.fr\/index.php?rest_route=\/wp\/v2\/posts\/45916\/revisions\/45920"}],"wp:attachment":[{"href":"https:\/\/www.lavisqteam.fr\/index.php?rest_route=%2Fwp%2Fv2%2Fmedia&parent=45916"}],"wp:term":[{"taxonomy":"category","embeddable":true,"href":"https:\/\/www.lavisqteam.fr\/index.php?rest_route=%2Fwp%2Fv2%2Fcategories&post=45916"},{"taxonomy":"post_tag","embeddable":true,"href":"https:\/\/www.lavisqteam.fr\/index.php?rest_route=%2Fwp%2Fv2%2Ftags&post=45916"}],"curies":[{"name":"wp","href":"https:\/\/api.w.org\/{rel}","templated":true}]}}