{"id":45434,"date":"2019-12-04T16:56:46","date_gmt":"2019-12-04T16:56:46","guid":{"rendered":"http:\/\/www.lavisqteam.fr\/?p=45434"},"modified":"2019-12-04T16:56:53","modified_gmt":"2019-12-04T16:56:53","slug":"sale-temps-pour-les-pecheurs","status":"publish","type":"post","link":"https:\/\/www.lavisqteam.fr\/?p=45434","title":{"rendered":"Sale Temps Pour les P\u00eacheurs"},"content":{"rendered":"\n<div class=\"wp-block-image\"><figure class=\"aligncenter size-large\"><img loading=\"lazy\" width=\"600\" height=\"800\" src=\"https:\/\/www.lavisqteam.fr\/wp-content\/uploads\/2019\/12\/75371571_2750283871669943_3432372425117925376_n.jpg\" alt=\"\" class=\"wp-image-45435\" srcset=\"https:\/\/www.lavisqteam.fr\/wp-content\/uploads\/2019\/12\/75371571_2750283871669943_3432372425117925376_n.jpg 600w, https:\/\/www.lavisqteam.fr\/wp-content\/uploads\/2019\/12\/75371571_2750283871669943_3432372425117925376_n-225x300.jpg 225w\" sizes=\"(max-width: 600px) 100vw, 600px\" \/><\/figure><\/div>\n\n\n\n<p><strong>Titre Original&nbsp;: <\/strong>Mal Dia Para Pescar<\/p>\n\n\n\n<p><strong>De&nbsp;: <\/strong>Alvaro Brechner<\/p>\n\n\n\n<p><strong>Avec <\/strong>Gary Piquer, Jouko Ahola, Antonella Costa,\nC\u00e9sar Troncoso<\/p>\n\n\n\n<p><strong>Ann\u00e9e&nbsp;: <\/strong>2011<\/p>\n\n\n\n<p><strong>Pays&nbsp;: <\/strong>Espagne, Uruguay<\/p>\n\n\n\n<p><strong>Genre&nbsp;: <\/strong>Com\u00e9die, Drame<\/p>\n\n\n\n<p><strong>R\u00e9sum\u00e9&nbsp;:<\/strong><\/p>\n\n\n\n<p>Le\n\u00ab\u00a0Prince\u00a0\u00bb Orsini n&rsquo;aurait-il pas d\u00fb suivre son propre conseil plut\u00f4t\nque d&rsquo;entra\u00eener Jacob, son prot\u00e9g\u00e9, dans le d\u00e9fi de trop ? L&rsquo;\u00e9picier, dit le\n\u00ab\u00a0Turc\u00a0\u00bb, n&rsquo;aurait-il pas du d\u00e9sob\u00e9ir \u00e0 Adriana, sa femme, plut\u00f4t que\nde monter sur le ring ? La mirifique prime de 1000 Dollars promise \u00e0 celui qui\nr\u00e9sistera \u00e0 Jacob, l&rsquo;ancien champion du monde de lutte, excite les passions et\n\u00e9chauffe les esprits. Apr\u00e8s le d\u00e9part de Jacob et Orsini, Santa Maria, calme\nbourgade perdue quelque part en Uruguay, ne sera plus jamais la m\u00eame.<\/p>\n\n\n\n<p><strong>Avis&nbsp;:<\/strong><strong><\/strong><\/p>\n\n\n\n<p><em>Alvaro Brechner<\/em> est un cin\u00e9aste\nuruguayen. Pendant les ann\u00e9es 2000, le r\u00e9alisateur tourne plusieurs\ncourt-m\u00e9trages qui vont \u00eatre s\u00e9lectionn\u00e9s dans plus d&rsquo;une centaine de festivals\n\u00e0 travers le monde. Petit \u00e0 petit, <em>Brechner<\/em>\nse fait une petite r\u00e9putation, ce qui lui permet de d\u00e9bloquer des fonds pour\ntourner son premier long-m\u00e9trage. Un premier long-m\u00e9trage qui trouvera dans son\npays un joli succ\u00e8s, qui l&#8217;emm\u00e8nera jusqu&rsquo;aux Oscars dans la cat\u00e9gorie meilleur\nfilm \u00e9tranger. Si <em>Brechner<\/em> n&rsquo;aura pas\nla statuette, il r\u00e9it\u00e9rera l&rsquo;exploit pour ses deux autres films.<\/p>\n\n\n\n<p>Mais bon, revenons \u00e0 ce premier film, \u00ab\u00a0<strong>Sale temps pour les p\u00eacheurs<\/strong>\u00ab\u00a0.\nTout comme le pr\u00e9c\u00e9dent film que j&rsquo;ai vu d&rsquo;<em>Alvaro\nBrechner<\/em>, en commen\u00e7ant ce film, je n&rsquo;avais aucune id\u00e9e d&rsquo;o\u00f9 je mettais les\nyeux et les id\u00e9es. Si j&rsquo;ai d\u00e9couvert en d\u00e9but d&rsquo;ann\u00e9e \u00ab\u00a0<strong>Compa\u00f1eros<\/strong>\u00ab\u00a0, c&rsquo;est parce qu&rsquo;il y\navait au casting un com\u00e9dien que j&rsquo;aime beaucoup, <em>Antonio De La Torre<\/em>. Le film fut une claque monumentale et\naujourd&rsquo;hui, si je d\u00e9couvre \u00ab\u00a0<strong>Sale\ntemps pour les p\u00eacheurs<\/strong>\u00ab\u00a0, c&rsquo;est parce que le film cit\u00e9 plus haut fut\nune claque et encore une fois, je peux dire merci \u00e0 ma curiosit\u00e9, tant ce\npremier film d&rsquo;<em>Alvaro Brechner <\/em>est\nune tr\u00e8s belle surprise. Une surprise qui regorge d&rsquo;humanit\u00e9 et de richesse\ndans le traitement de cette histoire \u00e0 part, originale et en m\u00eame temps pas\ntant que \u00e7a. En deux films sur trois, il semblerait bien qu&rsquo;<em>Alvaro Brechner <\/em>ait tout compris au\ncin\u00e9ma ! <\/p>\n\n\n\n<div class=\"wp-block-image\"><figure class=\"aligncenter size-large\"><img loading=\"lazy\" width=\"600\" height=\"403\" src=\"https:\/\/www.lavisqteam.fr\/wp-content\/uploads\/2019\/12\/75412029_2694394870620842_8062901062073319424_n.jpg\" alt=\"\" class=\"wp-image-45437\" srcset=\"https:\/\/www.lavisqteam.fr\/wp-content\/uploads\/2019\/12\/75412029_2694394870620842_8062901062073319424_n.jpg 600w, https:\/\/www.lavisqteam.fr\/wp-content\/uploads\/2019\/12\/75412029_2694394870620842_8062901062073319424_n-300x202.jpg 300w\" sizes=\"(max-width: 600px) 100vw, 600px\" \/><\/figure><\/div>\n\n\n\n<p>Orsini, dit le Prince, est un petit arnaqueur\nqui gagne sa vie en truquant des matchs de lutte. Orsini traverse l&rsquo;Uruguay\navec Jacob, un ancien champion de lutte. L&rsquo;homme organise dans chaque ville un\ncombat et promet une r\u00e9compense de mille dollars \u00e0 celui qui osera affronter\nJacob, mais surtout \u00e0 le battre. Alors que jusqu&rsquo;ici, le duo s&rsquo;en est toujours\ntr\u00e8s bien tir\u00e9, Adriana, une femme pleine d&rsquo;envie, arrive \u00e0 faire annuler\nl&rsquo;homme qui devait soit disant se battre contre Jacob, pour laisser son mari y\nparticiper. Le mari en question, dit le Turc, est une masse et Orsini sait que\nJacob n&rsquo;a aucune chance&#8230; Comment faire alors ? Comment dissuader cet homme\nqui a besoin d&rsquo;argent de se battre ? <\/p>\n\n\n\n<p>Quel plaisir que la d\u00e9couverte de ce film !\n\u00ab\u00a0<strong>Sale temps pour les p\u00eacheurs<\/strong>\u00ab\u00a0,\nc&rsquo;est le genre de film dont on n&rsquo;attend rien, ou pas grand-chose, et c&rsquo;est le\ngenre de film qui, de par sa richesse, sa g\u00e9n\u00e9rosit\u00e9 et tout le talent de ceux\nqui ont boss\u00e9 dessus, nous entra\u00eene dans un petit bout de cin\u00e9ma qui fait tout\nsimplement du bien. <\/p>\n\n\n\n<p>Dram\u00e9die, il y a quelque chose de tr\u00e8s vrai qui\nse d\u00e9gage de ce film. <em>Alvaro Brechner<\/em>\na su capturer l&rsquo;humanit\u00e9 pour la rendre aussi v\u00e9ritable qu&rsquo;elle peut \u00eatre aussi\npresque onirique, tant le film peut avoir des envol\u00e9es pleines de po\u00e9sie. <\/p>\n\n\n\n<p>\u00ab\u00a0<strong>Sale\ntemps pour les p\u00eacheurs<\/strong>\u00ab\u00a0, c&rsquo;est un sc\u00e9nario qui est tout simplement\ng\u00e9nial de bout en bout. C&rsquo;est un sc\u00e9nario original, qui arrive \u00e0 trouver le\nparfait \u00e9quilibre entre drame et com\u00e9die. C&rsquo;est un sc\u00e9nario qui nous tient en\nhaleine tout du long, car plus son intrigue avance et plus le personnage\nprincipal s&rsquo;enfonce dans son message, son arnaque qui lui \u00e9chappe et une\nquestion nous tient l\u00e0, comment va-t-il pouvoir ce sortir de ce p\u00e9trin ? <em>Alvaro Brechner<\/em> tient parfaitement son\nsuspens et il nous entra\u00eene vers un film \u00f4 combien parfait. Un final bien plus\nint\u00e9ressant et riche qu&rsquo;on ne l&rsquo;aurait imagin\u00e9. D&rsquo;ailleurs, derri\u00e8re tout ce\nqui tourne autour de ce mensonge, \u00ab\u00a0<strong>Sale\ntemps pour les p\u00eacheurs<\/strong>\u00a0\u00bb est un film plus intelligent et plus profond\nqu&rsquo;il n&rsquo;en a l&rsquo;air, puisqu&rsquo;\u00e0 travers cette histoire, il peint le portrait d&rsquo;un\npays pauvre, en manque de tout ou presque. Le film de <em>Brechner<\/em> nous raconte l&rsquo;histoire d&rsquo;un homme qui essaie de s&rsquo;en\nsortir comme il le peut, il nous raconte l&rsquo;histoire d&rsquo;un autre homme qui essaie\nde se reconstruire, tout comme il nous raconte l&rsquo;espoir d&rsquo;une vie maintenant\npour un couple, ou encore l&rsquo;envie de r\u00eave, de divertissement, pour une\npopulation qui se rue sur ces spectacles. Bref, les propos sont passionnants et\nle tout est tr\u00e8s intelligemment amen\u00e9 et petite cerise sur la pellicule, le\ntout est vraiment touchant. <\/p>\n\n\n\n<p>\u00ab\u00a0<strong>Sale\ntemps pour les p\u00eacheurs<\/strong>\u00ab\u00a0, c&rsquo;est un film qui a un tr\u00e8s beau casting\nd&rsquo;acteurs qui nous est totalement inconnu et que de talents d\u00e9couvrons-nous l\u00e0.\n<em>Gary Piquer, Jouko Ahola, Antonella Costa\n<\/em>sont tous g\u00e9niaux, trouvant chacun des personnages qui ont du fond, et qui\nl\u00e0 encore, sont plus profonds que l&rsquo;on pouvait imaginer. <\/p>\n\n\n\n<p>Si le fond est donc tr\u00e8s bon, la forme l&rsquo;est\ntout autant. \u00ab\u00a0<strong>Sale Temps pour les\np\u00eacheurs<\/strong>\u00ab\u00a0, c&rsquo;est tout d&rsquo;abord un rythme qui ne l\u00e2che rien. C&rsquo;est un\nrythme qui oscille entre les genres avec beaucoup d\u2019aisance. On s&rsquo;amuse, on\nrit, on est touch\u00e9 et parfois m\u00eame, on est \u00e9merveill\u00e9. \u00c9merveill\u00e9 par\nl&rsquo;humanit\u00e9 et la simplicit\u00e9 qui se d\u00e9gage de l&rsquo;ensemble, mais aussi \u00e9merveill\u00e9\npar la po\u00e9sie qu&rsquo;<em>Alvaro Brechner <\/em>injecte\ndans sa mise en sc\u00e8ne, certains plans \u00e0 eux seuls valent amplement qu&rsquo;on\ns&rsquo;arr\u00eate sur ce film. C&rsquo;est assez inattendu, \u00e7a nous sort de nos sentiers\nbattus, c&rsquo;est original et surtout \u00e7a fonctionne encore une fois \u00e0 la perfection.\n<\/p>\n\n\n\n<div class=\"wp-block-image\"><figure class=\"aligncenter size-large\"><img loading=\"lazy\" width=\"600\" height=\"400\" src=\"https:\/\/www.lavisqteam.fr\/wp-content\/uploads\/2019\/12\/76751688_508117979796246_5390889735570849792_n.jpg\" alt=\"\" class=\"wp-image-45436\" srcset=\"https:\/\/www.lavisqteam.fr\/wp-content\/uploads\/2019\/12\/76751688_508117979796246_5390889735570849792_n.jpg 600w, https:\/\/www.lavisqteam.fr\/wp-content\/uploads\/2019\/12\/76751688_508117979796246_5390889735570849792_n-300x200.jpg 300w\" sizes=\"(max-width: 600px) 100vw, 600px\" \/><\/figure><\/div>\n\n\n\n<p>Petit bijou totalement surprenant qui fait du\nbien, ce premier film est autant une curiosit\u00e9, qu&rsquo;un fabuleux moment de cin\u00e9ma\nqui sait amuser, autant qu&rsquo;il sait toucher les c\u0153urs. Beau dans le fond et la\nforme, d&#8217;embl\u00e9e le talent d&rsquo;<em>Alvaro Brechner\n<\/em>nous saute aux yeux et apr\u00e8s cette nouvelle d\u00e9couverte, il est certain\nqu&rsquo;on va suivre de tr\u00e8s tr\u00e8s pr\u00e8s la carri\u00e8re du r\u00e9alisateur uruguayen. <\/p>\n\n\n\n<p><strong>Note\u00a0: 17\/20<\/strong><\/p>\n\n\n\n<figure class=\"wp-block-embed-youtube wp-block-embed is-type-video is-provider-youtube wp-embed-aspect-16-9 wp-has-aspect-ratio\"><div class=\"wp-block-embed__wrapper\">\n<iframe loading=\"lazy\" title=\"Sale temps pour les p\u00eacheurs - Bande annonce\" width=\"1200\" height=\"675\" src=\"https:\/\/www.youtube.com\/embed\/yW0hu5-yCuA?feature=oembed\" frameborder=\"0\" allow=\"accelerometer; autoplay; encrypted-media; gyroscope; picture-in-picture\" allowfullscreen><\/iframe>\n<\/div><\/figure>\n\n\n\n<p class=\"has-text-align-right\">Par <strong>Cin\u00e9ted<\/strong><\/p>\n","protected":false},"excerpt":{"rendered":"<p>Titre Original&nbsp;: Mal Dia Para Pescar De&nbsp;: Alvaro Brechner Avec Gary Piquer, Jouko Ahola, Antonella Costa, C\u00e9sar Troncoso Ann\u00e9e&nbsp;: 2011 Pays&nbsp;: Espagne, Uruguay Genre&nbsp;: Com\u00e9die, &hellip; <\/p>\n","protected":false},"author":1,"featured_media":0,"comment_status":"open","ping_status":"open","sticky":false,"template":"","format":"standard","meta":[],"categories":[7],"tags":[],"yoast_head":"<!-- This site is optimized with the Yoast SEO plugin v19.6.1 - https:\/\/yoast.com\/wordpress\/plugins\/seo\/ -->\n<title>Sale Temps Pour les P\u00eacheurs - Lavisqteam.fr<\/title>\n<meta name=\"robots\" content=\"index, follow, max-snippet:-1, max-image-preview:large, max-video-preview:-1\" \/>\n<link rel=\"canonical\" href=\"https:\/\/www.lavisqteam.fr\/?p=45434\" \/>\n<meta property=\"og:locale\" content=\"fr_FR\" \/>\n<meta property=\"og:type\" content=\"article\" \/>\n<meta property=\"og:title\" content=\"Sale Temps Pour les P\u00eacheurs - Lavisqteam.fr\" \/>\n<meta property=\"og:description\" content=\"Titre Original&nbsp;: Mal Dia Para Pescar De&nbsp;: Alvaro Brechner Avec Gary Piquer, Jouko Ahola, Antonella Costa, C\u00e9sar Troncoso Ann\u00e9e&nbsp;: 2011 Pays&nbsp;: Espagne, Uruguay Genre&nbsp;: Com\u00e9die, &hellip;\" \/>\n<meta property=\"og:url\" content=\"https:\/\/www.lavisqteam.fr\/?p=45434\" \/>\n<meta property=\"og:site_name\" content=\"Lavisqteam.fr\" \/>\n<meta property=\"article:published_time\" content=\"2019-12-04T16:56:46+00:00\" \/>\n<meta property=\"article:modified_time\" content=\"2019-12-04T16:56:53+00:00\" \/>\n<meta property=\"og:image\" content=\"http:\/\/www.lavisqteam.fr\/wp-content\/uploads\/2019\/12\/75371571_2750283871669943_3432372425117925376_n.jpg\" \/>\n<meta name=\"author\" content=\"AqME\" \/>\n<meta name=\"twitter:card\" content=\"summary_large_image\" \/>\n<meta name=\"twitter:label1\" content=\"\u00c9crit par\" \/>\n\t<meta name=\"twitter:data1\" content=\"AqME\" \/>\n\t<meta name=\"twitter:label2\" content=\"Dur\u00e9e de lecture estim\u00e9e\" \/>\n\t<meta name=\"twitter:data2\" content=\"6 minutes\" \/>\n<script type=\"application\/ld+json\" class=\"yoast-schema-graph\">{\"@context\":\"https:\/\/schema.org\",\"@graph\":[{\"@type\":\"Article\",\"@id\":\"https:\/\/www.lavisqteam.fr\/?p=45434#article\",\"isPartOf\":{\"@id\":\"https:\/\/www.lavisqteam.fr\/?p=45434\"},\"author\":{\"name\":\"AqME\",\"@id\":\"https:\/\/www.lavisqteam.fr\/#\/schema\/person\/da11d7c30bf135b288b17cc576708c2d\"},\"headline\":\"Sale Temps Pour les P\u00eacheurs\",\"datePublished\":\"2019-12-04T16:56:46+00:00\",\"dateModified\":\"2019-12-04T16:56:53+00:00\",\"mainEntityOfPage\":{\"@id\":\"https:\/\/www.lavisqteam.fr\/?p=45434\"},\"wordCount\":1137,\"commentCount\":0,\"publisher\":{\"@id\":\"https:\/\/www.lavisqteam.fr\/#organization\"},\"articleSection\":[\"Cin\u00e9ma\"],\"inLanguage\":\"fr-FR\",\"potentialAction\":[{\"@type\":\"CommentAction\",\"name\":\"Comment\",\"target\":[\"https:\/\/www.lavisqteam.fr\/?p=45434#respond\"]}]},{\"@type\":\"WebPage\",\"@id\":\"https:\/\/www.lavisqteam.fr\/?p=45434\",\"url\":\"https:\/\/www.lavisqteam.fr\/?p=45434\",\"name\":\"Sale Temps Pour les P\u00eacheurs - Lavisqteam.fr\",\"isPartOf\":{\"@id\":\"https:\/\/www.lavisqteam.fr\/#website\"},\"datePublished\":\"2019-12-04T16:56:46+00:00\",\"dateModified\":\"2019-12-04T16:56:53+00:00\",\"breadcrumb\":{\"@id\":\"https:\/\/www.lavisqteam.fr\/?p=45434#breadcrumb\"},\"inLanguage\":\"fr-FR\",\"potentialAction\":[{\"@type\":\"ReadAction\",\"target\":[\"https:\/\/www.lavisqteam.fr\/?p=45434\"]}]},{\"@type\":\"BreadcrumbList\",\"@id\":\"https:\/\/www.lavisqteam.fr\/?p=45434#breadcrumb\",\"itemListElement\":[{\"@type\":\"ListItem\",\"position\":1,\"name\":\"Accueil\",\"item\":\"https:\/\/www.lavisqteam.fr\/\"},{\"@type\":\"ListItem\",\"position\":2,\"name\":\"Sale Temps Pour les P\u00eacheurs\"}]},{\"@type\":\"WebSite\",\"@id\":\"https:\/\/www.lavisqteam.fr\/#website\",\"url\":\"https:\/\/www.lavisqteam.fr\/\",\"name\":\"Lavisqteam.fr\",\"description\":\"\",\"publisher\":{\"@id\":\"https:\/\/www.lavisqteam.fr\/#organization\"},\"potentialAction\":[{\"@type\":\"SearchAction\",\"target\":{\"@type\":\"EntryPoint\",\"urlTemplate\":\"https:\/\/www.lavisqteam.fr\/?s={search_term_string}\"},\"query-input\":\"required name=search_term_string\"}],\"inLanguage\":\"fr-FR\"},{\"@type\":\"Organization\",\"@id\":\"https:\/\/www.lavisqteam.fr\/#organization\",\"name\":\"Lavisqteam.fr\",\"url\":\"https:\/\/www.lavisqteam.fr\/\",\"sameAs\":[],\"logo\":{\"@type\":\"ImageObject\",\"inLanguage\":\"fr-FR\",\"@id\":\"https:\/\/www.lavisqteam.fr\/#\/schema\/logo\/image\/\",\"url\":\"https:\/\/www.lavisqteam.fr\/wp-content\/uploads\/2020\/08\/cropped-80879545_3479261675449035_4078032831501041664_o-4.jpg\",\"contentUrl\":\"https:\/\/www.lavisqteam.fr\/wp-content\/uploads\/2020\/08\/cropped-80879545_3479261675449035_4078032831501041664_o-4.jpg\",\"width\":1674,\"height\":536,\"caption\":\"Lavisqteam.fr\"},\"image\":{\"@id\":\"https:\/\/www.lavisqteam.fr\/#\/schema\/logo\/image\/\"}},{\"@type\":\"Person\",\"@id\":\"https:\/\/www.lavisqteam.fr\/#\/schema\/person\/da11d7c30bf135b288b17cc576708c2d\",\"name\":\"AqME\",\"image\":{\"@type\":\"ImageObject\",\"inLanguage\":\"fr-FR\",\"@id\":\"https:\/\/www.lavisqteam.fr\/#\/schema\/person\/image\/\",\"url\":\"https:\/\/secure.gravatar.com\/avatar\/4a87d013fc854acd0f25858a13573675?s=96&d=mm&r=g\",\"contentUrl\":\"https:\/\/secure.gravatar.com\/avatar\/4a87d013fc854acd0f25858a13573675?s=96&d=mm&r=g\",\"caption\":\"AqME\"},\"description\":\"Amateur d'horreur, M\u00e9talleux dans l'\u00e2me, je succombe facilement \u00e0 des images de chatons.\",\"url\":\"https:\/\/www.lavisqteam.fr\/?author=1\"}]}<\/script>\n<!-- \/ Yoast SEO plugin. -->","yoast_head_json":{"title":"Sale Temps Pour les P\u00eacheurs - Lavisqteam.fr","robots":{"index":"index","follow":"follow","max-snippet":"max-snippet:-1","max-image-preview":"max-image-preview:large","max-video-preview":"max-video-preview:-1"},"canonical":"https:\/\/www.lavisqteam.fr\/?p=45434","og_locale":"fr_FR","og_type":"article","og_title":"Sale Temps Pour les P\u00eacheurs - Lavisqteam.fr","og_description":"Titre Original&nbsp;: Mal Dia Para Pescar De&nbsp;: Alvaro Brechner Avec Gary Piquer, Jouko Ahola, Antonella Costa, C\u00e9sar Troncoso Ann\u00e9e&nbsp;: 2011 Pays&nbsp;: Espagne, Uruguay Genre&nbsp;: Com\u00e9die, &hellip;","og_url":"https:\/\/www.lavisqteam.fr\/?p=45434","og_site_name":"Lavisqteam.fr","article_published_time":"2019-12-04T16:56:46+00:00","article_modified_time":"2019-12-04T16:56:53+00:00","og_image":[{"url":"http:\/\/www.lavisqteam.fr\/wp-content\/uploads\/2019\/12\/75371571_2750283871669943_3432372425117925376_n.jpg"}],"author":"AqME","twitter_card":"summary_large_image","twitter_misc":{"\u00c9crit par":"AqME","Dur\u00e9e de lecture estim\u00e9e":"6 minutes"},"schema":{"@context":"https:\/\/schema.org","@graph":[{"@type":"Article","@id":"https:\/\/www.lavisqteam.fr\/?p=45434#article","isPartOf":{"@id":"https:\/\/www.lavisqteam.fr\/?p=45434"},"author":{"name":"AqME","@id":"https:\/\/www.lavisqteam.fr\/#\/schema\/person\/da11d7c30bf135b288b17cc576708c2d"},"headline":"Sale Temps Pour les P\u00eacheurs","datePublished":"2019-12-04T16:56:46+00:00","dateModified":"2019-12-04T16:56:53+00:00","mainEntityOfPage":{"@id":"https:\/\/www.lavisqteam.fr\/?p=45434"},"wordCount":1137,"commentCount":0,"publisher":{"@id":"https:\/\/www.lavisqteam.fr\/#organization"},"articleSection":["Cin\u00e9ma"],"inLanguage":"fr-FR","potentialAction":[{"@type":"CommentAction","name":"Comment","target":["https:\/\/www.lavisqteam.fr\/?p=45434#respond"]}]},{"@type":"WebPage","@id":"https:\/\/www.lavisqteam.fr\/?p=45434","url":"https:\/\/www.lavisqteam.fr\/?p=45434","name":"Sale Temps Pour les P\u00eacheurs - Lavisqteam.fr","isPartOf":{"@id":"https:\/\/www.lavisqteam.fr\/#website"},"datePublished":"2019-12-04T16:56:46+00:00","dateModified":"2019-12-04T16:56:53+00:00","breadcrumb":{"@id":"https:\/\/www.lavisqteam.fr\/?p=45434#breadcrumb"},"inLanguage":"fr-FR","potentialAction":[{"@type":"ReadAction","target":["https:\/\/www.lavisqteam.fr\/?p=45434"]}]},{"@type":"BreadcrumbList","@id":"https:\/\/www.lavisqteam.fr\/?p=45434#breadcrumb","itemListElement":[{"@type":"ListItem","position":1,"name":"Accueil","item":"https:\/\/www.lavisqteam.fr\/"},{"@type":"ListItem","position":2,"name":"Sale Temps Pour les P\u00eacheurs"}]},{"@type":"WebSite","@id":"https:\/\/www.lavisqteam.fr\/#website","url":"https:\/\/www.lavisqteam.fr\/","name":"Lavisqteam.fr","description":"","publisher":{"@id":"https:\/\/www.lavisqteam.fr\/#organization"},"potentialAction":[{"@type":"SearchAction","target":{"@type":"EntryPoint","urlTemplate":"https:\/\/www.lavisqteam.fr\/?s={search_term_string}"},"query-input":"required name=search_term_string"}],"inLanguage":"fr-FR"},{"@type":"Organization","@id":"https:\/\/www.lavisqteam.fr\/#organization","name":"Lavisqteam.fr","url":"https:\/\/www.lavisqteam.fr\/","sameAs":[],"logo":{"@type":"ImageObject","inLanguage":"fr-FR","@id":"https:\/\/www.lavisqteam.fr\/#\/schema\/logo\/image\/","url":"https:\/\/www.lavisqteam.fr\/wp-content\/uploads\/2020\/08\/cropped-80879545_3479261675449035_4078032831501041664_o-4.jpg","contentUrl":"https:\/\/www.lavisqteam.fr\/wp-content\/uploads\/2020\/08\/cropped-80879545_3479261675449035_4078032831501041664_o-4.jpg","width":1674,"height":536,"caption":"Lavisqteam.fr"},"image":{"@id":"https:\/\/www.lavisqteam.fr\/#\/schema\/logo\/image\/"}},{"@type":"Person","@id":"https:\/\/www.lavisqteam.fr\/#\/schema\/person\/da11d7c30bf135b288b17cc576708c2d","name":"AqME","image":{"@type":"ImageObject","inLanguage":"fr-FR","@id":"https:\/\/www.lavisqteam.fr\/#\/schema\/person\/image\/","url":"https:\/\/secure.gravatar.com\/avatar\/4a87d013fc854acd0f25858a13573675?s=96&d=mm&r=g","contentUrl":"https:\/\/secure.gravatar.com\/avatar\/4a87d013fc854acd0f25858a13573675?s=96&d=mm&r=g","caption":"AqME"},"description":"Amateur d'horreur, M\u00e9talleux dans l'\u00e2me, je succombe facilement \u00e0 des images de chatons.","url":"https:\/\/www.lavisqteam.fr\/?author=1"}]}},"jetpack_featured_media_url":"","_links":{"self":[{"href":"https:\/\/www.lavisqteam.fr\/index.php?rest_route=\/wp\/v2\/posts\/45434"}],"collection":[{"href":"https:\/\/www.lavisqteam.fr\/index.php?rest_route=\/wp\/v2\/posts"}],"about":[{"href":"https:\/\/www.lavisqteam.fr\/index.php?rest_route=\/wp\/v2\/types\/post"}],"author":[{"embeddable":true,"href":"https:\/\/www.lavisqteam.fr\/index.php?rest_route=\/wp\/v2\/users\/1"}],"replies":[{"embeddable":true,"href":"https:\/\/www.lavisqteam.fr\/index.php?rest_route=%2Fwp%2Fv2%2Fcomments&post=45434"}],"version-history":[{"count":1,"href":"https:\/\/www.lavisqteam.fr\/index.php?rest_route=\/wp\/v2\/posts\/45434\/revisions"}],"predecessor-version":[{"id":45438,"href":"https:\/\/www.lavisqteam.fr\/index.php?rest_route=\/wp\/v2\/posts\/45434\/revisions\/45438"}],"wp:attachment":[{"href":"https:\/\/www.lavisqteam.fr\/index.php?rest_route=%2Fwp%2Fv2%2Fmedia&parent=45434"}],"wp:term":[{"taxonomy":"category","embeddable":true,"href":"https:\/\/www.lavisqteam.fr\/index.php?rest_route=%2Fwp%2Fv2%2Fcategories&post=45434"},{"taxonomy":"post_tag","embeddable":true,"href":"https:\/\/www.lavisqteam.fr\/index.php?rest_route=%2Fwp%2Fv2%2Ftags&post=45434"}],"curies":[{"name":"wp","href":"https:\/\/api.w.org\/{rel}","templated":true}]}}