{"id":44940,"date":"2019-11-07T16:12:17","date_gmt":"2019-11-07T16:12:17","guid":{"rendered":"http:\/\/www.lavisqteam.fr\/?p=44940"},"modified":"2019-11-07T16:12:23","modified_gmt":"2019-11-07T16:12:23","slug":"alice-et-le-maire","status":"publish","type":"post","link":"https:\/\/www.lavisqteam.fr\/?p=44940","title":{"rendered":"Alice et le Maire"},"content":{"rendered":"\n<div class=\"wp-block-image\"><figure class=\"aligncenter is-resized\"><img src=\"https:\/\/www.lavisqteam.fr\/wp-content\/uploads\/2019\/11\/69259811_2392711320943044_4257892657264590848_n.jpg\" alt=\"\" class=\"wp-image-44941\" width=\"600\" srcset=\"https:\/\/www.lavisqteam.fr\/wp-content\/uploads\/2019\/11\/69259811_2392711320943044_4257892657264590848_n.jpg 706w, https:\/\/www.lavisqteam.fr\/wp-content\/uploads\/2019\/11\/69259811_2392711320943044_4257892657264590848_n-221x300.jpg 221w\" sizes=\"(max-width: 706px) 100vw, 706px\" \/><\/figure><\/div>\n\n\n\n<p><strong>De&nbsp;: <\/strong>Nicolas Pariser<\/p>\n\n\n\n<p><strong>Avec <\/strong>Fabrice Luchini, Ana\u00efs Demoustier, Nora\nHamzawi, Maud Wyler<\/p>\n\n\n\n<p><strong>Ann\u00e9e&nbsp;: <\/strong>2019<\/p>\n\n\n\n<p><strong>Pays&nbsp;: <\/strong>France<\/p>\n\n\n\n<p><strong>Genre&nbsp;: <\/strong>Com\u00e9die, Drame<\/p>\n\n\n\n<p><strong>R\u00e9sum\u00e9&nbsp;:<\/strong><\/p>\n\n\n\n<p>Le maire\nde Lyon, Paul Th\u00e9raneau, va mal. Il n\u2019a plus une seule id\u00e9e. Apr\u00e8s trente\nans de vie politique, il se sent compl\u00e8tement vide. Pour rem\u00e9dier \u00e0 ce\nprobl\u00e8me, on d\u00e9cide de lui adjoindre une jeune et brillante philosophe, Alice\nHeimann. Un dialogue se noue, qui rapproche Alice et le maire et \u00e9branle leurs\ncertitudes.<\/p>\n\n\n\n<p><strong>Avis&nbsp;:<\/strong><strong><\/strong><\/p>\n\n\n\n<p>On ne sait pas grand-chose sur <em>Nicolas Pariser<\/em>. R\u00e9alisateur fran\u00e7ais de\nquarante-cinq ans, <em>Nicolas Pariser<\/em>\nd\u00e9bute en tant de cin\u00e9aste \u00e0 la fin des ann\u00e9es 2000, avec un court-m\u00e9trage,\n\u00ab\u00a0<strong>La r\u00e9publique<\/strong>\u00ab\u00a0. S&rsquo;ensuivra\nen 2013 \u00ab\u00a0<strong>Agit Pop<\/strong>\u00ab\u00a0, un\nsecond court-m\u00e9trage. Puis enfin, il passe au long en 2015 avec \u00ab\u00a0<strong>Le Grand Jeu<\/strong>\u00ab\u00a0, un thriller\npolitique qui r\u00e9unit l&rsquo;immense <em>Andr\u00e9\nDussollier<\/em> et le tr\u00e8s bon <em>Melvil\nPoupaud<\/em>. \u00ab\u00a0<strong>Le Grand Jeu<\/strong>\u00a0\u00bb\navait rencontr\u00e9 plut\u00f4t un bon accueil. <\/p>\n\n\n\n<p>Quatre ans plus tard, <em>Nicolas Pariser<\/em> est de retour, toujours dans le domaine de la\npolitique, avec \u00ab\u00a0<strong>Alice et le Maire<\/strong>\u00ab\u00a0.\nR\u00e9flexion int\u00e9ressante sur le monde de la politique, le nouveau<em> Nicolas Pariser<\/em>, s\u2019il n&rsquo;est pas un\ngrand cru, demeure toutefois un bon divertissement qui a la chance de s&rsquo;appuyer\nsur des com\u00e9diens de talent. Entre magouilles, pol\u00e9miques et d\u00e9penses publiques,\nl&rsquo;ensemble se tient et ce zoom sur ce petit monde et le fonctionnement d&rsquo;un mairie\nvaut son d\u00e9placement. <\/p>\n\n\n\n<div class=\"wp-block-image\"><figure class=\"aligncenter is-resized\"><img src=\"https:\/\/www.lavisqteam.fr\/wp-content\/uploads\/2019\/11\/72191628_2418555271719979_2440155625926164480_n-1024x683.jpg\" alt=\"\" class=\"wp-image-44943\" width=\"600\" srcset=\"https:\/\/www.lavisqteam.fr\/wp-content\/uploads\/2019\/11\/72191628_2418555271719979_2440155625926164480_n-1024x683.jpg 1024w, https:\/\/www.lavisqteam.fr\/wp-content\/uploads\/2019\/11\/72191628_2418555271719979_2440155625926164480_n-300x200.jpg 300w, https:\/\/www.lavisqteam.fr\/wp-content\/uploads\/2019\/11\/72191628_2418555271719979_2440155625926164480_n-768x512.jpg 768w, https:\/\/www.lavisqteam.fr\/wp-content\/uploads\/2019\/11\/72191628_2418555271719979_2440155625926164480_n.jpg 1600w\" sizes=\"(max-width: 1024px) 100vw, 1024px\" \/><\/figure><\/div>\n\n\n\n<p>Alice vient d&rsquo;\u00eatre recrut\u00e9e \u00e0 la mairie de\nLyon, pour un poste qui vient d&rsquo;\u00eatre supprim\u00e9&#8230; Mais bon, la mairie en a cr\u00e9\u00e9\nun autre d&#8217;embl\u00e9e. Bref, Alice est attribu\u00e9e au d\u00e9partement des id\u00e9es&#8230; Son\ntravail, c&rsquo;est de trouver des id\u00e9es et faire penser ou repenser le maire de la\nville. Ce dernier, apr\u00e8s toute une vie en politique, est comme il le dit, en\npanne s\u00e8che. Alors il peut encore camoufler la chose, mais il lui faut du\ncarburant et c&rsquo;est l\u00e0 qu&rsquo;Alice entre en jeu&#8230; Tr\u00e8s vite, les deux\nprotagonistes nouent des liens et la fa\u00e7on de faire et de voir la politique va\n\u00e9branler les certitudes du maire&#8230; <\/p>\n\n\n\n<p>\u00ab\u00a0<strong>Alice\net le Maire<\/strong>\u00ab\u00a0, c&rsquo;est le genre de film qui plus que son sujet, \u00e9tait un\nfilm qui me donnait tr\u00e8s envie de le d\u00e9couvrir parce qu&rsquo;on y trouve <em>Fabrice Luchini<\/em> en maire de Lyon, et <em>Luchini<\/em>, lui, l&rsquo;amoureux des mots et des\nphrases bien faites et bien dites dans la peau d&rsquo;un politicien, \u00e7a pouvait\ndonner quelque chose de g\u00e9nial. <\/p>\n\n\n\n<p>\u00ab\u00a0<strong>Alice\net le Maire<\/strong>\u00ab\u00a0, c&rsquo;est un film qui va d\u00e9cortiquer le fonctionnement d&rsquo;une\nmairie pour faire ressentir de mani\u00e8re amusante (ou non), les bons comme les\nmauvais c\u00f4t\u00e9s. <\/p>\n\n\n\n<p>Tr\u00e8s bien \u00e9crit et imagin\u00e9, tr\u00e8s bien\nargument\u00e9, offrant un sc\u00e9nario intelligent qui ne cesse de creuser son sujet et\nle faire \u00e9voluer, \u00ab\u00a0<strong>Alice et le\nMaire<\/strong>\u00a0\u00bb est de ces petits films qui sans \u00eatre des essentiels et\nmarquants de l&rsquo;ann\u00e9e, demeurent int\u00e9ressants, et m\u00eame divertissants. <\/p>\n\n\n\n<p><em>Nicolas Pariser<\/em> a su parfaitement\nd\u00e9crire ce milieu. Il le fait avec justesse, abordant la politique en face. Le\nfilm est souvent percutant, amusant, notamment parce que son r\u00e9alisateur sait\ntr\u00e8s bien jouer avec les aberrations du syst\u00e8me (la sc\u00e8ne d&rsquo;ouverture est \u00e0 se\ntordre). De plus, <em>Nicolas Pariser<\/em> ne\ntombe pas dans une d\u00e9magogie, traitant la gauche, la droite, le centre \u00e0 la\nm\u00eame hauteur. Le cin\u00e9aste parle de tout, critique tout, ou du moins pointe du\ndoigt, et finalement, il ne prend jamais position, ce qui est tr\u00e8s appr\u00e9ciable.\nAvec ce film, <em>Nicolas Pariser<\/em> se pose\ncomme un observateur de ce microcosme, de tous ces gens, et des services qui\ns&rsquo;affairent et s&rsquo;affolent pour un rien. Ce microcosme qui est presque en\napesanteur, tant un petit rien peut d\u00e9clencher un tsunami. Bon apr\u00e8s, m\u00eame si\nle film est tr\u00e8s accessible, il faut toutefois aimer la politique, car dans le\ncas contraire, malgr\u00e9 l&rsquo;accessibilit\u00e9, \u00ab\u00a0<strong>Alice et le Maire<\/strong>\u00a0\u00bb peut se faire peu inint\u00e9ressant, voire\nchiant. <\/p>\n\n\n\n<p>\u00ab\u00a0<strong>Alice\net le Maire<\/strong>\u00ab\u00a0, c&rsquo;est bien \u00e9videmment un casting de premier ordre, \u00e0\ncommencer par un <em>Fabrice Luchini<\/em>\nparfait en maire de Lyon. D&rsquo;ailleurs, on sera \u00e9tonn\u00e9 que <em>Fabrice Luchini<\/em> soit plus dans la retenue, si jamais vous attendiez\nde grands discours enflamm\u00e9s de la part de l&rsquo;acteur, ce n&rsquo;est pas dans ce film\nqu&rsquo;on les trouvera. Bref, dr\u00f4le et s\u00e9rieux \u00e0 la fois, <em>Luchini<\/em> s&rsquo;impose comme le bon choix, surtout que ce dernier\ns&rsquo;accorde tr\u00e8s bien avec <em>Ana\u00efs Demoustier<\/em>\nqui d\u00e9cid\u00e9ment est une valeur s\u00fbre du cin\u00e9ma fran\u00e7ais. On pourra aussi compter\nsur les petits r\u00f4les ici et l\u00e0 qui approfondissent l&rsquo;ensemble (<em>Antoine Reinartz, Nora Hamzawi, Alexandre\nSteiger<\/em> et<em> Pascal Reneric<\/em>, qui\npour le coup est une jolie r\u00e9v\u00e9lation, un acteur bourr\u00e9 de justesse et de\nsensibilit\u00e9). <\/p>\n\n\n\n<p>Reste alors la r\u00e9alisation qui, si elle est\njolie, n&rsquo;est pas non plus incroyable. Ce constat est d&rsquo;ailleurs assez aga\u00e7ant,\ncar le tout est joliment mise en forme, c&rsquo;est joliment emball\u00e9 et pourtant,\nmalgr\u00e9 ceci, il manque \u00e0 \u00ab\u00a0<strong>Alice et\nle Maire<\/strong>\u00ab\u00a0, un \u00e9lan, une \u00e9tincelle, un impact, bref, quelque chose en\nplus, qui ferait passer le film de divertissant, amusant \u00e0 la case terrible,\ng\u00e9niale et marquante. <\/p>\n\n\n\n<div class=\"wp-block-image\"><figure class=\"aligncenter is-resized\"><img src=\"https:\/\/www.lavisqteam.fr\/wp-content\/uploads\/2019\/11\/72464742_510410016467249_5659852471820877824_n-1024x683.jpg\" alt=\"\" class=\"wp-image-44942\" width=\"600\" srcset=\"https:\/\/www.lavisqteam.fr\/wp-content\/uploads\/2019\/11\/72464742_510410016467249_5659852471820877824_n-1024x683.jpg 1024w, https:\/\/www.lavisqteam.fr\/wp-content\/uploads\/2019\/11\/72464742_510410016467249_5659852471820877824_n-300x200.jpg 300w, https:\/\/www.lavisqteam.fr\/wp-content\/uploads\/2019\/11\/72464742_510410016467249_5659852471820877824_n-768x512.jpg 768w, https:\/\/www.lavisqteam.fr\/wp-content\/uploads\/2019\/11\/72464742_510410016467249_5659852471820877824_n.jpg 1600w\" sizes=\"(max-width: 1024px) 100vw, 1024px\" \/><\/figure><\/div>\n\n\n\n<p>\u00ab\u00a0<strong>Alice\net le Maire<\/strong>\u00a0\u00bb est donc un petit cru tout ce qu&rsquo;il peut y avoir de plus\nsympathique. Int\u00e9ressant dans son analyse, dans ce qu&rsquo;il dit et laisse\ntranspara\u00eetre de la politique, tenu par des acteurs excellents dans leur r\u00f4le.\nIl est vrai qu&rsquo;il manque un peu d\u2019impact, peut-\u00eatre un caract\u00e8re au film de <em>Nicolas Pariser<\/em> pour marquer les\nesprits. Peut-\u00eatre au prochain&#8230; Quoi qu&rsquo;il en soit, \u00ab\u00a0<strong>Alice et le Maire<\/strong>\u00ab\u00a0, pour ceux qui\nen avaient envie, m\u00e9rite son petit coup d&rsquo;\u0153il. <\/p>\n\n\n\n<p><strong>Note\u00a0: 14\/20<\/strong><\/p>\n\n\n\n<figure class=\"wp-block-embed-youtube wp-block-embed is-type-video is-provider-youtube wp-embed-aspect-16-9 wp-has-aspect-ratio\"><div class=\"wp-block-embed__wrapper\">\n<iframe loading=\"lazy\" title=\"ALICE ET LE MAIRE Bande Annonce (Com\u00e9die, 2019) Fabrice Luchini\" width=\"1200\" height=\"675\" src=\"https:\/\/www.youtube.com\/embed\/hKUobKwqawA?feature=oembed\" frameborder=\"0\" allow=\"accelerometer; autoplay; encrypted-media; gyroscope; picture-in-picture\" allowfullscreen><\/iframe>\n<\/div><\/figure>\n\n\n\n<p style=\"text-align:right\">Par <strong>Cin\u00e9ted<\/strong><\/p>\n","protected":false},"excerpt":{"rendered":"<p>De&nbsp;: Nicolas Pariser Avec Fabrice Luchini, Ana\u00efs Demoustier, Nora Hamzawi, Maud Wyler Ann\u00e9e&nbsp;: 2019 Pays&nbsp;: France Genre&nbsp;: Com\u00e9die, Drame R\u00e9sum\u00e9&nbsp;: Le maire de Lyon, Paul &hellip; <\/p>\n","protected":false},"author":1,"featured_media":0,"comment_status":"open","ping_status":"open","sticky":false,"template":"","format":"standard","meta":[],"categories":[7],"tags":[],"yoast_head":"<!-- This site is optimized with the Yoast SEO plugin v19.6.1 - https:\/\/yoast.com\/wordpress\/plugins\/seo\/ -->\n<title>Alice et le Maire - Lavisqteam.fr<\/title>\n<meta name=\"robots\" content=\"index, follow, max-snippet:-1, max-image-preview:large, max-video-preview:-1\" \/>\n<link rel=\"canonical\" href=\"https:\/\/www.lavisqteam.fr\/?p=44940\" \/>\n<meta property=\"og:locale\" content=\"fr_FR\" \/>\n<meta property=\"og:type\" content=\"article\" \/>\n<meta property=\"og:title\" content=\"Alice et le Maire - Lavisqteam.fr\" \/>\n<meta property=\"og:description\" content=\"De&nbsp;: Nicolas Pariser Avec Fabrice Luchini, Ana\u00efs Demoustier, Nora Hamzawi, Maud Wyler Ann\u00e9e&nbsp;: 2019 Pays&nbsp;: France Genre&nbsp;: Com\u00e9die, Drame R\u00e9sum\u00e9&nbsp;: Le maire de Lyon, Paul &hellip;\" \/>\n<meta property=\"og:url\" content=\"https:\/\/www.lavisqteam.fr\/?p=44940\" \/>\n<meta property=\"og:site_name\" content=\"Lavisqteam.fr\" \/>\n<meta property=\"article:published_time\" content=\"2019-11-07T16:12:17+00:00\" \/>\n<meta property=\"article:modified_time\" content=\"2019-11-07T16:12:23+00:00\" \/>\n<meta property=\"og:image\" content=\"http:\/\/www.lavisqteam.fr\/wp-content\/uploads\/2019\/11\/69259811_2392711320943044_4257892657264590848_n.jpg\" \/>\n<meta name=\"author\" content=\"AqME\" \/>\n<meta name=\"twitter:card\" content=\"summary_large_image\" \/>\n<meta name=\"twitter:label1\" content=\"\u00c9crit par\" \/>\n\t<meta name=\"twitter:data1\" content=\"AqME\" \/>\n\t<meta name=\"twitter:label2\" content=\"Dur\u00e9e de lecture estim\u00e9e\" \/>\n\t<meta name=\"twitter:data2\" content=\"5 minutes\" \/>\n<script type=\"application\/ld+json\" class=\"yoast-schema-graph\">{\"@context\":\"https:\/\/schema.org\",\"@graph\":[{\"@type\":\"Article\",\"@id\":\"https:\/\/www.lavisqteam.fr\/?p=44940#article\",\"isPartOf\":{\"@id\":\"https:\/\/www.lavisqteam.fr\/?p=44940\"},\"author\":{\"name\":\"AqME\",\"@id\":\"https:\/\/www.lavisqteam.fr\/#\/schema\/person\/da11d7c30bf135b288b17cc576708c2d\"},\"headline\":\"Alice et le Maire\",\"datePublished\":\"2019-11-07T16:12:17+00:00\",\"dateModified\":\"2019-11-07T16:12:23+00:00\",\"mainEntityOfPage\":{\"@id\":\"https:\/\/www.lavisqteam.fr\/?p=44940\"},\"wordCount\":1023,\"commentCount\":1,\"publisher\":{\"@id\":\"https:\/\/www.lavisqteam.fr\/#organization\"},\"articleSection\":[\"Cin\u00e9ma\"],\"inLanguage\":\"fr-FR\",\"potentialAction\":[{\"@type\":\"CommentAction\",\"name\":\"Comment\",\"target\":[\"https:\/\/www.lavisqteam.fr\/?p=44940#respond\"]}]},{\"@type\":\"WebPage\",\"@id\":\"https:\/\/www.lavisqteam.fr\/?p=44940\",\"url\":\"https:\/\/www.lavisqteam.fr\/?p=44940\",\"name\":\"Alice et le Maire - Lavisqteam.fr\",\"isPartOf\":{\"@id\":\"https:\/\/www.lavisqteam.fr\/#website\"},\"datePublished\":\"2019-11-07T16:12:17+00:00\",\"dateModified\":\"2019-11-07T16:12:23+00:00\",\"breadcrumb\":{\"@id\":\"https:\/\/www.lavisqteam.fr\/?p=44940#breadcrumb\"},\"inLanguage\":\"fr-FR\",\"potentialAction\":[{\"@type\":\"ReadAction\",\"target\":[\"https:\/\/www.lavisqteam.fr\/?p=44940\"]}]},{\"@type\":\"BreadcrumbList\",\"@id\":\"https:\/\/www.lavisqteam.fr\/?p=44940#breadcrumb\",\"itemListElement\":[{\"@type\":\"ListItem\",\"position\":1,\"name\":\"Accueil\",\"item\":\"https:\/\/www.lavisqteam.fr\/\"},{\"@type\":\"ListItem\",\"position\":2,\"name\":\"Alice et le Maire\"}]},{\"@type\":\"WebSite\",\"@id\":\"https:\/\/www.lavisqteam.fr\/#website\",\"url\":\"https:\/\/www.lavisqteam.fr\/\",\"name\":\"Lavisqteam.fr\",\"description\":\"\",\"publisher\":{\"@id\":\"https:\/\/www.lavisqteam.fr\/#organization\"},\"potentialAction\":[{\"@type\":\"SearchAction\",\"target\":{\"@type\":\"EntryPoint\",\"urlTemplate\":\"https:\/\/www.lavisqteam.fr\/?s={search_term_string}\"},\"query-input\":\"required name=search_term_string\"}],\"inLanguage\":\"fr-FR\"},{\"@type\":\"Organization\",\"@id\":\"https:\/\/www.lavisqteam.fr\/#organization\",\"name\":\"Lavisqteam.fr\",\"url\":\"https:\/\/www.lavisqteam.fr\/\",\"sameAs\":[],\"logo\":{\"@type\":\"ImageObject\",\"inLanguage\":\"fr-FR\",\"@id\":\"https:\/\/www.lavisqteam.fr\/#\/schema\/logo\/image\/\",\"url\":\"https:\/\/www.lavisqteam.fr\/wp-content\/uploads\/2020\/08\/cropped-80879545_3479261675449035_4078032831501041664_o-4.jpg\",\"contentUrl\":\"https:\/\/www.lavisqteam.fr\/wp-content\/uploads\/2020\/08\/cropped-80879545_3479261675449035_4078032831501041664_o-4.jpg\",\"width\":1674,\"height\":536,\"caption\":\"Lavisqteam.fr\"},\"image\":{\"@id\":\"https:\/\/www.lavisqteam.fr\/#\/schema\/logo\/image\/\"}},{\"@type\":\"Person\",\"@id\":\"https:\/\/www.lavisqteam.fr\/#\/schema\/person\/da11d7c30bf135b288b17cc576708c2d\",\"name\":\"AqME\",\"image\":{\"@type\":\"ImageObject\",\"inLanguage\":\"fr-FR\",\"@id\":\"https:\/\/www.lavisqteam.fr\/#\/schema\/person\/image\/\",\"url\":\"https:\/\/secure.gravatar.com\/avatar\/4a87d013fc854acd0f25858a13573675?s=96&d=mm&r=g\",\"contentUrl\":\"https:\/\/secure.gravatar.com\/avatar\/4a87d013fc854acd0f25858a13573675?s=96&d=mm&r=g\",\"caption\":\"AqME\"},\"description\":\"Amateur d'horreur, M\u00e9talleux dans l'\u00e2me, je succombe facilement \u00e0 des images de chatons.\",\"url\":\"https:\/\/www.lavisqteam.fr\/?author=1\"}]}<\/script>\n<!-- \/ Yoast SEO plugin. -->","yoast_head_json":{"title":"Alice et le Maire - Lavisqteam.fr","robots":{"index":"index","follow":"follow","max-snippet":"max-snippet:-1","max-image-preview":"max-image-preview:large","max-video-preview":"max-video-preview:-1"},"canonical":"https:\/\/www.lavisqteam.fr\/?p=44940","og_locale":"fr_FR","og_type":"article","og_title":"Alice et le Maire - Lavisqteam.fr","og_description":"De&nbsp;: Nicolas Pariser Avec Fabrice Luchini, Ana\u00efs Demoustier, Nora Hamzawi, Maud Wyler Ann\u00e9e&nbsp;: 2019 Pays&nbsp;: France Genre&nbsp;: Com\u00e9die, Drame R\u00e9sum\u00e9&nbsp;: Le maire de Lyon, Paul &hellip;","og_url":"https:\/\/www.lavisqteam.fr\/?p=44940","og_site_name":"Lavisqteam.fr","article_published_time":"2019-11-07T16:12:17+00:00","article_modified_time":"2019-11-07T16:12:23+00:00","og_image":[{"url":"http:\/\/www.lavisqteam.fr\/wp-content\/uploads\/2019\/11\/69259811_2392711320943044_4257892657264590848_n.jpg"}],"author":"AqME","twitter_card":"summary_large_image","twitter_misc":{"\u00c9crit par":"AqME","Dur\u00e9e de lecture estim\u00e9e":"5 minutes"},"schema":{"@context":"https:\/\/schema.org","@graph":[{"@type":"Article","@id":"https:\/\/www.lavisqteam.fr\/?p=44940#article","isPartOf":{"@id":"https:\/\/www.lavisqteam.fr\/?p=44940"},"author":{"name":"AqME","@id":"https:\/\/www.lavisqteam.fr\/#\/schema\/person\/da11d7c30bf135b288b17cc576708c2d"},"headline":"Alice et le Maire","datePublished":"2019-11-07T16:12:17+00:00","dateModified":"2019-11-07T16:12:23+00:00","mainEntityOfPage":{"@id":"https:\/\/www.lavisqteam.fr\/?p=44940"},"wordCount":1023,"commentCount":1,"publisher":{"@id":"https:\/\/www.lavisqteam.fr\/#organization"},"articleSection":["Cin\u00e9ma"],"inLanguage":"fr-FR","potentialAction":[{"@type":"CommentAction","name":"Comment","target":["https:\/\/www.lavisqteam.fr\/?p=44940#respond"]}]},{"@type":"WebPage","@id":"https:\/\/www.lavisqteam.fr\/?p=44940","url":"https:\/\/www.lavisqteam.fr\/?p=44940","name":"Alice et le Maire - Lavisqteam.fr","isPartOf":{"@id":"https:\/\/www.lavisqteam.fr\/#website"},"datePublished":"2019-11-07T16:12:17+00:00","dateModified":"2019-11-07T16:12:23+00:00","breadcrumb":{"@id":"https:\/\/www.lavisqteam.fr\/?p=44940#breadcrumb"},"inLanguage":"fr-FR","potentialAction":[{"@type":"ReadAction","target":["https:\/\/www.lavisqteam.fr\/?p=44940"]}]},{"@type":"BreadcrumbList","@id":"https:\/\/www.lavisqteam.fr\/?p=44940#breadcrumb","itemListElement":[{"@type":"ListItem","position":1,"name":"Accueil","item":"https:\/\/www.lavisqteam.fr\/"},{"@type":"ListItem","position":2,"name":"Alice et le Maire"}]},{"@type":"WebSite","@id":"https:\/\/www.lavisqteam.fr\/#website","url":"https:\/\/www.lavisqteam.fr\/","name":"Lavisqteam.fr","description":"","publisher":{"@id":"https:\/\/www.lavisqteam.fr\/#organization"},"potentialAction":[{"@type":"SearchAction","target":{"@type":"EntryPoint","urlTemplate":"https:\/\/www.lavisqteam.fr\/?s={search_term_string}"},"query-input":"required name=search_term_string"}],"inLanguage":"fr-FR"},{"@type":"Organization","@id":"https:\/\/www.lavisqteam.fr\/#organization","name":"Lavisqteam.fr","url":"https:\/\/www.lavisqteam.fr\/","sameAs":[],"logo":{"@type":"ImageObject","inLanguage":"fr-FR","@id":"https:\/\/www.lavisqteam.fr\/#\/schema\/logo\/image\/","url":"https:\/\/www.lavisqteam.fr\/wp-content\/uploads\/2020\/08\/cropped-80879545_3479261675449035_4078032831501041664_o-4.jpg","contentUrl":"https:\/\/www.lavisqteam.fr\/wp-content\/uploads\/2020\/08\/cropped-80879545_3479261675449035_4078032831501041664_o-4.jpg","width":1674,"height":536,"caption":"Lavisqteam.fr"},"image":{"@id":"https:\/\/www.lavisqteam.fr\/#\/schema\/logo\/image\/"}},{"@type":"Person","@id":"https:\/\/www.lavisqteam.fr\/#\/schema\/person\/da11d7c30bf135b288b17cc576708c2d","name":"AqME","image":{"@type":"ImageObject","inLanguage":"fr-FR","@id":"https:\/\/www.lavisqteam.fr\/#\/schema\/person\/image\/","url":"https:\/\/secure.gravatar.com\/avatar\/4a87d013fc854acd0f25858a13573675?s=96&d=mm&r=g","contentUrl":"https:\/\/secure.gravatar.com\/avatar\/4a87d013fc854acd0f25858a13573675?s=96&d=mm&r=g","caption":"AqME"},"description":"Amateur d'horreur, M\u00e9talleux dans l'\u00e2me, je succombe facilement \u00e0 des images de chatons.","url":"https:\/\/www.lavisqteam.fr\/?author=1"}]}},"jetpack_featured_media_url":"","_links":{"self":[{"href":"https:\/\/www.lavisqteam.fr\/index.php?rest_route=\/wp\/v2\/posts\/44940"}],"collection":[{"href":"https:\/\/www.lavisqteam.fr\/index.php?rest_route=\/wp\/v2\/posts"}],"about":[{"href":"https:\/\/www.lavisqteam.fr\/index.php?rest_route=\/wp\/v2\/types\/post"}],"author":[{"embeddable":true,"href":"https:\/\/www.lavisqteam.fr\/index.php?rest_route=\/wp\/v2\/users\/1"}],"replies":[{"embeddable":true,"href":"https:\/\/www.lavisqteam.fr\/index.php?rest_route=%2Fwp%2Fv2%2Fcomments&post=44940"}],"version-history":[{"count":1,"href":"https:\/\/www.lavisqteam.fr\/index.php?rest_route=\/wp\/v2\/posts\/44940\/revisions"}],"predecessor-version":[{"id":44944,"href":"https:\/\/www.lavisqteam.fr\/index.php?rest_route=\/wp\/v2\/posts\/44940\/revisions\/44944"}],"wp:attachment":[{"href":"https:\/\/www.lavisqteam.fr\/index.php?rest_route=%2Fwp%2Fv2%2Fmedia&parent=44940"}],"wp:term":[{"taxonomy":"category","embeddable":true,"href":"https:\/\/www.lavisqteam.fr\/index.php?rest_route=%2Fwp%2Fv2%2Fcategories&post=44940"},{"taxonomy":"post_tag","embeddable":true,"href":"https:\/\/www.lavisqteam.fr\/index.php?rest_route=%2Fwp%2Fv2%2Ftags&post=44940"}],"curies":[{"name":"wp","href":"https:\/\/api.w.org\/{rel}","templated":true}]}}