{"id":44832,"date":"2019-11-02T19:18:10","date_gmt":"2019-11-02T19:18:10","guid":{"rendered":"http:\/\/www.lavisqteam.fr\/?p=44832"},"modified":"2021-05-01T09:56:39","modified_gmt":"2021-05-01T09:56:39","slug":"interview-morgan-de-glencoe","status":"publish","type":"post","link":"https:\/\/www.lavisqteam.fr\/?p=44832","title":{"rendered":"Interview Morgan of Glencoe"},"content":{"rendered":"\n<div class=\"wp-block-image\"><figure class=\"aligncenter is-resized\"><img src=\"https:\/\/www.lavisqteam.fr\/wp-content\/uploads\/2019\/11\/73102532_422782151771816_8257109192456798208_n.jpg\" alt=\"\" class=\"wp-image-44833\" width=\"600\" srcset=\"https:\/\/www.lavisqteam.fr\/wp-content\/uploads\/2019\/11\/73102532_422782151771816_8257109192456798208_n.jpg 900w, https:\/\/www.lavisqteam.fr\/wp-content\/uploads\/2019\/11\/73102532_422782151771816_8257109192456798208_n-150x150.jpg 150w, https:\/\/www.lavisqteam.fr\/wp-content\/uploads\/2019\/11\/73102532_422782151771816_8257109192456798208_n-300x300.jpg 300w, https:\/\/www.lavisqteam.fr\/wp-content\/uploads\/2019\/11\/73102532_422782151771816_8257109192456798208_n-768x768.jpg 768w\" sizes=\"(max-width: 900px) 100vw, 900px\" \/><\/figure><\/div>\n\n\n\n<p>Bonjour \u00e0 vous&nbsp;! Je tiens, tout d\u2019abord, \u00e0 vous\nremercier pour le temps accord\u00e9 \u00e0 cette interview. J\u2019ai d\u00e9couvert r\u00e9cemment\nvotre roman <strong>L\u2019ombre de Paris<\/strong>, et ai\n\u00e9t\u00e9 compl\u00e8tement charm\u00e9e par cet univers fascinant. Vous avez su faire vibrer\nma corde sensible&nbsp;\ud83d\ude09<\/p>\n\n\n\n<p><em>Merci\nbeaucoup ! Je suis ravie que Dans l\u2019Ombre de Paris vous ait fait vibrer autant\nque moi \u00e0 l\u2019\u00e9criture ! Voici mes r\u00e9ponses \u00e0 votre interview\u2026 Certaines\nquestions \u00e9taient un peu trop personnelles ou me demandaient de spoiler\nl\u2019intrigue (m\u00eame si vous ne pouviez pas le savoir, en fait, donc ce n\u2019est pas\nbien grave) j\u2019ai donc pr\u00e9f\u00e9r\u00e9 ne pas y r\u00e9pondre. Je vous les ai mises en\nitalique. <\/em><\/p>\n\n\n\n<ul><li>Pouvez-vous\nr\u00e9sumer votre roman pour ceux qui ne le conna\u00eetraient pas&nbsp;?<\/li><\/ul>\n\n\n\n<p>Heu, y\u2019a des f\u00e9es, des flingues et des trains g\u00e9ants, et\nc\u2019est cool alors lisez-le ? (j\u2019ai tellement pas d\u2019arguments\u2026 Je suis pas tr\u00e8s\ndou\u00e9e pour \u00e7a, tout le monde vend ce bouquin mieux que moi)<\/p>\n\n\n\n<ul><li>Comment vous\nest venue l\u2019id\u00e9e de cr\u00e9er un univers \u00e0 la fois uchronique et fantastique&nbsp;?\nD\u2019ailleurs, qualifiez-vous votre roman d\u2019uchronie-fantastique&nbsp;? Si non,\ncomment le qualifiez-vous&nbsp;?<\/li><\/ul>\n\n\n\n<p>Honn\u00eatement si je savais d\u2019o\u00f9 viennent mes id\u00e9es, je\nserais riche ! (ou pas.) Techniquement, c\u2019est de la Fantasy, pas du\nFantastique. Donc plut\u00f4t uchronie Fantasy. Mais, \u00e7a a \u00e9t\u00e9 \u00e9tabli au cours des\npr\u00e9c\u00e9dentes interviews de blogueurs qui proposaient tous un genre diff\u00e9rent,\npuisque m\u00eame moi, Audrey (ma directrice d\u2019ouvrage) ou J\u00e9r\u00f4me (le directeur\nd\u2019ActuSF) n\u2019y arrivait, fallait se rendre \u00e0 l\u2019\u00e9vidence : ce roman, il est comme\nBran, il est agenre. <\/p>\n\n\n\n<ul><li>Pourquoi\navoir choisi de garder une base r\u00e9elle, au lieu d\u2019inventer un tout nouvel\nunivers de toutes pi\u00e8ces&nbsp;?<\/li><\/ul>\n\n\n\n<p>Je sais pas mais\u2026 c\u2019\u00e9tait sans doute une bonne id\u00e9e,\nparce qu\u2019il y a d\u00e9j\u00e0 tellement de choses \u00e0 suivre dans ce bouquin que sinon,\ny\u2019aurait sans doute eu une partie des gens qui se seraient perdus, non ? <\/p>\n\n\n\n<ul><li>Teniez-vous\n\u00e0 faire passer un message&nbsp;sur notre monde et notre soci\u00e9t\u00e9 ?<\/li><\/ul>\n\n\n\n<p>Je sais pas trop si j\u2019y \u00ab&nbsp;tenais&nbsp;\u00bb mais\u2026 en\ntout cas, je l\u2019ai probablement fait XD <\/p>\n\n\n\n<ul><li>Aimez-vous\nune p\u00e9riode historique de la France en particulier&nbsp;? Ou une p\u00e9riode\nhistorique d\u2019une autre culture&nbsp;?<\/li><\/ul>\n\n\n\n<p>J\u2019adore l\u2019antiquit\u00e9 Celte (-800 \u00e0 +300 en tr\u00e8s tr\u00e8s\ngros). Les Celtes sont un peuple juste tellement int\u00e9ressant et sur lequel il\nest v\u00e9hicul\u00e9 tellement de clich\u00e9s compl\u00e8tement erron\u00e9s\u2026 <\/p>\n\n\n\n<ul><li>D\u2019o\u00f9\navez-vous pioch\u00e9 vos id\u00e9es pour cr\u00e9er les diff\u00e9rentes esp\u00e8ces de f\u00e9es&nbsp;?<\/li><\/ul>\n\n\n\n<p>Principalement des l\u00e9gendes des pays celtes actuels. Mais\nce ne sont pas non plus des copier-coller\u2026 <\/p>\n\n\n\n<ul><li>Avez-vous\nune esp\u00e8ce que vous pr\u00e9f\u00e9rez en particulier&nbsp;? Pourquoi&nbsp;?<\/li><\/ul>\n\n\n\n<p>Les Selkies, c\u2019est la faute aux cheveux bleus. Je\nvoudrais trop avoir les cheveux bleus, mais mes cheveux veulent pas, ils\npr\u00e9f\u00e8rent le brun. C\u2019est bien, le brun, mais c\u2019est moins fun que le bleu. <\/p>\n\n\n\n<ul><li>D\u2019o\u00f9 vous\nvient cet amour de la mythologie celte&nbsp;?<\/li><\/ul>\n\n\n\n<p>\u2026 Je m\u2019appelle <em>Morgan\nof Glencoe<\/em> ? XD C\u2019est ma culture natale, en fait, la mythologie celte j\u2019ai\ngrandi avec, et m\u00eame dedans. Je suis originaire d\u2019un village assez proche de la\nfor\u00eat de Broc\u00e9liande, o\u00f9 je vis d\u2019ailleurs actuellement. Et je joue de la harpe\nceltique pour gagner ma vie. Des fois, je me dis que je suis un peu un clich\u00e9\nambulant XD <\/p>\n\n\n\n<ul><li>Pourquoi\navoir choisi l\u2019anglais et non le celte, ou du ga\u00eblique, pour les dialogues\nimpliquant Sir Edward Longway&nbsp;?<\/li><\/ul>\n\n\n\n<p>Alors \u00ab&nbsp;le Celte&nbsp;\u00bb implique un corpus\nlinguistique assez vari\u00e9, en effet, comprenant 2 ga\u00e9liques (l\u2019irlandais et\nl\u2019\u00e9cossais) plus les 3 langues brittoniques (breton, gallois et cornouillais),\nplus les vestiges connus de diverses langues de diverses tribus celtes (comme\nles V\u00e9n\u00e8tes. Ils sont cools les V\u00e9n\u00e8tes.) et un tas d\u2019autres langues, dont on\nrencontrera certaines dans LDG. D\u2019ailleurs, y\u2019a une chanson en breton \u00e0 un\nmoment, qui est donc une langue celtique brittonique. <\/p>\n\n\n\n<p>Mais Sir Edward Longway est Logrien, donc \u00ab&nbsp;anglais&nbsp;\u00bb\n(bon pas les anglais de notre monde, hein, c\u2019est plus compliqu\u00e9 que \u00e7a). Donc\nil parle anglais, du moins, lorsqu\u2019il est trop \u00e9mu pour parler fran\u00e7ais. Mais\nla langue maternelle de Talies\u00ecn est le gallois, et oui, dans le tome 2 il\nparlera en gallois. Tout comme Yuri parle japonais de temps en temps, et que\nBran passe une bonne partie du bouquin \u00e0 jurer en selkyan.<\/p>\n\n\n\n<ul><li>Bien que je\npense, dites-moi si je me trompe, que vous n\u2019avez pas traduit les textes en\nlangue \u00e9trang\u00e8re volontairement, pour que l\u2019on s\u2019impr\u00e8gne justement de la\nmusicalit\u00e9 des mots, certains lecteurs se plaignent d\u2019avoir \u00e0 sortir le\ndictionnaire pour comprendre les dialogues en japonais ou en anglais. Pourquoi\navez-vous fait le choix de ne pas donner de traduction&nbsp;? Il n\u2019y a pas non\nplus de traduction pour la chanson que vous fournissez apr\u00e8s le final.<\/li><\/ul>\n\n\n\n<p>Alors en fait : tout est soit traduit directement par un\npersonnage, soit repris dans la narration. Par exemple, dans le pr\u00e9lude, la\nphrase \u00ab&nbsp;Ore no namae wa Shura dewarimasen&nbsp;\u00bb est aussit\u00f4t retraduite\npar Yuri : \u00ab&nbsp;J\u2019m\u2019appelle pas Shura.&nbsp;\u00bb donc c\u2019est la traduction\nlitt\u00e9rale et directe. Lorsque le dialogue est un peu plus long qu\u2019une seule\nr\u00e9plique, il est parfois r\u00e9sum\u00e9 dans la narration \u00e0 la place. Mais en soi, on\nne perd pas de sens direct si on ne parle pas les 4 \u00ab&nbsp;langues\n\u00e9trang\u00e8res&nbsp;\u00bb utilis\u00e9es en plus du fran\u00e7ais dans \u00ab&nbsp;Dans l\u2019Ombre de\nParis.&nbsp;\u00bb <\/p>\n\n\n\n<p><strong>La\nDerni\u00e8re Geste<\/strong> fonctionne\n\u00e0 l\u2019immersion. Dans la vie, si quelqu\u2019un vous parle dans une langue que vous ne\ncomprenez pas, vous n\u2019avez pas de sous-titres pour vous la traduire, pas\nd\u2019ast\u00e9risque pour vous renvoyer en bas de page. De la m\u00eame mani\u00e8re, et sans\npour autant faire perdre des informations sur l\u2019intrigue, je pr\u00e9f\u00e8re \u00e9viter les\ntraductions plus ou moins approximatives, car on y perd toujours une partie du\nton ou du sens exact du propos, par contre on se retrouve oblig\u00e9 d\u2019aller\nchercher une note de bas de page. Quitte \u00e0 perdre un peu du sens du propos, je\npr\u00e9f\u00e8re que ce soit en restant immerg\u00e9 dans l\u2019univers, donc je reprends\nl\u2019essentiel en narration ou dans la bouche des personnages. Je trouve \u00e7a plus\nimmersif et plus constructif aussi, et \u00e7a permet au lecteur ou \u00e0 la lectrice\nd\u2019\u00eatre plus actif dans son rapport \u00e0 l\u2019histoire, plus en alerte, en quelque\nsorte. <\/p>\n\n\n\n<p>Quant \u00e0 \u00ab&nbsp;Wild Mountain Thyme&nbsp;\u00bb et au po\u00e8me\nd\u2019Henley qui sont apr\u00e8s la table des mati\u00e8res, les traduire reviendrait \u00e0\nperdre une partie de leur po\u00e9sie. Ils sont surtout l\u00e0 pour que les gens\npuissent, au hasard, taper le titre ou les premiers mots et en d\u00e9couvrir\ndiverses versions, qu\u2019elles soient chant\u00e9es, r\u00e9cit\u00e9es, ou traduites. En ne\nproposant aucune traduction, je propose surtout au lecteur, \u00e0 la lectrice, soit\nde l\u2019appr\u00e9cier dans sa langue originelle, soit de chercher la traduction qui\nlui parle le plus, au lieu d\u2019en imposer une.<\/p>\n\n\n\n<div class=\"wp-block-image\"><figure class=\"aligncenter is-resized\"><img src=\"https:\/\/www.lavisqteam.fr\/wp-content\/uploads\/2019\/11\/72836732_783597608739092_7861684648869363712_n.jpg\" alt=\"\" class=\"wp-image-44834\" width=\"600\" srcset=\"https:\/\/www.lavisqteam.fr\/wp-content\/uploads\/2019\/11\/72836732_783597608739092_7861684648869363712_n.jpg 960w, https:\/\/www.lavisqteam.fr\/wp-content\/uploads\/2019\/11\/72836732_783597608739092_7861684648869363712_n-150x150.jpg 150w, https:\/\/www.lavisqteam.fr\/wp-content\/uploads\/2019\/11\/72836732_783597608739092_7861684648869363712_n-300x300.jpg 300w, https:\/\/www.lavisqteam.fr\/wp-content\/uploads\/2019\/11\/72836732_783597608739092_7861684648869363712_n-768x768.jpg 768w\" sizes=\"(max-width: 960px) 100vw, 960px\" \/><\/figure><\/div>\n\n\n\n<ul><li>La langue\nutilis\u00e9e par Bran existe-t-elle vraiment&nbsp;? Serait-ce du celte ou du\nga\u00eblique, ou une langue plus ancienne&nbsp;?<\/li><\/ul>\n\n\n\n<p>Alors encore une fois il n\u2019y a pas une langue qui soit\n\u00ab&nbsp;du celte&nbsp;\u00bb les Celtes \u00e9tant un ensemble de peuples parlant\ndiff\u00e9rentes langues, quoiqu\u2019elles aient toutes une origine commune. La langue\nutilis\u00e9e par Bran est le selkyan, la langue des Selkies. Et elle sort tout droit\nde ma t\u00eate, mais elle est inspir\u00e9e de plusieurs langues, en particulier le\nbreton, le ga\u00e9lique, le gallo, et ce qu\u2019on sait du proto-indo-europ\u00e9en. <\/p>\n\n\n\n<p>Il faut savoir qu\u2019actuellement, elle est \u00ab&nbsp;parlable&nbsp;\u00bb\nmais j\u2019ai pas fini le dictionnaire, je n\u2019ai qu\u2019un corpus ok pour la\nconversation courante\u2026 mais comme je bosse \u00e0 l\u2019\u00e9tymologie et que j\u2019essaie de\nrespecter quelques trucs sur les langues indo-europ\u00e9ennes qui sont suppos\u00e9ment\u2026\ninspir\u00e9es (oui oui) du selkyan, \u00e7a va pas vite. Sans compter que je bosse sur l\u2019interconnexion\nentre les peuples keltiens &amp; selkies, et sur l\u2019id\u00e9e d\u2019une vision du monde\npar un peuple 100% aquatique donc avec des r\u00e9f\u00e9rentiels tr\u00e8s diff\u00e9rents des\nparadigmes humains, par exemple le fait de pouvoir se d\u00e9placer dans les 3\ndimensions et non seulement 2, ou l\u2019absence d\u2019id\u00e9e de possession. <\/p>\n\n\n\n<ul><li>Votre\nTaliesin du roman est-il l\u2019image du Taliesin des l\u00e9gendes celtiques&nbsp;?<\/li><\/ul>\n\n\n\n<p>Ah c\u2019est le m\u00eame. Il avait envie de venir alors il s\u2019est\nincrust\u00e9 dans l\u2019histoire : j\u2019\u00e9tais en train de r\u00e9diger le synopsis et soudain\nj\u2019ai \u00e9crit \u00ab&nbsp;et l\u00e0 Talies\u00ecn&nbsp;\u00bb et j\u2019ai fait \u00ab&nbsp;ah y\u2019a Talies\u00ecn\ndans l\u2019histoire. Ok.&nbsp;\u00bb <\/p>\n\n\n\n<ul><li>Votre\nTaliesin est-il immortel&nbsp;? Est-il l\u2019\u00e2me du monde&nbsp;?<\/li><\/ul>\n\n\n\n<p>Alors il est immortel, oui, du moins tant qu\u2019il ne d\u00e9cide\npas de mourir. Pour le reste, je ne spoilerai pas la nature exacte du\npersonnage.<\/p>\n\n\n\n<ul><li>Que signifie\nPennbarzh, un des qualificatifs que vous utilisez pour d\u00e9crire Taliesin ?<\/li><\/ul>\n\n\n\n<p>Et bien Pennbarzh vient du breton ou du gallois (comme\nquoi y\u2019en a un peu partout, des langues celtes, dans ce bouquin, et ces deux\nlangues sont tr\u00e8s tr\u00e8s proches) Penn signifie \u00ab&nbsp;t\u00eate&nbsp;\u00bb et peut\nd\u00e9signer un chef ou un leader, et Barzh signifie Barde. Donc Pennbarzh signifie\nlitt\u00e9ralement chef\/cheffe des Bardes ou seigneur \/dame des Bardes. C\u2019est l\u2019un\ndes titres du Talies\u00ecn historique. <\/p>\n\n\n\n<ul><li>La Danse des\nDragons, un \u00e9tat harmonieux que Sir Edward Longway et Taliesin parviennent \u00e0\natteindre en combat, est une technique entour\u00e9e de myst\u00e8res. Pouvez-vous nous\nen dire un peu plus&nbsp;?<\/li><\/ul>\n\n\n\n<p>Malheureusement ce serait du spoil \u00e9hont\u00e9\u2026 Mais on en\nsaura plus dans les tomes suivants. Promis. <\/p>\n\n\n\n<ul><li>Quel est\nl\u2019enseignement suivi par un Chevalier, tel que Sir Edward Longway&nbsp;?<\/li><\/ul>\n\n\n\n<p>Alors heu j\u2019ai fait une vid\u00e9o d\u00e9taill\u00e9e sur le sujet sur\nmon Patreon, et seulement la r\u00e9sumer ici serait impossible. Si vous voulez du\nlore et du back d\u2019univers sur LDG, allez sur mon Patreon : j\u2019en poste\nr\u00e9guli\u00e8rement, des tr\u00e8s, mais genre tr\u00e8s tr\u00e8s complets. L\u2019univers est juste\ntellement immense que j\u2019ai une encyclop\u00e9die dans mon ordi (en notes tr\u00e8s mal\nr\u00e9dig\u00e9es et incompr\u00e9hensibles, ceci dit ^^\u2019) <\/p>\n\n\n\n<ul><li>Qu\u2019entendez-vous\npar le terme \u00ab&nbsp;Geste&nbsp;\u00bb, notamment utilis\u00e9 dans les derni\u00e8res pages,\nlors de la bataille finale&nbsp;?<\/li><\/ul>\n\n\n\n<p>Et bien tr\u00e8s exactement sa d\u00e9finition exacte du\ndictionnaire ^^ \u00ab&nbsp;Ensemble de po\u00e8mes en vers, narrant les hauts faits de\nh\u00e9ros ou de personnages illustres.&nbsp;\u00bb <\/p>\n\n\n\n<p>M\u00eame si je pense que la plupart des personnages de la\nDerni\u00e8re Geste n\u2019ont pas du tout l\u2019impression d\u2019\u00eatre illustres\u2026 et encore moins\nd\u2019\u00eatre des h\u00e9ros !<\/p>\n\n\n\n<div class=\"wp-block-image\"><figure class=\"aligncenter is-resized\"><img src=\"https:\/\/www.lavisqteam.fr\/wp-content\/uploads\/2019\/11\/74343654_2472507189694532_1109340643253026816_n.png\" alt=\"\" class=\"wp-image-44835\" width=\"600\" srcset=\"https:\/\/www.lavisqteam.fr\/wp-content\/uploads\/2019\/11\/74343654_2472507189694532_1109340643253026816_n.png 960w, https:\/\/www.lavisqteam.fr\/wp-content\/uploads\/2019\/11\/74343654_2472507189694532_1109340643253026816_n-150x150.png 150w, https:\/\/www.lavisqteam.fr\/wp-content\/uploads\/2019\/11\/74343654_2472507189694532_1109340643253026816_n-300x300.png 300w, https:\/\/www.lavisqteam.fr\/wp-content\/uploads\/2019\/11\/74343654_2472507189694532_1109340643253026816_n-768x766.png 768w\" sizes=\"(max-width: 960px) 100vw, 960px\" \/><\/figure><\/div>\n\n\n\n<ul><li>La musique\nsemble li\u00e9e \u00e0 la magie dans votre univers. D\u2019o\u00f9 vous est venue cette\nid\u00e9e&nbsp;? Pouvez-vous nous en dire un peu sur les liens entre notes,\nmysticisme et pouvoirs&nbsp;?<\/li><\/ul>\n\n\n\n<p>Mais la musique c\u2019est toujours magique ! Bon ok, dans\nnotre monde on ne peut pas se t\u00e9l\u00e9porter avec (c\u2019est bien dommage, d\u2019ailleurs)<\/p>\n\n\n\n<p>Sinon, oui, la musique est la forme la plus puissante de\nmagie dans le monde de LDG. Mais si j\u2019en dis plus, c\u2019est pareil, je spoile.\nDonc je m\u2019arr\u00eate l\u00e0. <\/p>\n\n\n\n<ul><li>Pensez-vous\nque, dans notre monde, la musique ait aussi des pouvoirs, des dons\ninsoup\u00e7onn\u00e9s&nbsp;?<\/li><\/ul>\n\n\n\n<p>Je pense que la musique n\u2019est jamais neutre. C\u2019est l\u2019une\ndes expressions les plus visc\u00e9rales de l\u2019humain et un art qui peut en soutenir\nd\u2019autres (la danse, le cin\u00e9ma, le th\u00e9\u00e2tre, la po\u00e9sie). La musique est\nimportante, tr\u00e8s importante. C\u2019est dommage que nous vivions dans un pays et une\nsoci\u00e9t\u00e9 qui accepte de maltraiter ses musiciens. On y perd beaucoup de beaut\u00e9. <\/p>\n\n\n\n<ul><li>En quoi\nconsiste l\u2019enseignement de barde, notamment suivi par Bran&nbsp;?<\/li><\/ul>\n\n\n\n<p>Si j\u2019en parle c\u2019est du spoil\u2026<\/p>\n\n\n\n<ul><li>Vous avez\nchoisi comme personnage principal Yuri, une jeune femme dont l\u2019enseignement\nstrict ne l\u2019avait pas pr\u00e9par\u00e9e \u00e0 sa cohabitation avec les f\u00e9es. L\u2019\u00e9volution de\nce personnage est coh\u00e9rente et \u00e9mouvante. Comment y avez-vous r\u00e9fl\u00e9chi&nbsp;?\nSont-ce des \u00e9tapes d\u2019une exp\u00e9rience personnelle&nbsp;?<\/li><\/ul>\n\n\n\n<p>Non, ce ne sont pas les \u00e9tapes d\u2019une exp\u00e9rience\npersonnelle. Yuri et moi c\u2019est genre le grand \u00e9cart, tant en mati\u00e8re de\ncaract\u00e8re que de vision de la vie que de \u00e0 peu pr\u00e8s tout. Mais elle est tr\u00e8s\ncoh\u00e9rente dans sa t\u00eate, oui, elle sait tr\u00e8s bien ce qu\u2019elle veut. J\u2019aime\nbeaucoup Yuri, c\u2019est quelqu\u2019un de fonci\u00e8rement bon. Et c\u2019est un cam\u00e9l\u00e9on\nsocial, aussi, c\u2019est ce qui fait qu\u2019elle arrive \u00e0 \u00e9voluer si rapidement, malgr\u00e9\nles quelques \u00ab&nbsp;retours de flammes&nbsp;\u00bb\u2026<\/p>\n\n\n\n<p>En fait c\u2019est paradoxal, mais son \u00e9ducation l\u2019a pr\u00e9par\u00e9e\n\u00e0 comprendre le plus vite possible les r\u00e8gles sociales qui l\u2019entourent et \u00e0 s\u2019y\nconformer. Bien s\u00fbr, on lui avait appris \u00e0 l\u2019avance les r\u00e8gles des grandes\nCours et certainement pas celles des \u00e9gouts, mais en soi, elle a des capacit\u00e9s\nd\u2019adaptation juste incroyables. Et elle n\u2019a pas fini de vous \u00e9tonner, la \u00ab&nbsp;petite\nprincesse japonaise&nbsp;!&nbsp;\u00bb<\/p>\n\n\n\n<ul><li>Avez-vous\ndes personnages pr\u00e9f\u00e9r\u00e9s&nbsp;? Si oui, lesquels et pourquoi&nbsp;?<\/li><\/ul>\n\n\n\n<p>Je n\u2019ai pas vraiment de personnage pr\u00e9f\u00e9r\u00e9, non. Mais\nj\u2019ai \u00e0 peu pr\u00e8s tous envie de les engueuler, de temps en temps. Sauf\nTrente-ch\u00eanes, qui est genre la personne la plus badass et la plus comp\u00e9tente\nde cet univers. Bon et Talies\u00ecn, mais Talies\u00ecn triche. <\/p>\n\n\n\n<ul><li>Vivre au\nsein de la royaut\u00e9 ne donne pas tr\u00e8s envie, malgr\u00e9 les privil\u00e8ges. La vie\nplanifi\u00e9e et l\u2019isolation, ne semblent pas combler les c\u0153urs des dirigeants. Vouliez-vous\nfaire passer un message, qu\u00eate du bonheur et simplicit\u00e9 de la vie&nbsp;?<\/li><\/ul>\n\n\n\n<p>L\u2019Hybris n\u2019a jamais rendu personne heureux, et la\npauvret\u00e9 non plus en fait. Peut-\u00eatre qu\u2019il y a un \u00e9quilibre entre une bande de\nrats qui vivent sans soleil et sans chaussures et des gens qui ne vivent\nqu\u2019avec des faux-semblants et l\u2019illusion d\u2019un contr\u00f4le qu\u2019ils n\u2019ont pas ? <\/p>\n\n\n\n<ul><li>Est-ce que\nseule la peur de leurs grandes capacit\u00e9s, aurait permis la mise en place d\u2019un\nracisme ambiant envers les f\u00e9es&nbsp;?<\/li><\/ul>\n\n\n\n<p>Ah mais totalement, en fait. La plupart des f\u00e9es de LDG\npeuvent vous tuer en vous touchant, \u00e7a incite pas \u00e0 leur faire des c\u00e2lins !\nMais apr\u00e8s tout, le nombre de fois o\u00f9 on entend que c\u2019est parce qu\u2019une\ncat\u00e9gorie de la population a certaines capacit\u00e9s que d\u2019autres n\u2019ont pas qu\u2019elle\ndoit voir ses droits r\u00e9duits\u2026 Voil\u00e0 quoi\u2026 <\/p>\n\n\n\n<div class=\"wp-block-image\"><figure class=\"aligncenter is-resized\"><img src=\"https:\/\/www.lavisqteam.fr\/wp-content\/uploads\/2019\/11\/74453047_535063150644034_2998652415521062912_n.jpg\" alt=\"\" class=\"wp-image-44836\" width=\"600\" srcset=\"https:\/\/www.lavisqteam.fr\/wp-content\/uploads\/2019\/11\/74453047_535063150644034_2998652415521062912_n.jpg 679w, https:\/\/www.lavisqteam.fr\/wp-content\/uploads\/2019\/11\/74453047_535063150644034_2998652415521062912_n-212x300.jpg 212w\" sizes=\"(max-width: 679px) 100vw, 679px\" \/><\/figure><\/div>\n\n\n\n<ul><li>Vous\npartagez de magnifiques visions, notamment sur la compassion ou la\nbienveillance. Pensez-vous que, de nos jours, nous manquons de ces ondes\npositives&nbsp;?<\/li><\/ul>\n\n\n\n<p>Je sais pas si c\u2019est des ondes positives, mais se\ncomplaire dans le cynisme n\u2019a jamais rien fait avancer. S\u2019obliger \u00e0 la\nbienveillance, si, parce qu\u2019elle a toujours ouvert des dialogues l\u00e0 o\u00f9 il y\navait des conflits. <\/p>\n\n\n\n<ul><li>Combien de\ntemps avez-vous pris pour \u00e9crire ce roman&nbsp;? Le processus a-t-il \u00e9t\u00e9\ndifficile&nbsp;? Le livre avait apparemment \u00e9t\u00e9 publi\u00e9 sous un autre titre. Que\ns\u2019est-il pass\u00e9&nbsp;?<\/li><\/ul>\n\n\n\n<p>Ecrire, c\u2019\u00e9tait facile. C\u2019est publier qui \u00e9tait\ndifficile. Et long. Et compliqu\u00e9. \u00ab&nbsp;<strong>Dans\nl\u2019ombre de Paris&nbsp;<\/strong>\u00bb est la r\u00e9\u00e9dition de \u00ab&nbsp;<strong>Si loin du Soleil<\/strong>&nbsp;\u00bb, qui avait \u00e9t\u00e9 autopubli\u00e9 en 2016 (si vous\navez cette \u00e9dition, gardez-la, elle est collector) et qui avait d\u00e9j\u00e0 rencontr\u00e9\nun vrai succ\u00e8s \u00e0 sa sortie. Sa version augment\u00e9e et corrig\u00e9e ne peut donc que\nfaire mieux ! <\/p>\n\n\n\n<ul><li>D\u2019o\u00f9 vous\nvient cette passion pour l\u2019\u00e9criture&nbsp;?<\/li><\/ul>\n\n\n\n<p>Je ne sais pas faire grand-chose dans la vie, mais je\nsais raconter des histoires. Ecrire fait partie des moyens que j\u2019emploie pour\nce faire. <\/p>\n\n\n\n<ul><li>Quels\nconseils donneriez-vous \u00e0 de jeunes \u00e9crivains qui souhaitent r\u00e9ussir&nbsp;?<\/li><\/ul>\n\n\n\n<p>Je le r\u00e9p\u00e8te souvent mais\u2026 Pr\u00e9f\u00e9rer une histoire courte\net simple, mais la finir, et ne pas essayer de traiter tous les sujets qui vous\ntiennent \u00e0 c\u0153ur en une seule fois. Mieux vaut \u00e9crire plusieurs petites\nhistoires qu\u2019une seule \u00e9norme. <\/p>\n\n\n\n<p>\u00c9crire r\u00e9guli\u00e8rement, bosser sa technique, trouver la\nm\u00e9thode d\u2019\u00e9criture qui vous convient. Discuter avec des auteurs plus\nchevronn\u00e9s. Accepter la critique tant qu\u2019elle est constructive, et ne pas\ncroire que votre premier jet est une \u0153uvre achev\u00e9e. Serrer les dents pour se\nrelire, se corriger. Toujours chercher \u00e0 s\u2019am\u00e9liorer. <\/p>\n\n\n\n<p>Et surtout, surtout, \u00e9crire avant tout pour soi-m\u00eame. Si\n\u00e7a pla\u00eet aux autres, tant mieux ! Mais si c\u2019est une histoire rien que pour\nvous, vous \u00eates d\u00e9j\u00e0 l\u00e9gitimes \u00e0 la raconter pour vous.<\/p>\n\n\n\n<ul><li>Quand j\u2019ai\nsu que vous \u00e9tiez barde, cela m\u2019a surprise et enchant\u00e9e \u00e0 la fois. Que signifie\n\u00eatre barde \u00e0 notre \u00e9poque&nbsp;?<\/li><\/ul>\n\n\n\n<p>C\u2019est encore une de ces questions \u00e0 laquelle il faudrait\nune r\u00e9ponse d\u2019une semaine ou pas de r\u00e9ponse du tout XD Mais je vais t\u00e2cher de\nfaire une r\u00e9ponse ais\u00e9ment accessible et pas trop longue : \u00eatre barde, c\u2019est porter\nl\u2019h\u00e9ritage des anciens bardes celtes, musiciens, po\u00e8tes, compositeurs mais\naussi historiens, chroniqueurs de leur temps, et critiques parfois virulent de\ntoute dysfonctionnement social. C\u2019est aussi toujours proposer de nouvelles\nsolutions pour vivre en harmonie avec l\u2019univers. Et jouer beaucoup, beaucoup de\nharpe. La harpe c\u2019est beau. \u00c9coutez-en. <\/p>\n\n\n\n<ul><li>Peut-on\nvivre de ce m\u00e9tier&nbsp;?<\/li><\/ul>\n\n\n\n<p>Ce n\u2019est pas un m\u00e9tier, en fait. Je ne suis pas pay\u00e9e\npour \u00eatre barde. Mes m\u00e9tiers sont : musicienne professionnelle, compositrice,\nautrice et conteuse.<\/p>\n\n\n\n<ul><li>Comment en\n\u00eates-vous venue \u00e0 cela&nbsp;?<\/li><\/ul>\n\n\n\n<p>D\u00e9sol\u00e9e mais c\u2019est une question d\u2019un ordre trop priv\u00e9, et\nje n\u2019y r\u00e9pondrai pas. <\/p>\n\n\n\n<ul><li>Quel(s)\nest(sont) votre(vos) instrument(s) de voyage&nbsp;?<\/li><\/ul>\n\n\n\n<p>Mes harpes, bien s\u00fbr ! Bon, ok, je n\u2019emm\u00e8ne pas toutes\nmes harpes en voyage \u00e0 chaque fois. Souvent, c\u2019est \u00d6she\u00e0n ou Imbolc qui\nviennent avec moi. <\/p>\n\n\n\n<ul><li>Avez-vous\nappris gr\u00e2ce \u00e0 la tradition orale&nbsp;?<\/li><\/ul>\n\n\n\n<p>Tout d\u00e9pend du domaine concern\u00e9 ! <\/p>\n\n\n\n<ul><li>Quelles\nhistoires aimez-vous conter&nbsp;?<\/li><\/ul>\n\n\n\n<p>Toutes celles que je connais ! Bon ok la plupart viennent\nde la Mati\u00e8re de Bretagne et des traditions \u00e9cossaises, galloises et\nirlandaises\u2026<\/p>\n\n\n\n<ul><li>Votre nom\na-t-il une signification particuli\u00e8re&nbsp;?<\/li><\/ul>\n\n\n\n<p>Mon nom, <em>Morgan of\nGlencoe<\/em> ? Ce n\u2019est pas un pseudo, ni un \u00ab&nbsp;nom bardique&nbsp;\u00bb ou\nautre, hein. C\u2019est juste, genre, mon nom. <\/p>\n\n\n\n<ul><li>Comment\nexpliquez-vous ce revirement pour la mythologie celte de nos jours (concerts de\nmusiques celtiques, rock\/m\u00e9tal folk, d\u00e9fil\u00e9s, danses, cosplays, s\u00e9ries TV,\nculture \u2026)&nbsp;?<\/li><\/ul>\n\n\n\n<p>Revirement comme regain d\u2019int\u00e9r\u00eat ? Je doute qu\u2019il n\u2019ait\njamais disparu ! Y\u2019a qu\u2019\u00e0 regarder le nombre de r\u00e9\u00e9critures, adaptations et\nautres de la geste arthurienne \u00e0 travers le temps pour s\u2019en rendre compte\u2026\nC\u2019est comme la musique celtique, elle a toujours \u00e9t\u00e9 l\u00e0. Je joue en concert des\nmusiques plus vieilles que les cath\u00e9drales\u2026 Merci M. <em>Stivell <\/em>pour l\u2019avoir remise sur le devant de la sc\u00e8ne, ceci dit.\nSurtout les harpes. <\/p>\n\n\n\n<ul><li>Je d\u00e9bute \u00e0\nla vielle \u00e0 roue et \u00e0 la harpe celtique. Auriez-vous des conseils \u00e0 donner \u00e0 de\njeunes musiciens en herbe&nbsp;?<\/li><\/ul>\n\n\n\n<p>Pour la harpe celtique : monte ton pouce, pose tes\ndoigts, va doucement XD C\u2019est ce que je r\u00e9p\u00e8te \u00e0 mes \u00e9l\u00e8ves \u00e0 longueur de temps\n! (oui j\u2019ai quelques \u00e9l\u00e8ves, m\u00eame si j\u2019enseigne peu. Bisous \u00e0 vous les filles\net le gars !) Pour la vielle \u00e0 roue, je sais pas, mais y\u2019a une r\u00e8gle d\u2019or pour\nn\u2019importe quel instrument : c\u2019est tous les jours. M\u00eame si c\u2019est pas longtemps,\nc\u2019est tous les jours. <\/p>\n\n\n\n<ul><li>Avez-vous\ndes morceaux que vous souhaitez particuli\u00e8rement partager&nbsp;? Qui vous\ntouchent plus que d\u2019autres&nbsp;?<\/li><\/ul>\n\n\n\n<p>\u2026 Wild Mountain Thyme ? S\u00e9rieux il faut \u00e9couter cette\nchanson. Elle est juste parfaite. <\/p>\n\n\n\n<ul><li>Avez-vous\ncommenc\u00e9 la r\u00e9daction de la suite de <strong>L\u2019ombre\nde Paris<\/strong>&nbsp;?<\/li><\/ul>\n\n\n\n<p>Le deuxi\u00e8me chant est m\u00eame fini ! L\u00e0 je suis dans le tome\n3. J\u2019ai d\u00fb en \u00e9crire \u00e0 peu pr\u00e8s 30%. Il y en aura 5,5. <\/p>\n\n\n\n<ul><li>Beaucoup\nd\u2019auteurs expliquent qu\u2019une fois plong\u00e9s dans leur roman, ils n\u2019ont plus\nl\u2019occasion de lire. Avez-vous le temps de lire&nbsp;pour le plaisir&nbsp;?\nPensez-vous qu\u2019il est important, pour un \u00e9crivain, de lire et d\u2019\u00eatre au courant\ndes derni\u00e8res histoires&nbsp;publi\u00e9es sur le march\u00e9 ?<\/li><\/ul>\n\n\n\n<p>Arr\u00eater de lire ? Jamais XD J\u2019aime beaucoup trop \u00e7a !\nMais c\u2019est vrai qu\u2019il y a des p\u00e9riodes \u00ab&nbsp;plus \u00e9criture&nbsp;\u00bb o\u00f9 je vais\ntra\u00eener un bouquin en lecture pendant une bonne quinzaine au moins, et des\np\u00e9riodes \u00ab&nbsp;plus lecture&nbsp;\u00bb o\u00f9 je vais moins \u00e9crire (enfin, pas moins\nde 500 mots par jour, mais bon) mais d\u00e9vorer un livre tous les deux jours.\nVoire plus, \u00e7a d\u00e9pend de la taille du livre. <\/p>\n\n\n\n<ul><li>Les genres\nSFFF (science-fiction, fantaisie, fantastique) sont quelque peu d\u00e9nigr\u00e9s par\ncertains grands groupes d\u2019\u00e9dition. Comment expliquez-vous cela&nbsp;?<\/li><\/ul>\n\n\n\n<p>Parce que c\u2019est subversif ? Et que c\u2019est d\u00e9sormais le\nrefuge de l\u2019exp\u00e9rience de pens\u00e9e et de la contestation sociale ? Parce qu\u2019on\nrisquerait d\u2019y trouver des solutions intelligentes \u00e0 des probl\u00e8mes r\u00e9els ?\nParce que m\u00e9priser ce qu\u2019on ne comprend\/conna\u00eet pas c\u2019est plus facile que\nd\u2019exp\u00e9rimenter de nouvelles choses et sortir de sa zone de confort ? <\/p>\n\n\n\n<ul><li>Pourquoi ces\ngenres restent encore qualifi\u00e9s, aujourd\u2019hui, de sous-genres de la litt\u00e9rature\nfran\u00e7aise, alors qu\u2019ils ont tout ce qu\u2019il faut pour \u00e9galer tous les\nautres&nbsp;?<\/li><\/ul>\n\n\n\n<p>Probablement par paresse intellectuelle de la part de\ngens qui se prennent pour une \u00e9lite. Et parlent de ce qu\u2019ils ne connaissent\npas. <\/p>\n\n\n\n<ul><li>Travaillez-vous\nsur d\u2019autres ouvrages&nbsp;? Quels sont vos prochains projets&nbsp;?<\/li><\/ul>\n\n\n\n<p>Actuellement je travaille mon prochain spectacle concert,\n\u00ab&nbsp;The Harpdancer&nbsp;\u00bb, qui est donc de la harpe celtique dans\u00e9e, et mon\nprochain album qui s\u2019intitulera \u00ab&nbsp;les Fleurs du Porho\u00ebt&nbsp;\u00bb, pour la\nmusique. <\/p>\n\n\n\n<p>Pour la litt\u00e9rature, j\u2019ai plusieurs synopsis pour de\nprochains romans, mais c\u2019est surtout la Derni\u00e8re Geste qui occupe mon temps,\navec quelques \u00e9carts pour ma mini-saga gallo-bretonne de tranche de vie tout \u00e0\nfait r\u00e9aliste que vous pouvez trouver ici, entre autres : <a href=\"https:\/\/www.amazon.com\/%C3%A9toiles-dans-peau-French\/dp\/2955815829\" target=\"_blank\" rel=\"noreferrer noopener\">https:\/\/www.amazon.com\/\u00e9toiles-dans-peau-French\/dp\/2955815829<\/a>.<\/p>\n\n\n\n<p>Sinon, je bosse aussi sur des sc\u00e9narii de courts et\nmoyens m\u00e9trages, mais on verra bien ce que \u00e7a donne\u2026<\/p>\n\n\n\n<p>Je vous remercie d\u2019avoir pris du temps pour r\u00e9pondre \u00e0 toutes mes questions. J\u2019esp\u00e8re que le second chant sortira bient\u00f4t, que l\u2019on puisse tous se replonger dans cet univers magique enivrant, transport\u00e9s par de douces m\u00e9lodies, et entour\u00e9s d\u2019auras chaleureuses.<\/p>\n\n\n\n<p class=\"has-text-align-right\">Propos Recueillis par <strong>Lildrille<\/strong><\/p>\n","protected":false},"excerpt":{"rendered":"<p>Bonjour \u00e0 vous&nbsp;! Je tiens, tout d\u2019abord, \u00e0 vous remercier pour le temps accord\u00e9 \u00e0 cette interview. J\u2019ai d\u00e9couvert r\u00e9cemment votre roman L\u2019ombre de Paris, &hellip; <\/p>\n","protected":false},"author":2,"featured_media":0,"comment_status":"open","ping_status":"open","sticky":false,"template":"","format":"standard","meta":[],"categories":[11],"tags":[],"yoast_head":"<!-- This site is optimized with the Yoast SEO plugin v19.6.1 - https:\/\/yoast.com\/wordpress\/plugins\/seo\/ -->\n<title>Interview Morgan of Glencoe - Lavisqteam.fr<\/title>\n<meta name=\"robots\" content=\"index, follow, max-snippet:-1, max-image-preview:large, max-video-preview:-1\" \/>\n<link rel=\"canonical\" href=\"https:\/\/www.lavisqteam.fr\/?p=44832\" \/>\n<meta property=\"og:locale\" content=\"fr_FR\" \/>\n<meta property=\"og:type\" content=\"article\" \/>\n<meta property=\"og:title\" content=\"Interview Morgan of Glencoe - Lavisqteam.fr\" \/>\n<meta property=\"og:description\" content=\"Bonjour \u00e0 vous&nbsp;! Je tiens, tout d\u2019abord, \u00e0 vous remercier pour le temps accord\u00e9 \u00e0 cette interview. J\u2019ai d\u00e9couvert r\u00e9cemment votre roman L\u2019ombre de Paris, &hellip;\" \/>\n<meta property=\"og:url\" content=\"https:\/\/www.lavisqteam.fr\/?p=44832\" \/>\n<meta property=\"og:site_name\" content=\"Lavisqteam.fr\" \/>\n<meta property=\"article:author\" content=\"https:\/\/www.facebook.com\/chloe.garcia.351\" \/>\n<meta property=\"article:published_time\" content=\"2019-11-02T19:18:10+00:00\" \/>\n<meta property=\"article:modified_time\" content=\"2021-05-01T09:56:39+00:00\" \/>\n<meta property=\"og:image\" content=\"http:\/\/www.lavisqteam.fr\/wp-content\/uploads\/2019\/11\/73102532_422782151771816_8257109192456798208_n.jpg\" \/>\n<meta name=\"author\" content=\"Lildrille\" \/>\n<meta name=\"twitter:card\" content=\"summary_large_image\" \/>\n<meta name=\"twitter:label1\" content=\"\u00c9crit par\" \/>\n\t<meta name=\"twitter:data1\" content=\"Lildrille\" \/>\n\t<meta name=\"twitter:label2\" content=\"Dur\u00e9e de lecture estim\u00e9e\" \/>\n\t<meta name=\"twitter:data2\" content=\"16 minutes\" \/>\n<script type=\"application\/ld+json\" class=\"yoast-schema-graph\">{\"@context\":\"https:\/\/schema.org\",\"@graph\":[{\"@type\":\"Article\",\"@id\":\"https:\/\/www.lavisqteam.fr\/?p=44832#article\",\"isPartOf\":{\"@id\":\"https:\/\/www.lavisqteam.fr\/?p=44832\"},\"author\":{\"name\":\"Lildrille\",\"@id\":\"https:\/\/www.lavisqteam.fr\/#\/schema\/person\/e2e3eb3cb179a4f0299403b29e235d24\"},\"headline\":\"Interview Morgan of Glencoe\",\"datePublished\":\"2019-11-02T19:18:10+00:00\",\"dateModified\":\"2021-05-01T09:56:39+00:00\",\"mainEntityOfPage\":{\"@id\":\"https:\/\/www.lavisqteam.fr\/?p=44832\"},\"wordCount\":4036,\"commentCount\":0,\"publisher\":{\"@id\":\"https:\/\/www.lavisqteam.fr\/#organization\"},\"articleSection\":[\"Interviews\"],\"inLanguage\":\"fr-FR\",\"potentialAction\":[{\"@type\":\"CommentAction\",\"name\":\"Comment\",\"target\":[\"https:\/\/www.lavisqteam.fr\/?p=44832#respond\"]}]},{\"@type\":\"WebPage\",\"@id\":\"https:\/\/www.lavisqteam.fr\/?p=44832\",\"url\":\"https:\/\/www.lavisqteam.fr\/?p=44832\",\"name\":\"Interview Morgan of Glencoe - Lavisqteam.fr\",\"isPartOf\":{\"@id\":\"https:\/\/www.lavisqteam.fr\/#website\"},\"datePublished\":\"2019-11-02T19:18:10+00:00\",\"dateModified\":\"2021-05-01T09:56:39+00:00\",\"breadcrumb\":{\"@id\":\"https:\/\/www.lavisqteam.fr\/?p=44832#breadcrumb\"},\"inLanguage\":\"fr-FR\",\"potentialAction\":[{\"@type\":\"ReadAction\",\"target\":[\"https:\/\/www.lavisqteam.fr\/?p=44832\"]}]},{\"@type\":\"BreadcrumbList\",\"@id\":\"https:\/\/www.lavisqteam.fr\/?p=44832#breadcrumb\",\"itemListElement\":[{\"@type\":\"ListItem\",\"position\":1,\"name\":\"Accueil\",\"item\":\"https:\/\/www.lavisqteam.fr\/\"},{\"@type\":\"ListItem\",\"position\":2,\"name\":\"Interview Morgan of Glencoe\"}]},{\"@type\":\"WebSite\",\"@id\":\"https:\/\/www.lavisqteam.fr\/#website\",\"url\":\"https:\/\/www.lavisqteam.fr\/\",\"name\":\"Lavisqteam.fr\",\"description\":\"\",\"publisher\":{\"@id\":\"https:\/\/www.lavisqteam.fr\/#organization\"},\"potentialAction\":[{\"@type\":\"SearchAction\",\"target\":{\"@type\":\"EntryPoint\",\"urlTemplate\":\"https:\/\/www.lavisqteam.fr\/?s={search_term_string}\"},\"query-input\":\"required name=search_term_string\"}],\"inLanguage\":\"fr-FR\"},{\"@type\":\"Organization\",\"@id\":\"https:\/\/www.lavisqteam.fr\/#organization\",\"name\":\"Lavisqteam.fr\",\"url\":\"https:\/\/www.lavisqteam.fr\/\",\"sameAs\":[],\"logo\":{\"@type\":\"ImageObject\",\"inLanguage\":\"fr-FR\",\"@id\":\"https:\/\/www.lavisqteam.fr\/#\/schema\/logo\/image\/\",\"url\":\"https:\/\/www.lavisqteam.fr\/wp-content\/uploads\/2020\/08\/cropped-80879545_3479261675449035_4078032831501041664_o-4.jpg\",\"contentUrl\":\"https:\/\/www.lavisqteam.fr\/wp-content\/uploads\/2020\/08\/cropped-80879545_3479261675449035_4078032831501041664_o-4.jpg\",\"width\":1674,\"height\":536,\"caption\":\"Lavisqteam.fr\"},\"image\":{\"@id\":\"https:\/\/www.lavisqteam.fr\/#\/schema\/logo\/image\/\"}},{\"@type\":\"Person\",\"@id\":\"https:\/\/www.lavisqteam.fr\/#\/schema\/person\/e2e3eb3cb179a4f0299403b29e235d24\",\"name\":\"Lildrille\",\"image\":{\"@type\":\"ImageObject\",\"inLanguage\":\"fr-FR\",\"@id\":\"https:\/\/www.lavisqteam.fr\/#\/schema\/person\/image\/\",\"url\":\"https:\/\/secure.gravatar.com\/avatar\/1fbe78d5f27ffb4f9c29619bd30c90db?s=96&d=mm&r=g\",\"contentUrl\":\"https:\/\/secure.gravatar.com\/avatar\/1fbe78d5f27ffb4f9c29619bd30c90db?s=96&d=mm&r=g\",\"caption\":\"Lildrille\"},\"description\":\"Passionn\u00e9e d\u2019imaginaire et d\u2019\u00e9vasion depuis longtemps, \u00e9crire et lire sont mes activit\u00e9s favorites. Dans un monde souvent sombre, m'\u00e9vader et fournir du r\u00eave sont mes objectifs. Suivez-moi en tant qu'auteure ici : https:\/\/www.2passions1dream.com\/. Et en tant que chroniqueuse aussi l\u00e0 : https:\/\/simplement.pro\/u\/Lildrille.\",\"sameAs\":[\"http:\/\/Lavisqteam.fr\",\"https:\/\/www.facebook.com\/chloe.garcia.351\",\"https:\/\/www.instagram.com\/chloe.garcia.artiste\/\",\"https:\/\/www.linkedin.com\/in\/garcia-chloe\/\"],\"url\":\"https:\/\/www.lavisqteam.fr\/?author=2\"}]}<\/script>\n<!-- \/ Yoast SEO plugin. -->","yoast_head_json":{"title":"Interview Morgan of Glencoe - Lavisqteam.fr","robots":{"index":"index","follow":"follow","max-snippet":"max-snippet:-1","max-image-preview":"max-image-preview:large","max-video-preview":"max-video-preview:-1"},"canonical":"https:\/\/www.lavisqteam.fr\/?p=44832","og_locale":"fr_FR","og_type":"article","og_title":"Interview Morgan of Glencoe - Lavisqteam.fr","og_description":"Bonjour \u00e0 vous&nbsp;! Je tiens, tout d\u2019abord, \u00e0 vous remercier pour le temps accord\u00e9 \u00e0 cette interview. J\u2019ai d\u00e9couvert r\u00e9cemment votre roman L\u2019ombre de Paris, &hellip;","og_url":"https:\/\/www.lavisqteam.fr\/?p=44832","og_site_name":"Lavisqteam.fr","article_author":"https:\/\/www.facebook.com\/chloe.garcia.351","article_published_time":"2019-11-02T19:18:10+00:00","article_modified_time":"2021-05-01T09:56:39+00:00","og_image":[{"url":"http:\/\/www.lavisqteam.fr\/wp-content\/uploads\/2019\/11\/73102532_422782151771816_8257109192456798208_n.jpg"}],"author":"Lildrille","twitter_card":"summary_large_image","twitter_misc":{"\u00c9crit par":"Lildrille","Dur\u00e9e de lecture estim\u00e9e":"16 minutes"},"schema":{"@context":"https:\/\/schema.org","@graph":[{"@type":"Article","@id":"https:\/\/www.lavisqteam.fr\/?p=44832#article","isPartOf":{"@id":"https:\/\/www.lavisqteam.fr\/?p=44832"},"author":{"name":"Lildrille","@id":"https:\/\/www.lavisqteam.fr\/#\/schema\/person\/e2e3eb3cb179a4f0299403b29e235d24"},"headline":"Interview Morgan of Glencoe","datePublished":"2019-11-02T19:18:10+00:00","dateModified":"2021-05-01T09:56:39+00:00","mainEntityOfPage":{"@id":"https:\/\/www.lavisqteam.fr\/?p=44832"},"wordCount":4036,"commentCount":0,"publisher":{"@id":"https:\/\/www.lavisqteam.fr\/#organization"},"articleSection":["Interviews"],"inLanguage":"fr-FR","potentialAction":[{"@type":"CommentAction","name":"Comment","target":["https:\/\/www.lavisqteam.fr\/?p=44832#respond"]}]},{"@type":"WebPage","@id":"https:\/\/www.lavisqteam.fr\/?p=44832","url":"https:\/\/www.lavisqteam.fr\/?p=44832","name":"Interview Morgan of Glencoe - Lavisqteam.fr","isPartOf":{"@id":"https:\/\/www.lavisqteam.fr\/#website"},"datePublished":"2019-11-02T19:18:10+00:00","dateModified":"2021-05-01T09:56:39+00:00","breadcrumb":{"@id":"https:\/\/www.lavisqteam.fr\/?p=44832#breadcrumb"},"inLanguage":"fr-FR","potentialAction":[{"@type":"ReadAction","target":["https:\/\/www.lavisqteam.fr\/?p=44832"]}]},{"@type":"BreadcrumbList","@id":"https:\/\/www.lavisqteam.fr\/?p=44832#breadcrumb","itemListElement":[{"@type":"ListItem","position":1,"name":"Accueil","item":"https:\/\/www.lavisqteam.fr\/"},{"@type":"ListItem","position":2,"name":"Interview Morgan of Glencoe"}]},{"@type":"WebSite","@id":"https:\/\/www.lavisqteam.fr\/#website","url":"https:\/\/www.lavisqteam.fr\/","name":"Lavisqteam.fr","description":"","publisher":{"@id":"https:\/\/www.lavisqteam.fr\/#organization"},"potentialAction":[{"@type":"SearchAction","target":{"@type":"EntryPoint","urlTemplate":"https:\/\/www.lavisqteam.fr\/?s={search_term_string}"},"query-input":"required name=search_term_string"}],"inLanguage":"fr-FR"},{"@type":"Organization","@id":"https:\/\/www.lavisqteam.fr\/#organization","name":"Lavisqteam.fr","url":"https:\/\/www.lavisqteam.fr\/","sameAs":[],"logo":{"@type":"ImageObject","inLanguage":"fr-FR","@id":"https:\/\/www.lavisqteam.fr\/#\/schema\/logo\/image\/","url":"https:\/\/www.lavisqteam.fr\/wp-content\/uploads\/2020\/08\/cropped-80879545_3479261675449035_4078032831501041664_o-4.jpg","contentUrl":"https:\/\/www.lavisqteam.fr\/wp-content\/uploads\/2020\/08\/cropped-80879545_3479261675449035_4078032831501041664_o-4.jpg","width":1674,"height":536,"caption":"Lavisqteam.fr"},"image":{"@id":"https:\/\/www.lavisqteam.fr\/#\/schema\/logo\/image\/"}},{"@type":"Person","@id":"https:\/\/www.lavisqteam.fr\/#\/schema\/person\/e2e3eb3cb179a4f0299403b29e235d24","name":"Lildrille","image":{"@type":"ImageObject","inLanguage":"fr-FR","@id":"https:\/\/www.lavisqteam.fr\/#\/schema\/person\/image\/","url":"https:\/\/secure.gravatar.com\/avatar\/1fbe78d5f27ffb4f9c29619bd30c90db?s=96&d=mm&r=g","contentUrl":"https:\/\/secure.gravatar.com\/avatar\/1fbe78d5f27ffb4f9c29619bd30c90db?s=96&d=mm&r=g","caption":"Lildrille"},"description":"Passionn\u00e9e d\u2019imaginaire et d\u2019\u00e9vasion depuis longtemps, \u00e9crire et lire sont mes activit\u00e9s favorites. Dans un monde souvent sombre, m'\u00e9vader et fournir du r\u00eave sont mes objectifs. Suivez-moi en tant qu'auteure ici : https:\/\/www.2passions1dream.com\/. Et en tant que chroniqueuse aussi l\u00e0 : https:\/\/simplement.pro\/u\/Lildrille.","sameAs":["http:\/\/Lavisqteam.fr","https:\/\/www.facebook.com\/chloe.garcia.351","https:\/\/www.instagram.com\/chloe.garcia.artiste\/","https:\/\/www.linkedin.com\/in\/garcia-chloe\/"],"url":"https:\/\/www.lavisqteam.fr\/?author=2"}]}},"jetpack_featured_media_url":"","_links":{"self":[{"href":"https:\/\/www.lavisqteam.fr\/index.php?rest_route=\/wp\/v2\/posts\/44832"}],"collection":[{"href":"https:\/\/www.lavisqteam.fr\/index.php?rest_route=\/wp\/v2\/posts"}],"about":[{"href":"https:\/\/www.lavisqteam.fr\/index.php?rest_route=\/wp\/v2\/types\/post"}],"author":[{"embeddable":true,"href":"https:\/\/www.lavisqteam.fr\/index.php?rest_route=\/wp\/v2\/users\/2"}],"replies":[{"embeddable":true,"href":"https:\/\/www.lavisqteam.fr\/index.php?rest_route=%2Fwp%2Fv2%2Fcomments&post=44832"}],"version-history":[{"count":3,"href":"https:\/\/www.lavisqteam.fr\/index.php?rest_route=\/wp\/v2\/posts\/44832\/revisions"}],"predecessor-version":[{"id":55888,"href":"https:\/\/www.lavisqteam.fr\/index.php?rest_route=\/wp\/v2\/posts\/44832\/revisions\/55888"}],"wp:attachment":[{"href":"https:\/\/www.lavisqteam.fr\/index.php?rest_route=%2Fwp%2Fv2%2Fmedia&parent=44832"}],"wp:term":[{"taxonomy":"category","embeddable":true,"href":"https:\/\/www.lavisqteam.fr\/index.php?rest_route=%2Fwp%2Fv2%2Fcategories&post=44832"},{"taxonomy":"post_tag","embeddable":true,"href":"https:\/\/www.lavisqteam.fr\/index.php?rest_route=%2Fwp%2Fv2%2Ftags&post=44832"}],"curies":[{"name":"wp","href":"https:\/\/api.w.org\/{rel}","templated":true}]}}