{"id":44123,"date":"2019-09-26T14:58:29","date_gmt":"2019-09-26T14:58:29","guid":{"rendered":"http:\/\/www.lavisqteam.fr\/?p=44123"},"modified":"2019-09-26T14:58:37","modified_gmt":"2019-09-26T14:58:37","slug":"la-casa-de-papel-saison-2","status":"publish","type":"post","link":"https:\/\/www.lavisqteam.fr\/?p=44123","title":{"rendered":"La Casa de Papel Saison 2"},"content":{"rendered":"\n<div class=\"wp-block-image\"><figure class=\"aligncenter\"><img loading=\"lazy\" width=\"540\" height=\"720\" src=\"https:\/\/www.lavisqteam.fr\/wp-content\/uploads\/2019\/09\/5395810.jpg-r_1280_720-f_jpg-q_x-xxyxx.jpg\" alt=\"\" class=\"wp-image-44124\" srcset=\"https:\/\/www.lavisqteam.fr\/wp-content\/uploads\/2019\/09\/5395810.jpg-r_1280_720-f_jpg-q_x-xxyxx.jpg 540w, https:\/\/www.lavisqteam.fr\/wp-content\/uploads\/2019\/09\/5395810.jpg-r_1280_720-f_jpg-q_x-xxyxx-225x300.jpg 225w\" sizes=\"(max-width: 540px) 100vw, 540px\" \/><\/figure><\/div>\n\n\n\n<p><strong>D\u2019Apr\u00e8s une Id\u00e9e de&nbsp;: <\/strong>Alex Pina<\/p>\n\n\n\n<p><strong>Avec <\/strong>Alvaro Morte, Ursula Corbero, Itziar\nItuno, Pedro Alonso<\/p>\n\n\n\n<p><strong>Pays&nbsp;: <\/strong>Espagne<\/p>\n\n\n\n<p><strong>Nombre d\u2019Episodes&nbsp;: <\/strong>9<\/p>\n\n\n\n<p><strong>Genre&nbsp;: <\/strong>Thriller<\/p>\n\n\n\n<p><strong>R\u00e9sum\u00e9&nbsp;:<\/strong><\/p>\n\n\n\n<p>Le plus\ngrand braquage de l\u2019Histoire est menac\u00e9. Les plans du Professeur sont mis \u00e0\nrude \u00e9preuve lorsque la police d\u00e9couvre la planque o\u00f9 il a orchestr\u00e9 le casse\ndu si\u00e8cle avec son \u00e9quipe. Pendant ce temps, rien ne va plus entre Berlin,\nTokyo, Denver et le reste du groupe, o\u00f9 des querelles internes menacent de les\ns\u00e9parer. Fatigu\u00e9s et \u00e0 bout de nerfs, la situation se complique au sein de la\nFabrique Nationale de la Monnaie et du Timbre alors que Berlin reprend le\ncontr\u00f4le de l\u2019op\u00e9ration. De son c\u00f4t\u00e9, Raquel continue son enqu\u00eate, resserrant\nl\u2019\u00e9tau autour de la v\u00e9ritable identit\u00e9 du cerveau de l\u2019op\u00e9ration. Le Professeur\net son \u00e9quipe parviendront-ils \u00e0 mener \u00e0 bien leur op\u00e9ration&nbsp;?<\/p>\n\n\n\n<p><strong>Avis&nbsp;:<\/strong><\/p>\n\n\n\n<p>Quand on est\npr\u00e9c\u00e9d\u00e9 d\u2019un \u00e9norme buzz et d\u2019une couverture m\u00e9diatique de plus en plus\nimportante, il faut savoir tenir la distance et ne pas sombrer dans le too much\net le ridicule. <strong>La Casa de Papel<\/strong>\nfaisait partie de ces s\u00e9ries qui ont eu le vent en poupe tr\u00e8s rapidement gr\u00e2ce\n\u00e0 un excellent bouche \u00e0 oreille et surtout, ne nous mentons pas, \u00e0 ses origines\nhispaniques, pays qui ne nous pas habitu\u00e9 \u00e0 ce genre de show. Oui, nous \u00e9tions\nplut\u00f4t rest\u00e9s sur <strong>Un, Dos, Tres<\/strong> et\nses danseurs en carton. Bien produit, r\u00e9alis\u00e9 avec soin et portant des acteurs\nplut\u00f4t convaincant, <strong>La Casa de Papel<\/strong>\navait tout pour s\u00e9duire. Si ce n\u2019est un sc\u00e9nario tir\u00e9 par les cheveux et des\nretournements de situation ubuesques qui pointaient du doigt un heureux hasard\npour le Professeur, celui qui a eu l\u2019id\u00e9e de ce braquage spectaculaire. Avec\ncette deuxi\u00e8me saison, ou plut\u00f4t deuxi\u00e8me partie, on va assister \u00e0 la fin de la\npartie et \u00e9trangement, cela s\u2019av\u00e8re plus efficace que la premi\u00e8re saison.\nPourquoi&nbsp;?<\/p>\n\n\n\n<div class=\"wp-block-image\"><figure class=\"aligncenter\"><img loading=\"lazy\" width=\"600\" height=\"400\" src=\"https:\/\/www.lavisqteam.fr\/wp-content\/uploads\/2019\/09\/La-Casa-De-Papel-Saison-2.jpg\" alt=\"\" class=\"wp-image-44126\" srcset=\"https:\/\/www.lavisqteam.fr\/wp-content\/uploads\/2019\/09\/La-Casa-De-Papel-Saison-2.jpg 600w, https:\/\/www.lavisqteam.fr\/wp-content\/uploads\/2019\/09\/La-Casa-De-Papel-Saison-2-300x200.jpg 300w\" sizes=\"(max-width: 600px) 100vw, 600px\" \/><\/figure><\/div>\n\n\n\n<p>Les\nmauvaises langues diront que c\u2019est certainement d\u00fb au fait que cette partie\nposs\u00e8de quatre \u00e9pisodes en moins. Effectivement, on passe de 13 \u00e0 9 \u00e9pisodes,\nce qui n\u2019est pas plus mal, permettant d\u2019aller plus vite dans le vif du sujet et\nde ne plus s\u2019emb\u00eater avec des flashbacks tentant vainement d\u2019approfondir des\npersonnages aussi creux que le cerveau de Cyril Hanouna. La s\u00e9rie gagne en\nefficacit\u00e9, va plus vite, fait augmenter la tension de mani\u00e8re ostentatoire et,\non l\u2019esp\u00e8re va se terminer en apoth\u00e9ose, avec ce qu\u2019il faut de climax et de\nr\u00e9v\u00e9lations. C\u2019est en un sens ce qui arrive, et les coups de chance du\nProfesseur diminuent grandement, malgr\u00e9 des moments compl\u00e8tement abus\u00e9s et des\nphases vraiment ridicules. Mais restons pour l\u2019instant sur les points positifs\net cette \u00e9nergie retrouv\u00e9e, ainsi que des relations qui commencent \u00e0 faire leur\npetit effet. A titre d\u2019exemple, le lien affectif entre Denver et son p\u00e8re\nMoscou va devenir de plus en plus rude, mais pour finalement en faire que\nrenforcer cet amour paternel. On sent que l\u2019empathie se fait sentir pour\ncertains personnages, les plus simples, ceux qui ont une vraie raison de faire\nce braquage.<\/p>\n\n\n\n<p>Le probl\u00e8me,\nc\u2019est que malgr\u00e9 tous ces bons points, auxquels on peut rajouter une\nr\u00e9alisation toujours aussi s\u00e9duisante et une grosse production qui met les\nmoyens, il y a encore et toujours de grosses faiblesses d\u2019\u00e9criture. Et que ce\nsoit concernant l\u2019histoire en elle-m\u00eame ou encore les comportements de ces\nbraqueurs suppos\u00e9s professionnels. La premi\u00e8re chose qui frappe, c\u2019est la\nvoix-off de Tokyo qui d\u00e9crit certaines sc\u00e8nes ou certaines situations. Cela n\u2019a\naucun sens quand elle n\u2019est pas pr\u00e9sente et raconte les faits concernant le\nProfesseur ou d\u2019autres camarades. On pensait avoir un \u00e9l\u00e9ment de r\u00e9ponse sur\ncette voix qui raconte, mais c\u2019est juste un effet de style pour rajouter un peu\nde charisme \u00e0 un personnage qui en manque cruellement. Car l\u00e0 aussi, Tokyo\nreste le personnage le plus embl\u00e9matique de la s\u00e9rie, mais surtout gr\u00e2ce \u00e0 son\npost\u00e9rieur. <em>Ursula Corbero<\/em> poss\u00e8de un\ncorps de dingue, mais joue comme une patate un personnage insupportable qui\nsera la cause de toutes les discordes au sein du groupe. Ego\u00efste, instable,\nviolente, elle poss\u00e8de tous les vices et cela co\u00fbtera la vie \u00e0 certains\nbraqueurs. Si le Professeur avait \u00e9t\u00e9 si intelligent, il ne l\u2019aurait pas\nrecrut\u00e9e. On notera aussi l\u2019imb\u00e9cilit\u00e9 de Berlin pour lequel on ne ressentira\naucune empathie malgr\u00e9 la r\u00e9v\u00e9lation finale, ou encore l\u2019inutilit\u00e9 crasse de Rio,\nen amour \u00e9perdu qui branche trois c\u00e2bles. <\/p>\n\n\n\n<p>Au-del\u00e0 des\nd\u00e9fauts de certains personnages et d\u2019une narration qui ne fait que du tape \u00e0\nl\u2019\u0153il, cette saison marque aussi le d\u00e9but des relations tendues et compl\u00e8tement\ninsupportables. C\u2019est bien simple, pour cr\u00e9er de la tension et un peu de\ndifficult\u00e9 dans le braquage, les sc\u00e9naristes ont cru bon d\u2019introduire des\ncol\u00e8res entre les personnages et de les faire se confronter \u00e0 coup de grands\nd\u00e9bats id\u00e9ologiques. Le probl\u00e8me, c\u2019est que cela manque de naturel et toutes\nles phrases qui sortent de la bouche des protagonistes semblent r\u00e9cit\u00e9es avec\nune certaine conviction, mais personne, dans la vraie vie, ne parlerait comme\ncela. C\u2019est trop th\u00e9\u00e2tral. Et puis il y a les changements d\u2019avis soudains.\nC\u2019est-\u00e0-dire que parfois, il y a une grosse col\u00e8re qui peut d\u00e9boucher sur un\naffrontement dangereux, comme une possible mise \u00e0 mort, et l\u2019espace de quelques\nminutes, tout cela est oubli\u00e9 et les protagonistes redeviennent copains comme\ncochon. La cr\u00e9dibilit\u00e9 fr\u00f4le le z\u00e9ro, tout comme les diff\u00e9rents coups d\u2019amour\nque l\u2019on voit dans le m\u00e9trage et l\u2019improbable changement de direction de\nl\u2019inspectrice sur la fin de saison.<\/p>\n\n\n\n<div class=\"wp-block-image\"><figure class=\"aligncenter\"><img loading=\"lazy\" width=\"600\" height=\"315\" src=\"https:\/\/www.lavisqteam.fr\/wp-content\/uploads\/2019\/09\/T\u00e9l\u00e9charger-Casa-de-Papel.jpg\" alt=\"\" class=\"wp-image-44125\" srcset=\"https:\/\/www.lavisqteam.fr\/wp-content\/uploads\/2019\/09\/T\u00e9l\u00e9charger-Casa-de-Papel.jpg 600w, https:\/\/www.lavisqteam.fr\/wp-content\/uploads\/2019\/09\/T\u00e9l\u00e9charger-Casa-de-Papel-300x158.jpg 300w, https:\/\/www.lavisqteam.fr\/wp-content\/uploads\/2019\/09\/T\u00e9l\u00e9charger-Casa-de-Papel-250x130.jpg 250w\" sizes=\"(max-width: 600px) 100vw, 600px\" \/><\/figure><\/div>\n\n\n\n<p>Au final,\ncette deuxi\u00e8me saison (ou deuxi\u00e8me partie) de <strong>La Casa de Papel<\/strong> manque encore et toujours de vraisemblance pour\npleinement convaincre. On a vraiment la sensation que tout est surjou\u00e9, que\ntout est pr\u00e9\u00e9crit, pr\u00e9m\u00e2ch\u00e9, pour faire du tape \u00e0 l\u2019\u0153il et du clinquant avec\nune belle mise en sc\u00e8ne et une production qui suit derri\u00e8re. Malheureusement,\non voit vraiment que la s\u00e9rie fait du forcing et oublie totalement la n\u00e9cessit\u00e9\nde vraisemblance dans son r\u00e9cit ou encore l\u2019empathie que l\u2019on doit ressentir\npour certains personnages. Plus dynamique que la premi\u00e8re saison, cette suite\net fin du braquage se r\u00e9v\u00e8le assez divertissant \u00e0 suivre si l\u2019on excepte tous\nles d\u00e9fauts bling-bling d\u2019un tel concept. En fait, il vaut mieux revoir <strong>Inside Man<\/strong> de <em>Spike Lee<\/em>.<\/p>\n\n\n\n<p><strong>Note\u00a0: 14\/20<\/strong><\/p>\n\n\n\n<figure class=\"wp-block-embed-youtube wp-block-embed is-type-video is-provider-youtube wp-embed-aspect-16-9 wp-has-aspect-ratio\"><div class=\"wp-block-embed__wrapper\">\n<iframe loading=\"lazy\" title=\"LA CASA DE PAPEL Saison 2 Bande Annonce VF (2018)\" width=\"1200\" height=\"675\" src=\"https:\/\/www.youtube.com\/embed\/GySGCL0zLC0?feature=oembed\" frameborder=\"0\" allow=\"accelerometer; autoplay; encrypted-media; gyroscope; picture-in-picture\" allowfullscreen><\/iframe>\n<\/div><\/figure>\n\n\n\n<p style=\"text-align:right\">Par <strong>AqME<\/strong><\/p>\n","protected":false},"excerpt":{"rendered":"<p>D\u2019Apr\u00e8s une Id\u00e9e de&nbsp;: Alex Pina Avec Alvaro Morte, Ursula Corbero, Itziar Ituno, Pedro Alonso Pays&nbsp;: Espagne Nombre d\u2019Episodes&nbsp;: 9 Genre&nbsp;: Thriller R\u00e9sum\u00e9&nbsp;: Le plus &hellip; <\/p>\n","protected":false},"author":1,"featured_media":0,"comment_status":"open","ping_status":"open","sticky":false,"template":"","format":"standard","meta":[],"categories":[13],"tags":[],"yoast_head":"<!-- This site is optimized with the Yoast SEO plugin v19.6.1 - https:\/\/yoast.com\/wordpress\/plugins\/seo\/ -->\n<title>La Casa de Papel Saison 2 - Lavisqteam.fr<\/title>\n<meta name=\"robots\" content=\"index, follow, max-snippet:-1, max-image-preview:large, max-video-preview:-1\" \/>\n<link rel=\"canonical\" href=\"https:\/\/www.lavisqteam.fr\/?p=44123\" \/>\n<meta property=\"og:locale\" content=\"fr_FR\" \/>\n<meta property=\"og:type\" content=\"article\" \/>\n<meta property=\"og:title\" content=\"La Casa de Papel Saison 2 - Lavisqteam.fr\" \/>\n<meta property=\"og:description\" content=\"D\u2019Apr\u00e8s une Id\u00e9e de&nbsp;: Alex Pina Avec Alvaro Morte, Ursula Corbero, Itziar Ituno, Pedro Alonso Pays&nbsp;: Espagne Nombre d\u2019Episodes&nbsp;: 9 Genre&nbsp;: Thriller R\u00e9sum\u00e9&nbsp;: Le plus &hellip;\" \/>\n<meta property=\"og:url\" content=\"https:\/\/www.lavisqteam.fr\/?p=44123\" \/>\n<meta property=\"og:site_name\" content=\"Lavisqteam.fr\" \/>\n<meta property=\"article:published_time\" content=\"2019-09-26T14:58:29+00:00\" \/>\n<meta property=\"article:modified_time\" content=\"2019-09-26T14:58:37+00:00\" \/>\n<meta property=\"og:image\" content=\"http:\/\/www.lavisqteam.fr\/wp-content\/uploads\/2019\/09\/5395810.jpg-r_1280_720-f_jpg-q_x-xxyxx.jpg\" \/>\n<meta name=\"author\" content=\"AqME\" \/>\n<meta name=\"twitter:card\" content=\"summary_large_image\" \/>\n<meta name=\"twitter:label1\" content=\"\u00c9crit par\" \/>\n\t<meta name=\"twitter:data1\" content=\"AqME\" \/>\n\t<meta name=\"twitter:label2\" content=\"Dur\u00e9e de lecture estim\u00e9e\" \/>\n\t<meta name=\"twitter:data2\" content=\"6 minutes\" \/>\n<script type=\"application\/ld+json\" class=\"yoast-schema-graph\">{\"@context\":\"https:\/\/schema.org\",\"@graph\":[{\"@type\":\"Article\",\"@id\":\"https:\/\/www.lavisqteam.fr\/?p=44123#article\",\"isPartOf\":{\"@id\":\"https:\/\/www.lavisqteam.fr\/?p=44123\"},\"author\":{\"name\":\"AqME\",\"@id\":\"https:\/\/www.lavisqteam.fr\/#\/schema\/person\/da11d7c30bf135b288b17cc576708c2d\"},\"headline\":\"La Casa de Papel Saison 2\",\"datePublished\":\"2019-09-26T14:58:29+00:00\",\"dateModified\":\"2019-09-26T14:58:37+00:00\",\"mainEntityOfPage\":{\"@id\":\"https:\/\/www.lavisqteam.fr\/?p=44123\"},\"wordCount\":1199,\"commentCount\":0,\"publisher\":{\"@id\":\"https:\/\/www.lavisqteam.fr\/#organization\"},\"articleSection\":[\"S\u00e9rie\"],\"inLanguage\":\"fr-FR\",\"potentialAction\":[{\"@type\":\"CommentAction\",\"name\":\"Comment\",\"target\":[\"https:\/\/www.lavisqteam.fr\/?p=44123#respond\"]}]},{\"@type\":\"WebPage\",\"@id\":\"https:\/\/www.lavisqteam.fr\/?p=44123\",\"url\":\"https:\/\/www.lavisqteam.fr\/?p=44123\",\"name\":\"La Casa de Papel Saison 2 - Lavisqteam.fr\",\"isPartOf\":{\"@id\":\"https:\/\/www.lavisqteam.fr\/#website\"},\"datePublished\":\"2019-09-26T14:58:29+00:00\",\"dateModified\":\"2019-09-26T14:58:37+00:00\",\"breadcrumb\":{\"@id\":\"https:\/\/www.lavisqteam.fr\/?p=44123#breadcrumb\"},\"inLanguage\":\"fr-FR\",\"potentialAction\":[{\"@type\":\"ReadAction\",\"target\":[\"https:\/\/www.lavisqteam.fr\/?p=44123\"]}]},{\"@type\":\"BreadcrumbList\",\"@id\":\"https:\/\/www.lavisqteam.fr\/?p=44123#breadcrumb\",\"itemListElement\":[{\"@type\":\"ListItem\",\"position\":1,\"name\":\"Accueil\",\"item\":\"https:\/\/www.lavisqteam.fr\/\"},{\"@type\":\"ListItem\",\"position\":2,\"name\":\"La Casa de Papel Saison 2\"}]},{\"@type\":\"WebSite\",\"@id\":\"https:\/\/www.lavisqteam.fr\/#website\",\"url\":\"https:\/\/www.lavisqteam.fr\/\",\"name\":\"Lavisqteam.fr\",\"description\":\"\",\"publisher\":{\"@id\":\"https:\/\/www.lavisqteam.fr\/#organization\"},\"potentialAction\":[{\"@type\":\"SearchAction\",\"target\":{\"@type\":\"EntryPoint\",\"urlTemplate\":\"https:\/\/www.lavisqteam.fr\/?s={search_term_string}\"},\"query-input\":\"required name=search_term_string\"}],\"inLanguage\":\"fr-FR\"},{\"@type\":\"Organization\",\"@id\":\"https:\/\/www.lavisqteam.fr\/#organization\",\"name\":\"Lavisqteam.fr\",\"url\":\"https:\/\/www.lavisqteam.fr\/\",\"sameAs\":[],\"logo\":{\"@type\":\"ImageObject\",\"inLanguage\":\"fr-FR\",\"@id\":\"https:\/\/www.lavisqteam.fr\/#\/schema\/logo\/image\/\",\"url\":\"https:\/\/www.lavisqteam.fr\/wp-content\/uploads\/2020\/08\/cropped-80879545_3479261675449035_4078032831501041664_o-4.jpg\",\"contentUrl\":\"https:\/\/www.lavisqteam.fr\/wp-content\/uploads\/2020\/08\/cropped-80879545_3479261675449035_4078032831501041664_o-4.jpg\",\"width\":1674,\"height\":536,\"caption\":\"Lavisqteam.fr\"},\"image\":{\"@id\":\"https:\/\/www.lavisqteam.fr\/#\/schema\/logo\/image\/\"}},{\"@type\":\"Person\",\"@id\":\"https:\/\/www.lavisqteam.fr\/#\/schema\/person\/da11d7c30bf135b288b17cc576708c2d\",\"name\":\"AqME\",\"image\":{\"@type\":\"ImageObject\",\"inLanguage\":\"fr-FR\",\"@id\":\"https:\/\/www.lavisqteam.fr\/#\/schema\/person\/image\/\",\"url\":\"https:\/\/secure.gravatar.com\/avatar\/4a87d013fc854acd0f25858a13573675?s=96&d=mm&r=g\",\"contentUrl\":\"https:\/\/secure.gravatar.com\/avatar\/4a87d013fc854acd0f25858a13573675?s=96&d=mm&r=g\",\"caption\":\"AqME\"},\"description\":\"Amateur d'horreur, M\u00e9talleux dans l'\u00e2me, je succombe facilement \u00e0 des images de chatons.\",\"url\":\"https:\/\/www.lavisqteam.fr\/?author=1\"}]}<\/script>\n<!-- \/ Yoast SEO plugin. -->","yoast_head_json":{"title":"La Casa de Papel Saison 2 - Lavisqteam.fr","robots":{"index":"index","follow":"follow","max-snippet":"max-snippet:-1","max-image-preview":"max-image-preview:large","max-video-preview":"max-video-preview:-1"},"canonical":"https:\/\/www.lavisqteam.fr\/?p=44123","og_locale":"fr_FR","og_type":"article","og_title":"La Casa de Papel Saison 2 - Lavisqteam.fr","og_description":"D\u2019Apr\u00e8s une Id\u00e9e de&nbsp;: Alex Pina Avec Alvaro Morte, Ursula Corbero, Itziar Ituno, Pedro Alonso Pays&nbsp;: Espagne Nombre d\u2019Episodes&nbsp;: 9 Genre&nbsp;: Thriller R\u00e9sum\u00e9&nbsp;: Le plus &hellip;","og_url":"https:\/\/www.lavisqteam.fr\/?p=44123","og_site_name":"Lavisqteam.fr","article_published_time":"2019-09-26T14:58:29+00:00","article_modified_time":"2019-09-26T14:58:37+00:00","og_image":[{"url":"http:\/\/www.lavisqteam.fr\/wp-content\/uploads\/2019\/09\/5395810.jpg-r_1280_720-f_jpg-q_x-xxyxx.jpg"}],"author":"AqME","twitter_card":"summary_large_image","twitter_misc":{"\u00c9crit par":"AqME","Dur\u00e9e de lecture estim\u00e9e":"6 minutes"},"schema":{"@context":"https:\/\/schema.org","@graph":[{"@type":"Article","@id":"https:\/\/www.lavisqteam.fr\/?p=44123#article","isPartOf":{"@id":"https:\/\/www.lavisqteam.fr\/?p=44123"},"author":{"name":"AqME","@id":"https:\/\/www.lavisqteam.fr\/#\/schema\/person\/da11d7c30bf135b288b17cc576708c2d"},"headline":"La Casa de Papel Saison 2","datePublished":"2019-09-26T14:58:29+00:00","dateModified":"2019-09-26T14:58:37+00:00","mainEntityOfPage":{"@id":"https:\/\/www.lavisqteam.fr\/?p=44123"},"wordCount":1199,"commentCount":0,"publisher":{"@id":"https:\/\/www.lavisqteam.fr\/#organization"},"articleSection":["S\u00e9rie"],"inLanguage":"fr-FR","potentialAction":[{"@type":"CommentAction","name":"Comment","target":["https:\/\/www.lavisqteam.fr\/?p=44123#respond"]}]},{"@type":"WebPage","@id":"https:\/\/www.lavisqteam.fr\/?p=44123","url":"https:\/\/www.lavisqteam.fr\/?p=44123","name":"La Casa de Papel Saison 2 - Lavisqteam.fr","isPartOf":{"@id":"https:\/\/www.lavisqteam.fr\/#website"},"datePublished":"2019-09-26T14:58:29+00:00","dateModified":"2019-09-26T14:58:37+00:00","breadcrumb":{"@id":"https:\/\/www.lavisqteam.fr\/?p=44123#breadcrumb"},"inLanguage":"fr-FR","potentialAction":[{"@type":"ReadAction","target":["https:\/\/www.lavisqteam.fr\/?p=44123"]}]},{"@type":"BreadcrumbList","@id":"https:\/\/www.lavisqteam.fr\/?p=44123#breadcrumb","itemListElement":[{"@type":"ListItem","position":1,"name":"Accueil","item":"https:\/\/www.lavisqteam.fr\/"},{"@type":"ListItem","position":2,"name":"La Casa de Papel Saison 2"}]},{"@type":"WebSite","@id":"https:\/\/www.lavisqteam.fr\/#website","url":"https:\/\/www.lavisqteam.fr\/","name":"Lavisqteam.fr","description":"","publisher":{"@id":"https:\/\/www.lavisqteam.fr\/#organization"},"potentialAction":[{"@type":"SearchAction","target":{"@type":"EntryPoint","urlTemplate":"https:\/\/www.lavisqteam.fr\/?s={search_term_string}"},"query-input":"required name=search_term_string"}],"inLanguage":"fr-FR"},{"@type":"Organization","@id":"https:\/\/www.lavisqteam.fr\/#organization","name":"Lavisqteam.fr","url":"https:\/\/www.lavisqteam.fr\/","sameAs":[],"logo":{"@type":"ImageObject","inLanguage":"fr-FR","@id":"https:\/\/www.lavisqteam.fr\/#\/schema\/logo\/image\/","url":"https:\/\/www.lavisqteam.fr\/wp-content\/uploads\/2020\/08\/cropped-80879545_3479261675449035_4078032831501041664_o-4.jpg","contentUrl":"https:\/\/www.lavisqteam.fr\/wp-content\/uploads\/2020\/08\/cropped-80879545_3479261675449035_4078032831501041664_o-4.jpg","width":1674,"height":536,"caption":"Lavisqteam.fr"},"image":{"@id":"https:\/\/www.lavisqteam.fr\/#\/schema\/logo\/image\/"}},{"@type":"Person","@id":"https:\/\/www.lavisqteam.fr\/#\/schema\/person\/da11d7c30bf135b288b17cc576708c2d","name":"AqME","image":{"@type":"ImageObject","inLanguage":"fr-FR","@id":"https:\/\/www.lavisqteam.fr\/#\/schema\/person\/image\/","url":"https:\/\/secure.gravatar.com\/avatar\/4a87d013fc854acd0f25858a13573675?s=96&d=mm&r=g","contentUrl":"https:\/\/secure.gravatar.com\/avatar\/4a87d013fc854acd0f25858a13573675?s=96&d=mm&r=g","caption":"AqME"},"description":"Amateur d'horreur, M\u00e9talleux dans l'\u00e2me, je succombe facilement \u00e0 des images de chatons.","url":"https:\/\/www.lavisqteam.fr\/?author=1"}]}},"jetpack_featured_media_url":"","_links":{"self":[{"href":"https:\/\/www.lavisqteam.fr\/index.php?rest_route=\/wp\/v2\/posts\/44123"}],"collection":[{"href":"https:\/\/www.lavisqteam.fr\/index.php?rest_route=\/wp\/v2\/posts"}],"about":[{"href":"https:\/\/www.lavisqteam.fr\/index.php?rest_route=\/wp\/v2\/types\/post"}],"author":[{"embeddable":true,"href":"https:\/\/www.lavisqteam.fr\/index.php?rest_route=\/wp\/v2\/users\/1"}],"replies":[{"embeddable":true,"href":"https:\/\/www.lavisqteam.fr\/index.php?rest_route=%2Fwp%2Fv2%2Fcomments&post=44123"}],"version-history":[{"count":1,"href":"https:\/\/www.lavisqteam.fr\/index.php?rest_route=\/wp\/v2\/posts\/44123\/revisions"}],"predecessor-version":[{"id":44127,"href":"https:\/\/www.lavisqteam.fr\/index.php?rest_route=\/wp\/v2\/posts\/44123\/revisions\/44127"}],"wp:attachment":[{"href":"https:\/\/www.lavisqteam.fr\/index.php?rest_route=%2Fwp%2Fv2%2Fmedia&parent=44123"}],"wp:term":[{"taxonomy":"category","embeddable":true,"href":"https:\/\/www.lavisqteam.fr\/index.php?rest_route=%2Fwp%2Fv2%2Fcategories&post=44123"},{"taxonomy":"post_tag","embeddable":true,"href":"https:\/\/www.lavisqteam.fr\/index.php?rest_route=%2Fwp%2Fv2%2Ftags&post=44123"}],"curies":[{"name":"wp","href":"https:\/\/api.w.org\/{rel}","templated":true}]}}