{"id":42812,"date":"2019-06-21T16:55:22","date_gmt":"2019-06-21T16:55:22","guid":{"rendered":"http:\/\/www.lavisqteam.fr\/?p=42812"},"modified":"2020-09-09T07:05:23","modified_gmt":"2020-09-09T07:05:23","slug":"le-daim-dujarpieu","status":"publish","type":"post","link":"https:\/\/www.lavisqteam.fr\/?p=42812","title":{"rendered":"Le Daim &#8211; Dujarpieu"},"content":{"rendered":"\n<div class=\"wp-block-image\"><figure class=\"aligncenter is-resized\"><img src=\"https:\/\/www.lavisqteam.fr\/wp-content\/uploads\/2019\/06\/4101591.jpg-r_1920_1080-f_jpg-q_x-xxyxx-759x1024.jpg\" alt=\"\" class=\"wp-image-42813\" width=\"600\" srcset=\"https:\/\/www.lavisqteam.fr\/wp-content\/uploads\/2019\/06\/4101591.jpg-r_1920_1080-f_jpg-q_x-xxyxx-759x1024.jpg 759w, https:\/\/www.lavisqteam.fr\/wp-content\/uploads\/2019\/06\/4101591.jpg-r_1920_1080-f_jpg-q_x-xxyxx-223x300.jpg 223w, https:\/\/www.lavisqteam.fr\/wp-content\/uploads\/2019\/06\/4101591.jpg-r_1920_1080-f_jpg-q_x-xxyxx-768x1036.jpg 768w, https:\/\/www.lavisqteam.fr\/wp-content\/uploads\/2019\/06\/4101591.jpg-r_1920_1080-f_jpg-q_x-xxyxx.jpg 801w\" sizes=\"(max-width: 759px) 100vw, 759px\" \/><\/figure><\/div>\n\n\n\n<p><strong>De&nbsp;: <\/strong>Quentin Dupieux<\/p>\n\n\n\n<p><strong>Avec <\/strong>Jean Dujardin, Ad\u00e8le Haenel, Albert Delpy, Pierre Gomm\u00e9<\/p>\n\n\n\n<p><strong>Ann\u00e9e&nbsp;: <\/strong>2019<\/p>\n\n\n\n<p><strong>Pays&nbsp;: <\/strong>France<\/p>\n\n\n\n<p><strong>Genre&nbsp;: <\/strong>Com\u00e9die<\/p>\n\n\n\n<p><strong>R\u00e9sum\u00e9&nbsp;:<\/strong><\/p>\n\n\n\n<p>Georges, 44 ans, et son blouson,\n100% daim, ont un projet.<\/p>\n\n\n\n<p><strong>Avis&nbsp;:<\/strong><\/p>\n\n\n\n<p><em>Quentin Dupieux<\/em> est de\nretour avec son septi\u00e8me film. Apr\u00e8s <strong>Au\nPoste<\/strong>, le cin\u00e9aste continue de tourner en langue fran\u00e7aise sur son\nterritoire apr\u00e8s avoir fait ses armes aux \u00c9tats-Unis. Pour l&rsquo;occasion, il fait\nappel \u00e0 <em>Jean Dujardin<\/em> pour endosser\nle premier r\u00f4le de son nouvel ovni&nbsp;: <strong>Le\nDaim<\/strong>. Accompagn\u00e9 de <em>Ad\u00e8le Haenel<\/em>,\nle dernier n\u00e9 de l&rsquo;esprit loufoque de Mr Oizo n&rsquo;apporte pas grand-chose de plus\n\u00e0 l&rsquo;univers personnel du cin\u00e9aste mais demeure tr\u00e8s divertissant pour les\namateurs de son cin\u00e9ma. Pr\u00e9sent\u00e9 lors de la derni\u00e8re Quinzaine des R\u00e9alisateurs\nau Festival de Cannes 2019, <strong>Le Daim<\/strong>\nraconte l&rsquo;histoire simple et absurde d&rsquo;un homme seul qui parle \u00e0 son blouson\n100% daim.<\/p>\n\n\n\n<div class=\"wp-block-image\"><figure class=\"aligncenter is-resized\"><img src=\"https:\/\/www.lavisqteam.fr\/wp-content\/uploads\/2019\/06\/2579669.jpg-r_1920_1080-f_jpg-q_x-xxyxx-1024x540.jpg\" alt=\"\" class=\"wp-image-42814\" width=\"600\" srcset=\"https:\/\/www.lavisqteam.fr\/wp-content\/uploads\/2019\/06\/2579669.jpg-r_1920_1080-f_jpg-q_x-xxyxx-1024x540.jpg 1024w, https:\/\/www.lavisqteam.fr\/wp-content\/uploads\/2019\/06\/2579669.jpg-r_1920_1080-f_jpg-q_x-xxyxx-300x158.jpg 300w, https:\/\/www.lavisqteam.fr\/wp-content\/uploads\/2019\/06\/2579669.jpg-r_1920_1080-f_jpg-q_x-xxyxx-768x405.jpg 768w, https:\/\/www.lavisqteam.fr\/wp-content\/uploads\/2019\/06\/2579669.jpg-r_1920_1080-f_jpg-q_x-xxyxx.jpg 1600w\" sizes=\"(max-width: 1024px) 100vw, 1024px\" \/><\/figure><\/div>\n\n\n\n<p><strong>Une descente classique dans le cin\u00e9ma de <\/strong><em><strong>Dupieux<\/strong><\/em><\/p>\n\n\n\n<p>Pour les initi\u00e9s, ceux qui ont\nd\u00e9j\u00e0 \u00e9t\u00e9 conquis par le cin\u00e9ma si particulier de <em>Quentin Dupieux<\/em>, <strong>Le Daim <\/strong>n&rsquo;apportera\npas grande nouveaut\u00e9 dans le paysage de l&rsquo;artiste. Pour les n\u00e9ophytes, le long\nm\u00e9trage est une entr\u00e9e parfaite pour aborder le style si personnel de Mr Oizo\n(le nom de sc\u00e8ne de <em>Quentin Dupieux<\/em>\nen tant que musicien). On est dans les clous, dans un genre que l&rsquo;artiste\nma\u00eetrise \u00e0 la perfection, dans un style absurde et d\u00e9cal\u00e9 qui a fait la\npopularit\u00e9 du cin\u00e9aste. <em>Jean Dujardin<\/em>,\nseul, absolument parfait dans son r\u00f4le, qui converse avec son blouson, c&rsquo;est\npresque trop simple pour <em>Quentin Dupieux<\/em>,\nlui qui nous a habitu\u00e9s \u00e0 voir un pneu meurtrier, un mec qui cherche son chien\nou encore \u00e0 un poste de police totalement loufoque. C&rsquo;est presque trop\nsimpliste, trop paresseux, trop m\u00e9canique pour sortir r\u00e9ellement du lot de la\nfilmographie de <em>Quentin Dupieux<\/em>. <strong>Le Daim <\/strong>fait figure d&rsquo;anecdote dans la\ncarri\u00e8re du cin\u00e9aste, comme une \u0153uvre qui se place comme l&rsquo;\u00e9tendard du style <em>Dupieux<\/em>, mais pour autant mineure.&nbsp; <\/p>\n\n\n\n<p>Les aficionados ne seront pas\nd\u00e9pays\u00e9s, habitu\u00e9s aux longs silences, aux monologues, \u00e0 la contemplation et \u00e0\nl&rsquo;illogique. Les non-initi\u00e9s prendront leur pied \u00e0 d\u00e9couvrir un cin\u00e9ma unique\ndans le paysage de la com\u00e9die fran\u00e7aise et du cin\u00e9ma plus largement. Le\nr\u00e9alisateur use de ses artifices habituels, les applique scolairement, pour\nsigner un film diablement efficace mais qui manque finalement de surprise. <strong>Le Daim<\/strong> ne r\u00e9volutionne pas le genre de\n<em>Dupieux<\/em>, sans pour autant le\ndesservir, il s&rsquo;agit d&rsquo;un repr\u00e9sentant lambda de la formule <em>Dupieux<\/em>. Peut-\u00eatre volontairement plus\nabordable que certains de ses autres films, <strong>Le Daim<\/strong> b\u00e9n\u00e9ficie toujours d&rsquo;une \u00e9criture tr\u00e8s pr\u00e9cise notamment\ndans les situations absurdes et inattendues. Le r\u00e9alisateur va peut-\u00eatre plus\nloin dans la violence psychopathe pour raconter l&rsquo;histoire de cet homme seul\nqui pique sa crise de la cinquantaine.<\/p>\n\n\n\n<p><em><strong>Jean Dujardin<\/strong><\/em><strong>, la perfection<\/strong><\/p>\n\n\n\n<p>L&rsquo;acteur bankable incarne \u00e0 la\nperfection le personnage de Georges, un cinquantenaire perdu, qui se s\u00e9pare de\nsa femme et se cherche une reconversion personnelle. Il va trouver le salut\ndans un blouson en daim qui va se mettre \u00e0 lui parler. <em>Quentin Dupieux<\/em> exprime parfaitement la crise de la cinquantaine,\nmais \u00e9galement le malaise qui oppresse l&rsquo;individu pris de solitude. Il raconte\ncomment un individu lambda peut perdre la raison, en tout cas ne plus avoir les\npieds sur terre, \u00e0 cause de la pression soci\u00e9tale engendr\u00e9e par le travail et\nles relations, puis par la solitude et la d\u00e9pression. Il met en sc\u00e8ne le p\u00e9tage\nde c\u00e2ble de monsieur tout le monde, d&rsquo;abord par la pathologie de parler seul,\nde s&rsquo;inventer une vie, de changer de profession et de centres d&rsquo;int\u00e9r\u00eats,\nensuite de mani\u00e8re plus violente. <strong>Le\nDaim<\/strong> est aussi l&rsquo;occasion de voir la descente aux enfers d&rsquo;un homme\nobnubil\u00e9 par les v\u00eatements en daim, les diff\u00e9rents stades de la solitude, qui\nentra\u00eenent le passage \u00e0 l&rsquo;acte des laiss\u00e9s pour compte, des oubli\u00e9s. Peut-\u00eatre\nmet-il \u00e9galement en sc\u00e8ne une all\u00e9gorie du terrorisme, ou peut-\u00eatre simplement\nde l&rsquo;obsession maladive d&rsquo;un \u00eatre humain. <\/p>\n\n\n\n<div class=\"wp-block-image\"><figure class=\"aligncenter is-resized\"><img src=\"https:\/\/www.lavisqteam.fr\/wp-content\/uploads\/2019\/06\/3190243.jpg-r_1920_1080-f_jpg-q_x-xxyxx-1024x540.jpg\" alt=\"\" class=\"wp-image-42815\" width=\"600\" srcset=\"https:\/\/www.lavisqteam.fr\/wp-content\/uploads\/2019\/06\/3190243.jpg-r_1920_1080-f_jpg-q_x-xxyxx-1024x540.jpg 1024w, https:\/\/www.lavisqteam.fr\/wp-content\/uploads\/2019\/06\/3190243.jpg-r_1920_1080-f_jpg-q_x-xxyxx-300x158.jpg 300w, https:\/\/www.lavisqteam.fr\/wp-content\/uploads\/2019\/06\/3190243.jpg-r_1920_1080-f_jpg-q_x-xxyxx-768x405.jpg 768w, https:\/\/www.lavisqteam.fr\/wp-content\/uploads\/2019\/06\/3190243.jpg-r_1920_1080-f_jpg-q_x-xxyxx.jpg 1600w\" sizes=\"(max-width: 1024px) 100vw, 1024px\" \/><\/figure><\/div>\n\n\n\n<p>Bref, le dernier film de <em>Quentin Dupieux<\/em> amoncelle les\nth\u00e9matiques et les sujets de r\u00e9flexion. Comme \u00e0 son habitude il laisse\n\u00e9norm\u00e9ment de place \u00e0 l&rsquo;interpr\u00e9tation, laissant le spectateur faire ses\npropres analyses, et c&rsquo;est finalement peut-\u00eatre ce qu&rsquo;on pr\u00e9f\u00e8re chez lui.<\/p>\n\n\n\n<p><strong>Note&nbsp;: 14\/20<\/strong><\/p>\n\n\n\n<figure class=\"wp-block-embed-youtube wp-block-embed is-type-video is-provider-youtube wp-embed-aspect-16-9 wp-has-aspect-ratio\"><div class=\"wp-block-embed__wrapper\">\n<iframe loading=\"lazy\" title=\"LE DAIM Bande Annonce (2019) Jean Dujardin, Quentin Dupieux\" width=\"1200\" height=\"675\" src=\"https:\/\/www.youtube.com\/embed\/Js5wxmlGqio?feature=oembed\" frameborder=\"0\" allow=\"accelerometer; autoplay; encrypted-media; gyroscope; picture-in-picture\" allowfullscreen><\/iframe>\n<\/div><\/figure>\n\n\n\n<p class=\"has-text-align-right\">Par <strong>Aubin<\/strong><\/p>\n","protected":false},"excerpt":{"rendered":"<p>De&nbsp;: Quentin Dupieux Avec Jean Dujardin, Ad\u00e8le Haenel, Albert Delpy, Pierre Gomm\u00e9 Ann\u00e9e&nbsp;: 2019 Pays&nbsp;: France Genre&nbsp;: Com\u00e9die R\u00e9sum\u00e9&nbsp;: Georges, 44 ans, et son blouson, &hellip; <\/p>\n","protected":false},"author":7,"featured_media":42814,"comment_status":"open","ping_status":"open","sticky":false,"template":"","format":"standard","meta":[],"categories":[7],"tags":[],"yoast_head":"<!-- This site is optimized with the Yoast SEO plugin v19.6.1 - https:\/\/yoast.com\/wordpress\/plugins\/seo\/ -->\n<title>Le Daim - Dujarpieu - Lavisqteam.fr<\/title>\n<meta name=\"robots\" content=\"index, follow, max-snippet:-1, max-image-preview:large, max-video-preview:-1\" \/>\n<link rel=\"canonical\" href=\"https:\/\/www.lavisqteam.fr\/?p=42812\" \/>\n<meta property=\"og:locale\" content=\"fr_FR\" \/>\n<meta property=\"og:type\" content=\"article\" \/>\n<meta property=\"og:title\" content=\"Le Daim - Dujarpieu - Lavisqteam.fr\" \/>\n<meta property=\"og:description\" content=\"De&nbsp;: Quentin Dupieux Avec Jean Dujardin, Ad\u00e8le Haenel, Albert Delpy, Pierre Gomm\u00e9 Ann\u00e9e&nbsp;: 2019 Pays&nbsp;: France Genre&nbsp;: Com\u00e9die R\u00e9sum\u00e9&nbsp;: Georges, 44 ans, et son blouson, &hellip;\" \/>\n<meta property=\"og:url\" content=\"https:\/\/www.lavisqteam.fr\/?p=42812\" \/>\n<meta property=\"og:site_name\" content=\"Lavisqteam.fr\" \/>\n<meta property=\"article:published_time\" content=\"2019-06-21T16:55:22+00:00\" \/>\n<meta property=\"article:modified_time\" content=\"2020-09-09T07:05:23+00:00\" \/>\n<meta property=\"og:image\" content=\"https:\/\/www.lavisqteam.fr\/wp-content\/uploads\/2019\/06\/2579669.jpg-r_1920_1080-f_jpg-q_x-xxyxx.jpg\" \/>\n\t<meta property=\"og:image:width\" content=\"1600\" \/>\n\t<meta property=\"og:image:height\" content=\"844\" \/>\n\t<meta property=\"og:image:type\" content=\"image\/jpeg\" \/>\n<meta name=\"author\" content=\"Aubin\" \/>\n<meta name=\"twitter:card\" content=\"summary_large_image\" \/>\n<meta name=\"twitter:label1\" content=\"\u00c9crit par\" \/>\n\t<meta name=\"twitter:data1\" content=\"Aubin\" \/>\n\t<meta name=\"twitter:label2\" content=\"Dur\u00e9e de lecture estim\u00e9e\" \/>\n\t<meta name=\"twitter:data2\" content=\"4 minutes\" \/>\n<script type=\"application\/ld+json\" class=\"yoast-schema-graph\">{\"@context\":\"https:\/\/schema.org\",\"@graph\":[{\"@type\":\"Article\",\"@id\":\"https:\/\/www.lavisqteam.fr\/?p=42812#article\",\"isPartOf\":{\"@id\":\"https:\/\/www.lavisqteam.fr\/?p=42812\"},\"author\":{\"name\":\"Aubin\",\"@id\":\"https:\/\/www.lavisqteam.fr\/#\/schema\/person\/831697ca84ae7f994b9e88d7ea2cb5b6\"},\"headline\":\"Le Daim &#8211; Dujarpieu\",\"datePublished\":\"2019-06-21T16:55:22+00:00\",\"dateModified\":\"2020-09-09T07:05:23+00:00\",\"mainEntityOfPage\":{\"@id\":\"https:\/\/www.lavisqteam.fr\/?p=42812\"},\"wordCount\":782,\"commentCount\":0,\"publisher\":{\"@id\":\"https:\/\/www.lavisqteam.fr\/#organization\"},\"articleSection\":[\"Cin\u00e9ma\"],\"inLanguage\":\"fr-FR\",\"potentialAction\":[{\"@type\":\"CommentAction\",\"name\":\"Comment\",\"target\":[\"https:\/\/www.lavisqteam.fr\/?p=42812#respond\"]}]},{\"@type\":\"WebPage\",\"@id\":\"https:\/\/www.lavisqteam.fr\/?p=42812\",\"url\":\"https:\/\/www.lavisqteam.fr\/?p=42812\",\"name\":\"Le Daim - Dujarpieu - Lavisqteam.fr\",\"isPartOf\":{\"@id\":\"https:\/\/www.lavisqteam.fr\/#website\"},\"datePublished\":\"2019-06-21T16:55:22+00:00\",\"dateModified\":\"2020-09-09T07:05:23+00:00\",\"breadcrumb\":{\"@id\":\"https:\/\/www.lavisqteam.fr\/?p=42812#breadcrumb\"},\"inLanguage\":\"fr-FR\",\"potentialAction\":[{\"@type\":\"ReadAction\",\"target\":[\"https:\/\/www.lavisqteam.fr\/?p=42812\"]}]},{\"@type\":\"BreadcrumbList\",\"@id\":\"https:\/\/www.lavisqteam.fr\/?p=42812#breadcrumb\",\"itemListElement\":[{\"@type\":\"ListItem\",\"position\":1,\"name\":\"Accueil\",\"item\":\"https:\/\/www.lavisqteam.fr\/\"},{\"@type\":\"ListItem\",\"position\":2,\"name\":\"Le Daim &#8211; Dujarpieu\"}]},{\"@type\":\"WebSite\",\"@id\":\"https:\/\/www.lavisqteam.fr\/#website\",\"url\":\"https:\/\/www.lavisqteam.fr\/\",\"name\":\"Lavisqteam.fr\",\"description\":\"\",\"publisher\":{\"@id\":\"https:\/\/www.lavisqteam.fr\/#organization\"},\"potentialAction\":[{\"@type\":\"SearchAction\",\"target\":{\"@type\":\"EntryPoint\",\"urlTemplate\":\"https:\/\/www.lavisqteam.fr\/?s={search_term_string}\"},\"query-input\":\"required name=search_term_string\"}],\"inLanguage\":\"fr-FR\"},{\"@type\":\"Organization\",\"@id\":\"https:\/\/www.lavisqteam.fr\/#organization\",\"name\":\"Lavisqteam.fr\",\"url\":\"https:\/\/www.lavisqteam.fr\/\",\"sameAs\":[],\"logo\":{\"@type\":\"ImageObject\",\"inLanguage\":\"fr-FR\",\"@id\":\"https:\/\/www.lavisqteam.fr\/#\/schema\/logo\/image\/\",\"url\":\"https:\/\/www.lavisqteam.fr\/wp-content\/uploads\/2020\/08\/cropped-80879545_3479261675449035_4078032831501041664_o-4.jpg\",\"contentUrl\":\"https:\/\/www.lavisqteam.fr\/wp-content\/uploads\/2020\/08\/cropped-80879545_3479261675449035_4078032831501041664_o-4.jpg\",\"width\":1674,\"height\":536,\"caption\":\"Lavisqteam.fr\"},\"image\":{\"@id\":\"https:\/\/www.lavisqteam.fr\/#\/schema\/logo\/image\/\"}},{\"@type\":\"Person\",\"@id\":\"https:\/\/www.lavisqteam.fr\/#\/schema\/person\/831697ca84ae7f994b9e88d7ea2cb5b6\",\"name\":\"Aubin\",\"image\":{\"@type\":\"ImageObject\",\"inLanguage\":\"fr-FR\",\"@id\":\"https:\/\/www.lavisqteam.fr\/#\/schema\/person\/image\/\",\"url\":\"https:\/\/secure.gravatar.com\/avatar\/bfb79100cead24185f53aae19a7b41de?s=96&d=mm&r=g\",\"contentUrl\":\"https:\/\/secure.gravatar.com\/avatar\/bfb79100cead24185f53aae19a7b41de?s=96&d=mm&r=g\",\"caption\":\"Aubin\"},\"url\":\"https:\/\/www.lavisqteam.fr\/?author=7\"}]}<\/script>\n<!-- \/ Yoast SEO plugin. -->","yoast_head_json":{"title":"Le Daim - Dujarpieu - Lavisqteam.fr","robots":{"index":"index","follow":"follow","max-snippet":"max-snippet:-1","max-image-preview":"max-image-preview:large","max-video-preview":"max-video-preview:-1"},"canonical":"https:\/\/www.lavisqteam.fr\/?p=42812","og_locale":"fr_FR","og_type":"article","og_title":"Le Daim - Dujarpieu - Lavisqteam.fr","og_description":"De&nbsp;: Quentin Dupieux Avec Jean Dujardin, Ad\u00e8le Haenel, Albert Delpy, Pierre Gomm\u00e9 Ann\u00e9e&nbsp;: 2019 Pays&nbsp;: France Genre&nbsp;: Com\u00e9die R\u00e9sum\u00e9&nbsp;: Georges, 44 ans, et son blouson, &hellip;","og_url":"https:\/\/www.lavisqteam.fr\/?p=42812","og_site_name":"Lavisqteam.fr","article_published_time":"2019-06-21T16:55:22+00:00","article_modified_time":"2020-09-09T07:05:23+00:00","og_image":[{"width":1600,"height":844,"url":"https:\/\/www.lavisqteam.fr\/wp-content\/uploads\/2019\/06\/2579669.jpg-r_1920_1080-f_jpg-q_x-xxyxx.jpg","type":"image\/jpeg"}],"author":"Aubin","twitter_card":"summary_large_image","twitter_misc":{"\u00c9crit par":"Aubin","Dur\u00e9e de lecture estim\u00e9e":"4 minutes"},"schema":{"@context":"https:\/\/schema.org","@graph":[{"@type":"Article","@id":"https:\/\/www.lavisqteam.fr\/?p=42812#article","isPartOf":{"@id":"https:\/\/www.lavisqteam.fr\/?p=42812"},"author":{"name":"Aubin","@id":"https:\/\/www.lavisqteam.fr\/#\/schema\/person\/831697ca84ae7f994b9e88d7ea2cb5b6"},"headline":"Le Daim &#8211; Dujarpieu","datePublished":"2019-06-21T16:55:22+00:00","dateModified":"2020-09-09T07:05:23+00:00","mainEntityOfPage":{"@id":"https:\/\/www.lavisqteam.fr\/?p=42812"},"wordCount":782,"commentCount":0,"publisher":{"@id":"https:\/\/www.lavisqteam.fr\/#organization"},"articleSection":["Cin\u00e9ma"],"inLanguage":"fr-FR","potentialAction":[{"@type":"CommentAction","name":"Comment","target":["https:\/\/www.lavisqteam.fr\/?p=42812#respond"]}]},{"@type":"WebPage","@id":"https:\/\/www.lavisqteam.fr\/?p=42812","url":"https:\/\/www.lavisqteam.fr\/?p=42812","name":"Le Daim - Dujarpieu - Lavisqteam.fr","isPartOf":{"@id":"https:\/\/www.lavisqteam.fr\/#website"},"datePublished":"2019-06-21T16:55:22+00:00","dateModified":"2020-09-09T07:05:23+00:00","breadcrumb":{"@id":"https:\/\/www.lavisqteam.fr\/?p=42812#breadcrumb"},"inLanguage":"fr-FR","potentialAction":[{"@type":"ReadAction","target":["https:\/\/www.lavisqteam.fr\/?p=42812"]}]},{"@type":"BreadcrumbList","@id":"https:\/\/www.lavisqteam.fr\/?p=42812#breadcrumb","itemListElement":[{"@type":"ListItem","position":1,"name":"Accueil","item":"https:\/\/www.lavisqteam.fr\/"},{"@type":"ListItem","position":2,"name":"Le Daim &#8211; Dujarpieu"}]},{"@type":"WebSite","@id":"https:\/\/www.lavisqteam.fr\/#website","url":"https:\/\/www.lavisqteam.fr\/","name":"Lavisqteam.fr","description":"","publisher":{"@id":"https:\/\/www.lavisqteam.fr\/#organization"},"potentialAction":[{"@type":"SearchAction","target":{"@type":"EntryPoint","urlTemplate":"https:\/\/www.lavisqteam.fr\/?s={search_term_string}"},"query-input":"required name=search_term_string"}],"inLanguage":"fr-FR"},{"@type":"Organization","@id":"https:\/\/www.lavisqteam.fr\/#organization","name":"Lavisqteam.fr","url":"https:\/\/www.lavisqteam.fr\/","sameAs":[],"logo":{"@type":"ImageObject","inLanguage":"fr-FR","@id":"https:\/\/www.lavisqteam.fr\/#\/schema\/logo\/image\/","url":"https:\/\/www.lavisqteam.fr\/wp-content\/uploads\/2020\/08\/cropped-80879545_3479261675449035_4078032831501041664_o-4.jpg","contentUrl":"https:\/\/www.lavisqteam.fr\/wp-content\/uploads\/2020\/08\/cropped-80879545_3479261675449035_4078032831501041664_o-4.jpg","width":1674,"height":536,"caption":"Lavisqteam.fr"},"image":{"@id":"https:\/\/www.lavisqteam.fr\/#\/schema\/logo\/image\/"}},{"@type":"Person","@id":"https:\/\/www.lavisqteam.fr\/#\/schema\/person\/831697ca84ae7f994b9e88d7ea2cb5b6","name":"Aubin","image":{"@type":"ImageObject","inLanguage":"fr-FR","@id":"https:\/\/www.lavisqteam.fr\/#\/schema\/person\/image\/","url":"https:\/\/secure.gravatar.com\/avatar\/bfb79100cead24185f53aae19a7b41de?s=96&d=mm&r=g","contentUrl":"https:\/\/secure.gravatar.com\/avatar\/bfb79100cead24185f53aae19a7b41de?s=96&d=mm&r=g","caption":"Aubin"},"url":"https:\/\/www.lavisqteam.fr\/?author=7"}]}},"jetpack_featured_media_url":"https:\/\/www.lavisqteam.fr\/wp-content\/uploads\/2019\/06\/2579669.jpg-r_1920_1080-f_jpg-q_x-xxyxx.jpg","_links":{"self":[{"href":"https:\/\/www.lavisqteam.fr\/index.php?rest_route=\/wp\/v2\/posts\/42812"}],"collection":[{"href":"https:\/\/www.lavisqteam.fr\/index.php?rest_route=\/wp\/v2\/posts"}],"about":[{"href":"https:\/\/www.lavisqteam.fr\/index.php?rest_route=\/wp\/v2\/types\/post"}],"author":[{"embeddable":true,"href":"https:\/\/www.lavisqteam.fr\/index.php?rest_route=\/wp\/v2\/users\/7"}],"replies":[{"embeddable":true,"href":"https:\/\/www.lavisqteam.fr\/index.php?rest_route=%2Fwp%2Fv2%2Fcomments&post=42812"}],"version-history":[{"count":2,"href":"https:\/\/www.lavisqteam.fr\/index.php?rest_route=\/wp\/v2\/posts\/42812\/revisions"}],"predecessor-version":[{"id":50444,"href":"https:\/\/www.lavisqteam.fr\/index.php?rest_route=\/wp\/v2\/posts\/42812\/revisions\/50444"}],"wp:featuredmedia":[{"embeddable":true,"href":"https:\/\/www.lavisqteam.fr\/index.php?rest_route=\/wp\/v2\/media\/42814"}],"wp:attachment":[{"href":"https:\/\/www.lavisqteam.fr\/index.php?rest_route=%2Fwp%2Fv2%2Fmedia&parent=42812"}],"wp:term":[{"taxonomy":"category","embeddable":true,"href":"https:\/\/www.lavisqteam.fr\/index.php?rest_route=%2Fwp%2Fv2%2Fcategories&post=42812"},{"taxonomy":"post_tag","embeddable":true,"href":"https:\/\/www.lavisqteam.fr\/index.php?rest_route=%2Fwp%2Fv2%2Ftags&post=42812"}],"curies":[{"name":"wp","href":"https:\/\/api.w.org\/{rel}","templated":true}]}}