{"id":42205,"date":"2019-05-13T08:42:46","date_gmt":"2019-05-13T08:42:46","guid":{"rendered":"http:\/\/www.lavisqteam.fr\/?p=42205"},"modified":"2021-05-01T10:02:41","modified_gmt":"2021-05-01T10:02:41","slug":"dans-les-bras-de-verdun-nick-dybek","status":"publish","type":"post","link":"https:\/\/www.lavisqteam.fr\/?p=42205","title":{"rendered":"Dans les Bras de Verdun &#8211; Nick Dybek"},"content":{"rendered":"\n<div class=\"wp-block-image\"><figure class=\"aligncenter\"><img loading=\"lazy\" width=\"597\" height=\"960\" src=\"https:\/\/www.lavisqteam.fr\/wp-content\/uploads\/2019\/05\/57442661_407090353220245_9152307851572543488_n.jpg\" alt=\"\" class=\"wp-image-42206\" srcset=\"https:\/\/www.lavisqteam.fr\/wp-content\/uploads\/2019\/05\/57442661_407090353220245_9152307851572543488_n.jpg 597w, https:\/\/www.lavisqteam.fr\/wp-content\/uploads\/2019\/05\/57442661_407090353220245_9152307851572543488_n-187x300.jpg 187w\" sizes=\"(max-width: 597px) 100vw, 597px\" \/><\/figure><\/div>\n\n\n\n<p><strong>Auteur&nbsp;: <\/strong>Nick Dybek<\/p>\n\n\n\n<p><strong>Editeur&nbsp;: <\/strong>Les Presses de la Cit\u00e9<\/p>\n\n\n\n<p><strong>Genre&nbsp;: <\/strong>Historique<\/p>\n\n\n\n<p><strong>R\u00e9sum\u00e9&nbsp;:<\/strong><\/p>\n\n\n\n<p>En 1921,\nTom, originaire de Chicago, ancien ambulancier pendant la guerre, travaille \u00e0\nl\u2019ossuaire de Verdun. Il y rencontre Sarah, Am\u00e9ricaine \u00e0 la recherche de son\nmari disparu. Ils vont vivre une passion fulgurante. Des mois plus tard, Tom et\nSarah se retrouvent \u00e0 Bologne, o\u00f9 un soldat amn\u00e9sique inconnu attire les\nfoules. Dans la ville italienne o\u00f9 monte le fascisme, Tom et Sarah croisent\nPaul, journaliste autrichien int\u00e9ress\u00e9 par le malade. L\u2019homme sans pass\u00e9\nd\u00e9tient aussi un lourd secret.<br>\n<br>\nEn 1950, Santa Monica aux Etats-Unis. Tom, devenu un sc\u00e9nariste plus ou moins\nreconnu, recroise Paul lors d\u2019une soir\u00e9e \u00e0 Los Angeles. Les souvenirs\nremontent, brisant les mensonges pass\u00e9s.<\/p>\n\n\n\n<p><strong>Avis&nbsp;:<\/strong><\/p>\n\n\n\n<p><strong>Dans les bras de Verdun<\/strong> est un livre aux bonnes id\u00e9es et \u00e0\nl\u2019\u00e9motion forte, mais qui n\u2019est pas marquant dans le bon sens du terme. En\neffet, il manque cruellement de profondeur et de h\u00e9ros attachants. Les\npersonnages principaux apparaissent ternes et comme inatteignables par les liseurs.\nLes horreurs que chacun a v\u00e9cues les ont meurtris et les ont profond\u00e9ment chang\u00e9s.\nBien que cela soit compr\u00e9hensible, ils apparaissent cass\u00e9s et effac\u00e9s. Les mots\nne mettent pas toujours convenablement en valeur leurs exp\u00e9riences et leurs\ntroubles. Le lecteur peut avoir l\u2019impression que les protagonistes ne sont pas\ncr\u00e9dibles ni coh\u00e9rents avec eux-m\u00eames. On ne parvient pas tr\u00e8s bien \u00e0 les\ncerner et c\u2019est cette distance qui met \u00e0 mal tout le roman. L\u2019histoire d\u2019amour\nqui nous est donn\u00e9e manque de vraisemblance dans les sentiments, de force et\nd\u2019intensit\u00e9, tout comme l\u2019histoire d\u2019amiti\u00e9 qui d\u00e9bute et qui perdure bien des\nann\u00e9es plus tard.<\/p>\n\n\n\n<p>Verdun a \u00e9t\u00e9 un \u00e9v\u00e8nement tragique de la Premi\u00e8re Guerre\nMondiale, qui a caus\u00e9 pas moins de 700&nbsp;000 morts et disparitions. Le roman\nd\u00e9taille l\u2019apr\u00e8s-bataille et les images qu\u2019il nous met en t\u00eate sont terribles.\nOn imagine tr\u00e8s bien les villes et villages d\u00e9truits, les ruines qui sillonnent\nle paysage et les familles sans toit&nbsp;; les montagnes d\u2019os qui parcellent\nles champs et les enfants sans p\u00e8re ou orphelins. L\u2019auteur nous d\u00e9peint des\ntranches de vie marqu\u00e9es par la souffrance et nous transmet des \u00e9motions fortes\net perturbantes. Il est dommage qu\u2019elles ne soient pas toujours li\u00e9es aux\npersonnages mais davantage \u00e0 la guerre et \u00e0 ses horreurs. Ce roman fait un bel\nhonneur \u00e0 l\u2019affrontement de Verdun, que l\u2019on commence \u00e0 oublier, et donne envie\nde s\u2019y int\u00e9resser plus avant. Cependant, le livre n\u2019est pas \u00e0 conseiller \u00e0 des\n\u00e2mes sensibles, tant certaines descriptions sont crues.<\/p>\n\n\n\n<p>Outre Verdun, c\u2019est l\u2019Europe d\u2019apr\u00e8s-guerre qui est d\u00e9peinte\ndans ce roman, notamment avec l\u2019ascension en puissance de certains partis (le\nnazisme, le fascisme) et les d\u00e9bordements politiques amen\u00e9s par les trait\u00e9s de\npaix. L\u2019histoire s\u2019\u00e9tend \u00e9galement jusqu\u2019apr\u00e8s la Seconde Guerre Mondiale mais\nne s\u2019y attarde pas trop. L\u2019auteur s\u2019int\u00e9resse davantage \u00e0 l\u2019industrie montante\ndu cin\u00e9ma, dans laquelle travaille notre h\u00e9ros, et parle du renouveau de l\u2019espoir\ndans un continent meurtri par deux grandes guerres.<\/p>\n\n\n\n<p>Le rythme du roman est in\u00e9gal dans le rythme, dans les\nactions et dans son int\u00e9r\u00eat pour l\u2019histoire. Le conteur jongle souvent avec son\npass\u00e9 et son pr\u00e9sent, de telle sorte, qu\u2019\u00e0 certains moments, on ne sait plus tr\u00e8s\nbien o\u00f9 on en est. Cela laisse une impression d\u00e9cousue, la narration cassant\nsouvent le fil du temps chronologique, sans raison toujours valable ou\nint\u00e9ressante. Cela am\u00e8ne de la lenteur et un suspense plut\u00f4t frustrant quand on\nsait que la partie prenante du r\u00e9cit se trouve dans le pass\u00e9 du personnage\nprincipal. D\u2019autres personnages perturbent le rythme en racontant une tranche\nde leur vie pass\u00e9e, dans l\u2019objectif de faire passer un message. Cette mani\u00e8re\nde faire lest lourde et lasse, alors que le message aurait \u00e9t\u00e9 plus efficace\nsans tout le protocole. Finalement, seules les derni\u00e8res pages du livre surprennent\net mettent en lumi\u00e8re des \u00e9l\u00e9ments psychologiques captivants.<\/p>\n\n\n\n<p>Le roman s\u2019int\u00e9resse principalement aux disparitions\nsurvenues \u00e0 cause de la bataille et aux personnes qui esp\u00e8rent retrouver leurs\nproches. L\u2019auteur appuie sur des faits bien connus des m\u00e9decins, quand des\npersonnes de la famille voient dans un rescap\u00e9 \u00e0 la m\u00e9moire perdue, leur mari,\nfils, ami ou p\u00e8re, alors qu\u2019il n\u2019en est rien. La m\u00e9moire et l\u2019envie de revoir\nceux qu\u2019on aime, nous font porter des jugements h\u00e2tifs et fauss\u00e9s, qui\npourraient aller jusqu\u2019\u00e0 briser la vie d\u2019un soldat, d\u00e9j\u00e0 \u00e0 la d\u00e9rive apr\u00e8s\ntoutes les visions n\u00e9fastes qu\u2019il a d\u00fb surmonter. Nos yeux per\u00e7oivent ce que\nnous voulons parfois bien voir.<\/p>\n\n\n\n<p>Cette analyse de la m\u00e9moire et de la gestion de la\nsouffrance, est men\u00e9e avec empathie et d\u00e9licatesse, notamment via des voix de\nm\u00e9decins qui deviennent des personnages majeurs \u00e0 la fin du r\u00e9cit. Ils\nd\u00e9crivent les ph\u00e9nom\u00e8nes \u00e0 nos h\u00e9ros, tout en accompagnant les familles d\u00e9\u00e7ues\nqui doivent repartir bredouille. Il \u00e9tait d\u2019ailleurs possible que les soldats\nsans m\u00e9moire soient tortur\u00e9s pour qu\u2019ils retrouvent leurs souvenirs afin de\ncontenter les proches qui attendaient d\u00e9sesp\u00e9r\u00e9ment leur retour. Ces actions\ntir\u00e9es de faits r\u00e9els, ajoutent encore \u00e0 l\u2019horreur de l\u2019\u00e9poque. Le mensonge est\n\u00e9galement un ph\u00e9nom\u00e8ne mis en avant dans ce roman et dont les cons\u00e9quences\npeuvent \u00eatre bien dramatiques et inattendues.<\/p>\n\n\n\n<p>Le c\u00f4t\u00e9 psychologique du livre, ainsi que les reviviscences\nde l\u2019Histoire, sont vraiment passionnants. Il est dommage que l\u2019intrigue et les\npersonnages ne captivent pas autant.<\/p>\n\n\n\n<p><strong>Note&nbsp;: 11,5\/20<\/strong><\/p>\n\n\n\n<p class=\"has-text-align-right\">Par <strong>Lildrille<\/strong><\/p>\n","protected":false},"excerpt":{"rendered":"<p>Auteur&nbsp;: Nick Dybek Editeur&nbsp;: Les Presses de la Cit\u00e9 Genre&nbsp;: Historique R\u00e9sum\u00e9&nbsp;: En 1921, Tom, originaire de Chicago, ancien ambulancier pendant la guerre, travaille \u00e0 &hellip; <\/p>\n","protected":false},"author":2,"featured_media":0,"comment_status":"open","ping_status":"open","sticky":false,"template":"","format":"standard","meta":[],"categories":[10],"tags":[],"yoast_head":"<!-- This site is optimized with the Yoast SEO plugin v19.6.1 - https:\/\/yoast.com\/wordpress\/plugins\/seo\/ -->\n<title>Dans les Bras de Verdun - Nick Dybek - Lavisqteam.fr<\/title>\n<meta name=\"robots\" content=\"index, follow, max-snippet:-1, max-image-preview:large, max-video-preview:-1\" \/>\n<link rel=\"canonical\" href=\"https:\/\/www.lavisqteam.fr\/?p=42205\" \/>\n<meta property=\"og:locale\" content=\"fr_FR\" \/>\n<meta property=\"og:type\" content=\"article\" \/>\n<meta property=\"og:title\" content=\"Dans les Bras de Verdun - Nick Dybek - Lavisqteam.fr\" \/>\n<meta property=\"og:description\" content=\"Auteur&nbsp;: Nick Dybek Editeur&nbsp;: Les Presses de la Cit\u00e9 Genre&nbsp;: Historique R\u00e9sum\u00e9&nbsp;: En 1921, Tom, originaire de Chicago, ancien ambulancier pendant la guerre, travaille \u00e0 &hellip;\" \/>\n<meta property=\"og:url\" content=\"https:\/\/www.lavisqteam.fr\/?p=42205\" \/>\n<meta property=\"og:site_name\" content=\"Lavisqteam.fr\" \/>\n<meta property=\"article:author\" content=\"https:\/\/www.facebook.com\/chloe.garcia.351\" \/>\n<meta property=\"article:published_time\" content=\"2019-05-13T08:42:46+00:00\" \/>\n<meta property=\"article:modified_time\" content=\"2021-05-01T10:02:41+00:00\" \/>\n<meta property=\"og:image\" content=\"http:\/\/www.lavisqteam.fr\/wp-content\/uploads\/2019\/05\/57442661_407090353220245_9152307851572543488_n.jpg\" \/>\n<meta name=\"author\" content=\"Lildrille\" \/>\n<meta name=\"twitter:card\" content=\"summary_large_image\" \/>\n<meta name=\"twitter:label1\" content=\"\u00c9crit par\" \/>\n\t<meta name=\"twitter:data1\" content=\"Lildrille\" \/>\n\t<meta name=\"twitter:label2\" content=\"Dur\u00e9e de lecture estim\u00e9e\" \/>\n\t<meta name=\"twitter:data2\" content=\"5 minutes\" \/>\n<script type=\"application\/ld+json\" class=\"yoast-schema-graph\">{\"@context\":\"https:\/\/schema.org\",\"@graph\":[{\"@type\":\"Article\",\"@id\":\"https:\/\/www.lavisqteam.fr\/?p=42205#article\",\"isPartOf\":{\"@id\":\"https:\/\/www.lavisqteam.fr\/?p=42205\"},\"author\":{\"name\":\"Lildrille\",\"@id\":\"https:\/\/www.lavisqteam.fr\/#\/schema\/person\/e2e3eb3cb179a4f0299403b29e235d24\"},\"headline\":\"Dans les Bras de Verdun &#8211; Nick Dybek\",\"datePublished\":\"2019-05-13T08:42:46+00:00\",\"dateModified\":\"2021-05-01T10:02:41+00:00\",\"mainEntityOfPage\":{\"@id\":\"https:\/\/www.lavisqteam.fr\/?p=42205\"},\"wordCount\":1022,\"commentCount\":0,\"publisher\":{\"@id\":\"https:\/\/www.lavisqteam.fr\/#organization\"},\"articleSection\":[\"Roman\"],\"inLanguage\":\"fr-FR\",\"potentialAction\":[{\"@type\":\"CommentAction\",\"name\":\"Comment\",\"target\":[\"https:\/\/www.lavisqteam.fr\/?p=42205#respond\"]}]},{\"@type\":\"WebPage\",\"@id\":\"https:\/\/www.lavisqteam.fr\/?p=42205\",\"url\":\"https:\/\/www.lavisqteam.fr\/?p=42205\",\"name\":\"Dans les Bras de Verdun - Nick Dybek - Lavisqteam.fr\",\"isPartOf\":{\"@id\":\"https:\/\/www.lavisqteam.fr\/#website\"},\"datePublished\":\"2019-05-13T08:42:46+00:00\",\"dateModified\":\"2021-05-01T10:02:41+00:00\",\"breadcrumb\":{\"@id\":\"https:\/\/www.lavisqteam.fr\/?p=42205#breadcrumb\"},\"inLanguage\":\"fr-FR\",\"potentialAction\":[{\"@type\":\"ReadAction\",\"target\":[\"https:\/\/www.lavisqteam.fr\/?p=42205\"]}]},{\"@type\":\"BreadcrumbList\",\"@id\":\"https:\/\/www.lavisqteam.fr\/?p=42205#breadcrumb\",\"itemListElement\":[{\"@type\":\"ListItem\",\"position\":1,\"name\":\"Accueil\",\"item\":\"https:\/\/www.lavisqteam.fr\/\"},{\"@type\":\"ListItem\",\"position\":2,\"name\":\"Dans les Bras de Verdun &#8211; Nick Dybek\"}]},{\"@type\":\"WebSite\",\"@id\":\"https:\/\/www.lavisqteam.fr\/#website\",\"url\":\"https:\/\/www.lavisqteam.fr\/\",\"name\":\"Lavisqteam.fr\",\"description\":\"\",\"publisher\":{\"@id\":\"https:\/\/www.lavisqteam.fr\/#organization\"},\"potentialAction\":[{\"@type\":\"SearchAction\",\"target\":{\"@type\":\"EntryPoint\",\"urlTemplate\":\"https:\/\/www.lavisqteam.fr\/?s={search_term_string}\"},\"query-input\":\"required name=search_term_string\"}],\"inLanguage\":\"fr-FR\"},{\"@type\":\"Organization\",\"@id\":\"https:\/\/www.lavisqteam.fr\/#organization\",\"name\":\"Lavisqteam.fr\",\"url\":\"https:\/\/www.lavisqteam.fr\/\",\"sameAs\":[],\"logo\":{\"@type\":\"ImageObject\",\"inLanguage\":\"fr-FR\",\"@id\":\"https:\/\/www.lavisqteam.fr\/#\/schema\/logo\/image\/\",\"url\":\"https:\/\/www.lavisqteam.fr\/wp-content\/uploads\/2020\/08\/cropped-80879545_3479261675449035_4078032831501041664_o-4.jpg\",\"contentUrl\":\"https:\/\/www.lavisqteam.fr\/wp-content\/uploads\/2020\/08\/cropped-80879545_3479261675449035_4078032831501041664_o-4.jpg\",\"width\":1674,\"height\":536,\"caption\":\"Lavisqteam.fr\"},\"image\":{\"@id\":\"https:\/\/www.lavisqteam.fr\/#\/schema\/logo\/image\/\"}},{\"@type\":\"Person\",\"@id\":\"https:\/\/www.lavisqteam.fr\/#\/schema\/person\/e2e3eb3cb179a4f0299403b29e235d24\",\"name\":\"Lildrille\",\"image\":{\"@type\":\"ImageObject\",\"inLanguage\":\"fr-FR\",\"@id\":\"https:\/\/www.lavisqteam.fr\/#\/schema\/person\/image\/\",\"url\":\"https:\/\/secure.gravatar.com\/avatar\/1fbe78d5f27ffb4f9c29619bd30c90db?s=96&d=mm&r=g\",\"contentUrl\":\"https:\/\/secure.gravatar.com\/avatar\/1fbe78d5f27ffb4f9c29619bd30c90db?s=96&d=mm&r=g\",\"caption\":\"Lildrille\"},\"description\":\"Passionn\u00e9e d\u2019imaginaire et d\u2019\u00e9vasion depuis longtemps, \u00e9crire et lire sont mes activit\u00e9s favorites. Dans un monde souvent sombre, m'\u00e9vader et fournir du r\u00eave sont mes objectifs. Suivez-moi en tant qu'auteure ici : https:\/\/www.2passions1dream.com\/. Et en tant que chroniqueuse aussi l\u00e0 : https:\/\/simplement.pro\/u\/Lildrille.\",\"sameAs\":[\"http:\/\/Lavisqteam.fr\",\"https:\/\/www.facebook.com\/chloe.garcia.351\",\"https:\/\/www.instagram.com\/chloe.garcia.artiste\/\",\"https:\/\/www.linkedin.com\/in\/garcia-chloe\/\"],\"url\":\"https:\/\/www.lavisqteam.fr\/?author=2\"}]}<\/script>\n<!-- \/ Yoast SEO plugin. -->","yoast_head_json":{"title":"Dans les Bras de Verdun - Nick Dybek - Lavisqteam.fr","robots":{"index":"index","follow":"follow","max-snippet":"max-snippet:-1","max-image-preview":"max-image-preview:large","max-video-preview":"max-video-preview:-1"},"canonical":"https:\/\/www.lavisqteam.fr\/?p=42205","og_locale":"fr_FR","og_type":"article","og_title":"Dans les Bras de Verdun - Nick Dybek - Lavisqteam.fr","og_description":"Auteur&nbsp;: Nick Dybek Editeur&nbsp;: Les Presses de la Cit\u00e9 Genre&nbsp;: Historique R\u00e9sum\u00e9&nbsp;: En 1921, Tom, originaire de Chicago, ancien ambulancier pendant la guerre, travaille \u00e0 &hellip;","og_url":"https:\/\/www.lavisqteam.fr\/?p=42205","og_site_name":"Lavisqteam.fr","article_author":"https:\/\/www.facebook.com\/chloe.garcia.351","article_published_time":"2019-05-13T08:42:46+00:00","article_modified_time":"2021-05-01T10:02:41+00:00","og_image":[{"url":"http:\/\/www.lavisqteam.fr\/wp-content\/uploads\/2019\/05\/57442661_407090353220245_9152307851572543488_n.jpg"}],"author":"Lildrille","twitter_card":"summary_large_image","twitter_misc":{"\u00c9crit par":"Lildrille","Dur\u00e9e de lecture estim\u00e9e":"5 minutes"},"schema":{"@context":"https:\/\/schema.org","@graph":[{"@type":"Article","@id":"https:\/\/www.lavisqteam.fr\/?p=42205#article","isPartOf":{"@id":"https:\/\/www.lavisqteam.fr\/?p=42205"},"author":{"name":"Lildrille","@id":"https:\/\/www.lavisqteam.fr\/#\/schema\/person\/e2e3eb3cb179a4f0299403b29e235d24"},"headline":"Dans les Bras de Verdun &#8211; Nick Dybek","datePublished":"2019-05-13T08:42:46+00:00","dateModified":"2021-05-01T10:02:41+00:00","mainEntityOfPage":{"@id":"https:\/\/www.lavisqteam.fr\/?p=42205"},"wordCount":1022,"commentCount":0,"publisher":{"@id":"https:\/\/www.lavisqteam.fr\/#organization"},"articleSection":["Roman"],"inLanguage":"fr-FR","potentialAction":[{"@type":"CommentAction","name":"Comment","target":["https:\/\/www.lavisqteam.fr\/?p=42205#respond"]}]},{"@type":"WebPage","@id":"https:\/\/www.lavisqteam.fr\/?p=42205","url":"https:\/\/www.lavisqteam.fr\/?p=42205","name":"Dans les Bras de Verdun - Nick Dybek - Lavisqteam.fr","isPartOf":{"@id":"https:\/\/www.lavisqteam.fr\/#website"},"datePublished":"2019-05-13T08:42:46+00:00","dateModified":"2021-05-01T10:02:41+00:00","breadcrumb":{"@id":"https:\/\/www.lavisqteam.fr\/?p=42205#breadcrumb"},"inLanguage":"fr-FR","potentialAction":[{"@type":"ReadAction","target":["https:\/\/www.lavisqteam.fr\/?p=42205"]}]},{"@type":"BreadcrumbList","@id":"https:\/\/www.lavisqteam.fr\/?p=42205#breadcrumb","itemListElement":[{"@type":"ListItem","position":1,"name":"Accueil","item":"https:\/\/www.lavisqteam.fr\/"},{"@type":"ListItem","position":2,"name":"Dans les Bras de Verdun &#8211; Nick Dybek"}]},{"@type":"WebSite","@id":"https:\/\/www.lavisqteam.fr\/#website","url":"https:\/\/www.lavisqteam.fr\/","name":"Lavisqteam.fr","description":"","publisher":{"@id":"https:\/\/www.lavisqteam.fr\/#organization"},"potentialAction":[{"@type":"SearchAction","target":{"@type":"EntryPoint","urlTemplate":"https:\/\/www.lavisqteam.fr\/?s={search_term_string}"},"query-input":"required name=search_term_string"}],"inLanguage":"fr-FR"},{"@type":"Organization","@id":"https:\/\/www.lavisqteam.fr\/#organization","name":"Lavisqteam.fr","url":"https:\/\/www.lavisqteam.fr\/","sameAs":[],"logo":{"@type":"ImageObject","inLanguage":"fr-FR","@id":"https:\/\/www.lavisqteam.fr\/#\/schema\/logo\/image\/","url":"https:\/\/www.lavisqteam.fr\/wp-content\/uploads\/2020\/08\/cropped-80879545_3479261675449035_4078032831501041664_o-4.jpg","contentUrl":"https:\/\/www.lavisqteam.fr\/wp-content\/uploads\/2020\/08\/cropped-80879545_3479261675449035_4078032831501041664_o-4.jpg","width":1674,"height":536,"caption":"Lavisqteam.fr"},"image":{"@id":"https:\/\/www.lavisqteam.fr\/#\/schema\/logo\/image\/"}},{"@type":"Person","@id":"https:\/\/www.lavisqteam.fr\/#\/schema\/person\/e2e3eb3cb179a4f0299403b29e235d24","name":"Lildrille","image":{"@type":"ImageObject","inLanguage":"fr-FR","@id":"https:\/\/www.lavisqteam.fr\/#\/schema\/person\/image\/","url":"https:\/\/secure.gravatar.com\/avatar\/1fbe78d5f27ffb4f9c29619bd30c90db?s=96&d=mm&r=g","contentUrl":"https:\/\/secure.gravatar.com\/avatar\/1fbe78d5f27ffb4f9c29619bd30c90db?s=96&d=mm&r=g","caption":"Lildrille"},"description":"Passionn\u00e9e d\u2019imaginaire et d\u2019\u00e9vasion depuis longtemps, \u00e9crire et lire sont mes activit\u00e9s favorites. Dans un monde souvent sombre, m'\u00e9vader et fournir du r\u00eave sont mes objectifs. Suivez-moi en tant qu'auteure ici : https:\/\/www.2passions1dream.com\/. Et en tant que chroniqueuse aussi l\u00e0 : https:\/\/simplement.pro\/u\/Lildrille.","sameAs":["http:\/\/Lavisqteam.fr","https:\/\/www.facebook.com\/chloe.garcia.351","https:\/\/www.instagram.com\/chloe.garcia.artiste\/","https:\/\/www.linkedin.com\/in\/garcia-chloe\/"],"url":"https:\/\/www.lavisqteam.fr\/?author=2"}]}},"jetpack_featured_media_url":"","_links":{"self":[{"href":"https:\/\/www.lavisqteam.fr\/index.php?rest_route=\/wp\/v2\/posts\/42205"}],"collection":[{"href":"https:\/\/www.lavisqteam.fr\/index.php?rest_route=\/wp\/v2\/posts"}],"about":[{"href":"https:\/\/www.lavisqteam.fr\/index.php?rest_route=\/wp\/v2\/types\/post"}],"author":[{"embeddable":true,"href":"https:\/\/www.lavisqteam.fr\/index.php?rest_route=\/wp\/v2\/users\/2"}],"replies":[{"embeddable":true,"href":"https:\/\/www.lavisqteam.fr\/index.php?rest_route=%2Fwp%2Fv2%2Fcomments&post=42205"}],"version-history":[{"count":2,"href":"https:\/\/www.lavisqteam.fr\/index.php?rest_route=\/wp\/v2\/posts\/42205\/revisions"}],"predecessor-version":[{"id":55942,"href":"https:\/\/www.lavisqteam.fr\/index.php?rest_route=\/wp\/v2\/posts\/42205\/revisions\/55942"}],"wp:attachment":[{"href":"https:\/\/www.lavisqteam.fr\/index.php?rest_route=%2Fwp%2Fv2%2Fmedia&parent=42205"}],"wp:term":[{"taxonomy":"category","embeddable":true,"href":"https:\/\/www.lavisqteam.fr\/index.php?rest_route=%2Fwp%2Fv2%2Fcategories&post=42205"},{"taxonomy":"post_tag","embeddable":true,"href":"https:\/\/www.lavisqteam.fr\/index.php?rest_route=%2Fwp%2Fv2%2Ftags&post=42205"}],"curies":[{"name":"wp","href":"https:\/\/api.w.org\/{rel}","templated":true}]}}