{"id":41748,"date":"2019-04-10T18:36:10","date_gmt":"2019-04-10T18:36:10","guid":{"rendered":"http:\/\/www.lavisqteam.fr\/?p=41748"},"modified":"2021-05-01T10:03:13","modified_gmt":"2021-05-01T10:03:13","slug":"umbrella-academy-saison-1","status":"publish","type":"post","link":"https:\/\/www.lavisqteam.fr\/?p=41748","title":{"rendered":"Umbrella Academy Saison 1"},"content":{"rendered":"\n<div class=\"wp-block-image\"><figure class=\"aligncenter\"><img loading=\"lazy\" width=\"489\" height=\"720\" src=\"https:\/\/www.lavisqteam.fr\/wp-content\/uploads\/2019\/04\/53362465_371133573439950_8689888793194397696_n.jpg\" alt=\"\" class=\"wp-image-41749\" srcset=\"https:\/\/www.lavisqteam.fr\/wp-content\/uploads\/2019\/04\/53362465_371133573439950_8689888793194397696_n.jpg 489w, https:\/\/www.lavisqteam.fr\/wp-content\/uploads\/2019\/04\/53362465_371133573439950_8689888793194397696_n-204x300.jpg 204w\" sizes=\"(max-width: 489px) 100vw, 489px\" \/><\/figure><\/div>\n\n\n\n<p><strong>D\u2019Apr\u00e8s une Id\u00e9e\nde&nbsp;: <\/strong>Steve\nBlackman<\/p>\n\n\n\n<p><strong>Avec <\/strong>Ellen Page, Robert Sheehan, Tom\nHopper, Emmy Raver-Lampman<\/p>\n\n\n\n<p><strong>Pays&nbsp;: <\/strong>Etats-Unis<\/p>\n\n\n\n<p><strong>Nombre\nd\u2019Episodes&nbsp;: <\/strong>10<\/p>\n\n\n\n<p><strong>Genre&nbsp;: <\/strong>Super-H\u00e9ros<\/p>\n\n\n\n<p><strong>R\u00e9sum\u00e9&nbsp;:<\/strong><\/p>\n\n\n\n<p>En 1989, le m\u00eame jour, quarante-trois b\u00e9b\u00e9s sont\ninexplicablement n\u00e9s de femmes qui n&rsquo;\u00e9taient pas enceintes et que rien ne\nrelie. Sir Reginald Hargreeves, un industriel milliardaire, adopte sept de ces\nenfants et cr\u00e9e The Umbrella Academy pour les pr\u00e9parer \u00e0 sauver le monde. Mais\ntout ne se d\u00e9roule pas comme pr\u00e9vu. Les enfants devenus adolescents, la famille\nse d\u00e9sagr\u00e8ge et l&rsquo;\u00e9quipe est dispers\u00e9e. Les six membres toujours en vie,\nd\u00e9sormais trentenaires, se retrouvent \u00e0 l&rsquo;occasion de la mort de Hargreeves. Luther,\nDiego, Allison, Klaus, Vanya et Num\u00e9ro Cinq travaillent ensemble pour r\u00e9soudre\nle myst\u00e8re qui entoure la mort de leur p\u00e8re. La famille d\u00e9sunie se s\u00e9pare\ncependant de nouveau, incapable de g\u00e9rer des personnalit\u00e9s et des pouvoirs trop\ndiff\u00e9rents, sans m\u00eame parler de l&rsquo;apocalypse qui menace&#8230;<\/p>\n\n\n\n<p><strong>Avis&nbsp;:<\/strong><\/p>\n\n\n\n<p>Netflix encha\u00eene les s\u00e9ries \u00e0 un rythme effrayant, voire\neffr\u00e9n\u00e9, et les tr\u00e8s bonnes surprises s\u2019accumulent&nbsp;! La premi\u00e8re saison de\n<strong>Umbrella academy<\/strong>, tir\u00e9e de la\nbande-dessin\u00e9e du m\u00eame nom, est une perle, tant au niveau de l\u2019histoire, que du\nc\u00f4t\u00e9 des acteurs, de l\u2019originalit\u00e9 des th\u00e8mes abord\u00e9s et de la cr\u00e9ation d\u2019un\nunivers totalement dingue, qui navigue entre fantastique et science-fiction.\nL\u2019atmosph\u00e8re myst\u00e9rieuse et mystique marque les esprits. La mise en sc\u00e8ne est\nfluide et efficace et il n\u2019y a aucun temps mort. Il est difficile de s\u2019arr\u00eater\nen cours de route tant la s\u00e9rie est addictive. Bien que le th\u00e8me soit celui des\nsuper-h\u00e9ros, cette saison diff\u00e8re des s\u00e9ries du genre. Les super-pouvoirs des\npersonnages ne sont, par exemple, pas beaucoup mis en avant la fin de la\nsaison. &nbsp;<\/p>\n\n\n\n<div class=\"wp-block-image\"><figure class=\"aligncenter is-resized\"><img src=\"https:\/\/www.lavisqteam.fr\/wp-content\/uploads\/2019\/04\/56461025_379290526000326_6703869922381922304_n-1024x576.jpg\" alt=\"\" class=\"wp-image-41750\" width=\"600\" srcset=\"https:\/\/www.lavisqteam.fr\/wp-content\/uploads\/2019\/04\/56461025_379290526000326_6703869922381922304_n-1024x576.jpg 1024w, https:\/\/www.lavisqteam.fr\/wp-content\/uploads\/2019\/04\/56461025_379290526000326_6703869922381922304_n-300x169.jpg 300w, https:\/\/www.lavisqteam.fr\/wp-content\/uploads\/2019\/04\/56461025_379290526000326_6703869922381922304_n-768x432.jpg 768w, https:\/\/www.lavisqteam.fr\/wp-content\/uploads\/2019\/04\/56461025_379290526000326_6703869922381922304_n.jpg 1280w\" sizes=\"(max-width: 1024px) 100vw, 1024px\" \/><\/figure><\/div>\n\n\n\n<p>Le premier \u00e9pisode est sp\u00e9cial et le spectateur a du mal \u00e0\ncerner les personnages et le contexte. Ils sont pr\u00e9sent\u00e9s au compte-goutte et\nont chacun un caract\u00e8re bien tremp\u00e9. Ils sont loin des clich\u00e9s auxquels on les\nidentifie et on s\u2019y attache tr\u00e8s vite. Le manoir dans lequel ils se retrouvent\nest, lui aussi, particulier et intrigant. La pr\u00e9sence d\u2019un intendant chimpanz\u00e9\nqui parle, et celle d\u2019une femme \u00e0 tout faire qui semble dater des ann\u00e9es 60,\nnous plongent d\u2019embl\u00e9e dans un univers unique et inattendu.<\/p>\n\n\n\n<p>L\u2019\u00e9l\u00e9ment perturbateur est tragique. Sir Reginald Hargreeves,\nle p\u00e8re adoptif, est mort. Cinq de ses enfants reviennent l\u00e0 o\u00f9 ils ont fait\nleurs premiers pas et se rappellent. Tous les souvenirs ne sont pas agr\u00e9ables. Seul\nLuther, le plus baraqu\u00e9 de tous, est persuad\u00e9 que son p\u00e8re n\u2019est pas mort\nnaturellement. Ses id\u00e9es d\u2019assassinat n\u2019atteignent pas les esprits de ses\nautres fr\u00e8res et s\u0153urs, dont certains se r\u00e9jouissent m\u00eame de cette perte.\nMonsieur Hargreeves n\u2019\u00e9tait pas tendre avec eux et les entra\u00eenait dur pour\nqu\u2019ils luttent contre le crime. <\/p>\n\n\n\n<p>Plus jeunes, les membres de l\u2019Umbrella academy combattaient\npour la justice et l\u2019ordre et l\u2019\u00e9cole \u00e9tait florissante. A pr\u00e9sent adultes, les\npouvoirs de nos h\u00e9ros semblent \u00eatre de lourds fardeaux dont ils ne veulent\nplus. Rester des personnes diff\u00e9rentes du commun des mortels et vivre comme tel\nn\u2019est pas simple, surtout quand la fratrie n\u2019existe plus et qu\u2019il n\u2019y a plus\naucun soutien nulle part. Petit \u00e0 petit, les enfants prodiges se sont s\u00e9par\u00e9s\npour vivre leur propre histoire et la mort de leur p\u00e8re les a forc\u00e9s \u00e0 se\nrevoir. Ils finissent par se rapprocher de nouveau et reformer une famille\nunie. Le th\u00e8me de l\u2019amour familial est tr\u00e8s pr\u00e9sent et joliment travaill\u00e9. Le\nspectateur est touch\u00e9 par chacune des \u00e9motions des personnages qui jouent leur\nr\u00f4le \u00e0 merveille. Ils sont tr\u00e8s diff\u00e9rents les uns des autres et se compl\u00e8tent\n\u00e0 la perfection. <\/p>\n\n\n\n<p>Le personnage de Diego est plut\u00f4t sombre, calculateur et\n\u00e9nigmatique. Tr\u00e8s adroit, il aime se battre et se fourre dans des tas d\u2019ennuis\navec la police. Luther est plus raisonnable et consid\u00e8re son r\u00f4le de grand\nfr\u00e8re au s\u00e9rieux. Mal dans sa peau, il doute souvent de lui et h\u00e9site avant\nd\u2019agir. Allison est une femme meurtrie, au pass\u00e9 trouble, et \u00e0 l\u2019ambition appuy\u00e9e.\nFragile et forte \u00e0 la fois, son pouvoir est une b\u00e9n\u00e9diction comme une torture.\nVanya est un prodige du violon mais ne le sait pas et ne s\u2019aime pas. Mise de\nc\u00f4t\u00e9 par son p\u00e8re tr\u00e8s t\u00f4t car elle ne poss\u00e9dait finalement pas de pouvoirs,\ntoute son enfance s\u2019est r\u00e9duite \u00e0 regarder ses fr\u00e8res et s\u0153urs de loin. Klaus\nest certainement le personnage le plus d\u00e9routant de la s\u00e9rie. Ses liens avec\nles morts ne l\u2019aident pas \u00e0 se focaliser sur ses pens\u00e9es et ses sensations. La\ndrogue est devenue sa meilleure amie et l\u2019apaise dans les moments difficiles. Son\nlook de hippie et de d\u00e9prav\u00e9 n\u2019aide pas les autres \u00e0 croire en lui. Ses\ndivagations et ses instants de solitude sont \u00e0 la fois troublants, fascinants\net amusants. Klaus est le h\u00e9ros de plusieurs sc\u00e8nes hilarantes qui restent\nm\u00e9morables. <\/p>\n\n\n\n<p>Num\u00e9ro 5 est le dernier enfant dont on fait la connaissance\npar la suite. Ce personnage est incroyable de justesse. Jeune physiquement mais\nvieillard dans sa t\u00eate, Num\u00e9ro 5 a v\u00e9cu nombre d\u2019\u00e9preuves dont il n\u2019est pas\ntoujours revenu vainqueur. L\u2019acteur est parfait&nbsp;: jouer le r\u00f4le d\u2019un\nadulte dans celui d\u2019un enfant et garder tout de m\u00eame un brin d\u2019innocence et de\ncandeur demande du talent. Ses r\u00e9flexions nous font souvent sourire et\n\u00e9tonnent. Son intelligence et sa compr\u00e9hension du monde vont bien au-del\u00e0 de\ncelles des autres. Le suivre dans ses d\u00e9marches et ses p\u00e9r\u00e9grinations est un r\u00e9el\nplaisir. Tout en lui fascine.<\/p>\n\n\n\n<p>L\u2019intrigue principale prend forme doucement et s\u2019attaque \u00e0 la\nfin du monde, rien que \u00e7a. Cette histoire est men\u00e9e de front tout du long, en\nplus d\u2019autres mouvements secondaires qui sont tout aussi prenants. Chaque enfant\na un pass\u00e9 passionnant \u00e0 suivre et des affaires personnelles \u00e0 r\u00e9gler. On est\nvite happ\u00e9s par leurs personnalit\u00e9s hors du commun et l\u2019univers \u00e9trange dans\nlequel ils vivent. Tous les personnages sont bien d\u00e9velopp\u00e9s car la s\u00e9rie prend\nson temps. On ne ressent aucune longueur. Les personnages cachent tous des\nsecrets et les \u00e9nigmes ne font que se collectionner. Les informations arrivent\nquand il faut pour ne pas nous frustrer et les r\u00e9v\u00e9lations sont parfaitement\ndos\u00e9es.<\/p>\n\n\n\n<p>La mise en sc\u00e8ne est plut\u00f4t sombre et l\u2019ambiance reste\nmyst\u00e9rieuse jusqu\u2019\u00e0 la fin. Certaines sc\u00e8nes rappellent m\u00eame des images de\nbande-dessin\u00e9es et les sc\u00e8nes d\u2019action sont grandioses. Les hommages \u00e0 la pop\nculture et aux comics sont nombreux et de qualit\u00e9, comme les choix musicaux.\nC\u2019est un monde dans lequel on se sent bien et qui fait du bien. <\/p>\n\n\n\n<div class=\"wp-block-image\"><figure class=\"aligncenter is-resized\"><img src=\"https:\/\/www.lavisqteam.fr\/wp-content\/uploads\/2019\/04\/56795602_2261140310645888_6936492609628012544_n-1024x576.jpg\" alt=\"\" class=\"wp-image-41751\" width=\"600\" srcset=\"https:\/\/www.lavisqteam.fr\/wp-content\/uploads\/2019\/04\/56795602_2261140310645888_6936492609628012544_n-1024x576.jpg 1024w, https:\/\/www.lavisqteam.fr\/wp-content\/uploads\/2019\/04\/56795602_2261140310645888_6936492609628012544_n-300x169.jpg 300w, https:\/\/www.lavisqteam.fr\/wp-content\/uploads\/2019\/04\/56795602_2261140310645888_6936492609628012544_n-768x432.jpg 768w, https:\/\/www.lavisqteam.fr\/wp-content\/uploads\/2019\/04\/56795602_2261140310645888_6936492609628012544_n.jpg 1280w\" sizes=\"(max-width: 1024px) 100vw, 1024px\" \/><\/figure><\/div>\n\n\n\n<p>La r\u00e9solution de l\u2019intrigue n\u2019est pas particuli\u00e8rement\noriginale mais pla\u00eet malgr\u00e9 tout. L\u2019atmosph\u00e8re, les effets sp\u00e9ciaux, les acteurs,\nles personnages et l\u2019univers font le reste, dans une ambiance \u00e0 la fois\n\u00e9lectrique, douloureuse, bouleversante et touchante.<\/p>\n\n\n\n<p><strong>Note&nbsp;: 19\/20<\/strong><\/p>\n\n\n\n<figure class=\"wp-block-embed is-type-video is-provider-youtube wp-block-embed-youtube wp-embed-aspect-16-9 wp-has-aspect-ratio\"><div class=\"wp-block-embed__wrapper\">\n<iframe loading=\"lazy\" title=\"The Umbrella Academy | Official Trailer | Netflix\" width=\"1200\" height=\"675\" src=\"https:\/\/www.youtube.com\/embed\/0DAmWHxeoKw?feature=oembed\" frameborder=\"0\" allow=\"accelerometer; autoplay; encrypted-media; gyroscope; picture-in-picture\" allowfullscreen><\/iframe>\n<\/div><\/figure>\n\n\n\n<p class=\"has-text-align-right\">Par <strong>Lildrille<\/strong><\/p>\n","protected":false},"excerpt":{"rendered":"<p>D\u2019Apr\u00e8s une Id\u00e9e de&nbsp;: Steve Blackman Avec Ellen Page, Robert Sheehan, Tom Hopper, Emmy Raver-Lampman Pays&nbsp;: Etats-Unis Nombre d\u2019Episodes&nbsp;: 10 Genre&nbsp;: Super-H\u00e9ros R\u00e9sum\u00e9&nbsp;: En 1989, &hellip; <\/p>\n","protected":false},"author":2,"featured_media":0,"comment_status":"open","ping_status":"open","sticky":false,"template":"","format":"standard","meta":[],"categories":[13],"tags":[],"yoast_head":"<!-- This site is optimized with the Yoast SEO plugin v19.6.1 - https:\/\/yoast.com\/wordpress\/plugins\/seo\/ -->\n<title>Umbrella Academy Saison 1 - Lavisqteam.fr<\/title>\n<meta name=\"robots\" content=\"index, follow, max-snippet:-1, max-image-preview:large, max-video-preview:-1\" \/>\n<link rel=\"canonical\" href=\"https:\/\/www.lavisqteam.fr\/?p=41748\" \/>\n<meta property=\"og:locale\" content=\"fr_FR\" \/>\n<meta property=\"og:type\" content=\"article\" \/>\n<meta property=\"og:title\" content=\"Umbrella Academy Saison 1 - Lavisqteam.fr\" \/>\n<meta property=\"og:description\" content=\"D\u2019Apr\u00e8s une Id\u00e9e de&nbsp;: Steve Blackman Avec Ellen Page, Robert Sheehan, Tom Hopper, Emmy Raver-Lampman Pays&nbsp;: Etats-Unis Nombre d\u2019Episodes&nbsp;: 10 Genre&nbsp;: Super-H\u00e9ros R\u00e9sum\u00e9&nbsp;: En 1989, &hellip;\" \/>\n<meta property=\"og:url\" content=\"https:\/\/www.lavisqteam.fr\/?p=41748\" \/>\n<meta property=\"og:site_name\" content=\"Lavisqteam.fr\" \/>\n<meta property=\"article:author\" content=\"https:\/\/www.facebook.com\/chloe.garcia.351\" \/>\n<meta property=\"article:published_time\" content=\"2019-04-10T18:36:10+00:00\" \/>\n<meta property=\"article:modified_time\" content=\"2021-05-01T10:03:13+00:00\" \/>\n<meta property=\"og:image\" content=\"http:\/\/www.lavisqteam.fr\/wp-content\/uploads\/2019\/04\/53362465_371133573439950_8689888793194397696_n.jpg\" \/>\n<meta name=\"author\" content=\"Lildrille\" \/>\n<meta name=\"twitter:card\" content=\"summary_large_image\" \/>\n<meta name=\"twitter:label1\" content=\"\u00c9crit par\" \/>\n\t<meta name=\"twitter:data1\" content=\"Lildrille\" \/>\n\t<meta name=\"twitter:label2\" content=\"Dur\u00e9e de lecture estim\u00e9e\" \/>\n\t<meta name=\"twitter:data2\" content=\"6 minutes\" \/>\n<script type=\"application\/ld+json\" class=\"yoast-schema-graph\">{\"@context\":\"https:\/\/schema.org\",\"@graph\":[{\"@type\":\"Article\",\"@id\":\"https:\/\/www.lavisqteam.fr\/?p=41748#article\",\"isPartOf\":{\"@id\":\"https:\/\/www.lavisqteam.fr\/?p=41748\"},\"author\":{\"name\":\"Lildrille\",\"@id\":\"https:\/\/www.lavisqteam.fr\/#\/schema\/person\/e2e3eb3cb179a4f0299403b29e235d24\"},\"headline\":\"Umbrella Academy Saison 1\",\"datePublished\":\"2019-04-10T18:36:10+00:00\",\"dateModified\":\"2021-05-01T10:03:13+00:00\",\"mainEntityOfPage\":{\"@id\":\"https:\/\/www.lavisqteam.fr\/?p=41748\"},\"wordCount\":1309,\"commentCount\":0,\"publisher\":{\"@id\":\"https:\/\/www.lavisqteam.fr\/#organization\"},\"articleSection\":[\"S\u00e9rie\"],\"inLanguage\":\"fr-FR\",\"potentialAction\":[{\"@type\":\"CommentAction\",\"name\":\"Comment\",\"target\":[\"https:\/\/www.lavisqteam.fr\/?p=41748#respond\"]}]},{\"@type\":\"WebPage\",\"@id\":\"https:\/\/www.lavisqteam.fr\/?p=41748\",\"url\":\"https:\/\/www.lavisqteam.fr\/?p=41748\",\"name\":\"Umbrella Academy Saison 1 - Lavisqteam.fr\",\"isPartOf\":{\"@id\":\"https:\/\/www.lavisqteam.fr\/#website\"},\"datePublished\":\"2019-04-10T18:36:10+00:00\",\"dateModified\":\"2021-05-01T10:03:13+00:00\",\"breadcrumb\":{\"@id\":\"https:\/\/www.lavisqteam.fr\/?p=41748#breadcrumb\"},\"inLanguage\":\"fr-FR\",\"potentialAction\":[{\"@type\":\"ReadAction\",\"target\":[\"https:\/\/www.lavisqteam.fr\/?p=41748\"]}]},{\"@type\":\"BreadcrumbList\",\"@id\":\"https:\/\/www.lavisqteam.fr\/?p=41748#breadcrumb\",\"itemListElement\":[{\"@type\":\"ListItem\",\"position\":1,\"name\":\"Accueil\",\"item\":\"https:\/\/www.lavisqteam.fr\/\"},{\"@type\":\"ListItem\",\"position\":2,\"name\":\"Umbrella Academy Saison 1\"}]},{\"@type\":\"WebSite\",\"@id\":\"https:\/\/www.lavisqteam.fr\/#website\",\"url\":\"https:\/\/www.lavisqteam.fr\/\",\"name\":\"Lavisqteam.fr\",\"description\":\"\",\"publisher\":{\"@id\":\"https:\/\/www.lavisqteam.fr\/#organization\"},\"potentialAction\":[{\"@type\":\"SearchAction\",\"target\":{\"@type\":\"EntryPoint\",\"urlTemplate\":\"https:\/\/www.lavisqteam.fr\/?s={search_term_string}\"},\"query-input\":\"required name=search_term_string\"}],\"inLanguage\":\"fr-FR\"},{\"@type\":\"Organization\",\"@id\":\"https:\/\/www.lavisqteam.fr\/#organization\",\"name\":\"Lavisqteam.fr\",\"url\":\"https:\/\/www.lavisqteam.fr\/\",\"sameAs\":[],\"logo\":{\"@type\":\"ImageObject\",\"inLanguage\":\"fr-FR\",\"@id\":\"https:\/\/www.lavisqteam.fr\/#\/schema\/logo\/image\/\",\"url\":\"https:\/\/www.lavisqteam.fr\/wp-content\/uploads\/2020\/08\/cropped-80879545_3479261675449035_4078032831501041664_o-4.jpg\",\"contentUrl\":\"https:\/\/www.lavisqteam.fr\/wp-content\/uploads\/2020\/08\/cropped-80879545_3479261675449035_4078032831501041664_o-4.jpg\",\"width\":1674,\"height\":536,\"caption\":\"Lavisqteam.fr\"},\"image\":{\"@id\":\"https:\/\/www.lavisqteam.fr\/#\/schema\/logo\/image\/\"}},{\"@type\":\"Person\",\"@id\":\"https:\/\/www.lavisqteam.fr\/#\/schema\/person\/e2e3eb3cb179a4f0299403b29e235d24\",\"name\":\"Lildrille\",\"image\":{\"@type\":\"ImageObject\",\"inLanguage\":\"fr-FR\",\"@id\":\"https:\/\/www.lavisqteam.fr\/#\/schema\/person\/image\/\",\"url\":\"https:\/\/secure.gravatar.com\/avatar\/1fbe78d5f27ffb4f9c29619bd30c90db?s=96&d=mm&r=g\",\"contentUrl\":\"https:\/\/secure.gravatar.com\/avatar\/1fbe78d5f27ffb4f9c29619bd30c90db?s=96&d=mm&r=g\",\"caption\":\"Lildrille\"},\"description\":\"Passionn\u00e9e d\u2019imaginaire et d\u2019\u00e9vasion depuis longtemps, \u00e9crire et lire sont mes activit\u00e9s favorites. Dans un monde souvent sombre, m'\u00e9vader et fournir du r\u00eave sont mes objectifs. Suivez-moi en tant qu'auteure ici : https:\/\/www.2passions1dream.com\/. Et en tant que chroniqueuse aussi l\u00e0 : https:\/\/simplement.pro\/u\/Lildrille.\",\"sameAs\":[\"http:\/\/Lavisqteam.fr\",\"https:\/\/www.facebook.com\/chloe.garcia.351\",\"https:\/\/www.instagram.com\/chloe.garcia.artiste\/\",\"https:\/\/www.linkedin.com\/in\/garcia-chloe\/\"],\"url\":\"https:\/\/www.lavisqteam.fr\/?author=2\"}]}<\/script>\n<!-- \/ Yoast SEO plugin. -->","yoast_head_json":{"title":"Umbrella Academy Saison 1 - Lavisqteam.fr","robots":{"index":"index","follow":"follow","max-snippet":"max-snippet:-1","max-image-preview":"max-image-preview:large","max-video-preview":"max-video-preview:-1"},"canonical":"https:\/\/www.lavisqteam.fr\/?p=41748","og_locale":"fr_FR","og_type":"article","og_title":"Umbrella Academy Saison 1 - Lavisqteam.fr","og_description":"D\u2019Apr\u00e8s une Id\u00e9e de&nbsp;: Steve Blackman Avec Ellen Page, Robert Sheehan, Tom Hopper, Emmy Raver-Lampman Pays&nbsp;: Etats-Unis Nombre d\u2019Episodes&nbsp;: 10 Genre&nbsp;: Super-H\u00e9ros R\u00e9sum\u00e9&nbsp;: En 1989, &hellip;","og_url":"https:\/\/www.lavisqteam.fr\/?p=41748","og_site_name":"Lavisqteam.fr","article_author":"https:\/\/www.facebook.com\/chloe.garcia.351","article_published_time":"2019-04-10T18:36:10+00:00","article_modified_time":"2021-05-01T10:03:13+00:00","og_image":[{"url":"http:\/\/www.lavisqteam.fr\/wp-content\/uploads\/2019\/04\/53362465_371133573439950_8689888793194397696_n.jpg"}],"author":"Lildrille","twitter_card":"summary_large_image","twitter_misc":{"\u00c9crit par":"Lildrille","Dur\u00e9e de lecture estim\u00e9e":"6 minutes"},"schema":{"@context":"https:\/\/schema.org","@graph":[{"@type":"Article","@id":"https:\/\/www.lavisqteam.fr\/?p=41748#article","isPartOf":{"@id":"https:\/\/www.lavisqteam.fr\/?p=41748"},"author":{"name":"Lildrille","@id":"https:\/\/www.lavisqteam.fr\/#\/schema\/person\/e2e3eb3cb179a4f0299403b29e235d24"},"headline":"Umbrella Academy Saison 1","datePublished":"2019-04-10T18:36:10+00:00","dateModified":"2021-05-01T10:03:13+00:00","mainEntityOfPage":{"@id":"https:\/\/www.lavisqteam.fr\/?p=41748"},"wordCount":1309,"commentCount":0,"publisher":{"@id":"https:\/\/www.lavisqteam.fr\/#organization"},"articleSection":["S\u00e9rie"],"inLanguage":"fr-FR","potentialAction":[{"@type":"CommentAction","name":"Comment","target":["https:\/\/www.lavisqteam.fr\/?p=41748#respond"]}]},{"@type":"WebPage","@id":"https:\/\/www.lavisqteam.fr\/?p=41748","url":"https:\/\/www.lavisqteam.fr\/?p=41748","name":"Umbrella Academy Saison 1 - Lavisqteam.fr","isPartOf":{"@id":"https:\/\/www.lavisqteam.fr\/#website"},"datePublished":"2019-04-10T18:36:10+00:00","dateModified":"2021-05-01T10:03:13+00:00","breadcrumb":{"@id":"https:\/\/www.lavisqteam.fr\/?p=41748#breadcrumb"},"inLanguage":"fr-FR","potentialAction":[{"@type":"ReadAction","target":["https:\/\/www.lavisqteam.fr\/?p=41748"]}]},{"@type":"BreadcrumbList","@id":"https:\/\/www.lavisqteam.fr\/?p=41748#breadcrumb","itemListElement":[{"@type":"ListItem","position":1,"name":"Accueil","item":"https:\/\/www.lavisqteam.fr\/"},{"@type":"ListItem","position":2,"name":"Umbrella Academy Saison 1"}]},{"@type":"WebSite","@id":"https:\/\/www.lavisqteam.fr\/#website","url":"https:\/\/www.lavisqteam.fr\/","name":"Lavisqteam.fr","description":"","publisher":{"@id":"https:\/\/www.lavisqteam.fr\/#organization"},"potentialAction":[{"@type":"SearchAction","target":{"@type":"EntryPoint","urlTemplate":"https:\/\/www.lavisqteam.fr\/?s={search_term_string}"},"query-input":"required name=search_term_string"}],"inLanguage":"fr-FR"},{"@type":"Organization","@id":"https:\/\/www.lavisqteam.fr\/#organization","name":"Lavisqteam.fr","url":"https:\/\/www.lavisqteam.fr\/","sameAs":[],"logo":{"@type":"ImageObject","inLanguage":"fr-FR","@id":"https:\/\/www.lavisqteam.fr\/#\/schema\/logo\/image\/","url":"https:\/\/www.lavisqteam.fr\/wp-content\/uploads\/2020\/08\/cropped-80879545_3479261675449035_4078032831501041664_o-4.jpg","contentUrl":"https:\/\/www.lavisqteam.fr\/wp-content\/uploads\/2020\/08\/cropped-80879545_3479261675449035_4078032831501041664_o-4.jpg","width":1674,"height":536,"caption":"Lavisqteam.fr"},"image":{"@id":"https:\/\/www.lavisqteam.fr\/#\/schema\/logo\/image\/"}},{"@type":"Person","@id":"https:\/\/www.lavisqteam.fr\/#\/schema\/person\/e2e3eb3cb179a4f0299403b29e235d24","name":"Lildrille","image":{"@type":"ImageObject","inLanguage":"fr-FR","@id":"https:\/\/www.lavisqteam.fr\/#\/schema\/person\/image\/","url":"https:\/\/secure.gravatar.com\/avatar\/1fbe78d5f27ffb4f9c29619bd30c90db?s=96&d=mm&r=g","contentUrl":"https:\/\/secure.gravatar.com\/avatar\/1fbe78d5f27ffb4f9c29619bd30c90db?s=96&d=mm&r=g","caption":"Lildrille"},"description":"Passionn\u00e9e d\u2019imaginaire et d\u2019\u00e9vasion depuis longtemps, \u00e9crire et lire sont mes activit\u00e9s favorites. Dans un monde souvent sombre, m'\u00e9vader et fournir du r\u00eave sont mes objectifs. Suivez-moi en tant qu'auteure ici : https:\/\/www.2passions1dream.com\/. Et en tant que chroniqueuse aussi l\u00e0 : https:\/\/simplement.pro\/u\/Lildrille.","sameAs":["http:\/\/Lavisqteam.fr","https:\/\/www.facebook.com\/chloe.garcia.351","https:\/\/www.instagram.com\/chloe.garcia.artiste\/","https:\/\/www.linkedin.com\/in\/garcia-chloe\/"],"url":"https:\/\/www.lavisqteam.fr\/?author=2"}]}},"jetpack_featured_media_url":"","_links":{"self":[{"href":"https:\/\/www.lavisqteam.fr\/index.php?rest_route=\/wp\/v2\/posts\/41748"}],"collection":[{"href":"https:\/\/www.lavisqteam.fr\/index.php?rest_route=\/wp\/v2\/posts"}],"about":[{"href":"https:\/\/www.lavisqteam.fr\/index.php?rest_route=\/wp\/v2\/types\/post"}],"author":[{"embeddable":true,"href":"https:\/\/www.lavisqteam.fr\/index.php?rest_route=\/wp\/v2\/users\/2"}],"replies":[{"embeddable":true,"href":"https:\/\/www.lavisqteam.fr\/index.php?rest_route=%2Fwp%2Fv2%2Fcomments&post=41748"}],"version-history":[{"count":2,"href":"https:\/\/www.lavisqteam.fr\/index.php?rest_route=\/wp\/v2\/posts\/41748\/revisions"}],"predecessor-version":[{"id":55952,"href":"https:\/\/www.lavisqteam.fr\/index.php?rest_route=\/wp\/v2\/posts\/41748\/revisions\/55952"}],"wp:attachment":[{"href":"https:\/\/www.lavisqteam.fr\/index.php?rest_route=%2Fwp%2Fv2%2Fmedia&parent=41748"}],"wp:term":[{"taxonomy":"category","embeddable":true,"href":"https:\/\/www.lavisqteam.fr\/index.php?rest_route=%2Fwp%2Fv2%2Fcategories&post=41748"},{"taxonomy":"post_tag","embeddable":true,"href":"https:\/\/www.lavisqteam.fr\/index.php?rest_route=%2Fwp%2Fv2%2Ftags&post=41748"}],"curies":[{"name":"wp","href":"https:\/\/api.w.org\/{rel}","templated":true}]}}