{"id":41428,"date":"2019-03-19T19:32:08","date_gmt":"2019-03-19T19:32:08","guid":{"rendered":"http:\/\/www.lavisqteam.fr\/?p=41428"},"modified":"2019-03-19T19:32:15","modified_gmt":"2019-03-19T19:32:15","slug":"la-chambre-des-officiers","status":"publish","type":"post","link":"https:\/\/www.lavisqteam.fr\/?p=41428","title":{"rendered":"La Chambre des Officiers"},"content":{"rendered":"\n<div class=\"wp-block-image\"><figure class=\"aligncenter is-resized\"><img src=\"https:\/\/www.lavisqteam.fr\/wp-content\/uploads\/2019\/03\/53478340_1151398701707925_1449162200924028928_n.jpg\" alt=\"\" class=\"wp-image-41429\" width=\"600\" srcset=\"https:\/\/www.lavisqteam.fr\/wp-content\/uploads\/2019\/03\/53478340_1151398701707925_1449162200924028928_n.jpg 718w, https:\/\/www.lavisqteam.fr\/wp-content\/uploads\/2019\/03\/53478340_1151398701707925_1449162200924028928_n-224x300.jpg 224w\" sizes=\"(max-width: 718px) 100vw, 718px\" \/><\/figure><\/div>\n\n\n\n<p><strong>De&nbsp;: <\/strong>Fran\u00e7ois Dupeyron<\/p>\n\n\n\n<p><strong>Avec <\/strong>Eric Caravaca, Denis Podalyd\u00e8s, Gregori\nDerang\u00e8re, Sabine Az\u00e9ma<\/p>\n\n\n\n<p><strong>Ann\u00e9e&nbsp;: <\/strong>2001<\/p>\n\n\n\n<p><strong>Pays&nbsp;: <\/strong>France<\/p>\n\n\n\n<p><strong>Genre&nbsp;: <\/strong>Guerre, Drame<\/p>\n\n\n\n<p><strong>R\u00e9sum\u00e9&nbsp;:<\/strong><\/p>\n\n\n\n<p>Au d\u00e9but\ndu mois d&rsquo;ao\u00fbt 1914, Adrien, un jeune et s\u00e9duisant lieutenant, part en\nreconnaissance \u00e0 cheval. Un obus \u00e9clate et lui arrache le bas du visage.<br>\nLa guerre, c&rsquo;est \u00e0 l&rsquo;h\u00f4pital militaire du Val-de-Gr\u00e2ce qu&rsquo;il la passe, dans la\nchambre des officiers. Une pi\u00e8ce \u00e0 part r\u00e9serv\u00e9e aux grad\u00e9s atrocement\nd\u00e9figur\u00e9s par leurs blessures. Un antre de la douleur o\u00f9 chacun se voit dans le\nregard de l&rsquo;autre.<br>\nCinq ans entre parenth\u00e8ses \u00e0 nouer des amiti\u00e9s irr\u00e9ductibles avec ses\ncompagnons d&rsquo;infortune. Cinq ans de \u00ab\u00a0reconstruction\u00a0\u00bb pour se pr\u00e9parer\n\u00e0 l&rsquo;avenir, \u00e0 la vie.<\/p>\n\n\n\n<p><strong>Avis&nbsp;:<\/strong><strong><\/strong><\/p>\n\n\n\n<p><em>Fran\u00e7ois Dupeyron<\/em> est un r\u00e9alisateur dont\nje connais peu le cin\u00e9ma, puisque je n&rsquo;ai vu que \u00ab\u00a0<strong>Monsieur Ibrahim et les fleurs du Coran<\/strong>\u00a0\u00bb et son dernier film,\n\u00ab\u00a0<strong>Mon \u00e2me par toi gu\u00e9rie<\/strong>\u00ab\u00a0.\nSur ces deux films-l\u00e0, je dois dire que le r\u00e9alisateur a \u00e9t\u00e9 tr\u00e8s loin de me\nd\u00e9cevoir, offrant toujours des films aussi beaux qu&rsquo;ils sont sensibles. En\nvingt-huit ans de carri\u00e8re, <em>Fran\u00e7ois\nDupeyron<\/em> a r\u00e9alis\u00e9 ou cor\u00e9alis\u00e9 dix films et j&rsquo;avoue que sa filmographie me\ntente \u00e9norm\u00e9ment. <\/p>\n\n\n\n<p>Je m&rsquo;attaque donc aujourd&rsquo;hui \u00e0 l&rsquo;un de ses\nfilms les plus connus, \u00ab\u00a0<strong>La chambre\ndes officiers<\/strong>\u00ab\u00a0. Adapt\u00e9 d&rsquo;un roman de <em>Marc Dugain<\/em>, je ne savais pas trop \u00e0 quoi m&rsquo;attendre avec ce film,\ntant j&rsquo;ai tenu \u00e0 en savoir le moins possible, et cette s\u00e9ance de rattrapage fut\nun v\u00e9ritable bonheur de cin\u00e9ma. Sublime dans ce qu&rsquo;il raconte aussi bien que\nvisuellement parlant, \u00ab\u00a0<strong>La chambre\ndes officiers<\/strong>\u00a0\u00bb est un film qui m&rsquo;a boulevers\u00e9 pendant plus de deux\nheures. Revenant sur les gueules cass\u00e9es de la Premi\u00e8re Guerre mondiale, <em>Fran\u00e7ois Dupeyron<\/em> traite ce sujet \u00f4\ncombien difficile avec une d\u00e9licatesse et une pudeur qu&rsquo;on n&rsquo;avait pas encore\nvu. Bref, \u00ab\u00a0<strong>La chambre des officiers<\/strong>\u00a0\u00bb\nest un vrai coup d&rsquo;amour ! <\/p>\n\n\n\n<div class=\"wp-block-image\"><figure class=\"aligncenter is-resized\"><img src=\"https:\/\/www.lavisqteam.fr\/wp-content\/uploads\/2019\/03\/54220388_292662691428844_5114282911016681472_n-1024x432.jpg\" alt=\"\" class=\"wp-image-41430\" width=\"600\" srcset=\"https:\/\/www.lavisqteam.fr\/wp-content\/uploads\/2019\/03\/54220388_292662691428844_5114282911016681472_n-1024x432.jpg 1024w, https:\/\/www.lavisqteam.fr\/wp-content\/uploads\/2019\/03\/54220388_292662691428844_5114282911016681472_n-300x127.jpg 300w, https:\/\/www.lavisqteam.fr\/wp-content\/uploads\/2019\/03\/54220388_292662691428844_5114282911016681472_n-768x324.jpg 768w, https:\/\/www.lavisqteam.fr\/wp-content\/uploads\/2019\/03\/54220388_292662691428844_5114282911016681472_n.jpg 1747w\" sizes=\"(max-width: 1024px) 100vw, 1024px\" \/><\/figure><\/div>\n\n\n\n<p>Adrien est jeune, s\u00e9duisant et plein de vie.\nNous sommes en 1914 et la guerre \u00e9clate et comme beaucoup d&rsquo;hommes, Adrien est\nappel\u00e9. Quelques jours apr\u00e8s \u00eatre arriv\u00e9 dans \u00ab\u00a0son camp\u00a0\u00bb, il est\nenvoy\u00e9 en reconnaissance et c&rsquo;est l\u00e0 qu&rsquo;un obus \u00e9clate tout pr\u00e8s de lui et ses\nhommes. Adrien est le seul survivant. Pour lui, la guerre s&rsquo;arr\u00eate l\u00e0, mais un\nautre combat commence, gravement touch\u00e9 au visage, il est amen\u00e9 \u00e0 l&rsquo;h\u00f4pital du\nVal de Grace, o\u00f9 il va y rester tout le long de la guerre. Dans cette chambre\nde la douleur et du regard de l&rsquo;autre, il va essayer de se reconstruire&#8230; <\/p>\n\n\n\n<p>Magnifique et bouleversant, voici les premiers\nmots qui me viennent en t\u00eate \u00e0 la sortir de cette sublime s\u00e9ance de rattrapage.\nSi vous vous attendez \u00e0 un film de guerre, alors passez votre chemin, car\n\u00ab\u00a0<strong>La chambre des officiers<\/strong>\u00a0\u00bb\nest loin de cela. Non, ici, <em>Fran\u00e7ois\nDupeyron<\/em> nous entra\u00eene dans un film post-traumatique ou comment un, ou\nplut\u00f4t des hommes, vont r\u00e9apprendre \u00e0 vivre avec la difformit\u00e9. <\/p>\n\n\n\n<p>D\u00e8s le d\u00e9but du film, il y a quelque chose qui\ns&rsquo;\u00e9chappe des images, du destin de son personnage, comme s\u2019il ne pouvait pas\ns&rsquo;en sortir. Tr\u00e8s vite, <em>Fran\u00e7ois Dupeyron<\/em>\noffre une ambiance particuli\u00e8re, ambiance qui rappelle dans un sens le travail\nde <em>Jean-Pierre Jeunet<\/em>, ber\u00e7ant son\nintrigue dans un ton s\u00e9pia magnifique. On aurait presque tendance \u00e0 dire que le\ntemps s&rsquo;est arr\u00eat\u00e9 dans ce film. Si l&rsquo;on peut rester dubitatif quand l&rsquo;attaque\nparvient de nulle part, <em>Fran\u00e7ois Dupeyron<\/em>\nnous fera vite oublier les doutes et les craintes qu&rsquo;on a pu \u00e9prouver pendant\nce laps de temps. Car oui, apr\u00e8s cet accident, \u00ab\u00a0<strong>La chambre des officiers<\/strong>\u00a0\u00bb s&rsquo;en va sur d&rsquo;autres sentiers que\nles possibles champs de bataille, et son titre va devenir officiellement\nconcret. \u00ab\u00a0<strong>La chambre des officiers<\/strong>\u00a0\u00bb\nva se d\u00e9rouler principalement dans une chambre d&rsquo;h\u00f4pital r\u00e9serv\u00e9e aux officiers\nvictimes et rescap\u00e9s des combats. Ce qui est incroyable avec ce film, c&rsquo;est le\ntraitement qui est fait de ces grands bless\u00e9s. <\/p>\n\n\n\n<p>Divis\u00e9 en plusieurs parties, <em>Fran\u00e7ois Dupeyron<\/em> nous enferme tout\nd&rsquo;abord dans l&rsquo;esprit de son personnage. D\u00e9figur\u00e9, emmen\u00e9 tout d&rsquo;abord dans une\n\u00e9glise, puis dans cet h\u00f4pital,<em> Fran\u00e7ois\nDupeyron <\/em>nous place \u00e0 la hauteur de son personnage, cachant en permanence\nce \u00e0 quoi ce beau jeune homme peut ressembler aujourd&rsquo;hui. La mise en sc\u00e8ne est\nfascinante et terriblement touchante dans ses id\u00e9es, jouant \u00e9norm\u00e9ment sur le\nregard des autres (la relation qui va na\u00eetre d&rsquo;ailleurs entre <em>Eric Caravaca<\/em> et <em>Sabine Az\u00e9ma<\/em> est d&rsquo;autant plus magnifique gr\u00e2ce \u00e0 ce jeu de regards\net ces paroles r\u00e9confortantes, qui font autant de bien qu&rsquo;elles v\u00e9hiculent\naussi \u00e9norm\u00e9ment de peurs). Avec ce principe, sans trop en faire, <em>Fran\u00e7ois Dupeyron<\/em> nous laisse tristement\nimaginer le plus terrible. Ces quarante premi\u00e8res minutes sont un comble\nd&rsquo;\u00e9motions et de malaise qui est assez incroyable. <\/p>\n\n\n\n<p>Par la suite, le cin\u00e9aste va d\u00e9voiler le\nvisage, ou les visages, de ces hommes, offrant encore plus d&rsquo;\u00e9motions et\nd&rsquo;horreur, le tout en respectant ces personnages. Jamais il ne tombe dans le\nmis\u00e9rabilisme ou le sensationnel. Non, \u00ab\u00a0<strong>La chambre des officiers<\/strong>\u00a0\u00bb est plus riche et plus subtil que\ncela. \u00c0 travers l&rsquo;histoire de ces hommes, <em>Fran\u00e7ois\nDupeyron<\/em> livre une tr\u00e8s belle le\u00e7on de vie. \u00ab\u00a0<strong>La chambre des officiers<\/strong>\u00ab\u00a0, c&rsquo;est une d\u00e9tresse, c&rsquo;est une\nreconstruction, c&rsquo;est une acception de soi, c&rsquo;est des blessures et pas\nseulement visuelles. Puis, c&rsquo;est aussi un film qui parle indirectement des\navanc\u00e9es en m\u00e9decine, abordant le travail des chirurgiens pour rendre \u00e0 ces\ngueules cass\u00e9es des formes plus humaines, moins monstrueuses, mention plus que\nsp\u00e9ciale pour <em>Dominique Collabant<\/em>\npour son travail sur les maquillages qui sont bluffants.<\/p>\n\n\n\n<p>Le sc\u00e9nario est riche et beau et il est\nsoutenu et rehauss\u00e9 par la vision de <em>Fran\u00e7ois\nDupeyron<\/em>, comme le jeu de ses com\u00e9diens. Franchement, <em>Eric Caravaca<\/em> tient son plus beau r\u00f4le, tout comme <em>Sabine Az\u00e9ma<\/em>. <em>Denis Podalyd\u00e8s<\/em>, <em>Gr\u00e9gori Derang\u00e8re<\/em>\net <em>Isabelle Renauld<\/em> sont fabuleux en\ngueules cass\u00e9es. Puis on peut compter sur les participations d&rsquo;<em>Andr\u00e9 Dussollier <\/em>et <em>Jean-Michel Portal<\/em>, acteur qu&rsquo;on ne reconna\u00eet pas assez. <\/p>\n\n\n\n<div class=\"wp-block-image\"><figure class=\"aligncenter is-resized\"><img src=\"https:\/\/www.lavisqteam.fr\/wp-content\/uploads\/2019\/03\/54515179_274462070113712_166402834231721984_n-1024x576.jpg\" alt=\"\" class=\"wp-image-41431\" width=\"600\" srcset=\"https:\/\/www.lavisqteam.fr\/wp-content\/uploads\/2019\/03\/54515179_274462070113712_166402834231721984_n-1024x576.jpg 1024w, https:\/\/www.lavisqteam.fr\/wp-content\/uploads\/2019\/03\/54515179_274462070113712_166402834231721984_n-300x169.jpg 300w, https:\/\/www.lavisqteam.fr\/wp-content\/uploads\/2019\/03\/54515179_274462070113712_166402834231721984_n-768x432.jpg 768w, https:\/\/www.lavisqteam.fr\/wp-content\/uploads\/2019\/03\/54515179_274462070113712_166402834231721984_n.jpg 1280w\" sizes=\"(max-width: 1024px) 100vw, 1024px\" \/><\/figure><\/div>\n\n\n\n<p>D&rsquo;\u00e9motions en \u00e9motions, de sc\u00e8nes fabuleuses\nen id\u00e9es qui le sont tout autant, \u00ab\u00a0<strong>La\nchambre des officiers<\/strong>\u00a0\u00bb m&rsquo;a beaucoup secou\u00e9. <em>Fran\u00e7ois Dupeyron<\/em> livre \u00e0 coup s\u00fbr l&rsquo;un de ses meilleurs films.\nAvec \u00ab\u00a0<strong>Monsieur Ibrahim et les\nfleurs du Coran<\/strong>\u00ab\u00a0, il m&rsquo;avait procur\u00e9 un premier coup d&rsquo;amour, avec\n\u00ab\u00a0<strong>Mon \u00e2me par toi gu\u00e9rie<\/strong>\u00ab\u00a0,\nil avait aiguis\u00e9 encore plus ma curiosit\u00e9, aujourd&rsquo;hui avec \u00ab\u00a0<strong>La chambre des officiers<\/strong>\u00ab\u00a0, il\nconfirme et me donne l&rsquo;envie de m&rsquo;envoyer toute sa filmographie. Bref, entre\ncoups d&rsquo;amour et \u00e9motion, oserais-je prononcer le mot chef-d&rsquo;\u0153uvre ? Un temps\nde r\u00e9flexion me le dira plus tard, quoi qu&rsquo;il en soit, dans le cin\u00e9ma fran\u00e7ais\nde la premi\u00e8re d\u00e9cennie des ann\u00e9es 2000, \u00ab\u00a0<strong>La chambre des officiers<\/strong>\u00a0\u00bb est un immanquable. <\/p>\n\n\n\n<p><strong>Note\u00a0: 18,5\/20<\/strong><\/p>\n\n\n\n<figure class=\"wp-block-embed-youtube wp-block-embed is-type-video is-provider-youtube wp-embed-aspect-16-9 wp-has-aspect-ratio\"><div class=\"wp-block-embed__wrapper\">\n<iframe loading=\"lazy\" title=\"LA CHAMBRE DES OFFICIERS - BANDE ANNONCE 2014\" width=\"1200\" height=\"675\" src=\"https:\/\/www.youtube.com\/embed\/MFL5mLiaZtg?feature=oembed\" frameborder=\"0\" allow=\"accelerometer; autoplay; encrypted-media; gyroscope; picture-in-picture\" allowfullscreen><\/iframe>\n<\/div><\/figure>\n\n\n\n<p style=\"text-align:right\">Par <strong>Cin\u00e9ted<\/strong><\/p>\n","protected":false},"excerpt":{"rendered":"<p>De&nbsp;: Fran\u00e7ois Dupeyron Avec Eric Caravaca, Denis Podalyd\u00e8s, Gregori Derang\u00e8re, Sabine Az\u00e9ma Ann\u00e9e&nbsp;: 2001 Pays&nbsp;: France Genre&nbsp;: Guerre, Drame R\u00e9sum\u00e9&nbsp;: Au d\u00e9but du mois d&rsquo;ao\u00fbt &hellip; <\/p>\n","protected":false},"author":1,"featured_media":0,"comment_status":"open","ping_status":"open","sticky":false,"template":"","format":"standard","meta":[],"categories":[7],"tags":[],"yoast_head":"<!-- This site is optimized with the Yoast SEO plugin v19.6.1 - https:\/\/yoast.com\/wordpress\/plugins\/seo\/ -->\n<title>La Chambre des Officiers - Lavisqteam.fr<\/title>\n<meta name=\"robots\" content=\"index, follow, max-snippet:-1, max-image-preview:large, max-video-preview:-1\" \/>\n<link rel=\"canonical\" href=\"https:\/\/www.lavisqteam.fr\/?p=41428\" \/>\n<meta property=\"og:locale\" content=\"fr_FR\" \/>\n<meta property=\"og:type\" content=\"article\" \/>\n<meta property=\"og:title\" content=\"La Chambre des Officiers - Lavisqteam.fr\" \/>\n<meta property=\"og:description\" content=\"De&nbsp;: Fran\u00e7ois Dupeyron Avec Eric Caravaca, Denis Podalyd\u00e8s, Gregori Derang\u00e8re, Sabine Az\u00e9ma Ann\u00e9e&nbsp;: 2001 Pays&nbsp;: France Genre&nbsp;: Guerre, Drame R\u00e9sum\u00e9&nbsp;: Au d\u00e9but du mois d&rsquo;ao\u00fbt &hellip;\" \/>\n<meta property=\"og:url\" content=\"https:\/\/www.lavisqteam.fr\/?p=41428\" \/>\n<meta property=\"og:site_name\" content=\"Lavisqteam.fr\" \/>\n<meta property=\"article:published_time\" content=\"2019-03-19T19:32:08+00:00\" \/>\n<meta property=\"article:modified_time\" content=\"2019-03-19T19:32:15+00:00\" \/>\n<meta property=\"og:image\" content=\"http:\/\/www.lavisqteam.fr\/wp-content\/uploads\/2019\/03\/53478340_1151398701707925_1449162200924028928_n.jpg\" \/>\n<meta name=\"author\" content=\"AqME\" \/>\n<meta name=\"twitter:card\" content=\"summary_large_image\" \/>\n<meta name=\"twitter:label1\" content=\"\u00c9crit par\" \/>\n\t<meta name=\"twitter:data1\" content=\"AqME\" \/>\n\t<meta name=\"twitter:label2\" content=\"Dur\u00e9e de lecture estim\u00e9e\" \/>\n\t<meta name=\"twitter:data2\" content=\"6 minutes\" \/>\n<script type=\"application\/ld+json\" class=\"yoast-schema-graph\">{\"@context\":\"https:\/\/schema.org\",\"@graph\":[{\"@type\":\"Article\",\"@id\":\"https:\/\/www.lavisqteam.fr\/?p=41428#article\",\"isPartOf\":{\"@id\":\"https:\/\/www.lavisqteam.fr\/?p=41428\"},\"author\":{\"name\":\"AqME\",\"@id\":\"https:\/\/www.lavisqteam.fr\/#\/schema\/person\/da11d7c30bf135b288b17cc576708c2d\"},\"headline\":\"La Chambre des Officiers\",\"datePublished\":\"2019-03-19T19:32:08+00:00\",\"dateModified\":\"2019-03-19T19:32:15+00:00\",\"mainEntityOfPage\":{\"@id\":\"https:\/\/www.lavisqteam.fr\/?p=41428\"},\"wordCount\":1215,\"commentCount\":0,\"publisher\":{\"@id\":\"https:\/\/www.lavisqteam.fr\/#organization\"},\"articleSection\":[\"Cin\u00e9ma\"],\"inLanguage\":\"fr-FR\",\"potentialAction\":[{\"@type\":\"CommentAction\",\"name\":\"Comment\",\"target\":[\"https:\/\/www.lavisqteam.fr\/?p=41428#respond\"]}]},{\"@type\":\"WebPage\",\"@id\":\"https:\/\/www.lavisqteam.fr\/?p=41428\",\"url\":\"https:\/\/www.lavisqteam.fr\/?p=41428\",\"name\":\"La Chambre des Officiers - Lavisqteam.fr\",\"isPartOf\":{\"@id\":\"https:\/\/www.lavisqteam.fr\/#website\"},\"datePublished\":\"2019-03-19T19:32:08+00:00\",\"dateModified\":\"2019-03-19T19:32:15+00:00\",\"breadcrumb\":{\"@id\":\"https:\/\/www.lavisqteam.fr\/?p=41428#breadcrumb\"},\"inLanguage\":\"fr-FR\",\"potentialAction\":[{\"@type\":\"ReadAction\",\"target\":[\"https:\/\/www.lavisqteam.fr\/?p=41428\"]}]},{\"@type\":\"BreadcrumbList\",\"@id\":\"https:\/\/www.lavisqteam.fr\/?p=41428#breadcrumb\",\"itemListElement\":[{\"@type\":\"ListItem\",\"position\":1,\"name\":\"Accueil\",\"item\":\"https:\/\/www.lavisqteam.fr\/\"},{\"@type\":\"ListItem\",\"position\":2,\"name\":\"La Chambre des Officiers\"}]},{\"@type\":\"WebSite\",\"@id\":\"https:\/\/www.lavisqteam.fr\/#website\",\"url\":\"https:\/\/www.lavisqteam.fr\/\",\"name\":\"Lavisqteam.fr\",\"description\":\"\",\"publisher\":{\"@id\":\"https:\/\/www.lavisqteam.fr\/#organization\"},\"potentialAction\":[{\"@type\":\"SearchAction\",\"target\":{\"@type\":\"EntryPoint\",\"urlTemplate\":\"https:\/\/www.lavisqteam.fr\/?s={search_term_string}\"},\"query-input\":\"required name=search_term_string\"}],\"inLanguage\":\"fr-FR\"},{\"@type\":\"Organization\",\"@id\":\"https:\/\/www.lavisqteam.fr\/#organization\",\"name\":\"Lavisqteam.fr\",\"url\":\"https:\/\/www.lavisqteam.fr\/\",\"sameAs\":[],\"logo\":{\"@type\":\"ImageObject\",\"inLanguage\":\"fr-FR\",\"@id\":\"https:\/\/www.lavisqteam.fr\/#\/schema\/logo\/image\/\",\"url\":\"https:\/\/www.lavisqteam.fr\/wp-content\/uploads\/2020\/08\/cropped-80879545_3479261675449035_4078032831501041664_o-4.jpg\",\"contentUrl\":\"https:\/\/www.lavisqteam.fr\/wp-content\/uploads\/2020\/08\/cropped-80879545_3479261675449035_4078032831501041664_o-4.jpg\",\"width\":1674,\"height\":536,\"caption\":\"Lavisqteam.fr\"},\"image\":{\"@id\":\"https:\/\/www.lavisqteam.fr\/#\/schema\/logo\/image\/\"}},{\"@type\":\"Person\",\"@id\":\"https:\/\/www.lavisqteam.fr\/#\/schema\/person\/da11d7c30bf135b288b17cc576708c2d\",\"name\":\"AqME\",\"image\":{\"@type\":\"ImageObject\",\"inLanguage\":\"fr-FR\",\"@id\":\"https:\/\/www.lavisqteam.fr\/#\/schema\/person\/image\/\",\"url\":\"https:\/\/secure.gravatar.com\/avatar\/4a87d013fc854acd0f25858a13573675?s=96&d=mm&r=g\",\"contentUrl\":\"https:\/\/secure.gravatar.com\/avatar\/4a87d013fc854acd0f25858a13573675?s=96&d=mm&r=g\",\"caption\":\"AqME\"},\"description\":\"Amateur d'horreur, M\u00e9talleux dans l'\u00e2me, je succombe facilement \u00e0 des images de chatons.\",\"url\":\"https:\/\/www.lavisqteam.fr\/?author=1\"}]}<\/script>\n<!-- \/ Yoast SEO plugin. -->","yoast_head_json":{"title":"La Chambre des Officiers - Lavisqteam.fr","robots":{"index":"index","follow":"follow","max-snippet":"max-snippet:-1","max-image-preview":"max-image-preview:large","max-video-preview":"max-video-preview:-1"},"canonical":"https:\/\/www.lavisqteam.fr\/?p=41428","og_locale":"fr_FR","og_type":"article","og_title":"La Chambre des Officiers - Lavisqteam.fr","og_description":"De&nbsp;: Fran\u00e7ois Dupeyron Avec Eric Caravaca, Denis Podalyd\u00e8s, Gregori Derang\u00e8re, Sabine Az\u00e9ma Ann\u00e9e&nbsp;: 2001 Pays&nbsp;: France Genre&nbsp;: Guerre, Drame R\u00e9sum\u00e9&nbsp;: Au d\u00e9but du mois d&rsquo;ao\u00fbt &hellip;","og_url":"https:\/\/www.lavisqteam.fr\/?p=41428","og_site_name":"Lavisqteam.fr","article_published_time":"2019-03-19T19:32:08+00:00","article_modified_time":"2019-03-19T19:32:15+00:00","og_image":[{"url":"http:\/\/www.lavisqteam.fr\/wp-content\/uploads\/2019\/03\/53478340_1151398701707925_1449162200924028928_n.jpg"}],"author":"AqME","twitter_card":"summary_large_image","twitter_misc":{"\u00c9crit par":"AqME","Dur\u00e9e de lecture estim\u00e9e":"6 minutes"},"schema":{"@context":"https:\/\/schema.org","@graph":[{"@type":"Article","@id":"https:\/\/www.lavisqteam.fr\/?p=41428#article","isPartOf":{"@id":"https:\/\/www.lavisqteam.fr\/?p=41428"},"author":{"name":"AqME","@id":"https:\/\/www.lavisqteam.fr\/#\/schema\/person\/da11d7c30bf135b288b17cc576708c2d"},"headline":"La Chambre des Officiers","datePublished":"2019-03-19T19:32:08+00:00","dateModified":"2019-03-19T19:32:15+00:00","mainEntityOfPage":{"@id":"https:\/\/www.lavisqteam.fr\/?p=41428"},"wordCount":1215,"commentCount":0,"publisher":{"@id":"https:\/\/www.lavisqteam.fr\/#organization"},"articleSection":["Cin\u00e9ma"],"inLanguage":"fr-FR","potentialAction":[{"@type":"CommentAction","name":"Comment","target":["https:\/\/www.lavisqteam.fr\/?p=41428#respond"]}]},{"@type":"WebPage","@id":"https:\/\/www.lavisqteam.fr\/?p=41428","url":"https:\/\/www.lavisqteam.fr\/?p=41428","name":"La Chambre des Officiers - Lavisqteam.fr","isPartOf":{"@id":"https:\/\/www.lavisqteam.fr\/#website"},"datePublished":"2019-03-19T19:32:08+00:00","dateModified":"2019-03-19T19:32:15+00:00","breadcrumb":{"@id":"https:\/\/www.lavisqteam.fr\/?p=41428#breadcrumb"},"inLanguage":"fr-FR","potentialAction":[{"@type":"ReadAction","target":["https:\/\/www.lavisqteam.fr\/?p=41428"]}]},{"@type":"BreadcrumbList","@id":"https:\/\/www.lavisqteam.fr\/?p=41428#breadcrumb","itemListElement":[{"@type":"ListItem","position":1,"name":"Accueil","item":"https:\/\/www.lavisqteam.fr\/"},{"@type":"ListItem","position":2,"name":"La Chambre des Officiers"}]},{"@type":"WebSite","@id":"https:\/\/www.lavisqteam.fr\/#website","url":"https:\/\/www.lavisqteam.fr\/","name":"Lavisqteam.fr","description":"","publisher":{"@id":"https:\/\/www.lavisqteam.fr\/#organization"},"potentialAction":[{"@type":"SearchAction","target":{"@type":"EntryPoint","urlTemplate":"https:\/\/www.lavisqteam.fr\/?s={search_term_string}"},"query-input":"required name=search_term_string"}],"inLanguage":"fr-FR"},{"@type":"Organization","@id":"https:\/\/www.lavisqteam.fr\/#organization","name":"Lavisqteam.fr","url":"https:\/\/www.lavisqteam.fr\/","sameAs":[],"logo":{"@type":"ImageObject","inLanguage":"fr-FR","@id":"https:\/\/www.lavisqteam.fr\/#\/schema\/logo\/image\/","url":"https:\/\/www.lavisqteam.fr\/wp-content\/uploads\/2020\/08\/cropped-80879545_3479261675449035_4078032831501041664_o-4.jpg","contentUrl":"https:\/\/www.lavisqteam.fr\/wp-content\/uploads\/2020\/08\/cropped-80879545_3479261675449035_4078032831501041664_o-4.jpg","width":1674,"height":536,"caption":"Lavisqteam.fr"},"image":{"@id":"https:\/\/www.lavisqteam.fr\/#\/schema\/logo\/image\/"}},{"@type":"Person","@id":"https:\/\/www.lavisqteam.fr\/#\/schema\/person\/da11d7c30bf135b288b17cc576708c2d","name":"AqME","image":{"@type":"ImageObject","inLanguage":"fr-FR","@id":"https:\/\/www.lavisqteam.fr\/#\/schema\/person\/image\/","url":"https:\/\/secure.gravatar.com\/avatar\/4a87d013fc854acd0f25858a13573675?s=96&d=mm&r=g","contentUrl":"https:\/\/secure.gravatar.com\/avatar\/4a87d013fc854acd0f25858a13573675?s=96&d=mm&r=g","caption":"AqME"},"description":"Amateur d'horreur, M\u00e9talleux dans l'\u00e2me, je succombe facilement \u00e0 des images de chatons.","url":"https:\/\/www.lavisqteam.fr\/?author=1"}]}},"jetpack_featured_media_url":"","_links":{"self":[{"href":"https:\/\/www.lavisqteam.fr\/index.php?rest_route=\/wp\/v2\/posts\/41428"}],"collection":[{"href":"https:\/\/www.lavisqteam.fr\/index.php?rest_route=\/wp\/v2\/posts"}],"about":[{"href":"https:\/\/www.lavisqteam.fr\/index.php?rest_route=\/wp\/v2\/types\/post"}],"author":[{"embeddable":true,"href":"https:\/\/www.lavisqteam.fr\/index.php?rest_route=\/wp\/v2\/users\/1"}],"replies":[{"embeddable":true,"href":"https:\/\/www.lavisqteam.fr\/index.php?rest_route=%2Fwp%2Fv2%2Fcomments&post=41428"}],"version-history":[{"count":1,"href":"https:\/\/www.lavisqteam.fr\/index.php?rest_route=\/wp\/v2\/posts\/41428\/revisions"}],"predecessor-version":[{"id":41432,"href":"https:\/\/www.lavisqteam.fr\/index.php?rest_route=\/wp\/v2\/posts\/41428\/revisions\/41432"}],"wp:attachment":[{"href":"https:\/\/www.lavisqteam.fr\/index.php?rest_route=%2Fwp%2Fv2%2Fmedia&parent=41428"}],"wp:term":[{"taxonomy":"category","embeddable":true,"href":"https:\/\/www.lavisqteam.fr\/index.php?rest_route=%2Fwp%2Fv2%2Fcategories&post=41428"},{"taxonomy":"post_tag","embeddable":true,"href":"https:\/\/www.lavisqteam.fr\/index.php?rest_route=%2Fwp%2Fv2%2Ftags&post=41428"}],"curies":[{"name":"wp","href":"https:\/\/api.w.org\/{rel}","templated":true}]}}