{"id":40288,"date":"2019-01-12T12:40:35","date_gmt":"2019-01-12T12:40:35","guid":{"rendered":"http:\/\/www.lavisqteam.fr\/?p=40288"},"modified":"2019-01-12T12:40:41","modified_gmt":"2019-01-12T12:40:41","slug":"les-profs","status":"publish","type":"post","link":"https:\/\/www.lavisqteam.fr\/?p=40288","title":{"rendered":"Les Profs"},"content":{"rendered":"\n<div class=\"wp-block-image\"><figure class=\"aligncenter\"><img loading=\"lazy\" width=\"600\" height=\"800\" src=\"https:\/\/www.lavisqteam.fr\/wp-content\/uploads\/2019\/01\/20455360.jpg-r_1920_1080-f_jpg-q_x-xxyxx.jpg\" alt=\"\" class=\"wp-image-40289\" srcset=\"https:\/\/www.lavisqteam.fr\/wp-content\/uploads\/2019\/01\/20455360.jpg-r_1920_1080-f_jpg-q_x-xxyxx.jpg 600w, https:\/\/www.lavisqteam.fr\/wp-content\/uploads\/2019\/01\/20455360.jpg-r_1920_1080-f_jpg-q_x-xxyxx-225x300.jpg 225w\" sizes=\"(max-width: 600px) 100vw, 600px\" \/><\/figure><\/div>\n\n\n\n<p><strong>De&nbsp;: <\/strong>Pierre Fran\u00e7ois Martin-Laval<\/p>\n\n\n\n<p><strong>Avec <\/strong>Christian Clavier, Isabelle Nanty,\nPierre Fran\u00e7ois Martin-Laval, Kev Adams<\/p>\n\n\n\n<p><strong>Ann\u00e9e&nbsp;: <\/strong>2013<\/p>\n\n\n\n<p><strong>Pays&nbsp;: <\/strong>France<\/p>\n\n\n\n<p><strong>Genre&nbsp;: <\/strong>Com\u00e9die<\/p>\n\n\n\n<p><strong>R\u00e9sum\u00e9&nbsp;:<\/strong><\/p>\n\n\n\n<p>Avec ses 12%\nde r\u00e9ussite au bac, le lyc\u00e9e Jules Ferry est le pire lyc\u00e9e de France. Ayant\nd\u00e9j\u00e0 \u00e9puis\u00e9 toutes les m\u00e9thodes conventionnelles, l\u2019Inspecteur d\u2019Acad\u00e9mie, au\nd\u00e9sespoir, s\u2019en remet aux conseils de son Adjoint. Ce dernier lui propose de\nrecruter une \u00e9quipe de professeurs selon une nouvelle formule : aux pires\n\u00e9l\u00e8ves, les pires profs pour soigner le mal par le mal\u2026 C\u2019est sa derni\u00e8re\nchance de sauver l\u2019\u00e9tablissement, \u00e0 condition de d\u00e9passer le seuil des 50% de\nr\u00e9ussite au bac. L&rsquo;inspecteur accepte, pour le meilleur&#8230; et pour le pire.<\/p>\n\n\n\n<p><strong>Avis&nbsp;:<\/strong><\/p>\n\n\n\n<p>Le monde de la bande-dessin\u00e9e franco-belge est impitoyable. En effet, il arrive que certaines maisons d\u2019\u00e9dition n\u2019h\u00e9sitent pas \u00e0 annuler une s\u00e9rie qui ne marche pas au niveau des ventes, ou alors qui demandent \u00e0 ce que la s\u00e9rie soit \u00e9court\u00e9e. Si cela g\u00e9n\u00e8re de la frustration chez le lecteur, cela peut aussi co\u00fbter la r\u00e9putation d\u2019un sc\u00e9nariste ou d\u2019un dessinateur. Pour voir les s\u00e9ries qui cartonnent, c\u2019est assez facile, cela se voit au nombre de tomes au sein de la saga. Cela signifie que les ventes se portent tellement bien que l\u2019on autorise \u00e0 sortir des tomes \u00e0 rallonge. C\u2019est le cas par exemple de <strong>Les Profs<\/strong> chez Bamboo \u00e9ditions, qui en est \u00e0 son vingt-et-uni\u00e8me. BD qui se pr\u00e9sente sous la forme de 48 planches avec une histoire courte pour chacune, Les Profs a s\u00e9duit le r\u00e9alisateur fran\u00e7ais<em> Pierre Fran\u00e7ois Martin-Laval<\/em> qui a d\u00e9cid\u00e9 d\u2019en faire un film. Doit-on s\u2019en inqui\u00e9ter\u00a0? Bien entendu. Entre un humour potache compl\u00e8tement d\u00e9bile, des personnages insupportables, une morale douteuse et une absence notoire d\u2019histoire, on peut largement dire que <strong>Les Profs<\/strong> est un portage fid\u00e8le de la BD dans tout ce qu\u2019elle a de m\u00e9diocre.<\/p>\n\n\n\n<div class=\"wp-block-image\"><figure class=\"aligncenter is-resized\"><img src=\"https:\/\/www.lavisqteam.fr\/wp-content\/uploads\/2019\/01\/347685.jpg-r_1920_1080-f_jpg-q_x-xxyxx-1024x681.jpg\" alt=\"\" class=\"wp-image-40290\" width=\"600\" srcset=\"https:\/\/www.lavisqteam.fr\/wp-content\/uploads\/2019\/01\/347685.jpg-r_1920_1080-f_jpg-q_x-xxyxx-1024x681.jpg 1024w, https:\/\/www.lavisqteam.fr\/wp-content\/uploads\/2019\/01\/347685.jpg-r_1920_1080-f_jpg-q_x-xxyxx-300x200.jpg 300w, https:\/\/www.lavisqteam.fr\/wp-content\/uploads\/2019\/01\/347685.jpg-r_1920_1080-f_jpg-q_x-xxyxx-768x511.jpg 768w, https:\/\/www.lavisqteam.fr\/wp-content\/uploads\/2019\/01\/347685.jpg-r_1920_1080-f_jpg-q_x-xxyxx.jpg 1623w\" sizes=\"(max-width: 1024px) 100vw, 1024px\" \/><\/figure><\/div>\n\n\n\n<p>D\u00e9j\u00e0, le\npitch de base est compl\u00e8tement con. On se retrouve dans un lyc\u00e9e rural qui est\n\u00e0 l\u2019agonie puisque chaque ann\u00e9e, les r\u00e9sultats au bac sont catastrophiques. Le\nrecteur acad\u00e9mique, sous les conseils avis\u00e9s de son conseiller, d\u00e9cide alors\nd\u2019envoyer les sept pires professeurs dans l\u2019\u00e9tablissement dans l\u2019espoir\nd\u2019inverser la tendance. Oui, c\u2019est compl\u00e8tement stupide et cela n\u2019a aucun sens.\nEnfin si, on va rapidement voir que le conseiller lorgne le poste de recteur et\nque s\u2019il fait cette magouille, c\u2019est pour faire virer son patron et prendre sa\nplace. En fait, cette pseudo histoire n\u2019est qu\u2019une excuse pour mettre en avant\nsept professeurs \u00e0 c\u00f4t\u00e9 de leur pompe et qui n\u2019auront que des r\u00f4les fonctions.\nAinsi donc, on aura droit au prof de maths fain\u00e9ant, \u00e0 la prof de fran\u00e7ais\nultra sexy, \u00e0 la prof d\u2019anglais violente, au prof de sport con comme ses pieds,\nau prof de philo que l\u2019on ne comprend pas, au prof d\u2019histoire obnubil\u00e9 par Napol\u00e9on\net au prof de chimie qui foire toutes ses exp\u00e9riences. Le fleuron de\nl\u2019\u00e9ducation nationale donc pour tenter de donner go\u00fbt aux \u00e9l\u00e8ves d\u2019apprendre.\nLe probl\u00e8me, c\u2019est que ces personnages n\u2019auront aucune \u00e9paisseur.<\/p>\n\n\n\n<p>Le film\ndurant moins d\u2019une heure et demi, il fallait que le r\u00e9alisateur fasse vite.\nAinsi donc, un peu comme la BD, le film va engranger les vannes dans chaque\nclasse dans l\u2019espoir de faire rire. Malheureusement, le burlesque est pouss\u00e9\nbeaucoup trop loin et on aura droit \u00e0 des situations au mieux ridicules, au\npire g\u00eanantes. Je veux dire, entre une <em>Isabelle\nNanty<\/em> au push-up exacerb\u00e9 qui balance des craies dans la tronche de ses\n\u00e9l\u00e8ves et un <em>Christian Clavier<\/em>\namorphe qui fait la sieste dans un hamac, on est dans quelque chose qui peut\nfonctionner sur une planche de dessin, mais certainement pas dans un film qui\nne s\u2019assume qu\u2019\u00e0 moiti\u00e9. Il ne s\u2019assume qu\u2019\u00e0 moiti\u00e9 parce que le burlesque ne\nse voit que sur les personnages et jamais sur les d\u00e9cors ou sur l\u2019ambiance\nrecherch\u00e9e. En dehors des profs et de quelques \u00e9l\u00e8ves d\u00e9biles (<em>Kev Adams<\/em> en t\u00eate qui n\u2019a pas d\u00fb trop\nforcer), on reste sur des d\u00e9cors basiques, moches, avec une photographie lambda\nqui montre finalement le je m\u2019en foutisme du projet. Et le pire dans tout \u00e7a,\nc\u2019est que les personnages ne sont pas travaill\u00e9s. Boulard est un \u00e9l\u00e8ve\nconstamment en retard mais c\u2019est tout ce que l\u2019on saura sur lui. Nectarine est\nla bonne \u00e9l\u00e8ve du lyc\u00e9e et elle va en prendre plein la tronche, mais c\u2019est\ntout. Et pour ce qui est du passif des profs, ou encore de leur relation, on\nrepassera. Bref, on est juste l\u00e0 pour faire des vannes, sans jamais se poser la\nquestion de comment on va raconter notre histoire.<\/p>\n\n\n\n<p>Et le pire\ndans tout \u00e7a, c\u2019est que m\u00eame les blagues sont rat\u00e9es. Alors oui, il y en a une\npaire qui sont plut\u00f4t dr\u00f4les, parce qu\u2019en tant que prof, il peut arriver de\nfaire ce genre de vanne toute pourrie comme nettoyer le tableau alors qu\u2019il n\u2019y\na rien dessus. C\u2019est gentil, c\u2019est inutile, mais \u00e7a peut faire son petit effet.\nCependant, il y a d\u2019autres moments qui sont abominables et proprement infects.\nOn pourra m\u00eame y d\u00e9celer des pointes de racisme, comme le gros maghr\u00e9bin qui\nbouffe constamment et qu\u2019on lui ressasse sans arr\u00eat que c\u2019est un kebab, un\ntajine ou du couscous. Ou encore l\u2019asiatique qui pleure en disant qu\u2019il va\ndevoir faire des nems toute sa vie. De petites piques raciales qui ne sont pas\ndr\u00f4les du tout et qui enfoncent le film dans les m\u00e9andres de la m\u00e9diocrit\u00e9. Une\nm\u00e9diocrit\u00e9 qui se ressent m\u00eame dans le message que veut faire passer le film.\nPour faire simple, on fait passer les profs pour des imb\u00e9ciles incomp\u00e9tents\nmais avec un grand c\u0153ur. Sauf que ce grand c\u0153ur, il demeure opportuniste car\nles profs en question sympathisent fortement et ne veulent pas se s\u00e9parer \u00e0 la\nfin de l\u2019aventure, c\u2019est donc pour cela qu\u2019ils sont pr\u00eats \u00e0 tout pour que les\n\u00e9l\u00e8ves r\u00e9ussissent. Ainsi donc, le fond du probl\u00e8me est proprement naus\u00e9abond,\nou tout du moins tr\u00e8s malhabile, m\u00eame si on peut \u00e9mettre un doute lorsque les\nprofs commencent \u00e0 prendre des \u00e9l\u00e8ves filles sur leurs genoux et \u00e0 leur faire\ndes bisous. Tout comme l\u2019on pr\u00e9sente les \u00e9l\u00e8ves comme des branleurs patent\u00e9s,\nsauf pour une jeune fille qui va finalement devenir une cagole sur la fin du\nm\u00e9trage avec une r\u00e9plique ignoble. Le seul moment un peu vrai l\u00e0-dedans concerne\nla prime ridicule re\u00e7ue \u00e0 la toute fin du m\u00e9trage, preuve que notre\ngouvernement se fout pas mal de nos fonctionnaires.<\/p>\n\n\n\n<div class=\"wp-block-image\"><figure class=\"aligncenter is-resized\"><img src=\"https:\/\/www.lavisqteam.fr\/wp-content\/uploads\/2019\/01\/20479832.jpg-r_1920_1080-f_jpg-q_x-xxyxx-1024x640.jpg\" alt=\"\" class=\"wp-image-40291\" width=\"600\" srcset=\"https:\/\/www.lavisqteam.fr\/wp-content\/uploads\/2019\/01\/20479832.jpg-r_1920_1080-f_jpg-q_x-xxyxx-1024x640.jpg 1024w, https:\/\/www.lavisqteam.fr\/wp-content\/uploads\/2019\/01\/20479832.jpg-r_1920_1080-f_jpg-q_x-xxyxx-300x188.jpg 300w, https:\/\/www.lavisqteam.fr\/wp-content\/uploads\/2019\/01\/20479832.jpg-r_1920_1080-f_jpg-q_x-xxyxx-768x480.jpg 768w, https:\/\/www.lavisqteam.fr\/wp-content\/uploads\/2019\/01\/20479832.jpg-r_1920_1080-f_jpg-q_x-xxyxx.jpg 1600w\" sizes=\"(max-width: 1024px) 100vw, 1024px\" \/><\/figure><\/div>\n\n\n\n<p>Au final, <strong>Les Profs<\/strong> est une purge inf\u00e2me, un\nproduit destin\u00e9 \u00e0 un public jeune qui va juste voir des professeurs d\u00e9biles\nfaire des choses compl\u00e8tement d\u00e9biles, voire hors de propos. On se retrouve\ndonc face \u00e0 un film \u00e0 la morale plus que douteuse, \u00e0 l\u2019humour largement \u00e0 la\nramasse et avec des acteurs qui en font des caisses dans l\u2019espoir de susciter\nle rire. En bref, <strong>Les Profs<\/strong> est un\nfilm qui m\u00e9rite bien sa r\u00e9putation de navet intersid\u00e9ral dont l\u2019int\u00e9r\u00eat est\nencore inconnu. Et dire qu\u2019une suite a vu le jour\u2026<\/p>\n\n\n\n<p><strong>Note\u00a0: 02\/20<\/strong><\/p>\n\n\n\n<figure class=\"wp-block-embed-youtube wp-block-embed is-type-video is-provider-youtube wp-embed-aspect-16-9 wp-has-aspect-ratio\"><div class=\"wp-block-embed__wrapper\">\n<iframe loading=\"lazy\" title=\"LES PROFS - Bande annonce\" width=\"1200\" height=\"675\" src=\"https:\/\/www.youtube.com\/embed\/xmUDottECus?feature=oembed\" frameborder=\"0\" allow=\"accelerometer; autoplay; encrypted-media; gyroscope; picture-in-picture\" allowfullscreen><\/iframe>\n<\/div><\/figure>\n\n\n\n<p style=\"text-align:right\">Par <strong>AqME<\/strong><\/p>\n","protected":false},"excerpt":{"rendered":"<p>De&nbsp;: Pierre Fran\u00e7ois Martin-Laval Avec Christian Clavier, Isabelle Nanty, Pierre Fran\u00e7ois Martin-Laval, Kev Adams Ann\u00e9e&nbsp;: 2013 Pays&nbsp;: France Genre&nbsp;: Com\u00e9die R\u00e9sum\u00e9&nbsp;: Avec ses 12% de &hellip; <\/p>\n","protected":false},"author":1,"featured_media":0,"comment_status":"open","ping_status":"open","sticky":false,"template":"","format":"standard","meta":[],"categories":[7],"tags":[],"yoast_head":"<!-- This site is optimized with the Yoast SEO plugin v19.6.1 - https:\/\/yoast.com\/wordpress\/plugins\/seo\/ -->\n<title>Les Profs - Lavisqteam.fr<\/title>\n<meta name=\"robots\" content=\"index, follow, max-snippet:-1, max-image-preview:large, max-video-preview:-1\" \/>\n<link rel=\"canonical\" href=\"https:\/\/www.lavisqteam.fr\/?p=40288\" \/>\n<meta property=\"og:locale\" content=\"fr_FR\" \/>\n<meta property=\"og:type\" content=\"article\" \/>\n<meta property=\"og:title\" content=\"Les Profs - Lavisqteam.fr\" \/>\n<meta property=\"og:description\" content=\"De&nbsp;: Pierre Fran\u00e7ois Martin-Laval Avec Christian Clavier, Isabelle Nanty, Pierre Fran\u00e7ois Martin-Laval, Kev Adams Ann\u00e9e&nbsp;: 2013 Pays&nbsp;: France Genre&nbsp;: Com\u00e9die R\u00e9sum\u00e9&nbsp;: Avec ses 12% de &hellip;\" \/>\n<meta property=\"og:url\" content=\"https:\/\/www.lavisqteam.fr\/?p=40288\" \/>\n<meta property=\"og:site_name\" content=\"Lavisqteam.fr\" \/>\n<meta property=\"article:published_time\" content=\"2019-01-12T12:40:35+00:00\" \/>\n<meta property=\"article:modified_time\" content=\"2019-01-12T12:40:41+00:00\" \/>\n<meta property=\"og:image\" content=\"http:\/\/www.lavisqteam.fr\/wp-content\/uploads\/2019\/01\/20455360.jpg-r_1920_1080-f_jpg-q_x-xxyxx.jpg\" \/>\n<meta name=\"author\" content=\"AqME\" \/>\n<meta name=\"twitter:card\" content=\"summary_large_image\" \/>\n<meta name=\"twitter:label1\" content=\"\u00c9crit par\" \/>\n\t<meta name=\"twitter:data1\" content=\"AqME\" \/>\n\t<meta name=\"twitter:label2\" content=\"Dur\u00e9e de lecture estim\u00e9e\" \/>\n\t<meta name=\"twitter:data2\" content=\"7 minutes\" \/>\n<script type=\"application\/ld+json\" class=\"yoast-schema-graph\">{\"@context\":\"https:\/\/schema.org\",\"@graph\":[{\"@type\":\"Article\",\"@id\":\"https:\/\/www.lavisqteam.fr\/?p=40288#article\",\"isPartOf\":{\"@id\":\"https:\/\/www.lavisqteam.fr\/?p=40288\"},\"author\":{\"name\":\"AqME\",\"@id\":\"https:\/\/www.lavisqteam.fr\/#\/schema\/person\/da11d7c30bf135b288b17cc576708c2d\"},\"headline\":\"Les Profs\",\"datePublished\":\"2019-01-12T12:40:35+00:00\",\"dateModified\":\"2019-01-12T12:40:41+00:00\",\"mainEntityOfPage\":{\"@id\":\"https:\/\/www.lavisqteam.fr\/?p=40288\"},\"wordCount\":1342,\"commentCount\":0,\"publisher\":{\"@id\":\"https:\/\/www.lavisqteam.fr\/#organization\"},\"articleSection\":[\"Cin\u00e9ma\"],\"inLanguage\":\"fr-FR\",\"potentialAction\":[{\"@type\":\"CommentAction\",\"name\":\"Comment\",\"target\":[\"https:\/\/www.lavisqteam.fr\/?p=40288#respond\"]}]},{\"@type\":\"WebPage\",\"@id\":\"https:\/\/www.lavisqteam.fr\/?p=40288\",\"url\":\"https:\/\/www.lavisqteam.fr\/?p=40288\",\"name\":\"Les Profs - Lavisqteam.fr\",\"isPartOf\":{\"@id\":\"https:\/\/www.lavisqteam.fr\/#website\"},\"datePublished\":\"2019-01-12T12:40:35+00:00\",\"dateModified\":\"2019-01-12T12:40:41+00:00\",\"breadcrumb\":{\"@id\":\"https:\/\/www.lavisqteam.fr\/?p=40288#breadcrumb\"},\"inLanguage\":\"fr-FR\",\"potentialAction\":[{\"@type\":\"ReadAction\",\"target\":[\"https:\/\/www.lavisqteam.fr\/?p=40288\"]}]},{\"@type\":\"BreadcrumbList\",\"@id\":\"https:\/\/www.lavisqteam.fr\/?p=40288#breadcrumb\",\"itemListElement\":[{\"@type\":\"ListItem\",\"position\":1,\"name\":\"Accueil\",\"item\":\"https:\/\/www.lavisqteam.fr\/\"},{\"@type\":\"ListItem\",\"position\":2,\"name\":\"Les Profs\"}]},{\"@type\":\"WebSite\",\"@id\":\"https:\/\/www.lavisqteam.fr\/#website\",\"url\":\"https:\/\/www.lavisqteam.fr\/\",\"name\":\"Lavisqteam.fr\",\"description\":\"\",\"publisher\":{\"@id\":\"https:\/\/www.lavisqteam.fr\/#organization\"},\"potentialAction\":[{\"@type\":\"SearchAction\",\"target\":{\"@type\":\"EntryPoint\",\"urlTemplate\":\"https:\/\/www.lavisqteam.fr\/?s={search_term_string}\"},\"query-input\":\"required name=search_term_string\"}],\"inLanguage\":\"fr-FR\"},{\"@type\":\"Organization\",\"@id\":\"https:\/\/www.lavisqteam.fr\/#organization\",\"name\":\"Lavisqteam.fr\",\"url\":\"https:\/\/www.lavisqteam.fr\/\",\"sameAs\":[],\"logo\":{\"@type\":\"ImageObject\",\"inLanguage\":\"fr-FR\",\"@id\":\"https:\/\/www.lavisqteam.fr\/#\/schema\/logo\/image\/\",\"url\":\"https:\/\/www.lavisqteam.fr\/wp-content\/uploads\/2020\/08\/cropped-80879545_3479261675449035_4078032831501041664_o-4.jpg\",\"contentUrl\":\"https:\/\/www.lavisqteam.fr\/wp-content\/uploads\/2020\/08\/cropped-80879545_3479261675449035_4078032831501041664_o-4.jpg\",\"width\":1674,\"height\":536,\"caption\":\"Lavisqteam.fr\"},\"image\":{\"@id\":\"https:\/\/www.lavisqteam.fr\/#\/schema\/logo\/image\/\"}},{\"@type\":\"Person\",\"@id\":\"https:\/\/www.lavisqteam.fr\/#\/schema\/person\/da11d7c30bf135b288b17cc576708c2d\",\"name\":\"AqME\",\"image\":{\"@type\":\"ImageObject\",\"inLanguage\":\"fr-FR\",\"@id\":\"https:\/\/www.lavisqteam.fr\/#\/schema\/person\/image\/\",\"url\":\"https:\/\/secure.gravatar.com\/avatar\/4a87d013fc854acd0f25858a13573675?s=96&d=mm&r=g\",\"contentUrl\":\"https:\/\/secure.gravatar.com\/avatar\/4a87d013fc854acd0f25858a13573675?s=96&d=mm&r=g\",\"caption\":\"AqME\"},\"description\":\"Amateur d'horreur, M\u00e9talleux dans l'\u00e2me, je succombe facilement \u00e0 des images de chatons.\",\"url\":\"https:\/\/www.lavisqteam.fr\/?author=1\"}]}<\/script>\n<!-- \/ Yoast SEO plugin. -->","yoast_head_json":{"title":"Les Profs - Lavisqteam.fr","robots":{"index":"index","follow":"follow","max-snippet":"max-snippet:-1","max-image-preview":"max-image-preview:large","max-video-preview":"max-video-preview:-1"},"canonical":"https:\/\/www.lavisqteam.fr\/?p=40288","og_locale":"fr_FR","og_type":"article","og_title":"Les Profs - Lavisqteam.fr","og_description":"De&nbsp;: Pierre Fran\u00e7ois Martin-Laval Avec Christian Clavier, Isabelle Nanty, Pierre Fran\u00e7ois Martin-Laval, Kev Adams Ann\u00e9e&nbsp;: 2013 Pays&nbsp;: France Genre&nbsp;: Com\u00e9die R\u00e9sum\u00e9&nbsp;: Avec ses 12% de &hellip;","og_url":"https:\/\/www.lavisqteam.fr\/?p=40288","og_site_name":"Lavisqteam.fr","article_published_time":"2019-01-12T12:40:35+00:00","article_modified_time":"2019-01-12T12:40:41+00:00","og_image":[{"url":"http:\/\/www.lavisqteam.fr\/wp-content\/uploads\/2019\/01\/20455360.jpg-r_1920_1080-f_jpg-q_x-xxyxx.jpg"}],"author":"AqME","twitter_card":"summary_large_image","twitter_misc":{"\u00c9crit par":"AqME","Dur\u00e9e de lecture estim\u00e9e":"7 minutes"},"schema":{"@context":"https:\/\/schema.org","@graph":[{"@type":"Article","@id":"https:\/\/www.lavisqteam.fr\/?p=40288#article","isPartOf":{"@id":"https:\/\/www.lavisqteam.fr\/?p=40288"},"author":{"name":"AqME","@id":"https:\/\/www.lavisqteam.fr\/#\/schema\/person\/da11d7c30bf135b288b17cc576708c2d"},"headline":"Les Profs","datePublished":"2019-01-12T12:40:35+00:00","dateModified":"2019-01-12T12:40:41+00:00","mainEntityOfPage":{"@id":"https:\/\/www.lavisqteam.fr\/?p=40288"},"wordCount":1342,"commentCount":0,"publisher":{"@id":"https:\/\/www.lavisqteam.fr\/#organization"},"articleSection":["Cin\u00e9ma"],"inLanguage":"fr-FR","potentialAction":[{"@type":"CommentAction","name":"Comment","target":["https:\/\/www.lavisqteam.fr\/?p=40288#respond"]}]},{"@type":"WebPage","@id":"https:\/\/www.lavisqteam.fr\/?p=40288","url":"https:\/\/www.lavisqteam.fr\/?p=40288","name":"Les Profs - Lavisqteam.fr","isPartOf":{"@id":"https:\/\/www.lavisqteam.fr\/#website"},"datePublished":"2019-01-12T12:40:35+00:00","dateModified":"2019-01-12T12:40:41+00:00","breadcrumb":{"@id":"https:\/\/www.lavisqteam.fr\/?p=40288#breadcrumb"},"inLanguage":"fr-FR","potentialAction":[{"@type":"ReadAction","target":["https:\/\/www.lavisqteam.fr\/?p=40288"]}]},{"@type":"BreadcrumbList","@id":"https:\/\/www.lavisqteam.fr\/?p=40288#breadcrumb","itemListElement":[{"@type":"ListItem","position":1,"name":"Accueil","item":"https:\/\/www.lavisqteam.fr\/"},{"@type":"ListItem","position":2,"name":"Les Profs"}]},{"@type":"WebSite","@id":"https:\/\/www.lavisqteam.fr\/#website","url":"https:\/\/www.lavisqteam.fr\/","name":"Lavisqteam.fr","description":"","publisher":{"@id":"https:\/\/www.lavisqteam.fr\/#organization"},"potentialAction":[{"@type":"SearchAction","target":{"@type":"EntryPoint","urlTemplate":"https:\/\/www.lavisqteam.fr\/?s={search_term_string}"},"query-input":"required name=search_term_string"}],"inLanguage":"fr-FR"},{"@type":"Organization","@id":"https:\/\/www.lavisqteam.fr\/#organization","name":"Lavisqteam.fr","url":"https:\/\/www.lavisqteam.fr\/","sameAs":[],"logo":{"@type":"ImageObject","inLanguage":"fr-FR","@id":"https:\/\/www.lavisqteam.fr\/#\/schema\/logo\/image\/","url":"https:\/\/www.lavisqteam.fr\/wp-content\/uploads\/2020\/08\/cropped-80879545_3479261675449035_4078032831501041664_o-4.jpg","contentUrl":"https:\/\/www.lavisqteam.fr\/wp-content\/uploads\/2020\/08\/cropped-80879545_3479261675449035_4078032831501041664_o-4.jpg","width":1674,"height":536,"caption":"Lavisqteam.fr"},"image":{"@id":"https:\/\/www.lavisqteam.fr\/#\/schema\/logo\/image\/"}},{"@type":"Person","@id":"https:\/\/www.lavisqteam.fr\/#\/schema\/person\/da11d7c30bf135b288b17cc576708c2d","name":"AqME","image":{"@type":"ImageObject","inLanguage":"fr-FR","@id":"https:\/\/www.lavisqteam.fr\/#\/schema\/person\/image\/","url":"https:\/\/secure.gravatar.com\/avatar\/4a87d013fc854acd0f25858a13573675?s=96&d=mm&r=g","contentUrl":"https:\/\/secure.gravatar.com\/avatar\/4a87d013fc854acd0f25858a13573675?s=96&d=mm&r=g","caption":"AqME"},"description":"Amateur d'horreur, M\u00e9talleux dans l'\u00e2me, je succombe facilement \u00e0 des images de chatons.","url":"https:\/\/www.lavisqteam.fr\/?author=1"}]}},"jetpack_featured_media_url":"","_links":{"self":[{"href":"https:\/\/www.lavisqteam.fr\/index.php?rest_route=\/wp\/v2\/posts\/40288"}],"collection":[{"href":"https:\/\/www.lavisqteam.fr\/index.php?rest_route=\/wp\/v2\/posts"}],"about":[{"href":"https:\/\/www.lavisqteam.fr\/index.php?rest_route=\/wp\/v2\/types\/post"}],"author":[{"embeddable":true,"href":"https:\/\/www.lavisqteam.fr\/index.php?rest_route=\/wp\/v2\/users\/1"}],"replies":[{"embeddable":true,"href":"https:\/\/www.lavisqteam.fr\/index.php?rest_route=%2Fwp%2Fv2%2Fcomments&post=40288"}],"version-history":[{"count":1,"href":"https:\/\/www.lavisqteam.fr\/index.php?rest_route=\/wp\/v2\/posts\/40288\/revisions"}],"predecessor-version":[{"id":40292,"href":"https:\/\/www.lavisqteam.fr\/index.php?rest_route=\/wp\/v2\/posts\/40288\/revisions\/40292"}],"wp:attachment":[{"href":"https:\/\/www.lavisqteam.fr\/index.php?rest_route=%2Fwp%2Fv2%2Fmedia&parent=40288"}],"wp:term":[{"taxonomy":"category","embeddable":true,"href":"https:\/\/www.lavisqteam.fr\/index.php?rest_route=%2Fwp%2Fv2%2Fcategories&post=40288"},{"taxonomy":"post_tag","embeddable":true,"href":"https:\/\/www.lavisqteam.fr\/index.php?rest_route=%2Fwp%2Fv2%2Ftags&post=40288"}],"curies":[{"name":"wp","href":"https:\/\/api.w.org\/{rel}","templated":true}]}}