{"id":40135,"date":"2019-01-03T12:59:01","date_gmt":"2019-01-03T12:59:01","guid":{"rendered":"http:\/\/www.lavisqteam.fr\/?p=40135"},"modified":"2019-01-03T12:59:07","modified_gmt":"2019-01-03T12:59:07","slug":"parlez-moi-de-vous","status":"publish","type":"post","link":"https:\/\/www.lavisqteam.fr\/?p=40135","title":{"rendered":"Parlez-Moi de Vous"},"content":{"rendered":"\n<div class=\"wp-block-image\"><figure class=\"aligncenter\"><img loading=\"lazy\" width=\"600\" height=\"800\" src=\"https:\/\/www.lavisqteam.fr\/wp-content\/uploads\/2019\/01\/48960151_348242542672753_2653575454262296576_n.jpg\" alt=\"\" class=\"wp-image-40136\" srcset=\"https:\/\/www.lavisqteam.fr\/wp-content\/uploads\/2019\/01\/48960151_348242542672753_2653575454262296576_n.jpg 600w, https:\/\/www.lavisqteam.fr\/wp-content\/uploads\/2019\/01\/48960151_348242542672753_2653575454262296576_n-225x300.jpg 225w\" sizes=\"(max-width: 600px) 100vw, 600px\" \/><\/figure><\/div>\n\n\n\n<p><strong>De&nbsp;: <\/strong>Pierre Pinaud<\/p>\n\n\n\n<p><strong>Avec <\/strong>Karin Viard, Nicolas Duvauchelle, Nadia\nBarentin, Patrick Fierry<\/p>\n\n\n\n<p><strong>Ann\u00e9e&nbsp;: <\/strong>2012<\/p>\n\n\n\n<p><strong>Pays&nbsp;: <\/strong>France<\/p>\n\n\n\n<p><strong>Genre&nbsp;: <\/strong>Com\u00e9die, Drame<\/p>\n\n\n\n<p><strong>R\u00e9sum\u00e9&nbsp;:<\/strong><\/p>\n\n\n\n<p>\u00c0 40 ans,\nM\u00e9lina est la voix la plus c\u00e9l\u00e8bre de France. Animatrice \u00e0 la radio, la nuit \u00e0\nl\u2019antenne elle r\u00e9sout les probl\u00e8mes affectifs et sexuels des auditeurs avec\nimpertinence, humour et sans tabou. Tout le monde conna\u00eet sa voix, mais\npersonne ne conna\u00eet son visage.<br>\nDans la vie, elle \u00e9vite tout contact et vit comme une vieille fille dans les\nbeaux quartiers. Partie \u00e0 la recherche d\u2019une m\u00e8re qu\u2019elle n\u2019a jamais connue,\nelle d\u00e9couvre que celle-ci vit au sein d\u2019une famille nombreuse, en banlieue.\nElle d\u00e9cide de s&rsquo;approcher d&rsquo;elle, incognito&#8230;.<\/p>\n\n\n\n<p><strong>Avis&nbsp;:<\/strong><strong><\/strong><\/p>\n\n\n\n<p>Inconnu du grand public, <em>Pierre Pinaud<\/em> est un r\u00e9alisateur qui a d\u00e9j\u00e0 un joli parcours\nderri\u00e8re lui, alors m\u00eame que \u00ab\u00a0<strong>Parlez-moi\nde vous<\/strong>\u00a0\u00bb n&rsquo;\u00e9tait et demeure encore aujourd&rsquo;hui son seul et unique\nlong-m\u00e9trage. La carri\u00e8re de r\u00e9alisateur de <em>Pierre\nPinaud<\/em> d\u00e9bute vers la fin des ann\u00e9es 90 avec un court-m\u00e9trage. Un premier\ncourt-m\u00e9trage qui passe inaper\u00e7u, il faudra que le r\u00e9alisateur patiente et\nc&rsquo;est avec son deuxi\u00e8me court qu&rsquo;il commence \u00e0 se faire un petit nom, car le\nfilm sera remarqu\u00e9 dans beaucoup de festivals. S&rsquo;ensuivent alors trois\ncourts-m\u00e9trages en l&rsquo;espace de trois ans, avant 2008 et \u00ab\u00a0<strong>Les miettes<\/strong>\u00ab\u00a0, un ultime\ncourt-m\u00e9trage qui lui vaudra le C\u00e9sar du meilleur court-m\u00e9trage. <\/p>\n\n\n\n<p>D\u00e8s lors, <em>Pierre\nPinaud<\/em> vise le long-m\u00e9trage et apr\u00e8s quatre ans pour \u00e9crire et mettre en\nsc\u00e8ne, <em>Pierre Pinaud<\/em> pr\u00e9sente son\npremier film, \u00ab\u00a0<strong>Parlez-moi de vous<\/strong>\u00ab\u00a0.\nAvec ce premier film, <em>Pierre Pinaud <\/em>propose\nune \u0153uvre originale, qui va s&rsquo;av\u00e9rer \u00e0 la fois touchante et dr\u00f4le. Une \u0153uvre\nqui peint le portrait d&rsquo;une femme seule et perdue, dont l&rsquo;abandon d&rsquo;une m\u00e8re\ncause des ravages difficilement imaginables. Emmen\u00e9 par une <em>Karin Viard<\/em> encore et toujours au top,\n\u00ab\u00a0<strong>Parlez-moi de vous<\/strong>\u00a0\u00bb\nmanque cependant d&rsquo;un petit quelque chose en plus pour que le film soit vraiment\npassionnant. <\/p>\n\n\n\n<div class=\"wp-block-image\"><figure class=\"aligncenter is-resized\"><img src=\"https:\/\/www.lavisqteam.fr\/wp-content\/uploads\/2019\/01\/48381101_212359629712511_3504653877146288128_n-1024x540.jpg\" alt=\"\" class=\"wp-image-40137\" width=\"600\" srcset=\"https:\/\/www.lavisqteam.fr\/wp-content\/uploads\/2019\/01\/48381101_212359629712511_3504653877146288128_n-1024x540.jpg 1024w, https:\/\/www.lavisqteam.fr\/wp-content\/uploads\/2019\/01\/48381101_212359629712511_3504653877146288128_n-300x158.jpg 300w, https:\/\/www.lavisqteam.fr\/wp-content\/uploads\/2019\/01\/48381101_212359629712511_3504653877146288128_n-768x405.jpg 768w, https:\/\/www.lavisqteam.fr\/wp-content\/uploads\/2019\/01\/48381101_212359629712511_3504653877146288128_n.jpg 1200w\" sizes=\"(max-width: 1024px) 100vw, 1024px\" \/><\/figure><\/div>\n\n\n\n<p>M\u00e9lina a quarante ans et on peut dire qu&rsquo;elle\na r\u00e9ussi sa vie, enfin du moins sur ce qu&rsquo;elle laisse entrevoir. M\u00e9lina est\nl&rsquo;une des animatrices radios les plus connues de France, et \u00e7a, m\u00eame si son\nvisage est inconnu, puisque l&rsquo;animatrice joue la carte de l&rsquo;anonymat. Tous les\nsoirs, elle prodigue des conseils pr\u00e9cieux, pleins de bons sens, de logique et\nd&rsquo;\u00e9coute. Mais une fois la porte de son appartement ferm\u00e9, loin des regards des\namis ou autres coll\u00e8gues, M\u00e9lina, de son vrai pr\u00e9nom Claire, est une femme\nperdue et seule, qui est \u00e0 la recherche de sa m\u00e8re qui l&rsquo;a abandonn\u00e9e il y a\ndes ann\u00e9es maintenant. Apr\u00e8s plusieurs enqu\u00eates, Claire vient de la retrouver. Sa\nm\u00e8re s&rsquo;appelle Jo\u00eblle, elle habite en banlieue parisienne et elle a une belle\net grande famille&#8230; <\/p>\n\n\n\n<p>\u00ab\u00a0<strong>Parlez-moi\nde vous<\/strong>\u00ab\u00a0, avec son affiche et son titre, laisse appara\u00eetre une com\u00e9die\nautour d&rsquo;une femme prodiguant des conseils \u00e0 la radio. On aurait pu croire et\nesp\u00e9rer trouver un film qui est plein d&rsquo;amusement, sorte de caricature de <em>Brigitte Lahaie<\/em>, mais il n&rsquo;en est rien,\net m\u00eame si le film sera parsem\u00e9 de petites touches d&rsquo;humour par ci et par l\u00e0,\n\u00ab\u00a0<strong>Parlez-moi de vous<\/strong>\u00a0\u00bb va\n\u00eatre tout autre, \u00e0 commencer par un drame humain et touchant sur les d\u00e9sastres\nde l&rsquo;abandon. <\/p>\n\n\n\n<p>Ce qui est tr\u00e8s beau avec ce premier film de <em>Pierre Pinaud<\/em>, c&rsquo;est l&rsquo;id\u00e9e m\u00eame d&rsquo;avoir\nchoisi une femme qui prodigue de pr\u00e9cieux conseils \u00e0 la radio, remettant sur\nrails des vies, alors m\u00eame que dans sa vie personnelle, le train a d\u00e9raill\u00e9 il\ny a bien longtemps. Ne sombrant jamais dans le pathos, osant des choix\nambitieux, surtout sur sa fin, qui ne plaira s\u00fbrement pas au plus grand nombre,\navec ce premier film, <em>Pierre Pinaud<\/em>\nd\u00e9montre une envie d&rsquo;un cin\u00e9ma qui surprend. Un cin\u00e9ma profond, cach\u00e9 sous des\ntraits qui le sont bien moins. <\/p>\n\n\n\n<p>Alors comme tout premier film, \u00ab\u00a0<strong>Parlez-moi de vous<\/strong>\u00a0\u00bb ne sera pas\nexsangue de petites maladresses, comme par exemple tout ce qui est fait autour\nde l&rsquo;anonymat de son animatrice radio, je parle surtout de la r\u00e9v\u00e9lation de son\nvisage au grand public. Ces sc\u00e8nes sont certes courtes, mais elles ne font pas\navancer l&rsquo;intrigue, et elle donne l&rsquo;impression d&rsquo;\u00eatre ici pour pousser le film \u00e0\ngrappiller quelques minutes. \u00ab\u00a0<strong>Parlez-moi\nde vous<\/strong>\u00a0\u00bb aura un petit ventre mou, surtout quand il aborde une\npossible d&rsquo;histoire d&rsquo;amour. Si c&rsquo;est joliment amen\u00e9 et qu&rsquo;il y a une belle\nalchimie qui se d\u00e9gage de <em>Karin Viard<\/em>\net <em>Nicolas Duvauchelle<\/em>, pas s\u00fbr que\nla sous-intrigue eu \u00e9t\u00e9 utile dans l&rsquo;ensemble. En fait, \u00e0 bien y r\u00e9fl\u00e9chir,\n\u00ab\u00a0<strong>Parlez-moi de vous<\/strong>\u00a0\u00bb\nsouffre du d\u00e9faut de beaucoup de premiers long-m\u00e9trages, la trop grande\nrichesse de son sc\u00e9nario. <em>Pierre Pinaud<\/em>\nveut parler de tellement de choses qu&rsquo;il finit par en survoler certaines, d&rsquo;o\u00f9\nle fait que le film finisse par n&rsquo;\u00eatre qu\u2019un bon petit film, alors qu&rsquo;il aurait\npu \u00eatre bien plus en se concentrant et d\u00e9veloppant son sujet de\n\u00ab\u00a0base\u00a0\u00bb. <\/p>\n\n\n\n<p>Reste donc alors avant tout ce sujet\nsublimement triste, l&rsquo;abandon d&rsquo;une m\u00e8re et le d\u00e9sir de savoir d&rsquo;o\u00f9 l&rsquo;on vient\net qui l&rsquo;on est, ce qui est sensiblement mis en sc\u00e8ne. Un sujet beau et\ntouchant, qui est tenu et jou\u00e9 d&rsquo;une main de ma\u00eetre par une <em>Karin Viard<\/em> d\u00e9cid\u00e9ment tr\u00e8s grande ! <\/p>\n\n\n\n<div class=\"wp-block-image\"><figure class=\"aligncenter is-resized\"><img src=\"https:\/\/www.lavisqteam.fr\/wp-content\/uploads\/2019\/01\/49087152_329110934611129_5622260431260221440_n-1024x680.jpg\" alt=\"\" class=\"wp-image-40138\" width=\"600\" srcset=\"https:\/\/www.lavisqteam.fr\/wp-content\/uploads\/2019\/01\/49087152_329110934611129_5622260431260221440_n-1024x680.jpg 1024w, https:\/\/www.lavisqteam.fr\/wp-content\/uploads\/2019\/01\/49087152_329110934611129_5622260431260221440_n-300x199.jpg 300w, https:\/\/www.lavisqteam.fr\/wp-content\/uploads\/2019\/01\/49087152_329110934611129_5622260431260221440_n-768x510.jpg 768w, https:\/\/www.lavisqteam.fr\/wp-content\/uploads\/2019\/01\/49087152_329110934611129_5622260431260221440_n.jpg 1085w\" sizes=\"(max-width: 1024px) 100vw, 1024px\" \/><\/figure><\/div>\n\n\n\n<p>Avec ses qualit\u00e9s et ses faiblesses, \u00ab\u00a0<strong>Parlez-moi de vous<\/strong>\u00a0\u00bb est un premier\nessai int\u00e9ressant, beau et touchant. <em>Pierre\nPinaud<\/em> offre un portrait d\u00e9licat, ne tombe jamais dans la surench\u00e8re et ose\nm\u00eame offrir un final loin des conventions. On attend maintenant le film suivant\nde <em>Pierre Pinaud<\/em> avec une certaine\ncuriosit\u00e9 &#8230; <\/p>\n\n\n\n<p><strong>Note\u00a0: 13\/20<\/strong><\/p>\n\n\n\n<figure class=\"wp-block-embed-youtube wp-block-embed is-type-video is-provider-youtube wp-embed-aspect-16-9 wp-has-aspect-ratio\"><div class=\"wp-block-embed__wrapper\">\n<iframe loading=\"lazy\" title=\"Parlez moi de Vous Bande Annonce VF\" width=\"1200\" height=\"675\" src=\"https:\/\/www.youtube.com\/embed\/JoKjTjvhT4g?feature=oembed\" frameborder=\"0\" allow=\"accelerometer; autoplay; encrypted-media; gyroscope; picture-in-picture\" allowfullscreen><\/iframe>\n<\/div><\/figure>\n\n\n\n<p style=\"text-align:right\">Par <strong>Cin\u00e9ted<\/strong><\/p>\n","protected":false},"excerpt":{"rendered":"<p>De&nbsp;: Pierre Pinaud Avec Karin Viard, Nicolas Duvauchelle, Nadia Barentin, Patrick Fierry Ann\u00e9e&nbsp;: 2012 Pays&nbsp;: France Genre&nbsp;: Com\u00e9die, Drame R\u00e9sum\u00e9&nbsp;: \u00c0 40 ans, M\u00e9lina est &hellip; <\/p>\n","protected":false},"author":1,"featured_media":0,"comment_status":"open","ping_status":"open","sticky":false,"template":"","format":"standard","meta":[],"categories":[7],"tags":[],"yoast_head":"<!-- This site is optimized with the Yoast SEO plugin v19.6.1 - https:\/\/yoast.com\/wordpress\/plugins\/seo\/ -->\n<title>Parlez-Moi de Vous - Lavisqteam.fr<\/title>\n<meta name=\"robots\" content=\"index, follow, max-snippet:-1, max-image-preview:large, max-video-preview:-1\" \/>\n<link rel=\"canonical\" href=\"https:\/\/www.lavisqteam.fr\/?p=40135\" \/>\n<meta property=\"og:locale\" content=\"fr_FR\" \/>\n<meta property=\"og:type\" content=\"article\" \/>\n<meta property=\"og:title\" content=\"Parlez-Moi de Vous - Lavisqteam.fr\" \/>\n<meta property=\"og:description\" content=\"De&nbsp;: Pierre Pinaud Avec Karin Viard, Nicolas Duvauchelle, Nadia Barentin, Patrick Fierry Ann\u00e9e&nbsp;: 2012 Pays&nbsp;: France Genre&nbsp;: Com\u00e9die, Drame R\u00e9sum\u00e9&nbsp;: \u00c0 40 ans, M\u00e9lina est &hellip;\" \/>\n<meta property=\"og:url\" content=\"https:\/\/www.lavisqteam.fr\/?p=40135\" \/>\n<meta property=\"og:site_name\" content=\"Lavisqteam.fr\" \/>\n<meta property=\"article:published_time\" content=\"2019-01-03T12:59:01+00:00\" \/>\n<meta property=\"article:modified_time\" content=\"2019-01-03T12:59:07+00:00\" \/>\n<meta property=\"og:image\" content=\"http:\/\/www.lavisqteam.fr\/wp-content\/uploads\/2019\/01\/48960151_348242542672753_2653575454262296576_n.jpg\" \/>\n<meta name=\"author\" content=\"AqME\" \/>\n<meta name=\"twitter:card\" content=\"summary_large_image\" \/>\n<meta name=\"twitter:label1\" content=\"\u00c9crit par\" \/>\n\t<meta name=\"twitter:data1\" content=\"AqME\" \/>\n\t<meta name=\"twitter:label2\" content=\"Dur\u00e9e de lecture estim\u00e9e\" \/>\n\t<meta name=\"twitter:data2\" content=\"5 minutes\" \/>\n<script type=\"application\/ld+json\" class=\"yoast-schema-graph\">{\"@context\":\"https:\/\/schema.org\",\"@graph\":[{\"@type\":\"Article\",\"@id\":\"https:\/\/www.lavisqteam.fr\/?p=40135#article\",\"isPartOf\":{\"@id\":\"https:\/\/www.lavisqteam.fr\/?p=40135\"},\"author\":{\"name\":\"AqME\",\"@id\":\"https:\/\/www.lavisqteam.fr\/#\/schema\/person\/da11d7c30bf135b288b17cc576708c2d\"},\"headline\":\"Parlez-Moi de Vous\",\"datePublished\":\"2019-01-03T12:59:01+00:00\",\"dateModified\":\"2019-01-03T12:59:07+00:00\",\"mainEntityOfPage\":{\"@id\":\"https:\/\/www.lavisqteam.fr\/?p=40135\"},\"wordCount\":1019,\"commentCount\":0,\"publisher\":{\"@id\":\"https:\/\/www.lavisqteam.fr\/#organization\"},\"articleSection\":[\"Cin\u00e9ma\"],\"inLanguage\":\"fr-FR\",\"potentialAction\":[{\"@type\":\"CommentAction\",\"name\":\"Comment\",\"target\":[\"https:\/\/www.lavisqteam.fr\/?p=40135#respond\"]}]},{\"@type\":\"WebPage\",\"@id\":\"https:\/\/www.lavisqteam.fr\/?p=40135\",\"url\":\"https:\/\/www.lavisqteam.fr\/?p=40135\",\"name\":\"Parlez-Moi de Vous - Lavisqteam.fr\",\"isPartOf\":{\"@id\":\"https:\/\/www.lavisqteam.fr\/#website\"},\"datePublished\":\"2019-01-03T12:59:01+00:00\",\"dateModified\":\"2019-01-03T12:59:07+00:00\",\"breadcrumb\":{\"@id\":\"https:\/\/www.lavisqteam.fr\/?p=40135#breadcrumb\"},\"inLanguage\":\"fr-FR\",\"potentialAction\":[{\"@type\":\"ReadAction\",\"target\":[\"https:\/\/www.lavisqteam.fr\/?p=40135\"]}]},{\"@type\":\"BreadcrumbList\",\"@id\":\"https:\/\/www.lavisqteam.fr\/?p=40135#breadcrumb\",\"itemListElement\":[{\"@type\":\"ListItem\",\"position\":1,\"name\":\"Accueil\",\"item\":\"https:\/\/www.lavisqteam.fr\/\"},{\"@type\":\"ListItem\",\"position\":2,\"name\":\"Parlez-Moi de Vous\"}]},{\"@type\":\"WebSite\",\"@id\":\"https:\/\/www.lavisqteam.fr\/#website\",\"url\":\"https:\/\/www.lavisqteam.fr\/\",\"name\":\"Lavisqteam.fr\",\"description\":\"\",\"publisher\":{\"@id\":\"https:\/\/www.lavisqteam.fr\/#organization\"},\"potentialAction\":[{\"@type\":\"SearchAction\",\"target\":{\"@type\":\"EntryPoint\",\"urlTemplate\":\"https:\/\/www.lavisqteam.fr\/?s={search_term_string}\"},\"query-input\":\"required name=search_term_string\"}],\"inLanguage\":\"fr-FR\"},{\"@type\":\"Organization\",\"@id\":\"https:\/\/www.lavisqteam.fr\/#organization\",\"name\":\"Lavisqteam.fr\",\"url\":\"https:\/\/www.lavisqteam.fr\/\",\"sameAs\":[],\"logo\":{\"@type\":\"ImageObject\",\"inLanguage\":\"fr-FR\",\"@id\":\"https:\/\/www.lavisqteam.fr\/#\/schema\/logo\/image\/\",\"url\":\"https:\/\/www.lavisqteam.fr\/wp-content\/uploads\/2020\/08\/cropped-80879545_3479261675449035_4078032831501041664_o-4.jpg\",\"contentUrl\":\"https:\/\/www.lavisqteam.fr\/wp-content\/uploads\/2020\/08\/cropped-80879545_3479261675449035_4078032831501041664_o-4.jpg\",\"width\":1674,\"height\":536,\"caption\":\"Lavisqteam.fr\"},\"image\":{\"@id\":\"https:\/\/www.lavisqteam.fr\/#\/schema\/logo\/image\/\"}},{\"@type\":\"Person\",\"@id\":\"https:\/\/www.lavisqteam.fr\/#\/schema\/person\/da11d7c30bf135b288b17cc576708c2d\",\"name\":\"AqME\",\"image\":{\"@type\":\"ImageObject\",\"inLanguage\":\"fr-FR\",\"@id\":\"https:\/\/www.lavisqteam.fr\/#\/schema\/person\/image\/\",\"url\":\"https:\/\/secure.gravatar.com\/avatar\/4a87d013fc854acd0f25858a13573675?s=96&d=mm&r=g\",\"contentUrl\":\"https:\/\/secure.gravatar.com\/avatar\/4a87d013fc854acd0f25858a13573675?s=96&d=mm&r=g\",\"caption\":\"AqME\"},\"description\":\"Amateur d'horreur, M\u00e9talleux dans l'\u00e2me, je succombe facilement \u00e0 des images de chatons.\",\"url\":\"https:\/\/www.lavisqteam.fr\/?author=1\"}]}<\/script>\n<!-- \/ Yoast SEO plugin. -->","yoast_head_json":{"title":"Parlez-Moi de Vous - Lavisqteam.fr","robots":{"index":"index","follow":"follow","max-snippet":"max-snippet:-1","max-image-preview":"max-image-preview:large","max-video-preview":"max-video-preview:-1"},"canonical":"https:\/\/www.lavisqteam.fr\/?p=40135","og_locale":"fr_FR","og_type":"article","og_title":"Parlez-Moi de Vous - Lavisqteam.fr","og_description":"De&nbsp;: Pierre Pinaud Avec Karin Viard, Nicolas Duvauchelle, Nadia Barentin, Patrick Fierry Ann\u00e9e&nbsp;: 2012 Pays&nbsp;: France Genre&nbsp;: Com\u00e9die, Drame R\u00e9sum\u00e9&nbsp;: \u00c0 40 ans, M\u00e9lina est &hellip;","og_url":"https:\/\/www.lavisqteam.fr\/?p=40135","og_site_name":"Lavisqteam.fr","article_published_time":"2019-01-03T12:59:01+00:00","article_modified_time":"2019-01-03T12:59:07+00:00","og_image":[{"url":"http:\/\/www.lavisqteam.fr\/wp-content\/uploads\/2019\/01\/48960151_348242542672753_2653575454262296576_n.jpg"}],"author":"AqME","twitter_card":"summary_large_image","twitter_misc":{"\u00c9crit par":"AqME","Dur\u00e9e de lecture estim\u00e9e":"5 minutes"},"schema":{"@context":"https:\/\/schema.org","@graph":[{"@type":"Article","@id":"https:\/\/www.lavisqteam.fr\/?p=40135#article","isPartOf":{"@id":"https:\/\/www.lavisqteam.fr\/?p=40135"},"author":{"name":"AqME","@id":"https:\/\/www.lavisqteam.fr\/#\/schema\/person\/da11d7c30bf135b288b17cc576708c2d"},"headline":"Parlez-Moi de Vous","datePublished":"2019-01-03T12:59:01+00:00","dateModified":"2019-01-03T12:59:07+00:00","mainEntityOfPage":{"@id":"https:\/\/www.lavisqteam.fr\/?p=40135"},"wordCount":1019,"commentCount":0,"publisher":{"@id":"https:\/\/www.lavisqteam.fr\/#organization"},"articleSection":["Cin\u00e9ma"],"inLanguage":"fr-FR","potentialAction":[{"@type":"CommentAction","name":"Comment","target":["https:\/\/www.lavisqteam.fr\/?p=40135#respond"]}]},{"@type":"WebPage","@id":"https:\/\/www.lavisqteam.fr\/?p=40135","url":"https:\/\/www.lavisqteam.fr\/?p=40135","name":"Parlez-Moi de Vous - Lavisqteam.fr","isPartOf":{"@id":"https:\/\/www.lavisqteam.fr\/#website"},"datePublished":"2019-01-03T12:59:01+00:00","dateModified":"2019-01-03T12:59:07+00:00","breadcrumb":{"@id":"https:\/\/www.lavisqteam.fr\/?p=40135#breadcrumb"},"inLanguage":"fr-FR","potentialAction":[{"@type":"ReadAction","target":["https:\/\/www.lavisqteam.fr\/?p=40135"]}]},{"@type":"BreadcrumbList","@id":"https:\/\/www.lavisqteam.fr\/?p=40135#breadcrumb","itemListElement":[{"@type":"ListItem","position":1,"name":"Accueil","item":"https:\/\/www.lavisqteam.fr\/"},{"@type":"ListItem","position":2,"name":"Parlez-Moi de Vous"}]},{"@type":"WebSite","@id":"https:\/\/www.lavisqteam.fr\/#website","url":"https:\/\/www.lavisqteam.fr\/","name":"Lavisqteam.fr","description":"","publisher":{"@id":"https:\/\/www.lavisqteam.fr\/#organization"},"potentialAction":[{"@type":"SearchAction","target":{"@type":"EntryPoint","urlTemplate":"https:\/\/www.lavisqteam.fr\/?s={search_term_string}"},"query-input":"required name=search_term_string"}],"inLanguage":"fr-FR"},{"@type":"Organization","@id":"https:\/\/www.lavisqteam.fr\/#organization","name":"Lavisqteam.fr","url":"https:\/\/www.lavisqteam.fr\/","sameAs":[],"logo":{"@type":"ImageObject","inLanguage":"fr-FR","@id":"https:\/\/www.lavisqteam.fr\/#\/schema\/logo\/image\/","url":"https:\/\/www.lavisqteam.fr\/wp-content\/uploads\/2020\/08\/cropped-80879545_3479261675449035_4078032831501041664_o-4.jpg","contentUrl":"https:\/\/www.lavisqteam.fr\/wp-content\/uploads\/2020\/08\/cropped-80879545_3479261675449035_4078032831501041664_o-4.jpg","width":1674,"height":536,"caption":"Lavisqteam.fr"},"image":{"@id":"https:\/\/www.lavisqteam.fr\/#\/schema\/logo\/image\/"}},{"@type":"Person","@id":"https:\/\/www.lavisqteam.fr\/#\/schema\/person\/da11d7c30bf135b288b17cc576708c2d","name":"AqME","image":{"@type":"ImageObject","inLanguage":"fr-FR","@id":"https:\/\/www.lavisqteam.fr\/#\/schema\/person\/image\/","url":"https:\/\/secure.gravatar.com\/avatar\/4a87d013fc854acd0f25858a13573675?s=96&d=mm&r=g","contentUrl":"https:\/\/secure.gravatar.com\/avatar\/4a87d013fc854acd0f25858a13573675?s=96&d=mm&r=g","caption":"AqME"},"description":"Amateur d'horreur, M\u00e9talleux dans l'\u00e2me, je succombe facilement \u00e0 des images de chatons.","url":"https:\/\/www.lavisqteam.fr\/?author=1"}]}},"jetpack_featured_media_url":"","_links":{"self":[{"href":"https:\/\/www.lavisqteam.fr\/index.php?rest_route=\/wp\/v2\/posts\/40135"}],"collection":[{"href":"https:\/\/www.lavisqteam.fr\/index.php?rest_route=\/wp\/v2\/posts"}],"about":[{"href":"https:\/\/www.lavisqteam.fr\/index.php?rest_route=\/wp\/v2\/types\/post"}],"author":[{"embeddable":true,"href":"https:\/\/www.lavisqteam.fr\/index.php?rest_route=\/wp\/v2\/users\/1"}],"replies":[{"embeddable":true,"href":"https:\/\/www.lavisqteam.fr\/index.php?rest_route=%2Fwp%2Fv2%2Fcomments&post=40135"}],"version-history":[{"count":1,"href":"https:\/\/www.lavisqteam.fr\/index.php?rest_route=\/wp\/v2\/posts\/40135\/revisions"}],"predecessor-version":[{"id":40139,"href":"https:\/\/www.lavisqteam.fr\/index.php?rest_route=\/wp\/v2\/posts\/40135\/revisions\/40139"}],"wp:attachment":[{"href":"https:\/\/www.lavisqteam.fr\/index.php?rest_route=%2Fwp%2Fv2%2Fmedia&parent=40135"}],"wp:term":[{"taxonomy":"category","embeddable":true,"href":"https:\/\/www.lavisqteam.fr\/index.php?rest_route=%2Fwp%2Fv2%2Fcategories&post=40135"},{"taxonomy":"post_tag","embeddable":true,"href":"https:\/\/www.lavisqteam.fr\/index.php?rest_route=%2Fwp%2Fv2%2Ftags&post=40135"}],"curies":[{"name":"wp","href":"https:\/\/api.w.org\/{rel}","templated":true}]}}