{"id":38195,"date":"2018-10-05T18:47:29","date_gmt":"2018-10-05T18:47:29","guid":{"rendered":"http:\/\/www.lavisqteam.fr\/?p=38195"},"modified":"2018-10-05T18:47:29","modified_gmt":"2018-10-05T18:47:29","slug":"lau-dela","status":"publish","type":"post","link":"https:\/\/www.lavisqteam.fr\/?p=38195","title":{"rendered":"L&rsquo;Au-Del\u00e0"},"content":{"rendered":"<p><a href=\"https:\/\/www.lavisqteam.fr\/wp-content\/uploads\/2018\/10\/FA_couv_0002192.jpg\"><img loading=\"lazy\" class=\"size-large wp-image-38187 aligncenter\" src=\"https:\/\/www.lavisqteam.fr\/wp-content\/uploads\/2018\/10\/FA_couv_0002192-714x1024.jpg\" alt=\"\" width=\"600\" height=\"861\" srcset=\"https:\/\/www.lavisqteam.fr\/wp-content\/uploads\/2018\/10\/FA_couv_0002192-714x1024.jpg 714w, https:\/\/www.lavisqteam.fr\/wp-content\/uploads\/2018\/10\/FA_couv_0002192-209x300.jpg 209w, https:\/\/www.lavisqteam.fr\/wp-content\/uploads\/2018\/10\/FA_couv_0002192-768x1101.jpg 768w, https:\/\/www.lavisqteam.fr\/wp-content\/uploads\/2018\/10\/FA_couv_0002192.jpg 1000w\" sizes=\"(max-width: 600px) 100vw, 600px\" \/><\/a><\/p>\n<p><strong>Titre Original\u00a0: <\/strong>E Tu Vivrai Nel Terror \u2013 L\u2019Aldil\u00e0<\/p>\n<p><strong>De\u00a0: <\/strong>Lucio Fulci<\/p>\n<p><strong>Avec <\/strong>Catriona MacColl, David Warbeck, Cinzia Monreale, Antoine Saint-John<\/p>\n<p><strong>Ann\u00e9e: <\/strong>1981<\/p>\n<p><strong>Pays: <\/strong>Italie<\/p>\n<p><strong>Genre: <\/strong>Horreur<\/p>\n<p><strong>R\u00e9sum\u00e9:<\/strong><\/p>\n<p>Une jeune femme h\u00e9rite d&rsquo;un h\u00f4tel dans la Nouvelle Orl\u00e9ans. Alors qu&rsquo;elle entreprend des travaux de r\u00e9novation, des ph\u00e9nom\u00e8nes \u00e9tranges font de sa vie un v\u00e9ritable enfer.<\/p>\n<p><strong>Avis\u00a0:<\/strong><\/p>\n<p>Quel autre genre que l\u2019horreur poss\u00e8de des r\u00e9alisateurs qui ont une aura particuli\u00e8re au point d\u2019avoir des fans un peu partout dans le monde\u00a0? Que ce soit <em>Dario Argento<\/em>, <em>John Carpenter, Joe Dante, John Landis <\/em>ou encore <em>Lucio Fulci<\/em>, il semblerait que l\u2019horreur soit peupl\u00e9e de personnalit\u00e9s fortes avec un \u0153il incisif, pr\u00e9cis et ayant livr\u00e9 des films qui resteront dans les m\u00e9moires collectives. Mais penchons-nous quelque peu sur le cas de <em>Lucio Fulci<\/em>, qui fut un ma\u00eetre du genre en Italie durant les ann\u00e9es 70 et 80. Il commence sa carri\u00e8re derri\u00e8re la cam\u00e9ra en 1966 avec <strong>Le Temps du Massacre<\/strong>, un western spaghetti qui lui ouvrit d\u2019autres perspectives, comme le drame ou encore le policier avec des m\u00e9trages comme <strong>Au Diable les Anges<\/strong> ou encore <strong>Perversion Story<\/strong>. Il commence sa premier travail dans l\u2019horreur en 1972 avec <strong>La Longue Nuit de l\u2019Exorcisme<\/strong> et restera accroch\u00e9 au genre d\u00e8s 1977 avec <strong>L\u2019Emmur\u00e9e Vivante<\/strong>. De l\u00e0, il va r\u00e9gner durant une grosse d\u00e9cennie sur l\u2019horreur italienne, pr\u00e9sentant des films \u00e0 succ\u00e8s comme <strong>L\u2019Enfer des zombies<\/strong> ou encore <strong>L\u2019Au-Del\u00e0<\/strong> qui nous pr\u00e9occupe aujourd\u2019hui.<\/p>\n<p><a href=\"https:\/\/www.lavisqteam.fr\/wp-content\/uploads\/2018\/10\/18912168.jpg-r_1920_1080-f_jpg-q_x-xxyxx.jpg\"><img loading=\"lazy\" class=\"size-full wp-image-38189 aligncenter\" src=\"https:\/\/www.lavisqteam.fr\/wp-content\/uploads\/2018\/10\/18912168.jpg-r_1920_1080-f_jpg-q_x-xxyxx.jpg\" alt=\"\" width=\"600\" height=\"400\" srcset=\"https:\/\/www.lavisqteam.fr\/wp-content\/uploads\/2018\/10\/18912168.jpg-r_1920_1080-f_jpg-q_x-xxyxx.jpg 600w, https:\/\/www.lavisqteam.fr\/wp-content\/uploads\/2018\/10\/18912168.jpg-r_1920_1080-f_jpg-q_x-xxyxx-300x200.jpg 300w\" sizes=\"(max-width: 600px) 100vw, 600px\" \/><\/a><\/p>\n<p>Il s\u2019agit d\u2019un film tr\u00e8s int\u00e9ressant car il poss\u00e8de de nombreux points communs avec un autre film d\u2019horreur culte italien, <strong>Inferno <\/strong>d\u2019un certain <em>Dario Argento<\/em>. En effet, si ce dernier est sorti un an avant celui de <em>Fulci<\/em>, on y retrouvera quelques accointances au niveau de l\u2019univers, proposant des visions infernales et cauchemardesques, mais empruntant aussi des chemins divers, <em>Fulci <\/em>\u00e9tant beaucoup plus rationnel et glauque, alors qu\u2019<em>Argento<\/em> est bien plus flamboyant et gothique. L\u2019histoire de <strong>l\u2019Au-Del\u00e0<\/strong> prend place dans les ann\u00e9es 20, au sein d\u2019un h\u00f4tel, o\u00f9 un peintre est accus\u00e9 de sorcellerie et se fait battre \u00e0 mort par des bouseux. Le probl\u00e8me, c\u2019est que l\u2019h\u00f4tel est b\u00e2ti sur l\u2019une des sept portes de l\u2019enfer. Soixante ans plus tard, une jeune femme h\u00e9rite de cet h\u00f4tel et n\u2019a plus que cet endroit pour dormir. Malgr\u00e9 les avertissements des autochtones, elle d\u00e9cide de rester et va vite se rendre compte que la maison cache un lourd secret. On voit bien qu\u2019avec ce film, <em>Fulci<\/em> va d\u00e9peindre les enfers et tenter de projeter ses d\u00e9mons int\u00e9rieurs dans une peinture sombre, glauque, sale, qui ne laissera personne indiff\u00e9rent.<\/p>\n<p>L\u2019histoire du film, aussi simple soit-elle dans son d\u00e9roulement, n\u2019est pas si facile d\u2019acc\u00e8s. Le r\u00e9alisateur va brouiller les pistes avec divers personnages \u00e9tranges et surtout, il va produire un montage tr\u00e8s coup\u00e9, juxtaposant parfois des sc\u00e8nes qui n\u2019ont rien \u00e0 voir. A titre d\u2019exemple, on peut citer ce moment o\u00f9 un homme est embarqu\u00e9 par une ambulance, puis on va rapidement passer \u00e0 l\u2019h\u00e9ro\u00efne qui va faire des courses et croise sur sa route une femme aveugle qui l\u2019invite chez elle. Cette fa\u00e7on de construire son film, un peu anarchique, sera symbolique du travail de<em> Fulci<\/em> qui veut perdre le spectateur dans un maelstrom angoissant et une atmosph\u00e8re d\u00e9l\u00e9t\u00e8re qui met le spectateur dans un sentiment tr\u00e8s anxiog\u00e8ne. En effet, on ne sait jamais si l\u2019on baigne dans la r\u00e9alit\u00e9 ou si nous sommes dans un monde parall\u00e8le, voire m\u00eame le monde des morts. Si certaines apparitions sont tr\u00e8s spectrales, on aura aussi droit \u00e0 des zombies (qui ont \u00e9t\u00e9 rajout\u00e9 par la suite pour plaire \u00e0 certains producteurs un peu frileux) et \u00e0 des monstres qui semblent venir d\u2019une autre dimension, dont les membres d\u00e9goulinants ne laissent aucune chance aux proies. Ce montage assez bizarre est alors profitable \u00e0 une ambiance qui n\u2019est \u00e0 nulle autre pareille.<\/p>\n<p>D\u2019ailleurs, si l\u2019histoire peut se rapprocher d\u2019<strong>Inferno<\/strong> d\u2019<em>Argento<\/em>, par sa vision de l\u2019enfer et ces morts qui d\u00e9ambulent dans notre monde, on restera dans quelque chose de totalement diff\u00e9rent. Avec <em>Fulci<\/em>, la couleur est tr\u00e8s peu pr\u00e9sente. Le d\u00e9but, dans les tons s\u00e9pia, donne une atmosph\u00e8re \u00e9trange, presque d\u00e9sesp\u00e9r\u00e9e, irr\u00e9elle, alors que par la suite, les aplats de noirs et de gris seront l\u00e9gion, m\u00eame dans les peintures de l\u2019artiste maudit, faisant r\u00e9f\u00e9rence \u00e0 un r\u00e9alisme froid, nihiliste, presque science-fictionnelle. Au contraire du film de <em>Dario Argento<\/em> qui est tr\u00e8s color\u00e9, tr\u00e8s baroque et trouve son horreur dans un lyrisme malsain. Cependant, l\u2019\u00e9clairage rev\u00eat une importance capitale dans le film de <em>Fulci<\/em>. Au d\u00e9tour d\u2019une sc\u00e8ne, on va remarquer que les personnes qui sont aveugles sont souvent \u00e9clair\u00e9es dans des teintes bleut\u00e9es, sombres, alors que les gens voyants poss\u00e8dent des couleurs chaudes. Il s\u2019agit d\u2019un moyen intelligent de montrer la diff\u00e9rence entre ceux qui sont d\u00e9j\u00e0 morts et les vivants. <em>Fulci <\/em>ne laisse rien au hasard, mais il ne m\u00e2che pas non plus le travail de compr\u00e9hension, laissant des indices durant son film pour que le spectateur interpr\u00e8te l\u2019histoire de la plus fine des fa\u00e7ons.<\/p>\n<p>Enfin, ce qui diff\u00e9rencie grandement <strong>L\u2019Au-Del\u00e0<\/strong> des autres productions du m\u00eame style, c\u2019est son aspect gore frontal qui ne peut laisser indiff\u00e9rent. Il faut dire que c\u2019est un peu la marque de fabrique de <em>Fulci<\/em> qui n\u2019h\u00e9site pas \u00e0 mettre des litres d\u2019h\u00e9moglobine dans la face des spectateurs. Malgr\u00e9 son c\u00f4t\u00e9 d\u00e9l\u00e9t\u00e8re, le film impose des visions cauchemardesques et le sang en fait partie int\u00e9grante. Et on va avoir droit \u00e0 toutes sortes de s\u00e9vices, allant d\u2019un saignement abondant au niveau de la bouche \u00e0 des plantages de clou dans la t\u00eate pour faire ressortir l\u2019\u0153il de l\u2019autre c\u00f4t\u00e9. C\u2019est sale, \u00e7a percute bien et cela permet de mettre en avant la violence sous-jacente \u00e0 l\u2019enfer, tout comme son d\u00e9lire avec les yeux, seuls t\u00e9moins d\u2019un autre monde quand ils sont d\u00e9faillants ou tout simplement absents. En fait, on se rend vite compte que l\u00e0 aussi, rien n\u2019est vraiment laiss\u00e9 au hasard et que le r\u00e9alisateur sait exactement o\u00f9 il veut en venir. Le seul d\u00e9faut du film, c\u2019est son rythme un peu lancinant et son final qui fr\u00f4le parfois le grotesque avec sa horde de zombies qui n\u2019ont pas vraiment lieu d\u2019\u00eatre l\u00e0. On sent que \u00e7a a \u00e9t\u00e9 rajout\u00e9 et c\u2019est bien dommage.<\/p>\n<p><a href=\"https:\/\/www.lavisqteam.fr\/wp-content\/uploads\/2018\/10\/18912171.jpg-r_1920_1080-f_jpg-q_x-xxyxx.jpg\"><img loading=\"lazy\" class=\"size-full wp-image-38188 aligncenter\" src=\"https:\/\/www.lavisqteam.fr\/wp-content\/uploads\/2018\/10\/18912171.jpg-r_1920_1080-f_jpg-q_x-xxyxx.jpg\" alt=\"\" width=\"600\" height=\"400\" srcset=\"https:\/\/www.lavisqteam.fr\/wp-content\/uploads\/2018\/10\/18912171.jpg-r_1920_1080-f_jpg-q_x-xxyxx.jpg 600w, https:\/\/www.lavisqteam.fr\/wp-content\/uploads\/2018\/10\/18912171.jpg-r_1920_1080-f_jpg-q_x-xxyxx-300x200.jpg 300w\" sizes=\"(max-width: 600px) 100vw, 600px\" \/><\/a><\/p>\n<p>Au final, <strong>L\u2019Au-Del\u00e0<\/strong> est un film tr\u00e8s int\u00e9ressant et qui m\u00e9rite vraiment que l\u2019on s\u2019y attarde afin de redorer le blason de <em>Lucio Fulci<\/em> qui avait pris un peu cher \u00e0 cause d\u2019un <strong>Zombi 3<\/strong> calamiteux et d\u2019autres films moins int\u00e9ressants comme <strong>Le Chat Noir<\/strong> par exemple. Avec <strong>L\u2019Au-Del\u00e0<\/strong>, le r\u00e9alisateur italien livre un film d\u2019horreur intelligent, assez difficile d\u2019acc\u00e8s, mais percutant et savamment mis en sc\u00e8ne. A noter que la restauration en bluray faite par Artus est divine et que les bonus sont vraiment tr\u00e8s int\u00e9ressants, notamment une intervention de <em>Lionel Grenier<\/em>, fondateur du site LucioFulci.fr, qui offre sa vision du film de mani\u00e8re pr\u00e9cise et pertinente. Bref, un objet de valeur qui a tout \u00e0 fait sa place dans une belle collection.<\/p>\n<p><strong>Note\u00a0: 17\/20<\/strong><\/p>\n<p style=\"text-align: center;\">[youtube]https:\/\/www.youtube.com\/watch?v=_NgTSPy4szg[\/youtube]<\/p>\n<p style=\"text-align: right;\">Par <strong>AqME<\/strong><\/p>\n","protected":false},"excerpt":{"rendered":"<p>Titre Original\u00a0: E Tu Vivrai Nel Terror \u2013 L\u2019Aldil\u00e0 De\u00a0: Lucio Fulci Avec Catriona MacColl, David Warbeck, Cinzia Monreale, Antoine Saint-John Ann\u00e9e: 1981 Pays: Italie &hellip; <\/p>\n","protected":false},"author":1,"featured_media":0,"comment_status":"open","ping_status":"open","sticky":false,"template":"","format":"standard","meta":[],"categories":[7],"tags":[],"yoast_head":"<!-- This site is optimized with the Yoast SEO plugin v19.6.1 - https:\/\/yoast.com\/wordpress\/plugins\/seo\/ -->\n<title>L&#039;Au-Del\u00e0 - Lavisqteam.fr<\/title>\n<meta name=\"robots\" content=\"index, follow, max-snippet:-1, max-image-preview:large, max-video-preview:-1\" \/>\n<link rel=\"canonical\" href=\"https:\/\/www.lavisqteam.fr\/?p=38195\" \/>\n<meta property=\"og:locale\" content=\"fr_FR\" \/>\n<meta property=\"og:type\" content=\"article\" \/>\n<meta property=\"og:title\" content=\"L&#039;Au-Del\u00e0 - Lavisqteam.fr\" \/>\n<meta property=\"og:description\" content=\"Titre Original\u00a0: E Tu Vivrai Nel Terror \u2013 L\u2019Aldil\u00e0 De\u00a0: Lucio Fulci Avec Catriona MacColl, David Warbeck, Cinzia Monreale, Antoine Saint-John Ann\u00e9e: 1981 Pays: Italie &hellip;\" \/>\n<meta property=\"og:url\" content=\"https:\/\/www.lavisqteam.fr\/?p=38195\" \/>\n<meta property=\"og:site_name\" content=\"Lavisqteam.fr\" \/>\n<meta property=\"article:published_time\" content=\"2018-10-05T18:47:29+00:00\" \/>\n<meta property=\"og:image\" content=\"http:\/\/www.lavisqteam.fr\/wp-content\/uploads\/2018\/10\/FA_couv_0002192-714x1024.jpg\" \/>\n<meta name=\"author\" content=\"AqME\" \/>\n<meta name=\"twitter:card\" content=\"summary_large_image\" \/>\n<meta name=\"twitter:label1\" content=\"\u00c9crit par\" \/>\n\t<meta name=\"twitter:data1\" content=\"AqME\" \/>\n\t<meta name=\"twitter:label2\" content=\"Dur\u00e9e de lecture estim\u00e9e\" \/>\n\t<meta name=\"twitter:data2\" content=\"7 minutes\" \/>\n<script type=\"application\/ld+json\" class=\"yoast-schema-graph\">{\"@context\":\"https:\/\/schema.org\",\"@graph\":[{\"@type\":\"Article\",\"@id\":\"https:\/\/www.lavisqteam.fr\/?p=38195#article\",\"isPartOf\":{\"@id\":\"https:\/\/www.lavisqteam.fr\/?p=38195\"},\"author\":{\"name\":\"AqME\",\"@id\":\"https:\/\/www.lavisqteam.fr\/#\/schema\/person\/da11d7c30bf135b288b17cc576708c2d\"},\"headline\":\"L&rsquo;Au-Del\u00e0\",\"datePublished\":\"2018-10-05T18:47:29+00:00\",\"dateModified\":\"2018-10-05T18:47:29+00:00\",\"mainEntityOfPage\":{\"@id\":\"https:\/\/www.lavisqteam.fr\/?p=38195\"},\"wordCount\":1343,\"commentCount\":0,\"publisher\":{\"@id\":\"https:\/\/www.lavisqteam.fr\/#organization\"},\"articleSection\":[\"Cin\u00e9ma\"],\"inLanguage\":\"fr-FR\",\"potentialAction\":[{\"@type\":\"CommentAction\",\"name\":\"Comment\",\"target\":[\"https:\/\/www.lavisqteam.fr\/?p=38195#respond\"]}]},{\"@type\":\"WebPage\",\"@id\":\"https:\/\/www.lavisqteam.fr\/?p=38195\",\"url\":\"https:\/\/www.lavisqteam.fr\/?p=38195\",\"name\":\"L'Au-Del\u00e0 - Lavisqteam.fr\",\"isPartOf\":{\"@id\":\"https:\/\/www.lavisqteam.fr\/#website\"},\"datePublished\":\"2018-10-05T18:47:29+00:00\",\"dateModified\":\"2018-10-05T18:47:29+00:00\",\"breadcrumb\":{\"@id\":\"https:\/\/www.lavisqteam.fr\/?p=38195#breadcrumb\"},\"inLanguage\":\"fr-FR\",\"potentialAction\":[{\"@type\":\"ReadAction\",\"target\":[\"https:\/\/www.lavisqteam.fr\/?p=38195\"]}]},{\"@type\":\"BreadcrumbList\",\"@id\":\"https:\/\/www.lavisqteam.fr\/?p=38195#breadcrumb\",\"itemListElement\":[{\"@type\":\"ListItem\",\"position\":1,\"name\":\"Accueil\",\"item\":\"https:\/\/www.lavisqteam.fr\/\"},{\"@type\":\"ListItem\",\"position\":2,\"name\":\"L&rsquo;Au-Del\u00e0\"}]},{\"@type\":\"WebSite\",\"@id\":\"https:\/\/www.lavisqteam.fr\/#website\",\"url\":\"https:\/\/www.lavisqteam.fr\/\",\"name\":\"Lavisqteam.fr\",\"description\":\"\",\"publisher\":{\"@id\":\"https:\/\/www.lavisqteam.fr\/#organization\"},\"potentialAction\":[{\"@type\":\"SearchAction\",\"target\":{\"@type\":\"EntryPoint\",\"urlTemplate\":\"https:\/\/www.lavisqteam.fr\/?s={search_term_string}\"},\"query-input\":\"required name=search_term_string\"}],\"inLanguage\":\"fr-FR\"},{\"@type\":\"Organization\",\"@id\":\"https:\/\/www.lavisqteam.fr\/#organization\",\"name\":\"Lavisqteam.fr\",\"url\":\"https:\/\/www.lavisqteam.fr\/\",\"sameAs\":[],\"logo\":{\"@type\":\"ImageObject\",\"inLanguage\":\"fr-FR\",\"@id\":\"https:\/\/www.lavisqteam.fr\/#\/schema\/logo\/image\/\",\"url\":\"https:\/\/www.lavisqteam.fr\/wp-content\/uploads\/2020\/08\/cropped-80879545_3479261675449035_4078032831501041664_o-4.jpg\",\"contentUrl\":\"https:\/\/www.lavisqteam.fr\/wp-content\/uploads\/2020\/08\/cropped-80879545_3479261675449035_4078032831501041664_o-4.jpg\",\"width\":1674,\"height\":536,\"caption\":\"Lavisqteam.fr\"},\"image\":{\"@id\":\"https:\/\/www.lavisqteam.fr\/#\/schema\/logo\/image\/\"}},{\"@type\":\"Person\",\"@id\":\"https:\/\/www.lavisqteam.fr\/#\/schema\/person\/da11d7c30bf135b288b17cc576708c2d\",\"name\":\"AqME\",\"image\":{\"@type\":\"ImageObject\",\"inLanguage\":\"fr-FR\",\"@id\":\"https:\/\/www.lavisqteam.fr\/#\/schema\/person\/image\/\",\"url\":\"https:\/\/secure.gravatar.com\/avatar\/4a87d013fc854acd0f25858a13573675?s=96&d=mm&r=g\",\"contentUrl\":\"https:\/\/secure.gravatar.com\/avatar\/4a87d013fc854acd0f25858a13573675?s=96&d=mm&r=g\",\"caption\":\"AqME\"},\"description\":\"Amateur d'horreur, M\u00e9talleux dans l'\u00e2me, je succombe facilement \u00e0 des images de chatons.\",\"url\":\"https:\/\/www.lavisqteam.fr\/?author=1\"}]}<\/script>\n<!-- \/ Yoast SEO plugin. -->","yoast_head_json":{"title":"L'Au-Del\u00e0 - Lavisqteam.fr","robots":{"index":"index","follow":"follow","max-snippet":"max-snippet:-1","max-image-preview":"max-image-preview:large","max-video-preview":"max-video-preview:-1"},"canonical":"https:\/\/www.lavisqteam.fr\/?p=38195","og_locale":"fr_FR","og_type":"article","og_title":"L'Au-Del\u00e0 - Lavisqteam.fr","og_description":"Titre Original\u00a0: E Tu Vivrai Nel Terror \u2013 L\u2019Aldil\u00e0 De\u00a0: Lucio Fulci Avec Catriona MacColl, David Warbeck, Cinzia Monreale, Antoine Saint-John Ann\u00e9e: 1981 Pays: Italie &hellip;","og_url":"https:\/\/www.lavisqteam.fr\/?p=38195","og_site_name":"Lavisqteam.fr","article_published_time":"2018-10-05T18:47:29+00:00","og_image":[{"url":"http:\/\/www.lavisqteam.fr\/wp-content\/uploads\/2018\/10\/FA_couv_0002192-714x1024.jpg"}],"author":"AqME","twitter_card":"summary_large_image","twitter_misc":{"\u00c9crit par":"AqME","Dur\u00e9e de lecture estim\u00e9e":"7 minutes"},"schema":{"@context":"https:\/\/schema.org","@graph":[{"@type":"Article","@id":"https:\/\/www.lavisqteam.fr\/?p=38195#article","isPartOf":{"@id":"https:\/\/www.lavisqteam.fr\/?p=38195"},"author":{"name":"AqME","@id":"https:\/\/www.lavisqteam.fr\/#\/schema\/person\/da11d7c30bf135b288b17cc576708c2d"},"headline":"L&rsquo;Au-Del\u00e0","datePublished":"2018-10-05T18:47:29+00:00","dateModified":"2018-10-05T18:47:29+00:00","mainEntityOfPage":{"@id":"https:\/\/www.lavisqteam.fr\/?p=38195"},"wordCount":1343,"commentCount":0,"publisher":{"@id":"https:\/\/www.lavisqteam.fr\/#organization"},"articleSection":["Cin\u00e9ma"],"inLanguage":"fr-FR","potentialAction":[{"@type":"CommentAction","name":"Comment","target":["https:\/\/www.lavisqteam.fr\/?p=38195#respond"]}]},{"@type":"WebPage","@id":"https:\/\/www.lavisqteam.fr\/?p=38195","url":"https:\/\/www.lavisqteam.fr\/?p=38195","name":"L'Au-Del\u00e0 - Lavisqteam.fr","isPartOf":{"@id":"https:\/\/www.lavisqteam.fr\/#website"},"datePublished":"2018-10-05T18:47:29+00:00","dateModified":"2018-10-05T18:47:29+00:00","breadcrumb":{"@id":"https:\/\/www.lavisqteam.fr\/?p=38195#breadcrumb"},"inLanguage":"fr-FR","potentialAction":[{"@type":"ReadAction","target":["https:\/\/www.lavisqteam.fr\/?p=38195"]}]},{"@type":"BreadcrumbList","@id":"https:\/\/www.lavisqteam.fr\/?p=38195#breadcrumb","itemListElement":[{"@type":"ListItem","position":1,"name":"Accueil","item":"https:\/\/www.lavisqteam.fr\/"},{"@type":"ListItem","position":2,"name":"L&rsquo;Au-Del\u00e0"}]},{"@type":"WebSite","@id":"https:\/\/www.lavisqteam.fr\/#website","url":"https:\/\/www.lavisqteam.fr\/","name":"Lavisqteam.fr","description":"","publisher":{"@id":"https:\/\/www.lavisqteam.fr\/#organization"},"potentialAction":[{"@type":"SearchAction","target":{"@type":"EntryPoint","urlTemplate":"https:\/\/www.lavisqteam.fr\/?s={search_term_string}"},"query-input":"required name=search_term_string"}],"inLanguage":"fr-FR"},{"@type":"Organization","@id":"https:\/\/www.lavisqteam.fr\/#organization","name":"Lavisqteam.fr","url":"https:\/\/www.lavisqteam.fr\/","sameAs":[],"logo":{"@type":"ImageObject","inLanguage":"fr-FR","@id":"https:\/\/www.lavisqteam.fr\/#\/schema\/logo\/image\/","url":"https:\/\/www.lavisqteam.fr\/wp-content\/uploads\/2020\/08\/cropped-80879545_3479261675449035_4078032831501041664_o-4.jpg","contentUrl":"https:\/\/www.lavisqteam.fr\/wp-content\/uploads\/2020\/08\/cropped-80879545_3479261675449035_4078032831501041664_o-4.jpg","width":1674,"height":536,"caption":"Lavisqteam.fr"},"image":{"@id":"https:\/\/www.lavisqteam.fr\/#\/schema\/logo\/image\/"}},{"@type":"Person","@id":"https:\/\/www.lavisqteam.fr\/#\/schema\/person\/da11d7c30bf135b288b17cc576708c2d","name":"AqME","image":{"@type":"ImageObject","inLanguage":"fr-FR","@id":"https:\/\/www.lavisqteam.fr\/#\/schema\/person\/image\/","url":"https:\/\/secure.gravatar.com\/avatar\/4a87d013fc854acd0f25858a13573675?s=96&d=mm&r=g","contentUrl":"https:\/\/secure.gravatar.com\/avatar\/4a87d013fc854acd0f25858a13573675?s=96&d=mm&r=g","caption":"AqME"},"description":"Amateur d'horreur, M\u00e9talleux dans l'\u00e2me, je succombe facilement \u00e0 des images de chatons.","url":"https:\/\/www.lavisqteam.fr\/?author=1"}]}},"jetpack_featured_media_url":"","_links":{"self":[{"href":"https:\/\/www.lavisqteam.fr\/index.php?rest_route=\/wp\/v2\/posts\/38195"}],"collection":[{"href":"https:\/\/www.lavisqteam.fr\/index.php?rest_route=\/wp\/v2\/posts"}],"about":[{"href":"https:\/\/www.lavisqteam.fr\/index.php?rest_route=\/wp\/v2\/types\/post"}],"author":[{"embeddable":true,"href":"https:\/\/www.lavisqteam.fr\/index.php?rest_route=\/wp\/v2\/users\/1"}],"replies":[{"embeddable":true,"href":"https:\/\/www.lavisqteam.fr\/index.php?rest_route=%2Fwp%2Fv2%2Fcomments&post=38195"}],"version-history":[{"count":1,"href":"https:\/\/www.lavisqteam.fr\/index.php?rest_route=\/wp\/v2\/posts\/38195\/revisions"}],"predecessor-version":[{"id":38196,"href":"https:\/\/www.lavisqteam.fr\/index.php?rest_route=\/wp\/v2\/posts\/38195\/revisions\/38196"}],"wp:attachment":[{"href":"https:\/\/www.lavisqteam.fr\/index.php?rest_route=%2Fwp%2Fv2%2Fmedia&parent=38195"}],"wp:term":[{"taxonomy":"category","embeddable":true,"href":"https:\/\/www.lavisqteam.fr\/index.php?rest_route=%2Fwp%2Fv2%2Fcategories&post=38195"},{"taxonomy":"post_tag","embeddable":true,"href":"https:\/\/www.lavisqteam.fr\/index.php?rest_route=%2Fwp%2Fv2%2Ftags&post=38195"}],"curies":[{"name":"wp","href":"https:\/\/api.w.org\/{rel}","templated":true}]}}