{"id":38130,"date":"2018-10-03T16:51:55","date_gmt":"2018-10-03T16:51:55","guid":{"rendered":"http:\/\/www.lavisqteam.fr\/?p=38130"},"modified":"2018-10-03T16:51:55","modified_gmt":"2018-10-03T16:51:55","slug":"i-feel-good","status":"publish","type":"post","link":"https:\/\/www.lavisqteam.fr\/?p=38130","title":{"rendered":"I Feel Good"},"content":{"rendered":"<p style=\"text-align: center;\"><a href=\"https:\/\/www.lavisqteam.fr\/wp-content\/uploads\/2018\/10\/42930676_300153057465838_5050348762287833088_n.jpg\"><img loading=\"lazy\" class=\"alignnone  wp-image-38131\" src=\"https:\/\/www.lavisqteam.fr\/wp-content\/uploads\/2018\/10\/42930676_300153057465838_5050348762287833088_n.jpg\" alt=\"\" width=\"600\" height=\"800\" srcset=\"https:\/\/www.lavisqteam.fr\/wp-content\/uploads\/2018\/10\/42930676_300153057465838_5050348762287833088_n.jpg 720w, https:\/\/www.lavisqteam.fr\/wp-content\/uploads\/2018\/10\/42930676_300153057465838_5050348762287833088_n-225x300.jpg 225w\" sizes=\"(max-width: 600px) 100vw, 600px\" \/><\/a><\/p>\n<p><strong>De\u00a0: <\/strong>Beno\u00eet Del\u00e9pine et Gustave Kervern<\/p>\n<p><strong>Avec <\/strong>Jean Dujardin, Yolande Moreau, Joseph Dahan, Lou Castel<\/p>\n<p><strong>Ann\u00e9e\u00a0: <\/strong>2018<\/p>\n<p><strong>Pays\u00a0: <\/strong>France<\/p>\n<p><strong>Genre\u00a0: <\/strong>Com\u00e9die<\/p>\n<p><strong>R\u00e9sum\u00e9\u00a0:<\/strong><\/p>\n<p>Monique dirige une communaut\u00e9 Emma\u00fcs pr\u00e8s de Pau. Apr\u00e8s plusieurs ann\u00e9es d\u2019absence, elle voit d\u00e9barquer son fr\u00e8re, Jacques, un bon \u00e0 rien qui n\u2019a qu\u2019une obsession : trouver l\u2019id\u00e9e qui le rendra riche. Plus que des retrouvailles familiales, ce sont deux visions du monde qui s\u2019affrontent.<\/p>\n<p><strong>Avis\u00a0:<\/strong><\/p>\n<p><em>Beno\u00eet Del\u00e9pine<\/em> et <em>Gustave Kervern<\/em>, c&rsquo;est un duo de r\u00e9alisateurs belges au cin\u00e9ma pour le moins atypique. Dot\u00e9 d&rsquo;un humour noir, voire grin\u00e7ant, d&rsquo;un style singulier, la p\u00e2te de <em>Del\u00e9pine<\/em> et <em>Kervern <\/em>est reconnaissable entre toute. Pour ma part, le cin\u00e9ma de <em>Beno\u00eet Del\u00e9pine<\/em> et <em>Gustave Kervern <\/em>est un cin\u00e9ma que j&rsquo;affectionne, mais qui en m\u00eame temps m&rsquo;a laiss\u00e9 de temps \u00e0 autre sur le carreau, je pense notamment \u00e0 \u00ab\u00a0<strong>Mammouth<\/strong>\u00ab\u00a0, film dans lequel je n&rsquo;ai jamais r\u00e9ussi \u00e0 entrer, et \u00e7a malgr\u00e9 les trois ou quatre fois que j&rsquo;ai pu le voir, histoire d&rsquo;\u00eatre s\u00fbr de ne pas \u00eatre pass\u00e9 \u00e0 c\u00f4t\u00e9 de quelque chose.<\/p>\n<p>Il y a deux ans de cela, le duo belge <em>Del\u00e9pine<\/em> et <em>Kervern<\/em> nous pr\u00e9sentait le g\u00e9nial \u00ab\u00a0<strong>Saint-Amour<\/strong>\u00ab\u00a0, film tenu par un trio d&rsquo;acteurs fabuleux, <em>G\u00e9rard Depardieu, Benoit Poelvoorde<\/em> et<em> Vincent Lacoste<\/em>. Depuis, le duo s&rsquo;\u00e9tait fait discret, enfin plus <em>Benoit Del\u00e9pine<\/em>, puisque <em>Gustave Kervern<\/em> poursuit en parall\u00e8le une jolie carri\u00e8re de com\u00e9dien. Bref, apr\u00e8s deux ans de silence, le duo est donc de retour et cette fois-ci, c&rsquo;est avec <em>Jean Dujardin<\/em> en t\u00eate d&rsquo;affiche.<\/p>\n<p>D\u00e8s ses premiers teasers, \u00ab\u00a0<strong>I feel good<\/strong>\u00a0\u00bb s&rsquo;annon\u00e7ait aussi dr\u00f4le que piquant, et une fois sorti de la salle, je dois dire que le film v\u00e9hicule une petite d\u00e9ception. Sorte de fable sociale amusante, \u00ab\u00a0<strong>I feel good<\/strong>\u00a0\u00bb est un film qui est assez particulier, et en m\u00eame temps le contraire aurait \u00e9t\u00e9 \u00e9tonnant. C&rsquo;est un film dont on ne sait pas vraiment sur quel pied danser, entre amusement, critique, mais un humour parfois qui tombe \u00e0 plat et des effets de d\u00e9rive. Bref, \u00ab\u00a0<strong>I feel good<\/strong>\u00a0\u00bb est amusant, et en m\u00eame temps, il lui manque quelque chose pour vraiment nous \u00e9clater et nous toucher.<\/p>\n<p style=\"text-align: center;\"><a href=\"https:\/\/www.lavisqteam.fr\/wp-content\/uploads\/2018\/10\/42959040_471433876710676_1480370940830285824_n.jpg\"><img loading=\"lazy\" class=\"alignnone size-large wp-image-38133\" src=\"https:\/\/www.lavisqteam.fr\/wp-content\/uploads\/2018\/10\/42959040_471433876710676_1480370940830285824_n-1024x768.jpg\" alt=\"\" width=\"600\" height=\"450\" srcset=\"https:\/\/www.lavisqteam.fr\/wp-content\/uploads\/2018\/10\/42959040_471433876710676_1480370940830285824_n-1024x768.jpg 1024w, https:\/\/www.lavisqteam.fr\/wp-content\/uploads\/2018\/10\/42959040_471433876710676_1480370940830285824_n-300x225.jpg 300w, https:\/\/www.lavisqteam.fr\/wp-content\/uploads\/2018\/10\/42959040_471433876710676_1480370940830285824_n-768x576.jpg 768w, https:\/\/www.lavisqteam.fr\/wp-content\/uploads\/2018\/10\/42959040_471433876710676_1480370940830285824_n-100x75.jpg 100w, https:\/\/www.lavisqteam.fr\/wp-content\/uploads\/2018\/10\/42959040_471433876710676_1480370940830285824_n.jpg 1440w\" sizes=\"(max-width: 600px) 100vw, 600px\" \/><\/a><\/p>\n<p>Monique, qui dirige une communaut\u00e9 Emma\u00fcs, voit arriver apr\u00e8s plusieurs ann\u00e9es de silence son fr\u00e8re Jacques. Jacques est de ces hommes qui ont \u00e9norm\u00e9ment d&rsquo;ambition, mais qui ne savent pas quoi faire dans leur vie. Bourr\u00e9 d&rsquo;id\u00e9es, ces derni\u00e8res ont malheureusement pour lui toujours un train de retard. Mais cette fois-ci, apr\u00e8s avoir revu un vieux copain, Jacques a trouv\u00e9 l&rsquo;id\u00e9e qui le rendra riche. Il ne lui reste plus qu&rsquo;\u00e0 convaincre des gens de le suivre et \u00e7a tombe bien, puisque dans la communaut\u00e9 Emma\u00fcs de sa s\u0153ur, Jacques est tr\u00e8s bien entour\u00e9.<\/p>\n<p>Le m\u00e9trage \u00ab\u00a0<strong>I feel good<\/strong>\u00a0\u00bb est un film qui se suit avec amusement. Il faut dire que la critique sociale et soci\u00e9tale est bel et bien l\u00e0 et que les deux r\u00e9alisateurs, aid\u00e9s de leur acteur, ont vraiment de quoi nous amuser. \u00ab\u00a0<strong>I feel good<\/strong>\u00ab\u00a0, c&rsquo;est cynique, moqueur, caricatural, parodique et surtout, il n&rsquo;\u00e9pargne personne, patrons comme b\u00e9n\u00e9voles en prenant pour leur grade.<\/p>\n<p>Dot\u00e9 d&rsquo;un sc\u00e9nario qui est un bel amusement \u00e0 lui seul, c&rsquo;est avec un petit plaisir qu&rsquo;on suit un personnage savoureusement incarn\u00e9 par <em>Jean Dujardin<\/em>. On s&rsquo;amuse de ses m\u00e9saventures et surtout de ses id\u00e9es \u00e0 deux balles, qu&rsquo;on sait foireuses d&#8217;embl\u00e9e. On s&rsquo;amuse des regards et autres r\u00e9actions d\u00e9contenanc\u00e9es, face \u00e0 un personnage incroyable, fou, audacieux et quand m\u00eame un poil cingl\u00e9. L&rsquo;intrigue, plaisante sur la longue, va calmement vers une morale universelle et touchante, m\u00eame si on la conna\u00eet d&rsquo;avance et c&rsquo;est peut-\u00eatre l\u00e0 la magie et le talent des deux cin\u00e9astes qui nous offrent quelque chose de touchant, beau et presque inattendu avec de l&rsquo;attendu, voire m\u00eame de l&rsquo;\u00e9vidence.<\/p>\n<p>Esth\u00e9tiquement parlant, le film est sublime, notamment dans ses d\u00e9cors. Cette communaut\u00e9 Emma\u00fcs est incroyable, un brin loufoque et en m\u00eame temps plant\u00e9 dans un r\u00e9alisme.<\/p>\n<p>Mais comme je le disais plus haut, \u00ab\u00a0<strong>I feel good<\/strong>\u00a0\u00bb est un film qui d\u00e9\u00e7oit quelque peu, notamment \u00e0 cause d&rsquo;un c\u00f4t\u00e9 trop lisse pour les deux r\u00e9alisateurs, dont finalement, on attend plus. Certes, il y a bien quelques gags, tout comme on va trouver des r\u00e9flexions tr\u00e8s dr\u00f4les sur le capitalisme, autant que sur le communisme, mais avec \u00ab\u00a0<strong>I feel good<\/strong>\u00ab\u00a0, on trouvera aussi plusieurs gags et plusieurs sc\u00e8nes qui tombent \u00e0 plat. On ajoutera \u00e0 cela un rythme in\u00e9gal qui casse un peu l&rsquo;ambiance et finalement, m\u00eame si le film est plaisant et amusant, il finit par se faire longuet et au final d\u00e9cevant. Heureusement, les deux r\u00e9alisateurs rattraperont le tout avec un final aussi tordant qu&rsquo;il est marquant.<\/p>\n<p style=\"text-align: center;\"><a href=\"https:\/\/www.lavisqteam.fr\/wp-content\/uploads\/2018\/10\/42980170_2152177621736336_8719121723590443008_n.jpg\"><img loading=\"lazy\" class=\"alignnone size-large wp-image-38132\" src=\"https:\/\/www.lavisqteam.fr\/wp-content\/uploads\/2018\/10\/42980170_2152177621736336_8719121723590443008_n-1024x768.jpg\" alt=\"\" width=\"600\" height=\"450\" srcset=\"https:\/\/www.lavisqteam.fr\/wp-content\/uploads\/2018\/10\/42980170_2152177621736336_8719121723590443008_n-1024x768.jpg 1024w, https:\/\/www.lavisqteam.fr\/wp-content\/uploads\/2018\/10\/42980170_2152177621736336_8719121723590443008_n-300x225.jpg 300w, https:\/\/www.lavisqteam.fr\/wp-content\/uploads\/2018\/10\/42980170_2152177621736336_8719121723590443008_n-768x576.jpg 768w, https:\/\/www.lavisqteam.fr\/wp-content\/uploads\/2018\/10\/42980170_2152177621736336_8719121723590443008_n-100x75.jpg 100w, https:\/\/www.lavisqteam.fr\/wp-content\/uploads\/2018\/10\/42980170_2152177621736336_8719121723590443008_n.jpg 1440w\" sizes=\"(max-width: 600px) 100vw, 600px\" \/><\/a><\/p>\n<p>\u00ab\u00a0<strong>I feel good<\/strong>\u00a0\u00bb est donc un petit <em>Del\u00e9pine<\/em> et <em>Kervern<\/em>. Je suis ressorti amus\u00e9 et d\u00e9\u00e7u \u00e0 la fois, mais si petit soit-il, et si d\u00e9cevant soit-il, \u00ab\u00a0<strong>I feel good<\/strong>\u00a0\u00bb m\u00e9rite le coup d&rsquo;\u0153il au moins une fois. Bref, comme on dit plus couramment, ce n&rsquo;est pas essentiel, mais c&rsquo;est quand m\u00eame \u00e0 voir.<\/p>\n<p><strong>Note\u00a0: 12\/20<\/strong><\/p>\n<p style=\"text-align: center;\">[youtube]https:\/\/www.youtube.com\/watch?v=q3M7cC3ab0E[\/youtube]<\/p>\n<p style=\"text-align: right;\">Par <strong>Cin\u00e9ted<\/strong><\/p>\n","protected":false},"excerpt":{"rendered":"<p>De\u00a0: Beno\u00eet Del\u00e9pine et Gustave Kervern Avec Jean Dujardin, Yolande Moreau, Joseph Dahan, Lou Castel Ann\u00e9e\u00a0: 2018 Pays\u00a0: France Genre\u00a0: Com\u00e9die R\u00e9sum\u00e9\u00a0: Monique dirige une &hellip; <\/p>\n","protected":false},"author":1,"featured_media":0,"comment_status":"open","ping_status":"open","sticky":false,"template":"","format":"standard","meta":[],"categories":[7],"tags":[],"yoast_head":"<!-- This site is optimized with the Yoast SEO plugin v19.6.1 - https:\/\/yoast.com\/wordpress\/plugins\/seo\/ -->\n<title>I Feel Good - Lavisqteam.fr<\/title>\n<meta name=\"robots\" content=\"index, follow, max-snippet:-1, max-image-preview:large, max-video-preview:-1\" \/>\n<link rel=\"canonical\" href=\"https:\/\/www.lavisqteam.fr\/?p=38130\" \/>\n<meta property=\"og:locale\" content=\"fr_FR\" \/>\n<meta property=\"og:type\" content=\"article\" \/>\n<meta property=\"og:title\" content=\"I Feel Good - Lavisqteam.fr\" \/>\n<meta property=\"og:description\" content=\"De\u00a0: Beno\u00eet Del\u00e9pine et Gustave Kervern Avec Jean Dujardin, Yolande Moreau, Joseph Dahan, Lou Castel Ann\u00e9e\u00a0: 2018 Pays\u00a0: France Genre\u00a0: Com\u00e9die R\u00e9sum\u00e9\u00a0: Monique dirige une &hellip;\" \/>\n<meta property=\"og:url\" content=\"https:\/\/www.lavisqteam.fr\/?p=38130\" \/>\n<meta property=\"og:site_name\" content=\"Lavisqteam.fr\" \/>\n<meta property=\"article:published_time\" content=\"2018-10-03T16:51:55+00:00\" \/>\n<meta property=\"og:image\" content=\"http:\/\/www.lavisqteam.fr\/wp-content\/uploads\/2018\/10\/42930676_300153057465838_5050348762287833088_n.jpg\" \/>\n<meta name=\"author\" content=\"AqME\" \/>\n<meta name=\"twitter:card\" content=\"summary_large_image\" \/>\n<meta name=\"twitter:label1\" content=\"\u00c9crit par\" \/>\n\t<meta name=\"twitter:data1\" content=\"AqME\" \/>\n\t<meta name=\"twitter:label2\" content=\"Dur\u00e9e de lecture estim\u00e9e\" \/>\n\t<meta name=\"twitter:data2\" content=\"5 minutes\" \/>\n<script type=\"application\/ld+json\" class=\"yoast-schema-graph\">{\"@context\":\"https:\/\/schema.org\",\"@graph\":[{\"@type\":\"Article\",\"@id\":\"https:\/\/www.lavisqteam.fr\/?p=38130#article\",\"isPartOf\":{\"@id\":\"https:\/\/www.lavisqteam.fr\/?p=38130\"},\"author\":{\"name\":\"AqME\",\"@id\":\"https:\/\/www.lavisqteam.fr\/#\/schema\/person\/da11d7c30bf135b288b17cc576708c2d\"},\"headline\":\"I Feel Good\",\"datePublished\":\"2018-10-03T16:51:55+00:00\",\"dateModified\":\"2018-10-03T16:51:55+00:00\",\"mainEntityOfPage\":{\"@id\":\"https:\/\/www.lavisqteam.fr\/?p=38130\"},\"wordCount\":935,\"commentCount\":1,\"publisher\":{\"@id\":\"https:\/\/www.lavisqteam.fr\/#organization\"},\"articleSection\":[\"Cin\u00e9ma\"],\"inLanguage\":\"fr-FR\",\"potentialAction\":[{\"@type\":\"CommentAction\",\"name\":\"Comment\",\"target\":[\"https:\/\/www.lavisqteam.fr\/?p=38130#respond\"]}]},{\"@type\":\"WebPage\",\"@id\":\"https:\/\/www.lavisqteam.fr\/?p=38130\",\"url\":\"https:\/\/www.lavisqteam.fr\/?p=38130\",\"name\":\"I Feel Good - Lavisqteam.fr\",\"isPartOf\":{\"@id\":\"https:\/\/www.lavisqteam.fr\/#website\"},\"datePublished\":\"2018-10-03T16:51:55+00:00\",\"dateModified\":\"2018-10-03T16:51:55+00:00\",\"breadcrumb\":{\"@id\":\"https:\/\/www.lavisqteam.fr\/?p=38130#breadcrumb\"},\"inLanguage\":\"fr-FR\",\"potentialAction\":[{\"@type\":\"ReadAction\",\"target\":[\"https:\/\/www.lavisqteam.fr\/?p=38130\"]}]},{\"@type\":\"BreadcrumbList\",\"@id\":\"https:\/\/www.lavisqteam.fr\/?p=38130#breadcrumb\",\"itemListElement\":[{\"@type\":\"ListItem\",\"position\":1,\"name\":\"Accueil\",\"item\":\"https:\/\/www.lavisqteam.fr\/\"},{\"@type\":\"ListItem\",\"position\":2,\"name\":\"I Feel Good\"}]},{\"@type\":\"WebSite\",\"@id\":\"https:\/\/www.lavisqteam.fr\/#website\",\"url\":\"https:\/\/www.lavisqteam.fr\/\",\"name\":\"Lavisqteam.fr\",\"description\":\"\",\"publisher\":{\"@id\":\"https:\/\/www.lavisqteam.fr\/#organization\"},\"potentialAction\":[{\"@type\":\"SearchAction\",\"target\":{\"@type\":\"EntryPoint\",\"urlTemplate\":\"https:\/\/www.lavisqteam.fr\/?s={search_term_string}\"},\"query-input\":\"required name=search_term_string\"}],\"inLanguage\":\"fr-FR\"},{\"@type\":\"Organization\",\"@id\":\"https:\/\/www.lavisqteam.fr\/#organization\",\"name\":\"Lavisqteam.fr\",\"url\":\"https:\/\/www.lavisqteam.fr\/\",\"sameAs\":[],\"logo\":{\"@type\":\"ImageObject\",\"inLanguage\":\"fr-FR\",\"@id\":\"https:\/\/www.lavisqteam.fr\/#\/schema\/logo\/image\/\",\"url\":\"https:\/\/www.lavisqteam.fr\/wp-content\/uploads\/2020\/08\/cropped-80879545_3479261675449035_4078032831501041664_o-4.jpg\",\"contentUrl\":\"https:\/\/www.lavisqteam.fr\/wp-content\/uploads\/2020\/08\/cropped-80879545_3479261675449035_4078032831501041664_o-4.jpg\",\"width\":1674,\"height\":536,\"caption\":\"Lavisqteam.fr\"},\"image\":{\"@id\":\"https:\/\/www.lavisqteam.fr\/#\/schema\/logo\/image\/\"}},{\"@type\":\"Person\",\"@id\":\"https:\/\/www.lavisqteam.fr\/#\/schema\/person\/da11d7c30bf135b288b17cc576708c2d\",\"name\":\"AqME\",\"image\":{\"@type\":\"ImageObject\",\"inLanguage\":\"fr-FR\",\"@id\":\"https:\/\/www.lavisqteam.fr\/#\/schema\/person\/image\/\",\"url\":\"https:\/\/secure.gravatar.com\/avatar\/4a87d013fc854acd0f25858a13573675?s=96&d=mm&r=g\",\"contentUrl\":\"https:\/\/secure.gravatar.com\/avatar\/4a87d013fc854acd0f25858a13573675?s=96&d=mm&r=g\",\"caption\":\"AqME\"},\"description\":\"Amateur d'horreur, M\u00e9talleux dans l'\u00e2me, je succombe facilement \u00e0 des images de chatons.\",\"url\":\"https:\/\/www.lavisqteam.fr\/?author=1\"}]}<\/script>\n<!-- \/ Yoast SEO plugin. -->","yoast_head_json":{"title":"I Feel Good - Lavisqteam.fr","robots":{"index":"index","follow":"follow","max-snippet":"max-snippet:-1","max-image-preview":"max-image-preview:large","max-video-preview":"max-video-preview:-1"},"canonical":"https:\/\/www.lavisqteam.fr\/?p=38130","og_locale":"fr_FR","og_type":"article","og_title":"I Feel Good - Lavisqteam.fr","og_description":"De\u00a0: Beno\u00eet Del\u00e9pine et Gustave Kervern Avec Jean Dujardin, Yolande Moreau, Joseph Dahan, Lou Castel Ann\u00e9e\u00a0: 2018 Pays\u00a0: France Genre\u00a0: Com\u00e9die R\u00e9sum\u00e9\u00a0: Monique dirige une &hellip;","og_url":"https:\/\/www.lavisqteam.fr\/?p=38130","og_site_name":"Lavisqteam.fr","article_published_time":"2018-10-03T16:51:55+00:00","og_image":[{"url":"http:\/\/www.lavisqteam.fr\/wp-content\/uploads\/2018\/10\/42930676_300153057465838_5050348762287833088_n.jpg"}],"author":"AqME","twitter_card":"summary_large_image","twitter_misc":{"\u00c9crit par":"AqME","Dur\u00e9e de lecture estim\u00e9e":"5 minutes"},"schema":{"@context":"https:\/\/schema.org","@graph":[{"@type":"Article","@id":"https:\/\/www.lavisqteam.fr\/?p=38130#article","isPartOf":{"@id":"https:\/\/www.lavisqteam.fr\/?p=38130"},"author":{"name":"AqME","@id":"https:\/\/www.lavisqteam.fr\/#\/schema\/person\/da11d7c30bf135b288b17cc576708c2d"},"headline":"I Feel Good","datePublished":"2018-10-03T16:51:55+00:00","dateModified":"2018-10-03T16:51:55+00:00","mainEntityOfPage":{"@id":"https:\/\/www.lavisqteam.fr\/?p=38130"},"wordCount":935,"commentCount":1,"publisher":{"@id":"https:\/\/www.lavisqteam.fr\/#organization"},"articleSection":["Cin\u00e9ma"],"inLanguage":"fr-FR","potentialAction":[{"@type":"CommentAction","name":"Comment","target":["https:\/\/www.lavisqteam.fr\/?p=38130#respond"]}]},{"@type":"WebPage","@id":"https:\/\/www.lavisqteam.fr\/?p=38130","url":"https:\/\/www.lavisqteam.fr\/?p=38130","name":"I Feel Good - Lavisqteam.fr","isPartOf":{"@id":"https:\/\/www.lavisqteam.fr\/#website"},"datePublished":"2018-10-03T16:51:55+00:00","dateModified":"2018-10-03T16:51:55+00:00","breadcrumb":{"@id":"https:\/\/www.lavisqteam.fr\/?p=38130#breadcrumb"},"inLanguage":"fr-FR","potentialAction":[{"@type":"ReadAction","target":["https:\/\/www.lavisqteam.fr\/?p=38130"]}]},{"@type":"BreadcrumbList","@id":"https:\/\/www.lavisqteam.fr\/?p=38130#breadcrumb","itemListElement":[{"@type":"ListItem","position":1,"name":"Accueil","item":"https:\/\/www.lavisqteam.fr\/"},{"@type":"ListItem","position":2,"name":"I Feel Good"}]},{"@type":"WebSite","@id":"https:\/\/www.lavisqteam.fr\/#website","url":"https:\/\/www.lavisqteam.fr\/","name":"Lavisqteam.fr","description":"","publisher":{"@id":"https:\/\/www.lavisqteam.fr\/#organization"},"potentialAction":[{"@type":"SearchAction","target":{"@type":"EntryPoint","urlTemplate":"https:\/\/www.lavisqteam.fr\/?s={search_term_string}"},"query-input":"required name=search_term_string"}],"inLanguage":"fr-FR"},{"@type":"Organization","@id":"https:\/\/www.lavisqteam.fr\/#organization","name":"Lavisqteam.fr","url":"https:\/\/www.lavisqteam.fr\/","sameAs":[],"logo":{"@type":"ImageObject","inLanguage":"fr-FR","@id":"https:\/\/www.lavisqteam.fr\/#\/schema\/logo\/image\/","url":"https:\/\/www.lavisqteam.fr\/wp-content\/uploads\/2020\/08\/cropped-80879545_3479261675449035_4078032831501041664_o-4.jpg","contentUrl":"https:\/\/www.lavisqteam.fr\/wp-content\/uploads\/2020\/08\/cropped-80879545_3479261675449035_4078032831501041664_o-4.jpg","width":1674,"height":536,"caption":"Lavisqteam.fr"},"image":{"@id":"https:\/\/www.lavisqteam.fr\/#\/schema\/logo\/image\/"}},{"@type":"Person","@id":"https:\/\/www.lavisqteam.fr\/#\/schema\/person\/da11d7c30bf135b288b17cc576708c2d","name":"AqME","image":{"@type":"ImageObject","inLanguage":"fr-FR","@id":"https:\/\/www.lavisqteam.fr\/#\/schema\/person\/image\/","url":"https:\/\/secure.gravatar.com\/avatar\/4a87d013fc854acd0f25858a13573675?s=96&d=mm&r=g","contentUrl":"https:\/\/secure.gravatar.com\/avatar\/4a87d013fc854acd0f25858a13573675?s=96&d=mm&r=g","caption":"AqME"},"description":"Amateur d'horreur, M\u00e9talleux dans l'\u00e2me, je succombe facilement \u00e0 des images de chatons.","url":"https:\/\/www.lavisqteam.fr\/?author=1"}]}},"jetpack_featured_media_url":"","_links":{"self":[{"href":"https:\/\/www.lavisqteam.fr\/index.php?rest_route=\/wp\/v2\/posts\/38130"}],"collection":[{"href":"https:\/\/www.lavisqteam.fr\/index.php?rest_route=\/wp\/v2\/posts"}],"about":[{"href":"https:\/\/www.lavisqteam.fr\/index.php?rest_route=\/wp\/v2\/types\/post"}],"author":[{"embeddable":true,"href":"https:\/\/www.lavisqteam.fr\/index.php?rest_route=\/wp\/v2\/users\/1"}],"replies":[{"embeddable":true,"href":"https:\/\/www.lavisqteam.fr\/index.php?rest_route=%2Fwp%2Fv2%2Fcomments&post=38130"}],"version-history":[{"count":1,"href":"https:\/\/www.lavisqteam.fr\/index.php?rest_route=\/wp\/v2\/posts\/38130\/revisions"}],"predecessor-version":[{"id":38134,"href":"https:\/\/www.lavisqteam.fr\/index.php?rest_route=\/wp\/v2\/posts\/38130\/revisions\/38134"}],"wp:attachment":[{"href":"https:\/\/www.lavisqteam.fr\/index.php?rest_route=%2Fwp%2Fv2%2Fmedia&parent=38130"}],"wp:term":[{"taxonomy":"category","embeddable":true,"href":"https:\/\/www.lavisqteam.fr\/index.php?rest_route=%2Fwp%2Fv2%2Fcategories&post=38130"},{"taxonomy":"post_tag","embeddable":true,"href":"https:\/\/www.lavisqteam.fr\/index.php?rest_route=%2Fwp%2Fv2%2Ftags&post=38130"}],"curies":[{"name":"wp","href":"https:\/\/api.w.org\/{rel}","templated":true}]}}