{"id":37913,"date":"2018-09-25T06:59:44","date_gmt":"2018-09-25T06:59:44","guid":{"rendered":"http:\/\/www.lavisqteam.fr\/?p=37913"},"modified":"2018-09-25T06:59:44","modified_gmt":"2018-09-25T06:59:44","slug":"blancanieves","status":"publish","type":"post","link":"https:\/\/www.lavisqteam.fr\/?p=37913","title":{"rendered":"Blancanieves"},"content":{"rendered":"<p style=\"text-align: center;\"><a href=\"https:\/\/www.lavisqteam.fr\/wp-content\/uploads\/2018\/09\/41764917_235124607167681_411617699869753344_n.jpg\"><img loading=\"lazy\" class=\"alignnone wp-image-37914\" src=\"https:\/\/www.lavisqteam.fr\/wp-content\/uploads\/2018\/09\/41764917_235124607167681_411617699869753344_n.jpg\" alt=\"\" width=\"600\" height=\"800\" srcset=\"https:\/\/www.lavisqteam.fr\/wp-content\/uploads\/2018\/09\/41764917_235124607167681_411617699869753344_n.jpg 720w, https:\/\/www.lavisqteam.fr\/wp-content\/uploads\/2018\/09\/41764917_235124607167681_411617699869753344_n-225x300.jpg 225w\" sizes=\"(max-width: 600px) 100vw, 600px\" \/><\/a><\/p>\n<p><strong>De\u00a0: <\/strong>Pablo Berger<\/p>\n<p><strong>Avec <\/strong>Maribel Verdu, Macarena Garcia, Daniel Gimenez Cacho, Angela Molina<\/p>\n<p><strong>Ann\u00e9e\u00a0: <\/strong>2013<\/p>\n<p><strong>Pays\u00a0: <\/strong>Espagne<\/p>\n<p><strong>Genre\u00a0: <\/strong>Drame<\/p>\n<p><strong>R\u00e9sum\u00e9\u00a0:<\/strong><\/p>\n<p>Sud de l\u2019Espagne, dans les ann\u00e9es 20. Carmen est une belle jeune fille dont l\u2019enfance a \u00e9t\u00e9 hant\u00e9e par une belle-m\u00e8re acari\u00e2tre. Fuyant un pass\u00e9 dont elle n\u2019a plus m\u00e9moire, Carmen va faire une rencontre insolite : une troupe ambulante de nains toreros qui va l\u2019adopter et lui donner le surnom de \u00ab\u00a0Blancanieves\u00a0\u00bb. C\u2019est le d\u00e9but d\u2019une aventure qui va conduire Carmen\/Blancanieves vers elle-m\u00eame, vers son pass\u00e9, et surtout vers un destin \u00e0 nul autre semblable\u2026<\/p>\n<p><strong>Avis\u00a0:<\/strong><\/p>\n<p>R\u00e9alisateur espagnol au parcours atypique, <em>Pablo Berger<\/em> c&rsquo;est tout d&rsquo;abord un court-m\u00e9trage fin des ann\u00e9es 80, avant de s&rsquo;exiler plusieurs ann\u00e9es aux Etats-Unis gr\u00e2ce \u00e0 une bourse obtenue aux d\u00e9buts des ann\u00e9es 90. <em>Pablo Berger<\/em> va travailler dans la publicit\u00e9 et le clip, avant d&rsquo;enseigner dans les plus grandes universit\u00e9s des \u00c9tats-Unis. \u00c0 son actif, il a les universit\u00e9s de New-York, Princeton et Yale. Il a m\u00eame enseign\u00e9 \u00e0 celle de Cambridge en Angleterre. Bref, apr\u00e8s plus d&rsquo;une dizaine d&rsquo;ann\u00e9es, il rentre en Espagne pour tourner son premier film, \u00ab\u00a0<strong>Torremolinos 73<\/strong>\u00a0\u00bb qui sortira en 2003. Un premier film qui trouvera son petit succ\u00e8s.<\/p>\n<p>Apr\u00e8s \u00e7a, le r\u00e9alisateur ne va plus donner de nouvelles pendant dix ans, jusqu&rsquo;\u00e0 ce qu&rsquo;il pr\u00e9sente \u00ab\u00a0<strong>Blanca Nieves<\/strong>\u00ab\u00a0. Loin de ce qui se fait ces derni\u00e8res ann\u00e9es, pour son deuxi\u00e8me film le r\u00e9alisateur est de retour avec ce qui sera s\u00fbrement le projet le plus audacieux, pour ne pas dire fou, de sa carri\u00e8re. Imaginez donc, apr\u00e8s dix ans, <em>Pablo Berger<\/em> revient avec une adaptation plus que libre du \u00ab\u00a0<strong>Blanche Neige<\/strong>\u00ab\u00a0, tourner en noir et blanc, en muet, et le tout \u00e0 la sauce espagnole, agr\u00e9ment\u00e9e de tauromachie&#8230; Il fallait vraiment l&rsquo;oser et le r\u00e9sultat est incroyable, bluffant et prodigieux. Un petit prodige qui rapportera \u00e0 son r\u00e9alisateur pas moins de dix Goya, dont celui du meilleur film et c&rsquo;est plus qu&rsquo;amplement m\u00e9rit\u00e9 !<\/p>\n<p style=\"text-align: center;\"><a href=\"https:\/\/www.lavisqteam.fr\/wp-content\/uploads\/2018\/09\/41784483_272409803603986_1204091573172699136_n.jpg\"><img loading=\"lazy\" class=\"alignnone size-large wp-image-37917\" src=\"https:\/\/www.lavisqteam.fr\/wp-content\/uploads\/2018\/09\/41784483_272409803603986_1204091573172699136_n-1024x683.jpg\" alt=\"\" width=\"600\" height=\"400\" srcset=\"https:\/\/www.lavisqteam.fr\/wp-content\/uploads\/2018\/09\/41784483_272409803603986_1204091573172699136_n-1024x683.jpg 1024w, https:\/\/www.lavisqteam.fr\/wp-content\/uploads\/2018\/09\/41784483_272409803603986_1204091573172699136_n-300x200.jpg 300w, https:\/\/www.lavisqteam.fr\/wp-content\/uploads\/2018\/09\/41784483_272409803603986_1204091573172699136_n-768x512.jpg 768w, https:\/\/www.lavisqteam.fr\/wp-content\/uploads\/2018\/09\/41784483_272409803603986_1204091573172699136_n.jpg 1200w\" sizes=\"(max-width: 600px) 100vw, 600px\" \/><\/a><\/p>\n<p>Dans les ann\u00e9es 20 \u00e0 Seville, Antonio Villalta est le plus c\u00e9l\u00e8bre des matadors. Il est mari\u00e9 \u00e0 la sublime Carmen avec laquelle il attend un enfant. Mais ce bonheur va c\u00e9der et il voit sa vie d\u00e9truite en un rien de temps quand les flashes d&rsquo;un photographe excitent et rendent le taureau impr\u00e9visible. Dans la m\u00eame journ\u00e9e, il va perdre ses jambes, il va perdre sa femme, qui mourra en couche, rejettera son enfant et tombera sans s&rsquo;en rendre compte sous les manipulations d&rsquo;une infirmi\u00e8re avide d&rsquo;argent. Des ann\u00e9es plus tard, \u00e0 la mort d&rsquo;Antonio, son enfant \u00e9chappera \u00e0 une tentative d&rsquo;assassinat de celle qui est devenue sa belle-m\u00e8re. Recueillie par une bande de nains saltimbanques, la jeune fille qu&rsquo;on renomme Blanca Nieves (Blanche Neige par rapport au conte) deviendra une grande matador&#8230;<\/p>\n<p>Incroyable, envo\u00fbtant, d\u00e9stabilisant, \u00e9mouvant, po\u00e9tique, on a bien du mal \u00e0 placer les mots justes pour aborder \u00ab\u00a0<strong>Blanca Nieves<\/strong>\u00ab\u00a0. Avec ce film, <em>Pablo Berger<\/em> r\u00e9invente \u00ab\u00a0<strong>Blanche Neige<\/strong>\u00a0\u00bb comme personne ne l&rsquo;avait fait ! Partant d&rsquo;avant la naissance du personnage, <em>Pablo Berger <\/em>s&rsquo;aventure \u00e0 nous raconter une histoire aussi sublime qu&rsquo;elle est d&rsquo;une tr\u00e8s grande cruaut\u00e9. Original et inventif, le r\u00e9alisateur nous offre une autre vision du conte et offre un autre genre de cin\u00e9ma, bien loin des conventions.<\/p>\n<p>Ce qui est magique, car oui, c&rsquo;est bien de la magie, c&rsquo;est le fait que le r\u00e9alisateur arrive tout le temps \u00e0 nous surprendre, nous envo\u00fbter et nous enchanter avec une histoire qu&rsquo;on conna\u00eet pourtant par c\u0153ur. Ici, <em>Pablo Berger<\/em> change tout et garde tout de l&rsquo;histoire originale, ce qui fait qu&rsquo;on prend un plaisir incroyable \u00e0 red\u00e9couvrir ce conte.<\/p>\n<p>Alors avec un projet aussi fou que celui-ci, on pourrait penser que c&rsquo;est de la d\u00e9monstration et que finalement, le r\u00e9alisateur veut se faire mousser avec un film qui sort des conventions, pour qu&rsquo;on le remarque, mais ce n&rsquo;est absolument pas le cas ici. L&rsquo;id\u00e9e de tourner en muet apporte beaucoup de profondeur et de beaut\u00e9 \u00e0 ce conte. \u00c7a lui apporte de la po\u00e9sie, un certain suspens et surtout un \u00e9norme sens de l&rsquo;imaginaire, puisque l&rsquo;on ne peut que deviner certains dialogues entre les personnages.<\/p>\n<p>Puis il y a l&rsquo;id\u00e9e de faire un film en noir et blanc et l\u00e0 encore, c&rsquo;est incroyable. Outre le fait que la photographie soit une \u0153uvre d&rsquo;art \u00e0 elle seule, on notera la richesse des plans, la beaut\u00e9 qui ressort de chaque image. Avec ce noir et blanc, \u00ab\u00a0<strong>Blanca Nieves<\/strong>\u00a0\u00bb a des allures de com\u00e9die burlesque par moments, et \u00e0 d&rsquo;autres moments, il sera un drame d&rsquo;une grande noirceur. Un drame terrible, cruel, ayant presque un c\u00f4t\u00e9 \u00ab\u00a0<strong>Freaks<\/strong>\u00ab\u00a0, un c\u00f4t\u00e9 o\u00f9 chaque ombre fait ressortir la trag\u00e9die. On sent que <em>Pablo Berger<\/em> a r\u00e9fl\u00e9chi et travaill\u00e9 son projet. On sent qu&rsquo;il n&rsquo;est pas l\u00e0 pour nous en mettre plein la vue. Non, il est l\u00e0 pour nous emporter dans un univers et nous faire une histoire autrement, et \u00e7a fait bien plus que fonctionner.<\/p>\n<p>On ajoutera \u00e0 cela le casting incroyable, o\u00f9 chaque com\u00e9dien est une r\u00e9v\u00e9lation, m\u00eame ceux qu&rsquo;on connaissait d\u00e9j\u00e0. <em>Maribel Verd\u00fa<\/em> est bluffante et terrifiante de bout en bout ! On ne peut qu&rsquo;\u00eatre touch\u00e9 par la jeune <em>Sof\u00eda Oria<\/em> et <em>Macarena Garc\u00eda<\/em> qui incarnent toutes deux Blanche Neige \u00e0 diff\u00e9rents \u00e2ges. <em>Daniel Gim\u00e9nez Cacho<\/em> est incroyable en p\u00e8re an\u00e9anti. Quant \u00e0 la troupe qui compose les nains, ils sont g\u00e9niaux.<\/p>\n<p style=\"text-align: center;\"><a href=\"https:\/\/www.lavisqteam.fr\/wp-content\/uploads\/2018\/09\/41801844_467216653790952_8648245906983878656_n.jpg\"><img loading=\"lazy\" class=\"alignnone size-large wp-image-37916\" src=\"https:\/\/www.lavisqteam.fr\/wp-content\/uploads\/2018\/09\/41801844_467216653790952_8648245906983878656_n-1024x683.jpg\" alt=\"\" width=\"600\" height=\"400\" srcset=\"https:\/\/www.lavisqteam.fr\/wp-content\/uploads\/2018\/09\/41801844_467216653790952_8648245906983878656_n-1024x683.jpg 1024w, https:\/\/www.lavisqteam.fr\/wp-content\/uploads\/2018\/09\/41801844_467216653790952_8648245906983878656_n-300x200.jpg 300w, https:\/\/www.lavisqteam.fr\/wp-content\/uploads\/2018\/09\/41801844_467216653790952_8648245906983878656_n-768x512.jpg 768w, https:\/\/www.lavisqteam.fr\/wp-content\/uploads\/2018\/09\/41801844_467216653790952_8648245906983878656_n.jpg 1200w\" sizes=\"(max-width: 600px) 100vw, 600px\" \/><\/a><\/p>\n<p>Pour son deuxi\u00e8me film, <em>Pablo Berger<\/em> nous offre un petit chef d&rsquo;\u0153uvre aussi bouleversant qu&rsquo;envo\u00fbtant et marquant. Superbe, magn\u00e9tique, po\u00e9tique, ravageur, \u00ab\u00a0<strong>Blanca Nieves<\/strong>\u00a0\u00bb \u00e9tait plus qu&rsquo;os\u00e9 et c&rsquo;est une r\u00e9ussite totale. Une r\u00e9ussite qui fait na\u00eetre en moi un regret, l&rsquo;avoir d\u00e9couvert seulement sur ma petite t\u00e9l\u00e9, parce qu&rsquo;avec une telle \u0153uvre, on ne peut qu&rsquo;imaginer l&rsquo;impact plus puissant encore avec l&rsquo;exp\u00e9rience de la salle. Bref, \u00ab\u00a0<strong>Blanca Nieves<\/strong>\u00a0\u00bb est une merveille immanquable.<\/p>\n<p><strong>Note\u00a0: 18\/20<\/strong><\/p>\n<p style=\"text-align: center;\">[youtube]https:\/\/www.youtube.com\/watch?v=I-METoks7wk[\/youtube]<\/p>\n<p style=\"text-align: right;\">Par\u00a0<strong>Cin\u00e9ted<\/strong><\/p>\n","protected":false},"excerpt":{"rendered":"<p>De\u00a0: Pablo Berger Avec Maribel Verdu, Macarena Garcia, Daniel Gimenez Cacho, Angela Molina Ann\u00e9e\u00a0: 2013 Pays\u00a0: Espagne Genre\u00a0: Drame R\u00e9sum\u00e9\u00a0: Sud de l\u2019Espagne, dans les &hellip; <\/p>\n","protected":false},"author":1,"featured_media":0,"comment_status":"open","ping_status":"open","sticky":false,"template":"","format":"standard","meta":[],"categories":[7],"tags":[],"yoast_head":"<!-- This site is optimized with the Yoast SEO plugin v19.6.1 - https:\/\/yoast.com\/wordpress\/plugins\/seo\/ -->\n<title>Blancanieves - Lavisqteam.fr<\/title>\n<meta name=\"robots\" content=\"index, follow, max-snippet:-1, max-image-preview:large, max-video-preview:-1\" \/>\n<link rel=\"canonical\" href=\"https:\/\/www.lavisqteam.fr\/?p=37913\" \/>\n<meta property=\"og:locale\" content=\"fr_FR\" \/>\n<meta property=\"og:type\" content=\"article\" \/>\n<meta property=\"og:title\" content=\"Blancanieves - Lavisqteam.fr\" \/>\n<meta property=\"og:description\" content=\"De\u00a0: Pablo Berger Avec Maribel Verdu, Macarena Garcia, Daniel Gimenez Cacho, Angela Molina Ann\u00e9e\u00a0: 2013 Pays\u00a0: Espagne Genre\u00a0: Drame R\u00e9sum\u00e9\u00a0: Sud de l\u2019Espagne, dans les &hellip;\" \/>\n<meta property=\"og:url\" content=\"https:\/\/www.lavisqteam.fr\/?p=37913\" \/>\n<meta property=\"og:site_name\" content=\"Lavisqteam.fr\" \/>\n<meta property=\"article:published_time\" content=\"2018-09-25T06:59:44+00:00\" \/>\n<meta property=\"og:image\" content=\"http:\/\/www.lavisqteam.fr\/wp-content\/uploads\/2018\/09\/41764917_235124607167681_411617699869753344_n.jpg\" \/>\n<meta name=\"author\" content=\"AqME\" \/>\n<meta name=\"twitter:card\" content=\"summary_large_image\" \/>\n<meta name=\"twitter:label1\" content=\"\u00c9crit par\" \/>\n\t<meta name=\"twitter:data1\" content=\"AqME\" \/>\n\t<meta name=\"twitter:label2\" content=\"Dur\u00e9e de lecture estim\u00e9e\" \/>\n\t<meta name=\"twitter:data2\" content=\"5 minutes\" \/>\n<script type=\"application\/ld+json\" class=\"yoast-schema-graph\">{\"@context\":\"https:\/\/schema.org\",\"@graph\":[{\"@type\":\"Article\",\"@id\":\"https:\/\/www.lavisqteam.fr\/?p=37913#article\",\"isPartOf\":{\"@id\":\"https:\/\/www.lavisqteam.fr\/?p=37913\"},\"author\":{\"name\":\"AqME\",\"@id\":\"https:\/\/www.lavisqteam.fr\/#\/schema\/person\/da11d7c30bf135b288b17cc576708c2d\"},\"headline\":\"Blancanieves\",\"datePublished\":\"2018-09-25T06:59:44+00:00\",\"dateModified\":\"2018-09-25T06:59:44+00:00\",\"mainEntityOfPage\":{\"@id\":\"https:\/\/www.lavisqteam.fr\/?p=37913\"},\"wordCount\":1046,\"commentCount\":0,\"publisher\":{\"@id\":\"https:\/\/www.lavisqteam.fr\/#organization\"},\"articleSection\":[\"Cin\u00e9ma\"],\"inLanguage\":\"fr-FR\",\"potentialAction\":[{\"@type\":\"CommentAction\",\"name\":\"Comment\",\"target\":[\"https:\/\/www.lavisqteam.fr\/?p=37913#respond\"]}]},{\"@type\":\"WebPage\",\"@id\":\"https:\/\/www.lavisqteam.fr\/?p=37913\",\"url\":\"https:\/\/www.lavisqteam.fr\/?p=37913\",\"name\":\"Blancanieves - Lavisqteam.fr\",\"isPartOf\":{\"@id\":\"https:\/\/www.lavisqteam.fr\/#website\"},\"datePublished\":\"2018-09-25T06:59:44+00:00\",\"dateModified\":\"2018-09-25T06:59:44+00:00\",\"breadcrumb\":{\"@id\":\"https:\/\/www.lavisqteam.fr\/?p=37913#breadcrumb\"},\"inLanguage\":\"fr-FR\",\"potentialAction\":[{\"@type\":\"ReadAction\",\"target\":[\"https:\/\/www.lavisqteam.fr\/?p=37913\"]}]},{\"@type\":\"BreadcrumbList\",\"@id\":\"https:\/\/www.lavisqteam.fr\/?p=37913#breadcrumb\",\"itemListElement\":[{\"@type\":\"ListItem\",\"position\":1,\"name\":\"Accueil\",\"item\":\"https:\/\/www.lavisqteam.fr\/\"},{\"@type\":\"ListItem\",\"position\":2,\"name\":\"Blancanieves\"}]},{\"@type\":\"WebSite\",\"@id\":\"https:\/\/www.lavisqteam.fr\/#website\",\"url\":\"https:\/\/www.lavisqteam.fr\/\",\"name\":\"Lavisqteam.fr\",\"description\":\"\",\"publisher\":{\"@id\":\"https:\/\/www.lavisqteam.fr\/#organization\"},\"potentialAction\":[{\"@type\":\"SearchAction\",\"target\":{\"@type\":\"EntryPoint\",\"urlTemplate\":\"https:\/\/www.lavisqteam.fr\/?s={search_term_string}\"},\"query-input\":\"required name=search_term_string\"}],\"inLanguage\":\"fr-FR\"},{\"@type\":\"Organization\",\"@id\":\"https:\/\/www.lavisqteam.fr\/#organization\",\"name\":\"Lavisqteam.fr\",\"url\":\"https:\/\/www.lavisqteam.fr\/\",\"sameAs\":[],\"logo\":{\"@type\":\"ImageObject\",\"inLanguage\":\"fr-FR\",\"@id\":\"https:\/\/www.lavisqteam.fr\/#\/schema\/logo\/image\/\",\"url\":\"https:\/\/www.lavisqteam.fr\/wp-content\/uploads\/2020\/08\/cropped-80879545_3479261675449035_4078032831501041664_o-4.jpg\",\"contentUrl\":\"https:\/\/www.lavisqteam.fr\/wp-content\/uploads\/2020\/08\/cropped-80879545_3479261675449035_4078032831501041664_o-4.jpg\",\"width\":1674,\"height\":536,\"caption\":\"Lavisqteam.fr\"},\"image\":{\"@id\":\"https:\/\/www.lavisqteam.fr\/#\/schema\/logo\/image\/\"}},{\"@type\":\"Person\",\"@id\":\"https:\/\/www.lavisqteam.fr\/#\/schema\/person\/da11d7c30bf135b288b17cc576708c2d\",\"name\":\"AqME\",\"image\":{\"@type\":\"ImageObject\",\"inLanguage\":\"fr-FR\",\"@id\":\"https:\/\/www.lavisqteam.fr\/#\/schema\/person\/image\/\",\"url\":\"https:\/\/secure.gravatar.com\/avatar\/4a87d013fc854acd0f25858a13573675?s=96&d=mm&r=g\",\"contentUrl\":\"https:\/\/secure.gravatar.com\/avatar\/4a87d013fc854acd0f25858a13573675?s=96&d=mm&r=g\",\"caption\":\"AqME\"},\"description\":\"Amateur d'horreur, M\u00e9talleux dans l'\u00e2me, je succombe facilement \u00e0 des images de chatons.\",\"url\":\"https:\/\/www.lavisqteam.fr\/?author=1\"}]}<\/script>\n<!-- \/ Yoast SEO plugin. -->","yoast_head_json":{"title":"Blancanieves - Lavisqteam.fr","robots":{"index":"index","follow":"follow","max-snippet":"max-snippet:-1","max-image-preview":"max-image-preview:large","max-video-preview":"max-video-preview:-1"},"canonical":"https:\/\/www.lavisqteam.fr\/?p=37913","og_locale":"fr_FR","og_type":"article","og_title":"Blancanieves - Lavisqteam.fr","og_description":"De\u00a0: Pablo Berger Avec Maribel Verdu, Macarena Garcia, Daniel Gimenez Cacho, Angela Molina Ann\u00e9e\u00a0: 2013 Pays\u00a0: Espagne Genre\u00a0: Drame R\u00e9sum\u00e9\u00a0: Sud de l\u2019Espagne, dans les &hellip;","og_url":"https:\/\/www.lavisqteam.fr\/?p=37913","og_site_name":"Lavisqteam.fr","article_published_time":"2018-09-25T06:59:44+00:00","og_image":[{"url":"http:\/\/www.lavisqteam.fr\/wp-content\/uploads\/2018\/09\/41764917_235124607167681_411617699869753344_n.jpg"}],"author":"AqME","twitter_card":"summary_large_image","twitter_misc":{"\u00c9crit par":"AqME","Dur\u00e9e de lecture estim\u00e9e":"5 minutes"},"schema":{"@context":"https:\/\/schema.org","@graph":[{"@type":"Article","@id":"https:\/\/www.lavisqteam.fr\/?p=37913#article","isPartOf":{"@id":"https:\/\/www.lavisqteam.fr\/?p=37913"},"author":{"name":"AqME","@id":"https:\/\/www.lavisqteam.fr\/#\/schema\/person\/da11d7c30bf135b288b17cc576708c2d"},"headline":"Blancanieves","datePublished":"2018-09-25T06:59:44+00:00","dateModified":"2018-09-25T06:59:44+00:00","mainEntityOfPage":{"@id":"https:\/\/www.lavisqteam.fr\/?p=37913"},"wordCount":1046,"commentCount":0,"publisher":{"@id":"https:\/\/www.lavisqteam.fr\/#organization"},"articleSection":["Cin\u00e9ma"],"inLanguage":"fr-FR","potentialAction":[{"@type":"CommentAction","name":"Comment","target":["https:\/\/www.lavisqteam.fr\/?p=37913#respond"]}]},{"@type":"WebPage","@id":"https:\/\/www.lavisqteam.fr\/?p=37913","url":"https:\/\/www.lavisqteam.fr\/?p=37913","name":"Blancanieves - Lavisqteam.fr","isPartOf":{"@id":"https:\/\/www.lavisqteam.fr\/#website"},"datePublished":"2018-09-25T06:59:44+00:00","dateModified":"2018-09-25T06:59:44+00:00","breadcrumb":{"@id":"https:\/\/www.lavisqteam.fr\/?p=37913#breadcrumb"},"inLanguage":"fr-FR","potentialAction":[{"@type":"ReadAction","target":["https:\/\/www.lavisqteam.fr\/?p=37913"]}]},{"@type":"BreadcrumbList","@id":"https:\/\/www.lavisqteam.fr\/?p=37913#breadcrumb","itemListElement":[{"@type":"ListItem","position":1,"name":"Accueil","item":"https:\/\/www.lavisqteam.fr\/"},{"@type":"ListItem","position":2,"name":"Blancanieves"}]},{"@type":"WebSite","@id":"https:\/\/www.lavisqteam.fr\/#website","url":"https:\/\/www.lavisqteam.fr\/","name":"Lavisqteam.fr","description":"","publisher":{"@id":"https:\/\/www.lavisqteam.fr\/#organization"},"potentialAction":[{"@type":"SearchAction","target":{"@type":"EntryPoint","urlTemplate":"https:\/\/www.lavisqteam.fr\/?s={search_term_string}"},"query-input":"required name=search_term_string"}],"inLanguage":"fr-FR"},{"@type":"Organization","@id":"https:\/\/www.lavisqteam.fr\/#organization","name":"Lavisqteam.fr","url":"https:\/\/www.lavisqteam.fr\/","sameAs":[],"logo":{"@type":"ImageObject","inLanguage":"fr-FR","@id":"https:\/\/www.lavisqteam.fr\/#\/schema\/logo\/image\/","url":"https:\/\/www.lavisqteam.fr\/wp-content\/uploads\/2020\/08\/cropped-80879545_3479261675449035_4078032831501041664_o-4.jpg","contentUrl":"https:\/\/www.lavisqteam.fr\/wp-content\/uploads\/2020\/08\/cropped-80879545_3479261675449035_4078032831501041664_o-4.jpg","width":1674,"height":536,"caption":"Lavisqteam.fr"},"image":{"@id":"https:\/\/www.lavisqteam.fr\/#\/schema\/logo\/image\/"}},{"@type":"Person","@id":"https:\/\/www.lavisqteam.fr\/#\/schema\/person\/da11d7c30bf135b288b17cc576708c2d","name":"AqME","image":{"@type":"ImageObject","inLanguage":"fr-FR","@id":"https:\/\/www.lavisqteam.fr\/#\/schema\/person\/image\/","url":"https:\/\/secure.gravatar.com\/avatar\/4a87d013fc854acd0f25858a13573675?s=96&d=mm&r=g","contentUrl":"https:\/\/secure.gravatar.com\/avatar\/4a87d013fc854acd0f25858a13573675?s=96&d=mm&r=g","caption":"AqME"},"description":"Amateur d'horreur, M\u00e9talleux dans l'\u00e2me, je succombe facilement \u00e0 des images de chatons.","url":"https:\/\/www.lavisqteam.fr\/?author=1"}]}},"jetpack_featured_media_url":"","_links":{"self":[{"href":"https:\/\/www.lavisqteam.fr\/index.php?rest_route=\/wp\/v2\/posts\/37913"}],"collection":[{"href":"https:\/\/www.lavisqteam.fr\/index.php?rest_route=\/wp\/v2\/posts"}],"about":[{"href":"https:\/\/www.lavisqteam.fr\/index.php?rest_route=\/wp\/v2\/types\/post"}],"author":[{"embeddable":true,"href":"https:\/\/www.lavisqteam.fr\/index.php?rest_route=\/wp\/v2\/users\/1"}],"replies":[{"embeddable":true,"href":"https:\/\/www.lavisqteam.fr\/index.php?rest_route=%2Fwp%2Fv2%2Fcomments&post=37913"}],"version-history":[{"count":2,"href":"https:\/\/www.lavisqteam.fr\/index.php?rest_route=\/wp\/v2\/posts\/37913\/revisions"}],"predecessor-version":[{"id":37918,"href":"https:\/\/www.lavisqteam.fr\/index.php?rest_route=\/wp\/v2\/posts\/37913\/revisions\/37918"}],"wp:attachment":[{"href":"https:\/\/www.lavisqteam.fr\/index.php?rest_route=%2Fwp%2Fv2%2Fmedia&parent=37913"}],"wp:term":[{"taxonomy":"category","embeddable":true,"href":"https:\/\/www.lavisqteam.fr\/index.php?rest_route=%2Fwp%2Fv2%2Fcategories&post=37913"},{"taxonomy":"post_tag","embeddable":true,"href":"https:\/\/www.lavisqteam.fr\/index.php?rest_route=%2Fwp%2Fv2%2Ftags&post=37913"}],"curies":[{"name":"wp","href":"https:\/\/api.w.org\/{rel}","templated":true}]}}