{"id":37334,"date":"2018-09-01T18:54:23","date_gmt":"2018-09-01T18:54:23","guid":{"rendered":"http:\/\/www.lavisqteam.fr\/?p=37334"},"modified":"2018-09-01T18:54:23","modified_gmt":"2018-09-01T18:54:23","slug":"into-the-badlands-saison-2","status":"publish","type":"post","link":"https:\/\/www.lavisqteam.fr\/?p=37334","title":{"rendered":"Into the Badlands Saison 2"},"content":{"rendered":"<p style=\"text-align: center;\"><a href=\"https:\/\/www.lavisqteam.fr\/wp-content\/uploads\/2018\/09\/269921.jpg-r_1280_720-f_jpg-q_x-xxyxx.jpg\"><img loading=\"lazy\" class=\"alignnone size-full wp-image-37335\" src=\"https:\/\/www.lavisqteam.fr\/wp-content\/uploads\/2018\/09\/269921.jpg-r_1280_720-f_jpg-q_x-xxyxx.jpg\" alt=\"\" width=\"486\" height=\"720\" srcset=\"https:\/\/www.lavisqteam.fr\/wp-content\/uploads\/2018\/09\/269921.jpg-r_1280_720-f_jpg-q_x-xxyxx.jpg 486w, https:\/\/www.lavisqteam.fr\/wp-content\/uploads\/2018\/09\/269921.jpg-r_1280_720-f_jpg-q_x-xxyxx-203x300.jpg 203w\" sizes=\"(max-width: 486px) 100vw, 486px\" \/><\/a><\/p>\n<p><strong>D\u2019Apr\u00e8s une Id\u00e9e de: <\/strong>Alfred Gough et Miles Millar<\/p>\n<p><strong>Avec <\/strong>Daniel Wu, Emily Beecham, Marton Csokas, Orla Brady<\/p>\n<p><strong>Pays: <\/strong>Etats-Unis<\/p>\n<p><strong>Genre: <\/strong>Action<\/p>\n<p><strong>Nombre d\u2019Episodes: <\/strong>10<\/p>\n<p><strong>R\u00e9sum\u00e9:<\/strong><\/p>\n<p>Sur un territoire contr\u00f4l\u00e9 par sept barons rivaux, Quinn, l\u2019un des plus puissants d\u2019entre eux, doit faire face \u00e0 la mont\u00e9e en puissance d\u2019une redoutable adversaire, la Veuve, qui fait preuve d\u2019un app\u00e9tit f\u00e9roce pour l\u2019affrontement. Dans ces p\u00e9rilleuses contr\u00e9es, Sunny,\u00a0un redoutable guerrier, s\u2019embarque dans une dangereuse odyss\u00e9e en compagnie d\u2019un jeune gar\u00e7on, dot\u00e9 de myst\u00e9rieux pouvoirs, pour acc\u00e9der au-del\u00e0 des badlands et trouver la libert\u00e9.<\/p>\n<p><strong>Avis:<\/strong><\/p>\n<p>Parmi toutes les cha\u00eenes qui diffusent avec succ\u00e8s des s\u00e9ries qui commencent \u00e0 durer, AMC se place parmi les meilleures, notamment gr\u00e2ce \u00e0 sa s\u00e9rie phare, <strong>The Walking Dead<\/strong>. Alors non, on ne reviendra pas sur la qualit\u00e9 plus que moyenne de cette s\u00e9rie \u00e0 base de zombies, et de toute fa\u00e7on, il vaut mieux lire les comics, mais il y a une deuxi\u00e8me s\u00e9rie qui commence \u00e0 bien marcher et qui poss\u00e8de autant d\u2019h\u00e9moglobine, c\u2019est <strong>Into the Badlands<\/strong>. Dot\u00e9e d\u2019une premi\u00e8re saison de six \u00e9pisodes relativement efficace, <strong>Into the Badlands<\/strong> m\u00e9lange le fantastique aux arts martiaux pour un r\u00e9sultat d\u00e9tonnant, dans un univers que l\u2019on suppute post-apocalyptique et qui ne livre pas encore tous ses secrets. Et cette deuxi\u00e8me saison, un poil inf\u00e9rieure \u00e0 son a\u00een\u00e9 mais b\u00e9n\u00e9ficiant de quatre \u00e9pisodes suppl\u00e9mentaires, est plus personnelle tout en affinant son univers et laissant libre cours \u00e0 une troisi\u00e8me saison qui, on l\u2019esp\u00e8re ouvrira sur un monde plus grand et plus violent.<\/p>\n<p style=\"text-align: center;\"><a href=\"https:\/\/www.lavisqteam.fr\/wp-content\/uploads\/2018\/09\/into-the-badlands-palm-of-the-iron-fox-tilda-widow-waldo-season-2.png\"><img loading=\"lazy\" class=\"alignnone  wp-image-37337\" src=\"https:\/\/www.lavisqteam.fr\/wp-content\/uploads\/2018\/09\/into-the-badlands-palm-of-the-iron-fox-tilda-widow-waldo-season-2.png\" alt=\"\" width=\"601\" height=\"338\" srcset=\"https:\/\/www.lavisqteam.fr\/wp-content\/uploads\/2018\/09\/into-the-badlands-palm-of-the-iron-fox-tilda-widow-waldo-season-2.png 825w, https:\/\/www.lavisqteam.fr\/wp-content\/uploads\/2018\/09\/into-the-badlands-palm-of-the-iron-fox-tilda-widow-waldo-season-2-300x169.png 300w, https:\/\/www.lavisqteam.fr\/wp-content\/uploads\/2018\/09\/into-the-badlands-palm-of-the-iron-fox-tilda-widow-waldo-season-2-768x432.png 768w\" sizes=\"(max-width: 601px) 100vw, 601px\" \/><\/a><\/p>\n<p>Dans cette deuxi\u00e8me saison, il est question pour Sunny de revenir dans les Badlands afin de retrouver sa femme Veil et son fils Henry. La saison d\u00e9bute l\u00e0 o\u00f9 on avait laiss\u00e9 les personnages \u00e0 la fin du sixi\u00e8me \u00e9pisode, et on retrouve notre h\u00e9ros dans une posture d\u00e9licate, enferm\u00e9 dans des mines \u00e0 devoir creuser pour sa survie. Il va alors faire la connaissance de Bajie, un homme sans parole ventripotent mais qui connait beaucoup de choses sur l\u2019univers des terres d\u00e9vast\u00e9es entourant les Badlands. Sunny va donc faire \u00e9quipe avec lui pour retrouver les siens. Pendant ce temps, M.K. qui poss\u00e8de le fameux don, entreprend un entrainement rigoureux pour ma\u00eetriser son pouvoir. Mais le ma\u00eetre de son temple cache un lourd secret et il d\u00e9cide de s\u2019enfuir. En parall\u00e8le, l\u2019ancien baron Quinn, que l\u2019on pensait mort, est bien vivant, d\u00e9tenant Veil et Henry, et il est bien d\u00e9cid\u00e9 \u00e0 revenir se venger de son fils et de tous les autres barons. Bien \u00e9videmment, tout ce petit monde va se retrouver dans un dernier \u00e9pisode p\u00e9taradant, laissant aux protagonistes des choix complexes et cr\u00e8ve-c\u0153ur. Comme on peut le voir, cette deuxi\u00e8me saison est relativement riche et la difficult\u00e9 pour les showrunners est d\u2019imbriquer tout cela sans cr\u00e9er de rupture de rythme, n\u2019oubliant personne au passage, ajoutant m\u00eame quelques personnages comme Bajie.<\/p>\n<p>Et au bout du compte, on peut dire que c\u2019est plut\u00f4t r\u00e9ussi. En effet, cette deuxi\u00e8me saison met en avant chaque personnage dans sa propre qu\u00eate qui empi\u00e8te \u00e0 chaque fois sur celle de quelqu\u2019un. La guerre semble in\u00e9vitable et il r\u00e8gne dans cette saison une tension palpable, que ce soit par la venue de Quinn, un homme compl\u00e8tement fou et terrifiant, ou par les manigances de la Veuve, qui veut avoir le pouvoir, au risque de se mettre \u00e0 dos ses papillons. Chaque personnage va devoir faire des choix dichotomiques et c\u2019est en \u00e7a que la s\u00e9rie gagne en profondeur et int\u00e9r\u00eat. On remarquera aussi que les acteurs sont tr\u00e8s investis dans leurs r\u00f4les, notamment <em>Daniel Wu<\/em>, tr\u00e8s touchant clipper qui souhaite retrouver sa famille, mais surtout <em>Marton Csokas<\/em>, lunaire et terrifiant dans ce r\u00f4le de Baron fou furieux et manipulateur. Au rayon des nouveaux venus, on pourra appr\u00e9cier <em>Nick Frost<\/em> dans un r\u00f4le qui lui sied parfaitement, un roublard au lourd passif, \u00e0 la fois dr\u00f4le et aga\u00e7ant. Bien \u00e9videmment, ce qui faisait la force de la premi\u00e8re saison, c\u2019\u00e9tait sa mise en sc\u00e8ne et les combats parfaitement chor\u00e9graphi\u00e9s. C\u2019est encore le cas ici, y ajoutant une belle dramaturgie et un c\u00f4t\u00e9 gore assum\u00e9, rendant le tout tr\u00e8s violent et sans concession.<\/p>\n<p>Cependant, on regrettera plusieurs choses au sein de cette saison. Premi\u00e8rement, le final est tr\u00e8s pr\u00e9visible et on n\u2019\u00e9chappera pas \u00e0 la r\u00e8gle du choix terrible \u00e0 faire et du sacrifice. C\u2019est assez clich\u00e9 et m\u00eame si cela ouvre sur une potentielle guerre pour la troisi\u00e8me saison, on reste peu touch\u00e9 par ce qu\u2019il se passe. Deuxi\u00e8mement, on sent que la s\u00e9rie \u00e0 un fort potentiel au niveau de son univers, mais qu\u2019il n\u2019est toujours pas exploit\u00e9 par la s\u00e9rie. On aura bien quelques barons, avec des blasons diff\u00e9rents, mais ils ne seront jamais plus que des personnages sacrifiables dont on se fout grandement. Ainsi, difficile de faire passer l\u2019un d\u2019eux pour un grand m\u00e9chant hypoth\u00e9tique. Enfin, troisi\u00e8mement, chaque qu\u00eate est tr\u00e8s personnelle et emp\u00eache donc le d\u00e9veloppement plus grandiloquent de M.K. et de sa recherche de Azra, la cit\u00e9 antique o\u00f9 r\u00e8gnerait une paix \u00e9ternelle. Tout ce passage est \u00e0 peine \u00e9voqu\u00e9, notamment avec la pr\u00e9sence de Bajie, mais est mis de c\u00f4t\u00e9 pour mettre en avant les qu\u00eates de domination de la Veuve ou le retour proph\u00e9tique de Quinn. En fait, on sent un terrible potentiel pour cette s\u00e9rie, avec un univers propre et novateur, mais les sc\u00e9naristes semblent pr\u00e9f\u00e9rer raconter les histoires des personnages, ou les engrenages pour arriver au pouvoir, plut\u00f4t que d\u2019explorer un monde qui semble post-apo, sans que l\u2019on en soit vraiment s\u00fbr.<\/p>\n<p style=\"text-align: center;\"><a href=\"https:\/\/www.lavisqteam.fr\/wp-content\/uploads\/2018\/09\/into-the-badlands-season-3-daniel-wu-sunny.jpg.jpg\"><img loading=\"lazy\" class=\"alignnone size-large wp-image-37336\" src=\"https:\/\/www.lavisqteam.fr\/wp-content\/uploads\/2018\/09\/into-the-badlands-season-3-daniel-wu-sunny.jpg-1024x603.jpg\" alt=\"\" width=\"600\" height=\"353\" srcset=\"https:\/\/www.lavisqteam.fr\/wp-content\/uploads\/2018\/09\/into-the-badlands-season-3-daniel-wu-sunny.jpg-1024x603.jpg 1024w, https:\/\/www.lavisqteam.fr\/wp-content\/uploads\/2018\/09\/into-the-badlands-season-3-daniel-wu-sunny.jpg-300x177.jpg 300w, https:\/\/www.lavisqteam.fr\/wp-content\/uploads\/2018\/09\/into-the-badlands-season-3-daniel-wu-sunny.jpg-768x452.jpg 768w, https:\/\/www.lavisqteam.fr\/wp-content\/uploads\/2018\/09\/into-the-badlands-season-3-daniel-wu-sunny.jpg.jpg 1200w\" sizes=\"(max-width: 600px) 100vw, 600px\" \/><\/a><\/p>\n<p>Au final, la deuxi\u00e8me saison d\u2019<strong>Into the Badlands <\/strong>est une r\u00e9ussite m\u00eame si elle reste inf\u00e9rieure \u00e0 la premi\u00e8re. Un peu plus longue, plus dense avec ses personnages, notamment la Veuve, Quinn ou encore Sunny, avec toujours un penchant pour mettre en avant des femmes fortes qui m\u00e8nent leur petit monde, cette deuxi\u00e8me saison fait le taf et met toujours en avant les qualit\u00e9s athl\u00e9tiques de ses personnages. La mise en sc\u00e8ne est belle et les combats sont vraiment \u00e9piques. Malheureusement, le sch\u00e9ma se r\u00e9p\u00e8te un peu trop (chaque \u00e9pisode aura son combat et ses moments de parlotte) et on voit bien que l\u2019univers de la s\u00e9rie n\u2019est pas exploit\u00e9 \u00e0 fond. Bref, une bonne saison, qui passe tr\u00e8s vite, mais qui manque tout de m\u00eame d\u2019ampleur, et on attend avec impatience la fin de la troisi\u00e8me saison pour savoir si cela va en s\u2019arrangeant.<\/p>\n<p><strong>Note\u00a0: 15\/20<\/strong><\/p>\n<p style=\"text-align: center;\">[youtube]https:\/\/www.youtube.com\/watch?v=JqAItVDrEGg[\/youtube]<\/p>\n<p style=\"text-align: right;\">Par <strong>AqME<\/strong><\/p>\n","protected":false},"excerpt":{"rendered":"<p>D\u2019Apr\u00e8s une Id\u00e9e de: Alfred Gough et Miles Millar Avec Daniel Wu, Emily Beecham, Marton Csokas, Orla Brady Pays: Etats-Unis Genre: Action Nombre d\u2019Episodes: 10 &hellip; <\/p>\n","protected":false},"author":1,"featured_media":0,"comment_status":"open","ping_status":"open","sticky":false,"template":"","format":"standard","meta":[],"categories":[13],"tags":[],"yoast_head":"<!-- This site is optimized with the Yoast SEO plugin v19.6.1 - https:\/\/yoast.com\/wordpress\/plugins\/seo\/ -->\n<title>Into the Badlands Saison 2 - Lavisqteam.fr<\/title>\n<meta name=\"robots\" content=\"index, follow, max-snippet:-1, max-image-preview:large, max-video-preview:-1\" \/>\n<link rel=\"canonical\" href=\"https:\/\/www.lavisqteam.fr\/?p=37334\" \/>\n<meta property=\"og:locale\" content=\"fr_FR\" \/>\n<meta property=\"og:type\" content=\"article\" \/>\n<meta property=\"og:title\" content=\"Into the Badlands Saison 2 - Lavisqteam.fr\" \/>\n<meta property=\"og:description\" content=\"D\u2019Apr\u00e8s une Id\u00e9e de: Alfred Gough et Miles Millar Avec Daniel Wu, Emily Beecham, Marton Csokas, Orla Brady Pays: Etats-Unis Genre: Action Nombre d\u2019Episodes: 10 &hellip;\" \/>\n<meta property=\"og:url\" content=\"https:\/\/www.lavisqteam.fr\/?p=37334\" \/>\n<meta property=\"og:site_name\" content=\"Lavisqteam.fr\" \/>\n<meta property=\"article:published_time\" content=\"2018-09-01T18:54:23+00:00\" \/>\n<meta property=\"og:image\" content=\"http:\/\/www.lavisqteam.fr\/wp-content\/uploads\/2018\/09\/269921.jpg-r_1280_720-f_jpg-q_x-xxyxx.jpg\" \/>\n<meta name=\"author\" content=\"AqME\" \/>\n<meta name=\"twitter:card\" content=\"summary_large_image\" \/>\n<meta name=\"twitter:label1\" content=\"\u00c9crit par\" \/>\n\t<meta name=\"twitter:data1\" content=\"AqME\" \/>\n\t<meta name=\"twitter:label2\" content=\"Dur\u00e9e de lecture estim\u00e9e\" \/>\n\t<meta name=\"twitter:data2\" content=\"6 minutes\" \/>\n<script type=\"application\/ld+json\" class=\"yoast-schema-graph\">{\"@context\":\"https:\/\/schema.org\",\"@graph\":[{\"@type\":\"Article\",\"@id\":\"https:\/\/www.lavisqteam.fr\/?p=37334#article\",\"isPartOf\":{\"@id\":\"https:\/\/www.lavisqteam.fr\/?p=37334\"},\"author\":{\"name\":\"AqME\",\"@id\":\"https:\/\/www.lavisqteam.fr\/#\/schema\/person\/da11d7c30bf135b288b17cc576708c2d\"},\"headline\":\"Into the Badlands Saison 2\",\"datePublished\":\"2018-09-01T18:54:23+00:00\",\"dateModified\":\"2018-09-01T18:54:23+00:00\",\"mainEntityOfPage\":{\"@id\":\"https:\/\/www.lavisqteam.fr\/?p=37334\"},\"wordCount\":1229,\"commentCount\":0,\"publisher\":{\"@id\":\"https:\/\/www.lavisqteam.fr\/#organization\"},\"articleSection\":[\"S\u00e9rie\"],\"inLanguage\":\"fr-FR\",\"potentialAction\":[{\"@type\":\"CommentAction\",\"name\":\"Comment\",\"target\":[\"https:\/\/www.lavisqteam.fr\/?p=37334#respond\"]}]},{\"@type\":\"WebPage\",\"@id\":\"https:\/\/www.lavisqteam.fr\/?p=37334\",\"url\":\"https:\/\/www.lavisqteam.fr\/?p=37334\",\"name\":\"Into the Badlands Saison 2 - Lavisqteam.fr\",\"isPartOf\":{\"@id\":\"https:\/\/www.lavisqteam.fr\/#website\"},\"datePublished\":\"2018-09-01T18:54:23+00:00\",\"dateModified\":\"2018-09-01T18:54:23+00:00\",\"breadcrumb\":{\"@id\":\"https:\/\/www.lavisqteam.fr\/?p=37334#breadcrumb\"},\"inLanguage\":\"fr-FR\",\"potentialAction\":[{\"@type\":\"ReadAction\",\"target\":[\"https:\/\/www.lavisqteam.fr\/?p=37334\"]}]},{\"@type\":\"BreadcrumbList\",\"@id\":\"https:\/\/www.lavisqteam.fr\/?p=37334#breadcrumb\",\"itemListElement\":[{\"@type\":\"ListItem\",\"position\":1,\"name\":\"Accueil\",\"item\":\"https:\/\/www.lavisqteam.fr\/\"},{\"@type\":\"ListItem\",\"position\":2,\"name\":\"Into the Badlands Saison 2\"}]},{\"@type\":\"WebSite\",\"@id\":\"https:\/\/www.lavisqteam.fr\/#website\",\"url\":\"https:\/\/www.lavisqteam.fr\/\",\"name\":\"Lavisqteam.fr\",\"description\":\"\",\"publisher\":{\"@id\":\"https:\/\/www.lavisqteam.fr\/#organization\"},\"potentialAction\":[{\"@type\":\"SearchAction\",\"target\":{\"@type\":\"EntryPoint\",\"urlTemplate\":\"https:\/\/www.lavisqteam.fr\/?s={search_term_string}\"},\"query-input\":\"required name=search_term_string\"}],\"inLanguage\":\"fr-FR\"},{\"@type\":\"Organization\",\"@id\":\"https:\/\/www.lavisqteam.fr\/#organization\",\"name\":\"Lavisqteam.fr\",\"url\":\"https:\/\/www.lavisqteam.fr\/\",\"sameAs\":[],\"logo\":{\"@type\":\"ImageObject\",\"inLanguage\":\"fr-FR\",\"@id\":\"https:\/\/www.lavisqteam.fr\/#\/schema\/logo\/image\/\",\"url\":\"https:\/\/www.lavisqteam.fr\/wp-content\/uploads\/2020\/08\/cropped-80879545_3479261675449035_4078032831501041664_o-4.jpg\",\"contentUrl\":\"https:\/\/www.lavisqteam.fr\/wp-content\/uploads\/2020\/08\/cropped-80879545_3479261675449035_4078032831501041664_o-4.jpg\",\"width\":1674,\"height\":536,\"caption\":\"Lavisqteam.fr\"},\"image\":{\"@id\":\"https:\/\/www.lavisqteam.fr\/#\/schema\/logo\/image\/\"}},{\"@type\":\"Person\",\"@id\":\"https:\/\/www.lavisqteam.fr\/#\/schema\/person\/da11d7c30bf135b288b17cc576708c2d\",\"name\":\"AqME\",\"image\":{\"@type\":\"ImageObject\",\"inLanguage\":\"fr-FR\",\"@id\":\"https:\/\/www.lavisqteam.fr\/#\/schema\/person\/image\/\",\"url\":\"https:\/\/secure.gravatar.com\/avatar\/4a87d013fc854acd0f25858a13573675?s=96&d=mm&r=g\",\"contentUrl\":\"https:\/\/secure.gravatar.com\/avatar\/4a87d013fc854acd0f25858a13573675?s=96&d=mm&r=g\",\"caption\":\"AqME\"},\"description\":\"Amateur d'horreur, M\u00e9talleux dans l'\u00e2me, je succombe facilement \u00e0 des images de chatons.\",\"url\":\"https:\/\/www.lavisqteam.fr\/?author=1\"}]}<\/script>\n<!-- \/ Yoast SEO plugin. -->","yoast_head_json":{"title":"Into the Badlands Saison 2 - Lavisqteam.fr","robots":{"index":"index","follow":"follow","max-snippet":"max-snippet:-1","max-image-preview":"max-image-preview:large","max-video-preview":"max-video-preview:-1"},"canonical":"https:\/\/www.lavisqteam.fr\/?p=37334","og_locale":"fr_FR","og_type":"article","og_title":"Into the Badlands Saison 2 - Lavisqteam.fr","og_description":"D\u2019Apr\u00e8s une Id\u00e9e de: Alfred Gough et Miles Millar Avec Daniel Wu, Emily Beecham, Marton Csokas, Orla Brady Pays: Etats-Unis Genre: Action Nombre d\u2019Episodes: 10 &hellip;","og_url":"https:\/\/www.lavisqteam.fr\/?p=37334","og_site_name":"Lavisqteam.fr","article_published_time":"2018-09-01T18:54:23+00:00","og_image":[{"url":"http:\/\/www.lavisqteam.fr\/wp-content\/uploads\/2018\/09\/269921.jpg-r_1280_720-f_jpg-q_x-xxyxx.jpg"}],"author":"AqME","twitter_card":"summary_large_image","twitter_misc":{"\u00c9crit par":"AqME","Dur\u00e9e de lecture estim\u00e9e":"6 minutes"},"schema":{"@context":"https:\/\/schema.org","@graph":[{"@type":"Article","@id":"https:\/\/www.lavisqteam.fr\/?p=37334#article","isPartOf":{"@id":"https:\/\/www.lavisqteam.fr\/?p=37334"},"author":{"name":"AqME","@id":"https:\/\/www.lavisqteam.fr\/#\/schema\/person\/da11d7c30bf135b288b17cc576708c2d"},"headline":"Into the Badlands Saison 2","datePublished":"2018-09-01T18:54:23+00:00","dateModified":"2018-09-01T18:54:23+00:00","mainEntityOfPage":{"@id":"https:\/\/www.lavisqteam.fr\/?p=37334"},"wordCount":1229,"commentCount":0,"publisher":{"@id":"https:\/\/www.lavisqteam.fr\/#organization"},"articleSection":["S\u00e9rie"],"inLanguage":"fr-FR","potentialAction":[{"@type":"CommentAction","name":"Comment","target":["https:\/\/www.lavisqteam.fr\/?p=37334#respond"]}]},{"@type":"WebPage","@id":"https:\/\/www.lavisqteam.fr\/?p=37334","url":"https:\/\/www.lavisqteam.fr\/?p=37334","name":"Into the Badlands Saison 2 - Lavisqteam.fr","isPartOf":{"@id":"https:\/\/www.lavisqteam.fr\/#website"},"datePublished":"2018-09-01T18:54:23+00:00","dateModified":"2018-09-01T18:54:23+00:00","breadcrumb":{"@id":"https:\/\/www.lavisqteam.fr\/?p=37334#breadcrumb"},"inLanguage":"fr-FR","potentialAction":[{"@type":"ReadAction","target":["https:\/\/www.lavisqteam.fr\/?p=37334"]}]},{"@type":"BreadcrumbList","@id":"https:\/\/www.lavisqteam.fr\/?p=37334#breadcrumb","itemListElement":[{"@type":"ListItem","position":1,"name":"Accueil","item":"https:\/\/www.lavisqteam.fr\/"},{"@type":"ListItem","position":2,"name":"Into the Badlands Saison 2"}]},{"@type":"WebSite","@id":"https:\/\/www.lavisqteam.fr\/#website","url":"https:\/\/www.lavisqteam.fr\/","name":"Lavisqteam.fr","description":"","publisher":{"@id":"https:\/\/www.lavisqteam.fr\/#organization"},"potentialAction":[{"@type":"SearchAction","target":{"@type":"EntryPoint","urlTemplate":"https:\/\/www.lavisqteam.fr\/?s={search_term_string}"},"query-input":"required name=search_term_string"}],"inLanguage":"fr-FR"},{"@type":"Organization","@id":"https:\/\/www.lavisqteam.fr\/#organization","name":"Lavisqteam.fr","url":"https:\/\/www.lavisqteam.fr\/","sameAs":[],"logo":{"@type":"ImageObject","inLanguage":"fr-FR","@id":"https:\/\/www.lavisqteam.fr\/#\/schema\/logo\/image\/","url":"https:\/\/www.lavisqteam.fr\/wp-content\/uploads\/2020\/08\/cropped-80879545_3479261675449035_4078032831501041664_o-4.jpg","contentUrl":"https:\/\/www.lavisqteam.fr\/wp-content\/uploads\/2020\/08\/cropped-80879545_3479261675449035_4078032831501041664_o-4.jpg","width":1674,"height":536,"caption":"Lavisqteam.fr"},"image":{"@id":"https:\/\/www.lavisqteam.fr\/#\/schema\/logo\/image\/"}},{"@type":"Person","@id":"https:\/\/www.lavisqteam.fr\/#\/schema\/person\/da11d7c30bf135b288b17cc576708c2d","name":"AqME","image":{"@type":"ImageObject","inLanguage":"fr-FR","@id":"https:\/\/www.lavisqteam.fr\/#\/schema\/person\/image\/","url":"https:\/\/secure.gravatar.com\/avatar\/4a87d013fc854acd0f25858a13573675?s=96&d=mm&r=g","contentUrl":"https:\/\/secure.gravatar.com\/avatar\/4a87d013fc854acd0f25858a13573675?s=96&d=mm&r=g","caption":"AqME"},"description":"Amateur d'horreur, M\u00e9talleux dans l'\u00e2me, je succombe facilement \u00e0 des images de chatons.","url":"https:\/\/www.lavisqteam.fr\/?author=1"}]}},"jetpack_featured_media_url":"","_links":{"self":[{"href":"https:\/\/www.lavisqteam.fr\/index.php?rest_route=\/wp\/v2\/posts\/37334"}],"collection":[{"href":"https:\/\/www.lavisqteam.fr\/index.php?rest_route=\/wp\/v2\/posts"}],"about":[{"href":"https:\/\/www.lavisqteam.fr\/index.php?rest_route=\/wp\/v2\/types\/post"}],"author":[{"embeddable":true,"href":"https:\/\/www.lavisqteam.fr\/index.php?rest_route=\/wp\/v2\/users\/1"}],"replies":[{"embeddable":true,"href":"https:\/\/www.lavisqteam.fr\/index.php?rest_route=%2Fwp%2Fv2%2Fcomments&post=37334"}],"version-history":[{"count":1,"href":"https:\/\/www.lavisqteam.fr\/index.php?rest_route=\/wp\/v2\/posts\/37334\/revisions"}],"predecessor-version":[{"id":37338,"href":"https:\/\/www.lavisqteam.fr\/index.php?rest_route=\/wp\/v2\/posts\/37334\/revisions\/37338"}],"wp:attachment":[{"href":"https:\/\/www.lavisqteam.fr\/index.php?rest_route=%2Fwp%2Fv2%2Fmedia&parent=37334"}],"wp:term":[{"taxonomy":"category","embeddable":true,"href":"https:\/\/www.lavisqteam.fr\/index.php?rest_route=%2Fwp%2Fv2%2Fcategories&post=37334"},{"taxonomy":"post_tag","embeddable":true,"href":"https:\/\/www.lavisqteam.fr\/index.php?rest_route=%2Fwp%2Fv2%2Ftags&post=37334"}],"curies":[{"name":"wp","href":"https:\/\/api.w.org\/{rel}","templated":true}]}}