{"id":37128,"date":"2018-08-23T08:54:34","date_gmt":"2018-08-23T08:54:34","guid":{"rendered":"http:\/\/www.lavisqteam.fr\/?p=37128"},"modified":"2018-08-23T08:54:34","modified_gmt":"2018-08-23T08:54:34","slug":"the-guilty","status":"publish","type":"post","link":"https:\/\/www.lavisqteam.fr\/?p=37128","title":{"rendered":"The Guilty"},"content":{"rendered":"<p style=\"text-align: center;\"><a href=\"https:\/\/www.lavisqteam.fr\/wp-content\/uploads\/2018\/08\/39868581_668579820172213_3910769711024963584_n.jpg\"><img loading=\"lazy\" class=\"alignnone  wp-image-37129\" src=\"https:\/\/www.lavisqteam.fr\/wp-content\/uploads\/2018\/08\/39868581_668579820172213_3910769711024963584_n.jpg\" alt=\"\" width=\"600\" height=\"817\" srcset=\"https:\/\/www.lavisqteam.fr\/wp-content\/uploads\/2018\/08\/39868581_668579820172213_3910769711024963584_n.jpg 705w, https:\/\/www.lavisqteam.fr\/wp-content\/uploads\/2018\/08\/39868581_668579820172213_3910769711024963584_n-220x300.jpg 220w\" sizes=\"(max-width: 600px) 100vw, 600px\" \/><\/a><\/p>\n<p><strong>Titre Original\u00a0: <\/strong>Den Skyldige<\/p>\n<p><strong>De\u00a0: <\/strong>Gustav M\u00f6ller<\/p>\n<p><strong>Avec <\/strong>Jakob Cedergren, Jakob Ulrik Lohmann, Laura Bro, Morten Suurballe<\/p>\n<p><strong>Ann\u00e9e: <\/strong>2018<\/p>\n<p><strong>Pays: <\/strong>Danemark<\/p>\n<p><strong>Genre: <\/strong>Thriller<\/p>\n<p><strong>R\u00e9sum\u00e9:<\/strong><\/p>\n<p>Une femme, victime d\u2019un kidnapping, contacte les urgences de la police.\u00a0La ligne est coup\u00e9e brutalement.\u00a0Pour la retrouver, le policier qui a re\u00e7u l\u2019appel ne peut compter que sur son intuition, son imagination et son t\u00e9l\u00e9phone.<\/p>\n<p><strong>Avis\u00a0:<\/strong><\/p>\n<p>Le cin\u00e9ma danois regorge d&rsquo;excellents r\u00e9alisateurs qui nous offrent chaque ann\u00e9e son lot de petites merveilles. Si d&#8217;embl\u00e9e quand on parle du cin\u00e9ma Danois on peut penser \u00e0 <em>Lars Van Trier<\/em> ou <em>Nicolas Winding Refn<\/em>, ce cin\u00e9ma est bien plus vaste et ces derni\u00e8res ann\u00e9es, il faut compter sur des noms comme <em>Thomas Vintenberg<\/em> (\u00ab\u00a0<strong>La chasse<\/strong>\u00ab\u00a0), <em>Lone Scherfig<\/em> (\u00ab\u00a0<strong>Un jour<\/strong>\u00ab\u00a0), <em>Susanne Blier<\/em> (\u00ab\u00a0<strong>Brothers<\/strong>\u00ab\u00a0), <em>Niels Arden Oplev<\/em> (la trilogie \u00ab\u00a0<strong>Millennium<\/strong>\u00ab\u00a0) , <em>Tobias Lindholm<\/em> (\u00ab\u00a0<strong>R<\/strong>\u00ab\u00a0) ou encore le duo <em>Joachim R\u00f8nning<\/em> et <em>Espen Sandberg<\/em> (\u00ab\u00a0<strong>Kon Tiki<\/strong>\u00ab\u00a0).<\/p>\n<p>Apr\u00e8s avoir r\u00e9alis\u00e9 un court-m\u00e9trage voil\u00e0 que <em>Gustav M\u00f6ller<\/em> livre son premier film et c&rsquo;est une premi\u00e8re \u00e9tonnante et particuli\u00e8rement r\u00e9ussie. Original, tenu et tendu, \u00ab\u00a0<strong>The Guilty<\/strong>\u00a0\u00bb est le petit huis-clos en forme de thriller qu&rsquo;on n&rsquo;avait pas vu arriver. Partant sur une id\u00e9e simple et excellente, tout le film va se passer au t\u00e9l\u00e9phone, <em>Gustav M\u00f6ller<\/em> arrive \u00e0 nous tenir en intrigue jusqu&rsquo;\u00e0 la derni\u00e8re minute de son film, gr\u00e2ce notamment \u00e0 l&rsquo;ambiance et le travail incroyable que le r\u00e9alisateur a fait sur le son de son film. Bref, c&rsquo;est prenant, surprenant, \u00e9tonnant&#8230; Des films comme celui-l\u00e0, on en demande bien plus.<\/p>\n<p style=\"text-align: center;\"><a href=\"https:\/\/www.lavisqteam.fr\/wp-content\/uploads\/2018\/08\/0093028.jpg-r_1920_1080-f_jpg-q_x-xxyxx.jpg\"><img loading=\"lazy\" class=\"alignnone size-large wp-image-37131\" src=\"https:\/\/www.lavisqteam.fr\/wp-content\/uploads\/2018\/08\/0093028.jpg-r_1920_1080-f_jpg-q_x-xxyxx-1024x436.jpg\" alt=\"\" width=\"600\" height=\"255\" srcset=\"https:\/\/www.lavisqteam.fr\/wp-content\/uploads\/2018\/08\/0093028.jpg-r_1920_1080-f_jpg-q_x-xxyxx-1024x436.jpg 1024w, https:\/\/www.lavisqteam.fr\/wp-content\/uploads\/2018\/08\/0093028.jpg-r_1920_1080-f_jpg-q_x-xxyxx-300x128.jpg 300w, https:\/\/www.lavisqteam.fr\/wp-content\/uploads\/2018\/08\/0093028.jpg-r_1920_1080-f_jpg-q_x-xxyxx-768x327.jpg 768w, https:\/\/www.lavisqteam.fr\/wp-content\/uploads\/2018\/08\/0093028.jpg-r_1920_1080-f_jpg-q_x-xxyxx.jpg 1777w\" sizes=\"(max-width: 600px) 100vw, 600px\" \/><\/a><\/p>\n<p>Asger Holm travaille au 112. Il doit traiter les appels d&rsquo;urgence qui bien souvent ne concernent que des gens alcoolis\u00e9s, des chutes ou des bagarres&#8230; Mais ce soir-l\u00e0, Asger re\u00e7oit un appel, celui d&rsquo;Iben, une jeune femme terrifi\u00e9e. Tr\u00e8s vite, l&rsquo;op\u00e9rateur comprend que la jeune femme est victime d&rsquo;un kidnapping. Tr\u00e8s impliqu\u00e9 dans son travail, Asger va donc tout mettre en \u0153uvre pour retrouver Iben.<\/p>\n<p>Faire un film qui se passe enti\u00e8rement au t\u00e9l\u00e9phone, l&rsquo;id\u00e9e a d\u00e9j\u00e0 s\u00e9duit quelques r\u00e9alisateurs. S\u2019il est vrai que d&#8217;embl\u00e9e, on pense \u00e0 \u00ab\u00a0<strong>Phone Game<\/strong>\u00ab\u00a0, qui est s\u00fbrement l&rsquo;un des derniers bons <em>Jo\u00ebl Schumacher<\/em>, il n&rsquo;y a pas que celui-ci. Personnellement, je pense \u00e0 \u00ab\u00a0<strong>Buried<\/strong>\u00a0\u00bb de <em>Rodrigo Cort\u00e9s <\/em>ou encore, et celui-l\u00e0 je vous encourage vraiment \u00e0 le regarder, \u00ab\u00a0<strong>Locke<\/strong>\u00a0\u00bb de <em>Steven Knight<\/em> qui est assez \u00e9patant dans son genre.<\/p>\n<p>Faire donc un film qui se passe enti\u00e8rement au t\u00e9l\u00e9phone est un pari plut\u00f4t casse-gueule, car une grande partie du film va se jouer sur l&rsquo;id\u00e9e et la qualit\u00e9 de l&rsquo;\u00e9criture et ici, on est forc\u00e9 de constater que le pari est r\u00e9ussi, puisque l&rsquo;on ne va pas voir cette conversation t\u00e9l\u00e9phonique passer.<\/p>\n<p>Dot\u00e9 d&rsquo;une mise en sc\u00e8ne simple mais tr\u00e8s efficace, <em>Gustav M\u00f6ller<\/em> a parfaitement su mettre en images son id\u00e9e et cette histoire. Ce qui est frappant avec \u00ab\u00a0<strong>The Guilty<\/strong>\u00ab\u00a0, c&rsquo;est le travail incroyable que le film tient premi\u00e8rement au niveau de son \u00e9criture. Orchestr\u00e9 \u00e0 la perfection, millim\u00e9tr\u00e9, ici le plus important, c&rsquo;est ce qui s&rsquo;entend et non ce qui se voit, ce qui nous change de nos habitudes de cin\u00e9ma. G\u00e9nialement \u00e9crit, riche et intelligent, chaque d\u00e9tail aura son importance et le r\u00e9alisateur, qui est aussi le sc\u00e9nariste de son film, sait comment nous surprendre avec des retournements de situation totalement impr\u00e9vus.<\/p>\n<p>La deuxi\u00e8me chose qui vient renforcer l&rsquo;\u00e9criture ou encore la performance de <em>Jakob Cedergren<\/em> qui tient \u00e0 lui seul cette histoire \u00e0 travers ses sens \u00e9veill\u00e9s, c&rsquo;est le travail qui est fait pour nous immerger totalement. Si la mise en images est simple, le son, lui, tient un r\u00f4le particuli\u00e8rement important et <em>Gustav M\u00f6ller<\/em> a tr\u00e8s bien su le mettre en avant, ce qui fait que le jeune cin\u00e9aste nous immerge totalement dans cette traque. Une traque que l&rsquo;on va vivre au plus pr\u00e8s du personnage, puisque jamais il ne quittera son poste et c&rsquo;est \u00e0 travers l&rsquo;\u00e9coute et notre imaginaire que l&rsquo;on va d\u00e9couvrir l&rsquo;horreur de cette histoire.<\/p>\n<p style=\"text-align: center;\"><a href=\"https:\/\/www.lavisqteam.fr\/wp-content\/uploads\/2018\/08\/2346921.jpg-r_1920_1080-f_jpg-q_x-xxyxx.jpg\"><img loading=\"lazy\" class=\"alignnone size-large wp-image-37130\" src=\"https:\/\/www.lavisqteam.fr\/wp-content\/uploads\/2018\/08\/2346921.jpg-r_1920_1080-f_jpg-q_x-xxyxx-1024x431.jpg\" alt=\"\" width=\"600\" height=\"253\" srcset=\"https:\/\/www.lavisqteam.fr\/wp-content\/uploads\/2018\/08\/2346921.jpg-r_1920_1080-f_jpg-q_x-xxyxx-1024x431.jpg 1024w, https:\/\/www.lavisqteam.fr\/wp-content\/uploads\/2018\/08\/2346921.jpg-r_1920_1080-f_jpg-q_x-xxyxx-300x126.jpg 300w, https:\/\/www.lavisqteam.fr\/wp-content\/uploads\/2018\/08\/2346921.jpg-r_1920_1080-f_jpg-q_x-xxyxx-768x323.jpg 768w, https:\/\/www.lavisqteam.fr\/wp-content\/uploads\/2018\/08\/2346921.jpg-r_1920_1080-f_jpg-q_x-xxyxx.jpg 1600w\" sizes=\"(max-width: 600px) 100vw, 600px\" \/><\/a><\/p>\n<p>Ce premier film est donc une belle r\u00e9ussite qui s&rsquo;av\u00e8re \u00eatre prenante de sa premi\u00e8re sc\u00e8ne jusqu&rsquo;\u00e0 sa derni\u00e8re. Tenant son id\u00e9e, son histoire, tout comme son concept, <em>Gustav M\u00f6ller<\/em> ne laisse aucun temps mort, arrivant toujours \u00e0 offrir de l&rsquo;intrigue au bout du t\u00e9l\u00e9phone. Bref, il fallait oser, car l&rsquo;exercice est loin d&rsquo;\u00eatre facile d&rsquo;autant plus quand ce dernier est un premier film. \u00ab\u00a0<strong>The Guilty<\/strong>\u00a0\u00bb est donc un bon film \u00e0 voir dans toutes les bonnes salles.<\/p>\n<p><strong>Note\u00a0: 16,5\/20<\/strong><\/p>\n<p style=\"text-align: center;\">[youtube]https:\/\/www.youtube.com\/watch?v=6sDLt0LsYps[\/youtube]<\/p>\n<p style=\"text-align: right;\">Par <strong>Cin\u00e9ted<\/strong><\/p>\n","protected":false},"excerpt":{"rendered":"<p>Titre Original\u00a0: Den Skyldige De\u00a0: Gustav M\u00f6ller Avec Jakob Cedergren, Jakob Ulrik Lohmann, Laura Bro, Morten Suurballe Ann\u00e9e: 2018 Pays: Danemark Genre: Thriller R\u00e9sum\u00e9: Une &hellip; <\/p>\n","protected":false},"author":1,"featured_media":0,"comment_status":"open","ping_status":"open","sticky":false,"template":"","format":"standard","meta":[],"categories":[7],"tags":[],"yoast_head":"<!-- This site is optimized with the Yoast SEO plugin v19.6.1 - https:\/\/yoast.com\/wordpress\/plugins\/seo\/ -->\n<title>The Guilty - Lavisqteam.fr<\/title>\n<meta name=\"robots\" content=\"index, follow, max-snippet:-1, max-image-preview:large, max-video-preview:-1\" \/>\n<link rel=\"canonical\" href=\"https:\/\/www.lavisqteam.fr\/?p=37128\" \/>\n<meta property=\"og:locale\" content=\"fr_FR\" \/>\n<meta property=\"og:type\" content=\"article\" \/>\n<meta property=\"og:title\" content=\"The Guilty - Lavisqteam.fr\" \/>\n<meta property=\"og:description\" content=\"Titre Original\u00a0: Den Skyldige De\u00a0: Gustav M\u00f6ller Avec Jakob Cedergren, Jakob Ulrik Lohmann, Laura Bro, Morten Suurballe Ann\u00e9e: 2018 Pays: Danemark Genre: Thriller R\u00e9sum\u00e9: Une &hellip;\" \/>\n<meta property=\"og:url\" content=\"https:\/\/www.lavisqteam.fr\/?p=37128\" \/>\n<meta property=\"og:site_name\" content=\"Lavisqteam.fr\" \/>\n<meta property=\"article:published_time\" content=\"2018-08-23T08:54:34+00:00\" \/>\n<meta property=\"og:image\" content=\"http:\/\/www.lavisqteam.fr\/wp-content\/uploads\/2018\/08\/39868581_668579820172213_3910769711024963584_n.jpg\" \/>\n<meta name=\"author\" content=\"AqME\" \/>\n<meta name=\"twitter:card\" content=\"summary_large_image\" \/>\n<meta name=\"twitter:label1\" content=\"\u00c9crit par\" \/>\n\t<meta name=\"twitter:data1\" content=\"AqME\" \/>\n\t<meta name=\"twitter:label2\" content=\"Dur\u00e9e de lecture estim\u00e9e\" \/>\n\t<meta name=\"twitter:data2\" content=\"4 minutes\" \/>\n<script type=\"application\/ld+json\" class=\"yoast-schema-graph\">{\"@context\":\"https:\/\/schema.org\",\"@graph\":[{\"@type\":\"Article\",\"@id\":\"https:\/\/www.lavisqteam.fr\/?p=37128#article\",\"isPartOf\":{\"@id\":\"https:\/\/www.lavisqteam.fr\/?p=37128\"},\"author\":{\"name\":\"AqME\",\"@id\":\"https:\/\/www.lavisqteam.fr\/#\/schema\/person\/da11d7c30bf135b288b17cc576708c2d\"},\"headline\":\"The Guilty\",\"datePublished\":\"2018-08-23T08:54:34+00:00\",\"dateModified\":\"2018-08-23T08:54:34+00:00\",\"mainEntityOfPage\":{\"@id\":\"https:\/\/www.lavisqteam.fr\/?p=37128\"},\"wordCount\":820,\"commentCount\":1,\"publisher\":{\"@id\":\"https:\/\/www.lavisqteam.fr\/#organization\"},\"articleSection\":[\"Cin\u00e9ma\"],\"inLanguage\":\"fr-FR\",\"potentialAction\":[{\"@type\":\"CommentAction\",\"name\":\"Comment\",\"target\":[\"https:\/\/www.lavisqteam.fr\/?p=37128#respond\"]}]},{\"@type\":\"WebPage\",\"@id\":\"https:\/\/www.lavisqteam.fr\/?p=37128\",\"url\":\"https:\/\/www.lavisqteam.fr\/?p=37128\",\"name\":\"The Guilty - Lavisqteam.fr\",\"isPartOf\":{\"@id\":\"https:\/\/www.lavisqteam.fr\/#website\"},\"datePublished\":\"2018-08-23T08:54:34+00:00\",\"dateModified\":\"2018-08-23T08:54:34+00:00\",\"breadcrumb\":{\"@id\":\"https:\/\/www.lavisqteam.fr\/?p=37128#breadcrumb\"},\"inLanguage\":\"fr-FR\",\"potentialAction\":[{\"@type\":\"ReadAction\",\"target\":[\"https:\/\/www.lavisqteam.fr\/?p=37128\"]}]},{\"@type\":\"BreadcrumbList\",\"@id\":\"https:\/\/www.lavisqteam.fr\/?p=37128#breadcrumb\",\"itemListElement\":[{\"@type\":\"ListItem\",\"position\":1,\"name\":\"Accueil\",\"item\":\"https:\/\/www.lavisqteam.fr\/\"},{\"@type\":\"ListItem\",\"position\":2,\"name\":\"The Guilty\"}]},{\"@type\":\"WebSite\",\"@id\":\"https:\/\/www.lavisqteam.fr\/#website\",\"url\":\"https:\/\/www.lavisqteam.fr\/\",\"name\":\"Lavisqteam.fr\",\"description\":\"\",\"publisher\":{\"@id\":\"https:\/\/www.lavisqteam.fr\/#organization\"},\"potentialAction\":[{\"@type\":\"SearchAction\",\"target\":{\"@type\":\"EntryPoint\",\"urlTemplate\":\"https:\/\/www.lavisqteam.fr\/?s={search_term_string}\"},\"query-input\":\"required name=search_term_string\"}],\"inLanguage\":\"fr-FR\"},{\"@type\":\"Organization\",\"@id\":\"https:\/\/www.lavisqteam.fr\/#organization\",\"name\":\"Lavisqteam.fr\",\"url\":\"https:\/\/www.lavisqteam.fr\/\",\"sameAs\":[],\"logo\":{\"@type\":\"ImageObject\",\"inLanguage\":\"fr-FR\",\"@id\":\"https:\/\/www.lavisqteam.fr\/#\/schema\/logo\/image\/\",\"url\":\"https:\/\/www.lavisqteam.fr\/wp-content\/uploads\/2020\/08\/cropped-80879545_3479261675449035_4078032831501041664_o-4.jpg\",\"contentUrl\":\"https:\/\/www.lavisqteam.fr\/wp-content\/uploads\/2020\/08\/cropped-80879545_3479261675449035_4078032831501041664_o-4.jpg\",\"width\":1674,\"height\":536,\"caption\":\"Lavisqteam.fr\"},\"image\":{\"@id\":\"https:\/\/www.lavisqteam.fr\/#\/schema\/logo\/image\/\"}},{\"@type\":\"Person\",\"@id\":\"https:\/\/www.lavisqteam.fr\/#\/schema\/person\/da11d7c30bf135b288b17cc576708c2d\",\"name\":\"AqME\",\"image\":{\"@type\":\"ImageObject\",\"inLanguage\":\"fr-FR\",\"@id\":\"https:\/\/www.lavisqteam.fr\/#\/schema\/person\/image\/\",\"url\":\"https:\/\/secure.gravatar.com\/avatar\/4a87d013fc854acd0f25858a13573675?s=96&d=mm&r=g\",\"contentUrl\":\"https:\/\/secure.gravatar.com\/avatar\/4a87d013fc854acd0f25858a13573675?s=96&d=mm&r=g\",\"caption\":\"AqME\"},\"description\":\"Amateur d'horreur, M\u00e9talleux dans l'\u00e2me, je succombe facilement \u00e0 des images de chatons.\",\"url\":\"https:\/\/www.lavisqteam.fr\/?author=1\"}]}<\/script>\n<!-- \/ Yoast SEO plugin. -->","yoast_head_json":{"title":"The Guilty - Lavisqteam.fr","robots":{"index":"index","follow":"follow","max-snippet":"max-snippet:-1","max-image-preview":"max-image-preview:large","max-video-preview":"max-video-preview:-1"},"canonical":"https:\/\/www.lavisqteam.fr\/?p=37128","og_locale":"fr_FR","og_type":"article","og_title":"The Guilty - Lavisqteam.fr","og_description":"Titre Original\u00a0: Den Skyldige De\u00a0: Gustav M\u00f6ller Avec Jakob Cedergren, Jakob Ulrik Lohmann, Laura Bro, Morten Suurballe Ann\u00e9e: 2018 Pays: Danemark Genre: Thriller R\u00e9sum\u00e9: Une &hellip;","og_url":"https:\/\/www.lavisqteam.fr\/?p=37128","og_site_name":"Lavisqteam.fr","article_published_time":"2018-08-23T08:54:34+00:00","og_image":[{"url":"http:\/\/www.lavisqteam.fr\/wp-content\/uploads\/2018\/08\/39868581_668579820172213_3910769711024963584_n.jpg"}],"author":"AqME","twitter_card":"summary_large_image","twitter_misc":{"\u00c9crit par":"AqME","Dur\u00e9e de lecture estim\u00e9e":"4 minutes"},"schema":{"@context":"https:\/\/schema.org","@graph":[{"@type":"Article","@id":"https:\/\/www.lavisqteam.fr\/?p=37128#article","isPartOf":{"@id":"https:\/\/www.lavisqteam.fr\/?p=37128"},"author":{"name":"AqME","@id":"https:\/\/www.lavisqteam.fr\/#\/schema\/person\/da11d7c30bf135b288b17cc576708c2d"},"headline":"The Guilty","datePublished":"2018-08-23T08:54:34+00:00","dateModified":"2018-08-23T08:54:34+00:00","mainEntityOfPage":{"@id":"https:\/\/www.lavisqteam.fr\/?p=37128"},"wordCount":820,"commentCount":1,"publisher":{"@id":"https:\/\/www.lavisqteam.fr\/#organization"},"articleSection":["Cin\u00e9ma"],"inLanguage":"fr-FR","potentialAction":[{"@type":"CommentAction","name":"Comment","target":["https:\/\/www.lavisqteam.fr\/?p=37128#respond"]}]},{"@type":"WebPage","@id":"https:\/\/www.lavisqteam.fr\/?p=37128","url":"https:\/\/www.lavisqteam.fr\/?p=37128","name":"The Guilty - Lavisqteam.fr","isPartOf":{"@id":"https:\/\/www.lavisqteam.fr\/#website"},"datePublished":"2018-08-23T08:54:34+00:00","dateModified":"2018-08-23T08:54:34+00:00","breadcrumb":{"@id":"https:\/\/www.lavisqteam.fr\/?p=37128#breadcrumb"},"inLanguage":"fr-FR","potentialAction":[{"@type":"ReadAction","target":["https:\/\/www.lavisqteam.fr\/?p=37128"]}]},{"@type":"BreadcrumbList","@id":"https:\/\/www.lavisqteam.fr\/?p=37128#breadcrumb","itemListElement":[{"@type":"ListItem","position":1,"name":"Accueil","item":"https:\/\/www.lavisqteam.fr\/"},{"@type":"ListItem","position":2,"name":"The Guilty"}]},{"@type":"WebSite","@id":"https:\/\/www.lavisqteam.fr\/#website","url":"https:\/\/www.lavisqteam.fr\/","name":"Lavisqteam.fr","description":"","publisher":{"@id":"https:\/\/www.lavisqteam.fr\/#organization"},"potentialAction":[{"@type":"SearchAction","target":{"@type":"EntryPoint","urlTemplate":"https:\/\/www.lavisqteam.fr\/?s={search_term_string}"},"query-input":"required name=search_term_string"}],"inLanguage":"fr-FR"},{"@type":"Organization","@id":"https:\/\/www.lavisqteam.fr\/#organization","name":"Lavisqteam.fr","url":"https:\/\/www.lavisqteam.fr\/","sameAs":[],"logo":{"@type":"ImageObject","inLanguage":"fr-FR","@id":"https:\/\/www.lavisqteam.fr\/#\/schema\/logo\/image\/","url":"https:\/\/www.lavisqteam.fr\/wp-content\/uploads\/2020\/08\/cropped-80879545_3479261675449035_4078032831501041664_o-4.jpg","contentUrl":"https:\/\/www.lavisqteam.fr\/wp-content\/uploads\/2020\/08\/cropped-80879545_3479261675449035_4078032831501041664_o-4.jpg","width":1674,"height":536,"caption":"Lavisqteam.fr"},"image":{"@id":"https:\/\/www.lavisqteam.fr\/#\/schema\/logo\/image\/"}},{"@type":"Person","@id":"https:\/\/www.lavisqteam.fr\/#\/schema\/person\/da11d7c30bf135b288b17cc576708c2d","name":"AqME","image":{"@type":"ImageObject","inLanguage":"fr-FR","@id":"https:\/\/www.lavisqteam.fr\/#\/schema\/person\/image\/","url":"https:\/\/secure.gravatar.com\/avatar\/4a87d013fc854acd0f25858a13573675?s=96&d=mm&r=g","contentUrl":"https:\/\/secure.gravatar.com\/avatar\/4a87d013fc854acd0f25858a13573675?s=96&d=mm&r=g","caption":"AqME"},"description":"Amateur d'horreur, M\u00e9talleux dans l'\u00e2me, je succombe facilement \u00e0 des images de chatons.","url":"https:\/\/www.lavisqteam.fr\/?author=1"}]}},"jetpack_featured_media_url":"","_links":{"self":[{"href":"https:\/\/www.lavisqteam.fr\/index.php?rest_route=\/wp\/v2\/posts\/37128"}],"collection":[{"href":"https:\/\/www.lavisqteam.fr\/index.php?rest_route=\/wp\/v2\/posts"}],"about":[{"href":"https:\/\/www.lavisqteam.fr\/index.php?rest_route=\/wp\/v2\/types\/post"}],"author":[{"embeddable":true,"href":"https:\/\/www.lavisqteam.fr\/index.php?rest_route=\/wp\/v2\/users\/1"}],"replies":[{"embeddable":true,"href":"https:\/\/www.lavisqteam.fr\/index.php?rest_route=%2Fwp%2Fv2%2Fcomments&post=37128"}],"version-history":[{"count":1,"href":"https:\/\/www.lavisqteam.fr\/index.php?rest_route=\/wp\/v2\/posts\/37128\/revisions"}],"predecessor-version":[{"id":37132,"href":"https:\/\/www.lavisqteam.fr\/index.php?rest_route=\/wp\/v2\/posts\/37128\/revisions\/37132"}],"wp:attachment":[{"href":"https:\/\/www.lavisqteam.fr\/index.php?rest_route=%2Fwp%2Fv2%2Fmedia&parent=37128"}],"wp:term":[{"taxonomy":"category","embeddable":true,"href":"https:\/\/www.lavisqteam.fr\/index.php?rest_route=%2Fwp%2Fv2%2Fcategories&post=37128"},{"taxonomy":"post_tag","embeddable":true,"href":"https:\/\/www.lavisqteam.fr\/index.php?rest_route=%2Fwp%2Fv2%2Ftags&post=37128"}],"curies":[{"name":"wp","href":"https:\/\/api.w.org\/{rel}","templated":true}]}}