{"id":37113,"date":"2018-08-22T13:20:51","date_gmt":"2018-08-22T13:20:51","guid":{"rendered":"http:\/\/www.lavisqteam.fr\/?p=37113"},"modified":"2021-05-01T10:07:51","modified_gmt":"2021-05-01T10:07:51","slug":"les-prelats-de-faneas-t-01-les-terres-dexil-charlotte-abecassis-weigel","status":"publish","type":"post","link":"https:\/\/www.lavisqteam.fr\/?p=37113","title":{"rendered":"Les Pr\u00e9lats de Faneas T.01 &#8211; Les Terres d&rsquo;Exil &#8211; Charlotte Ab\u00e9cassis Weigel"},"content":{"rendered":"<p style=\"text-align: center;\"><a href=\"https:\/\/www.lavisqteam.fr\/wp-content\/uploads\/2018\/08\/39616322_1074091326088799_1156825367885905920_n.jpg\"><img loading=\"lazy\" class=\"alignnone size-full wp-image-37114\" src=\"https:\/\/www.lavisqteam.fr\/wp-content\/uploads\/2018\/08\/39616322_1074091326088799_1156825367885905920_n.jpg\" alt=\"\" width=\"400\" height=\"565\" srcset=\"https:\/\/www.lavisqteam.fr\/wp-content\/uploads\/2018\/08\/39616322_1074091326088799_1156825367885905920_n.jpg 400w, https:\/\/www.lavisqteam.fr\/wp-content\/uploads\/2018\/08\/39616322_1074091326088799_1156825367885905920_n-212x300.jpg 212w\" sizes=\"(max-width: 400px) 100vw, 400px\" \/><\/a><\/p>\n<p><strong>Auteur&nbsp;: <\/strong>Charlotte Ab\u00e9cassis Weigel<\/p>\n<p><strong>Editeur&nbsp;: <\/strong>Editions F\u00e9ryl<\/p>\n<p><strong>Genre&nbsp;: <\/strong>Fantasy<\/p>\n<p><strong>R\u00e9sum\u00e9&nbsp;:<\/strong><\/p>\n<p>Ast\u00e9ria est une jeune femme \u00e9nergique au caract\u00e8re bien tremp\u00e9 qui vient d&#8217;emm\u00e9nager \u00e0 Maleross avec sa cousine Cl\u00e9ora. Les deux jeunes femmes arrivent tout droit du myst\u00e9rieux royaume de Faneas o\u00f9 la magie et les dieux n&rsquo;ont rien d&rsquo;imaginaire et o\u00f9 chaque jour rec\u00e8le son lot de surprises. Elles ont fui leurs terres natales envahies par le royaume limitrophe d&rsquo;Endor et sont venues se r\u00e9fugier dans notre monde. Elles cherchent \u00e0 pr\u00e9sent les pr\u00e9lats de Faneas afin de regagner leur monde et de restaurer la paix, mais la t\u00e2che s\u2019av\u00e8re bien plus ardue qu\u2019il n\u2019y parait et les myst\u00e9rieux pr\u00e9lats demeurent introuvables. Leurs actions finissent par attirer l&rsquo;attention d\u2019un jeune homme observateur portant le nom de Noctis. Avec l\u2019aide de son ami Klay, il compte bien d\u00e9couvrir ce qu\u2019elles cachent.<\/p>\n<p><strong>Avis&nbsp;:<\/strong><\/p>\n<p><strong>Les Pr\u00e9lats de Faneas<\/strong> est une s\u00e9rie 100% fran\u00e7aise&nbsp;: l\u2019auteure est parvenue, suite \u00e0 un financement participatif, notamment via le site ulule, d\u2019\u00e9diter elle-m\u00eame son livre et d\u2019en vendre plus de 1000 exemplaires. L\u2019aventure se poursuit sous un bel augure avec la sortie r\u00e9cente du tome 2, intitul\u00e9 <strong>le soul\u00e8vement des fiefs<\/strong>. Le cercle des fans ne cesse de grandir et d\u2019enchanter l\u2019auteure qui commence \u00e0 devenir de plus en plus populaire.<\/p>\n<p>L\u2019univers du roman navigue entre originalit\u00e9 et d\u00e9j\u00e0-vu. Les premi\u00e8res pages du livre nous laissent entrapercevoir un monde qui semble bien fa\u00e7onn\u00e9, qui est li\u00e9 \u00e0 la magie, \u00e0 un ensemble de divinit\u00e9s et \u00e0 d\u2019antiques l\u00e9gendes auxquels beaucoup ne croient plus. Le combat contre ses propres dieux est un th\u00e8me qui revient plut\u00f4t souvent en fantasy. Pourtant, cela intrigue et marche quasiment toujours. Ce qui est le cas ici&nbsp;: le lecteur est rapidement captiv\u00e9 par cette bataille dont les tenants et aboutissants restent tout de m\u00eame bien myst\u00e9rieux mais prometteurs d\u2019un r\u00e9cit \u00e9pique. La suite du r\u00e9cit ne tient malheureusement pas les promesses de cette introduction riche et forte.<\/p>\n<p>Effectivement, les aventures qui s\u2019ensuivent manquent souvent d\u2019int\u00e9r\u00eat, de dynamisme et de force. La majorit\u00e9 de l\u2019histoire ne se passe pas au sein de l\u2019univers des Pr\u00e9lats, mais dans un autre lieu source de moins de magie. On perd cette ambiance mystique pour une ambiance plus commune, moins d\u00e9taill\u00e9e et moins myst\u00e9rieuse.<\/p>\n<p>Les personnages principaux, des adolescents, bien qu\u2019int\u00e9ressants par certains c\u00f4t\u00e9s, ennuient vite \u00e9tant donn\u00e9 que leurs \u00e9tats d\u2019\u00e2me et soucis amoureux sont souvent mis sur le devant de la sc\u00e8ne. Cette fa\u00e7on de faire, sans doute plaisante pour beaucoup de lecteurs du m\u00eame \u00e2ge, ne fait clairement pas avancer l\u2019histoire et \u00e9limine le c\u00f4t\u00e9 hom\u00e9rique ressenti lors des premi\u00e8res pages. Nous sommes loin des r\u00e9cits d\u2019h\u00e9ro\u00efque-fantasy de certaines sagas bien connues du genre, ce qui est bien dommage. De plus, les sc\u00e8nes d\u2019actions sont longues \u00e0 lire et se focalisent de nouveau un peu trop sur les \u00e9motions des personnages. Cela d\u00e9truit le rythme rapide du moment.<\/p>\n<p>La grande part de l\u2019intrigue se concentre autour des pens\u00e9es d\u2019Ast\u00e9ria et de Cl\u00e9ora, deux jeunes femmes aux capacit\u00e9s \u00e9tonnantes et aux caract\u00e8res int\u00e9ressants dont on ne voit finalement que peu de choses. Le lecteur fait souvent face \u00e0 leurs multiples doutes et guerres sentimentales, ce qui lasse plus encore si l\u2019on n\u2019est pas \u00e9motionnellement attach\u00e9 aux personnages. Leurs interrogations concernant l\u2019avenir de leur royaume et leur r\u00f4le dans tout cela sont bien plus prenantes et mises en valeur par certaines de leurs actions. De ce fait, l\u2019histoire nous semble ne pas progresser beaucoup et stagne.<\/p>\n<p>L\u2019arriv\u00e9e de deux nouveaux personnages n\u2019arrange pas tellement nos affaires. Noctis et Klay alimentent \u00e9galement les chapitres de leurs doutes et certains passages ne sont que disputes et rixes verbales entre nos quatre protagonistes. M\u00eame si cette fa\u00e7on de vivre peut \u00eatre caract\u00e9ristique de caract\u00e8res forts, ce qui est le cas ici, le lecteur avide d\u2019aventures et d\u2019\u00e9pop\u00e9es se retrouve d\u00e9\u00e7u. Ces passages, fort plaisants au d\u00e9but, finissent par agacer tant ils se multiplient.<\/p>\n<p>L\u2019univers des Pr\u00e9lats, vraie force du roman, n\u2019est pas beaucoup exploit\u00e9 dans ce tome, si ce n\u2019est au tout d\u00e9but. Le principe des Pr\u00e9lats, des protecteurs du royaume pour faire vite et ne rien d\u00e9voiler, est bien amen\u00e9 et politiquement prenant. M\u00eame si cela \u00e9tonne au d\u00e9but, certains termes sont directement pris de la mythologie nordique et ne s\u2019en cachent pas. Par exemple, le mont Ase Gard est un territoire important du roman. Cette utilisation perturbe un peu au d\u00e9but mais on se laisse vite prendre au jeu. Les diff\u00e9rentes parties du royaume qui nous sont d\u00e9crites paraissent riches et complexes. Il manquerait une carte pour plus facilement s\u2019y retrouver.<\/p>\n<p>La toute fin et le combat final sont bien men\u00e9s et mis en valeur. La r\u00e9v\u00e9lation qui y est faite \u00e9tonne quelque peu et am\u00e8ne de nouvelles interrogations qui seront certainement \u00e9prouv\u00e9es dans le prochain tome. La fin donne envie de savoir ce qui se passera ensuite m\u00eame si le roman a tra\u00een\u00e9 en longueur et que les probl\u00e8mes adolescents ont lass\u00e9 plus d\u2019une fois. L\u2019auteure \u00e9crit bien mais se donne trop dans les d\u00e9tails de beaucoup d\u2019\u00e9tats d\u2019\u00e2mes et d\u2019\u00e9motions. Cela rallonge les combats et certains dialogues captivants qui perdent totalement de leur saveur.<\/p>\n<p>Le tome 1 des <strong>Pr\u00e9lats de Faneas<\/strong> est plut\u00f4t \u00e0 conseiller \u00e0 de jeunes lecteurs qui pourront s\u2019attacher plus facilement aux personnages et aux intrigues sentimentales qui en d\u00e9coulent.<\/p>\n<p><strong>Note&nbsp;: 10\/20<\/strong><\/p>\n<p style=\"text-align: right;\">Par <strong>Lildrille<\/strong><\/p>\n","protected":false},"excerpt":{"rendered":"<p>Auteur&nbsp;: Charlotte Ab\u00e9cassis Weigel Editeur&nbsp;: Editions F\u00e9ryl Genre&nbsp;: Fantasy R\u00e9sum\u00e9&nbsp;: Ast\u00e9ria est une jeune femme \u00e9nergique au caract\u00e8re bien tremp\u00e9 qui vient d&#8217;emm\u00e9nager \u00e0 Maleross &hellip; <\/p>\n","protected":false},"author":2,"featured_media":0,"comment_status":"open","ping_status":"open","sticky":false,"template":"","format":"standard","meta":[],"categories":[10],"tags":[],"yoast_head":"<!-- This site is optimized with the Yoast SEO plugin v19.6.1 - https:\/\/yoast.com\/wordpress\/plugins\/seo\/ -->\n<title>Les Pr\u00e9lats de Faneas T.01 - Les Terres d&#039;Exil - Charlotte Ab\u00e9cassis Weigel - Lavisqteam.fr<\/title>\n<meta name=\"robots\" content=\"index, follow, max-snippet:-1, max-image-preview:large, max-video-preview:-1\" \/>\n<link rel=\"canonical\" href=\"https:\/\/www.lavisqteam.fr\/?p=37113\" \/>\n<meta property=\"og:locale\" content=\"fr_FR\" \/>\n<meta property=\"og:type\" content=\"article\" \/>\n<meta property=\"og:title\" content=\"Les Pr\u00e9lats de Faneas T.01 - Les Terres d&#039;Exil - Charlotte Ab\u00e9cassis Weigel - Lavisqteam.fr\" \/>\n<meta property=\"og:description\" content=\"Auteur&nbsp;: Charlotte Ab\u00e9cassis Weigel Editeur&nbsp;: Editions F\u00e9ryl Genre&nbsp;: Fantasy R\u00e9sum\u00e9&nbsp;: Ast\u00e9ria est une jeune femme \u00e9nergique au caract\u00e8re bien tremp\u00e9 qui vient d&#8217;emm\u00e9nager \u00e0 Maleross &hellip;\" \/>\n<meta property=\"og:url\" content=\"https:\/\/www.lavisqteam.fr\/?p=37113\" \/>\n<meta property=\"og:site_name\" content=\"Lavisqteam.fr\" \/>\n<meta property=\"article:author\" content=\"https:\/\/www.facebook.com\/chloe.garcia.351\" \/>\n<meta property=\"article:published_time\" content=\"2018-08-22T13:20:51+00:00\" \/>\n<meta property=\"article:modified_time\" content=\"2021-05-01T10:07:51+00:00\" \/>\n<meta property=\"og:image\" content=\"http:\/\/www.lavisqteam.fr\/wp-content\/uploads\/2018\/08\/39616322_1074091326088799_1156825367885905920_n.jpg\" \/>\n<meta name=\"author\" content=\"Lildrille\" \/>\n<meta name=\"twitter:card\" content=\"summary_large_image\" \/>\n<meta name=\"twitter:label1\" content=\"\u00c9crit par\" \/>\n\t<meta name=\"twitter:data1\" content=\"Lildrille\" \/>\n\t<meta name=\"twitter:label2\" content=\"Dur\u00e9e de lecture estim\u00e9e\" \/>\n\t<meta name=\"twitter:data2\" content=\"5 minutes\" \/>\n<script type=\"application\/ld+json\" class=\"yoast-schema-graph\">{\"@context\":\"https:\/\/schema.org\",\"@graph\":[{\"@type\":\"Article\",\"@id\":\"https:\/\/www.lavisqteam.fr\/?p=37113#article\",\"isPartOf\":{\"@id\":\"https:\/\/www.lavisqteam.fr\/?p=37113\"},\"author\":{\"name\":\"Lildrille\",\"@id\":\"https:\/\/www.lavisqteam.fr\/#\/schema\/person\/e2e3eb3cb179a4f0299403b29e235d24\"},\"headline\":\"Les Pr\u00e9lats de Faneas T.01 &#8211; Les Terres d&rsquo;Exil &#8211; Charlotte Ab\u00e9cassis Weigel\",\"datePublished\":\"2018-08-22T13:20:51+00:00\",\"dateModified\":\"2021-05-01T10:07:51+00:00\",\"mainEntityOfPage\":{\"@id\":\"https:\/\/www.lavisqteam.fr\/?p=37113\"},\"wordCount\":1034,\"commentCount\":0,\"publisher\":{\"@id\":\"https:\/\/www.lavisqteam.fr\/#organization\"},\"articleSection\":[\"Roman\"],\"inLanguage\":\"fr-FR\",\"potentialAction\":[{\"@type\":\"CommentAction\",\"name\":\"Comment\",\"target\":[\"https:\/\/www.lavisqteam.fr\/?p=37113#respond\"]}]},{\"@type\":\"WebPage\",\"@id\":\"https:\/\/www.lavisqteam.fr\/?p=37113\",\"url\":\"https:\/\/www.lavisqteam.fr\/?p=37113\",\"name\":\"Les Pr\u00e9lats de Faneas T.01 - Les Terres d'Exil - Charlotte Ab\u00e9cassis Weigel - Lavisqteam.fr\",\"isPartOf\":{\"@id\":\"https:\/\/www.lavisqteam.fr\/#website\"},\"datePublished\":\"2018-08-22T13:20:51+00:00\",\"dateModified\":\"2021-05-01T10:07:51+00:00\",\"breadcrumb\":{\"@id\":\"https:\/\/www.lavisqteam.fr\/?p=37113#breadcrumb\"},\"inLanguage\":\"fr-FR\",\"potentialAction\":[{\"@type\":\"ReadAction\",\"target\":[\"https:\/\/www.lavisqteam.fr\/?p=37113\"]}]},{\"@type\":\"BreadcrumbList\",\"@id\":\"https:\/\/www.lavisqteam.fr\/?p=37113#breadcrumb\",\"itemListElement\":[{\"@type\":\"ListItem\",\"position\":1,\"name\":\"Accueil\",\"item\":\"https:\/\/www.lavisqteam.fr\/\"},{\"@type\":\"ListItem\",\"position\":2,\"name\":\"Les Pr\u00e9lats de Faneas T.01 &#8211; Les Terres d&rsquo;Exil &#8211; Charlotte Ab\u00e9cassis Weigel\"}]},{\"@type\":\"WebSite\",\"@id\":\"https:\/\/www.lavisqteam.fr\/#website\",\"url\":\"https:\/\/www.lavisqteam.fr\/\",\"name\":\"Lavisqteam.fr\",\"description\":\"\",\"publisher\":{\"@id\":\"https:\/\/www.lavisqteam.fr\/#organization\"},\"potentialAction\":[{\"@type\":\"SearchAction\",\"target\":{\"@type\":\"EntryPoint\",\"urlTemplate\":\"https:\/\/www.lavisqteam.fr\/?s={search_term_string}\"},\"query-input\":\"required name=search_term_string\"}],\"inLanguage\":\"fr-FR\"},{\"@type\":\"Organization\",\"@id\":\"https:\/\/www.lavisqteam.fr\/#organization\",\"name\":\"Lavisqteam.fr\",\"url\":\"https:\/\/www.lavisqteam.fr\/\",\"sameAs\":[],\"logo\":{\"@type\":\"ImageObject\",\"inLanguage\":\"fr-FR\",\"@id\":\"https:\/\/www.lavisqteam.fr\/#\/schema\/logo\/image\/\",\"url\":\"https:\/\/www.lavisqteam.fr\/wp-content\/uploads\/2020\/08\/cropped-80879545_3479261675449035_4078032831501041664_o-4.jpg\",\"contentUrl\":\"https:\/\/www.lavisqteam.fr\/wp-content\/uploads\/2020\/08\/cropped-80879545_3479261675449035_4078032831501041664_o-4.jpg\",\"width\":1674,\"height\":536,\"caption\":\"Lavisqteam.fr\"},\"image\":{\"@id\":\"https:\/\/www.lavisqteam.fr\/#\/schema\/logo\/image\/\"}},{\"@type\":\"Person\",\"@id\":\"https:\/\/www.lavisqteam.fr\/#\/schema\/person\/e2e3eb3cb179a4f0299403b29e235d24\",\"name\":\"Lildrille\",\"image\":{\"@type\":\"ImageObject\",\"inLanguage\":\"fr-FR\",\"@id\":\"https:\/\/www.lavisqteam.fr\/#\/schema\/person\/image\/\",\"url\":\"https:\/\/secure.gravatar.com\/avatar\/1fbe78d5f27ffb4f9c29619bd30c90db?s=96&d=mm&r=g\",\"contentUrl\":\"https:\/\/secure.gravatar.com\/avatar\/1fbe78d5f27ffb4f9c29619bd30c90db?s=96&d=mm&r=g\",\"caption\":\"Lildrille\"},\"description\":\"Passionn\u00e9e d\u2019imaginaire et d\u2019\u00e9vasion depuis longtemps, \u00e9crire et lire sont mes activit\u00e9s favorites. Dans un monde souvent sombre, m'\u00e9vader et fournir du r\u00eave sont mes objectifs. Suivez-moi en tant qu'auteure ici : https:\/\/www.2passions1dream.com\/. Et en tant que chroniqueuse aussi l\u00e0 : https:\/\/simplement.pro\/u\/Lildrille.\",\"sameAs\":[\"http:\/\/Lavisqteam.fr\",\"https:\/\/www.facebook.com\/chloe.garcia.351\",\"https:\/\/www.instagram.com\/chloe.garcia.artiste\/\",\"https:\/\/www.linkedin.com\/in\/garcia-chloe\/\"],\"url\":\"https:\/\/www.lavisqteam.fr\/?author=2\"}]}<\/script>\n<!-- \/ Yoast SEO plugin. -->","yoast_head_json":{"title":"Les Pr\u00e9lats de Faneas T.01 - Les Terres d'Exil - Charlotte Ab\u00e9cassis Weigel - Lavisqteam.fr","robots":{"index":"index","follow":"follow","max-snippet":"max-snippet:-1","max-image-preview":"max-image-preview:large","max-video-preview":"max-video-preview:-1"},"canonical":"https:\/\/www.lavisqteam.fr\/?p=37113","og_locale":"fr_FR","og_type":"article","og_title":"Les Pr\u00e9lats de Faneas T.01 - Les Terres d'Exil - Charlotte Ab\u00e9cassis Weigel - Lavisqteam.fr","og_description":"Auteur&nbsp;: Charlotte Ab\u00e9cassis Weigel Editeur&nbsp;: Editions F\u00e9ryl Genre&nbsp;: Fantasy R\u00e9sum\u00e9&nbsp;: Ast\u00e9ria est une jeune femme \u00e9nergique au caract\u00e8re bien tremp\u00e9 qui vient d&#8217;emm\u00e9nager \u00e0 Maleross &hellip;","og_url":"https:\/\/www.lavisqteam.fr\/?p=37113","og_site_name":"Lavisqteam.fr","article_author":"https:\/\/www.facebook.com\/chloe.garcia.351","article_published_time":"2018-08-22T13:20:51+00:00","article_modified_time":"2021-05-01T10:07:51+00:00","og_image":[{"url":"http:\/\/www.lavisqteam.fr\/wp-content\/uploads\/2018\/08\/39616322_1074091326088799_1156825367885905920_n.jpg"}],"author":"Lildrille","twitter_card":"summary_large_image","twitter_misc":{"\u00c9crit par":"Lildrille","Dur\u00e9e de lecture estim\u00e9e":"5 minutes"},"schema":{"@context":"https:\/\/schema.org","@graph":[{"@type":"Article","@id":"https:\/\/www.lavisqteam.fr\/?p=37113#article","isPartOf":{"@id":"https:\/\/www.lavisqteam.fr\/?p=37113"},"author":{"name":"Lildrille","@id":"https:\/\/www.lavisqteam.fr\/#\/schema\/person\/e2e3eb3cb179a4f0299403b29e235d24"},"headline":"Les Pr\u00e9lats de Faneas T.01 &#8211; Les Terres d&rsquo;Exil &#8211; Charlotte Ab\u00e9cassis Weigel","datePublished":"2018-08-22T13:20:51+00:00","dateModified":"2021-05-01T10:07:51+00:00","mainEntityOfPage":{"@id":"https:\/\/www.lavisqteam.fr\/?p=37113"},"wordCount":1034,"commentCount":0,"publisher":{"@id":"https:\/\/www.lavisqteam.fr\/#organization"},"articleSection":["Roman"],"inLanguage":"fr-FR","potentialAction":[{"@type":"CommentAction","name":"Comment","target":["https:\/\/www.lavisqteam.fr\/?p=37113#respond"]}]},{"@type":"WebPage","@id":"https:\/\/www.lavisqteam.fr\/?p=37113","url":"https:\/\/www.lavisqteam.fr\/?p=37113","name":"Les Pr\u00e9lats de Faneas T.01 - Les Terres d'Exil - Charlotte Ab\u00e9cassis Weigel - Lavisqteam.fr","isPartOf":{"@id":"https:\/\/www.lavisqteam.fr\/#website"},"datePublished":"2018-08-22T13:20:51+00:00","dateModified":"2021-05-01T10:07:51+00:00","breadcrumb":{"@id":"https:\/\/www.lavisqteam.fr\/?p=37113#breadcrumb"},"inLanguage":"fr-FR","potentialAction":[{"@type":"ReadAction","target":["https:\/\/www.lavisqteam.fr\/?p=37113"]}]},{"@type":"BreadcrumbList","@id":"https:\/\/www.lavisqteam.fr\/?p=37113#breadcrumb","itemListElement":[{"@type":"ListItem","position":1,"name":"Accueil","item":"https:\/\/www.lavisqteam.fr\/"},{"@type":"ListItem","position":2,"name":"Les Pr\u00e9lats de Faneas T.01 &#8211; Les Terres d&rsquo;Exil &#8211; Charlotte Ab\u00e9cassis Weigel"}]},{"@type":"WebSite","@id":"https:\/\/www.lavisqteam.fr\/#website","url":"https:\/\/www.lavisqteam.fr\/","name":"Lavisqteam.fr","description":"","publisher":{"@id":"https:\/\/www.lavisqteam.fr\/#organization"},"potentialAction":[{"@type":"SearchAction","target":{"@type":"EntryPoint","urlTemplate":"https:\/\/www.lavisqteam.fr\/?s={search_term_string}"},"query-input":"required name=search_term_string"}],"inLanguage":"fr-FR"},{"@type":"Organization","@id":"https:\/\/www.lavisqteam.fr\/#organization","name":"Lavisqteam.fr","url":"https:\/\/www.lavisqteam.fr\/","sameAs":[],"logo":{"@type":"ImageObject","inLanguage":"fr-FR","@id":"https:\/\/www.lavisqteam.fr\/#\/schema\/logo\/image\/","url":"https:\/\/www.lavisqteam.fr\/wp-content\/uploads\/2020\/08\/cropped-80879545_3479261675449035_4078032831501041664_o-4.jpg","contentUrl":"https:\/\/www.lavisqteam.fr\/wp-content\/uploads\/2020\/08\/cropped-80879545_3479261675449035_4078032831501041664_o-4.jpg","width":1674,"height":536,"caption":"Lavisqteam.fr"},"image":{"@id":"https:\/\/www.lavisqteam.fr\/#\/schema\/logo\/image\/"}},{"@type":"Person","@id":"https:\/\/www.lavisqteam.fr\/#\/schema\/person\/e2e3eb3cb179a4f0299403b29e235d24","name":"Lildrille","image":{"@type":"ImageObject","inLanguage":"fr-FR","@id":"https:\/\/www.lavisqteam.fr\/#\/schema\/person\/image\/","url":"https:\/\/secure.gravatar.com\/avatar\/1fbe78d5f27ffb4f9c29619bd30c90db?s=96&d=mm&r=g","contentUrl":"https:\/\/secure.gravatar.com\/avatar\/1fbe78d5f27ffb4f9c29619bd30c90db?s=96&d=mm&r=g","caption":"Lildrille"},"description":"Passionn\u00e9e d\u2019imaginaire et d\u2019\u00e9vasion depuis longtemps, \u00e9crire et lire sont mes activit\u00e9s favorites. Dans un monde souvent sombre, m'\u00e9vader et fournir du r\u00eave sont mes objectifs. Suivez-moi en tant qu'auteure ici : https:\/\/www.2passions1dream.com\/. Et en tant que chroniqueuse aussi l\u00e0 : https:\/\/simplement.pro\/u\/Lildrille.","sameAs":["http:\/\/Lavisqteam.fr","https:\/\/www.facebook.com\/chloe.garcia.351","https:\/\/www.instagram.com\/chloe.garcia.artiste\/","https:\/\/www.linkedin.com\/in\/garcia-chloe\/"],"url":"https:\/\/www.lavisqteam.fr\/?author=2"}]}},"jetpack_featured_media_url":"","_links":{"self":[{"href":"https:\/\/www.lavisqteam.fr\/index.php?rest_route=\/wp\/v2\/posts\/37113"}],"collection":[{"href":"https:\/\/www.lavisqteam.fr\/index.php?rest_route=\/wp\/v2\/posts"}],"about":[{"href":"https:\/\/www.lavisqteam.fr\/index.php?rest_route=\/wp\/v2\/types\/post"}],"author":[{"embeddable":true,"href":"https:\/\/www.lavisqteam.fr\/index.php?rest_route=\/wp\/v2\/users\/2"}],"replies":[{"embeddable":true,"href":"https:\/\/www.lavisqteam.fr\/index.php?rest_route=%2Fwp%2Fv2%2Fcomments&post=37113"}],"version-history":[{"count":2,"href":"https:\/\/www.lavisqteam.fr\/index.php?rest_route=\/wp\/v2\/posts\/37113\/revisions"}],"predecessor-version":[{"id":55989,"href":"https:\/\/www.lavisqteam.fr\/index.php?rest_route=\/wp\/v2\/posts\/37113\/revisions\/55989"}],"wp:attachment":[{"href":"https:\/\/www.lavisqteam.fr\/index.php?rest_route=%2Fwp%2Fv2%2Fmedia&parent=37113"}],"wp:term":[{"taxonomy":"category","embeddable":true,"href":"https:\/\/www.lavisqteam.fr\/index.php?rest_route=%2Fwp%2Fv2%2Fcategories&post=37113"},{"taxonomy":"post_tag","embeddable":true,"href":"https:\/\/www.lavisqteam.fr\/index.php?rest_route=%2Fwp%2Fv2%2Ftags&post=37113"}],"curies":[{"name":"wp","href":"https:\/\/api.w.org\/{rel}","templated":true}]}}