{"id":36479,"date":"2018-07-02T18:42:34","date_gmt":"2018-07-02T18:42:34","guid":{"rendered":"http:\/\/www.lavisqteam.fr\/?p=36479"},"modified":"2018-07-02T18:42:34","modified_gmt":"2018-07-02T18:42:34","slug":"sept-ans-de-silence-joann-chaney","status":"publish","type":"post","link":"https:\/\/www.lavisqteam.fr\/?p=36479","title":{"rendered":"Sept Ans de Silence &#8211; JoAnn Chaney"},"content":{"rendered":"<p><a href=\"https:\/\/www.lavisqteam.fr\/wp-content\/uploads\/2018\/07\/9782258142374ORI.jpg\"><img loading=\"lazy\" class=\"size-full wp-image-36480 aligncenter\" src=\"https:\/\/www.lavisqteam.fr\/wp-content\/uploads\/2018\/07\/9782258142374ORI.jpg\" alt=\"\" width=\"351\" height=\"565\" srcset=\"https:\/\/www.lavisqteam.fr\/wp-content\/uploads\/2018\/07\/9782258142374ORI.jpg 351w, https:\/\/www.lavisqteam.fr\/wp-content\/uploads\/2018\/07\/9782258142374ORI-186x300.jpg 186w\" sizes=\"(max-width: 351px) 100vw, 351px\" \/><\/a><\/p>\n<p><strong>Auteure\u00a0: <\/strong>JoAnn Chaney<\/p>\n<p><strong>Editeur\u00a0: <\/strong>Presses de la Cit\u00e9<\/p>\n<p><strong>Genre\u00a0: <\/strong>Thriller<\/p>\n<p><strong>R\u00e9sum\u00e9\u00a0:<\/strong><\/p>\n<p>Sept ans apr\u00e8s la d\u00e9couverte, sous son garage, de trente-trois cadavres, Jacky Seever, ancien notable de Denver, patiente dans le couloir de la mort. Mais son nom refait la une des journaux lorsque trois femmes de son entourage sont retrouv\u00e9es mortes, assassin\u00e9es dans des conditions qui rappellent le modus operandi de Seever, jusque dans certains d\u00e9tails pourtant tenus \u00e0 l\u2019abri de la presse. L\u2019ancien tandem de flics qui a coffr\u00e9 Seever se reforme en urgence, tandis que le journal local r\u00e9engage la p\u00e9tulante Sammie Peterson, pour couvrir l\u2019enqu\u00eate \u00e0 laquelle elle avait donn\u00e9 un tour d\u00e9cisif. Malgr\u00e9 leurs souvenirs traumatiques, voil\u00e0 ces trois-l\u00e0 plong\u00e9s de force dans une affaire effroyable pas tout \u00e0 fait in\u00e9dite. Quant \u00e0 Gloria, la fragile \u00e9pouse de Seever, elle est \u00e0 nouveau harcel\u00e9e par la presse et la police\u2026<\/p>\n<p><strong>Avis\u00a0:<\/strong><\/p>\n<p>Le monde du roman, c\u2019est un peu comme le monde du cin\u00e9ma, il faut toujours se m\u00e9fier des acclamations des critiques, surtout quand il s\u2019agit d\u2019un premier roman. Premi\u00e8rement parce que bien souvent la hype n\u2019a qu\u2019un but commercial afin de vendre un maximum de livres, et ensuite parce que parfois, il en faut peu pour surprendre un public qui n\u2019est pas habitu\u00e9 \u00e0 lire du thriller ou du polar. <strong>Sept Ans de Silence<\/strong> ne fait pas forc\u00e9ment envie de prime abord avec sa couverture aust\u00e8re, mais il faut s\u2019attarder sur le pitch pour trouver quelques accroches assez efficaces et la promesse d\u2019un roman fort, avec un tueur en s\u00e9rie qui en copie un autre sept ans plus tard. Premier roman de <em>JoAnn Chaney<\/em>, port\u00e9 aux nues par la critique sp\u00e9cialis\u00e9e, <strong>Sept Ans de Silence<\/strong> se devait de tenir de grandes promesses. Le r\u00e9sultat est-il \u00e0 la hauteur de sa r\u00e9putation\u00a0? Pas vraiment, m\u00eame si on est loin de la catastrophe.<\/p>\n<p>Pour la petite histoire, Jacky Seever est un tueur psychopathe qui a enterr\u00e9 31 cadavres dans son vide sanitaire. Arr\u00eat\u00e9 et incarc\u00e9r\u00e9, attendant son injection l\u00e9tale, sept ans plus tard, les meurtres recommencent ave sa m\u00eame signature, \u00e0 savoir des doigts en moins chez les victimes. Le duo de flics qui l\u2019avait arr\u00eat\u00e9 alors reprend du service, ainsi que la journaliste qui avait couvert l\u2019affaire \u00e0 l\u2019\u00e9poque. Cette enqu\u00eate va alors permettre de renouer des contacts \u00e9tranges, de voir l\u2019\u00e9volution des personnalit\u00e9s, aussi bien psychiques que professionnelles, et de r\u00e9soudre une \u00e9nigme assez obscure. Le pitch de base de ce premier roman est donc tr\u00e8s simple et ne sort pas vraiment des sentiers battus pour ceux qui sont rompus \u00e0 ce genre de lecture. Nous aurons droit \u00e0 des inimiti\u00e9s entre les personnages, quelques backgrounds plus ou moins travaill\u00e9s, des relations conflictuelles et bien entendu, un criminel qui se balade parmi les gens r\u00e9currents de l\u2019histoire. Et c\u2019est bien l\u00e0 le premier constat un peu ennuyeux, c\u2019est que tout demeure t\u00e9l\u00e9phon\u00e9 et que l\u2019on grille le suspect \u00e0 la moiti\u00e9 du livre. Si l\u2019auteure essaye de nous perdre en laissant \u00e7\u00e0 et l\u00e0 des sous-entendus, on se doutera tr\u00e8s vite de l\u2019identit\u00e9 du tueur et pour quelle raison il fait cela. C\u2019est clairement le gros point faible du roman.<\/p>\n<p>Fort heureusement, nous allons avoir de tr\u00e8s bonnes choses aussi \u00e0 l\u2019int\u00e9rieur, et notamment les personnages. Parmi le duo de flics, on s\u2019int\u00e9ressera davantage \u00e0 Hoskins, un sanguin qui ne supporte plus vraiment la monstruosit\u00e9 humaine et qui aime r\u00e9gler les affaires avec ses poings. S\u2019occupant de son p\u00e8re atteint de la maladie d\u2019Alzheimer, ayant eu une relation amoureuse avec la journaliste du couvre l\u2019affaire, on sent que l\u2019on a affaire \u00e0 un homme mal dans sa peau et qui ne sait comment allier sa vie personnelle et sa vie professionnelle. On s\u2019attardera beaucoup moins sur Loren, son co\u00e9quipier, compl\u00e8tement barjot et qui rentre dans la peau des criminels pour mieux les comprendre. Ego\u00efste, \u00e9gocentrique, il s\u2019habille et vit comme le pr\u00e9c\u00e9dent tueur pour comprendre les motivations de ce second couteau. Il va alors froisser ses acolytes, jusqu\u2019\u00e0 les rendre malades pour les rendre plus efficaces. Enfin, le roman s\u2019attarde aussi \u00e9norm\u00e9ment sur Sammie, la journaliste qui a perdu son travail et qui voit dans cette nouvelle affaire l\u2019occasion de revenir au Post. Le probl\u00e8me avec ce personnage, c\u2019est qu\u2019il est tout simplement abject dans sa fa\u00e7on de faire. Opportuniste, n\u2019h\u00e9sitant pas un seul instant \u00e0 tromper son mari pour avoir des informations, on aura beaucoup de mal \u00e0 s\u2019accrocher \u00e0 ce personnage, et cela malgr\u00e9 le fait qu\u2019elle ressente parfois des regrets et des remords. Il existe dans le roman quelques personnages secondaires qui gravitent autour des principaux, mais ils ne sont pas trop importants, except\u00e9 Gloria Seever, la femme du tueur, dont on aura les atermoiements int\u00e9rieurs qui la pousseront \u00e0 l\u2019in\u00e9luctable.<\/p>\n<p>Alors si les personnages ne sont pas tr\u00e8s attachants (hormis Hoskins), ils serviront tous \u00e0 une cause ou un sujet que veut aborder l\u2019auteure. En effet, en parlant de la vie de Hoskins ou de sa fougue, elle parle du travail du flic et de la carapace qu\u2019il faut se construire pour surmonter certaines horreurs. En \u00e9voquant le cas de Loren, elle montre \u00e0 quel point les policiers flirte avec l\u2019horreur, jusqu\u2019\u00e0 ce qu\u2019elle p\u00e9n\u00e8tre en eux. Avec Sammie, elle va aborder le journalisme, les m\u00e9thodes d\u00e9gueulasses pour avoir des exclusivit\u00e9s et aussi que tout cela est pouss\u00e9 par les \u00e9diteurs et les r\u00e9dacteurs en chef qui veulent vendre du sensationnalisme. Bref, de nombreux sujets sont \u00e9voqu\u00e9s et tout \u00e7a demeure assez pertinent, faisant de <strong>Sept Ans de Silence<\/strong> un bon page turner. Il manque juste un peu de glauque dans cette histoire, ou un portrait plus malsain du premier tueur, Jacky Seever. Si tout tourne autour de lui et de sa personnalit\u00e9, on en sait peu, hormis qu\u2019il cachait bien son jeu. Les quelques confrontations dans la prison sont vite \u00e9vent\u00e9s, et on se retrouve avec un homme finalement peu charismatique (malgr\u00e9 ce que l\u2019on veut nous faire croire) et tout le roman manque de mordant ou de moments vraiment sales.<\/p>\n<p>Au final, <strong>Sept Ans de Silence<\/strong>, le premier roman de <em>JoAnn Chaney<\/em>, n\u2019est pas une grande r\u00e9ussite comme veulent bien nous le faire croire les critiques am\u00e9ricaines. Il s\u2019agit d\u2019un bon roman, qui se lit relativement vite, avec de bonnes th\u00e9matiques, mais qui manque clairement de force dans son histoire ou dans l\u2019aspect malsain qu\u2019il veut aborder. Tout cela manque de moments forts, de moments glauques et effrayants et avec cette petite dose en plus, nul doute que le roman aurait gagn\u00e9 en qualit\u00e9.<\/p>\n<p><strong>Note\u00a0: 14\/20<\/strong><\/p>\n<p style=\"text-align: right;\">Par <strong>AqME<\/strong><\/p>\n","protected":false},"excerpt":{"rendered":"<p>Auteure\u00a0: JoAnn Chaney Editeur\u00a0: Presses de la Cit\u00e9 Genre\u00a0: Thriller R\u00e9sum\u00e9\u00a0: Sept ans apr\u00e8s la d\u00e9couverte, sous son garage, de trente-trois cadavres, Jacky Seever, ancien &hellip; <\/p>\n","protected":false},"author":1,"featured_media":0,"comment_status":"open","ping_status":"open","sticky":false,"template":"","format":"standard","meta":[],"categories":[10],"tags":[],"yoast_head":"<!-- This site is optimized with the Yoast SEO plugin v19.6.1 - https:\/\/yoast.com\/wordpress\/plugins\/seo\/ -->\n<title>Sept Ans de Silence - JoAnn Chaney - Lavisqteam.fr<\/title>\n<meta name=\"robots\" content=\"index, follow, max-snippet:-1, max-image-preview:large, max-video-preview:-1\" \/>\n<link rel=\"canonical\" href=\"https:\/\/www.lavisqteam.fr\/?p=36479\" \/>\n<meta property=\"og:locale\" content=\"fr_FR\" \/>\n<meta property=\"og:type\" content=\"article\" \/>\n<meta property=\"og:title\" content=\"Sept Ans de Silence - JoAnn Chaney - Lavisqteam.fr\" \/>\n<meta property=\"og:description\" content=\"Auteure\u00a0: JoAnn Chaney Editeur\u00a0: Presses de la Cit\u00e9 Genre\u00a0: Thriller R\u00e9sum\u00e9\u00a0: Sept ans apr\u00e8s la d\u00e9couverte, sous son garage, de trente-trois cadavres, Jacky Seever, ancien &hellip;\" \/>\n<meta property=\"og:url\" content=\"https:\/\/www.lavisqteam.fr\/?p=36479\" \/>\n<meta property=\"og:site_name\" content=\"Lavisqteam.fr\" \/>\n<meta property=\"article:published_time\" content=\"2018-07-02T18:42:34+00:00\" \/>\n<meta property=\"og:image\" content=\"http:\/\/www.lavisqteam.fr\/wp-content\/uploads\/2018\/07\/9782258142374ORI.jpg\" \/>\n<meta name=\"author\" content=\"AqME\" \/>\n<meta name=\"twitter:card\" content=\"summary_large_image\" \/>\n<meta name=\"twitter:label1\" content=\"\u00c9crit par\" \/>\n\t<meta name=\"twitter:data1\" content=\"AqME\" \/>\n\t<meta name=\"twitter:label2\" content=\"Dur\u00e9e de lecture estim\u00e9e\" \/>\n\t<meta name=\"twitter:data2\" content=\"6 minutes\" \/>\n<script type=\"application\/ld+json\" class=\"yoast-schema-graph\">{\"@context\":\"https:\/\/schema.org\",\"@graph\":[{\"@type\":\"Article\",\"@id\":\"https:\/\/www.lavisqteam.fr\/?p=36479#article\",\"isPartOf\":{\"@id\":\"https:\/\/www.lavisqteam.fr\/?p=36479\"},\"author\":{\"name\":\"AqME\",\"@id\":\"https:\/\/www.lavisqteam.fr\/#\/schema\/person\/da11d7c30bf135b288b17cc576708c2d\"},\"headline\":\"Sept Ans de Silence &#8211; JoAnn Chaney\",\"datePublished\":\"2018-07-02T18:42:34+00:00\",\"dateModified\":\"2018-07-02T18:42:34+00:00\",\"mainEntityOfPage\":{\"@id\":\"https:\/\/www.lavisqteam.fr\/?p=36479\"},\"wordCount\":1189,\"commentCount\":0,\"publisher\":{\"@id\":\"https:\/\/www.lavisqteam.fr\/#organization\"},\"articleSection\":[\"Roman\"],\"inLanguage\":\"fr-FR\",\"potentialAction\":[{\"@type\":\"CommentAction\",\"name\":\"Comment\",\"target\":[\"https:\/\/www.lavisqteam.fr\/?p=36479#respond\"]}]},{\"@type\":\"WebPage\",\"@id\":\"https:\/\/www.lavisqteam.fr\/?p=36479\",\"url\":\"https:\/\/www.lavisqteam.fr\/?p=36479\",\"name\":\"Sept Ans de Silence - JoAnn Chaney - Lavisqteam.fr\",\"isPartOf\":{\"@id\":\"https:\/\/www.lavisqteam.fr\/#website\"},\"datePublished\":\"2018-07-02T18:42:34+00:00\",\"dateModified\":\"2018-07-02T18:42:34+00:00\",\"breadcrumb\":{\"@id\":\"https:\/\/www.lavisqteam.fr\/?p=36479#breadcrumb\"},\"inLanguage\":\"fr-FR\",\"potentialAction\":[{\"@type\":\"ReadAction\",\"target\":[\"https:\/\/www.lavisqteam.fr\/?p=36479\"]}]},{\"@type\":\"BreadcrumbList\",\"@id\":\"https:\/\/www.lavisqteam.fr\/?p=36479#breadcrumb\",\"itemListElement\":[{\"@type\":\"ListItem\",\"position\":1,\"name\":\"Accueil\",\"item\":\"https:\/\/www.lavisqteam.fr\/\"},{\"@type\":\"ListItem\",\"position\":2,\"name\":\"Sept Ans de Silence &#8211; JoAnn Chaney\"}]},{\"@type\":\"WebSite\",\"@id\":\"https:\/\/www.lavisqteam.fr\/#website\",\"url\":\"https:\/\/www.lavisqteam.fr\/\",\"name\":\"Lavisqteam.fr\",\"description\":\"\",\"publisher\":{\"@id\":\"https:\/\/www.lavisqteam.fr\/#organization\"},\"potentialAction\":[{\"@type\":\"SearchAction\",\"target\":{\"@type\":\"EntryPoint\",\"urlTemplate\":\"https:\/\/www.lavisqteam.fr\/?s={search_term_string}\"},\"query-input\":\"required name=search_term_string\"}],\"inLanguage\":\"fr-FR\"},{\"@type\":\"Organization\",\"@id\":\"https:\/\/www.lavisqteam.fr\/#organization\",\"name\":\"Lavisqteam.fr\",\"url\":\"https:\/\/www.lavisqteam.fr\/\",\"sameAs\":[],\"logo\":{\"@type\":\"ImageObject\",\"inLanguage\":\"fr-FR\",\"@id\":\"https:\/\/www.lavisqteam.fr\/#\/schema\/logo\/image\/\",\"url\":\"https:\/\/www.lavisqteam.fr\/wp-content\/uploads\/2020\/08\/cropped-80879545_3479261675449035_4078032831501041664_o-4.jpg\",\"contentUrl\":\"https:\/\/www.lavisqteam.fr\/wp-content\/uploads\/2020\/08\/cropped-80879545_3479261675449035_4078032831501041664_o-4.jpg\",\"width\":1674,\"height\":536,\"caption\":\"Lavisqteam.fr\"},\"image\":{\"@id\":\"https:\/\/www.lavisqteam.fr\/#\/schema\/logo\/image\/\"}},{\"@type\":\"Person\",\"@id\":\"https:\/\/www.lavisqteam.fr\/#\/schema\/person\/da11d7c30bf135b288b17cc576708c2d\",\"name\":\"AqME\",\"image\":{\"@type\":\"ImageObject\",\"inLanguage\":\"fr-FR\",\"@id\":\"https:\/\/www.lavisqteam.fr\/#\/schema\/person\/image\/\",\"url\":\"https:\/\/secure.gravatar.com\/avatar\/4a87d013fc854acd0f25858a13573675?s=96&d=mm&r=g\",\"contentUrl\":\"https:\/\/secure.gravatar.com\/avatar\/4a87d013fc854acd0f25858a13573675?s=96&d=mm&r=g\",\"caption\":\"AqME\"},\"description\":\"Amateur d'horreur, M\u00e9talleux dans l'\u00e2me, je succombe facilement \u00e0 des images de chatons.\",\"url\":\"https:\/\/www.lavisqteam.fr\/?author=1\"}]}<\/script>\n<!-- \/ Yoast SEO plugin. -->","yoast_head_json":{"title":"Sept Ans de Silence - JoAnn Chaney - Lavisqteam.fr","robots":{"index":"index","follow":"follow","max-snippet":"max-snippet:-1","max-image-preview":"max-image-preview:large","max-video-preview":"max-video-preview:-1"},"canonical":"https:\/\/www.lavisqteam.fr\/?p=36479","og_locale":"fr_FR","og_type":"article","og_title":"Sept Ans de Silence - JoAnn Chaney - Lavisqteam.fr","og_description":"Auteure\u00a0: JoAnn Chaney Editeur\u00a0: Presses de la Cit\u00e9 Genre\u00a0: Thriller R\u00e9sum\u00e9\u00a0: Sept ans apr\u00e8s la d\u00e9couverte, sous son garage, de trente-trois cadavres, Jacky Seever, ancien &hellip;","og_url":"https:\/\/www.lavisqteam.fr\/?p=36479","og_site_name":"Lavisqteam.fr","article_published_time":"2018-07-02T18:42:34+00:00","og_image":[{"url":"http:\/\/www.lavisqteam.fr\/wp-content\/uploads\/2018\/07\/9782258142374ORI.jpg"}],"author":"AqME","twitter_card":"summary_large_image","twitter_misc":{"\u00c9crit par":"AqME","Dur\u00e9e de lecture estim\u00e9e":"6 minutes"},"schema":{"@context":"https:\/\/schema.org","@graph":[{"@type":"Article","@id":"https:\/\/www.lavisqteam.fr\/?p=36479#article","isPartOf":{"@id":"https:\/\/www.lavisqteam.fr\/?p=36479"},"author":{"name":"AqME","@id":"https:\/\/www.lavisqteam.fr\/#\/schema\/person\/da11d7c30bf135b288b17cc576708c2d"},"headline":"Sept Ans de Silence &#8211; JoAnn Chaney","datePublished":"2018-07-02T18:42:34+00:00","dateModified":"2018-07-02T18:42:34+00:00","mainEntityOfPage":{"@id":"https:\/\/www.lavisqteam.fr\/?p=36479"},"wordCount":1189,"commentCount":0,"publisher":{"@id":"https:\/\/www.lavisqteam.fr\/#organization"},"articleSection":["Roman"],"inLanguage":"fr-FR","potentialAction":[{"@type":"CommentAction","name":"Comment","target":["https:\/\/www.lavisqteam.fr\/?p=36479#respond"]}]},{"@type":"WebPage","@id":"https:\/\/www.lavisqteam.fr\/?p=36479","url":"https:\/\/www.lavisqteam.fr\/?p=36479","name":"Sept Ans de Silence - JoAnn Chaney - Lavisqteam.fr","isPartOf":{"@id":"https:\/\/www.lavisqteam.fr\/#website"},"datePublished":"2018-07-02T18:42:34+00:00","dateModified":"2018-07-02T18:42:34+00:00","breadcrumb":{"@id":"https:\/\/www.lavisqteam.fr\/?p=36479#breadcrumb"},"inLanguage":"fr-FR","potentialAction":[{"@type":"ReadAction","target":["https:\/\/www.lavisqteam.fr\/?p=36479"]}]},{"@type":"BreadcrumbList","@id":"https:\/\/www.lavisqteam.fr\/?p=36479#breadcrumb","itemListElement":[{"@type":"ListItem","position":1,"name":"Accueil","item":"https:\/\/www.lavisqteam.fr\/"},{"@type":"ListItem","position":2,"name":"Sept Ans de Silence &#8211; JoAnn Chaney"}]},{"@type":"WebSite","@id":"https:\/\/www.lavisqteam.fr\/#website","url":"https:\/\/www.lavisqteam.fr\/","name":"Lavisqteam.fr","description":"","publisher":{"@id":"https:\/\/www.lavisqteam.fr\/#organization"},"potentialAction":[{"@type":"SearchAction","target":{"@type":"EntryPoint","urlTemplate":"https:\/\/www.lavisqteam.fr\/?s={search_term_string}"},"query-input":"required name=search_term_string"}],"inLanguage":"fr-FR"},{"@type":"Organization","@id":"https:\/\/www.lavisqteam.fr\/#organization","name":"Lavisqteam.fr","url":"https:\/\/www.lavisqteam.fr\/","sameAs":[],"logo":{"@type":"ImageObject","inLanguage":"fr-FR","@id":"https:\/\/www.lavisqteam.fr\/#\/schema\/logo\/image\/","url":"https:\/\/www.lavisqteam.fr\/wp-content\/uploads\/2020\/08\/cropped-80879545_3479261675449035_4078032831501041664_o-4.jpg","contentUrl":"https:\/\/www.lavisqteam.fr\/wp-content\/uploads\/2020\/08\/cropped-80879545_3479261675449035_4078032831501041664_o-4.jpg","width":1674,"height":536,"caption":"Lavisqteam.fr"},"image":{"@id":"https:\/\/www.lavisqteam.fr\/#\/schema\/logo\/image\/"}},{"@type":"Person","@id":"https:\/\/www.lavisqteam.fr\/#\/schema\/person\/da11d7c30bf135b288b17cc576708c2d","name":"AqME","image":{"@type":"ImageObject","inLanguage":"fr-FR","@id":"https:\/\/www.lavisqteam.fr\/#\/schema\/person\/image\/","url":"https:\/\/secure.gravatar.com\/avatar\/4a87d013fc854acd0f25858a13573675?s=96&d=mm&r=g","contentUrl":"https:\/\/secure.gravatar.com\/avatar\/4a87d013fc854acd0f25858a13573675?s=96&d=mm&r=g","caption":"AqME"},"description":"Amateur d'horreur, M\u00e9talleux dans l'\u00e2me, je succombe facilement \u00e0 des images de chatons.","url":"https:\/\/www.lavisqteam.fr\/?author=1"}]}},"jetpack_featured_media_url":"","_links":{"self":[{"href":"https:\/\/www.lavisqteam.fr\/index.php?rest_route=\/wp\/v2\/posts\/36479"}],"collection":[{"href":"https:\/\/www.lavisqteam.fr\/index.php?rest_route=\/wp\/v2\/posts"}],"about":[{"href":"https:\/\/www.lavisqteam.fr\/index.php?rest_route=\/wp\/v2\/types\/post"}],"author":[{"embeddable":true,"href":"https:\/\/www.lavisqteam.fr\/index.php?rest_route=\/wp\/v2\/users\/1"}],"replies":[{"embeddable":true,"href":"https:\/\/www.lavisqteam.fr\/index.php?rest_route=%2Fwp%2Fv2%2Fcomments&post=36479"}],"version-history":[{"count":1,"href":"https:\/\/www.lavisqteam.fr\/index.php?rest_route=\/wp\/v2\/posts\/36479\/revisions"}],"predecessor-version":[{"id":36481,"href":"https:\/\/www.lavisqteam.fr\/index.php?rest_route=\/wp\/v2\/posts\/36479\/revisions\/36481"}],"wp:attachment":[{"href":"https:\/\/www.lavisqteam.fr\/index.php?rest_route=%2Fwp%2Fv2%2Fmedia&parent=36479"}],"wp:term":[{"taxonomy":"category","embeddable":true,"href":"https:\/\/www.lavisqteam.fr\/index.php?rest_route=%2Fwp%2Fv2%2Fcategories&post=36479"},{"taxonomy":"post_tag","embeddable":true,"href":"https:\/\/www.lavisqteam.fr\/index.php?rest_route=%2Fwp%2Fv2%2Ftags&post=36479"}],"curies":[{"name":"wp","href":"https:\/\/api.w.org\/{rel}","templated":true}]}}