{"id":36316,"date":"2018-06-15T08:42:53","date_gmt":"2018-06-15T08:42:53","guid":{"rendered":"http:\/\/www.lavisqteam.fr\/?p=36316"},"modified":"2018-06-15T08:42:53","modified_gmt":"2018-06-15T08:42:53","slug":"les-lames-du-cardinal-t-03-le-dragon-des-arcanes-pierre-pevel","status":"publish","type":"post","link":"https:\/\/www.lavisqteam.fr\/?p=36316","title":{"rendered":"Les Lames du Cardinal T.03 &#8211; Le Dragon des Arcanes &#8211; Pierre Pevel"},"content":{"rendered":"<p style=\"text-align: center;\"><a href=\"https:\/\/www.lavisqteam.fr\/wp-content\/uploads\/2018\/06\/foliosf473-2014.jpg\"><img loading=\"lazy\" class=\"alignnone  wp-image-36317\" src=\"https:\/\/www.lavisqteam.fr\/wp-content\/uploads\/2018\/06\/foliosf473-2014.jpg\" alt=\"\" width=\"600\" height=\"971\" srcset=\"https:\/\/www.lavisqteam.fr\/wp-content\/uploads\/2018\/06\/foliosf473-2014.jpg 618w, https:\/\/www.lavisqteam.fr\/wp-content\/uploads\/2018\/06\/foliosf473-2014-185x300.jpg 185w\" sizes=\"(max-width: 600px) 100vw, 600px\" \/><\/a><\/p>\n<p><strong>Auteur\u00a0: <\/strong>Pierre Pevel<\/p>\n<p><strong>Editeur\u00a0: <\/strong>Bragelonne<\/p>\n<p><strong>Genre\u00a0: <\/strong>Fantasy<\/p>\n<p><strong>R\u00e9sum\u00e9\u00a0:<\/strong><\/p>\n<p>Paris br\u00fble-t-il ? On pourrait le croire, si l&rsquo;avenir funeste dont Soeur B\u00e9atrice a eu un aper\u00e7u proph\u00e9tique se r\u00e9alise.<br \/>\nD\u00e9j\u00e0 un dragon a survol\u00e9 Paris et est pass\u00e9 \u00e0 l&rsquo;attaque. Face \u00e0 lui, un homme a p\u00e9ri dans un dernier acte de bravoure et de sacrifice : Almad\u00e8s, le ma\u00eetre d&rsquo;armes espagnol des Lames du Cardinal. La bande de La Fargue est en deuil et la col\u00e8re appelle la vengeance.<br \/>\nL&rsquo;action reprend tr\u00e8s vite ses droits. Agn\u00e8s et Ballardieu veulent en savoir plus sur la vision de B\u00e9atrice et la menace qui p\u00e8se sur la capitale.<br \/>\nDirection : le Mont Saint-Michel, repaire des Ch\u00e2telaines, o\u00f9 B\u00e9atrice est clo\u00eetr\u00e9e&#8230;<\/p>\n<p><strong>Avis\u00a0:<\/strong><\/p>\n<p>Avec <strong>Les lames du cardinal<\/strong> et <strong>L\u2019alchimiste des ombres<\/strong>, <em>Pierre Pevel<\/em> imposait un univers aussi singulier que sa plume est subtile. En entrem\u00ealant les codes du roman de cape et d\u2019\u00e9p\u00e9e, du r\u00e9cit historique et de la fantasy, il offrait une vision baroque et d\u00e9cal\u00e9e de la France au XVIIe si\u00e8cle. Plus qu\u2019une incursion notable, il en ressortait un m\u00e9lange des genres parfaitement assimil\u00e9 \u00e0 une intrigue qui fleure bon espionnage, aventures et bravoure. Apr\u00e8s une ouverture \u00e9vidente sur le d\u00e9nouement du pr\u00e9c\u00e9dent tome, <strong>Le dragon des arcanes<\/strong> a la lourde charge de pr\u00e9senter une conclusion digne de la qualit\u00e9 exceptionnelle des deux premiers volets. Un roman qui s\u2019avance comme le point d\u2019orgue d\u2019une aventure haletante\u2026<\/p>\n<p>On peut qualifier le r\u00e9cit dans la continuit\u00e9 de ce qui a pu \u00eatre lu auparavant. Cela vaut autant d\u2019un point de vue narratif qu\u2019au regard des \u00e9v\u00e9nements en devenir. \u00c0 ce titre, <strong>L\u2019alchimiste des ombres <\/strong>marquait une nette tendance \u00e0 d\u00e9velopper les \u00e9l\u00e9ments de fantasy au sein de cet univers, sans pour autant renier l\u2019aspect historique. Ici, on se trouve dans une d\u00e9marche similaire, au d\u00e9tail pr\u00eat que ladite fantasy y est encore plus vivace. L\u00e0 o\u00f9 les autres tomes s\u2019attelaient \u00e0 jouer de faux-semblants et de complots en filigrane des intrigues principales, <strong>Le dragon des arcanes<\/strong> les d\u00e9voile au grand jour. L\u2019occasion est donc donn\u00e9e de fournir d\u2019ultimes r\u00e9v\u00e9lations sur certains pans rest\u00e9s dans l\u2019ombre jusque-l\u00e0.<\/p>\n<p>Il est vrai que l\u2019on a toujours droit \u00e0 des descriptions fouill\u00e9es \u00e0 m\u00eame de faire revivre le XVIIe si\u00e8cle au c\u0153ur de la capitale. Pour autant, l\u2019accent est mis sur d\u2019autres points, notamment avec la pr\u00e9sence du mont Saint-Michel et les lieux environnants Paris. En plus de ce cadre qui \u00e9volue sensiblement, l\u2019action est \u00e9galement rehauss\u00e9e avec des affrontements plus nombreux qu\u2019\u00e0 l\u2019accoutum\u00e9e. Soit dit en passant, les situations et les combats sont chor\u00e9graphi\u00e9s avec force et conviction. On ne parlera pas d\u2019une simplification des tenants de l\u2019histoire, mais l\u2019on songe plut\u00f4t \u00e0 l\u2019aboutissement naturel et tant attendu des deux premiers ouvrages.<\/p>\n<p>Comprenez que l\u2019ensemble est li\u00e9 par les protagonistes, ainsi que par les ficelles narratives tiss\u00e9es pour arriver \u00e0 un point de rupture critique. En l\u2019occurrence, le renversement de la monarchie fran\u00e7aise tient davantage \u00e0 une vision apocalyptique qu\u2019\u00e0 un coup d\u2019\u00c9tat foment\u00e9 par la caste des dragons. Preuve en est avec l\u2019Arch\u00e9en ou l\u2019H\u00e9r\u00e9siarque. Mais ce tournant historique vaut aussi pour la connotation chr\u00e9tienne qu\u2019il insuffle. Une symbolique pertinente pour l\u2019\u00e9poque. Cela passe par la pr\u00e9sence de nouveaux intervenants, comme les s\u0153urs de Saint-Georges, sorte de crois\u00e9es qui prot\u00e8gent les fondements m\u00eames de la royaut\u00e9. D\u2019ailleurs, l\u2019allusion avec la l\u00e9gende de Saint-Georges terrassant le dragon est loin d\u2019\u00eatre anodine\u2026<\/p>\n<p>Toujours est-il que <em>Pierre Pevel<\/em> respecte ses propres codes tout en renouvelant avec parcimonie certains \u00e9l\u00e9ments de son univers. Une \u00e9volution naturelle qui tient autant \u00e0 \u00e9largir la port\u00e9e et l\u2019importance de celui-ci, sans pour autant contredire ce qui a pu \u00eatre fait jusqu\u2019\u00e0 pr\u00e9sent. Cela vaut \u00e9galement avec certaines suspicions entretenues \u00e0 dessein, avant de les justifier. Plus qu\u2019une fin de cycle, le d\u00e9nouement fait office d\u2019\u00e9pilogue qui, apr\u00e8s une derni\u00e8re bataille, tend \u00e0 d\u00e9laisser le pass\u00e9 sans pour autant le renier et cela concerne, \u00e0 leur \u00e9chelle respective, l\u2019ensemble des protagonistes. Le c\u00f4t\u00e9 \u00e9pique de ces instants n\u2019est pas pour d\u00e9plaire et s\u2019\u00e9vertue \u00e0 effacer les doutes et les b\u00e9vues subis et commis.<\/p>\n<p>Au final, <strong>Le dragon des arcanes<\/strong> est un dernier tome dans la m\u00eame veine que ses pr\u00e9d\u00e9cesseurs. De morceaux de bravoure en ultimes manipulations, l\u2019intrigue poursuit sa progression tout en r\u00e9pondant aux questions laiss\u00e9es en suspens par l\u2019auteur. Si la part de fantasy est pr\u00e9pond\u00e9rante, elle n\u2019en d\u00e9laisse pas pour autant la justesse du contexte historique\u00a0; soigneusement d\u00e9tourn\u00e9, soit dit en passant.\u00a0\u00a0 V\u00e9ritable tour de force \u00e0 m\u00eame d\u2019annihiler la fronti\u00e8re entre les genres, <em>Les lames du cardinal <\/em>s\u2019impose par son originalit\u00e9, son audace et sa prestance. Un peu comme la caract\u00e9risation qui r\u00e9git la personnalit\u00e9 de chaque lame. Une \u00e9l\u00e9gante vision du XVIIe si\u00e8cle et un formidable hommage \u00e0 l\u2019\u0153uvre d\u2019<em>Alexandre Dumas<\/em>.<\/p>\n<p><strong>Note\u00a0: 17\/20<\/strong><\/p>\n<p style=\"text-align: right;\">Par\u00a0<strong>Dante<\/strong><\/p>\n","protected":false},"excerpt":{"rendered":"<p>Auteur\u00a0: Pierre Pevel Editeur\u00a0: Bragelonne Genre\u00a0: Fantasy R\u00e9sum\u00e9\u00a0: Paris br\u00fble-t-il ? On pourrait le croire, si l&rsquo;avenir funeste dont Soeur B\u00e9atrice a eu un aper\u00e7u &hellip; <\/p>\n","protected":false},"author":1,"featured_media":0,"comment_status":"open","ping_status":"open","sticky":false,"template":"","format":"standard","meta":[],"categories":[10],"tags":[],"yoast_head":"<!-- This site is optimized with the Yoast SEO plugin v19.6.1 - https:\/\/yoast.com\/wordpress\/plugins\/seo\/ -->\n<title>Les Lames du Cardinal T.03 - Le Dragon des Arcanes - Pierre Pevel - Lavisqteam.fr<\/title>\n<meta name=\"robots\" content=\"index, follow, max-snippet:-1, max-image-preview:large, max-video-preview:-1\" \/>\n<link rel=\"canonical\" href=\"https:\/\/www.lavisqteam.fr\/?p=36316\" \/>\n<meta property=\"og:locale\" content=\"fr_FR\" \/>\n<meta property=\"og:type\" content=\"article\" \/>\n<meta property=\"og:title\" content=\"Les Lames du Cardinal T.03 - Le Dragon des Arcanes - Pierre Pevel - Lavisqteam.fr\" \/>\n<meta property=\"og:description\" content=\"Auteur\u00a0: Pierre Pevel Editeur\u00a0: Bragelonne Genre\u00a0: Fantasy R\u00e9sum\u00e9\u00a0: Paris br\u00fble-t-il ? On pourrait le croire, si l&rsquo;avenir funeste dont Soeur B\u00e9atrice a eu un aper\u00e7u &hellip;\" \/>\n<meta property=\"og:url\" content=\"https:\/\/www.lavisqteam.fr\/?p=36316\" \/>\n<meta property=\"og:site_name\" content=\"Lavisqteam.fr\" \/>\n<meta property=\"article:published_time\" content=\"2018-06-15T08:42:53+00:00\" \/>\n<meta property=\"og:image\" content=\"http:\/\/www.lavisqteam.fr\/wp-content\/uploads\/2018\/06\/foliosf473-2014.jpg\" \/>\n<meta name=\"author\" content=\"AqME\" \/>\n<meta name=\"twitter:card\" content=\"summary_large_image\" \/>\n<meta name=\"twitter:label1\" content=\"\u00c9crit par\" \/>\n\t<meta name=\"twitter:data1\" content=\"AqME\" \/>\n\t<meta name=\"twitter:label2\" content=\"Dur\u00e9e de lecture estim\u00e9e\" \/>\n\t<meta name=\"twitter:data2\" content=\"5 minutes\" \/>\n<script type=\"application\/ld+json\" class=\"yoast-schema-graph\">{\"@context\":\"https:\/\/schema.org\",\"@graph\":[{\"@type\":\"Article\",\"@id\":\"https:\/\/www.lavisqteam.fr\/?p=36316#article\",\"isPartOf\":{\"@id\":\"https:\/\/www.lavisqteam.fr\/?p=36316\"},\"author\":{\"name\":\"AqME\",\"@id\":\"https:\/\/www.lavisqteam.fr\/#\/schema\/person\/da11d7c30bf135b288b17cc576708c2d\"},\"headline\":\"Les Lames du Cardinal T.03 &#8211; Le Dragon des Arcanes &#8211; Pierre Pevel\",\"datePublished\":\"2018-06-15T08:42:53+00:00\",\"dateModified\":\"2018-06-15T08:42:53+00:00\",\"mainEntityOfPage\":{\"@id\":\"https:\/\/www.lavisqteam.fr\/?p=36316\"},\"wordCount\":924,\"commentCount\":0,\"publisher\":{\"@id\":\"https:\/\/www.lavisqteam.fr\/#organization\"},\"articleSection\":[\"Roman\"],\"inLanguage\":\"fr-FR\",\"potentialAction\":[{\"@type\":\"CommentAction\",\"name\":\"Comment\",\"target\":[\"https:\/\/www.lavisqteam.fr\/?p=36316#respond\"]}]},{\"@type\":\"WebPage\",\"@id\":\"https:\/\/www.lavisqteam.fr\/?p=36316\",\"url\":\"https:\/\/www.lavisqteam.fr\/?p=36316\",\"name\":\"Les Lames du Cardinal T.03 - Le Dragon des Arcanes - Pierre Pevel - Lavisqteam.fr\",\"isPartOf\":{\"@id\":\"https:\/\/www.lavisqteam.fr\/#website\"},\"datePublished\":\"2018-06-15T08:42:53+00:00\",\"dateModified\":\"2018-06-15T08:42:53+00:00\",\"breadcrumb\":{\"@id\":\"https:\/\/www.lavisqteam.fr\/?p=36316#breadcrumb\"},\"inLanguage\":\"fr-FR\",\"potentialAction\":[{\"@type\":\"ReadAction\",\"target\":[\"https:\/\/www.lavisqteam.fr\/?p=36316\"]}]},{\"@type\":\"BreadcrumbList\",\"@id\":\"https:\/\/www.lavisqteam.fr\/?p=36316#breadcrumb\",\"itemListElement\":[{\"@type\":\"ListItem\",\"position\":1,\"name\":\"Accueil\",\"item\":\"https:\/\/www.lavisqteam.fr\/\"},{\"@type\":\"ListItem\",\"position\":2,\"name\":\"Les Lames du Cardinal T.03 &#8211; Le Dragon des Arcanes &#8211; Pierre Pevel\"}]},{\"@type\":\"WebSite\",\"@id\":\"https:\/\/www.lavisqteam.fr\/#website\",\"url\":\"https:\/\/www.lavisqteam.fr\/\",\"name\":\"Lavisqteam.fr\",\"description\":\"\",\"publisher\":{\"@id\":\"https:\/\/www.lavisqteam.fr\/#organization\"},\"potentialAction\":[{\"@type\":\"SearchAction\",\"target\":{\"@type\":\"EntryPoint\",\"urlTemplate\":\"https:\/\/www.lavisqteam.fr\/?s={search_term_string}\"},\"query-input\":\"required name=search_term_string\"}],\"inLanguage\":\"fr-FR\"},{\"@type\":\"Organization\",\"@id\":\"https:\/\/www.lavisqteam.fr\/#organization\",\"name\":\"Lavisqteam.fr\",\"url\":\"https:\/\/www.lavisqteam.fr\/\",\"sameAs\":[],\"logo\":{\"@type\":\"ImageObject\",\"inLanguage\":\"fr-FR\",\"@id\":\"https:\/\/www.lavisqteam.fr\/#\/schema\/logo\/image\/\",\"url\":\"https:\/\/www.lavisqteam.fr\/wp-content\/uploads\/2020\/08\/cropped-80879545_3479261675449035_4078032831501041664_o-4.jpg\",\"contentUrl\":\"https:\/\/www.lavisqteam.fr\/wp-content\/uploads\/2020\/08\/cropped-80879545_3479261675449035_4078032831501041664_o-4.jpg\",\"width\":1674,\"height\":536,\"caption\":\"Lavisqteam.fr\"},\"image\":{\"@id\":\"https:\/\/www.lavisqteam.fr\/#\/schema\/logo\/image\/\"}},{\"@type\":\"Person\",\"@id\":\"https:\/\/www.lavisqteam.fr\/#\/schema\/person\/da11d7c30bf135b288b17cc576708c2d\",\"name\":\"AqME\",\"image\":{\"@type\":\"ImageObject\",\"inLanguage\":\"fr-FR\",\"@id\":\"https:\/\/www.lavisqteam.fr\/#\/schema\/person\/image\/\",\"url\":\"https:\/\/secure.gravatar.com\/avatar\/4a87d013fc854acd0f25858a13573675?s=96&d=mm&r=g\",\"contentUrl\":\"https:\/\/secure.gravatar.com\/avatar\/4a87d013fc854acd0f25858a13573675?s=96&d=mm&r=g\",\"caption\":\"AqME\"},\"description\":\"Amateur d'horreur, M\u00e9talleux dans l'\u00e2me, je succombe facilement \u00e0 des images de chatons.\",\"url\":\"https:\/\/www.lavisqteam.fr\/?author=1\"}]}<\/script>\n<!-- \/ Yoast SEO plugin. -->","yoast_head_json":{"title":"Les Lames du Cardinal T.03 - Le Dragon des Arcanes - Pierre Pevel - Lavisqteam.fr","robots":{"index":"index","follow":"follow","max-snippet":"max-snippet:-1","max-image-preview":"max-image-preview:large","max-video-preview":"max-video-preview:-1"},"canonical":"https:\/\/www.lavisqteam.fr\/?p=36316","og_locale":"fr_FR","og_type":"article","og_title":"Les Lames du Cardinal T.03 - Le Dragon des Arcanes - Pierre Pevel - Lavisqteam.fr","og_description":"Auteur\u00a0: Pierre Pevel Editeur\u00a0: Bragelonne Genre\u00a0: Fantasy R\u00e9sum\u00e9\u00a0: Paris br\u00fble-t-il ? On pourrait le croire, si l&rsquo;avenir funeste dont Soeur B\u00e9atrice a eu un aper\u00e7u &hellip;","og_url":"https:\/\/www.lavisqteam.fr\/?p=36316","og_site_name":"Lavisqteam.fr","article_published_time":"2018-06-15T08:42:53+00:00","og_image":[{"url":"http:\/\/www.lavisqteam.fr\/wp-content\/uploads\/2018\/06\/foliosf473-2014.jpg"}],"author":"AqME","twitter_card":"summary_large_image","twitter_misc":{"\u00c9crit par":"AqME","Dur\u00e9e de lecture estim\u00e9e":"5 minutes"},"schema":{"@context":"https:\/\/schema.org","@graph":[{"@type":"Article","@id":"https:\/\/www.lavisqteam.fr\/?p=36316#article","isPartOf":{"@id":"https:\/\/www.lavisqteam.fr\/?p=36316"},"author":{"name":"AqME","@id":"https:\/\/www.lavisqteam.fr\/#\/schema\/person\/da11d7c30bf135b288b17cc576708c2d"},"headline":"Les Lames du Cardinal T.03 &#8211; Le Dragon des Arcanes &#8211; Pierre Pevel","datePublished":"2018-06-15T08:42:53+00:00","dateModified":"2018-06-15T08:42:53+00:00","mainEntityOfPage":{"@id":"https:\/\/www.lavisqteam.fr\/?p=36316"},"wordCount":924,"commentCount":0,"publisher":{"@id":"https:\/\/www.lavisqteam.fr\/#organization"},"articleSection":["Roman"],"inLanguage":"fr-FR","potentialAction":[{"@type":"CommentAction","name":"Comment","target":["https:\/\/www.lavisqteam.fr\/?p=36316#respond"]}]},{"@type":"WebPage","@id":"https:\/\/www.lavisqteam.fr\/?p=36316","url":"https:\/\/www.lavisqteam.fr\/?p=36316","name":"Les Lames du Cardinal T.03 - Le Dragon des Arcanes - Pierre Pevel - Lavisqteam.fr","isPartOf":{"@id":"https:\/\/www.lavisqteam.fr\/#website"},"datePublished":"2018-06-15T08:42:53+00:00","dateModified":"2018-06-15T08:42:53+00:00","breadcrumb":{"@id":"https:\/\/www.lavisqteam.fr\/?p=36316#breadcrumb"},"inLanguage":"fr-FR","potentialAction":[{"@type":"ReadAction","target":["https:\/\/www.lavisqteam.fr\/?p=36316"]}]},{"@type":"BreadcrumbList","@id":"https:\/\/www.lavisqteam.fr\/?p=36316#breadcrumb","itemListElement":[{"@type":"ListItem","position":1,"name":"Accueil","item":"https:\/\/www.lavisqteam.fr\/"},{"@type":"ListItem","position":2,"name":"Les Lames du Cardinal T.03 &#8211; Le Dragon des Arcanes &#8211; Pierre Pevel"}]},{"@type":"WebSite","@id":"https:\/\/www.lavisqteam.fr\/#website","url":"https:\/\/www.lavisqteam.fr\/","name":"Lavisqteam.fr","description":"","publisher":{"@id":"https:\/\/www.lavisqteam.fr\/#organization"},"potentialAction":[{"@type":"SearchAction","target":{"@type":"EntryPoint","urlTemplate":"https:\/\/www.lavisqteam.fr\/?s={search_term_string}"},"query-input":"required name=search_term_string"}],"inLanguage":"fr-FR"},{"@type":"Organization","@id":"https:\/\/www.lavisqteam.fr\/#organization","name":"Lavisqteam.fr","url":"https:\/\/www.lavisqteam.fr\/","sameAs":[],"logo":{"@type":"ImageObject","inLanguage":"fr-FR","@id":"https:\/\/www.lavisqteam.fr\/#\/schema\/logo\/image\/","url":"https:\/\/www.lavisqteam.fr\/wp-content\/uploads\/2020\/08\/cropped-80879545_3479261675449035_4078032831501041664_o-4.jpg","contentUrl":"https:\/\/www.lavisqteam.fr\/wp-content\/uploads\/2020\/08\/cropped-80879545_3479261675449035_4078032831501041664_o-4.jpg","width":1674,"height":536,"caption":"Lavisqteam.fr"},"image":{"@id":"https:\/\/www.lavisqteam.fr\/#\/schema\/logo\/image\/"}},{"@type":"Person","@id":"https:\/\/www.lavisqteam.fr\/#\/schema\/person\/da11d7c30bf135b288b17cc576708c2d","name":"AqME","image":{"@type":"ImageObject","inLanguage":"fr-FR","@id":"https:\/\/www.lavisqteam.fr\/#\/schema\/person\/image\/","url":"https:\/\/secure.gravatar.com\/avatar\/4a87d013fc854acd0f25858a13573675?s=96&d=mm&r=g","contentUrl":"https:\/\/secure.gravatar.com\/avatar\/4a87d013fc854acd0f25858a13573675?s=96&d=mm&r=g","caption":"AqME"},"description":"Amateur d'horreur, M\u00e9talleux dans l'\u00e2me, je succombe facilement \u00e0 des images de chatons.","url":"https:\/\/www.lavisqteam.fr\/?author=1"}]}},"jetpack_featured_media_url":"","_links":{"self":[{"href":"https:\/\/www.lavisqteam.fr\/index.php?rest_route=\/wp\/v2\/posts\/36316"}],"collection":[{"href":"https:\/\/www.lavisqteam.fr\/index.php?rest_route=\/wp\/v2\/posts"}],"about":[{"href":"https:\/\/www.lavisqteam.fr\/index.php?rest_route=\/wp\/v2\/types\/post"}],"author":[{"embeddable":true,"href":"https:\/\/www.lavisqteam.fr\/index.php?rest_route=\/wp\/v2\/users\/1"}],"replies":[{"embeddable":true,"href":"https:\/\/www.lavisqteam.fr\/index.php?rest_route=%2Fwp%2Fv2%2Fcomments&post=36316"}],"version-history":[{"count":1,"href":"https:\/\/www.lavisqteam.fr\/index.php?rest_route=\/wp\/v2\/posts\/36316\/revisions"}],"predecessor-version":[{"id":36318,"href":"https:\/\/www.lavisqteam.fr\/index.php?rest_route=\/wp\/v2\/posts\/36316\/revisions\/36318"}],"wp:attachment":[{"href":"https:\/\/www.lavisqteam.fr\/index.php?rest_route=%2Fwp%2Fv2%2Fmedia&parent=36316"}],"wp:term":[{"taxonomy":"category","embeddable":true,"href":"https:\/\/www.lavisqteam.fr\/index.php?rest_route=%2Fwp%2Fv2%2Fcategories&post=36316"},{"taxonomy":"post_tag","embeddable":true,"href":"https:\/\/www.lavisqteam.fr\/index.php?rest_route=%2Fwp%2Fv2%2Ftags&post=36316"}],"curies":[{"name":"wp","href":"https:\/\/api.w.org\/{rel}","templated":true}]}}