{"id":36145,"date":"2018-06-03T13:38:59","date_gmt":"2018-06-03T13:38:59","guid":{"rendered":"http:\/\/www.lavisqteam.fr\/?p=36145"},"modified":"2018-06-03T13:38:59","modified_gmt":"2018-06-03T13:38:59","slug":"les-lames-du-cardinal-t-02-lalchimiste-des-ombres-pierre-pevel","status":"publish","type":"post","link":"https:\/\/www.lavisqteam.fr\/?p=36145","title":{"rendered":"Les Lames du Cardinal T.02 &#8211; L&rsquo;Alchimiste des Ombres &#8211; Pierre Pevel"},"content":{"rendered":"<p style=\"text-align: center;\"><a href=\"https:\/\/www.lavisqteam.fr\/wp-content\/uploads\/2018\/06\/A44863.jpg\"><img loading=\"lazy\" class=\"alignnone size-large wp-image-36146\" src=\"https:\/\/www.lavisqteam.fr\/wp-content\/uploads\/2018\/06\/A44863-621x1024.jpg\" alt=\"\" width=\"600\" height=\"989\" srcset=\"https:\/\/www.lavisqteam.fr\/wp-content\/uploads\/2018\/06\/A44863-621x1024.jpg 621w, https:\/\/www.lavisqteam.fr\/wp-content\/uploads\/2018\/06\/A44863-182x300.jpg 182w, https:\/\/www.lavisqteam.fr\/wp-content\/uploads\/2018\/06\/A44863-768x1266.jpg 768w, https:\/\/www.lavisqteam.fr\/wp-content\/uploads\/2018\/06\/A44863.jpg 1277w\" sizes=\"(max-width: 600px) 100vw, 600px\" \/><\/a><\/p>\n<p><strong>Auteur\u00a0: <\/strong>Pierre Pevel<\/p>\n<p><strong>Editeur\u00a0: <\/strong>Bragelonne<\/p>\n<p><strong>Genre\u00a0: <\/strong>Fantasy<\/p>\n<p><strong>R\u00e9sum\u00e9\u00a0:<\/strong><\/p>\n<p>Paris, 1633. Les dragons menacent le royaume.<br \/>\nSurgis de la nuit des temps, ils sont avides de pouvoir et d\u00e9cid\u00e9s \u00e0 restaurer leur r\u00e8gne absolu. Usant de sorcellerie, ils ont pris apparence humaine et cr\u00e9\u00e9 une puissante soci\u00e9t\u00e9 secr\u00e8te, la Griffe noire, qui conspire d\u00e9j\u00e0 dans les plus grandes cours d&rsquo;Europe.<br \/>\nPour d\u00e9jouer leurs sinistres complots, Richelieu a reform\u00e9 son unit\u00e9 d&rsquo;\u00e9lite, une compagnie clandestine d&rsquo;aventuriers et de duellistes rivalisant de courage, d&rsquo;\u00e9l\u00e9gance et d&rsquo;astuce. Six hommes et une femme aux talents exceptionnels pr\u00eats \u00e0 braver tous les dangers et \u00e0 risquer leur vie pour la Couronne : les Lames du Cardinal.<br \/>\nMais alors qu&rsquo;ils ont rendez-vous, par une nuit d&rsquo;orage, avec une espionne italienne aussi belle que dangereuse qui pr\u00e9tend d\u00e9tenir les cl\u00e9s d&rsquo;un complot \u00e0 venir, ils sont loin d&rsquo;imaginer l&rsquo;ampleur de la trag\u00e9die qui va s&rsquo;abattre sur la France et les obliger \u00e0 affronter leur plus terrible adversaire : l&rsquo;Alchimiste des ombres&#8230;<\/p>\n<p><strong>Avis\u00a0:<\/strong><\/p>\n<p>Avec <strong>Les lames du cardinal<\/strong>, <em>Pierre Pevel<\/em> offrait un merveilleux hommage \u00e0 l\u2019\u0153uvre d\u2019<em>Alexandre Dumas<\/em>, tout en d\u00e9tournant les codes du roman de cape d\u2019\u00e9p\u00e9e sous le prisme de la fantasy. Il en ressortait un univers original dont la rigueur historique \u00e9tait tout aussi coh\u00e9rente que l\u2019int\u00e9gration des dragons au sein de l\u2019intrigue. Le pr\u00e9c\u00e9dent ouvrage faisait \u00e9galement la part belle \u00e0 une exposition g\u00e9n\u00e9reuse des protagonistes et des enjeux, laissant d\u2019embl\u00e9e planer le spectre d\u2019une trilogie. <strong>L\u2019alchimiste des ombres<\/strong> entre donc dans sa continuit\u00e9 avec, en ligne de mire, une nouvelle mission pour cette unit\u00e9 d\u2019\u00e9lite et de menus changements dans l\u2019appr\u00e9hension du r\u00e9cit.<\/p>\n<p>Si le rapprochement avec les mousquetaires \u00e9tait facile, la comparaison tend \u00e0 s\u2019att\u00e9nuer dans cet opus. La pr\u00e9sence en filigrane de la compagnie du roi pr\u00e9sente un contraste bienvenu avec les Lames, accentuant par la m\u00eame les disparit\u00e9s entre ces deux factions. En cause, un traitement beaucoup plus ambivalent qui n\u2019h\u00e9site pas, de temps \u00e0 autre, \u00e0 faire fi des questions de moralit\u00e9. La fin justifierait-elle les moyens\u00a0? Toujours est-il que l\u2019entame, comme la suite des \u00e9v\u00e9nements, se veut plus dynamique, car le lecteur \u00e9volue en des contr\u00e9es famili\u00e8res. Les pr\u00e9sentations \u00e9tant faites, l\u2019intrigue peut ainsi se permettre une immersion plus concr\u00e8te et nerveuse qu\u2019auparavant.<\/p>\n<p>Le Paris du XVIIe si\u00e8cle est toujours aussi bien reconstitu\u00e9 avec des descriptions pr\u00e9cises et percutantes. L\u2019auteur n\u2019h\u00e9site pas \u00e0 rendre ses tableaux vivants. Par exemple, en renseignant le lecteur sur quelques anecdotes relatives aux m\u0153urs ou au pass\u00e9 de certains quartiers. La pr\u00e9sence de personnages historiques et librement inspir\u00e9s des <strong>Trois mousquetaires<\/strong> aide \u00e9galement \u00e0 flouer les fronti\u00e8res du r\u00e9el et de l\u2019imaginaire. Non seulement l\u2019int\u00e9gration de faits av\u00e9r\u00e9s fonctionne sur le plan de la fiction, mais c\u00f4toie sans la moindre fausse note les \u00e9l\u00e9ments propres \u00e0 la fantasy. Tout comme le Paris des merveilles, la d\u00e9couverte de cette r\u00e9alit\u00e9 alternative se fait de mani\u00e8re progressive.<\/p>\n<p>De fait, <em>Pierre Pevel<\/em> r\u00e9ussit \u00e0 renouveler \u00e0 minima les bases pos\u00e9es par le pr\u00e9c\u00e9dent ouvrage, sans pour autant d\u00e9naturer le travail effectu\u00e9 en amont. L\u2019aspect fantasy prend davantage d\u2019importances. Cela passe par le r\u00f4le grandissant de la Griffe Noire et de ses membres, mais aussi par de nouvelles r\u00e9v\u00e9lations concernant le peuple des dragons et leur magie. Sur ce point, on devine ais\u00e9ment que L\u2019alchimiste des ombres s\u2019impose comme un \u00e9pisode interm\u00e9diaire. L\u2019\u00e9volution des genres est beaucoup plus sensible qu\u2019elle n\u2019y para\u00eet. Pour autant, les affaires d\u2019\u00e9tat et d\u2019espionnage restent au c\u0153ur de l\u2019intrigue avec un complot visant \u00e0 assassiner Louis\u00a0XIII.<\/p>\n<p>L\u00e0 encore, la progression s\u2019amuse de p\u00e9rip\u00e9ties, de jeux de faux-semblants et d\u2019affrontements soigneusement chor\u00e9graphi\u00e9s. \u00c0 ce titre, le vocabulaire employ\u00e9, aussi bien que les passes d\u2019armes font montre d\u2019une grande justesse dans la complexit\u00e9 des mouvements d\u00e9peints au fil de l\u2019\u00e9p\u00e9e (ou de la plume, c\u2019est selon). Les intrigues entre les diff\u00e9rentes parties sont l\u00e9gion et permettent de brouiller les cartes en ce qui concerne leurs motivations, ainsi que leur caract\u00e8re. Le nombre de personnages est toujours aussi dense, comme le r\u00e9cit, mais les traits sont suffisamment appuy\u00e9s pour une distinction imm\u00e9diate et sans risque de confusion.<\/p>\n<p>Au final, <strong>L\u2019alchimiste des ombres<\/strong> est une r\u00e9ussite totale, que l\u2019on peut m\u00eame consid\u00e9rer comme l\u00e9g\u00e8rement sup\u00e9rieur au pr\u00e9c\u00e9dent volume. Les aventures des Lames demeurent passionnantes et se parent de quelques d\u00e9tails \u00e0 m\u00eame d\u2019att\u00e9nuer leur prestige, mais pas leurs comp\u00e9tences. La dualit\u00e9 et la divergence qui d\u00e9coulent des intentions apportent une touche d\u2019impr\u00e9visibilit\u00e9, \u00e0 tout le moins d\u2019incertitude, \u00e0 l\u2019ensemble. Si la partie historique pr\u00e9domine la fantasy, cette derni\u00e8re s\u2019\u00e9toffe progressivement pour d\u00e9boucher sur un \u00e9pilogue qui appelle forc\u00e9ment \u00e0 la conclusion d\u2019un cycle. Un roman hybride qui ne manque pas de rythme et de ma\u00eetrise pour d\u00e9peindre toute la singularit\u00e9 de son univers.<\/p>\n<p><strong>Note\u00a0: 18,5\/20<\/strong><\/p>\n<p style=\"text-align: right;\">Par <strong>Dante<\/strong><\/p>\n","protected":false},"excerpt":{"rendered":"<p>Auteur\u00a0: Pierre Pevel Editeur\u00a0: Bragelonne Genre\u00a0: Fantasy R\u00e9sum\u00e9\u00a0: Paris, 1633. Les dragons menacent le royaume. Surgis de la nuit des temps, ils sont avides de &hellip; <\/p>\n","protected":false},"author":1,"featured_media":0,"comment_status":"open","ping_status":"open","sticky":false,"template":"","format":"standard","meta":[],"categories":[10],"tags":[],"yoast_head":"<!-- This site is optimized with the Yoast SEO plugin v19.6.1 - https:\/\/yoast.com\/wordpress\/plugins\/seo\/ -->\n<title>Les Lames du Cardinal T.02 - L&#039;Alchimiste des Ombres - Pierre Pevel - Lavisqteam.fr<\/title>\n<meta name=\"robots\" content=\"index, follow, max-snippet:-1, max-image-preview:large, max-video-preview:-1\" \/>\n<link rel=\"canonical\" href=\"https:\/\/www.lavisqteam.fr\/?p=36145\" \/>\n<meta property=\"og:locale\" content=\"fr_FR\" \/>\n<meta property=\"og:type\" content=\"article\" \/>\n<meta property=\"og:title\" content=\"Les Lames du Cardinal T.02 - L&#039;Alchimiste des Ombres - Pierre Pevel - Lavisqteam.fr\" \/>\n<meta property=\"og:description\" content=\"Auteur\u00a0: Pierre Pevel Editeur\u00a0: Bragelonne Genre\u00a0: Fantasy R\u00e9sum\u00e9\u00a0: Paris, 1633. Les dragons menacent le royaume. Surgis de la nuit des temps, ils sont avides de &hellip;\" \/>\n<meta property=\"og:url\" content=\"https:\/\/www.lavisqteam.fr\/?p=36145\" \/>\n<meta property=\"og:site_name\" content=\"Lavisqteam.fr\" \/>\n<meta property=\"article:published_time\" content=\"2018-06-03T13:38:59+00:00\" \/>\n<meta property=\"og:image\" content=\"http:\/\/www.lavisqteam.fr\/wp-content\/uploads\/2018\/06\/A44863-621x1024.jpg\" \/>\n<meta name=\"author\" content=\"AqME\" \/>\n<meta name=\"twitter:card\" content=\"summary_large_image\" \/>\n<meta name=\"twitter:label1\" content=\"\u00c9crit par\" \/>\n\t<meta name=\"twitter:data1\" content=\"AqME\" \/>\n\t<meta name=\"twitter:label2\" content=\"Dur\u00e9e de lecture estim\u00e9e\" \/>\n\t<meta name=\"twitter:data2\" content=\"5 minutes\" \/>\n<script type=\"application\/ld+json\" class=\"yoast-schema-graph\">{\"@context\":\"https:\/\/schema.org\",\"@graph\":[{\"@type\":\"Article\",\"@id\":\"https:\/\/www.lavisqteam.fr\/?p=36145#article\",\"isPartOf\":{\"@id\":\"https:\/\/www.lavisqteam.fr\/?p=36145\"},\"author\":{\"name\":\"AqME\",\"@id\":\"https:\/\/www.lavisqteam.fr\/#\/schema\/person\/da11d7c30bf135b288b17cc576708c2d\"},\"headline\":\"Les Lames du Cardinal T.02 &#8211; L&rsquo;Alchimiste des Ombres &#8211; Pierre Pevel\",\"datePublished\":\"2018-06-03T13:38:59+00:00\",\"dateModified\":\"2018-06-03T13:38:59+00:00\",\"mainEntityOfPage\":{\"@id\":\"https:\/\/www.lavisqteam.fr\/?p=36145\"},\"wordCount\":919,\"commentCount\":0,\"publisher\":{\"@id\":\"https:\/\/www.lavisqteam.fr\/#organization\"},\"articleSection\":[\"Roman\"],\"inLanguage\":\"fr-FR\",\"potentialAction\":[{\"@type\":\"CommentAction\",\"name\":\"Comment\",\"target\":[\"https:\/\/www.lavisqteam.fr\/?p=36145#respond\"]}]},{\"@type\":\"WebPage\",\"@id\":\"https:\/\/www.lavisqteam.fr\/?p=36145\",\"url\":\"https:\/\/www.lavisqteam.fr\/?p=36145\",\"name\":\"Les Lames du Cardinal T.02 - L'Alchimiste des Ombres - Pierre Pevel - Lavisqteam.fr\",\"isPartOf\":{\"@id\":\"https:\/\/www.lavisqteam.fr\/#website\"},\"datePublished\":\"2018-06-03T13:38:59+00:00\",\"dateModified\":\"2018-06-03T13:38:59+00:00\",\"breadcrumb\":{\"@id\":\"https:\/\/www.lavisqteam.fr\/?p=36145#breadcrumb\"},\"inLanguage\":\"fr-FR\",\"potentialAction\":[{\"@type\":\"ReadAction\",\"target\":[\"https:\/\/www.lavisqteam.fr\/?p=36145\"]}]},{\"@type\":\"BreadcrumbList\",\"@id\":\"https:\/\/www.lavisqteam.fr\/?p=36145#breadcrumb\",\"itemListElement\":[{\"@type\":\"ListItem\",\"position\":1,\"name\":\"Accueil\",\"item\":\"https:\/\/www.lavisqteam.fr\/\"},{\"@type\":\"ListItem\",\"position\":2,\"name\":\"Les Lames du Cardinal T.02 &#8211; L&rsquo;Alchimiste des Ombres &#8211; Pierre Pevel\"}]},{\"@type\":\"WebSite\",\"@id\":\"https:\/\/www.lavisqteam.fr\/#website\",\"url\":\"https:\/\/www.lavisqteam.fr\/\",\"name\":\"Lavisqteam.fr\",\"description\":\"\",\"publisher\":{\"@id\":\"https:\/\/www.lavisqteam.fr\/#organization\"},\"potentialAction\":[{\"@type\":\"SearchAction\",\"target\":{\"@type\":\"EntryPoint\",\"urlTemplate\":\"https:\/\/www.lavisqteam.fr\/?s={search_term_string}\"},\"query-input\":\"required name=search_term_string\"}],\"inLanguage\":\"fr-FR\"},{\"@type\":\"Organization\",\"@id\":\"https:\/\/www.lavisqteam.fr\/#organization\",\"name\":\"Lavisqteam.fr\",\"url\":\"https:\/\/www.lavisqteam.fr\/\",\"sameAs\":[],\"logo\":{\"@type\":\"ImageObject\",\"inLanguage\":\"fr-FR\",\"@id\":\"https:\/\/www.lavisqteam.fr\/#\/schema\/logo\/image\/\",\"url\":\"https:\/\/www.lavisqteam.fr\/wp-content\/uploads\/2020\/08\/cropped-80879545_3479261675449035_4078032831501041664_o-4.jpg\",\"contentUrl\":\"https:\/\/www.lavisqteam.fr\/wp-content\/uploads\/2020\/08\/cropped-80879545_3479261675449035_4078032831501041664_o-4.jpg\",\"width\":1674,\"height\":536,\"caption\":\"Lavisqteam.fr\"},\"image\":{\"@id\":\"https:\/\/www.lavisqteam.fr\/#\/schema\/logo\/image\/\"}},{\"@type\":\"Person\",\"@id\":\"https:\/\/www.lavisqteam.fr\/#\/schema\/person\/da11d7c30bf135b288b17cc576708c2d\",\"name\":\"AqME\",\"image\":{\"@type\":\"ImageObject\",\"inLanguage\":\"fr-FR\",\"@id\":\"https:\/\/www.lavisqteam.fr\/#\/schema\/person\/image\/\",\"url\":\"https:\/\/secure.gravatar.com\/avatar\/4a87d013fc854acd0f25858a13573675?s=96&d=mm&r=g\",\"contentUrl\":\"https:\/\/secure.gravatar.com\/avatar\/4a87d013fc854acd0f25858a13573675?s=96&d=mm&r=g\",\"caption\":\"AqME\"},\"description\":\"Amateur d'horreur, M\u00e9talleux dans l'\u00e2me, je succombe facilement \u00e0 des images de chatons.\",\"url\":\"https:\/\/www.lavisqteam.fr\/?author=1\"}]}<\/script>\n<!-- \/ Yoast SEO plugin. -->","yoast_head_json":{"title":"Les Lames du Cardinal T.02 - L'Alchimiste des Ombres - Pierre Pevel - Lavisqteam.fr","robots":{"index":"index","follow":"follow","max-snippet":"max-snippet:-1","max-image-preview":"max-image-preview:large","max-video-preview":"max-video-preview:-1"},"canonical":"https:\/\/www.lavisqteam.fr\/?p=36145","og_locale":"fr_FR","og_type":"article","og_title":"Les Lames du Cardinal T.02 - L'Alchimiste des Ombres - Pierre Pevel - Lavisqteam.fr","og_description":"Auteur\u00a0: Pierre Pevel Editeur\u00a0: Bragelonne Genre\u00a0: Fantasy R\u00e9sum\u00e9\u00a0: Paris, 1633. Les dragons menacent le royaume. Surgis de la nuit des temps, ils sont avides de &hellip;","og_url":"https:\/\/www.lavisqteam.fr\/?p=36145","og_site_name":"Lavisqteam.fr","article_published_time":"2018-06-03T13:38:59+00:00","og_image":[{"url":"http:\/\/www.lavisqteam.fr\/wp-content\/uploads\/2018\/06\/A44863-621x1024.jpg"}],"author":"AqME","twitter_card":"summary_large_image","twitter_misc":{"\u00c9crit par":"AqME","Dur\u00e9e de lecture estim\u00e9e":"5 minutes"},"schema":{"@context":"https:\/\/schema.org","@graph":[{"@type":"Article","@id":"https:\/\/www.lavisqteam.fr\/?p=36145#article","isPartOf":{"@id":"https:\/\/www.lavisqteam.fr\/?p=36145"},"author":{"name":"AqME","@id":"https:\/\/www.lavisqteam.fr\/#\/schema\/person\/da11d7c30bf135b288b17cc576708c2d"},"headline":"Les Lames du Cardinal T.02 &#8211; L&rsquo;Alchimiste des Ombres &#8211; Pierre Pevel","datePublished":"2018-06-03T13:38:59+00:00","dateModified":"2018-06-03T13:38:59+00:00","mainEntityOfPage":{"@id":"https:\/\/www.lavisqteam.fr\/?p=36145"},"wordCount":919,"commentCount":0,"publisher":{"@id":"https:\/\/www.lavisqteam.fr\/#organization"},"articleSection":["Roman"],"inLanguage":"fr-FR","potentialAction":[{"@type":"CommentAction","name":"Comment","target":["https:\/\/www.lavisqteam.fr\/?p=36145#respond"]}]},{"@type":"WebPage","@id":"https:\/\/www.lavisqteam.fr\/?p=36145","url":"https:\/\/www.lavisqteam.fr\/?p=36145","name":"Les Lames du Cardinal T.02 - L'Alchimiste des Ombres - Pierre Pevel - Lavisqteam.fr","isPartOf":{"@id":"https:\/\/www.lavisqteam.fr\/#website"},"datePublished":"2018-06-03T13:38:59+00:00","dateModified":"2018-06-03T13:38:59+00:00","breadcrumb":{"@id":"https:\/\/www.lavisqteam.fr\/?p=36145#breadcrumb"},"inLanguage":"fr-FR","potentialAction":[{"@type":"ReadAction","target":["https:\/\/www.lavisqteam.fr\/?p=36145"]}]},{"@type":"BreadcrumbList","@id":"https:\/\/www.lavisqteam.fr\/?p=36145#breadcrumb","itemListElement":[{"@type":"ListItem","position":1,"name":"Accueil","item":"https:\/\/www.lavisqteam.fr\/"},{"@type":"ListItem","position":2,"name":"Les Lames du Cardinal T.02 &#8211; L&rsquo;Alchimiste des Ombres &#8211; Pierre Pevel"}]},{"@type":"WebSite","@id":"https:\/\/www.lavisqteam.fr\/#website","url":"https:\/\/www.lavisqteam.fr\/","name":"Lavisqteam.fr","description":"","publisher":{"@id":"https:\/\/www.lavisqteam.fr\/#organization"},"potentialAction":[{"@type":"SearchAction","target":{"@type":"EntryPoint","urlTemplate":"https:\/\/www.lavisqteam.fr\/?s={search_term_string}"},"query-input":"required name=search_term_string"}],"inLanguage":"fr-FR"},{"@type":"Organization","@id":"https:\/\/www.lavisqteam.fr\/#organization","name":"Lavisqteam.fr","url":"https:\/\/www.lavisqteam.fr\/","sameAs":[],"logo":{"@type":"ImageObject","inLanguage":"fr-FR","@id":"https:\/\/www.lavisqteam.fr\/#\/schema\/logo\/image\/","url":"https:\/\/www.lavisqteam.fr\/wp-content\/uploads\/2020\/08\/cropped-80879545_3479261675449035_4078032831501041664_o-4.jpg","contentUrl":"https:\/\/www.lavisqteam.fr\/wp-content\/uploads\/2020\/08\/cropped-80879545_3479261675449035_4078032831501041664_o-4.jpg","width":1674,"height":536,"caption":"Lavisqteam.fr"},"image":{"@id":"https:\/\/www.lavisqteam.fr\/#\/schema\/logo\/image\/"}},{"@type":"Person","@id":"https:\/\/www.lavisqteam.fr\/#\/schema\/person\/da11d7c30bf135b288b17cc576708c2d","name":"AqME","image":{"@type":"ImageObject","inLanguage":"fr-FR","@id":"https:\/\/www.lavisqteam.fr\/#\/schema\/person\/image\/","url":"https:\/\/secure.gravatar.com\/avatar\/4a87d013fc854acd0f25858a13573675?s=96&d=mm&r=g","contentUrl":"https:\/\/secure.gravatar.com\/avatar\/4a87d013fc854acd0f25858a13573675?s=96&d=mm&r=g","caption":"AqME"},"description":"Amateur d'horreur, M\u00e9talleux dans l'\u00e2me, je succombe facilement \u00e0 des images de chatons.","url":"https:\/\/www.lavisqteam.fr\/?author=1"}]}},"jetpack_featured_media_url":"","_links":{"self":[{"href":"https:\/\/www.lavisqteam.fr\/index.php?rest_route=\/wp\/v2\/posts\/36145"}],"collection":[{"href":"https:\/\/www.lavisqteam.fr\/index.php?rest_route=\/wp\/v2\/posts"}],"about":[{"href":"https:\/\/www.lavisqteam.fr\/index.php?rest_route=\/wp\/v2\/types\/post"}],"author":[{"embeddable":true,"href":"https:\/\/www.lavisqteam.fr\/index.php?rest_route=\/wp\/v2\/users\/1"}],"replies":[{"embeddable":true,"href":"https:\/\/www.lavisqteam.fr\/index.php?rest_route=%2Fwp%2Fv2%2Fcomments&post=36145"}],"version-history":[{"count":1,"href":"https:\/\/www.lavisqteam.fr\/index.php?rest_route=\/wp\/v2\/posts\/36145\/revisions"}],"predecessor-version":[{"id":36147,"href":"https:\/\/www.lavisqteam.fr\/index.php?rest_route=\/wp\/v2\/posts\/36145\/revisions\/36147"}],"wp:attachment":[{"href":"https:\/\/www.lavisqteam.fr\/index.php?rest_route=%2Fwp%2Fv2%2Fmedia&parent=36145"}],"wp:term":[{"taxonomy":"category","embeddable":true,"href":"https:\/\/www.lavisqteam.fr\/index.php?rest_route=%2Fwp%2Fv2%2Fcategories&post=36145"},{"taxonomy":"post_tag","embeddable":true,"href":"https:\/\/www.lavisqteam.fr\/index.php?rest_route=%2Fwp%2Fv2%2Ftags&post=36145"}],"curies":[{"name":"wp","href":"https:\/\/api.w.org\/{rel}","templated":true}]}}