{"id":35963,"date":"2018-05-21T17:30:29","date_gmt":"2018-05-21T17:30:29","guid":{"rendered":"http:\/\/www.lavisqteam.fr\/?p=35963"},"modified":"2018-05-21T17:30:29","modified_gmt":"2018-05-21T17:30:29","slug":"la-fete-des-meres-mention-passable","status":"publish","type":"post","link":"https:\/\/www.lavisqteam.fr\/?p=35963","title":{"rendered":"La F\u00eate des M\u00e8res &#8211; Mention Passable"},"content":{"rendered":"<p style=\"text-align: center;\"><a href=\"https:\/\/www.lavisqteam.fr\/wp-content\/uploads\/2018\/05\/32804563_2116449788368419_652483434379214848_n.jpg\"><img loading=\"lazy\" class=\"alignnone  wp-image-35964\" src=\"https:\/\/www.lavisqteam.fr\/wp-content\/uploads\/2018\/05\/32804563_2116449788368419_652483434379214848_n.jpg\" alt=\"\" width=\"600\" height=\"816\" srcset=\"https:\/\/www.lavisqteam.fr\/wp-content\/uploads\/2018\/05\/32804563_2116449788368419_652483434379214848_n.jpg 706w, https:\/\/www.lavisqteam.fr\/wp-content\/uploads\/2018\/05\/32804563_2116449788368419_652483434379214848_n-221x300.jpg 221w\" sizes=\"(max-width: 600px) 100vw, 600px\" \/><\/a><\/p>\n<p><strong>De\u00a0: <\/strong>Marie-Castille Mention-Schaar<\/p>\n<p><strong>Avec <\/strong>Audrey Fleurot, Clotilde Courau, Olivia C\u00f4te, Pascale Arbillot<\/p>\n<p><strong>Ann\u00e9e\u00a0: <\/strong>2018<\/p>\n<p><strong>Pays\u00a0: <\/strong>France<\/p>\n<p><strong>Genre\u00a0: <\/strong>Com\u00e9die, Drame<\/p>\n<p><strong>R\u00e9sum\u00e9\u00a0:<\/strong><\/p>\n<p>Elles sont Pr\u00e9sidente de la R\u00e9publique, nounou, boulang\u00e8re, com\u00e9dienne, prof, fleuriste, journaliste, sans emploi, p\u00e9diatre. Elles sont possessives, bienveillantes, maladroites, absentes, omnipr\u00e9sentes, d\u00e9bord\u00e9es, culpabilisantes, indulgentes, aimantes, fragiles, en pleine possession de leurs moyens ou perdant la t\u00eate. Bien vivantes ou d\u00e9j\u00e0 un souvenir &#8230; Fils ou fille, nous restons quoiqu&rsquo;il arrive leur enfant avec l&rsquo;envie qu&rsquo;elles nous l\u00e2chent et la peur qu&rsquo;elles nous quittent. Et puis nous devenons maman &#8230; et \u00e7a va \u00eatre notre f\u00eate !<\/p>\n<p><strong>Avis\u00a0:<\/strong><\/p>\n<p><em>Marie-Castille Mention-Schaar<\/em> est une r\u00e9alisatrice dont j&rsquo;aime beaucoup le cin\u00e9ma m\u00eame si celui-ci se trouve \u00eatre assez in\u00e9gal. Si ces deux premiers films (\u00ab\u00a0<strong>Ma premi\u00e8re fois<\/strong>\u00a0\u00bb et \u00ab\u00a0<strong>Bowling<\/strong>\u00ab\u00a0), de r\u00e9putation, de ne volent pas tr\u00e8s haut, elle a su me transporter et beaucoup me toucher avec des films comme \u00ab\u00a0<strong>Les h\u00e9ritiers<\/strong>\u00a0\u00bb et \u00ab\u00a0<strong>Le ciel attendra<\/strong>\u00ab\u00a0. Sorti en 2016, le film reste toujours son meilleur, et deux ans plus tard, je vous le conseille toujours aussi chaudement.<\/p>\n<p style=\"text-align: center;\"><a href=\"https:\/\/www.lavisqteam.fr\/wp-content\/uploads\/2018\/05\/32595212_2116449771701754_8761760342133964800_n.jpg\"><img loading=\"lazy\" class=\"alignnone size-large wp-image-35966\" src=\"https:\/\/www.lavisqteam.fr\/wp-content\/uploads\/2018\/05\/32595212_2116449771701754_8761760342133964800_n-1024x692.jpg\" alt=\"\" width=\"600\" height=\"405\" srcset=\"https:\/\/www.lavisqteam.fr\/wp-content\/uploads\/2018\/05\/32595212_2116449771701754_8761760342133964800_n-1024x692.jpg 1024w, https:\/\/www.lavisqteam.fr\/wp-content\/uploads\/2018\/05\/32595212_2116449771701754_8761760342133964800_n-300x203.jpg 300w, https:\/\/www.lavisqteam.fr\/wp-content\/uploads\/2018\/05\/32595212_2116449771701754_8761760342133964800_n-768x519.jpg 768w, https:\/\/www.lavisqteam.fr\/wp-content\/uploads\/2018\/05\/32595212_2116449771701754_8761760342133964800_n.jpg 1597w\" sizes=\"(max-width: 600px) 100vw, 600px\" \/><\/a><\/p>\n<p>Apr\u00e8s avoir os\u00e9 faire et surtout r\u00e9ussir un film qui parlait de l&#8217;embrigadement de jeunes dans des r\u00e9seaux djihadistes avec \u00ab\u00a0<strong>Le ciel attendra<\/strong>\u00ab\u00a0, <em>Marie-Castille Mention-Schaar<\/em> est de retour cette ann\u00e9e avec quelque chose de plus l\u00e9ger. Comme son titre l&rsquo;indique clairement, via un film choral, <em>Marie-Castille Mention-Schaar<\/em> a d\u00e9cid\u00e9 de c\u00e9l\u00e9brer la maternit\u00e9 \u00e0 l&rsquo;\u00e9cran avec \u00ab\u00a0<strong>La f\u00eate des m\u00e8res<\/strong>\u00ab\u00a0. Aur\u00e9ol\u00e9 d&rsquo;un casting de luxe et surtout tenu par le talent de la r\u00e9alisatrice qui a su offrir coup sur coup deux excellents films, je suis parti c\u00e9l\u00e9brer cette \u00ab\u00a0&#8230; <strong>f\u00eate des m\u00e8res<\/strong>\u00a0\u00bb presque les yeux ferm\u00e9s, tant la confiance en la r\u00e9alisatrice \u00e9tait-l\u00e0. Mais finalement, malgr\u00e9 de tr\u00e8s belles id\u00e9es dans les th\u00e8mes abord\u00e9s, <em>Marie-Castille Mention-Schaar<\/em> n&rsquo;arrive pas \u00e0 convaincre avec ce film brouillon, confus, dot\u00e9 de bien trop de personnages, ce qui fait qu&rsquo;on s&rsquo;y perd et c&rsquo;est vraiment dommage.<\/p>\n<p>J&rsquo;\u00e9tais assez impatient de voir ce nouveau film sign\u00e9 <em>Marie-Castille Mention-Schaar<\/em> , parce que j&rsquo;\u00e9tais curieux de voir ce que la r\u00e9alisatrice du \u00ab\u00a0&#8230; <strong>ciel attendra<\/strong>\u00a0\u00bb allait pouvoir c\u00e9l\u00e9brer toutes les mamans. De plus, le film jouit d&rsquo;un casting royal o\u00f9 se c\u00f4toient des noms comme<em> Olivia C\u00f4te, Carmen Maura, Audrey Fleurot, Clotide Coureau, No\u00e9mie Merlant, <\/em>ou encore <em>Pascal Demolon<\/em> ou encore \u00ab\u00a0pour la premi\u00e8re fois \u00e0 l&rsquo;\u00e9cran\u00a0\u00bb, <em>Vincent Dedienne<\/em>. Mais malgr\u00e9 d&rsquo;excellentes id\u00e9es et d&rsquo;excellentes sc\u00e8nes prises \u00e0 part, cette \u00ab\u00a0&#8230; <strong>f\u00eate des m\u00e8res<\/strong>\u00a0\u00bb est une belle d\u00e9ception dont on ne retiendra finalement pas grand-chose.<\/p>\n<p>Pour ce qui est de bon dans le film, (oui mon c\u00f4t\u00e9 optimiste a tendance \u00e0 prendre le dessus) j&rsquo;ai envie de retenir des r\u00e9flexions sur diff\u00e9rents sujets. Le film offre une tr\u00e8s belle relation entre <em>Nicole Garcia<\/em> et <em>Vincent Dedienne<\/em> qui joue un fils trop \u00e9touffant, qui a tendance \u00e0 surprot\u00e9ger sa m\u00e8re, qu&rsquo;il a failli prendre. Le film abordera aussi un sujet assez int\u00e9ressant avec le personnage de <em>Marie-Christine Barrault<\/em> et plus largement tout ce qui a \u00e9t\u00e9 fait avec cette famille en particulier. Avec ces personnages, la r\u00e9alisatrice parlera d&rsquo;un c\u00f4t\u00e9 d&rsquo;une m\u00e8re qui a \u00e9t\u00e9 totalement absente et qui \u00e0 la fin de sa vie doit se reposer sur ses enfants et comment ces derniers r\u00e9agissent face \u00e0 cela. Un bon sujet dont le film parle tr\u00e8s bien. On appr\u00e9ciera aussi tout ce qui est fait avec ces enfants et notamment le personnage incarn\u00e9 avec d\u00e9lice par <em>Olivia C\u00f4te<\/em> qui ne veut pas d&rsquo;enfant. On retiendra aussi la petite sc\u00e8ne de <em>Judith Siboni<\/em> en m\u00e8re au bord du gouffre ou encore le regard bienveillant de <em>Carmen Maura<\/em>.<\/p>\n<p>Mais voil\u00e0, tous ces bons \u00e9l\u00e9ments auraient m\u00e9rit\u00e9 que le film ne s&rsquo;arr\u00eate que sur eux, car ici, voulant c\u00e9l\u00e9brer toutes les m\u00e8res, <em>Marie-Castille Mention-Schaar<\/em> met bien trop de personnages et de sujets et finalement, elle finit par \u00e9touffer son film et entre ceux qui fonctionnent, ceux qui ne fonctionnent pas du tout (<em>Audrey Fleurot<\/em> en pr\u00e9sidente de la R\u00e9publique, il y avait tant \u00e0 faire, mais malheureusement, on n&rsquo;y croit pas une seconde, malgr\u00e9 le fait que l&rsquo;actrice soit excellente.) et ceux dont on se fiche finalement, cette \u00ab\u00a0&#8230; <strong>f\u00eate des m\u00e8res<\/strong>\u00a0\u00bb se regarde de loin, et d\u00e9\u00e7oit de bout en bout, au point de se dire que malgr\u00e9 toutes les bonnes id\u00e9es, c&rsquo;est rat\u00e9.<\/p>\n<p style=\"text-align: center;\"><a href=\"https:\/\/www.lavisqteam.fr\/wp-content\/uploads\/2018\/05\/32674521_2116449758368422_1559911256956076032_n.jpg\"><img loading=\"lazy\" class=\"alignnone size-large wp-image-35965\" src=\"https:\/\/www.lavisqteam.fr\/wp-content\/uploads\/2018\/05\/32674521_2116449758368422_1559911256956076032_n-1024x683.jpg\" alt=\"\" width=\"600\" height=\"400\" srcset=\"https:\/\/www.lavisqteam.fr\/wp-content\/uploads\/2018\/05\/32674521_2116449758368422_1559911256956076032_n-1024x683.jpg 1024w, https:\/\/www.lavisqteam.fr\/wp-content\/uploads\/2018\/05\/32674521_2116449758368422_1559911256956076032_n-300x200.jpg 300w, https:\/\/www.lavisqteam.fr\/wp-content\/uploads\/2018\/05\/32674521_2116449758368422_1559911256956076032_n-768x512.jpg 768w, https:\/\/www.lavisqteam.fr\/wp-content\/uploads\/2018\/05\/32674521_2116449758368422_1559911256956076032_n.jpg 1600w\" sizes=\"(max-width: 600px) 100vw, 600px\" \/><\/a><\/p>\n<p>On ajoutera \u00e0 cela que le film, hormis deux ou trois sc\u00e8nes, d\u00e9\u00e7oit de par l&rsquo;absence de mise en sc\u00e8ne et je ne parlerai pas du montage, dans lequel on se perd, tant sa r\u00e9alisatrice a voulu se faire croiser toutes ces femmes, allant m\u00eame jusqu&rsquo;\u00e0 nous pr\u00e9senter des personnages dont on ne saura rien et l&rsquo;on se demandera \u00e0 quoi ils servent (la prostitu\u00e9e asiatique, le pilote de chasse&#8230;).<\/p>\n<p>Bref, \u00ab\u00a0<strong>La f\u00eate des m\u00e8res<\/strong>\u00a0\u00bb est une belle d\u00e9ception. Il y a bien de bonnes id\u00e9es et dans un sens, le film se laisse regarder, mais finalement, cette c\u00e9l\u00e9bration loupe le coche et \u00e0 force de se vouloir riche, elle finit par nous perdre et c&rsquo;est vraiment dommage.<\/p>\n<p><strong>Note\u00a0: 09\/20<\/strong><\/p>\n<p style=\"text-align: center;\">[youtube]https:\/\/www.youtube.com\/watch?v=lACvX5EMlAU[\/youtube]<\/p>\n<p style=\"text-align: right;\">Par <strong>Cin\u00e9ted<\/strong><\/p>\n","protected":false},"excerpt":{"rendered":"<p>De\u00a0: Marie-Castille Mention-Schaar Avec Audrey Fleurot, Clotilde Courau, Olivia C\u00f4te, Pascale Arbillot Ann\u00e9e\u00a0: 2018 Pays\u00a0: France Genre\u00a0: Com\u00e9die, Drame R\u00e9sum\u00e9\u00a0: Elles sont Pr\u00e9sidente de la &hellip; <\/p>\n","protected":false},"author":1,"featured_media":35965,"comment_status":"open","ping_status":"open","sticky":false,"template":"","format":"standard","meta":[],"categories":[7],"tags":[],"yoast_head":"<!-- This site is optimized with the Yoast SEO plugin v19.6.1 - https:\/\/yoast.com\/wordpress\/plugins\/seo\/ -->\n<title>La F\u00eate des M\u00e8res - Mention Passable - Lavisqteam.fr<\/title>\n<meta name=\"robots\" content=\"index, follow, max-snippet:-1, max-image-preview:large, max-video-preview:-1\" \/>\n<link rel=\"canonical\" href=\"https:\/\/www.lavisqteam.fr\/?p=35963\" \/>\n<meta property=\"og:locale\" content=\"fr_FR\" \/>\n<meta property=\"og:type\" content=\"article\" \/>\n<meta property=\"og:title\" content=\"La F\u00eate des M\u00e8res - Mention Passable - Lavisqteam.fr\" \/>\n<meta property=\"og:description\" content=\"De\u00a0: Marie-Castille Mention-Schaar Avec Audrey Fleurot, Clotilde Courau, Olivia C\u00f4te, Pascale Arbillot Ann\u00e9e\u00a0: 2018 Pays\u00a0: France Genre\u00a0: Com\u00e9die, Drame R\u00e9sum\u00e9\u00a0: Elles sont Pr\u00e9sidente de la &hellip;\" \/>\n<meta property=\"og:url\" content=\"https:\/\/www.lavisqteam.fr\/?p=35963\" \/>\n<meta property=\"og:site_name\" content=\"Lavisqteam.fr\" \/>\n<meta property=\"article:published_time\" content=\"2018-05-21T17:30:29+00:00\" \/>\n<meta property=\"og:image\" content=\"https:\/\/www.lavisqteam.fr\/wp-content\/uploads\/2018\/05\/32674521_2116449758368422_1559911256956076032_n.jpg\" \/>\n\t<meta property=\"og:image:width\" content=\"1600\" \/>\n\t<meta property=\"og:image:height\" content=\"1067\" \/>\n\t<meta property=\"og:image:type\" content=\"image\/jpeg\" \/>\n<meta name=\"author\" content=\"AqME\" \/>\n<meta name=\"twitter:card\" content=\"summary_large_image\" \/>\n<meta name=\"twitter:label1\" content=\"\u00c9crit par\" \/>\n\t<meta name=\"twitter:data1\" content=\"AqME\" \/>\n\t<meta name=\"twitter:label2\" content=\"Dur\u00e9e de lecture estim\u00e9e\" \/>\n\t<meta name=\"twitter:data2\" content=\"5 minutes\" \/>\n<script type=\"application\/ld+json\" class=\"yoast-schema-graph\">{\"@context\":\"https:\/\/schema.org\",\"@graph\":[{\"@type\":\"Article\",\"@id\":\"https:\/\/www.lavisqteam.fr\/?p=35963#article\",\"isPartOf\":{\"@id\":\"https:\/\/www.lavisqteam.fr\/?p=35963\"},\"author\":{\"name\":\"AqME\",\"@id\":\"https:\/\/www.lavisqteam.fr\/#\/schema\/person\/da11d7c30bf135b288b17cc576708c2d\"},\"headline\":\"La F\u00eate des M\u00e8res &#8211; Mention Passable\",\"datePublished\":\"2018-05-21T17:30:29+00:00\",\"dateModified\":\"2018-05-21T17:30:29+00:00\",\"mainEntityOfPage\":{\"@id\":\"https:\/\/www.lavisqteam.fr\/?p=35963\"},\"wordCount\":932,\"commentCount\":0,\"publisher\":{\"@id\":\"https:\/\/www.lavisqteam.fr\/#organization\"},\"articleSection\":[\"Cin\u00e9ma\"],\"inLanguage\":\"fr-FR\",\"potentialAction\":[{\"@type\":\"CommentAction\",\"name\":\"Comment\",\"target\":[\"https:\/\/www.lavisqteam.fr\/?p=35963#respond\"]}]},{\"@type\":\"WebPage\",\"@id\":\"https:\/\/www.lavisqteam.fr\/?p=35963\",\"url\":\"https:\/\/www.lavisqteam.fr\/?p=35963\",\"name\":\"La F\u00eate des M\u00e8res - Mention Passable - Lavisqteam.fr\",\"isPartOf\":{\"@id\":\"https:\/\/www.lavisqteam.fr\/#website\"},\"datePublished\":\"2018-05-21T17:30:29+00:00\",\"dateModified\":\"2018-05-21T17:30:29+00:00\",\"breadcrumb\":{\"@id\":\"https:\/\/www.lavisqteam.fr\/?p=35963#breadcrumb\"},\"inLanguage\":\"fr-FR\",\"potentialAction\":[{\"@type\":\"ReadAction\",\"target\":[\"https:\/\/www.lavisqteam.fr\/?p=35963\"]}]},{\"@type\":\"BreadcrumbList\",\"@id\":\"https:\/\/www.lavisqteam.fr\/?p=35963#breadcrumb\",\"itemListElement\":[{\"@type\":\"ListItem\",\"position\":1,\"name\":\"Accueil\",\"item\":\"https:\/\/www.lavisqteam.fr\/\"},{\"@type\":\"ListItem\",\"position\":2,\"name\":\"La F\u00eate des M\u00e8res &#8211; Mention Passable\"}]},{\"@type\":\"WebSite\",\"@id\":\"https:\/\/www.lavisqteam.fr\/#website\",\"url\":\"https:\/\/www.lavisqteam.fr\/\",\"name\":\"Lavisqteam.fr\",\"description\":\"\",\"publisher\":{\"@id\":\"https:\/\/www.lavisqteam.fr\/#organization\"},\"potentialAction\":[{\"@type\":\"SearchAction\",\"target\":{\"@type\":\"EntryPoint\",\"urlTemplate\":\"https:\/\/www.lavisqteam.fr\/?s={search_term_string}\"},\"query-input\":\"required name=search_term_string\"}],\"inLanguage\":\"fr-FR\"},{\"@type\":\"Organization\",\"@id\":\"https:\/\/www.lavisqteam.fr\/#organization\",\"name\":\"Lavisqteam.fr\",\"url\":\"https:\/\/www.lavisqteam.fr\/\",\"sameAs\":[],\"logo\":{\"@type\":\"ImageObject\",\"inLanguage\":\"fr-FR\",\"@id\":\"https:\/\/www.lavisqteam.fr\/#\/schema\/logo\/image\/\",\"url\":\"https:\/\/www.lavisqteam.fr\/wp-content\/uploads\/2020\/08\/cropped-80879545_3479261675449035_4078032831501041664_o-4.jpg\",\"contentUrl\":\"https:\/\/www.lavisqteam.fr\/wp-content\/uploads\/2020\/08\/cropped-80879545_3479261675449035_4078032831501041664_o-4.jpg\",\"width\":1674,\"height\":536,\"caption\":\"Lavisqteam.fr\"},\"image\":{\"@id\":\"https:\/\/www.lavisqteam.fr\/#\/schema\/logo\/image\/\"}},{\"@type\":\"Person\",\"@id\":\"https:\/\/www.lavisqteam.fr\/#\/schema\/person\/da11d7c30bf135b288b17cc576708c2d\",\"name\":\"AqME\",\"image\":{\"@type\":\"ImageObject\",\"inLanguage\":\"fr-FR\",\"@id\":\"https:\/\/www.lavisqteam.fr\/#\/schema\/person\/image\/\",\"url\":\"https:\/\/secure.gravatar.com\/avatar\/4a87d013fc854acd0f25858a13573675?s=96&d=mm&r=g\",\"contentUrl\":\"https:\/\/secure.gravatar.com\/avatar\/4a87d013fc854acd0f25858a13573675?s=96&d=mm&r=g\",\"caption\":\"AqME\"},\"description\":\"Amateur d'horreur, M\u00e9talleux dans l'\u00e2me, je succombe facilement \u00e0 des images de chatons.\",\"url\":\"https:\/\/www.lavisqteam.fr\/?author=1\"}]}<\/script>\n<!-- \/ Yoast SEO plugin. -->","yoast_head_json":{"title":"La F\u00eate des M\u00e8res - Mention Passable - Lavisqteam.fr","robots":{"index":"index","follow":"follow","max-snippet":"max-snippet:-1","max-image-preview":"max-image-preview:large","max-video-preview":"max-video-preview:-1"},"canonical":"https:\/\/www.lavisqteam.fr\/?p=35963","og_locale":"fr_FR","og_type":"article","og_title":"La F\u00eate des M\u00e8res - Mention Passable - Lavisqteam.fr","og_description":"De\u00a0: Marie-Castille Mention-Schaar Avec Audrey Fleurot, Clotilde Courau, Olivia C\u00f4te, Pascale Arbillot Ann\u00e9e\u00a0: 2018 Pays\u00a0: France Genre\u00a0: Com\u00e9die, Drame R\u00e9sum\u00e9\u00a0: Elles sont Pr\u00e9sidente de la &hellip;","og_url":"https:\/\/www.lavisqteam.fr\/?p=35963","og_site_name":"Lavisqteam.fr","article_published_time":"2018-05-21T17:30:29+00:00","og_image":[{"width":1600,"height":1067,"url":"https:\/\/www.lavisqteam.fr\/wp-content\/uploads\/2018\/05\/32674521_2116449758368422_1559911256956076032_n.jpg","type":"image\/jpeg"}],"author":"AqME","twitter_card":"summary_large_image","twitter_misc":{"\u00c9crit par":"AqME","Dur\u00e9e de lecture estim\u00e9e":"5 minutes"},"schema":{"@context":"https:\/\/schema.org","@graph":[{"@type":"Article","@id":"https:\/\/www.lavisqteam.fr\/?p=35963#article","isPartOf":{"@id":"https:\/\/www.lavisqteam.fr\/?p=35963"},"author":{"name":"AqME","@id":"https:\/\/www.lavisqteam.fr\/#\/schema\/person\/da11d7c30bf135b288b17cc576708c2d"},"headline":"La F\u00eate des M\u00e8res &#8211; Mention Passable","datePublished":"2018-05-21T17:30:29+00:00","dateModified":"2018-05-21T17:30:29+00:00","mainEntityOfPage":{"@id":"https:\/\/www.lavisqteam.fr\/?p=35963"},"wordCount":932,"commentCount":0,"publisher":{"@id":"https:\/\/www.lavisqteam.fr\/#organization"},"articleSection":["Cin\u00e9ma"],"inLanguage":"fr-FR","potentialAction":[{"@type":"CommentAction","name":"Comment","target":["https:\/\/www.lavisqteam.fr\/?p=35963#respond"]}]},{"@type":"WebPage","@id":"https:\/\/www.lavisqteam.fr\/?p=35963","url":"https:\/\/www.lavisqteam.fr\/?p=35963","name":"La F\u00eate des M\u00e8res - Mention Passable - Lavisqteam.fr","isPartOf":{"@id":"https:\/\/www.lavisqteam.fr\/#website"},"datePublished":"2018-05-21T17:30:29+00:00","dateModified":"2018-05-21T17:30:29+00:00","breadcrumb":{"@id":"https:\/\/www.lavisqteam.fr\/?p=35963#breadcrumb"},"inLanguage":"fr-FR","potentialAction":[{"@type":"ReadAction","target":["https:\/\/www.lavisqteam.fr\/?p=35963"]}]},{"@type":"BreadcrumbList","@id":"https:\/\/www.lavisqteam.fr\/?p=35963#breadcrumb","itemListElement":[{"@type":"ListItem","position":1,"name":"Accueil","item":"https:\/\/www.lavisqteam.fr\/"},{"@type":"ListItem","position":2,"name":"La F\u00eate des M\u00e8res &#8211; Mention Passable"}]},{"@type":"WebSite","@id":"https:\/\/www.lavisqteam.fr\/#website","url":"https:\/\/www.lavisqteam.fr\/","name":"Lavisqteam.fr","description":"","publisher":{"@id":"https:\/\/www.lavisqteam.fr\/#organization"},"potentialAction":[{"@type":"SearchAction","target":{"@type":"EntryPoint","urlTemplate":"https:\/\/www.lavisqteam.fr\/?s={search_term_string}"},"query-input":"required name=search_term_string"}],"inLanguage":"fr-FR"},{"@type":"Organization","@id":"https:\/\/www.lavisqteam.fr\/#organization","name":"Lavisqteam.fr","url":"https:\/\/www.lavisqteam.fr\/","sameAs":[],"logo":{"@type":"ImageObject","inLanguage":"fr-FR","@id":"https:\/\/www.lavisqteam.fr\/#\/schema\/logo\/image\/","url":"https:\/\/www.lavisqteam.fr\/wp-content\/uploads\/2020\/08\/cropped-80879545_3479261675449035_4078032831501041664_o-4.jpg","contentUrl":"https:\/\/www.lavisqteam.fr\/wp-content\/uploads\/2020\/08\/cropped-80879545_3479261675449035_4078032831501041664_o-4.jpg","width":1674,"height":536,"caption":"Lavisqteam.fr"},"image":{"@id":"https:\/\/www.lavisqteam.fr\/#\/schema\/logo\/image\/"}},{"@type":"Person","@id":"https:\/\/www.lavisqteam.fr\/#\/schema\/person\/da11d7c30bf135b288b17cc576708c2d","name":"AqME","image":{"@type":"ImageObject","inLanguage":"fr-FR","@id":"https:\/\/www.lavisqteam.fr\/#\/schema\/person\/image\/","url":"https:\/\/secure.gravatar.com\/avatar\/4a87d013fc854acd0f25858a13573675?s=96&d=mm&r=g","contentUrl":"https:\/\/secure.gravatar.com\/avatar\/4a87d013fc854acd0f25858a13573675?s=96&d=mm&r=g","caption":"AqME"},"description":"Amateur d'horreur, M\u00e9talleux dans l'\u00e2me, je succombe facilement \u00e0 des images de chatons.","url":"https:\/\/www.lavisqteam.fr\/?author=1"}]}},"jetpack_featured_media_url":"https:\/\/www.lavisqteam.fr\/wp-content\/uploads\/2018\/05\/32674521_2116449758368422_1559911256956076032_n.jpg","_links":{"self":[{"href":"https:\/\/www.lavisqteam.fr\/index.php?rest_route=\/wp\/v2\/posts\/35963"}],"collection":[{"href":"https:\/\/www.lavisqteam.fr\/index.php?rest_route=\/wp\/v2\/posts"}],"about":[{"href":"https:\/\/www.lavisqteam.fr\/index.php?rest_route=\/wp\/v2\/types\/post"}],"author":[{"embeddable":true,"href":"https:\/\/www.lavisqteam.fr\/index.php?rest_route=\/wp\/v2\/users\/1"}],"replies":[{"embeddable":true,"href":"https:\/\/www.lavisqteam.fr\/index.php?rest_route=%2Fwp%2Fv2%2Fcomments&post=35963"}],"version-history":[{"count":1,"href":"https:\/\/www.lavisqteam.fr\/index.php?rest_route=\/wp\/v2\/posts\/35963\/revisions"}],"predecessor-version":[{"id":35967,"href":"https:\/\/www.lavisqteam.fr\/index.php?rest_route=\/wp\/v2\/posts\/35963\/revisions\/35967"}],"wp:featuredmedia":[{"embeddable":true,"href":"https:\/\/www.lavisqteam.fr\/index.php?rest_route=\/wp\/v2\/media\/35965"}],"wp:attachment":[{"href":"https:\/\/www.lavisqteam.fr\/index.php?rest_route=%2Fwp%2Fv2%2Fmedia&parent=35963"}],"wp:term":[{"taxonomy":"category","embeddable":true,"href":"https:\/\/www.lavisqteam.fr\/index.php?rest_route=%2Fwp%2Fv2%2Fcategories&post=35963"},{"taxonomy":"post_tag","embeddable":true,"href":"https:\/\/www.lavisqteam.fr\/index.php?rest_route=%2Fwp%2Fv2%2Ftags&post=35963"}],"curies":[{"name":"wp","href":"https:\/\/api.w.org\/{rel}","templated":true}]}}