{"id":35597,"date":"2018-05-03T08:59:43","date_gmt":"2018-05-03T08:59:43","guid":{"rendered":"http:\/\/www.lavisqteam.fr\/?p=35597"},"modified":"2018-05-03T08:59:43","modified_gmt":"2018-05-03T08:59:43","slug":"la-guerre-des-mondes","status":"publish","type":"post","link":"https:\/\/www.lavisqteam.fr\/?p=35597","title":{"rendered":"La Guerre des Mondes"},"content":{"rendered":"<p style=\"text-align: center;\"><a href=\"https:\/\/www.lavisqteam.fr\/wp-content\/uploads\/2018\/05\/2105_couv.jpg\"><img loading=\"lazy\" class=\"alignnone size-large wp-image-35598\" src=\"https:\/\/www.lavisqteam.fr\/wp-content\/uploads\/2018\/05\/2105_couv-769x1024.jpg\" alt=\"\" width=\"600\" height=\"799\" srcset=\"https:\/\/www.lavisqteam.fr\/wp-content\/uploads\/2018\/05\/2105_couv-769x1024.jpg 769w, https:\/\/www.lavisqteam.fr\/wp-content\/uploads\/2018\/05\/2105_couv-225x300.jpg 225w, https:\/\/www.lavisqteam.fr\/wp-content\/uploads\/2018\/05\/2105_couv-768x1023.jpg 768w, https:\/\/www.lavisqteam.fr\/wp-content\/uploads\/2018\/05\/2105_couv.jpg 892w\" sizes=\"(max-width: 600px) 100vw, 600px\" \/><\/a><\/p>\n<p><strong>Auteurs\u00a0: <\/strong>Dobbs et Vicente Cifuentes<\/p>\n<p>&nbsp;<\/p>\n<p><strong>Editeur\u00a0: <\/strong>Gl\u00e9nat<\/p>\n<p>&nbsp;<\/p>\n<p><strong>Genre\u00a0: <\/strong>Science-Fiction<\/p>\n<p>&nbsp;<\/p>\n<p><strong>R\u00e9sum\u00e9\u00a0:<\/strong><\/p>\n<p><strong>\u00a0<\/strong><\/p>\n<p>Voil\u00e0 plusieurs jours que des projectiles pr\u00e9cis et r\u00e9guliers frappent la Terre depuis la Plan\u00e8te Rouge. Dans la petite bourgade d\u2019Ottershaw en Angleterre, le Professeur Ogilvy a du mal \u00e0 croire \u00e0 la th\u00e9orie d\u2019une attaque extraterrestre \u00e9mise par son jeune \u00e9l\u00e8ve. Pourtant, lorsqu\u2019un m\u00e9t\u00e9ore tombe non loin de chez lui, il d\u00e9couvre, nich\u00e9 en son crat\u00e8re, un cylindre g\u00e9ant qui ne peut qu\u2019\u00eatre l\u2019\u0153uvre d\u2019une civilisation sup\u00e9rieure. Et il apprend \u00e0 ses d\u00e9pens que cette derni\u00e8re n\u2019a pas v\u00e9ritablement d\u2019intentions pacifiques. De la capsule extra-terrestre \u00e9merge un \u00ab\u00a0tripode\u00a0\u00bb, une immense machine de mort qui sera rejointe par bien d\u2019autres, semant le chaos et la destruction. L\u2019extermination ne fait que commencer&#8230;<\/p>\n<p><strong>Avis\u00a0:<\/strong><\/p>\n<p>Lorsqu\u2019on \u00e9voque un auteur tel que <em>H.G. Wells<\/em>, il est toujours difficile de trouver un r\u00e9cit qui se distingue des autres. La majeure partie de ses histoires ont marqu\u00e9 la litt\u00e9rature et pos\u00e9 les bases de genres, comme la science-fiction. <strong>La machine \u00e0 explorer le temps<\/strong>, <strong>L\u2019\u00eele du docteur Moreau<\/strong>, <strong>L\u2019homme invisible<\/strong>\u2026 Des exp\u00e9riences scientifiques qui d\u00e9g\u00e9n\u00e8rent au voyage temporel, il s\u2019est aussi pench\u00e9 sur la vie extraterrestre et leur caract\u00e8re vell\u00e9itaire avec <strong>La guerre des mondes<\/strong>. R\u00e9cit remarquable en tout point s\u2019il en est qui revit sous la plume et le crayon de <em>Dobbs<\/em> et de <em>Cifuentes<\/em>. Avec sa nouvelle collection, Gl\u00e9nat poursuit sa r\u00e9trospective des incunables de l\u2019\u00e9crivain de fort belle mani\u00e8re.<\/p>\n<p style=\"text-align: center;\"><a href=\"https:\/\/www.lavisqteam.fr\/wp-content\/uploads\/2018\/05\/album-page-large-31715.jpg\"><img loading=\"lazy\" class=\"alignnone size-full wp-image-35600\" src=\"https:\/\/www.lavisqteam.fr\/wp-content\/uploads\/2018\/05\/album-page-large-31715.jpg\" alt=\"\" width=\"500\" height=\"663\" srcset=\"https:\/\/www.lavisqteam.fr\/wp-content\/uploads\/2018\/05\/album-page-large-31715.jpg 500w, https:\/\/www.lavisqteam.fr\/wp-content\/uploads\/2018\/05\/album-page-large-31715-226x300.jpg 226w\" sizes=\"(max-width: 500px) 100vw, 500px\" \/><\/a><\/p>\n<p>Les premi\u00e8res planches s\u2019essayent \u00e0 une int\u00e9ressante et n\u00e9anmoins furtive r\u00e9flexion sur la possibilit\u00e9 d\u2019une vie martienne, notamment sur sa nature. Mais l\u2019intrigue ne se montre gu\u00e8re g\u00e9n\u00e9reuse en palabre. Elle suit la trame principale du roman tout en respectant le contexte fin XIXe, d\u00e9but XXe. Pour le reste, le rythme se r\u00e9v\u00e8le pour le moins emport\u00e9. De l\u2019arriv\u00e9e des extraterrestres dans la campagne anglaise \u00e0 la destruction de Londres, \u00e0 aucun moment les personnages n\u2019ont le temps de souffler. \u00c0 la surprise succ\u00e8dent des affrontements qu\u2019on devine in\u00e9gaux dans des proportions d\u00e9mesur\u00e9es. D\u2019ailleurs, l\u2019analogie d\u2019une guerre entre humains et fourmis fait toujours son petit effet.<\/p>\n<p>En d\u00e9pit de traits de dessins assez doux pour renforcer l\u2019aspect semi-r\u00e9aliste, l\u2019ensemble se montre particuli\u00e8rement brutal. La violence des ex\u00e9cutions et des combats pr\u00e9c\u00e8de des passages bien plus d\u00e9rangeants, comme la capture des \u00eatres humains. Constat identique pour mettre en exergue les charniers, la pr\u00e9sence des chiens sauvages et autres charognards. Progressivement, la surprise de l\u2019invasion laisse place \u00e0 la contemplation des ruines qui \u00e9gr\u00e8nent le sillage des tripodes. Si guerre il y a eue, elle fut perdue avant m\u00eame d\u2019avoir commenc\u00e9e. Et c\u2019est dans ce d\u00e9sespoir somme toute l\u00e9gitime qu\u2019on suit le parcours du protagoniste.<\/p>\n<p>T\u00e9moin des \u00e9v\u00e9nements, son point de vue subjectif permet de recentrer l\u2019intrigue \u00e0 l\u2019\u00e9chelle d\u2019un homme. Certains aspects de sa personnalit\u00e9 peuvent le laisser para\u00eetre commun, voire banal. Dans le cas pr\u00e9sent, cela facilite l\u2019identification du lecteur pour mieux faire ressentir les \u00e9preuves qu\u2019il traverse, comme le sentiment de d\u00e9tresse, l\u2019isolement ou la peur. En passant par diff\u00e9rentes phases, il ne s\u2019en montre que plus humain, dans ses qualit\u00e9s, comme dans ses d\u00e9fauts. Un atout parfaitement compris et repris dans ce diptyque. Il est vrai qu\u2019on a droit \u00e0 quelques digressions sur d\u2019autres points de vue, mais ceux-ci sont plut\u00f4t rares et anecdotiques.<\/p>\n<p>Malgr\u00e9 la d\u00e9clinaison en deux tomes, cette adaptation se lit n\u00e9anmoins tr\u00e8s rapidement. Les points cit\u00e9s pr\u00e9c\u00e9demment restent pr\u00e9sents. Toutefois, l\u2019\u00e9nergie qui \u00e9mane de l\u2019histoire fait se succ\u00e9der les passages non sans pr\u00e9cipitation. Sans doute est-ce la volont\u00e9 de s\u2019attarder sur certains pans narratifs de l\u2019\u0153uvre originale ou le plaisir que l\u2019on \u00e9prouve \u00e0 parcourir cette nouvelle version. Toujours est-il qu\u2019il s\u2019agit de la seule frustration qui persiste en fin de lecture\u00a0: sa bri\u00e8vet\u00e9. Un choix tout \u00e0 fait respectable pour pr\u00e9server la dynamique de l\u2019ensemble et, sans aucun doute, la marque de r\u00e9ussite d\u2019une intrigue bien amen\u00e9e et prenante.<\/p>\n<p style=\"text-align: center;\"><a href=\"https:\/\/www.lavisqteam.fr\/wp-content\/uploads\/2018\/05\/guerre-monde-wells-glenat.jpg\"><img loading=\"lazy\" class=\"alignnone  wp-image-35599\" src=\"https:\/\/www.lavisqteam.fr\/wp-content\/uploads\/2018\/05\/guerre-monde-wells-glenat.jpg\" alt=\"\" width=\"600\" height=\"394\" srcset=\"https:\/\/www.lavisqteam.fr\/wp-content\/uploads\/2018\/05\/guerre-monde-wells-glenat.jpg 700w, https:\/\/www.lavisqteam.fr\/wp-content\/uploads\/2018\/05\/guerre-monde-wells-glenat-300x197.jpg 300w\" sizes=\"(max-width: 600px) 100vw, 600px\" \/><\/a><\/p>\n<p>Au final, <strong>La guerre des mondes<\/strong> fait honneur \u00e0 son pendant litt\u00e9raire et d\u00e9montre qu\u2019il n\u2019a rien perdu de sa force apr\u00e8s plus de cent ans. Le 9<sup>e<\/sup> art et, par extension, les auteurs parviennent \u00e0 assimiler tous les atouts du r\u00e9cit d\u2019<em>H.G. Wells<\/em> pour en faire un diptyque particuli\u00e8rement percutant. Privil\u00e9giant l\u2019aspect spectaculaire de l\u2019invasion (ou de l\u2019extermination, c\u2019est selon), il en r\u00e9sulte une constance presque m\u00e9tronomique pour garder le lecteur en alerte jusque dans les ultimes pages. L\u2019\u00e9pilogue offre un d\u00e9nouement aussi inattendu que r\u00e9aliste pour ce qui demeure l\u2019un des plus beaux chefs d\u2019\u0153uvre de la science-fiction.<\/p>\n<p><strong>Note\u00a0: 16\/20<\/strong><\/p>\n<p style=\"text-align: right;\">Par <strong>Dante<\/strong><\/p>\n","protected":false},"excerpt":{"rendered":"<p>Auteurs\u00a0: Dobbs et Vicente Cifuentes &nbsp; Editeur\u00a0: Gl\u00e9nat &nbsp; Genre\u00a0: Science-Fiction &nbsp; R\u00e9sum\u00e9\u00a0: \u00a0 Voil\u00e0 plusieurs jours que des projectiles pr\u00e9cis et r\u00e9guliers frappent la &hellip; <\/p>\n","protected":false},"author":1,"featured_media":0,"comment_status":"open","ping_status":"open","sticky":false,"template":"","format":"standard","meta":[],"categories":[16],"tags":[],"yoast_head":"<!-- This site is optimized with the Yoast SEO plugin v19.6.1 - https:\/\/yoast.com\/wordpress\/plugins\/seo\/ -->\n<title>La Guerre des Mondes - Lavisqteam.fr<\/title>\n<meta name=\"robots\" content=\"index, follow, max-snippet:-1, max-image-preview:large, max-video-preview:-1\" \/>\n<link rel=\"canonical\" href=\"https:\/\/www.lavisqteam.fr\/?p=35597\" \/>\n<meta property=\"og:locale\" content=\"fr_FR\" \/>\n<meta property=\"og:type\" content=\"article\" \/>\n<meta property=\"og:title\" content=\"La Guerre des Mondes - Lavisqteam.fr\" \/>\n<meta property=\"og:description\" content=\"Auteurs\u00a0: Dobbs et Vicente Cifuentes &nbsp; Editeur\u00a0: Gl\u00e9nat &nbsp; Genre\u00a0: Science-Fiction &nbsp; R\u00e9sum\u00e9\u00a0: \u00a0 Voil\u00e0 plusieurs jours que des projectiles pr\u00e9cis et r\u00e9guliers frappent la &hellip;\" \/>\n<meta property=\"og:url\" content=\"https:\/\/www.lavisqteam.fr\/?p=35597\" \/>\n<meta property=\"og:site_name\" content=\"Lavisqteam.fr\" \/>\n<meta property=\"article:published_time\" content=\"2018-05-03T08:59:43+00:00\" \/>\n<meta property=\"og:image\" content=\"http:\/\/www.lavisqteam.fr\/wp-content\/uploads\/2018\/05\/2105_couv-769x1024.jpg\" \/>\n<meta name=\"author\" content=\"AqME\" \/>\n<meta name=\"twitter:card\" content=\"summary_large_image\" \/>\n<meta name=\"twitter:label1\" content=\"\u00c9crit par\" \/>\n\t<meta name=\"twitter:data1\" content=\"AqME\" \/>\n\t<meta name=\"twitter:label2\" content=\"Dur\u00e9e de lecture estim\u00e9e\" \/>\n\t<meta name=\"twitter:data2\" content=\"4 minutes\" \/>\n<script type=\"application\/ld+json\" class=\"yoast-schema-graph\">{\"@context\":\"https:\/\/schema.org\",\"@graph\":[{\"@type\":\"Article\",\"@id\":\"https:\/\/www.lavisqteam.fr\/?p=35597#article\",\"isPartOf\":{\"@id\":\"https:\/\/www.lavisqteam.fr\/?p=35597\"},\"author\":{\"name\":\"AqME\",\"@id\":\"https:\/\/www.lavisqteam.fr\/#\/schema\/person\/da11d7c30bf135b288b17cc576708c2d\"},\"headline\":\"La Guerre des Mondes\",\"datePublished\":\"2018-05-03T08:59:43+00:00\",\"dateModified\":\"2018-05-03T08:59:43+00:00\",\"mainEntityOfPage\":{\"@id\":\"https:\/\/www.lavisqteam.fr\/?p=35597\"},\"wordCount\":886,\"commentCount\":0,\"publisher\":{\"@id\":\"https:\/\/www.lavisqteam.fr\/#organization\"},\"articleSection\":[\"BD\"],\"inLanguage\":\"fr-FR\",\"potentialAction\":[{\"@type\":\"CommentAction\",\"name\":\"Comment\",\"target\":[\"https:\/\/www.lavisqteam.fr\/?p=35597#respond\"]}]},{\"@type\":\"WebPage\",\"@id\":\"https:\/\/www.lavisqteam.fr\/?p=35597\",\"url\":\"https:\/\/www.lavisqteam.fr\/?p=35597\",\"name\":\"La Guerre des Mondes - Lavisqteam.fr\",\"isPartOf\":{\"@id\":\"https:\/\/www.lavisqteam.fr\/#website\"},\"datePublished\":\"2018-05-03T08:59:43+00:00\",\"dateModified\":\"2018-05-03T08:59:43+00:00\",\"breadcrumb\":{\"@id\":\"https:\/\/www.lavisqteam.fr\/?p=35597#breadcrumb\"},\"inLanguage\":\"fr-FR\",\"potentialAction\":[{\"@type\":\"ReadAction\",\"target\":[\"https:\/\/www.lavisqteam.fr\/?p=35597\"]}]},{\"@type\":\"BreadcrumbList\",\"@id\":\"https:\/\/www.lavisqteam.fr\/?p=35597#breadcrumb\",\"itemListElement\":[{\"@type\":\"ListItem\",\"position\":1,\"name\":\"Accueil\",\"item\":\"https:\/\/www.lavisqteam.fr\/\"},{\"@type\":\"ListItem\",\"position\":2,\"name\":\"La Guerre des Mondes\"}]},{\"@type\":\"WebSite\",\"@id\":\"https:\/\/www.lavisqteam.fr\/#website\",\"url\":\"https:\/\/www.lavisqteam.fr\/\",\"name\":\"Lavisqteam.fr\",\"description\":\"\",\"publisher\":{\"@id\":\"https:\/\/www.lavisqteam.fr\/#organization\"},\"potentialAction\":[{\"@type\":\"SearchAction\",\"target\":{\"@type\":\"EntryPoint\",\"urlTemplate\":\"https:\/\/www.lavisqteam.fr\/?s={search_term_string}\"},\"query-input\":\"required name=search_term_string\"}],\"inLanguage\":\"fr-FR\"},{\"@type\":\"Organization\",\"@id\":\"https:\/\/www.lavisqteam.fr\/#organization\",\"name\":\"Lavisqteam.fr\",\"url\":\"https:\/\/www.lavisqteam.fr\/\",\"sameAs\":[],\"logo\":{\"@type\":\"ImageObject\",\"inLanguage\":\"fr-FR\",\"@id\":\"https:\/\/www.lavisqteam.fr\/#\/schema\/logo\/image\/\",\"url\":\"https:\/\/www.lavisqteam.fr\/wp-content\/uploads\/2020\/08\/cropped-80879545_3479261675449035_4078032831501041664_o-4.jpg\",\"contentUrl\":\"https:\/\/www.lavisqteam.fr\/wp-content\/uploads\/2020\/08\/cropped-80879545_3479261675449035_4078032831501041664_o-4.jpg\",\"width\":1674,\"height\":536,\"caption\":\"Lavisqteam.fr\"},\"image\":{\"@id\":\"https:\/\/www.lavisqteam.fr\/#\/schema\/logo\/image\/\"}},{\"@type\":\"Person\",\"@id\":\"https:\/\/www.lavisqteam.fr\/#\/schema\/person\/da11d7c30bf135b288b17cc576708c2d\",\"name\":\"AqME\",\"image\":{\"@type\":\"ImageObject\",\"inLanguage\":\"fr-FR\",\"@id\":\"https:\/\/www.lavisqteam.fr\/#\/schema\/person\/image\/\",\"url\":\"https:\/\/secure.gravatar.com\/avatar\/4a87d013fc854acd0f25858a13573675?s=96&d=mm&r=g\",\"contentUrl\":\"https:\/\/secure.gravatar.com\/avatar\/4a87d013fc854acd0f25858a13573675?s=96&d=mm&r=g\",\"caption\":\"AqME\"},\"description\":\"Amateur d'horreur, M\u00e9talleux dans l'\u00e2me, je succombe facilement \u00e0 des images de chatons.\",\"url\":\"https:\/\/www.lavisqteam.fr\/?author=1\"}]}<\/script>\n<!-- \/ Yoast SEO plugin. -->","yoast_head_json":{"title":"La Guerre des Mondes - Lavisqteam.fr","robots":{"index":"index","follow":"follow","max-snippet":"max-snippet:-1","max-image-preview":"max-image-preview:large","max-video-preview":"max-video-preview:-1"},"canonical":"https:\/\/www.lavisqteam.fr\/?p=35597","og_locale":"fr_FR","og_type":"article","og_title":"La Guerre des Mondes - Lavisqteam.fr","og_description":"Auteurs\u00a0: Dobbs et Vicente Cifuentes &nbsp; Editeur\u00a0: Gl\u00e9nat &nbsp; Genre\u00a0: Science-Fiction &nbsp; R\u00e9sum\u00e9\u00a0: \u00a0 Voil\u00e0 plusieurs jours que des projectiles pr\u00e9cis et r\u00e9guliers frappent la &hellip;","og_url":"https:\/\/www.lavisqteam.fr\/?p=35597","og_site_name":"Lavisqteam.fr","article_published_time":"2018-05-03T08:59:43+00:00","og_image":[{"url":"http:\/\/www.lavisqteam.fr\/wp-content\/uploads\/2018\/05\/2105_couv-769x1024.jpg"}],"author":"AqME","twitter_card":"summary_large_image","twitter_misc":{"\u00c9crit par":"AqME","Dur\u00e9e de lecture estim\u00e9e":"4 minutes"},"schema":{"@context":"https:\/\/schema.org","@graph":[{"@type":"Article","@id":"https:\/\/www.lavisqteam.fr\/?p=35597#article","isPartOf":{"@id":"https:\/\/www.lavisqteam.fr\/?p=35597"},"author":{"name":"AqME","@id":"https:\/\/www.lavisqteam.fr\/#\/schema\/person\/da11d7c30bf135b288b17cc576708c2d"},"headline":"La Guerre des Mondes","datePublished":"2018-05-03T08:59:43+00:00","dateModified":"2018-05-03T08:59:43+00:00","mainEntityOfPage":{"@id":"https:\/\/www.lavisqteam.fr\/?p=35597"},"wordCount":886,"commentCount":0,"publisher":{"@id":"https:\/\/www.lavisqteam.fr\/#organization"},"articleSection":["BD"],"inLanguage":"fr-FR","potentialAction":[{"@type":"CommentAction","name":"Comment","target":["https:\/\/www.lavisqteam.fr\/?p=35597#respond"]}]},{"@type":"WebPage","@id":"https:\/\/www.lavisqteam.fr\/?p=35597","url":"https:\/\/www.lavisqteam.fr\/?p=35597","name":"La Guerre des Mondes - Lavisqteam.fr","isPartOf":{"@id":"https:\/\/www.lavisqteam.fr\/#website"},"datePublished":"2018-05-03T08:59:43+00:00","dateModified":"2018-05-03T08:59:43+00:00","breadcrumb":{"@id":"https:\/\/www.lavisqteam.fr\/?p=35597#breadcrumb"},"inLanguage":"fr-FR","potentialAction":[{"@type":"ReadAction","target":["https:\/\/www.lavisqteam.fr\/?p=35597"]}]},{"@type":"BreadcrumbList","@id":"https:\/\/www.lavisqteam.fr\/?p=35597#breadcrumb","itemListElement":[{"@type":"ListItem","position":1,"name":"Accueil","item":"https:\/\/www.lavisqteam.fr\/"},{"@type":"ListItem","position":2,"name":"La Guerre des Mondes"}]},{"@type":"WebSite","@id":"https:\/\/www.lavisqteam.fr\/#website","url":"https:\/\/www.lavisqteam.fr\/","name":"Lavisqteam.fr","description":"","publisher":{"@id":"https:\/\/www.lavisqteam.fr\/#organization"},"potentialAction":[{"@type":"SearchAction","target":{"@type":"EntryPoint","urlTemplate":"https:\/\/www.lavisqteam.fr\/?s={search_term_string}"},"query-input":"required name=search_term_string"}],"inLanguage":"fr-FR"},{"@type":"Organization","@id":"https:\/\/www.lavisqteam.fr\/#organization","name":"Lavisqteam.fr","url":"https:\/\/www.lavisqteam.fr\/","sameAs":[],"logo":{"@type":"ImageObject","inLanguage":"fr-FR","@id":"https:\/\/www.lavisqteam.fr\/#\/schema\/logo\/image\/","url":"https:\/\/www.lavisqteam.fr\/wp-content\/uploads\/2020\/08\/cropped-80879545_3479261675449035_4078032831501041664_o-4.jpg","contentUrl":"https:\/\/www.lavisqteam.fr\/wp-content\/uploads\/2020\/08\/cropped-80879545_3479261675449035_4078032831501041664_o-4.jpg","width":1674,"height":536,"caption":"Lavisqteam.fr"},"image":{"@id":"https:\/\/www.lavisqteam.fr\/#\/schema\/logo\/image\/"}},{"@type":"Person","@id":"https:\/\/www.lavisqteam.fr\/#\/schema\/person\/da11d7c30bf135b288b17cc576708c2d","name":"AqME","image":{"@type":"ImageObject","inLanguage":"fr-FR","@id":"https:\/\/www.lavisqteam.fr\/#\/schema\/person\/image\/","url":"https:\/\/secure.gravatar.com\/avatar\/4a87d013fc854acd0f25858a13573675?s=96&d=mm&r=g","contentUrl":"https:\/\/secure.gravatar.com\/avatar\/4a87d013fc854acd0f25858a13573675?s=96&d=mm&r=g","caption":"AqME"},"description":"Amateur d'horreur, M\u00e9talleux dans l'\u00e2me, je succombe facilement \u00e0 des images de chatons.","url":"https:\/\/www.lavisqteam.fr\/?author=1"}]}},"jetpack_featured_media_url":"","_links":{"self":[{"href":"https:\/\/www.lavisqteam.fr\/index.php?rest_route=\/wp\/v2\/posts\/35597"}],"collection":[{"href":"https:\/\/www.lavisqteam.fr\/index.php?rest_route=\/wp\/v2\/posts"}],"about":[{"href":"https:\/\/www.lavisqteam.fr\/index.php?rest_route=\/wp\/v2\/types\/post"}],"author":[{"embeddable":true,"href":"https:\/\/www.lavisqteam.fr\/index.php?rest_route=\/wp\/v2\/users\/1"}],"replies":[{"embeddable":true,"href":"https:\/\/www.lavisqteam.fr\/index.php?rest_route=%2Fwp%2Fv2%2Fcomments&post=35597"}],"version-history":[{"count":1,"href":"https:\/\/www.lavisqteam.fr\/index.php?rest_route=\/wp\/v2\/posts\/35597\/revisions"}],"predecessor-version":[{"id":35601,"href":"https:\/\/www.lavisqteam.fr\/index.php?rest_route=\/wp\/v2\/posts\/35597\/revisions\/35601"}],"wp:attachment":[{"href":"https:\/\/www.lavisqteam.fr\/index.php?rest_route=%2Fwp%2Fv2%2Fmedia&parent=35597"}],"wp:term":[{"taxonomy":"category","embeddable":true,"href":"https:\/\/www.lavisqteam.fr\/index.php?rest_route=%2Fwp%2Fv2%2Fcategories&post=35597"},{"taxonomy":"post_tag","embeddable":true,"href":"https:\/\/www.lavisqteam.fr\/index.php?rest_route=%2Fwp%2Fv2%2Ftags&post=35597"}],"curies":[{"name":"wp","href":"https:\/\/api.w.org\/{rel}","templated":true}]}}