{"id":3493,"date":"2013-08-16T16:59:07","date_gmt":"2013-08-16T16:59:07","guid":{"rendered":"http:\/\/www.lavisqteam.fr\/?p=3493"},"modified":"2013-08-16T17:12:32","modified_gmt":"2013-08-16T17:12:32","slug":"les-chevaliers-demeraude-tome-1-le-feu-dans-le-ciel-anne-robillard","status":"publish","type":"post","link":"https:\/\/www.lavisqteam.fr\/?p=3493","title":{"rendered":"Les Chevaliers d&rsquo;Emeraude Tome 1 Le Feu Dans le Ciel &#8211; Anne Robillard"},"content":{"rendered":"<p style=\"text-align: center;\"><a href=\"https:\/\/www.lavisqteam.fr\/wp-content\/uploads\/2013\/08\/les-chevaliers-demeraude-1.jpg\"><img loading=\"lazy\" class=\"alignnone size-full wp-image-3494\" alt=\"les-chevaliers-demeraude-1\" src=\"https:\/\/www.lavisqteam.fr\/wp-content\/uploads\/2013\/08\/les-chevaliers-demeraude-1.jpg\" width=\"411\" height=\"630\" srcset=\"https:\/\/www.lavisqteam.fr\/wp-content\/uploads\/2013\/08\/les-chevaliers-demeraude-1.jpg 411w, https:\/\/www.lavisqteam.fr\/wp-content\/uploads\/2013\/08\/les-chevaliers-demeraude-1-195x300.jpg 195w\" sizes=\"(max-width: 411px) 100vw, 411px\" \/><\/a><\/p>\n<p><b>R\u00e9sum\u00e9 :<\/b><\/p>\n<p>Ce livre raconte l\u2019histoire du nouvel ordre des Chevaliers d\u2019\u00c9meraude recr\u00e9\u00e9 par le roi \u00c9meraude I<sup>er<\/sup> afin de d\u00e9fendre le continent de la menace \u00e9ventuelle de l\u2019Empire des hommes-insectes gouvern\u00e9 par Amecareth, l\u2019Empereur Noir. Seuls les magiciens gard\u00e8rent le souvenir de cette terrible guerre ayant eu lieu des centaines d\u2019ann\u00e9es auparavant o\u00f9 hommes, femmes et enfants p\u00e9rirent sous les lances des guerriers et les crocs des dragons dirig\u00e9s par Amecareth.<\/p>\n<p>Kira, l\u2019enfant \u00e0 la peau mauve et aux oreilles pointues comme celles d\u2019un chat, a \u00e9t\u00e9 confi\u00e9e aux Chevaliers d\u2019\u00c9meraude par la reine Fan de Shola afin de faire d\u2019elle une fi\u00e8re guerri\u00e8re et surtout pour r\u00e9tablir les relations entre les deux royaumes.<\/p>\n<p>L\u2019enfant semble int\u00e9resser au plus haut point l\u2019Empereur noir et son arm\u00e9e d\u2019hommes-insectes. Nul ne sait pourquoi. Ce qui est certain, c\u2019est que Kira a un r\u00f4le \u00e0 tenir dans la destruction d\u2019Amecareth. Un long cycle palpitant de magie et d\u2019aventure.<\/p>\n<p><b>Avis\u00a0:<\/b><\/p>\n<p>Cette fois, suite aux conseils d\u2019une connaissance, je me lance dans la lecture des <b>Chevaliers d\u2019Emeraude <\/b>qui sont constitu\u00e9s de douze tomes.\u00a0 Le style fantastique m\u2019est totalement inconnu mais les d\u00e9couvertes font \u00e0 pr\u00e9sent partie de mes lectures.<\/p>\n<p>Pour ceux qui comme moi ne connaissent pas <i>Anne Robillard<\/i>, j\u2019ai appris qu\u2019elle est encens\u00e9e par les m\u00e9dias comme la <i>J.K. Rowling<\/i> qu\u00e9b\u00e9coise. Adolescente, elle a d\u00e9couvert le monde magique de <i>Tolkien<\/i>, une \u00e2me s\u0153ur qui devint en quelque sorte son mentor. Elle dit trouver son inspiration dans ses r\u00eaves.<\/p>\n<p>Ce qui me pla\u00eet assez dans ce premier tome c\u2019est la carte repr\u00e9sentant les royaumes du grand continent d\u2019Enkidiev. Elle nous permet au fil de la lecture de mieux imaginer les diff\u00e9rents territoires et surtout leur emplacement les uns par rapport aux autres. Elle nous aide r\u00e9ellement \u00e0 se plonger dans le monde fantastique m\u00e9di\u00e9val et telle une \u00ab\u00a0vraie\u00a0\u00bb carte de replacer les diff\u00e9rents \u00e9l\u00e9ments et de comprendre l\u2019importance de l\u2019emplacement des territoires sans devoir imaginer sa propre carte qui compliquerait la compr\u00e9hension de l\u2019histoire.<\/p>\n<p>Dans ce tome Wellan est, avant Kira, le personnage principal qui lie les chapitres les uns apr\u00e8s les autres. J\u2019aime assez qu\u2019il ne soit pas cet \u00eatre tout puissant et invincible comme dans certains livres ou films fantastiques mais bien comme tout un chacun avec ses faiblesses comme l\u2019illustre cet extrait\u00a0:<\/p>\n<p>\u00ab\u00a0 Wellan fon\u00e7a dans le couloir. Il avait envie d\u2019un coin tranquille o\u00f9 personne n\u2019essaierait de le forcer \u00e0 admettre sa faiblesse humaine. Il \u00e9tait un meneur d\u2019hommes et il devrait ma\u00eetriser ces soudaines pouss\u00e9es d\u2019\u00e9motions sinon la guerre \u00e9tait perdue d\u2019avance.\u00a0\u00bb<\/p>\n<p>Au fil des chapitres, les nombreux d\u00e9tails vous permettent\u00a0 de vous repr\u00e9senter les multiples territoires si diff\u00e9rents les uns des autres et les divers personnages et bien que \u00e7a soit fantastique, on y arrive sans mal\u00a0; ce qui pour moi est vraiment un plus.<\/p>\n<p>Depuis le d\u00e9but je vous parle de fantastique mais renseignement pris, on est plus dans le merveilleux car le surnaturel est pos\u00e9 et accept\u00e9 d\u2019embl\u00e9e. Je trouve qu\u2019on ne doit pas se torturer l\u2019esprit pour accepter ces cr\u00e9atures \u00e9tranges. La magie et la f\u00e9\u00e9rie sont pr\u00e9sentes comme si on vous expliquait une l\u00e9gende ancienne.<\/p>\n<p>Ce livre a \u00e9t\u00e9 \u00e9crit par une femme et \u00e7a se ressent je trouve, probablement elle-m\u00eame maman ou en tout cas proche d\u2019enfants en bas \u00e2ge car certains passages avec ou \u00e0 propos de Kira sont empreints d\u2019une sensibilit\u00e9 que seule une m\u00e8re ou un p\u00e8re peut \u00e9prouver \u00e0 l\u2019\u00e9gard de son enfant.<\/p>\n<p>Dans cette version poche vous avez m\u00eame douze pages en avant-premi\u00e8re du tome 2 qui ne vous donne qu\u2019une envie, acheter le second tome et s\u2019y plonger au plus vite afin de voir ce que deviennent ces diff\u00e9rents personnages tout au long de l\u2019histoire.<\/p>\n<p>Je ne pensais pas du tout \u00eatre transport\u00e9e \u00e0 travers ce genre de lecture et je dois bien avouer que je me suis compl\u00e8tement tromp\u00e9e et je dirais m\u00eame que j\u2019ai h\u00e2te de d\u00e9couvrir la suite. Mais o\u00f9 va s\u2019arr\u00eater l\u2019imagination d\u2019<i>Anne Robillard\u00a0<\/i>?<\/p>\n<p>Faites comme moi, plongez-vous dans le monde fantastique\u2026 euh merveilleux des<b> chevaliers d\u2019Emeraude<\/b>\u2026<\/p>\n<p><b>Note\u00a0: 15,5\/20<\/b><\/p>\n<p style=\"text-align: right;\">Par <strong>Erin<\/strong><\/p>\n<p style=\"text-align: left;\"><a href=\"https:\/\/www.lavisqteam.fr\/wp-content\/uploads\/2013\/08\/AqME.jpg\"><img loading=\"lazy\" class=\"alignnone  wp-image-3495\" alt=\"AqME\" src=\"https:\/\/www.lavisqteam.fr\/wp-content\/uploads\/2013\/08\/AqME-150x150.jpg\" width=\"90\" height=\"90\" \/><\/a><strong>Note de AqME: 12\/20<\/strong><\/p>\n","protected":false},"excerpt":{"rendered":"<p>R\u00e9sum\u00e9 : Ce livre raconte l\u2019histoire du nouvel ordre des Chevaliers d\u2019\u00c9meraude recr\u00e9\u00e9 par le roi \u00c9meraude Ier afin de d\u00e9fendre le continent de la &hellip; <\/p>\n","protected":false},"author":1,"featured_media":0,"comment_status":"open","ping_status":"open","sticky":false,"template":"","format":"standard","meta":[],"categories":[1],"tags":[],"yoast_head":"<!-- This site is optimized with the Yoast SEO plugin v19.6.1 - https:\/\/yoast.com\/wordpress\/plugins\/seo\/ -->\n<title>Les Chevaliers d&#039;Emeraude Tome 1 Le Feu Dans le Ciel - Anne Robillard - Lavisqteam.fr<\/title>\n<meta name=\"robots\" content=\"index, follow, max-snippet:-1, max-image-preview:large, max-video-preview:-1\" \/>\n<link rel=\"canonical\" href=\"https:\/\/www.lavisqteam.fr\/?p=3493\" \/>\n<meta property=\"og:locale\" content=\"fr_FR\" \/>\n<meta property=\"og:type\" content=\"article\" \/>\n<meta property=\"og:title\" content=\"Les Chevaliers d&#039;Emeraude Tome 1 Le Feu Dans le Ciel - Anne Robillard - Lavisqteam.fr\" \/>\n<meta property=\"og:description\" content=\"R\u00e9sum\u00e9 : Ce livre raconte l\u2019histoire du nouvel ordre des Chevaliers d\u2019\u00c9meraude recr\u00e9\u00e9 par le roi \u00c9meraude Ier afin de d\u00e9fendre le continent de la &hellip;\" \/>\n<meta property=\"og:url\" content=\"https:\/\/www.lavisqteam.fr\/?p=3493\" \/>\n<meta property=\"og:site_name\" content=\"Lavisqteam.fr\" \/>\n<meta property=\"article:published_time\" content=\"2013-08-16T16:59:07+00:00\" \/>\n<meta property=\"article:modified_time\" content=\"2013-08-16T17:12:32+00:00\" \/>\n<meta property=\"og:image\" content=\"https:\/\/www.lavisqteam.fr\/wp-content\/uploads\/2013\/08\/erf.jpg\" \/>\n\t<meta property=\"og:image:width\" content=\"411\" \/>\n\t<meta property=\"og:image:height\" content=\"264\" \/>\n\t<meta property=\"og:image:type\" content=\"image\/jpeg\" \/>\n<meta name=\"author\" content=\"AqME\" \/>\n<meta name=\"twitter:card\" content=\"summary_large_image\" \/>\n<meta name=\"twitter:label1\" content=\"\u00c9crit par\" \/>\n\t<meta name=\"twitter:data1\" content=\"AqME\" \/>\n\t<meta name=\"twitter:label2\" content=\"Dur\u00e9e de lecture estim\u00e9e\" \/>\n\t<meta name=\"twitter:data2\" content=\"4 minutes\" \/>\n<script type=\"application\/ld+json\" class=\"yoast-schema-graph\">{\"@context\":\"https:\/\/schema.org\",\"@graph\":[{\"@type\":\"Article\",\"@id\":\"https:\/\/www.lavisqteam.fr\/?p=3493#article\",\"isPartOf\":{\"@id\":\"https:\/\/www.lavisqteam.fr\/?p=3493\"},\"author\":{\"name\":\"AqME\",\"@id\":\"https:\/\/www.lavisqteam.fr\/#\/schema\/person\/da11d7c30bf135b288b17cc576708c2d\"},\"headline\":\"Les Chevaliers d&rsquo;Emeraude Tome 1 Le Feu Dans le Ciel &#8211; Anne Robillard\",\"datePublished\":\"2013-08-16T16:59:07+00:00\",\"dateModified\":\"2013-08-16T17:12:32+00:00\",\"mainEntityOfPage\":{\"@id\":\"https:\/\/www.lavisqteam.fr\/?p=3493\"},\"wordCount\":787,\"commentCount\":0,\"publisher\":{\"@id\":\"https:\/\/www.lavisqteam.fr\/#organization\"},\"articleSection\":[\"Uncategorized\"],\"inLanguage\":\"fr-FR\",\"potentialAction\":[{\"@type\":\"CommentAction\",\"name\":\"Comment\",\"target\":[\"https:\/\/www.lavisqteam.fr\/?p=3493#respond\"]}]},{\"@type\":\"WebPage\",\"@id\":\"https:\/\/www.lavisqteam.fr\/?p=3493\",\"url\":\"https:\/\/www.lavisqteam.fr\/?p=3493\",\"name\":\"Les Chevaliers d'Emeraude Tome 1 Le Feu Dans le Ciel - Anne Robillard - Lavisqteam.fr\",\"isPartOf\":{\"@id\":\"https:\/\/www.lavisqteam.fr\/#website\"},\"datePublished\":\"2013-08-16T16:59:07+00:00\",\"dateModified\":\"2013-08-16T17:12:32+00:00\",\"breadcrumb\":{\"@id\":\"https:\/\/www.lavisqteam.fr\/?p=3493#breadcrumb\"},\"inLanguage\":\"fr-FR\",\"potentialAction\":[{\"@type\":\"ReadAction\",\"target\":[\"https:\/\/www.lavisqteam.fr\/?p=3493\"]}]},{\"@type\":\"BreadcrumbList\",\"@id\":\"https:\/\/www.lavisqteam.fr\/?p=3493#breadcrumb\",\"itemListElement\":[{\"@type\":\"ListItem\",\"position\":1,\"name\":\"Accueil\",\"item\":\"https:\/\/www.lavisqteam.fr\/\"},{\"@type\":\"ListItem\",\"position\":2,\"name\":\"Les Chevaliers d&rsquo;Emeraude Tome 1 Le Feu Dans le Ciel &#8211; Anne Robillard\"}]},{\"@type\":\"WebSite\",\"@id\":\"https:\/\/www.lavisqteam.fr\/#website\",\"url\":\"https:\/\/www.lavisqteam.fr\/\",\"name\":\"Lavisqteam.fr\",\"description\":\"\",\"publisher\":{\"@id\":\"https:\/\/www.lavisqteam.fr\/#organization\"},\"potentialAction\":[{\"@type\":\"SearchAction\",\"target\":{\"@type\":\"EntryPoint\",\"urlTemplate\":\"https:\/\/www.lavisqteam.fr\/?s={search_term_string}\"},\"query-input\":\"required name=search_term_string\"}],\"inLanguage\":\"fr-FR\"},{\"@type\":\"Organization\",\"@id\":\"https:\/\/www.lavisqteam.fr\/#organization\",\"name\":\"Lavisqteam.fr\",\"url\":\"https:\/\/www.lavisqteam.fr\/\",\"sameAs\":[],\"logo\":{\"@type\":\"ImageObject\",\"inLanguage\":\"fr-FR\",\"@id\":\"https:\/\/www.lavisqteam.fr\/#\/schema\/logo\/image\/\",\"url\":\"https:\/\/www.lavisqteam.fr\/wp-content\/uploads\/2020\/08\/cropped-80879545_3479261675449035_4078032831501041664_o-4.jpg\",\"contentUrl\":\"https:\/\/www.lavisqteam.fr\/wp-content\/uploads\/2020\/08\/cropped-80879545_3479261675449035_4078032831501041664_o-4.jpg\",\"width\":1674,\"height\":536,\"caption\":\"Lavisqteam.fr\"},\"image\":{\"@id\":\"https:\/\/www.lavisqteam.fr\/#\/schema\/logo\/image\/\"}},{\"@type\":\"Person\",\"@id\":\"https:\/\/www.lavisqteam.fr\/#\/schema\/person\/da11d7c30bf135b288b17cc576708c2d\",\"name\":\"AqME\",\"image\":{\"@type\":\"ImageObject\",\"inLanguage\":\"fr-FR\",\"@id\":\"https:\/\/www.lavisqteam.fr\/#\/schema\/person\/image\/\",\"url\":\"https:\/\/secure.gravatar.com\/avatar\/4a87d013fc854acd0f25858a13573675?s=96&d=mm&r=g\",\"contentUrl\":\"https:\/\/secure.gravatar.com\/avatar\/4a87d013fc854acd0f25858a13573675?s=96&d=mm&r=g\",\"caption\":\"AqME\"},\"description\":\"Amateur d'horreur, M\u00e9talleux dans l'\u00e2me, je succombe facilement \u00e0 des images de chatons.\",\"url\":\"https:\/\/www.lavisqteam.fr\/?author=1\"}]}<\/script>\n<!-- \/ Yoast SEO plugin. -->","yoast_head_json":{"title":"Les Chevaliers d'Emeraude Tome 1 Le Feu Dans le Ciel - Anne Robillard - Lavisqteam.fr","robots":{"index":"index","follow":"follow","max-snippet":"max-snippet:-1","max-image-preview":"max-image-preview:large","max-video-preview":"max-video-preview:-1"},"canonical":"https:\/\/www.lavisqteam.fr\/?p=3493","og_locale":"fr_FR","og_type":"article","og_title":"Les Chevaliers d'Emeraude Tome 1 Le Feu Dans le Ciel - Anne Robillard - Lavisqteam.fr","og_description":"R\u00e9sum\u00e9 : Ce livre raconte l\u2019histoire du nouvel ordre des Chevaliers d\u2019\u00c9meraude recr\u00e9\u00e9 par le roi \u00c9meraude Ier afin de d\u00e9fendre le continent de la &hellip;","og_url":"https:\/\/www.lavisqteam.fr\/?p=3493","og_site_name":"Lavisqteam.fr","article_published_time":"2013-08-16T16:59:07+00:00","article_modified_time":"2013-08-16T17:12:32+00:00","og_image":[{"width":411,"height":264,"url":"https:\/\/www.lavisqteam.fr\/wp-content\/uploads\/2013\/08\/erf.jpg","type":"image\/jpeg"}],"author":"AqME","twitter_card":"summary_large_image","twitter_misc":{"\u00c9crit par":"AqME","Dur\u00e9e de lecture estim\u00e9e":"4 minutes"},"schema":{"@context":"https:\/\/schema.org","@graph":[{"@type":"Article","@id":"https:\/\/www.lavisqteam.fr\/?p=3493#article","isPartOf":{"@id":"https:\/\/www.lavisqteam.fr\/?p=3493"},"author":{"name":"AqME","@id":"https:\/\/www.lavisqteam.fr\/#\/schema\/person\/da11d7c30bf135b288b17cc576708c2d"},"headline":"Les Chevaliers d&rsquo;Emeraude Tome 1 Le Feu Dans le Ciel &#8211; Anne Robillard","datePublished":"2013-08-16T16:59:07+00:00","dateModified":"2013-08-16T17:12:32+00:00","mainEntityOfPage":{"@id":"https:\/\/www.lavisqteam.fr\/?p=3493"},"wordCount":787,"commentCount":0,"publisher":{"@id":"https:\/\/www.lavisqteam.fr\/#organization"},"articleSection":["Uncategorized"],"inLanguage":"fr-FR","potentialAction":[{"@type":"CommentAction","name":"Comment","target":["https:\/\/www.lavisqteam.fr\/?p=3493#respond"]}]},{"@type":"WebPage","@id":"https:\/\/www.lavisqteam.fr\/?p=3493","url":"https:\/\/www.lavisqteam.fr\/?p=3493","name":"Les Chevaliers d'Emeraude Tome 1 Le Feu Dans le Ciel - Anne Robillard - Lavisqteam.fr","isPartOf":{"@id":"https:\/\/www.lavisqteam.fr\/#website"},"datePublished":"2013-08-16T16:59:07+00:00","dateModified":"2013-08-16T17:12:32+00:00","breadcrumb":{"@id":"https:\/\/www.lavisqteam.fr\/?p=3493#breadcrumb"},"inLanguage":"fr-FR","potentialAction":[{"@type":"ReadAction","target":["https:\/\/www.lavisqteam.fr\/?p=3493"]}]},{"@type":"BreadcrumbList","@id":"https:\/\/www.lavisqteam.fr\/?p=3493#breadcrumb","itemListElement":[{"@type":"ListItem","position":1,"name":"Accueil","item":"https:\/\/www.lavisqteam.fr\/"},{"@type":"ListItem","position":2,"name":"Les Chevaliers d&rsquo;Emeraude Tome 1 Le Feu Dans le Ciel &#8211; Anne Robillard"}]},{"@type":"WebSite","@id":"https:\/\/www.lavisqteam.fr\/#website","url":"https:\/\/www.lavisqteam.fr\/","name":"Lavisqteam.fr","description":"","publisher":{"@id":"https:\/\/www.lavisqteam.fr\/#organization"},"potentialAction":[{"@type":"SearchAction","target":{"@type":"EntryPoint","urlTemplate":"https:\/\/www.lavisqteam.fr\/?s={search_term_string}"},"query-input":"required name=search_term_string"}],"inLanguage":"fr-FR"},{"@type":"Organization","@id":"https:\/\/www.lavisqteam.fr\/#organization","name":"Lavisqteam.fr","url":"https:\/\/www.lavisqteam.fr\/","sameAs":[],"logo":{"@type":"ImageObject","inLanguage":"fr-FR","@id":"https:\/\/www.lavisqteam.fr\/#\/schema\/logo\/image\/","url":"https:\/\/www.lavisqteam.fr\/wp-content\/uploads\/2020\/08\/cropped-80879545_3479261675449035_4078032831501041664_o-4.jpg","contentUrl":"https:\/\/www.lavisqteam.fr\/wp-content\/uploads\/2020\/08\/cropped-80879545_3479261675449035_4078032831501041664_o-4.jpg","width":1674,"height":536,"caption":"Lavisqteam.fr"},"image":{"@id":"https:\/\/www.lavisqteam.fr\/#\/schema\/logo\/image\/"}},{"@type":"Person","@id":"https:\/\/www.lavisqteam.fr\/#\/schema\/person\/da11d7c30bf135b288b17cc576708c2d","name":"AqME","image":{"@type":"ImageObject","inLanguage":"fr-FR","@id":"https:\/\/www.lavisqteam.fr\/#\/schema\/person\/image\/","url":"https:\/\/secure.gravatar.com\/avatar\/4a87d013fc854acd0f25858a13573675?s=96&d=mm&r=g","contentUrl":"https:\/\/secure.gravatar.com\/avatar\/4a87d013fc854acd0f25858a13573675?s=96&d=mm&r=g","caption":"AqME"},"description":"Amateur d'horreur, M\u00e9talleux dans l'\u00e2me, je succombe facilement \u00e0 des images de chatons.","url":"https:\/\/www.lavisqteam.fr\/?author=1"}]}},"jetpack_featured_media_url":"","_links":{"self":[{"href":"https:\/\/www.lavisqteam.fr\/index.php?rest_route=\/wp\/v2\/posts\/3493"}],"collection":[{"href":"https:\/\/www.lavisqteam.fr\/index.php?rest_route=\/wp\/v2\/posts"}],"about":[{"href":"https:\/\/www.lavisqteam.fr\/index.php?rest_route=\/wp\/v2\/types\/post"}],"author":[{"embeddable":true,"href":"https:\/\/www.lavisqteam.fr\/index.php?rest_route=\/wp\/v2\/users\/1"}],"replies":[{"embeddable":true,"href":"https:\/\/www.lavisqteam.fr\/index.php?rest_route=%2Fwp%2Fv2%2Fcomments&post=3493"}],"version-history":[{"count":1,"href":"https:\/\/www.lavisqteam.fr\/index.php?rest_route=\/wp\/v2\/posts\/3493\/revisions"}],"predecessor-version":[{"id":3496,"href":"https:\/\/www.lavisqteam.fr\/index.php?rest_route=\/wp\/v2\/posts\/3493\/revisions\/3496"}],"wp:attachment":[{"href":"https:\/\/www.lavisqteam.fr\/index.php?rest_route=%2Fwp%2Fv2%2Fmedia&parent=3493"}],"wp:term":[{"taxonomy":"category","embeddable":true,"href":"https:\/\/www.lavisqteam.fr\/index.php?rest_route=%2Fwp%2Fv2%2Fcategories&post=3493"},{"taxonomy":"post_tag","embeddable":true,"href":"https:\/\/www.lavisqteam.fr\/index.php?rest_route=%2Fwp%2Fv2%2Ftags&post=3493"}],"curies":[{"name":"wp","href":"https:\/\/api.w.org\/{rel}","templated":true}]}}