{"id":3486,"date":"2013-08-15T19:22:21","date_gmt":"2013-08-15T19:22:21","guid":{"rendered":"http:\/\/www.lavisqteam.fr\/?p=3486"},"modified":"2014-05-29T12:17:56","modified_gmt":"2014-05-29T12:17:56","slug":"le-voyage-extraordinaire-de-samy-3d","status":"publish","type":"post","link":"https:\/\/www.lavisqteam.fr\/?p=3486","title":{"rendered":"Le Voyage Extraordinaire de Samy 3D"},"content":{"rendered":"<p style=\"text-align: center;\"><a href=\"https:\/\/www.lavisqteam.fr\/wp-content\/uploads\/2013\/08\/Samy.jpg\"><img loading=\"lazy\" class=\"alignnone size-large wp-image-3487\" src=\"https:\/\/www.lavisqteam.fr\/wp-content\/uploads\/2013\/08\/Samy-767x1024.jpg\" alt=\"Samy\" width=\"600\" height=\"801\" srcset=\"https:\/\/www.lavisqteam.fr\/wp-content\/uploads\/2013\/08\/Samy-767x1024.jpg 767w, https:\/\/www.lavisqteam.fr\/wp-content\/uploads\/2013\/08\/Samy-224x300.jpg 224w, https:\/\/www.lavisqteam.fr\/wp-content\/uploads\/2013\/08\/Samy.jpg 1000w\" sizes=\"(max-width: 600px) 100vw, 600px\" \/><\/a><\/p>\n<p style=\"text-align: left;\"><strong>Titre Original: <\/strong>Sammy&rsquo;s Avonturen: De Geheime Doorgang<\/p>\n<p><b>De\u00a0:<\/b> Ben Stassen<\/p>\n<p><b>Avec les voix fran\u00e7aises de\u00a0:<\/b> Dany Boon, Elie Semoun, Olivia Ruiz, Guillaume Gallienne<\/p>\n<p><b>Ann\u00e9e\u00a0:<\/b> 2010<\/p>\n<p><b>Pays\u00a0:<\/b> Belgique<\/p>\n<p><b>Sc\u00e9nario\u00a0:<\/b> Dominic Paris<\/p>\n<p><b>Genre\u00a0:<\/b> Animation<\/p>\n<p><b>R\u00e9sum\u00e9\u00a0:<\/b><\/p>\n<p>Samy nait sur une plage californienne. Il y rencontre Shelly, l\u2019amour de sa vie. Suite \u00e0 de nombreuses p\u00e9rip\u00e9ties, ils se perdent de vue. Samy entreprend donc de la retrouver. En chemin, il fait la rencontre de Ray, une tortue Luth qui deviendra son meilleur ami. Ensemble ils d\u00e9couvrent les merveilles de l\u2019oc\u00e9an. Mais leur chemin vient \u00e0 se s\u00e9parer et Samy se retrouve seul pour affronter les dangers de l\u2019oc\u00e9an et retrouver sa bien-aim\u00e9e.<\/p>\n<p><b>Avis\u00a0:<\/b><\/p>\n<p>Quoi\u00a0? Un film d\u2019animation belge\u00a0? A premi\u00e8re vue, rien de bien emballant, apr\u00e8s une tentative plut\u00f4t rat\u00e9e avec <b>Bob et Bobette \u2013 Les diables du Texas<\/b>, l\u2019animation noir jaune rouge n\u2019est pas ce qu\u2019on peut appeler une r\u00e9f\u00e9rence. Mais visiblement le plat-pays qui est le mien r\u00e9it\u00e8re le processus, et en 3D s\u2019il vous plait. Plongeons donc dans l\u2019Oc\u00e9an muni de nos lunettes 3D afin de d\u00e9couvrir les aventures de cette sympathique tortue.<\/p>\n<p style=\"text-align: center;\"><a href=\"https:\/\/www.lavisqteam.fr\/wp-content\/uploads\/2013\/08\/11444-2.png\"><img loading=\"lazy\" class=\"alignnone size-full wp-image-3488\" src=\"https:\/\/www.lavisqteam.fr\/wp-content\/uploads\/2013\/08\/11444-2.png\" alt=\"11444-2\" width=\"458\" height=\"257\" srcset=\"https:\/\/www.lavisqteam.fr\/wp-content\/uploads\/2013\/08\/11444-2.png 458w, https:\/\/www.lavisqteam.fr\/wp-content\/uploads\/2013\/08\/11444-2-300x168.png 300w\" sizes=\"(max-width: 458px) 100vw, 458px\" \/><\/a><\/p>\n<p>Apr\u00e8s un premier long m\u00e9trage remarqu\u00e9 (<b>Fly Me to The Moon<\/b>) les amateurs de la 3D attendaient impatiemment la nouvelle \u0153uvre de <i>Ben Stassen<\/i>. D\u00e8s les premi\u00e8res images, on se rend compte que la qualit\u00e9 est au rendez-vous sans pour autant rejoindre la quasi perfection de \u00ab\u00a0<b>Le Monde de Nemo<\/b>\u00a0\u00bb, mais le film n\u2019a pas \u00e0 rougir de la production <b>Disney\/Pixar<\/b>. Les dessins sont plut\u00f4t bons et les textures sont aussi tr\u00e8s bonnes. Quant aux effets de profondeur et de jaillissement, ils sont \u00e0 couper le souffle. Mesdames et messieurs, \u00a0il s\u2019agit-l\u00e0 de LA meilleure exp\u00e9rience tridimensionnelle jamais vue au cin\u00e9ma.<\/p>\n<p>Point de vue histoire, c\u2019est relativement niais et le sc\u00e9nar s\u2019adresse aux enfants de moins de 10 ans. Un film sans une once de m\u00e9chancet\u00e9 (\u00e7a fait du bien parfois), sans vraiment d\u2019intrigue ni d\u2019enjeu, qui saura combler les petits enfants mais qui lassera peut-\u00eatre les plus grands. A l\u2019heure o\u00f9 les films pour enfants s\u2019av\u00e8rent de plus en plus violents, un petit film gentillet ne leur fera s\u00fbrement aucun tort.<\/p>\n<p>Car si le film est gentillet, il porte toutefois un message \u00e9cologique assez fort. Les mar\u00e9es noires, la pollution, les sacs plastiques qui jonchent les oc\u00e9ans\u2026 toutes ces interventions humaines sont de v\u00e9ritables \u00e9preuves de survie pour notre petite tortue et ne devrait pas laisser les enfants insensibles. Intention fort louable que de sensibiliser nos ch\u00e8res t\u00eates blondes sur l\u2019\u00e9tat d\u00e9plorable de nos oc\u00e9ans.<\/p>\n<p>Il faut bien avouer que beaucoup de sc\u00e8nes ne sont que des pr\u00e9textes aux jaillissements 3D hors de l\u2019\u00e9cran (la sc\u00e8ne des hippocampes, du crabe, \u2026 la liste est longue) et \u00ab\u00a0<b>Le voyage extraordinaire de Samy\u00a0<\/b>\u00bb fait tr\u00e8s fort en la mati\u00e8re et justifiera que les plus grands s\u2019int\u00e9ressent \u00e0 ce tr\u00e8s beau film d\u2019animation. Des effets de jaillissements permanents dignes des animations de parc d\u2019attraction. Certains effets sont des plus impressionnants (la t\u00eate du serpent qui se retrouve \u00e0 quelques centim\u00e8tres de notre visage). \u00a0Une ode \u00e0 la 3D qui laisse esp\u00e9rer le meilleur \u00e0 cette technologie qui, lorsqu\u2019elle est utilis\u00e9e \u00e0 bon escient, nous offre des moments de pure magie. Une exp\u00e9rience tridimensionnelle au budget modeste pour un film d\u2019animation (21.000.000 $) qui fait un pied de nez \u00a0aux grosses productions \u00e0 100.000.000 $\u00a0 de chez <b>Pixar<\/b> ou <b>Dreamworks<\/b><\/p>\n<p>\u00c0 l\u2019heure o\u00f9 tous les blockbusters sont gonfl\u00e9s en 3D \u00e0 la-vite et pour un r\u00e9sultat franchement moche (<b>Alice au Pays des Merveilles 3D<\/b>, \u2026) ,\u00a0 Samy est un vrai bol d\u2019air frais, une \u0153uvre de qualit\u00e9 qui tr\u00f4ne en ma\u00eetre sur le cercle \u00a0ferm\u00e9 des formidables exp\u00e9riences de jaillissement 3D que sont <b>Voyage au centre de la Terre 1 <\/b>et<b> 2<\/b>, <b>Madagascar 3<\/b> ou encore <b>Monstres contre Aliens<\/b>.<\/p>\n<p style=\"text-align: center;\"><a href=\"https:\/\/www.lavisqteam.fr\/wp-content\/uploads\/2013\/08\/le-voyage-extraordinaire-de-samy-vera.jpg\"><img loading=\"lazy\" class=\"alignnone size-full wp-image-3489\" src=\"https:\/\/www.lavisqteam.fr\/wp-content\/uploads\/2013\/08\/le-voyage-extraordinaire-de-samy-vera.jpg\" alt=\"le-voyage-extraordinaire-de-samy-vera\" width=\"650\" height=\"366\" srcset=\"https:\/\/www.lavisqteam.fr\/wp-content\/uploads\/2013\/08\/le-voyage-extraordinaire-de-samy-vera.jpg 650w, https:\/\/www.lavisqteam.fr\/wp-content\/uploads\/2013\/08\/le-voyage-extraordinaire-de-samy-vera-300x168.jpg 300w\" sizes=\"(max-width: 650px) 100vw, 650px\" \/><\/a><\/p>\n<p>Si l\u2019histoire se veut ultra simpliste et vise principalement le tr\u00e8s jeune public, les adultes que nous sommes prendront un pied monumental \u00e0 voir ces magnifiques effets de jaillissement permanent, des effets de profondeur superbes qui cloueront le bec aux plus sceptiques. Plus qu\u2019une r\u00e9f\u00e9rence, une date dans le monde de la 3D. J\u2019attends avec h\u00e2te le prochain film de <i>Ben Stassen<\/i> qui sera un documentaire\u00a0: \u00ab\u00a0<b>African Safari<\/b>\u00a0\u00bb qui est tourn\u00e9 \u2026 en 3D forc\u00e9ment<\/p>\n<p><b>Note\u00a0: 19\/20<\/b><\/p>\n<p style=\"text-align: center;\">[youtube]http:\/\/www.youtube.com\/watch?v=VJdnPh5Gt28[\/youtube]<\/p>\n<p style=\"text-align: right;\">Par <strong>Trasher<\/strong><\/p>\n","protected":false},"excerpt":{"rendered":"<p>Titre Original: Sammy&rsquo;s Avonturen: De Geheime Doorgang De\u00a0: Ben Stassen Avec les voix fran\u00e7aises de\u00a0: Dany Boon, Elie Semoun, Olivia Ruiz, Guillaume Gallienne Ann\u00e9e\u00a0: 2010 &hellip; <\/p>\n","protected":false},"author":1,"featured_media":3487,"comment_status":"open","ping_status":"open","sticky":false,"template":"","format":"standard","meta":[],"categories":[1],"tags":[],"yoast_head":"<!-- This site is optimized with the Yoast SEO plugin v19.6.1 - https:\/\/yoast.com\/wordpress\/plugins\/seo\/ -->\n<title>Le Voyage Extraordinaire de Samy 3D - Lavisqteam.fr<\/title>\n<meta name=\"robots\" content=\"index, follow, max-snippet:-1, max-image-preview:large, max-video-preview:-1\" \/>\n<link rel=\"canonical\" href=\"https:\/\/www.lavisqteam.fr\/?p=3486\" \/>\n<meta property=\"og:locale\" content=\"fr_FR\" \/>\n<meta property=\"og:type\" content=\"article\" \/>\n<meta property=\"og:title\" content=\"Le Voyage Extraordinaire de Samy 3D - Lavisqteam.fr\" \/>\n<meta property=\"og:description\" content=\"Titre Original: Sammy&rsquo;s Avonturen: De Geheime Doorgang De\u00a0: Ben Stassen Avec les voix fran\u00e7aises de\u00a0: Dany Boon, Elie Semoun, Olivia Ruiz, Guillaume Gallienne Ann\u00e9e\u00a0: 2010 &hellip;\" \/>\n<meta property=\"og:url\" content=\"https:\/\/www.lavisqteam.fr\/?p=3486\" \/>\n<meta property=\"og:site_name\" content=\"Lavisqteam.fr\" \/>\n<meta property=\"article:published_time\" content=\"2013-08-15T19:22:21+00:00\" \/>\n<meta property=\"article:modified_time\" content=\"2014-05-29T12:17:56+00:00\" \/>\n<meta property=\"og:image\" content=\"https:\/\/www.lavisqteam.fr\/wp-content\/uploads\/2013\/08\/Samy.jpg\" \/>\n\t<meta property=\"og:image:width\" content=\"1000\" \/>\n\t<meta property=\"og:image:height\" content=\"1334\" \/>\n\t<meta property=\"og:image:type\" content=\"image\/jpeg\" \/>\n<meta name=\"author\" content=\"AqME\" \/>\n<meta name=\"twitter:card\" content=\"summary_large_image\" \/>\n<meta name=\"twitter:label1\" content=\"\u00c9crit par\" \/>\n\t<meta name=\"twitter:data1\" content=\"AqME\" \/>\n\t<meta name=\"twitter:label2\" content=\"Dur\u00e9e de lecture estim\u00e9e\" \/>\n\t<meta name=\"twitter:data2\" content=\"4 minutes\" \/>\n<script type=\"application\/ld+json\" class=\"yoast-schema-graph\">{\"@context\":\"https:\/\/schema.org\",\"@graph\":[{\"@type\":\"Article\",\"@id\":\"https:\/\/www.lavisqteam.fr\/?p=3486#article\",\"isPartOf\":{\"@id\":\"https:\/\/www.lavisqteam.fr\/?p=3486\"},\"author\":{\"name\":\"AqME\",\"@id\":\"https:\/\/www.lavisqteam.fr\/#\/schema\/person\/da11d7c30bf135b288b17cc576708c2d\"},\"headline\":\"Le Voyage Extraordinaire de Samy 3D\",\"datePublished\":\"2013-08-15T19:22:21+00:00\",\"dateModified\":\"2014-05-29T12:17:56+00:00\",\"mainEntityOfPage\":{\"@id\":\"https:\/\/www.lavisqteam.fr\/?p=3486\"},\"wordCount\":788,\"commentCount\":0,\"publisher\":{\"@id\":\"https:\/\/www.lavisqteam.fr\/#organization\"},\"articleSection\":[\"Uncategorized\"],\"inLanguage\":\"fr-FR\",\"potentialAction\":[{\"@type\":\"CommentAction\",\"name\":\"Comment\",\"target\":[\"https:\/\/www.lavisqteam.fr\/?p=3486#respond\"]}]},{\"@type\":\"WebPage\",\"@id\":\"https:\/\/www.lavisqteam.fr\/?p=3486\",\"url\":\"https:\/\/www.lavisqteam.fr\/?p=3486\",\"name\":\"Le Voyage Extraordinaire de Samy 3D - Lavisqteam.fr\",\"isPartOf\":{\"@id\":\"https:\/\/www.lavisqteam.fr\/#website\"},\"datePublished\":\"2013-08-15T19:22:21+00:00\",\"dateModified\":\"2014-05-29T12:17:56+00:00\",\"breadcrumb\":{\"@id\":\"https:\/\/www.lavisqteam.fr\/?p=3486#breadcrumb\"},\"inLanguage\":\"fr-FR\",\"potentialAction\":[{\"@type\":\"ReadAction\",\"target\":[\"https:\/\/www.lavisqteam.fr\/?p=3486\"]}]},{\"@type\":\"BreadcrumbList\",\"@id\":\"https:\/\/www.lavisqteam.fr\/?p=3486#breadcrumb\",\"itemListElement\":[{\"@type\":\"ListItem\",\"position\":1,\"name\":\"Accueil\",\"item\":\"https:\/\/www.lavisqteam.fr\/\"},{\"@type\":\"ListItem\",\"position\":2,\"name\":\"Le Voyage Extraordinaire de Samy 3D\"}]},{\"@type\":\"WebSite\",\"@id\":\"https:\/\/www.lavisqteam.fr\/#website\",\"url\":\"https:\/\/www.lavisqteam.fr\/\",\"name\":\"Lavisqteam.fr\",\"description\":\"\",\"publisher\":{\"@id\":\"https:\/\/www.lavisqteam.fr\/#organization\"},\"potentialAction\":[{\"@type\":\"SearchAction\",\"target\":{\"@type\":\"EntryPoint\",\"urlTemplate\":\"https:\/\/www.lavisqteam.fr\/?s={search_term_string}\"},\"query-input\":\"required name=search_term_string\"}],\"inLanguage\":\"fr-FR\"},{\"@type\":\"Organization\",\"@id\":\"https:\/\/www.lavisqteam.fr\/#organization\",\"name\":\"Lavisqteam.fr\",\"url\":\"https:\/\/www.lavisqteam.fr\/\",\"sameAs\":[],\"logo\":{\"@type\":\"ImageObject\",\"inLanguage\":\"fr-FR\",\"@id\":\"https:\/\/www.lavisqteam.fr\/#\/schema\/logo\/image\/\",\"url\":\"https:\/\/www.lavisqteam.fr\/wp-content\/uploads\/2020\/08\/cropped-80879545_3479261675449035_4078032831501041664_o-4.jpg\",\"contentUrl\":\"https:\/\/www.lavisqteam.fr\/wp-content\/uploads\/2020\/08\/cropped-80879545_3479261675449035_4078032831501041664_o-4.jpg\",\"width\":1674,\"height\":536,\"caption\":\"Lavisqteam.fr\"},\"image\":{\"@id\":\"https:\/\/www.lavisqteam.fr\/#\/schema\/logo\/image\/\"}},{\"@type\":\"Person\",\"@id\":\"https:\/\/www.lavisqteam.fr\/#\/schema\/person\/da11d7c30bf135b288b17cc576708c2d\",\"name\":\"AqME\",\"image\":{\"@type\":\"ImageObject\",\"inLanguage\":\"fr-FR\",\"@id\":\"https:\/\/www.lavisqteam.fr\/#\/schema\/person\/image\/\",\"url\":\"https:\/\/secure.gravatar.com\/avatar\/4a87d013fc854acd0f25858a13573675?s=96&d=mm&r=g\",\"contentUrl\":\"https:\/\/secure.gravatar.com\/avatar\/4a87d013fc854acd0f25858a13573675?s=96&d=mm&r=g\",\"caption\":\"AqME\"},\"description\":\"Amateur d'horreur, M\u00e9talleux dans l'\u00e2me, je succombe facilement \u00e0 des images de chatons.\",\"url\":\"https:\/\/www.lavisqteam.fr\/?author=1\"}]}<\/script>\n<!-- \/ Yoast SEO plugin. -->","yoast_head_json":{"title":"Le Voyage Extraordinaire de Samy 3D - Lavisqteam.fr","robots":{"index":"index","follow":"follow","max-snippet":"max-snippet:-1","max-image-preview":"max-image-preview:large","max-video-preview":"max-video-preview:-1"},"canonical":"https:\/\/www.lavisqteam.fr\/?p=3486","og_locale":"fr_FR","og_type":"article","og_title":"Le Voyage Extraordinaire de Samy 3D - Lavisqteam.fr","og_description":"Titre Original: Sammy&rsquo;s Avonturen: De Geheime Doorgang De\u00a0: Ben Stassen Avec les voix fran\u00e7aises de\u00a0: Dany Boon, Elie Semoun, Olivia Ruiz, Guillaume Gallienne Ann\u00e9e\u00a0: 2010 &hellip;","og_url":"https:\/\/www.lavisqteam.fr\/?p=3486","og_site_name":"Lavisqteam.fr","article_published_time":"2013-08-15T19:22:21+00:00","article_modified_time":"2014-05-29T12:17:56+00:00","og_image":[{"width":1000,"height":1334,"url":"https:\/\/www.lavisqteam.fr\/wp-content\/uploads\/2013\/08\/Samy.jpg","type":"image\/jpeg"}],"author":"AqME","twitter_card":"summary_large_image","twitter_misc":{"\u00c9crit par":"AqME","Dur\u00e9e de lecture estim\u00e9e":"4 minutes"},"schema":{"@context":"https:\/\/schema.org","@graph":[{"@type":"Article","@id":"https:\/\/www.lavisqteam.fr\/?p=3486#article","isPartOf":{"@id":"https:\/\/www.lavisqteam.fr\/?p=3486"},"author":{"name":"AqME","@id":"https:\/\/www.lavisqteam.fr\/#\/schema\/person\/da11d7c30bf135b288b17cc576708c2d"},"headline":"Le Voyage Extraordinaire de Samy 3D","datePublished":"2013-08-15T19:22:21+00:00","dateModified":"2014-05-29T12:17:56+00:00","mainEntityOfPage":{"@id":"https:\/\/www.lavisqteam.fr\/?p=3486"},"wordCount":788,"commentCount":0,"publisher":{"@id":"https:\/\/www.lavisqteam.fr\/#organization"},"articleSection":["Uncategorized"],"inLanguage":"fr-FR","potentialAction":[{"@type":"CommentAction","name":"Comment","target":["https:\/\/www.lavisqteam.fr\/?p=3486#respond"]}]},{"@type":"WebPage","@id":"https:\/\/www.lavisqteam.fr\/?p=3486","url":"https:\/\/www.lavisqteam.fr\/?p=3486","name":"Le Voyage Extraordinaire de Samy 3D - Lavisqteam.fr","isPartOf":{"@id":"https:\/\/www.lavisqteam.fr\/#website"},"datePublished":"2013-08-15T19:22:21+00:00","dateModified":"2014-05-29T12:17:56+00:00","breadcrumb":{"@id":"https:\/\/www.lavisqteam.fr\/?p=3486#breadcrumb"},"inLanguage":"fr-FR","potentialAction":[{"@type":"ReadAction","target":["https:\/\/www.lavisqteam.fr\/?p=3486"]}]},{"@type":"BreadcrumbList","@id":"https:\/\/www.lavisqteam.fr\/?p=3486#breadcrumb","itemListElement":[{"@type":"ListItem","position":1,"name":"Accueil","item":"https:\/\/www.lavisqteam.fr\/"},{"@type":"ListItem","position":2,"name":"Le Voyage Extraordinaire de Samy 3D"}]},{"@type":"WebSite","@id":"https:\/\/www.lavisqteam.fr\/#website","url":"https:\/\/www.lavisqteam.fr\/","name":"Lavisqteam.fr","description":"","publisher":{"@id":"https:\/\/www.lavisqteam.fr\/#organization"},"potentialAction":[{"@type":"SearchAction","target":{"@type":"EntryPoint","urlTemplate":"https:\/\/www.lavisqteam.fr\/?s={search_term_string}"},"query-input":"required name=search_term_string"}],"inLanguage":"fr-FR"},{"@type":"Organization","@id":"https:\/\/www.lavisqteam.fr\/#organization","name":"Lavisqteam.fr","url":"https:\/\/www.lavisqteam.fr\/","sameAs":[],"logo":{"@type":"ImageObject","inLanguage":"fr-FR","@id":"https:\/\/www.lavisqteam.fr\/#\/schema\/logo\/image\/","url":"https:\/\/www.lavisqteam.fr\/wp-content\/uploads\/2020\/08\/cropped-80879545_3479261675449035_4078032831501041664_o-4.jpg","contentUrl":"https:\/\/www.lavisqteam.fr\/wp-content\/uploads\/2020\/08\/cropped-80879545_3479261675449035_4078032831501041664_o-4.jpg","width":1674,"height":536,"caption":"Lavisqteam.fr"},"image":{"@id":"https:\/\/www.lavisqteam.fr\/#\/schema\/logo\/image\/"}},{"@type":"Person","@id":"https:\/\/www.lavisqteam.fr\/#\/schema\/person\/da11d7c30bf135b288b17cc576708c2d","name":"AqME","image":{"@type":"ImageObject","inLanguage":"fr-FR","@id":"https:\/\/www.lavisqteam.fr\/#\/schema\/person\/image\/","url":"https:\/\/secure.gravatar.com\/avatar\/4a87d013fc854acd0f25858a13573675?s=96&d=mm&r=g","contentUrl":"https:\/\/secure.gravatar.com\/avatar\/4a87d013fc854acd0f25858a13573675?s=96&d=mm&r=g","caption":"AqME"},"description":"Amateur d'horreur, M\u00e9talleux dans l'\u00e2me, je succombe facilement \u00e0 des images de chatons.","url":"https:\/\/www.lavisqteam.fr\/?author=1"}]}},"jetpack_featured_media_url":"https:\/\/www.lavisqteam.fr\/wp-content\/uploads\/2013\/08\/Samy.jpg","_links":{"self":[{"href":"https:\/\/www.lavisqteam.fr\/index.php?rest_route=\/wp\/v2\/posts\/3486"}],"collection":[{"href":"https:\/\/www.lavisqteam.fr\/index.php?rest_route=\/wp\/v2\/posts"}],"about":[{"href":"https:\/\/www.lavisqteam.fr\/index.php?rest_route=\/wp\/v2\/types\/post"}],"author":[{"embeddable":true,"href":"https:\/\/www.lavisqteam.fr\/index.php?rest_route=\/wp\/v2\/users\/1"}],"replies":[{"embeddable":true,"href":"https:\/\/www.lavisqteam.fr\/index.php?rest_route=%2Fwp%2Fv2%2Fcomments&post=3486"}],"version-history":[{"count":4,"href":"https:\/\/www.lavisqteam.fr\/index.php?rest_route=\/wp\/v2\/posts\/3486\/revisions"}],"predecessor-version":[{"id":7586,"href":"https:\/\/www.lavisqteam.fr\/index.php?rest_route=\/wp\/v2\/posts\/3486\/revisions\/7586"}],"wp:featuredmedia":[{"embeddable":true,"href":"https:\/\/www.lavisqteam.fr\/index.php?rest_route=\/wp\/v2\/media\/3487"}],"wp:attachment":[{"href":"https:\/\/www.lavisqteam.fr\/index.php?rest_route=%2Fwp%2Fv2%2Fmedia&parent=3486"}],"wp:term":[{"taxonomy":"category","embeddable":true,"href":"https:\/\/www.lavisqteam.fr\/index.php?rest_route=%2Fwp%2Fv2%2Fcategories&post=3486"},{"taxonomy":"post_tag","embeddable":true,"href":"https:\/\/www.lavisqteam.fr\/index.php?rest_route=%2Fwp%2Fv2%2Ftags&post=3486"}],"curies":[{"name":"wp","href":"https:\/\/api.w.org\/{rel}","templated":true}]}}