{"id":34787,"date":"2018-03-26T18:53:04","date_gmt":"2018-03-26T18:53:04","guid":{"rendered":"http:\/\/www.lavisqteam.fr\/?p=34787"},"modified":"2021-05-01T10:10:01","modified_gmt":"2021-05-01T10:10:01","slug":"le-pacte-des-marchombres-t-03-ellana-la-prophetie-pierre-bottero","status":"publish","type":"post","link":"https:\/\/www.lavisqteam.fr\/?p=34787","title":{"rendered":"Le Pacte des Marchombres T.03 &#8211; Ellana &#8211; La Proph\u00e9tie &#8211; Pierre Bottero"},"content":{"rendered":"<p style=\"text-align: center;\"><a href=\"https:\/\/www.lavisqteam.fr\/wp-content\/uploads\/2018\/03\/29541186_10216354401197633_2839197373790420992_n.jpg\"><img loading=\"lazy\" class=\"alignnone size-full wp-image-34788\" src=\"https:\/\/www.lavisqteam.fr\/wp-content\/uploads\/2018\/03\/29541186_10216354401197633_2839197373790420992_n.jpg\" alt=\"\" width=\"250\" height=\"388\" srcset=\"https:\/\/www.lavisqteam.fr\/wp-content\/uploads\/2018\/03\/29541186_10216354401197633_2839197373790420992_n.jpg 250w, https:\/\/www.lavisqteam.fr\/wp-content\/uploads\/2018\/03\/29541186_10216354401197633_2839197373790420992_n-193x300.jpg 193w\" sizes=\"(max-width: 250px) 100vw, 250px\" \/><\/a><\/p>\n<p><strong>Auteur&nbsp;: <\/strong>Pierre Bottero<\/p>\n<p><strong>Editeur&nbsp;: <\/strong>Rageot<\/p>\n<p><strong>Genre&nbsp;: <\/strong>Fantasy<\/p>\n<p><strong>R\u00e9sum\u00e9&nbsp;:<\/strong><\/p>\n<p>Les ann\u00e9es ont pass\u00e9. Ellana a rejoint Ewilan, Salim et Edwin. Marchombre accomplie, elle accompagne Salim sur la voie. Alors qu&rsquo;elle croit avoir enfin trouv\u00e9 l&rsquo;amour aupr\u00e8s d&rsquo;Edwin, les d\u00e9mons du pass\u00e9 ressurgissent<\/p>\n<p>S&rsquo;appuyant sur une antique proph\u00e9tie, les mercenaires du Chaos menacent la guilde. Et les \u00eatres qui sont chers \u00e0 Ellana disparaissent un \u00e0 un\u2026<\/p>\n<p><strong>Avis&nbsp;:<\/strong><\/p>\n<p>Ce dernier tome est certainement le meilleur de la trilogie&nbsp;! L\u2019intrigue continue son cours et se termine d\u2019une merveilleuse mani\u00e8re, en pla\u00e7ant la justice, l\u2019amour, la famille et la fraternit\u00e9 au-dessus de tout. Cette fin que l\u2019on pourrait qualifier de \u00ab&nbsp;bisounours&nbsp;\u00bb pourra en d\u00e9cevoir certains ou en \u00e9mouvoir d\u2019autres. De par ses anciens ouvrages et son style d\u2019\u00e9criture, il \u00e9tait pr\u00e9visible que l\u2019auteur nous donne une fin heureuse, digne de son id\u00e9al et c\u2019est tant mieux. D\u2019autant plus, que le tome 2 a \u00e9t\u00e9 une vraie douleur pour Ellana, qui a perdu nombre de ses compagnons et qui a fr\u00f4l\u00e9 la mort plus d\u2019une fois. Le tome 3 donne enfin \u00e0 l\u2019h\u00e9ro\u00efne le bonheur qu\u2019elle a m\u00e9rit\u00e9, et cela fait plaisir&nbsp;!<\/p>\n<p>Ce roman est particulier car il nous plonge quelques ann\u00e9es apr\u00e8s les p\u00e9rip\u00e9ties du second tome, mais \u00e9galement apr\u00e8s les aventures d\u2019Ewilan, cont\u00e9es dans les deux trilogies de l\u2019auteur (<strong>La qu\u00eate d\u2019Ewilan<\/strong>, <strong>Les mondes d\u2019Ewilan<\/strong>). Avoir lu ces six livres est un r\u00e9el avantage pour comprendre toutes les anecdotes et se rappeler l\u2019identit\u00e9 de plusieurs personnes. Il est tout de m\u00eame possible de poursuivre la lecture sans avoir lu les r\u00e9cits d\u2019Ewilan, \u00e9tant donn\u00e9 que l\u2019auteur r\u00e9sume en quelques mots qui elle est et ce qui s\u2019est pass\u00e9. Cependant, le lecteur ne connaissant pas ces livres perdra \u00e9norm\u00e9ment en profondeur et en compr\u00e9hension de certains caract\u00e8res, tels ceux d\u2019Edwin, le compagnon d\u2019Ellana ou de Salim, son nouvel apprenti. <em>Pierre Bottero<\/em> arrive ainsi \u00e0 lier trois de ses trilogies et \u00e0 cr\u00e9er un univers riche et passionnant.<\/p>\n<p>Ellana a bien chang\u00e9&nbsp;: maintenant m\u00e8re et ma\u00eetre Marchombre, on la voit \u00e9voluer dans des sph\u00e8res nouvelles qui lui vont \u00e0 ravir. Son caract\u00e8re toujours bien tremp\u00e9 est encore plus ac\u00e9r\u00e9 et elle m\u00e8ne la vie dure \u00e0 son nouvel apprenti, imitant ce que lui avait enseign\u00e9 son propre ma\u00eetre Jilano. Ellana est encore plus forte, plus s\u00fbre d\u2019elle, plus confiante, plus aimante et plus grandiose. Ses r\u00e9flexions po\u00e9tiques et spirituellement enchanteresses, tout comme ses \u00e9mois et sursauts d\u2019affection pour son enfant, nous l\u2019a font para\u00eetre plus humaine et plus sensible. Ellana est un personnage rare, bien construit, \u00e0 la personnalit\u00e9 complexe et multiple. Ses souffrances sont les n\u00f4tres et ses joies nous font du bien. Le lecteur s\u2019attache facilement et vit un calvaire \u00e0 ses c\u00f4t\u00e9s, jusqu\u2019au d\u00e9nouement final.<\/p>\n<p>Les moments d\u2019apprentissage de Salim rappellent beaucoup les instants o\u00f9 la jeune femme parcourait le monde avec son propre ma\u00eetre. Les dialogues sont toujours aussi int\u00e9ressants et emprunts de po\u00e9sie marchombre. Tous ces proverbes et conseils r\u00e9sonnent en nous, jusqu\u2019\u00e0 ce qu\u2019on se les approprie totalement. Certaines parties du livre font r\u00e9f\u00e9rence aux premiers tomes, notamment \u00e0 la toute jeune enfance d\u2019Ellana, en nous replongeant dans le monde des Petits, dont la vie tranquille et sans emb\u00fbche am\u00e8ne des dialogues et des situations vraiment cocasses. Ils nous font toujours autant rire et tranchent avec l\u2019ambiance tout de m\u00eame sombre de l\u2019histoire principale. On retrouve \u00e9galement deux personnages f\u00e9eriques pr\u00e9sent\u00e9s dans le tome 2, qui vont se montrer bien utiles pour Ellana. La rencontre dans le second tome n\u2019\u00e9tait clairement pas anodine. Enfin, Aoro est ici important, tout comme son auberge, qui r\u00e9unit nombre des compagnons de la jeune femme et qui lui apporte des moments de calme bien m\u00e9rit\u00e9s. Tous les faits des anciens tomes prennent ici tout leur sens.<\/p>\n<p>Dans ce livre, l\u2019auteur use \u00e0 outrance des retours en arri\u00e8re. D\u00e9j\u00e0 utilis\u00e9s, mais de moindre mani\u00e8re, dans les tomes pr\u00e9c\u00e9dents, le tome 3 foisonne de retours en arri\u00e8re, sens\u00e9s apporter du suspens et nous donner envie de lire la suite. Ils finissent par \u00eatre vraiment d\u00e9rangeants et agacent m\u00eame sur la fin. L\u2019auteur aime nous pr\u00e9senter un fait ou une action puis de remonter quelques heures en arri\u00e8re, jusqu\u2019\u00e0 revenir \u00e0 ce qui nous a \u00e9t\u00e9 pr\u00e9sent\u00e9. Cela apporte un suspens incroyable mais brise aussi le rythme de lecture car cela ne fait pas avancer l\u2019histoire, \u00e9tant donn\u00e9 que l\u2019on sait d\u00e9j\u00e0 ce qui va se passer, m\u00eame si l\u2019on n\u2019avait pas toutes les explications sous nos yeux. Ces flash-backs incessants sont lassants, notamment lors de la bataille finale. On ne fait que reculer pour ensuite mieux avancer. Ces va-et-vient sont trop nombreux pour \u00eatre v\u00e9ritablement appr\u00e9ci\u00e9s \u00e0 leur juste valeur et c\u2019est dommage. On n\u2019a qu\u2019une envie, c\u2019est de passer quelques pages pour arriver au moment qui nous int\u00e9resse&nbsp;!<\/p>\n<p>Le retour d\u2019Ewilan en tant que personnage principal est sympathique. La jeune femme a m\u00fbri, grandi et ses talents sont d\u2019une grande utilit\u00e9. Revoir Salim, en tant qu\u2019apprenti, est \u00e9galement agr\u00e9able et on s\u2019attache rapidement \u00e0 lui dans ce livre. Edwin, le guerrier dur et froid, prend une autre dimension ici. Le lecteur le d\u00e9couvre plus humain, moins hautain et amoureux. On retrouve tous les autres personnages marquants du monde d\u2019Ewilan. Ce tome semble r\u00e9ellement marquer un tournant, une fin m\u00e9morable des livres concernant cet univers. La r\u00e9unification de tous les personnages que l\u2019on a connus dans les trois trilogies est vraiment \u00e9mouvante et nous touche profond\u00e9ment.<\/p>\n<p>L\u2019auteur cl\u00f4t cette histoire avec panache et amour, offrant au lecteur des sc\u00e8nes de bataille m\u00e9morables, des dialogues prenants et des h\u00e9ros majestueux. La fin semble classique, sans grand v\u00e9ritable suspens, mais cela n\u2019enl\u00e8ve rien au plaisir de lecture et \u00e0 la joie \u00e9prouv\u00e9e quand tout se termine bien. Ellana, plus qu\u2019Ewilan, est le personnage majeur de ces aventures&nbsp;: belle, forte, complexe, combattante\u2026 autant d\u2019adjectifs qui la d\u00e9crivent mais qui ne permettent pas de la pr\u00e9senter dans toute sa splendeur tant son caract\u00e8re est unique en son genre.<\/p>\n<p><strong>Note&nbsp;: 19\/20<\/strong><\/p>\n<p style=\"text-align: right;\">Par <strong>Lildrille<\/strong><\/p>\n","protected":false},"excerpt":{"rendered":"<p>Auteur&nbsp;: Pierre Bottero Editeur&nbsp;: Rageot Genre&nbsp;: Fantasy R\u00e9sum\u00e9&nbsp;: Les ann\u00e9es ont pass\u00e9. Ellana a rejoint Ewilan, Salim et Edwin. Marchombre accomplie, elle accompagne Salim sur &hellip; <\/p>\n","protected":false},"author":2,"featured_media":0,"comment_status":"open","ping_status":"open","sticky":false,"template":"","format":"standard","meta":[],"categories":[10],"tags":[],"yoast_head":"<!-- This site is optimized with the Yoast SEO plugin v19.6.1 - https:\/\/yoast.com\/wordpress\/plugins\/seo\/ -->\n<title>Le Pacte des Marchombres T.03 - Ellana - La Proph\u00e9tie - Pierre Bottero - Lavisqteam.fr<\/title>\n<meta name=\"robots\" content=\"index, follow, max-snippet:-1, max-image-preview:large, max-video-preview:-1\" \/>\n<link rel=\"canonical\" href=\"https:\/\/www.lavisqteam.fr\/?p=34787\" \/>\n<meta property=\"og:locale\" content=\"fr_FR\" \/>\n<meta property=\"og:type\" content=\"article\" \/>\n<meta property=\"og:title\" content=\"Le Pacte des Marchombres T.03 - Ellana - La Proph\u00e9tie - Pierre Bottero - Lavisqteam.fr\" \/>\n<meta property=\"og:description\" content=\"Auteur&nbsp;: Pierre Bottero Editeur&nbsp;: Rageot Genre&nbsp;: Fantasy R\u00e9sum\u00e9&nbsp;: Les ann\u00e9es ont pass\u00e9. Ellana a rejoint Ewilan, Salim et Edwin. Marchombre accomplie, elle accompagne Salim sur &hellip;\" \/>\n<meta property=\"og:url\" content=\"https:\/\/www.lavisqteam.fr\/?p=34787\" \/>\n<meta property=\"og:site_name\" content=\"Lavisqteam.fr\" \/>\n<meta property=\"article:author\" content=\"https:\/\/www.facebook.com\/chloe.garcia.351\" \/>\n<meta property=\"article:published_time\" content=\"2018-03-26T18:53:04+00:00\" \/>\n<meta property=\"article:modified_time\" content=\"2021-05-01T10:10:01+00:00\" \/>\n<meta property=\"og:image\" content=\"http:\/\/www.lavisqteam.fr\/wp-content\/uploads\/2018\/03\/29541186_10216354401197633_2839197373790420992_n.jpg\" \/>\n<meta name=\"author\" content=\"Lildrille\" \/>\n<meta name=\"twitter:card\" content=\"summary_large_image\" \/>\n<meta name=\"twitter:label1\" content=\"\u00c9crit par\" \/>\n\t<meta name=\"twitter:data1\" content=\"Lildrille\" \/>\n\t<meta name=\"twitter:label2\" content=\"Dur\u00e9e de lecture estim\u00e9e\" \/>\n\t<meta name=\"twitter:data2\" content=\"5 minutes\" \/>\n<script type=\"application\/ld+json\" class=\"yoast-schema-graph\">{\"@context\":\"https:\/\/schema.org\",\"@graph\":[{\"@type\":\"Article\",\"@id\":\"https:\/\/www.lavisqteam.fr\/?p=34787#article\",\"isPartOf\":{\"@id\":\"https:\/\/www.lavisqteam.fr\/?p=34787\"},\"author\":{\"name\":\"Lildrille\",\"@id\":\"https:\/\/www.lavisqteam.fr\/#\/schema\/person\/e2e3eb3cb179a4f0299403b29e235d24\"},\"headline\":\"Le Pacte des Marchombres T.03 &#8211; Ellana &#8211; La Proph\u00e9tie &#8211; Pierre Bottero\",\"datePublished\":\"2018-03-26T18:53:04+00:00\",\"dateModified\":\"2021-05-01T10:10:01+00:00\",\"mainEntityOfPage\":{\"@id\":\"https:\/\/www.lavisqteam.fr\/?p=34787\"},\"wordCount\":1148,\"commentCount\":0,\"publisher\":{\"@id\":\"https:\/\/www.lavisqteam.fr\/#organization\"},\"articleSection\":[\"Roman\"],\"inLanguage\":\"fr-FR\",\"potentialAction\":[{\"@type\":\"CommentAction\",\"name\":\"Comment\",\"target\":[\"https:\/\/www.lavisqteam.fr\/?p=34787#respond\"]}]},{\"@type\":\"WebPage\",\"@id\":\"https:\/\/www.lavisqteam.fr\/?p=34787\",\"url\":\"https:\/\/www.lavisqteam.fr\/?p=34787\",\"name\":\"Le Pacte des Marchombres T.03 - Ellana - La Proph\u00e9tie - Pierre Bottero - Lavisqteam.fr\",\"isPartOf\":{\"@id\":\"https:\/\/www.lavisqteam.fr\/#website\"},\"datePublished\":\"2018-03-26T18:53:04+00:00\",\"dateModified\":\"2021-05-01T10:10:01+00:00\",\"breadcrumb\":{\"@id\":\"https:\/\/www.lavisqteam.fr\/?p=34787#breadcrumb\"},\"inLanguage\":\"fr-FR\",\"potentialAction\":[{\"@type\":\"ReadAction\",\"target\":[\"https:\/\/www.lavisqteam.fr\/?p=34787\"]}]},{\"@type\":\"BreadcrumbList\",\"@id\":\"https:\/\/www.lavisqteam.fr\/?p=34787#breadcrumb\",\"itemListElement\":[{\"@type\":\"ListItem\",\"position\":1,\"name\":\"Accueil\",\"item\":\"https:\/\/www.lavisqteam.fr\/\"},{\"@type\":\"ListItem\",\"position\":2,\"name\":\"Le Pacte des Marchombres T.03 &#8211; Ellana &#8211; La Proph\u00e9tie &#8211; Pierre Bottero\"}]},{\"@type\":\"WebSite\",\"@id\":\"https:\/\/www.lavisqteam.fr\/#website\",\"url\":\"https:\/\/www.lavisqteam.fr\/\",\"name\":\"Lavisqteam.fr\",\"description\":\"\",\"publisher\":{\"@id\":\"https:\/\/www.lavisqteam.fr\/#organization\"},\"potentialAction\":[{\"@type\":\"SearchAction\",\"target\":{\"@type\":\"EntryPoint\",\"urlTemplate\":\"https:\/\/www.lavisqteam.fr\/?s={search_term_string}\"},\"query-input\":\"required name=search_term_string\"}],\"inLanguage\":\"fr-FR\"},{\"@type\":\"Organization\",\"@id\":\"https:\/\/www.lavisqteam.fr\/#organization\",\"name\":\"Lavisqteam.fr\",\"url\":\"https:\/\/www.lavisqteam.fr\/\",\"sameAs\":[],\"logo\":{\"@type\":\"ImageObject\",\"inLanguage\":\"fr-FR\",\"@id\":\"https:\/\/www.lavisqteam.fr\/#\/schema\/logo\/image\/\",\"url\":\"https:\/\/www.lavisqteam.fr\/wp-content\/uploads\/2020\/08\/cropped-80879545_3479261675449035_4078032831501041664_o-4.jpg\",\"contentUrl\":\"https:\/\/www.lavisqteam.fr\/wp-content\/uploads\/2020\/08\/cropped-80879545_3479261675449035_4078032831501041664_o-4.jpg\",\"width\":1674,\"height\":536,\"caption\":\"Lavisqteam.fr\"},\"image\":{\"@id\":\"https:\/\/www.lavisqteam.fr\/#\/schema\/logo\/image\/\"}},{\"@type\":\"Person\",\"@id\":\"https:\/\/www.lavisqteam.fr\/#\/schema\/person\/e2e3eb3cb179a4f0299403b29e235d24\",\"name\":\"Lildrille\",\"image\":{\"@type\":\"ImageObject\",\"inLanguage\":\"fr-FR\",\"@id\":\"https:\/\/www.lavisqteam.fr\/#\/schema\/person\/image\/\",\"url\":\"https:\/\/secure.gravatar.com\/avatar\/1fbe78d5f27ffb4f9c29619bd30c90db?s=96&d=mm&r=g\",\"contentUrl\":\"https:\/\/secure.gravatar.com\/avatar\/1fbe78d5f27ffb4f9c29619bd30c90db?s=96&d=mm&r=g\",\"caption\":\"Lildrille\"},\"description\":\"Passionn\u00e9e d\u2019imaginaire et d\u2019\u00e9vasion depuis longtemps, \u00e9crire et lire sont mes activit\u00e9s favorites. Dans un monde souvent sombre, m'\u00e9vader et fournir du r\u00eave sont mes objectifs. Suivez-moi en tant qu'auteure ici : https:\/\/www.2passions1dream.com\/. Et en tant que chroniqueuse aussi l\u00e0 : https:\/\/simplement.pro\/u\/Lildrille.\",\"sameAs\":[\"http:\/\/Lavisqteam.fr\",\"https:\/\/www.facebook.com\/chloe.garcia.351\",\"https:\/\/www.instagram.com\/chloe.garcia.artiste\/\",\"https:\/\/www.linkedin.com\/in\/garcia-chloe\/\"],\"url\":\"https:\/\/www.lavisqteam.fr\/?author=2\"}]}<\/script>\n<!-- \/ Yoast SEO plugin. -->","yoast_head_json":{"title":"Le Pacte des Marchombres T.03 - Ellana - La Proph\u00e9tie - Pierre Bottero - Lavisqteam.fr","robots":{"index":"index","follow":"follow","max-snippet":"max-snippet:-1","max-image-preview":"max-image-preview:large","max-video-preview":"max-video-preview:-1"},"canonical":"https:\/\/www.lavisqteam.fr\/?p=34787","og_locale":"fr_FR","og_type":"article","og_title":"Le Pacte des Marchombres T.03 - Ellana - La Proph\u00e9tie - Pierre Bottero - Lavisqteam.fr","og_description":"Auteur&nbsp;: Pierre Bottero Editeur&nbsp;: Rageot Genre&nbsp;: Fantasy R\u00e9sum\u00e9&nbsp;: Les ann\u00e9es ont pass\u00e9. Ellana a rejoint Ewilan, Salim et Edwin. Marchombre accomplie, elle accompagne Salim sur &hellip;","og_url":"https:\/\/www.lavisqteam.fr\/?p=34787","og_site_name":"Lavisqteam.fr","article_author":"https:\/\/www.facebook.com\/chloe.garcia.351","article_published_time":"2018-03-26T18:53:04+00:00","article_modified_time":"2021-05-01T10:10:01+00:00","og_image":[{"url":"http:\/\/www.lavisqteam.fr\/wp-content\/uploads\/2018\/03\/29541186_10216354401197633_2839197373790420992_n.jpg"}],"author":"Lildrille","twitter_card":"summary_large_image","twitter_misc":{"\u00c9crit par":"Lildrille","Dur\u00e9e de lecture estim\u00e9e":"5 minutes"},"schema":{"@context":"https:\/\/schema.org","@graph":[{"@type":"Article","@id":"https:\/\/www.lavisqteam.fr\/?p=34787#article","isPartOf":{"@id":"https:\/\/www.lavisqteam.fr\/?p=34787"},"author":{"name":"Lildrille","@id":"https:\/\/www.lavisqteam.fr\/#\/schema\/person\/e2e3eb3cb179a4f0299403b29e235d24"},"headline":"Le Pacte des Marchombres T.03 &#8211; Ellana &#8211; La Proph\u00e9tie &#8211; Pierre Bottero","datePublished":"2018-03-26T18:53:04+00:00","dateModified":"2021-05-01T10:10:01+00:00","mainEntityOfPage":{"@id":"https:\/\/www.lavisqteam.fr\/?p=34787"},"wordCount":1148,"commentCount":0,"publisher":{"@id":"https:\/\/www.lavisqteam.fr\/#organization"},"articleSection":["Roman"],"inLanguage":"fr-FR","potentialAction":[{"@type":"CommentAction","name":"Comment","target":["https:\/\/www.lavisqteam.fr\/?p=34787#respond"]}]},{"@type":"WebPage","@id":"https:\/\/www.lavisqteam.fr\/?p=34787","url":"https:\/\/www.lavisqteam.fr\/?p=34787","name":"Le Pacte des Marchombres T.03 - Ellana - La Proph\u00e9tie - Pierre Bottero - Lavisqteam.fr","isPartOf":{"@id":"https:\/\/www.lavisqteam.fr\/#website"},"datePublished":"2018-03-26T18:53:04+00:00","dateModified":"2021-05-01T10:10:01+00:00","breadcrumb":{"@id":"https:\/\/www.lavisqteam.fr\/?p=34787#breadcrumb"},"inLanguage":"fr-FR","potentialAction":[{"@type":"ReadAction","target":["https:\/\/www.lavisqteam.fr\/?p=34787"]}]},{"@type":"BreadcrumbList","@id":"https:\/\/www.lavisqteam.fr\/?p=34787#breadcrumb","itemListElement":[{"@type":"ListItem","position":1,"name":"Accueil","item":"https:\/\/www.lavisqteam.fr\/"},{"@type":"ListItem","position":2,"name":"Le Pacte des Marchombres T.03 &#8211; Ellana &#8211; La Proph\u00e9tie &#8211; Pierre Bottero"}]},{"@type":"WebSite","@id":"https:\/\/www.lavisqteam.fr\/#website","url":"https:\/\/www.lavisqteam.fr\/","name":"Lavisqteam.fr","description":"","publisher":{"@id":"https:\/\/www.lavisqteam.fr\/#organization"},"potentialAction":[{"@type":"SearchAction","target":{"@type":"EntryPoint","urlTemplate":"https:\/\/www.lavisqteam.fr\/?s={search_term_string}"},"query-input":"required name=search_term_string"}],"inLanguage":"fr-FR"},{"@type":"Organization","@id":"https:\/\/www.lavisqteam.fr\/#organization","name":"Lavisqteam.fr","url":"https:\/\/www.lavisqteam.fr\/","sameAs":[],"logo":{"@type":"ImageObject","inLanguage":"fr-FR","@id":"https:\/\/www.lavisqteam.fr\/#\/schema\/logo\/image\/","url":"https:\/\/www.lavisqteam.fr\/wp-content\/uploads\/2020\/08\/cropped-80879545_3479261675449035_4078032831501041664_o-4.jpg","contentUrl":"https:\/\/www.lavisqteam.fr\/wp-content\/uploads\/2020\/08\/cropped-80879545_3479261675449035_4078032831501041664_o-4.jpg","width":1674,"height":536,"caption":"Lavisqteam.fr"},"image":{"@id":"https:\/\/www.lavisqteam.fr\/#\/schema\/logo\/image\/"}},{"@type":"Person","@id":"https:\/\/www.lavisqteam.fr\/#\/schema\/person\/e2e3eb3cb179a4f0299403b29e235d24","name":"Lildrille","image":{"@type":"ImageObject","inLanguage":"fr-FR","@id":"https:\/\/www.lavisqteam.fr\/#\/schema\/person\/image\/","url":"https:\/\/secure.gravatar.com\/avatar\/1fbe78d5f27ffb4f9c29619bd30c90db?s=96&d=mm&r=g","contentUrl":"https:\/\/secure.gravatar.com\/avatar\/1fbe78d5f27ffb4f9c29619bd30c90db?s=96&d=mm&r=g","caption":"Lildrille"},"description":"Passionn\u00e9e d\u2019imaginaire et d\u2019\u00e9vasion depuis longtemps, \u00e9crire et lire sont mes activit\u00e9s favorites. Dans un monde souvent sombre, m'\u00e9vader et fournir du r\u00eave sont mes objectifs. Suivez-moi en tant qu'auteure ici : https:\/\/www.2passions1dream.com\/. Et en tant que chroniqueuse aussi l\u00e0 : https:\/\/simplement.pro\/u\/Lildrille.","sameAs":["http:\/\/Lavisqteam.fr","https:\/\/www.facebook.com\/chloe.garcia.351","https:\/\/www.instagram.com\/chloe.garcia.artiste\/","https:\/\/www.linkedin.com\/in\/garcia-chloe\/"],"url":"https:\/\/www.lavisqteam.fr\/?author=2"}]}},"jetpack_featured_media_url":"","_links":{"self":[{"href":"https:\/\/www.lavisqteam.fr\/index.php?rest_route=\/wp\/v2\/posts\/34787"}],"collection":[{"href":"https:\/\/www.lavisqteam.fr\/index.php?rest_route=\/wp\/v2\/posts"}],"about":[{"href":"https:\/\/www.lavisqteam.fr\/index.php?rest_route=\/wp\/v2\/types\/post"}],"author":[{"embeddable":true,"href":"https:\/\/www.lavisqteam.fr\/index.php?rest_route=\/wp\/v2\/users\/2"}],"replies":[{"embeddable":true,"href":"https:\/\/www.lavisqteam.fr\/index.php?rest_route=%2Fwp%2Fv2%2Fcomments&post=34787"}],"version-history":[{"count":2,"href":"https:\/\/www.lavisqteam.fr\/index.php?rest_route=\/wp\/v2\/posts\/34787\/revisions"}],"predecessor-version":[{"id":56008,"href":"https:\/\/www.lavisqteam.fr\/index.php?rest_route=\/wp\/v2\/posts\/34787\/revisions\/56008"}],"wp:attachment":[{"href":"https:\/\/www.lavisqteam.fr\/index.php?rest_route=%2Fwp%2Fv2%2Fmedia&parent=34787"}],"wp:term":[{"taxonomy":"category","embeddable":true,"href":"https:\/\/www.lavisqteam.fr\/index.php?rest_route=%2Fwp%2Fv2%2Fcategories&post=34787"},{"taxonomy":"post_tag","embeddable":true,"href":"https:\/\/www.lavisqteam.fr\/index.php?rest_route=%2Fwp%2Fv2%2Ftags&post=34787"}],"curies":[{"name":"wp","href":"https:\/\/api.w.org\/{rel}","templated":true}]}}