{"id":3262,"date":"2013-07-28T14:58:34","date_gmt":"2013-07-28T14:58:34","guid":{"rendered":"http:\/\/www.lavisqteam.fr\/?p=3262"},"modified":"2013-07-28T14:58:34","modified_gmt":"2013-07-28T14:58:34","slug":"interview-lionel-grenier","status":"publish","type":"post","link":"https:\/\/www.lavisqteam.fr\/?p=3262","title":{"rendered":"Interview Lionel Grenier"},"content":{"rendered":"<p>Nous l\u2019avions d\u00e9j\u00e0 rencontr\u00e9 il y a quelques ann\u00e9es lors de la cr\u00e9ation de sa revue sur le cin\u00e9ma\u00a0; \u00ab\u00a0Manivelle\u00a0\u00bb. Malgr\u00e9 l\u2019arr\u00eat de celle-ci, Lionel Grenier continue d\u2019\u00e9crire et vient de r\u00e9diger un livret de 16 pages inclus dans l\u2019\u00e9dition collector de \u00ab\u00a0La Guerre des Gangs\u00a0\u00bb de Lucio Fulci sorti en DVD chez Ecstasy of Films (<a href=\"http:\/\/the-ecstasy-of-films.com\/\">http:\/\/the-ecstasy-of-films.com\/<\/a>). Logique puisque Lionel est un sp\u00e9cialiste du cin\u00e9aste italien pour avoir notamment cr\u00e9\u00e9 luciofulci.fr et particip\u00e9 au livre Lucio Fulci \u2013 le po\u00e8te du macabre (collection Cin\u2019Exploitation dirig\u00e9e par Julien S\u00e9v\u00e9on). Focus sur ce passionn\u00e9 de cin\u00e9ma et par la m\u00eame occasion sur un \u00e9diteur DVD ind\u00e9pendant qui s\u2019attache \u00e0 sortir des films jusque l\u00e0 in\u00e9dits en France.<\/p>\n<p style=\"text-align: center;\">\u00a0<a href=\"https:\/\/www.lavisqteam.fr\/wp-content\/uploads\/2013\/07\/lionel_small02.jpg\"><img loading=\"lazy\" class=\"alignnone size-full wp-image-3263\" alt=\"lionel_small02\" src=\"https:\/\/www.lavisqteam.fr\/wp-content\/uploads\/2013\/07\/lionel_small02.jpg\" width=\"500\" height=\"396\" srcset=\"https:\/\/www.lavisqteam.fr\/wp-content\/uploads\/2013\/07\/lionel_small02.jpg 500w, https:\/\/www.lavisqteam.fr\/wp-content\/uploads\/2013\/07\/lionel_small02-300x237.jpg 300w\" sizes=\"(max-width: 500px) 100vw, 500px\" \/><\/a><\/p>\n<ul>\n<li>Salut Lionel\u00a0! Pas mal d\u2019eau \u00e0 couler sous les ponts depuis notre pr\u00e9c\u00e9dente entrevue (<a href=\"http:\/\/www.shunrize.com\/blog\/interview-lionel-grenier-manivelle\">http:\/\/www.shunrize.com\/blog\/interview-lionel-grenier-manivelle<\/a>) dont, malheureusement l\u2019arr\u00eat de Manivelle. Pourquoi cet arr\u00eat et quels sont les enseignements que tu retiendras de cette aventure\u00a0?<\/li>\n<\/ul>\n<p>Etrangement, Manivelle s\u2019est arr\u00eat\u00e9e \u00e0 cause de son succ\u00e8s. Je ne pensais pas que la revue fonctionnerait si bien si rapidement, m\u00eame dans le cadre de l\u2019artisanat, dans un mode de production et un mode de diffusion ind\u00e9pendants. Entre mon travail, la revue,\u00a0 les autres projets qui \u00e9taient en cours et la sant\u00e9, il a fallu faire un choix. J\u2019ai pr\u00e9f\u00e9r\u00e9 terminer sur un num\u00e9ro dont j\u2019\u00e9tais satisfait plut\u00f4t que de continuer en \u00e9tant moins pr\u00e9sent comme r\u00e9dacteur en chef et me retrouver avec une revue qui ne me correspondait plus. Je repense \u00e0 ce dernier num\u00e9ro avec \u00e9motion, d\u2019autant plus que Gabrielle Lucantonio, l\u2019auteure du dossier sur les Goblin (dont elle \u00e9tait la sp\u00e9cialiste mondiale), nous a quitt\u00e9 en d\u00e9but d\u2019ann\u00e9e\u2026 Et elle nous manque.<\/p>\n<p>Les enseignements sont divers comme dans chaque aventure&#8230;J\u2019y ai fait de belles rencontres humaines, certains r\u00e9dacteurs ont depuis publi\u00e9 des livres sur le cin\u00e9ma, etc. J\u2019esp\u00e8re qu\u2019avec Manivelle, on a donn\u00e9 envie \u00e0 des gens de regarder les films de Giulio Questi, Flora Gomes ou Jean-Luc Brisseau\u2026<\/p>\n<p style=\"text-align: center;\">\u00a0<a href=\"https:\/\/www.lavisqteam.fr\/wp-content\/uploads\/2013\/07\/cinemag-fantastique.jpg\"><img loading=\"lazy\" class=\" wp-image-3264 aligncenter\" alt=\"cinemag fantastique\" src=\"https:\/\/www.lavisqteam.fr\/wp-content\/uploads\/2013\/07\/cinemag-fantastique.jpg\" width=\"428\" height=\"601\" srcset=\"https:\/\/www.lavisqteam.fr\/wp-content\/uploads\/2013\/07\/cinemag-fantastique.jpg 612w, https:\/\/www.lavisqteam.fr\/wp-content\/uploads\/2013\/07\/cinemag-fantastique-213x300.jpg 213w\" sizes=\"(max-width: 428px) 100vw, 428px\" \/><\/a><\/p>\n<ul>\n<li>Pour autant, tu continues toujours d\u2019\u00e9crire\u2026<\/li>\n<\/ul>\n<p>En effet, bien que l\u2019\u00e9criture me prenne moins de temps aujourd\u2019hui. J\u2019ai eu le plaisir d\u2019\u00e9crire un dossier sur Tobe Hooper pour Medusa, le fanzine culte de Didier Lefevre. Sur le m\u00eame sujet, j\u2019ai particip\u00e9 modestement \u00e0 un num\u00e9ro de Toutes les couleurs du Bis sur Hooper. Et puis surtout, Je m\u2019occupe toujours de mon site luciofulci.fr qui commence \u00e0 \u00eatre connu m\u00eame en Italie et aux Etats-Unis. J\u2019ai \u00e9crit sur ce cin\u00e9aste pour le hors-s\u00e9rie de Cin\u00e9trange intitul\u00e9 Nos Ann\u00e9es 80 vol.1 et pour la revue belge Cin\u00e9magfantastique.<\/p>\n<p style=\"text-align: center;\">\u00a0<a href=\"https:\/\/www.lavisqteam.fr\/wp-content\/uploads\/2013\/07\/cinetrange_hs_vol1.jpg\"><img loading=\"lazy\" class=\"alignnone size-full wp-image-3265\" alt=\"cinetrange_hs_vol1\" src=\"https:\/\/www.lavisqteam.fr\/wp-content\/uploads\/2013\/07\/cinetrange_hs_vol1.jpg\" width=\"360\" height=\"500\" srcset=\"https:\/\/www.lavisqteam.fr\/wp-content\/uploads\/2013\/07\/cinetrange_hs_vol1.jpg 360w, https:\/\/www.lavisqteam.fr\/wp-content\/uploads\/2013\/07\/cinetrange_hs_vol1-216x300.jpg 216w\" sizes=\"(max-width: 360px) 100vw, 360px\" \/><\/a><\/p>\n<ul>\n<li>D\u2019ailleurs, derni\u00e8rement tu as \u00e9crit un livret de 16 pages pour le DVD de La Guerre des gangs de Lucio Fulci sorti chez The Ecstasy of Films (<a href=\"http:\/\/the-ecstasy-of-films.com\/\">http:\/\/the-ecstasy-of-films.com\/<\/a>). Ce film \u00e9tait jusque l\u00e0 in\u00e9dit en France sur ce support\u2026<\/li>\n<\/ul>\n<p>Tout \u00e0 fait. Christophe Cosyns (que je ne connaissais absolument pas) m\u2019a un jour contact\u00e9 pour me parler de ce projet. J\u2019ai accept\u00e9 parce que non seulement, j\u2019aime bien ce film, mais en plus, le livret m\u2019a permis de tordre le cou \u00e0 certaines id\u00e9es re\u00e7ues qui tra\u00eenent \u00e7a et l\u00e0, notamment sur internet. \u00a0C\u2019\u00e9tait aussi l\u2019occasion pour moi de retrouver Fabio Frizzi pour une interview sur la musique du film\u00a0; une musique qu\u2019il aime particuli\u00e8rement.<\/p>\n<p>Et l\u2019id\u00e9e d\u2019une collection Fulci ne pouvait que m\u2019enchanter.<\/p>\n<p style=\"text-align: center;\">\u00a0<a href=\"https:\/\/www.lavisqteam.fr\/wp-content\/uploads\/2013\/07\/3guerredesgangs.jpg\"><img loading=\"lazy\" class=\" wp-image-3266 aligncenter\" alt=\"3guerredesgangs\" src=\"https:\/\/www.lavisqteam.fr\/wp-content\/uploads\/2013\/07\/3guerredesgangs.jpg\" width=\"672\" height=\"323\" srcset=\"https:\/\/www.lavisqteam.fr\/wp-content\/uploads\/2013\/07\/3guerredesgangs.jpg 960w, https:\/\/www.lavisqteam.fr\/wp-content\/uploads\/2013\/07\/3guerredesgangs-300x144.jpg 300w\" sizes=\"(max-width: 672px) 100vw, 672px\" \/><\/a><\/p>\n<ul>\n<li>Le public de fans conna\u00eet notamment Lucio Fulci pour ses films d\u2019horreur qui auront marqu\u00e9 les ann\u00e9es 70-80 avec L\u2019au-del\u00e0, Frayeurs ou encore l\u2019Enfer des Zombies mais ne connait pas forcement les autres facettes du cin\u00e9aste.<\/li>\n<\/ul>\n<p>Ses films d\u2019horreur \u00e9taient destin\u00e9s au march\u00e9 international contrairement \u00e0 ses com\u00e9dies ou \u00e0 La Guerre des gangs d\u2019ailleurs. Depuis notamment le travail de N\u00e9o Publishing qui avait \u00e9dit\u00e9 en DVD certains de ses gialli ou encore le tr\u00e8s beau drame historique Beatrice Cenci, les choses tendent \u00e0 changer un peu. En tout cas, c\u2019est dans cette optique l\u00e0 que j\u2019ai cr\u00e9\u00e9 <a href=\"http:\/\/www.luciofulci.fr\/\">luciofulci.fr<\/a>\u00a0: montrer les diverses facettes de son \u0153uvre.<\/p>\n<p>&nbsp;<\/p>\n<ul>\n<li>L\u2019Italie des ann\u00e9es 70 \u00e9tait submerg\u00e9e \u00e0 la fois de Western Spaghetti mais aussi de ces N\u00e9o-Polars. On pourrait croire que celui-ci est noy\u00e9 dans la masse mais pourtant on reconnait la patte du r\u00e9alisateur &#8230;<\/li>\n<\/ul>\n<p>Chronologiquement, les N\u00e9o-polars ont remplac\u00e9 les westerns \u00ab\u00a0spaghetti\u00a0\u00bb en fait et en effet, la patte de Fulci est tr\u00e8s reconnaissable dans La Guerre des gangs qui est son seul polar. Tout le monde parle de la violence du film mais Fulci n\u2019est pas le seul r\u00e9alisateur italien \u00e0 filmer la violence. Ce qui le rattache \u00e0 ses autres films, c\u2019est dans sa mani\u00e8re de faire surgir cette violence par sa mise en sc\u00e8ne. Alors que le polar est un genre tr\u00e8s r\u00e9aliste, Fulci tourne certaines sc\u00e8nes comme des cauchemars, et ce, par sa connaissance pointue de la mise en sc\u00e8ne (cadre, mouvement, son, etc.). Et La Guerre des gangs, par bien des aspects, se rapproche des 4 de l\u2019apocalypse, le meilleur western de Fulci selon moi.<\/p>\n<p>&nbsp;<\/p>\n<ul>\n<li>Il faut rendre un grand coup de chapeau justement, \u00e0 l\u2019\u00e9diteur ind\u00e9pendant Ecstasy of Films, qui entreprend de sortir des films totalement oubli\u00e9s dans des \u00e9ditions collector \u00e0 faire p\u00e2lir les gros distributeurs et leurs radineries notoires en termes de suppl\u00e9ments&#8230; (tu peux en profiter pour enchainer et parler de l\u2019interview de Frizzi)<\/li>\n<\/ul>\n<p>The Ecstasy of Films essaie de poursuivre ce que faisait N\u00e9o Publishing avec de belles \u00e9ditions sp\u00e9ciales. C\u2019est tout \u00e0 son honneur. L\u2019\u00e9diteur fait aussi le pari d\u2019inclure des courts-m\u00e9trages de jeunes talents pour leur donner une certaine visibilit\u00e9.<\/p>\n<p style=\"text-align: center;\">\u00a0<a href=\"https:\/\/www.lavisqteam.fr\/wp-content\/uploads\/2013\/07\/lucio-fulci.jpg\"><img loading=\"lazy\" class=\"alignnone size-full wp-image-3267\" alt=\"lucio fulci\" src=\"https:\/\/www.lavisqteam.fr\/wp-content\/uploads\/2013\/07\/lucio-fulci.jpg\" width=\"332\" height=\"498\" srcset=\"https:\/\/www.lavisqteam.fr\/wp-content\/uploads\/2013\/07\/lucio-fulci.jpg 332w, https:\/\/www.lavisqteam.fr\/wp-content\/uploads\/2013\/07\/lucio-fulci-200x300.jpg 200w\" sizes=\"(max-width: 332px) 100vw, 332px\" \/><\/a><\/p>\n<ul>\n<li>Pour revenir sur ton cas personnel, quels sont tes projets \u00e0 venir\u00a0?<\/li>\n<\/ul>\n<p>J\u2019\u00e9cris actuellement un long article sur Le Ma\u00eetre des illusions de Clive Barker. Ce sera pour le 25<sup>\u00e8me<\/sup> num\u00e9ro de M\u00e9dusa qui f\u00eatera par la m\u00eame occasion ses 25 ans. Je suis heureux d\u2019y participer, surtout avec ce film que j\u2019appr\u00e9cie tout particuli\u00e8rement. Depuis quelques temps, je travaille aussi \u00e0 la refonte de mon site sur Fulci et je vais \u00e9largir le contenu \u00e0 l\u2019Italien et l\u2019Anglais.<\/p>\n<p>Il y a aussi d\u2019autres projets \u00e9ventuels mais il est trop t\u00f4t pour en parler\u2026<\/p>\n","protected":false},"excerpt":{"rendered":"<p>Nous l\u2019avions d\u00e9j\u00e0 rencontr\u00e9 il y a quelques ann\u00e9es lors de la cr\u00e9ation de sa revue sur le cin\u00e9ma\u00a0; \u00ab\u00a0Manivelle\u00a0\u00bb. Malgr\u00e9 l\u2019arr\u00eat de celle-ci, Lionel &hellip; <\/p>\n","protected":false},"author":1,"featured_media":0,"comment_status":"open","ping_status":"open","sticky":false,"template":"","format":"standard","meta":[],"categories":[1],"tags":[],"yoast_head":"<!-- This site is optimized with the Yoast SEO plugin v19.6.1 - https:\/\/yoast.com\/wordpress\/plugins\/seo\/ -->\n<title>Interview Lionel Grenier - Lavisqteam.fr<\/title>\n<meta name=\"robots\" content=\"index, follow, max-snippet:-1, max-image-preview:large, max-video-preview:-1\" \/>\n<link rel=\"canonical\" href=\"https:\/\/www.lavisqteam.fr\/?p=3262\" \/>\n<meta property=\"og:locale\" content=\"fr_FR\" \/>\n<meta property=\"og:type\" content=\"article\" \/>\n<meta property=\"og:title\" content=\"Interview Lionel Grenier - Lavisqteam.fr\" \/>\n<meta property=\"og:description\" content=\"Nous l\u2019avions d\u00e9j\u00e0 rencontr\u00e9 il y a quelques ann\u00e9es lors de la cr\u00e9ation de sa revue sur le cin\u00e9ma\u00a0; \u00ab\u00a0Manivelle\u00a0\u00bb. Malgr\u00e9 l\u2019arr\u00eat de celle-ci, Lionel &hellip;\" \/>\n<meta property=\"og:url\" content=\"https:\/\/www.lavisqteam.fr\/?p=3262\" \/>\n<meta property=\"og:site_name\" content=\"Lavisqteam.fr\" \/>\n<meta property=\"article:published_time\" content=\"2013-07-28T14:58:34+00:00\" \/>\n<meta property=\"og:image\" content=\"https:\/\/www.lavisqteam.fr\/wp-content\/uploads\/2013\/07\/htj.jpg\" \/>\n\t<meta property=\"og:image:width\" content=\"332\" \/>\n\t<meta property=\"og:image:height\" content=\"196\" \/>\n\t<meta property=\"og:image:type\" content=\"image\/jpeg\" \/>\n<meta name=\"author\" content=\"AqME\" \/>\n<meta name=\"twitter:card\" content=\"summary_large_image\" \/>\n<meta name=\"twitter:label1\" content=\"\u00c9crit par\" \/>\n\t<meta name=\"twitter:data1\" content=\"AqME\" \/>\n\t<meta name=\"twitter:label2\" content=\"Dur\u00e9e de lecture estim\u00e9e\" \/>\n\t<meta name=\"twitter:data2\" content=\"6 minutes\" \/>\n<script type=\"application\/ld+json\" class=\"yoast-schema-graph\">{\"@context\":\"https:\/\/schema.org\",\"@graph\":[{\"@type\":\"Article\",\"@id\":\"https:\/\/www.lavisqteam.fr\/?p=3262#article\",\"isPartOf\":{\"@id\":\"https:\/\/www.lavisqteam.fr\/?p=3262\"},\"author\":{\"name\":\"AqME\",\"@id\":\"https:\/\/www.lavisqteam.fr\/#\/schema\/person\/da11d7c30bf135b288b17cc576708c2d\"},\"headline\":\"Interview Lionel Grenier\",\"datePublished\":\"2013-07-28T14:58:34+00:00\",\"dateModified\":\"2013-07-28T14:58:34+00:00\",\"mainEntityOfPage\":{\"@id\":\"https:\/\/www.lavisqteam.fr\/?p=3262\"},\"wordCount\":1131,\"commentCount\":0,\"publisher\":{\"@id\":\"https:\/\/www.lavisqteam.fr\/#organization\"},\"articleSection\":[\"Uncategorized\"],\"inLanguage\":\"fr-FR\",\"potentialAction\":[{\"@type\":\"CommentAction\",\"name\":\"Comment\",\"target\":[\"https:\/\/www.lavisqteam.fr\/?p=3262#respond\"]}]},{\"@type\":\"WebPage\",\"@id\":\"https:\/\/www.lavisqteam.fr\/?p=3262\",\"url\":\"https:\/\/www.lavisqteam.fr\/?p=3262\",\"name\":\"Interview Lionel Grenier - Lavisqteam.fr\",\"isPartOf\":{\"@id\":\"https:\/\/www.lavisqteam.fr\/#website\"},\"datePublished\":\"2013-07-28T14:58:34+00:00\",\"dateModified\":\"2013-07-28T14:58:34+00:00\",\"breadcrumb\":{\"@id\":\"https:\/\/www.lavisqteam.fr\/?p=3262#breadcrumb\"},\"inLanguage\":\"fr-FR\",\"potentialAction\":[{\"@type\":\"ReadAction\",\"target\":[\"https:\/\/www.lavisqteam.fr\/?p=3262\"]}]},{\"@type\":\"BreadcrumbList\",\"@id\":\"https:\/\/www.lavisqteam.fr\/?p=3262#breadcrumb\",\"itemListElement\":[{\"@type\":\"ListItem\",\"position\":1,\"name\":\"Accueil\",\"item\":\"https:\/\/www.lavisqteam.fr\/\"},{\"@type\":\"ListItem\",\"position\":2,\"name\":\"Interview Lionel Grenier\"}]},{\"@type\":\"WebSite\",\"@id\":\"https:\/\/www.lavisqteam.fr\/#website\",\"url\":\"https:\/\/www.lavisqteam.fr\/\",\"name\":\"Lavisqteam.fr\",\"description\":\"\",\"publisher\":{\"@id\":\"https:\/\/www.lavisqteam.fr\/#organization\"},\"potentialAction\":[{\"@type\":\"SearchAction\",\"target\":{\"@type\":\"EntryPoint\",\"urlTemplate\":\"https:\/\/www.lavisqteam.fr\/?s={search_term_string}\"},\"query-input\":\"required name=search_term_string\"}],\"inLanguage\":\"fr-FR\"},{\"@type\":\"Organization\",\"@id\":\"https:\/\/www.lavisqteam.fr\/#organization\",\"name\":\"Lavisqteam.fr\",\"url\":\"https:\/\/www.lavisqteam.fr\/\",\"sameAs\":[],\"logo\":{\"@type\":\"ImageObject\",\"inLanguage\":\"fr-FR\",\"@id\":\"https:\/\/www.lavisqteam.fr\/#\/schema\/logo\/image\/\",\"url\":\"https:\/\/www.lavisqteam.fr\/wp-content\/uploads\/2020\/08\/cropped-80879545_3479261675449035_4078032831501041664_o-4.jpg\",\"contentUrl\":\"https:\/\/www.lavisqteam.fr\/wp-content\/uploads\/2020\/08\/cropped-80879545_3479261675449035_4078032831501041664_o-4.jpg\",\"width\":1674,\"height\":536,\"caption\":\"Lavisqteam.fr\"},\"image\":{\"@id\":\"https:\/\/www.lavisqteam.fr\/#\/schema\/logo\/image\/\"}},{\"@type\":\"Person\",\"@id\":\"https:\/\/www.lavisqteam.fr\/#\/schema\/person\/da11d7c30bf135b288b17cc576708c2d\",\"name\":\"AqME\",\"image\":{\"@type\":\"ImageObject\",\"inLanguage\":\"fr-FR\",\"@id\":\"https:\/\/www.lavisqteam.fr\/#\/schema\/person\/image\/\",\"url\":\"https:\/\/secure.gravatar.com\/avatar\/4a87d013fc854acd0f25858a13573675?s=96&d=mm&r=g\",\"contentUrl\":\"https:\/\/secure.gravatar.com\/avatar\/4a87d013fc854acd0f25858a13573675?s=96&d=mm&r=g\",\"caption\":\"AqME\"},\"description\":\"Amateur d'horreur, M\u00e9talleux dans l'\u00e2me, je succombe facilement \u00e0 des images de chatons.\",\"url\":\"https:\/\/www.lavisqteam.fr\/?author=1\"}]}<\/script>\n<!-- \/ Yoast SEO plugin. -->","yoast_head_json":{"title":"Interview Lionel Grenier - Lavisqteam.fr","robots":{"index":"index","follow":"follow","max-snippet":"max-snippet:-1","max-image-preview":"max-image-preview:large","max-video-preview":"max-video-preview:-1"},"canonical":"https:\/\/www.lavisqteam.fr\/?p=3262","og_locale":"fr_FR","og_type":"article","og_title":"Interview Lionel Grenier - Lavisqteam.fr","og_description":"Nous l\u2019avions d\u00e9j\u00e0 rencontr\u00e9 il y a quelques ann\u00e9es lors de la cr\u00e9ation de sa revue sur le cin\u00e9ma\u00a0; \u00ab\u00a0Manivelle\u00a0\u00bb. Malgr\u00e9 l\u2019arr\u00eat de celle-ci, Lionel &hellip;","og_url":"https:\/\/www.lavisqteam.fr\/?p=3262","og_site_name":"Lavisqteam.fr","article_published_time":"2013-07-28T14:58:34+00:00","og_image":[{"width":332,"height":196,"url":"https:\/\/www.lavisqteam.fr\/wp-content\/uploads\/2013\/07\/htj.jpg","type":"image\/jpeg"}],"author":"AqME","twitter_card":"summary_large_image","twitter_misc":{"\u00c9crit par":"AqME","Dur\u00e9e de lecture estim\u00e9e":"6 minutes"},"schema":{"@context":"https:\/\/schema.org","@graph":[{"@type":"Article","@id":"https:\/\/www.lavisqteam.fr\/?p=3262#article","isPartOf":{"@id":"https:\/\/www.lavisqteam.fr\/?p=3262"},"author":{"name":"AqME","@id":"https:\/\/www.lavisqteam.fr\/#\/schema\/person\/da11d7c30bf135b288b17cc576708c2d"},"headline":"Interview Lionel Grenier","datePublished":"2013-07-28T14:58:34+00:00","dateModified":"2013-07-28T14:58:34+00:00","mainEntityOfPage":{"@id":"https:\/\/www.lavisqteam.fr\/?p=3262"},"wordCount":1131,"commentCount":0,"publisher":{"@id":"https:\/\/www.lavisqteam.fr\/#organization"},"articleSection":["Uncategorized"],"inLanguage":"fr-FR","potentialAction":[{"@type":"CommentAction","name":"Comment","target":["https:\/\/www.lavisqteam.fr\/?p=3262#respond"]}]},{"@type":"WebPage","@id":"https:\/\/www.lavisqteam.fr\/?p=3262","url":"https:\/\/www.lavisqteam.fr\/?p=3262","name":"Interview Lionel Grenier - Lavisqteam.fr","isPartOf":{"@id":"https:\/\/www.lavisqteam.fr\/#website"},"datePublished":"2013-07-28T14:58:34+00:00","dateModified":"2013-07-28T14:58:34+00:00","breadcrumb":{"@id":"https:\/\/www.lavisqteam.fr\/?p=3262#breadcrumb"},"inLanguage":"fr-FR","potentialAction":[{"@type":"ReadAction","target":["https:\/\/www.lavisqteam.fr\/?p=3262"]}]},{"@type":"BreadcrumbList","@id":"https:\/\/www.lavisqteam.fr\/?p=3262#breadcrumb","itemListElement":[{"@type":"ListItem","position":1,"name":"Accueil","item":"https:\/\/www.lavisqteam.fr\/"},{"@type":"ListItem","position":2,"name":"Interview Lionel Grenier"}]},{"@type":"WebSite","@id":"https:\/\/www.lavisqteam.fr\/#website","url":"https:\/\/www.lavisqteam.fr\/","name":"Lavisqteam.fr","description":"","publisher":{"@id":"https:\/\/www.lavisqteam.fr\/#organization"},"potentialAction":[{"@type":"SearchAction","target":{"@type":"EntryPoint","urlTemplate":"https:\/\/www.lavisqteam.fr\/?s={search_term_string}"},"query-input":"required name=search_term_string"}],"inLanguage":"fr-FR"},{"@type":"Organization","@id":"https:\/\/www.lavisqteam.fr\/#organization","name":"Lavisqteam.fr","url":"https:\/\/www.lavisqteam.fr\/","sameAs":[],"logo":{"@type":"ImageObject","inLanguage":"fr-FR","@id":"https:\/\/www.lavisqteam.fr\/#\/schema\/logo\/image\/","url":"https:\/\/www.lavisqteam.fr\/wp-content\/uploads\/2020\/08\/cropped-80879545_3479261675449035_4078032831501041664_o-4.jpg","contentUrl":"https:\/\/www.lavisqteam.fr\/wp-content\/uploads\/2020\/08\/cropped-80879545_3479261675449035_4078032831501041664_o-4.jpg","width":1674,"height":536,"caption":"Lavisqteam.fr"},"image":{"@id":"https:\/\/www.lavisqteam.fr\/#\/schema\/logo\/image\/"}},{"@type":"Person","@id":"https:\/\/www.lavisqteam.fr\/#\/schema\/person\/da11d7c30bf135b288b17cc576708c2d","name":"AqME","image":{"@type":"ImageObject","inLanguage":"fr-FR","@id":"https:\/\/www.lavisqteam.fr\/#\/schema\/person\/image\/","url":"https:\/\/secure.gravatar.com\/avatar\/4a87d013fc854acd0f25858a13573675?s=96&d=mm&r=g","contentUrl":"https:\/\/secure.gravatar.com\/avatar\/4a87d013fc854acd0f25858a13573675?s=96&d=mm&r=g","caption":"AqME"},"description":"Amateur d'horreur, M\u00e9talleux dans l'\u00e2me, je succombe facilement \u00e0 des images de chatons.","url":"https:\/\/www.lavisqteam.fr\/?author=1"}]}},"jetpack_featured_media_url":"","_links":{"self":[{"href":"https:\/\/www.lavisqteam.fr\/index.php?rest_route=\/wp\/v2\/posts\/3262"}],"collection":[{"href":"https:\/\/www.lavisqteam.fr\/index.php?rest_route=\/wp\/v2\/posts"}],"about":[{"href":"https:\/\/www.lavisqteam.fr\/index.php?rest_route=\/wp\/v2\/types\/post"}],"author":[{"embeddable":true,"href":"https:\/\/www.lavisqteam.fr\/index.php?rest_route=\/wp\/v2\/users\/1"}],"replies":[{"embeddable":true,"href":"https:\/\/www.lavisqteam.fr\/index.php?rest_route=%2Fwp%2Fv2%2Fcomments&post=3262"}],"version-history":[{"count":1,"href":"https:\/\/www.lavisqteam.fr\/index.php?rest_route=\/wp\/v2\/posts\/3262\/revisions"}],"predecessor-version":[{"id":3269,"href":"https:\/\/www.lavisqteam.fr\/index.php?rest_route=\/wp\/v2\/posts\/3262\/revisions\/3269"}],"wp:attachment":[{"href":"https:\/\/www.lavisqteam.fr\/index.php?rest_route=%2Fwp%2Fv2%2Fmedia&parent=3262"}],"wp:term":[{"taxonomy":"category","embeddable":true,"href":"https:\/\/www.lavisqteam.fr\/index.php?rest_route=%2Fwp%2Fv2%2Fcategories&post=3262"},{"taxonomy":"post_tag","embeddable":true,"href":"https:\/\/www.lavisqteam.fr\/index.php?rest_route=%2Fwp%2Fv2%2Ftags&post=3262"}],"curies":[{"name":"wp","href":"https:\/\/api.w.org\/{rel}","templated":true}]}}