{"id":31918,"date":"2017-10-06T12:51:13","date_gmt":"2017-10-06T12:51:13","guid":{"rendered":"http:\/\/www.lavisqteam.fr\/?p=31918"},"modified":"2021-05-03T08:52:17","modified_gmt":"2021-05-03T08:52:17","slug":"une-histoire-des-abeilles-maja-lunde","status":"publish","type":"post","link":"https:\/\/www.lavisqteam.fr\/?p=31918","title":{"rendered":"Une Histoire des Abeilles &#8211; Maja Lunde"},"content":{"rendered":"<p style=\"text-align: center;\"><a href=\"https:\/\/www.lavisqteam.fr\/wp-content\/uploads\/2017\/10\/9782258135086.jpg\"><img loading=\"lazy\" class=\"alignnone size-full wp-image-31919\" src=\"https:\/\/www.lavisqteam.fr\/wp-content\/uploads\/2017\/10\/9782258135086.jpg\" alt=\"\" width=\"498\" height=\"800\" srcset=\"https:\/\/www.lavisqteam.fr\/wp-content\/uploads\/2017\/10\/9782258135086.jpg 498w, https:\/\/www.lavisqteam.fr\/wp-content\/uploads\/2017\/10\/9782258135086-187x300.jpg 187w\" sizes=\"(max-width: 498px) 100vw, 498px\" \/><\/a><\/p>\n<p><strong>Auteur\u00a0: <\/strong>Maja Lunde<\/p>\n<p><strong>Editeur\u00a0: <\/strong>Les Presses de la Cit\u00e9<\/p>\n<p><strong>Genre : <\/strong>Anticipation<\/p>\n<p><strong>R\u00e9sum\u00e9\u00a0:<\/strong><\/p>\n<p>Angleterre, 1852. P\u00e8re d\u00e9pass\u00e9 et \u00e9poux frustr\u00e9, William a remis\u00e9 ses r\u00eaves de carri\u00e8re scientifique. Mais la d\u00e9couverte de l&rsquo;apiculture r\u00e9veille son orgueil d\u00e9chu : d\u00e9cid\u00e9 \u00e0 impressionner son unique fils, il se jure de concevoir une ruche r\u00e9volutionnaire.<br \/>\nOhio, 2007. George, apiculteur bourru, ne se remet pas de la nouvelle : son unique fils s&rsquo;est converti au v\u00e9g\u00e9tarisme et r\u00eave de devenir \u00e9crivain. Qui va donc reprendre les r\u00eanes d&rsquo;une exploitation menac\u00e9e chaque jour un peu plus par l&rsquo;inqui\u00e9tante disparition des abeilles ?<br \/>\nChine, 2098. L&rsquo;Effondrement de 2045 a laiss\u00e9 la plan\u00e8te exsangue. Comme tous ses compatriotes, Tao passe ses journ\u00e9es \u00e0 polliniser les fleurs \u00e0 la main. Pour son petit gar\u00e7on, elle r\u00eave de l&rsquo;avenir r\u00e9serv\u00e9 \u00e0 l&rsquo;infime \u00e9lite. Seulement, un jour, Wei-Wen tombe dans le coma apr\u00e8s s&rsquo;\u00eatre aventur\u00e9 seul dans une for\u00eat\u2026 Afin de comprendre ce qui est arriv\u00e9 \u00e0 son fils, Tao se plonge aux origines du plus grand d\u00e9sastre de l&rsquo;humanit\u00e9.<\/p>\n<p><strong>Avis\u00a0:<\/strong><\/p>\n<p><strong>Une histoire des abeilles<\/strong> est un livre touchant, plein d&rsquo;espoir, tr\u00e8s bien \u00e9crit et qui nous vient de Norv\u00e8ge. Il suit trois personnages et nous fait entrer dans les quotidiens \u00e0 la fois capricieux, tragiques et ordinaires de Tao, William et George.<\/p>\n<p>Chaque personnage est associ\u00e9 \u00e0 un si\u00e8cle diff\u00e9rent\u00a0: l\u2019histoire de Tao d\u00e9bute dans les ann\u00e9es 2098, celle de William dans les ann\u00e9es 1851 et celle de George dans les ann\u00e9es 2007. Chacun de ces trois pans de vie nous plonge avec intensit\u00e9 dans des p\u00e9riodes troubles, bien d\u00e9crites et qui nous font voyager avec un grand r\u00e9alisme.<\/p>\n<p>Dans les chapitres parlant de William, on ressent les diff\u00e9rences de mentalit\u00e9 dues \u00e0 l\u2019\u00e9poque. Par exemple, le r\u00f4le de la femme est clairement li\u00e9 au foyer et aux enfants, que William a en nombre. L\u2019\u00e9ducation de ses filles diff\u00e8re \u00e9galement de celle de son fils, qu\u2019il consid\u00e8re d\u2019ailleurs davantage du fait qu\u2019il soit son h\u00e9ritier m\u00e2le. Le personnage est plut\u00f4t aga\u00e7ant au d\u00e9but, ne pensant qu\u2019\u00e0 lui et d\u00e9sesp\u00e9rant de ne pas avoir su \u00eatre \u00e0 la hauteur des souhaits de son mentor en sciences, le professeur Rahm. Son r\u00f4le de p\u00e8re et de tenancier lui ont retir\u00e9 toute envie et tout temps de s\u2019adonner aux sciences. Son go\u00fbt pour la vie et les d\u00e9couvertes finissent par revenir, redonnant une nouvelle vigueur \u00e0 cette partie du r\u00e9cit qui en devient plus prenante et plus int\u00e9ressante. C\u2019est par l\u2019interm\u00e9diaire des travaux de William sur les abeilles et sur les ruches que le lecteur en apprendra le plus sur ces denr\u00e9es jaune et noire. L\u2019observation est le d\u00e9but de tout bon travail scientifique et William, avec l\u2019aide de sa fille Charlotte, l\u2019ont bien compris. Ainsi, le lecteur d\u00e9couvrira des facettes int\u00e9ressantes de la vie en soci\u00e9t\u00e9 des abeilles, leur organisation sociale et hi\u00e9rarchique et le r\u00f4le de chaque \u00e9l\u00e9ment, que ce soient les larves, les ouvri\u00e8res, les faux bourdons ou la reine.<\/p>\n<p>Les pages concernant George nous d\u00e9crivent davantage le ph\u00e9nom\u00e8ne de pollinisation, ses bienfaits et surtout sa grande utilit\u00e9, qu\u2019on ne conna\u00eet pas forc\u00e9ment et qui montre \u00e0 quel point les abeilles sont importantes. George appara\u00eet rapidement comme \u00e9tant une personne avec \u0153ill\u00e8res, n\u2019acceptant pas le fait que son fils ne souhaite pas vraiment reprendre la propri\u00e9t\u00e9 familiale. On ressent quelque peu, sans pour autant aller dans les clich\u00e9s, les mentalit\u00e9s li\u00e9es \u00e0 la vie \u00e0 la campagne avec une certaine \u00e9troitesse d\u2019esprit non feinte, un temps principalement consacr\u00e9 au dur labeur demand\u00e9 pour le maintien des ruches, et un profond amour de la nature et de la terre. Malgr\u00e9 un ton bourru et pas toujours sympathique, on finit par s\u2019attacher \u00e0 George autant qu\u2019\u00e0 William. C\u2019est dans les parties consacr\u00e9es \u00e0 George que le ph\u00e9nom\u00e8ne de disparition des abeilles commence. Par sa d\u00e9tresse et son d\u00e9sespoir, on prend vite conscience de la catastrophe qui se joue\u00a0: la disparition des abeilles est une r\u00e9alit\u00e9 qu\u2019il nous faut changer.<\/p>\n<p>Tao est une jeune m\u00e8re qui aime profond\u00e9ment son enfant. A travers elle, le lecteur se voit rapidement charm\u00e9 par son instinct maternel et son amour filial, qui est davantage mis en avant avec ce personnage, tant les risques qu\u2019elle va prendre pour son enfant sont grands. A travers ses yeux, on d\u00e9couvre un futur apocalyptique qui, esp\u00e9rons-le, n\u2019arrivera jamais : des pays en d\u00e9clin, des populations \u00e9teintes, de la nourriture quasi inexistante, de l\u2019esclavagisme de masse pour polliniser \u00e0 la place des abeilles et des vies d\u00e9truites et sans attrait. Tao passe son temps \u00e0 travailler pour esp\u00e9rer voir s\u2019\u00e9clore et fleurir les arbres et les plantes, cette nature qu\u2019elle ne parvient plus vraiment \u00e0 appr\u00e9cier et qui est plut\u00f4t pour elle synonyme de fatigue et de gagne-pain. A travers son histoire, le lecteur est brutalement mis devant le fait accompli. Le message de l\u2019auteure est puissant et sans appel\u00a0: la disparition des abeilles signe la fin de l\u2019humanit\u00e9 telle qu\u2019on la conna\u00eet.<\/p>\n<p>Trois personnalit\u00e9s, trois histoires de famille, trois caract\u00e8res forts profond\u00e9ment attach\u00e9 \u00e0 leur foyer et trois amoureux des abeilles et de la nature qui nous font r\u00e9fl\u00e9chir comme jamais tout en nous sensibilisant au sujet. La cause \u00e9cologique est clairement pr\u00e9sente dans chaque mot du livre mais n\u2019est pas envahissante ni lourde. L\u2019auteure ne donne pas de solution miracle ou de conseils explicites pour pr\u00e9f\u00e9rer les t\u00e9moignages qui constituent finalement des preuves et des exp\u00e9riences bien plus \u00e9loquentes qui font \u00e9cho en chacun de nous.<\/p>\n<p>Les diff\u00e9rents r\u00e9cits de vie ne sont pas seulement ponctu\u00e9s par les probl\u00e8mes li\u00e9s aux abeilles mais narrent \u00e9galement d\u2019autres soucis plus intimes, notamment apparent\u00e9s \u00e0 la famille, \u00e0 la vie de couple et aux relations avec ses enfants. Le message est ainsi plus fort\u00a0: sauver les abeilles n\u2019est pas seulement nous sauver nous mais c\u2019est aussi sauver ceux qui viendront apr\u00e8s, nos descendants.<\/p>\n<p>Le livre sait jouer avec le suspens, surtout avec le r\u00e9cit de Tao, m\u00eame si la chute \u00e9tait attendue d\u00e8s le d\u00e9but. Cependant, cela n\u2019est pas g\u00eanant et ne g\u00e2che rien. On suit avec passion et ardeur les moments la concernant pour enfin comprendre ce qui est arriv\u00e9 \u00e0 son fils.<\/p>\n<p>Chaque chapitre est bien construit et a une fin propre qui\u00a0 donne envie d\u2019en savoir davantage. L\u2019alternance des r\u00e9cits des trois personnages est bien faite\u00a0: les chapitres sont courts et permettent ainsi de ne pas oublier ce qui s\u2019\u00e9tait pass\u00e9 pour les deux autres protagonistes. L\u2019\u00e9criture est souple et l\u00e9g\u00e8re, rafra\u00eechissante\u00a0 et pleine de vie. Une fois le livre commenc\u00e9, il est difficile de s\u2019arr\u00eater tant on se sent bien entre ces lignes, curieux et avide face au probl\u00e8me crucial d\u00e9nonc\u00e9 et proche des h\u00e9ros dont la vie quotidienne ne diff\u00e8re pas vraiment des n\u00f4tres.<\/p>\n<p>Les trois r\u00e9cits finissent par se lier pour n\u2019en former plus qu\u2019un. Ce lien est parfaitement bien amen\u00e9 (notamment sur les cents derni\u00e8res pages) et est coh\u00e9rent. Chaque g\u00e9n\u00e9ration a appris de la pr\u00e9c\u00e9dente pour mieux avancer et, peut-\u00eatre, sauver ce qui peut encore l\u2019\u00eatre. Comme Tao, George et William, prenons conscience de ce qui se passe et n\u2019abandonnons rien. Rien n\u2019est perdu et, ensemble, r\u00e9unissons-nous autour d\u2019\u00a0 \u00ab\u00a0un seul sentiment, f\u00e9d\u00e9rateur\u00a0: l\u2019espoir\u00a0\u00bb (citation <strong>Une histoire des abeilles<\/strong>).<\/p>\n<p><strong>Note\u00a0: 18\/20<\/strong><\/p>\n<p style=\"text-align: right;\">Par <strong>Lildrille<\/strong><\/p>\n","protected":false},"excerpt":{"rendered":"<p>Auteur\u00a0: Maja Lunde Editeur\u00a0: Les Presses de la Cit\u00e9 Genre : Anticipation R\u00e9sum\u00e9\u00a0: Angleterre, 1852. P\u00e8re d\u00e9pass\u00e9 et \u00e9poux frustr\u00e9, William a remis\u00e9 ses r\u00eaves &hellip; <\/p>\n","protected":false},"author":2,"featured_media":0,"comment_status":"open","ping_status":"open","sticky":false,"template":"","format":"standard","meta":[],"categories":[10],"tags":[],"yoast_head":"<!-- This site is optimized with the Yoast SEO plugin v19.6.1 - https:\/\/yoast.com\/wordpress\/plugins\/seo\/ -->\n<title>Une Histoire des Abeilles - Maja Lunde - Lavisqteam.fr<\/title>\n<meta name=\"robots\" content=\"index, follow, max-snippet:-1, max-image-preview:large, max-video-preview:-1\" \/>\n<link rel=\"canonical\" href=\"https:\/\/www.lavisqteam.fr\/?p=31918\" \/>\n<meta property=\"og:locale\" content=\"fr_FR\" \/>\n<meta property=\"og:type\" content=\"article\" \/>\n<meta property=\"og:title\" content=\"Une Histoire des Abeilles - Maja Lunde - Lavisqteam.fr\" \/>\n<meta property=\"og:description\" content=\"Auteur\u00a0: Maja Lunde Editeur\u00a0: Les Presses de la Cit\u00e9 Genre : Anticipation R\u00e9sum\u00e9\u00a0: Angleterre, 1852. P\u00e8re d\u00e9pass\u00e9 et \u00e9poux frustr\u00e9, William a remis\u00e9 ses r\u00eaves &hellip;\" \/>\n<meta property=\"og:url\" content=\"https:\/\/www.lavisqteam.fr\/?p=31918\" \/>\n<meta property=\"og:site_name\" content=\"Lavisqteam.fr\" \/>\n<meta property=\"article:author\" content=\"https:\/\/www.facebook.com\/chloe.garcia.351\" \/>\n<meta property=\"article:published_time\" content=\"2017-10-06T12:51:13+00:00\" \/>\n<meta property=\"article:modified_time\" content=\"2021-05-03T08:52:17+00:00\" \/>\n<meta property=\"og:image\" content=\"http:\/\/www.lavisqteam.fr\/wp-content\/uploads\/2017\/10\/9782258135086.jpg\" \/>\n<meta name=\"author\" content=\"Lildrille\" \/>\n<meta name=\"twitter:card\" content=\"summary_large_image\" \/>\n<meta name=\"twitter:label1\" content=\"\u00c9crit par\" \/>\n\t<meta name=\"twitter:data1\" content=\"Lildrille\" \/>\n\t<meta name=\"twitter:label2\" content=\"Dur\u00e9e de lecture estim\u00e9e\" \/>\n\t<meta name=\"twitter:data2\" content=\"6 minutes\" \/>\n<script type=\"application\/ld+json\" class=\"yoast-schema-graph\">{\"@context\":\"https:\/\/schema.org\",\"@graph\":[{\"@type\":\"Article\",\"@id\":\"https:\/\/www.lavisqteam.fr\/?p=31918#article\",\"isPartOf\":{\"@id\":\"https:\/\/www.lavisqteam.fr\/?p=31918\"},\"author\":{\"name\":\"Lildrille\",\"@id\":\"https:\/\/www.lavisqteam.fr\/#\/schema\/person\/e2e3eb3cb179a4f0299403b29e235d24\"},\"headline\":\"Une Histoire des Abeilles &#8211; Maja Lunde\",\"datePublished\":\"2017-10-06T12:51:13+00:00\",\"dateModified\":\"2021-05-03T08:52:17+00:00\",\"mainEntityOfPage\":{\"@id\":\"https:\/\/www.lavisqteam.fr\/?p=31918\"},\"wordCount\":1348,\"commentCount\":0,\"publisher\":{\"@id\":\"https:\/\/www.lavisqteam.fr\/#organization\"},\"articleSection\":[\"Roman\"],\"inLanguage\":\"fr-FR\",\"potentialAction\":[{\"@type\":\"CommentAction\",\"name\":\"Comment\",\"target\":[\"https:\/\/www.lavisqteam.fr\/?p=31918#respond\"]}]},{\"@type\":\"WebPage\",\"@id\":\"https:\/\/www.lavisqteam.fr\/?p=31918\",\"url\":\"https:\/\/www.lavisqteam.fr\/?p=31918\",\"name\":\"Une Histoire des Abeilles - Maja Lunde - Lavisqteam.fr\",\"isPartOf\":{\"@id\":\"https:\/\/www.lavisqteam.fr\/#website\"},\"datePublished\":\"2017-10-06T12:51:13+00:00\",\"dateModified\":\"2021-05-03T08:52:17+00:00\",\"breadcrumb\":{\"@id\":\"https:\/\/www.lavisqteam.fr\/?p=31918#breadcrumb\"},\"inLanguage\":\"fr-FR\",\"potentialAction\":[{\"@type\":\"ReadAction\",\"target\":[\"https:\/\/www.lavisqteam.fr\/?p=31918\"]}]},{\"@type\":\"BreadcrumbList\",\"@id\":\"https:\/\/www.lavisqteam.fr\/?p=31918#breadcrumb\",\"itemListElement\":[{\"@type\":\"ListItem\",\"position\":1,\"name\":\"Accueil\",\"item\":\"https:\/\/www.lavisqteam.fr\/\"},{\"@type\":\"ListItem\",\"position\":2,\"name\":\"Une Histoire des Abeilles &#8211; Maja Lunde\"}]},{\"@type\":\"WebSite\",\"@id\":\"https:\/\/www.lavisqteam.fr\/#website\",\"url\":\"https:\/\/www.lavisqteam.fr\/\",\"name\":\"Lavisqteam.fr\",\"description\":\"\",\"publisher\":{\"@id\":\"https:\/\/www.lavisqteam.fr\/#organization\"},\"potentialAction\":[{\"@type\":\"SearchAction\",\"target\":{\"@type\":\"EntryPoint\",\"urlTemplate\":\"https:\/\/www.lavisqteam.fr\/?s={search_term_string}\"},\"query-input\":\"required name=search_term_string\"}],\"inLanguage\":\"fr-FR\"},{\"@type\":\"Organization\",\"@id\":\"https:\/\/www.lavisqteam.fr\/#organization\",\"name\":\"Lavisqteam.fr\",\"url\":\"https:\/\/www.lavisqteam.fr\/\",\"sameAs\":[],\"logo\":{\"@type\":\"ImageObject\",\"inLanguage\":\"fr-FR\",\"@id\":\"https:\/\/www.lavisqteam.fr\/#\/schema\/logo\/image\/\",\"url\":\"https:\/\/www.lavisqteam.fr\/wp-content\/uploads\/2020\/08\/cropped-80879545_3479261675449035_4078032831501041664_o-4.jpg\",\"contentUrl\":\"https:\/\/www.lavisqteam.fr\/wp-content\/uploads\/2020\/08\/cropped-80879545_3479261675449035_4078032831501041664_o-4.jpg\",\"width\":1674,\"height\":536,\"caption\":\"Lavisqteam.fr\"},\"image\":{\"@id\":\"https:\/\/www.lavisqteam.fr\/#\/schema\/logo\/image\/\"}},{\"@type\":\"Person\",\"@id\":\"https:\/\/www.lavisqteam.fr\/#\/schema\/person\/e2e3eb3cb179a4f0299403b29e235d24\",\"name\":\"Lildrille\",\"image\":{\"@type\":\"ImageObject\",\"inLanguage\":\"fr-FR\",\"@id\":\"https:\/\/www.lavisqteam.fr\/#\/schema\/person\/image\/\",\"url\":\"https:\/\/secure.gravatar.com\/avatar\/1fbe78d5f27ffb4f9c29619bd30c90db?s=96&d=mm&r=g\",\"contentUrl\":\"https:\/\/secure.gravatar.com\/avatar\/1fbe78d5f27ffb4f9c29619bd30c90db?s=96&d=mm&r=g\",\"caption\":\"Lildrille\"},\"description\":\"Passionn\u00e9e d\u2019imaginaire et d\u2019\u00e9vasion depuis longtemps, \u00e9crire et lire sont mes activit\u00e9s favorites. Dans un monde souvent sombre, m'\u00e9vader et fournir du r\u00eave sont mes objectifs. Suivez-moi en tant qu'auteure ici : https:\/\/www.2passions1dream.com\/. Et en tant que chroniqueuse aussi l\u00e0 : https:\/\/simplement.pro\/u\/Lildrille.\",\"sameAs\":[\"http:\/\/Lavisqteam.fr\",\"https:\/\/www.facebook.com\/chloe.garcia.351\",\"https:\/\/www.instagram.com\/chloe.garcia.artiste\/\",\"https:\/\/www.linkedin.com\/in\/garcia-chloe\/\"],\"url\":\"https:\/\/www.lavisqteam.fr\/?author=2\"}]}<\/script>\n<!-- \/ Yoast SEO plugin. -->","yoast_head_json":{"title":"Une Histoire des Abeilles - Maja Lunde - Lavisqteam.fr","robots":{"index":"index","follow":"follow","max-snippet":"max-snippet:-1","max-image-preview":"max-image-preview:large","max-video-preview":"max-video-preview:-1"},"canonical":"https:\/\/www.lavisqteam.fr\/?p=31918","og_locale":"fr_FR","og_type":"article","og_title":"Une Histoire des Abeilles - Maja Lunde - Lavisqteam.fr","og_description":"Auteur\u00a0: Maja Lunde Editeur\u00a0: Les Presses de la Cit\u00e9 Genre : Anticipation R\u00e9sum\u00e9\u00a0: Angleterre, 1852. P\u00e8re d\u00e9pass\u00e9 et \u00e9poux frustr\u00e9, William a remis\u00e9 ses r\u00eaves &hellip;","og_url":"https:\/\/www.lavisqteam.fr\/?p=31918","og_site_name":"Lavisqteam.fr","article_author":"https:\/\/www.facebook.com\/chloe.garcia.351","article_published_time":"2017-10-06T12:51:13+00:00","article_modified_time":"2021-05-03T08:52:17+00:00","og_image":[{"url":"http:\/\/www.lavisqteam.fr\/wp-content\/uploads\/2017\/10\/9782258135086.jpg"}],"author":"Lildrille","twitter_card":"summary_large_image","twitter_misc":{"\u00c9crit par":"Lildrille","Dur\u00e9e de lecture estim\u00e9e":"6 minutes"},"schema":{"@context":"https:\/\/schema.org","@graph":[{"@type":"Article","@id":"https:\/\/www.lavisqteam.fr\/?p=31918#article","isPartOf":{"@id":"https:\/\/www.lavisqteam.fr\/?p=31918"},"author":{"name":"Lildrille","@id":"https:\/\/www.lavisqteam.fr\/#\/schema\/person\/e2e3eb3cb179a4f0299403b29e235d24"},"headline":"Une Histoire des Abeilles &#8211; Maja Lunde","datePublished":"2017-10-06T12:51:13+00:00","dateModified":"2021-05-03T08:52:17+00:00","mainEntityOfPage":{"@id":"https:\/\/www.lavisqteam.fr\/?p=31918"},"wordCount":1348,"commentCount":0,"publisher":{"@id":"https:\/\/www.lavisqteam.fr\/#organization"},"articleSection":["Roman"],"inLanguage":"fr-FR","potentialAction":[{"@type":"CommentAction","name":"Comment","target":["https:\/\/www.lavisqteam.fr\/?p=31918#respond"]}]},{"@type":"WebPage","@id":"https:\/\/www.lavisqteam.fr\/?p=31918","url":"https:\/\/www.lavisqteam.fr\/?p=31918","name":"Une Histoire des Abeilles - Maja Lunde - Lavisqteam.fr","isPartOf":{"@id":"https:\/\/www.lavisqteam.fr\/#website"},"datePublished":"2017-10-06T12:51:13+00:00","dateModified":"2021-05-03T08:52:17+00:00","breadcrumb":{"@id":"https:\/\/www.lavisqteam.fr\/?p=31918#breadcrumb"},"inLanguage":"fr-FR","potentialAction":[{"@type":"ReadAction","target":["https:\/\/www.lavisqteam.fr\/?p=31918"]}]},{"@type":"BreadcrumbList","@id":"https:\/\/www.lavisqteam.fr\/?p=31918#breadcrumb","itemListElement":[{"@type":"ListItem","position":1,"name":"Accueil","item":"https:\/\/www.lavisqteam.fr\/"},{"@type":"ListItem","position":2,"name":"Une Histoire des Abeilles &#8211; Maja Lunde"}]},{"@type":"WebSite","@id":"https:\/\/www.lavisqteam.fr\/#website","url":"https:\/\/www.lavisqteam.fr\/","name":"Lavisqteam.fr","description":"","publisher":{"@id":"https:\/\/www.lavisqteam.fr\/#organization"},"potentialAction":[{"@type":"SearchAction","target":{"@type":"EntryPoint","urlTemplate":"https:\/\/www.lavisqteam.fr\/?s={search_term_string}"},"query-input":"required name=search_term_string"}],"inLanguage":"fr-FR"},{"@type":"Organization","@id":"https:\/\/www.lavisqteam.fr\/#organization","name":"Lavisqteam.fr","url":"https:\/\/www.lavisqteam.fr\/","sameAs":[],"logo":{"@type":"ImageObject","inLanguage":"fr-FR","@id":"https:\/\/www.lavisqteam.fr\/#\/schema\/logo\/image\/","url":"https:\/\/www.lavisqteam.fr\/wp-content\/uploads\/2020\/08\/cropped-80879545_3479261675449035_4078032831501041664_o-4.jpg","contentUrl":"https:\/\/www.lavisqteam.fr\/wp-content\/uploads\/2020\/08\/cropped-80879545_3479261675449035_4078032831501041664_o-4.jpg","width":1674,"height":536,"caption":"Lavisqteam.fr"},"image":{"@id":"https:\/\/www.lavisqteam.fr\/#\/schema\/logo\/image\/"}},{"@type":"Person","@id":"https:\/\/www.lavisqteam.fr\/#\/schema\/person\/e2e3eb3cb179a4f0299403b29e235d24","name":"Lildrille","image":{"@type":"ImageObject","inLanguage":"fr-FR","@id":"https:\/\/www.lavisqteam.fr\/#\/schema\/person\/image\/","url":"https:\/\/secure.gravatar.com\/avatar\/1fbe78d5f27ffb4f9c29619bd30c90db?s=96&d=mm&r=g","contentUrl":"https:\/\/secure.gravatar.com\/avatar\/1fbe78d5f27ffb4f9c29619bd30c90db?s=96&d=mm&r=g","caption":"Lildrille"},"description":"Passionn\u00e9e d\u2019imaginaire et d\u2019\u00e9vasion depuis longtemps, \u00e9crire et lire sont mes activit\u00e9s favorites. Dans un monde souvent sombre, m'\u00e9vader et fournir du r\u00eave sont mes objectifs. Suivez-moi en tant qu'auteure ici : https:\/\/www.2passions1dream.com\/. Et en tant que chroniqueuse aussi l\u00e0 : https:\/\/simplement.pro\/u\/Lildrille.","sameAs":["http:\/\/Lavisqteam.fr","https:\/\/www.facebook.com\/chloe.garcia.351","https:\/\/www.instagram.com\/chloe.garcia.artiste\/","https:\/\/www.linkedin.com\/in\/garcia-chloe\/"],"url":"https:\/\/www.lavisqteam.fr\/?author=2"}]}},"jetpack_featured_media_url":"","_links":{"self":[{"href":"https:\/\/www.lavisqteam.fr\/index.php?rest_route=\/wp\/v2\/posts\/31918"}],"collection":[{"href":"https:\/\/www.lavisqteam.fr\/index.php?rest_route=\/wp\/v2\/posts"}],"about":[{"href":"https:\/\/www.lavisqteam.fr\/index.php?rest_route=\/wp\/v2\/types\/post"}],"author":[{"embeddable":true,"href":"https:\/\/www.lavisqteam.fr\/index.php?rest_route=\/wp\/v2\/users\/2"}],"replies":[{"embeddable":true,"href":"https:\/\/www.lavisqteam.fr\/index.php?rest_route=%2Fwp%2Fv2%2Fcomments&post=31918"}],"version-history":[{"count":3,"href":"https:\/\/www.lavisqteam.fr\/index.php?rest_route=\/wp\/v2\/posts\/31918\/revisions"}],"predecessor-version":[{"id":56235,"href":"https:\/\/www.lavisqteam.fr\/index.php?rest_route=\/wp\/v2\/posts\/31918\/revisions\/56235"}],"wp:attachment":[{"href":"https:\/\/www.lavisqteam.fr\/index.php?rest_route=%2Fwp%2Fv2%2Fmedia&parent=31918"}],"wp:term":[{"taxonomy":"category","embeddable":true,"href":"https:\/\/www.lavisqteam.fr\/index.php?rest_route=%2Fwp%2Fv2%2Fcategories&post=31918"},{"taxonomy":"post_tag","embeddable":true,"href":"https:\/\/www.lavisqteam.fr\/index.php?rest_route=%2Fwp%2Fv2%2Ftags&post=31918"}],"curies":[{"name":"wp","href":"https:\/\/api.w.org\/{rel}","templated":true}]}}