{"id":31100,"date":"2017-08-23T09:14:28","date_gmt":"2017-08-23T09:14:28","guid":{"rendered":"http:\/\/www.lavisqteam.fr\/?p=31100"},"modified":"2017-08-23T09:14:28","modified_gmt":"2017-08-23T09:14:28","slug":"rage-seasons-of-the-black","status":"publish","type":"post","link":"https:\/\/www.lavisqteam.fr\/?p=31100","title":{"rendered":"Rage &#8211; Seasons of the Black"},"content":{"rendered":"<p style=\"text-align: center;\"><a href=\"https:\/\/www.lavisqteam.fr\/wp-content\/uploads\/2017\/08\/rageseasonsoftheblackcd.jpg\"><img loading=\"lazy\" class=\"alignnone size-full wp-image-31101\" src=\"https:\/\/www.lavisqteam.fr\/wp-content\/uploads\/2017\/08\/rageseasonsoftheblackcd.jpg\" alt=\"\" width=\"638\" height=\"638\" srcset=\"https:\/\/www.lavisqteam.fr\/wp-content\/uploads\/2017\/08\/rageseasonsoftheblackcd.jpg 638w, https:\/\/www.lavisqteam.fr\/wp-content\/uploads\/2017\/08\/rageseasonsoftheblackcd-150x150.jpg 150w, https:\/\/www.lavisqteam.fr\/wp-content\/uploads\/2017\/08\/rageseasonsoftheblackcd-300x300.jpg 300w\" sizes=\"(max-width: 638px) 100vw, 638px\" \/><\/a><\/p>\n<p><strong>Avis\u00a0:<\/strong><\/p>\n<p>On croit souvent que le Heavy M\u00e9tal est n\u00e9 quelque part entre l\u2019Angleterre et les Etats-Unis. Cependant, durant les ann\u00e9es 80, l\u2019Allemagne n\u2019\u00e9tait pas en reste avec des groupes comme <strong>Helloween <\/strong>ou encore <strong>Gamma Ray<\/strong>. Un autre groupe va \u00e9merger de cette grosse vague aux riffs bien lourds, c\u2019est Rage. Mais cette formation, qui gravite autour du chanteur <em>Peter Wagner<\/em> (le seul membre issu de la formation initiale), va avoir beaucoup de mal \u00e0 se d\u00e9faire de la concurrence. Pourquoi\u00a0? Tout simplement parce que les critiques, tout comme le public, trouvaient que<strong> Rage<\/strong> manquait d\u2019identit\u00e9 et que leur son ne sortait pas forc\u00e9ment de la masse. Mais c\u2019\u00e9tait sans compter sur la pers\u00e9v\u00e9rance et l\u2019abn\u00e9gation des musiciens, qui \u00e0 force d\u2019efforts, ont r\u00e9ussi \u00e0 se faire un nom et \u00e0 se constituer une base solide de fans. Il aura tout de m\u00eame fallu attendre pr\u00e8s de dix ans et l\u2019album <strong>Trapped<\/strong> ainsi qu\u2019une tourn\u00e9e triomphale au Japon. Aujourd\u2019hui, <strong>Rage<\/strong> fait partie des mastodontes du Heavy et il semblerait que fournir des m\u00e9lodies Heavy soit assez facile pour eux, puisqu\u2019ils sortent quasiment un album par an. <strong>Seasons of the Black<\/strong> arrive donc un an apr\u00e8s le pr\u00e9c\u00e9dent opus, et il s\u2019agit du vingt-troisi\u00e8me album studio du groupe. Mais la quantit\u00e9 ne rime pas forc\u00e9ment avec la qualit\u00e9, alors est-ce que ce skeud est bon\u00a0?<\/p>\n<p>L\u2019album d\u00e9bute avec <em>Seasons of the Black<\/em>, un long morceau d\u2019un peu plus de cinq minutes qui tente de mettre en place une introduction un peu \u00e9th\u00e9r\u00e9e avec des bruits \u00e9tranges et des cris d\u2019animaux. Puis rapidement, le groupe balance ses gros riffs barbares qui font parfois penser \u00e0 du m\u00e9talcore ou \u00e0 du Death bien virulent. Le petit cri du chanteur pour amorcer la rythmique promet alors quelques beaux growls, mais finalement, on aura droit \u00e0 un chant clair assez guttural par la tessiture du leader. Cependant, les couplets et les breaks sont relativement lourds tout en \u00e9tant rapide et on voit que Rage a affin\u00e9 sa technique et son identit\u00e9 au fil des albums. Le morceau est donc tr\u00e8s bon, avec en prime un refrain ent\u00eatant qui fonctionne du tonnerre. Dans la playlist de l\u2019album, on retrouve des morceaux du m\u00eame acabit que ce <em>Seasons of the Black<\/em>. On peut citer par exemple <em>Septic Bite<\/em> et son rythme tr\u00e8s rapide, se terminant par le cri d\u2019un monstre qui fait de suite \u00e9cho \u00e0 Godzilla, ou encore <em>Walk Among the Dead<\/em>, malgr\u00e9 un refrain plus tendre au niveau des paroles et essayant de se donner plus de puissance avec l\u2019appui d\u2019une autre voix masculine. Bref, <strong>Rage<\/strong> n\u2019h\u00e9site pas \u00e0 envoyer du bois et entre les riffs assez lourds, les rythmiques rapides et la voix si gutturale du chanteur, le groupe fournit un album int\u00e9ressant.<\/p>\n<p style=\"text-align: center;\"><a href=\"https:\/\/www.lavisqteam.fr\/wp-content\/uploads\/2017\/08\/900_photo.jpg\"><img loading=\"lazy\" class=\"alignnone size-full wp-image-31102\" src=\"https:\/\/www.lavisqteam.fr\/wp-content\/uploads\/2017\/08\/900_photo.jpg\" alt=\"\" width=\"500\" height=\"385\" srcset=\"https:\/\/www.lavisqteam.fr\/wp-content\/uploads\/2017\/08\/900_photo.jpg 500w, https:\/\/www.lavisqteam.fr\/wp-content\/uploads\/2017\/08\/900_photo-300x231.jpg 300w\" sizes=\"(max-width: 500px) 100vw, 500px\" \/><\/a><\/p>\n<p>Int\u00e9ressant mais qui manque tout de m\u00eame d\u2019une v\u00e9ritable marque de fabrique. Le plus \u00e9tonnant dans cet album, c\u2019est la diff\u00e9rence entre l\u2019image donn\u00e9e par le groupe, quelque chose de violent, et finalement leur musique qui reste tr\u00e8s accessible. Par exemple, <em>Serpents in Disguise <\/em>d\u00e9marre relativement bien, avec des riffs rapides et une batterie qui tambourine, mais rapidement, le rythme se calme, le chanteur pose un peu plus sa voix et le morceau devient tr\u00e8s \u00e9tonnant avec un refrain m\u00e9lodique et presque joyeux, en d\u00e9saccord avec l\u2019imagerie du groupe. Et cette dichotomie se retrouve dans d\u2019autres sons. On peut citer <em>Blackened Karma<\/em> et sa jolie ligne de basse en d\u00e9but, ses riffs agressifs par la suite, puis les couplets d\u2019un calme olympien, lorgnant vers le hard, voire le rock. On peut aussi parler de <em>Justify<\/em>, qui intervient apr\u00e8s un break d\u2019un peu plus d\u2019une minute (<em>Gaia<\/em>) tout pos\u00e9, et qui s\u2019av\u00e8re \u00eatre un morceau joyeux, presque festif malgr\u00e9 quelques riffs un peu plus lourds qu\u2019\u00e0 l\u2019accoutum\u00e9e.\u00a0 Et que dire de <em>Farewell<\/em> qui cl\u00f4ture l\u2019album de mani\u00e8re \u00e9tonnante et plut\u00f4t r\u00e9ussie, entre morceau rock symphonique et ballade entrainante. Bien \u00e9videmment, tout cela est plut\u00f4t bon et techniquement irr\u00e9prochable, mais il manque tout de m\u00eame un petit truc pour que l\u2019ensemble soit vraiment accrocheur, un hit, un peu plus de diversit\u00e9 peut-\u00eatre, ou m\u00eame des titres carr\u00e9ment plus violents.<\/p>\n<p>Au final, <strong>Seasons of the Black<\/strong>, le dernier album en date de <strong>Rage<\/strong>, est un skeud int\u00e9ressant \u00e0 plus d\u2019un titre, qui r\u00e9serve bien des surprises par les choix artistiques du groupe. V\u00e9hiculant une imagerie puissante et violente, le groupe prend tout le monde \u00e0 contre-pied avec un album tr\u00e8s accessible, parfois m\u00eame un peu trop enjou\u00e9, et qui manque du coup d\u2019une v\u00e9ritable identit\u00e9. Un reproche que l\u2019on a fait au groupe \u00e0 ses d\u00e9buts.<\/p>\n<ol>\n<li>Seasons of the Black<\/li>\n<li>Serpents in Disguise<\/li>\n<li>Blackened Karma<\/li>\n<li>Time Will Tell<\/li>\n<li>Septic Bite<\/li>\n<li>Walk Among the Dead<\/li>\n<li>All we Know is Not<\/li>\n<li>Gaia<\/li>\n<li>Justify<\/li>\n<li>Bloodshed in Paradise<\/li>\n<li>Farewell<\/li>\n<\/ol>\n<p><strong>Note\u00a0: 14\/20<\/strong><\/p>\n<p style=\"text-align: center;\">[youtube]https:\/\/www.youtube.com\/watch?v=ttmdaGxsHWk[\/youtube]<\/p>\n<p style=\"text-align: right;\">Par <strong>AqME<\/strong><\/p>\n","protected":false},"excerpt":{"rendered":"<p>Avis\u00a0: On croit souvent que le Heavy M\u00e9tal est n\u00e9 quelque part entre l\u2019Angleterre et les Etats-Unis. Cependant, durant les ann\u00e9es 80, l\u2019Allemagne n\u2019\u00e9tait pas &hellip; <\/p>\n","protected":false},"author":1,"featured_media":0,"comment_status":"open","ping_status":"open","sticky":false,"template":"","format":"standard","meta":[],"categories":[12],"tags":[],"yoast_head":"<!-- This site is optimized with the Yoast SEO plugin v19.6.1 - https:\/\/yoast.com\/wordpress\/plugins\/seo\/ -->\n<title>Rage - Seasons of the Black - Lavisqteam.fr<\/title>\n<meta name=\"robots\" content=\"index, follow, max-snippet:-1, max-image-preview:large, max-video-preview:-1\" \/>\n<link rel=\"canonical\" href=\"https:\/\/www.lavisqteam.fr\/?p=31100\" \/>\n<meta property=\"og:locale\" content=\"fr_FR\" \/>\n<meta property=\"og:type\" content=\"article\" \/>\n<meta property=\"og:title\" content=\"Rage - Seasons of the Black - Lavisqteam.fr\" \/>\n<meta property=\"og:description\" content=\"Avis\u00a0: On croit souvent que le Heavy M\u00e9tal est n\u00e9 quelque part entre l\u2019Angleterre et les Etats-Unis. Cependant, durant les ann\u00e9es 80, l\u2019Allemagne n\u2019\u00e9tait pas &hellip;\" \/>\n<meta property=\"og:url\" content=\"https:\/\/www.lavisqteam.fr\/?p=31100\" \/>\n<meta property=\"og:site_name\" content=\"Lavisqteam.fr\" \/>\n<meta property=\"article:published_time\" content=\"2017-08-23T09:14:28+00:00\" \/>\n<meta property=\"og:image\" content=\"http:\/\/www.lavisqteam.fr\/wp-content\/uploads\/2017\/08\/rageseasonsoftheblackcd.jpg\" \/>\n<meta name=\"author\" content=\"AqME\" \/>\n<meta name=\"twitter:card\" content=\"summary_large_image\" \/>\n<meta name=\"twitter:label1\" content=\"\u00c9crit par\" \/>\n\t<meta name=\"twitter:data1\" content=\"AqME\" \/>\n\t<meta name=\"twitter:label2\" content=\"Dur\u00e9e de lecture estim\u00e9e\" \/>\n\t<meta name=\"twitter:data2\" content=\"4 minutes\" \/>\n<script type=\"application\/ld+json\" class=\"yoast-schema-graph\">{\"@context\":\"https:\/\/schema.org\",\"@graph\":[{\"@type\":\"Article\",\"@id\":\"https:\/\/www.lavisqteam.fr\/?p=31100#article\",\"isPartOf\":{\"@id\":\"https:\/\/www.lavisqteam.fr\/?p=31100\"},\"author\":{\"name\":\"AqME\",\"@id\":\"https:\/\/www.lavisqteam.fr\/#\/schema\/person\/da11d7c30bf135b288b17cc576708c2d\"},\"headline\":\"Rage &#8211; Seasons of the Black\",\"datePublished\":\"2017-08-23T09:14:28+00:00\",\"dateModified\":\"2017-08-23T09:14:28+00:00\",\"mainEntityOfPage\":{\"@id\":\"https:\/\/www.lavisqteam.fr\/?p=31100\"},\"wordCount\":890,\"commentCount\":0,\"publisher\":{\"@id\":\"https:\/\/www.lavisqteam.fr\/#organization\"},\"articleSection\":[\"Musique\"],\"inLanguage\":\"fr-FR\",\"potentialAction\":[{\"@type\":\"CommentAction\",\"name\":\"Comment\",\"target\":[\"https:\/\/www.lavisqteam.fr\/?p=31100#respond\"]}]},{\"@type\":\"WebPage\",\"@id\":\"https:\/\/www.lavisqteam.fr\/?p=31100\",\"url\":\"https:\/\/www.lavisqteam.fr\/?p=31100\",\"name\":\"Rage - Seasons of the Black - Lavisqteam.fr\",\"isPartOf\":{\"@id\":\"https:\/\/www.lavisqteam.fr\/#website\"},\"datePublished\":\"2017-08-23T09:14:28+00:00\",\"dateModified\":\"2017-08-23T09:14:28+00:00\",\"breadcrumb\":{\"@id\":\"https:\/\/www.lavisqteam.fr\/?p=31100#breadcrumb\"},\"inLanguage\":\"fr-FR\",\"potentialAction\":[{\"@type\":\"ReadAction\",\"target\":[\"https:\/\/www.lavisqteam.fr\/?p=31100\"]}]},{\"@type\":\"BreadcrumbList\",\"@id\":\"https:\/\/www.lavisqteam.fr\/?p=31100#breadcrumb\",\"itemListElement\":[{\"@type\":\"ListItem\",\"position\":1,\"name\":\"Accueil\",\"item\":\"https:\/\/www.lavisqteam.fr\/\"},{\"@type\":\"ListItem\",\"position\":2,\"name\":\"Rage &#8211; Seasons of the Black\"}]},{\"@type\":\"WebSite\",\"@id\":\"https:\/\/www.lavisqteam.fr\/#website\",\"url\":\"https:\/\/www.lavisqteam.fr\/\",\"name\":\"Lavisqteam.fr\",\"description\":\"\",\"publisher\":{\"@id\":\"https:\/\/www.lavisqteam.fr\/#organization\"},\"potentialAction\":[{\"@type\":\"SearchAction\",\"target\":{\"@type\":\"EntryPoint\",\"urlTemplate\":\"https:\/\/www.lavisqteam.fr\/?s={search_term_string}\"},\"query-input\":\"required name=search_term_string\"}],\"inLanguage\":\"fr-FR\"},{\"@type\":\"Organization\",\"@id\":\"https:\/\/www.lavisqteam.fr\/#organization\",\"name\":\"Lavisqteam.fr\",\"url\":\"https:\/\/www.lavisqteam.fr\/\",\"sameAs\":[],\"logo\":{\"@type\":\"ImageObject\",\"inLanguage\":\"fr-FR\",\"@id\":\"https:\/\/www.lavisqteam.fr\/#\/schema\/logo\/image\/\",\"url\":\"https:\/\/www.lavisqteam.fr\/wp-content\/uploads\/2020\/08\/cropped-80879545_3479261675449035_4078032831501041664_o-4.jpg\",\"contentUrl\":\"https:\/\/www.lavisqteam.fr\/wp-content\/uploads\/2020\/08\/cropped-80879545_3479261675449035_4078032831501041664_o-4.jpg\",\"width\":1674,\"height\":536,\"caption\":\"Lavisqteam.fr\"},\"image\":{\"@id\":\"https:\/\/www.lavisqteam.fr\/#\/schema\/logo\/image\/\"}},{\"@type\":\"Person\",\"@id\":\"https:\/\/www.lavisqteam.fr\/#\/schema\/person\/da11d7c30bf135b288b17cc576708c2d\",\"name\":\"AqME\",\"image\":{\"@type\":\"ImageObject\",\"inLanguage\":\"fr-FR\",\"@id\":\"https:\/\/www.lavisqteam.fr\/#\/schema\/person\/image\/\",\"url\":\"https:\/\/secure.gravatar.com\/avatar\/4a87d013fc854acd0f25858a13573675?s=96&d=mm&r=g\",\"contentUrl\":\"https:\/\/secure.gravatar.com\/avatar\/4a87d013fc854acd0f25858a13573675?s=96&d=mm&r=g\",\"caption\":\"AqME\"},\"description\":\"Amateur d'horreur, M\u00e9talleux dans l'\u00e2me, je succombe facilement \u00e0 des images de chatons.\",\"url\":\"https:\/\/www.lavisqteam.fr\/?author=1\"}]}<\/script>\n<!-- \/ Yoast SEO plugin. -->","yoast_head_json":{"title":"Rage - Seasons of the Black - Lavisqteam.fr","robots":{"index":"index","follow":"follow","max-snippet":"max-snippet:-1","max-image-preview":"max-image-preview:large","max-video-preview":"max-video-preview:-1"},"canonical":"https:\/\/www.lavisqteam.fr\/?p=31100","og_locale":"fr_FR","og_type":"article","og_title":"Rage - Seasons of the Black - Lavisqteam.fr","og_description":"Avis\u00a0: On croit souvent que le Heavy M\u00e9tal est n\u00e9 quelque part entre l\u2019Angleterre et les Etats-Unis. Cependant, durant les ann\u00e9es 80, l\u2019Allemagne n\u2019\u00e9tait pas &hellip;","og_url":"https:\/\/www.lavisqteam.fr\/?p=31100","og_site_name":"Lavisqteam.fr","article_published_time":"2017-08-23T09:14:28+00:00","og_image":[{"url":"http:\/\/www.lavisqteam.fr\/wp-content\/uploads\/2017\/08\/rageseasonsoftheblackcd.jpg"}],"author":"AqME","twitter_card":"summary_large_image","twitter_misc":{"\u00c9crit par":"AqME","Dur\u00e9e de lecture estim\u00e9e":"4 minutes"},"schema":{"@context":"https:\/\/schema.org","@graph":[{"@type":"Article","@id":"https:\/\/www.lavisqteam.fr\/?p=31100#article","isPartOf":{"@id":"https:\/\/www.lavisqteam.fr\/?p=31100"},"author":{"name":"AqME","@id":"https:\/\/www.lavisqteam.fr\/#\/schema\/person\/da11d7c30bf135b288b17cc576708c2d"},"headline":"Rage &#8211; Seasons of the Black","datePublished":"2017-08-23T09:14:28+00:00","dateModified":"2017-08-23T09:14:28+00:00","mainEntityOfPage":{"@id":"https:\/\/www.lavisqteam.fr\/?p=31100"},"wordCount":890,"commentCount":0,"publisher":{"@id":"https:\/\/www.lavisqteam.fr\/#organization"},"articleSection":["Musique"],"inLanguage":"fr-FR","potentialAction":[{"@type":"CommentAction","name":"Comment","target":["https:\/\/www.lavisqteam.fr\/?p=31100#respond"]}]},{"@type":"WebPage","@id":"https:\/\/www.lavisqteam.fr\/?p=31100","url":"https:\/\/www.lavisqteam.fr\/?p=31100","name":"Rage - Seasons of the Black - Lavisqteam.fr","isPartOf":{"@id":"https:\/\/www.lavisqteam.fr\/#website"},"datePublished":"2017-08-23T09:14:28+00:00","dateModified":"2017-08-23T09:14:28+00:00","breadcrumb":{"@id":"https:\/\/www.lavisqteam.fr\/?p=31100#breadcrumb"},"inLanguage":"fr-FR","potentialAction":[{"@type":"ReadAction","target":["https:\/\/www.lavisqteam.fr\/?p=31100"]}]},{"@type":"BreadcrumbList","@id":"https:\/\/www.lavisqteam.fr\/?p=31100#breadcrumb","itemListElement":[{"@type":"ListItem","position":1,"name":"Accueil","item":"https:\/\/www.lavisqteam.fr\/"},{"@type":"ListItem","position":2,"name":"Rage &#8211; Seasons of the Black"}]},{"@type":"WebSite","@id":"https:\/\/www.lavisqteam.fr\/#website","url":"https:\/\/www.lavisqteam.fr\/","name":"Lavisqteam.fr","description":"","publisher":{"@id":"https:\/\/www.lavisqteam.fr\/#organization"},"potentialAction":[{"@type":"SearchAction","target":{"@type":"EntryPoint","urlTemplate":"https:\/\/www.lavisqteam.fr\/?s={search_term_string}"},"query-input":"required name=search_term_string"}],"inLanguage":"fr-FR"},{"@type":"Organization","@id":"https:\/\/www.lavisqteam.fr\/#organization","name":"Lavisqteam.fr","url":"https:\/\/www.lavisqteam.fr\/","sameAs":[],"logo":{"@type":"ImageObject","inLanguage":"fr-FR","@id":"https:\/\/www.lavisqteam.fr\/#\/schema\/logo\/image\/","url":"https:\/\/www.lavisqteam.fr\/wp-content\/uploads\/2020\/08\/cropped-80879545_3479261675449035_4078032831501041664_o-4.jpg","contentUrl":"https:\/\/www.lavisqteam.fr\/wp-content\/uploads\/2020\/08\/cropped-80879545_3479261675449035_4078032831501041664_o-4.jpg","width":1674,"height":536,"caption":"Lavisqteam.fr"},"image":{"@id":"https:\/\/www.lavisqteam.fr\/#\/schema\/logo\/image\/"}},{"@type":"Person","@id":"https:\/\/www.lavisqteam.fr\/#\/schema\/person\/da11d7c30bf135b288b17cc576708c2d","name":"AqME","image":{"@type":"ImageObject","inLanguage":"fr-FR","@id":"https:\/\/www.lavisqteam.fr\/#\/schema\/person\/image\/","url":"https:\/\/secure.gravatar.com\/avatar\/4a87d013fc854acd0f25858a13573675?s=96&d=mm&r=g","contentUrl":"https:\/\/secure.gravatar.com\/avatar\/4a87d013fc854acd0f25858a13573675?s=96&d=mm&r=g","caption":"AqME"},"description":"Amateur d'horreur, M\u00e9talleux dans l'\u00e2me, je succombe facilement \u00e0 des images de chatons.","url":"https:\/\/www.lavisqteam.fr\/?author=1"}]}},"jetpack_featured_media_url":"","_links":{"self":[{"href":"https:\/\/www.lavisqteam.fr\/index.php?rest_route=\/wp\/v2\/posts\/31100"}],"collection":[{"href":"https:\/\/www.lavisqteam.fr\/index.php?rest_route=\/wp\/v2\/posts"}],"about":[{"href":"https:\/\/www.lavisqteam.fr\/index.php?rest_route=\/wp\/v2\/types\/post"}],"author":[{"embeddable":true,"href":"https:\/\/www.lavisqteam.fr\/index.php?rest_route=\/wp\/v2\/users\/1"}],"replies":[{"embeddable":true,"href":"https:\/\/www.lavisqteam.fr\/index.php?rest_route=%2Fwp%2Fv2%2Fcomments&post=31100"}],"version-history":[{"count":1,"href":"https:\/\/www.lavisqteam.fr\/index.php?rest_route=\/wp\/v2\/posts\/31100\/revisions"}],"predecessor-version":[{"id":31103,"href":"https:\/\/www.lavisqteam.fr\/index.php?rest_route=\/wp\/v2\/posts\/31100\/revisions\/31103"}],"wp:attachment":[{"href":"https:\/\/www.lavisqteam.fr\/index.php?rest_route=%2Fwp%2Fv2%2Fmedia&parent=31100"}],"wp:term":[{"taxonomy":"category","embeddable":true,"href":"https:\/\/www.lavisqteam.fr\/index.php?rest_route=%2Fwp%2Fv2%2Fcategories&post=31100"},{"taxonomy":"post_tag","embeddable":true,"href":"https:\/\/www.lavisqteam.fr\/index.php?rest_route=%2Fwp%2Fv2%2Ftags&post=31100"}],"curies":[{"name":"wp","href":"https:\/\/api.w.org\/{rel}","templated":true}]}}