{"id":30917,"date":"2017-08-12T20:53:23","date_gmt":"2017-08-12T20:53:23","guid":{"rendered":"http:\/\/www.lavisqteam.fr\/?p=30917"},"modified":"2021-05-01T10:13:26","modified_gmt":"2021-05-01T10:13:26","slug":"la-quete-du-graal","status":"publish","type":"post","link":"https:\/\/www.lavisqteam.fr\/?p=30917","title":{"rendered":"La Qu\u00eate du Graal"},"content":{"rendered":"<p style=\"text-align: center;\"><a href=\"https:\/\/www.lavisqteam.fr\/wp-content\/uploads\/2017\/08\/20707783_10214348392248663_73920663_n.jpg\"><img loading=\"lazy\" class=\"alignnone size-full wp-image-30918\" src=\"https:\/\/www.lavisqteam.fr\/wp-content\/uploads\/2017\/08\/20707783_10214348392248663_73920663_n.jpg\" alt=\"\" width=\"500\" height=\"690\" srcset=\"https:\/\/www.lavisqteam.fr\/wp-content\/uploads\/2017\/08\/20707783_10214348392248663_73920663_n.jpg 500w, https:\/\/www.lavisqteam.fr\/wp-content\/uploads\/2017\/08\/20707783_10214348392248663_73920663_n-217x300.jpg 217w\" sizes=\"(max-width: 500px) 100vw, 500px\" \/><\/a><\/p>\n<p><strong>Auteurs&nbsp;: <\/strong>Fran\u00e7ois Debois et St\u00e9phane Bileau<\/p>\n<p><strong>Editeur&nbsp;: <\/strong>Soleil<\/p>\n<p><strong>Genre&nbsp;: <\/strong>Fantasy<\/p>\n<p><strong>R\u00e9sum\u00e9&nbsp;:<\/strong><\/p>\n<p>Les f\u00e9es pr\u00e9disent \u00e0 Merlin la destruction de la Bretagne mais il existe un moyen pour sauver les Celtes et \u00e9viter ce terrible chaos, pour cela il doit retrouver un talisman h\u00e9rit\u00e9 des Tuathas: Le Graal. Il va donc r\u00e9unir les plus grand h\u00e9ros autour de lui pour cette tache : Arthur, Gauvain, Guenievre, Lancelot du Lac, Keu, Perceval. Ils vont donc agir tous ensemble pour retrouver le Graal disparu depuis plus de 500 ans.<\/p>\n<p><strong>Avis&nbsp;:<\/strong><\/p>\n<p><strong>La qu\u00eate du Graal<\/strong> est une s\u00e9rie de la collection Soleil Celtic, sp\u00e9cialis\u00e9e dans les L\u00e9gendes Arthuriennes, qui se termine en 5 ouvrages. Cette ann\u00e9e, en 2017, le tome 5, le tant attendu et dernier volume, est sorti, pas moins de dix ann\u00e9es apr\u00e8s la parution du premier tome&nbsp;! Rien que \u00e7a. Saga embl\u00e9matique de la collection, <em>Fran\u00e7ois Debois<\/em> a enfin pu terminer son \u0153uvre et les lecteurs s\u2019en verront vraiment ravis.<\/p>\n<p style=\"text-align: center;\"><a href=\"https:\/\/www.lavisqteam.fr\/wp-content\/uploads\/2017\/08\/20706721_10214348394128710_1814455467_n.jpg\"><img loading=\"lazy\" class=\"alignnone size-full wp-image-30920\" src=\"https:\/\/www.lavisqteam.fr\/wp-content\/uploads\/2017\/08\/20706721_10214348394128710_1814455467_n.jpg\" alt=\"\" width=\"491\" height=\"700\" srcset=\"https:\/\/www.lavisqteam.fr\/wp-content\/uploads\/2017\/08\/20706721_10214348394128710_1814455467_n.jpg 491w, https:\/\/www.lavisqteam.fr\/wp-content\/uploads\/2017\/08\/20706721_10214348394128710_1814455467_n-210x300.jpg 210w\" sizes=\"(max-width: 491px) 100vw, 491px\" \/><\/a><\/p>\n<p>Pour les fans des r\u00e9cits arthuriens, cela va sans dire que la l\u00e9gende du Graal est bien connue, vue et revue, lue et relue \u00e0 de nombreuses reprises. En quoi cette bande dessin\u00e9e serait-elle int\u00e9ressante pour des fanatiques du genre&nbsp;? En plus des beaux dessins du talentueux <em>St\u00e9phane Bileau<\/em>, cette s\u00e9rie est diff\u00e9rente des r\u00e9cits habituels sur le Graal car elle incorpore des particules et r\u00e9miniscences des histoires celtes, notamment celles d\u2019Irlande. Le premier tome se charge de pr\u00e9senter les mythes irlandais et de mettre en avant les plus fameux envahisseurs d\u2019Irlande en la personne des Tuatha d\u00e9 Danann (la Tribu de Dana). Dieux l\u00e9gendaires aux pouvoirs fascinants, leurs aventures sont c\u00e9l\u00e8bres et leur renomm\u00e9e n\u2019est plus \u00e0 faire dans le monde celte. Les amoureux des mythologies en tout genre trouveront ici leur bonheur&nbsp;tant l\u2019auteur a su remettre au go\u00fbt du jour ces anciennes croyances et \u00e0 les int\u00e9grer parfaitement dans l\u2019univers arthurien. On retrouve ainsi les objets l\u00e9gendaires des Tuatha d\u00e9 Danann (la pierre de Fal, la lance de Lugh, l\u2019\u00e9p\u00e9e de Nuada et le chaudron du Dagda) associ\u00e9s aux objets embl\u00e9matiques des l\u00e9gendes arthuriennes (l\u2019\u00e9p\u00e9e Excalibur et la coupe du Graal). Tous les liens se font naturellement et les explications donn\u00e9es sont convaincantes, pleines de magie et d\u2019esth\u00e9tisme.<\/p>\n<p>D\u2019autres ajouts et modifications font de cette s\u00e9rie un vrai r\u00e9gal de lecture. Certains personnages se voient doter d\u2019une personnalit\u00e9 rafraichissante, qui diff\u00e8re des r\u00e9cits traditionnels, comme Merlin, Morgane, Viviane, Gueni\u00e8vre ou Lancelot. Merlin est tiraill\u00e9 par sa nature d\u00e9moniaque qui le rattrape et lui laisse des marques sur son corps d\u00e8s qu\u2019il utilise son pouvoir. Son c\u00f4t\u00e9 sauvage le submerge sans cesse, et c\u2019est un combat acharn\u00e9 qu\u2019il doit mener contre lui-m\u00eame jour apr\u00e8s jour. Morgane, bien que souvent consid\u00e9r\u00e9e comme la m\u00e9chante de l\u2019histoire (sauf dans certains romans tels que ceux de Marion Zimmer Bradley, comme les Dames du Lac) a ici une personnalit\u00e9 plus complexe qu\u2019elle ne le laisse para\u00eetre. La Morrigane, sorci\u00e8re ou d\u00e9esse de la guerre irlandaise, n\u2019est pas \u00e9trang\u00e8re \u00e0 ses \u00e9tats d\u2019\u00e2me. Viviane est une toute jeune f\u00e9e dans ce r\u00e9cit et semble manquer de sagesse. Ses \u00e9motions l\u2019emportent sur sa raison et changent quelque peu le cours de l\u2019histoire. Gueni\u00e8vre est une combattante acharn\u00e9e, une femme magnifique et forte qui sait tr\u00e8s bien ce qu\u2019elle veut. On se pla\u00eet \u00e0 la voir interagir avec Arthur ou les chevaliers, rivaliser d\u2019audace et de r\u00e9pliques savoureuses. Lancelot est loin d\u2019\u00eatre prudent, droit ou mod\u00e9r\u00e9. L\u2019auteur a pris le parti d\u2019un Lancelot jeune, qui d\u00e9couvre les maux et les joies de la vie dans les bras de celle qui la fait chavirer et sous les ordres de son roi. Ce dernier est plut\u00f4t commun et pas tant d\u00e9velopp\u00e9 que cela. Arthur est en effet plut\u00f4t aventureux, passionn\u00e9 et manipulable. Bien qu\u2019en 5 volumes, cette s\u00e9rie ne permet pas un approfondissement des personnages principaux mais nous offre une belle histoire, pleine de h\u00e9ros, de courage et d\u2019\u00e9motions.<\/p>\n<p>Chacun des tomes suit un rythme particulier et effr\u00e9n\u00e9, alliant de multiples combats, aux qu\u00eates personnelles des aventuriers, tout en poursuivant la recherche du Graal tant convoit\u00e9. Petit \u00e0 petit, le fan des l\u00e9gendes arthuriennes retombe sur ses pieds en red\u00e9couvrant les \u00e9tapes indissociables du conte du Graal, que l\u2019auteur a remani\u00e9es \u00e0 sa fa\u00e7on mais sans en changer le sens initial.<\/p>\n<p>La particularit\u00e9 de cette s\u00e9rie est le fait qu\u2019il n\u2019y ait pas r\u00e9ellement de personnage principal ni de h\u00e9ros clairement d\u00e9fini. On suit les aventures de Arthur, sa famille, ses chevaliers, ses ennemis et ses alli\u00e9s, sans s\u2019attacher sp\u00e9cialement \u00e0 l\u2019un ou l\u2019autre. De plus, l\u2019auteur \u00e9crit \u00e0 merveille, nous offrant de beaux passages lyriques et po\u00e9tiques associ\u00e9s \u00e0 la magie, Broc\u00e9liande, Ynis Avalach\u2019 (Avalon) ou au Val sans Retour. Les f\u00e9es, dryades et autres peuplades enchant\u00e9es, sont souvent pr\u00e9sentes et am\u00e8nent une petite touche de mythologie bretonne qui se fond parfaitement avec tout le reste.<\/p>\n<p style=\"text-align: center;\"><a href=\"https:\/\/www.lavisqteam.fr\/wp-content\/uploads\/2017\/08\/20731094_10214348393568696_1653751758_n.jpg\"><img loading=\"lazy\" class=\"alignnone size-full wp-image-30919\" src=\"https:\/\/www.lavisqteam.fr\/wp-content\/uploads\/2017\/08\/20731094_10214348393568696_1653751758_n.jpg\" alt=\"\" width=\"500\" height=\"701\" srcset=\"https:\/\/www.lavisqteam.fr\/wp-content\/uploads\/2017\/08\/20731094_10214348393568696_1653751758_n.jpg 500w, https:\/\/www.lavisqteam.fr\/wp-content\/uploads\/2017\/08\/20731094_10214348393568696_1653751758_n-214x300.jpg 214w\" sizes=\"(max-width: 500px) 100vw, 500px\" \/><\/a><\/p>\n<p>M\u00eame si la trame principale de l\u2019histoire n\u2019est pas fonci\u00e8rement originale, les dessins sont plaisants, joliment color\u00e9s et pleins de finesse, les aventures de chacun sont bien agenc\u00e9es et les personnages sont int\u00e9ressants et complexes. Ce remaniement du mythe, contrairement \u00e0 la c\u00e9l\u00e8bre s\u00e9rie t\u00e9l\u00e9vis\u00e9e <strong>Kaamelott<\/strong>, n\u2019est pas du tout humoristique. L\u2019auteur a choisi de rester s\u00e9rieux tout du long, pr\u00e9f\u00e9rant plut\u00f4t renouer avec la tragique histoire que nous connaissons, tout en l\u2019agr\u00e9mentant de multiples r\u00e9f\u00e9rences mythologiques et f\u00e9\u00e9riques.<\/p>\n<p><strong>Note&nbsp;: 18\/20<\/strong><\/p>\n<p style=\"text-align: right;\">Par <strong>Lildrille<\/strong><\/p>\n","protected":false},"excerpt":{"rendered":"<p>Auteurs&nbsp;: Fran\u00e7ois Debois et St\u00e9phane Bileau Editeur&nbsp;: Soleil Genre&nbsp;: Fantasy R\u00e9sum\u00e9&nbsp;: Les f\u00e9es pr\u00e9disent \u00e0 Merlin la destruction de la Bretagne mais il existe un &hellip; <\/p>\n","protected":false},"author":2,"featured_media":0,"comment_status":"open","ping_status":"open","sticky":false,"template":"","format":"standard","meta":[],"categories":[16],"tags":[],"yoast_head":"<!-- This site is optimized with the Yoast SEO plugin v19.6.1 - https:\/\/yoast.com\/wordpress\/plugins\/seo\/ -->\n<title>La Qu\u00eate du Graal - Lavisqteam.fr<\/title>\n<meta name=\"robots\" content=\"index, follow, max-snippet:-1, max-image-preview:large, max-video-preview:-1\" \/>\n<link rel=\"canonical\" href=\"https:\/\/www.lavisqteam.fr\/?p=30917\" \/>\n<meta property=\"og:locale\" content=\"fr_FR\" \/>\n<meta property=\"og:type\" content=\"article\" \/>\n<meta property=\"og:title\" content=\"La Qu\u00eate du Graal - Lavisqteam.fr\" \/>\n<meta property=\"og:description\" content=\"Auteurs&nbsp;: Fran\u00e7ois Debois et St\u00e9phane Bileau Editeur&nbsp;: Soleil Genre&nbsp;: Fantasy R\u00e9sum\u00e9&nbsp;: Les f\u00e9es pr\u00e9disent \u00e0 Merlin la destruction de la Bretagne mais il existe un &hellip;\" \/>\n<meta property=\"og:url\" content=\"https:\/\/www.lavisqteam.fr\/?p=30917\" \/>\n<meta property=\"og:site_name\" content=\"Lavisqteam.fr\" \/>\n<meta property=\"article:author\" content=\"https:\/\/www.facebook.com\/chloe.garcia.351\" \/>\n<meta property=\"article:published_time\" content=\"2017-08-12T20:53:23+00:00\" \/>\n<meta property=\"article:modified_time\" content=\"2021-05-01T10:13:26+00:00\" \/>\n<meta property=\"og:image\" content=\"http:\/\/www.lavisqteam.fr\/wp-content\/uploads\/2017\/08\/20707783_10214348392248663_73920663_n.jpg\" \/>\n<meta name=\"author\" content=\"Lildrille\" \/>\n<meta name=\"twitter:card\" content=\"summary_large_image\" \/>\n<meta name=\"twitter:label1\" content=\"\u00c9crit par\" \/>\n\t<meta name=\"twitter:data1\" content=\"Lildrille\" \/>\n\t<meta name=\"twitter:label2\" content=\"Dur\u00e9e de lecture estim\u00e9e\" \/>\n\t<meta name=\"twitter:data2\" content=\"5 minutes\" \/>\n<script type=\"application\/ld+json\" class=\"yoast-schema-graph\">{\"@context\":\"https:\/\/schema.org\",\"@graph\":[{\"@type\":\"Article\",\"@id\":\"https:\/\/www.lavisqteam.fr\/?p=30917#article\",\"isPartOf\":{\"@id\":\"https:\/\/www.lavisqteam.fr\/?p=30917\"},\"author\":{\"name\":\"Lildrille\",\"@id\":\"https:\/\/www.lavisqteam.fr\/#\/schema\/person\/e2e3eb3cb179a4f0299403b29e235d24\"},\"headline\":\"La Qu\u00eate du Graal\",\"datePublished\":\"2017-08-12T20:53:23+00:00\",\"dateModified\":\"2021-05-01T10:13:26+00:00\",\"mainEntityOfPage\":{\"@id\":\"https:\/\/www.lavisqteam.fr\/?p=30917\"},\"wordCount\":1037,\"commentCount\":0,\"publisher\":{\"@id\":\"https:\/\/www.lavisqteam.fr\/#organization\"},\"articleSection\":[\"BD\"],\"inLanguage\":\"fr-FR\",\"potentialAction\":[{\"@type\":\"CommentAction\",\"name\":\"Comment\",\"target\":[\"https:\/\/www.lavisqteam.fr\/?p=30917#respond\"]}]},{\"@type\":\"WebPage\",\"@id\":\"https:\/\/www.lavisqteam.fr\/?p=30917\",\"url\":\"https:\/\/www.lavisqteam.fr\/?p=30917\",\"name\":\"La Qu\u00eate du Graal - Lavisqteam.fr\",\"isPartOf\":{\"@id\":\"https:\/\/www.lavisqteam.fr\/#website\"},\"datePublished\":\"2017-08-12T20:53:23+00:00\",\"dateModified\":\"2021-05-01T10:13:26+00:00\",\"breadcrumb\":{\"@id\":\"https:\/\/www.lavisqteam.fr\/?p=30917#breadcrumb\"},\"inLanguage\":\"fr-FR\",\"potentialAction\":[{\"@type\":\"ReadAction\",\"target\":[\"https:\/\/www.lavisqteam.fr\/?p=30917\"]}]},{\"@type\":\"BreadcrumbList\",\"@id\":\"https:\/\/www.lavisqteam.fr\/?p=30917#breadcrumb\",\"itemListElement\":[{\"@type\":\"ListItem\",\"position\":1,\"name\":\"Accueil\",\"item\":\"https:\/\/www.lavisqteam.fr\/\"},{\"@type\":\"ListItem\",\"position\":2,\"name\":\"La Qu\u00eate du Graal\"}]},{\"@type\":\"WebSite\",\"@id\":\"https:\/\/www.lavisqteam.fr\/#website\",\"url\":\"https:\/\/www.lavisqteam.fr\/\",\"name\":\"Lavisqteam.fr\",\"description\":\"\",\"publisher\":{\"@id\":\"https:\/\/www.lavisqteam.fr\/#organization\"},\"potentialAction\":[{\"@type\":\"SearchAction\",\"target\":{\"@type\":\"EntryPoint\",\"urlTemplate\":\"https:\/\/www.lavisqteam.fr\/?s={search_term_string}\"},\"query-input\":\"required name=search_term_string\"}],\"inLanguage\":\"fr-FR\"},{\"@type\":\"Organization\",\"@id\":\"https:\/\/www.lavisqteam.fr\/#organization\",\"name\":\"Lavisqteam.fr\",\"url\":\"https:\/\/www.lavisqteam.fr\/\",\"sameAs\":[],\"logo\":{\"@type\":\"ImageObject\",\"inLanguage\":\"fr-FR\",\"@id\":\"https:\/\/www.lavisqteam.fr\/#\/schema\/logo\/image\/\",\"url\":\"https:\/\/www.lavisqteam.fr\/wp-content\/uploads\/2020\/08\/cropped-80879545_3479261675449035_4078032831501041664_o-4.jpg\",\"contentUrl\":\"https:\/\/www.lavisqteam.fr\/wp-content\/uploads\/2020\/08\/cropped-80879545_3479261675449035_4078032831501041664_o-4.jpg\",\"width\":1674,\"height\":536,\"caption\":\"Lavisqteam.fr\"},\"image\":{\"@id\":\"https:\/\/www.lavisqteam.fr\/#\/schema\/logo\/image\/\"}},{\"@type\":\"Person\",\"@id\":\"https:\/\/www.lavisqteam.fr\/#\/schema\/person\/e2e3eb3cb179a4f0299403b29e235d24\",\"name\":\"Lildrille\",\"image\":{\"@type\":\"ImageObject\",\"inLanguage\":\"fr-FR\",\"@id\":\"https:\/\/www.lavisqteam.fr\/#\/schema\/person\/image\/\",\"url\":\"https:\/\/secure.gravatar.com\/avatar\/1fbe78d5f27ffb4f9c29619bd30c90db?s=96&d=mm&r=g\",\"contentUrl\":\"https:\/\/secure.gravatar.com\/avatar\/1fbe78d5f27ffb4f9c29619bd30c90db?s=96&d=mm&r=g\",\"caption\":\"Lildrille\"},\"description\":\"Passionn\u00e9e d\u2019imaginaire et d\u2019\u00e9vasion depuis longtemps, \u00e9crire et lire sont mes activit\u00e9s favorites. Dans un monde souvent sombre, m'\u00e9vader et fournir du r\u00eave sont mes objectifs. Suivez-moi en tant qu'auteure ici : https:\/\/www.2passions1dream.com\/. Et en tant que chroniqueuse aussi l\u00e0 : https:\/\/simplement.pro\/u\/Lildrille.\",\"sameAs\":[\"http:\/\/Lavisqteam.fr\",\"https:\/\/www.facebook.com\/chloe.garcia.351\",\"https:\/\/www.instagram.com\/chloe.garcia.artiste\/\",\"https:\/\/www.linkedin.com\/in\/garcia-chloe\/\"],\"url\":\"https:\/\/www.lavisqteam.fr\/?author=2\"}]}<\/script>\n<!-- \/ Yoast SEO plugin. -->","yoast_head_json":{"title":"La Qu\u00eate du Graal - Lavisqteam.fr","robots":{"index":"index","follow":"follow","max-snippet":"max-snippet:-1","max-image-preview":"max-image-preview:large","max-video-preview":"max-video-preview:-1"},"canonical":"https:\/\/www.lavisqteam.fr\/?p=30917","og_locale":"fr_FR","og_type":"article","og_title":"La Qu\u00eate du Graal - Lavisqteam.fr","og_description":"Auteurs&nbsp;: Fran\u00e7ois Debois et St\u00e9phane Bileau Editeur&nbsp;: Soleil Genre&nbsp;: Fantasy R\u00e9sum\u00e9&nbsp;: Les f\u00e9es pr\u00e9disent \u00e0 Merlin la destruction de la Bretagne mais il existe un &hellip;","og_url":"https:\/\/www.lavisqteam.fr\/?p=30917","og_site_name":"Lavisqteam.fr","article_author":"https:\/\/www.facebook.com\/chloe.garcia.351","article_published_time":"2017-08-12T20:53:23+00:00","article_modified_time":"2021-05-01T10:13:26+00:00","og_image":[{"url":"http:\/\/www.lavisqteam.fr\/wp-content\/uploads\/2017\/08\/20707783_10214348392248663_73920663_n.jpg"}],"author":"Lildrille","twitter_card":"summary_large_image","twitter_misc":{"\u00c9crit par":"Lildrille","Dur\u00e9e de lecture estim\u00e9e":"5 minutes"},"schema":{"@context":"https:\/\/schema.org","@graph":[{"@type":"Article","@id":"https:\/\/www.lavisqteam.fr\/?p=30917#article","isPartOf":{"@id":"https:\/\/www.lavisqteam.fr\/?p=30917"},"author":{"name":"Lildrille","@id":"https:\/\/www.lavisqteam.fr\/#\/schema\/person\/e2e3eb3cb179a4f0299403b29e235d24"},"headline":"La Qu\u00eate du Graal","datePublished":"2017-08-12T20:53:23+00:00","dateModified":"2021-05-01T10:13:26+00:00","mainEntityOfPage":{"@id":"https:\/\/www.lavisqteam.fr\/?p=30917"},"wordCount":1037,"commentCount":0,"publisher":{"@id":"https:\/\/www.lavisqteam.fr\/#organization"},"articleSection":["BD"],"inLanguage":"fr-FR","potentialAction":[{"@type":"CommentAction","name":"Comment","target":["https:\/\/www.lavisqteam.fr\/?p=30917#respond"]}]},{"@type":"WebPage","@id":"https:\/\/www.lavisqteam.fr\/?p=30917","url":"https:\/\/www.lavisqteam.fr\/?p=30917","name":"La Qu\u00eate du Graal - Lavisqteam.fr","isPartOf":{"@id":"https:\/\/www.lavisqteam.fr\/#website"},"datePublished":"2017-08-12T20:53:23+00:00","dateModified":"2021-05-01T10:13:26+00:00","breadcrumb":{"@id":"https:\/\/www.lavisqteam.fr\/?p=30917#breadcrumb"},"inLanguage":"fr-FR","potentialAction":[{"@type":"ReadAction","target":["https:\/\/www.lavisqteam.fr\/?p=30917"]}]},{"@type":"BreadcrumbList","@id":"https:\/\/www.lavisqteam.fr\/?p=30917#breadcrumb","itemListElement":[{"@type":"ListItem","position":1,"name":"Accueil","item":"https:\/\/www.lavisqteam.fr\/"},{"@type":"ListItem","position":2,"name":"La Qu\u00eate du Graal"}]},{"@type":"WebSite","@id":"https:\/\/www.lavisqteam.fr\/#website","url":"https:\/\/www.lavisqteam.fr\/","name":"Lavisqteam.fr","description":"","publisher":{"@id":"https:\/\/www.lavisqteam.fr\/#organization"},"potentialAction":[{"@type":"SearchAction","target":{"@type":"EntryPoint","urlTemplate":"https:\/\/www.lavisqteam.fr\/?s={search_term_string}"},"query-input":"required name=search_term_string"}],"inLanguage":"fr-FR"},{"@type":"Organization","@id":"https:\/\/www.lavisqteam.fr\/#organization","name":"Lavisqteam.fr","url":"https:\/\/www.lavisqteam.fr\/","sameAs":[],"logo":{"@type":"ImageObject","inLanguage":"fr-FR","@id":"https:\/\/www.lavisqteam.fr\/#\/schema\/logo\/image\/","url":"https:\/\/www.lavisqteam.fr\/wp-content\/uploads\/2020\/08\/cropped-80879545_3479261675449035_4078032831501041664_o-4.jpg","contentUrl":"https:\/\/www.lavisqteam.fr\/wp-content\/uploads\/2020\/08\/cropped-80879545_3479261675449035_4078032831501041664_o-4.jpg","width":1674,"height":536,"caption":"Lavisqteam.fr"},"image":{"@id":"https:\/\/www.lavisqteam.fr\/#\/schema\/logo\/image\/"}},{"@type":"Person","@id":"https:\/\/www.lavisqteam.fr\/#\/schema\/person\/e2e3eb3cb179a4f0299403b29e235d24","name":"Lildrille","image":{"@type":"ImageObject","inLanguage":"fr-FR","@id":"https:\/\/www.lavisqteam.fr\/#\/schema\/person\/image\/","url":"https:\/\/secure.gravatar.com\/avatar\/1fbe78d5f27ffb4f9c29619bd30c90db?s=96&d=mm&r=g","contentUrl":"https:\/\/secure.gravatar.com\/avatar\/1fbe78d5f27ffb4f9c29619bd30c90db?s=96&d=mm&r=g","caption":"Lildrille"},"description":"Passionn\u00e9e d\u2019imaginaire et d\u2019\u00e9vasion depuis longtemps, \u00e9crire et lire sont mes activit\u00e9s favorites. Dans un monde souvent sombre, m'\u00e9vader et fournir du r\u00eave sont mes objectifs. Suivez-moi en tant qu'auteure ici : https:\/\/www.2passions1dream.com\/. Et en tant que chroniqueuse aussi l\u00e0 : https:\/\/simplement.pro\/u\/Lildrille.","sameAs":["http:\/\/Lavisqteam.fr","https:\/\/www.facebook.com\/chloe.garcia.351","https:\/\/www.instagram.com\/chloe.garcia.artiste\/","https:\/\/www.linkedin.com\/in\/garcia-chloe\/"],"url":"https:\/\/www.lavisqteam.fr\/?author=2"}]}},"jetpack_featured_media_url":"","_links":{"self":[{"href":"https:\/\/www.lavisqteam.fr\/index.php?rest_route=\/wp\/v2\/posts\/30917"}],"collection":[{"href":"https:\/\/www.lavisqteam.fr\/index.php?rest_route=\/wp\/v2\/posts"}],"about":[{"href":"https:\/\/www.lavisqteam.fr\/index.php?rest_route=\/wp\/v2\/types\/post"}],"author":[{"embeddable":true,"href":"https:\/\/www.lavisqteam.fr\/index.php?rest_route=\/wp\/v2\/users\/2"}],"replies":[{"embeddable":true,"href":"https:\/\/www.lavisqteam.fr\/index.php?rest_route=%2Fwp%2Fv2%2Fcomments&post=30917"}],"version-history":[{"count":2,"href":"https:\/\/www.lavisqteam.fr\/index.php?rest_route=\/wp\/v2\/posts\/30917\/revisions"}],"predecessor-version":[{"id":56039,"href":"https:\/\/www.lavisqteam.fr\/index.php?rest_route=\/wp\/v2\/posts\/30917\/revisions\/56039"}],"wp:attachment":[{"href":"https:\/\/www.lavisqteam.fr\/index.php?rest_route=%2Fwp%2Fv2%2Fmedia&parent=30917"}],"wp:term":[{"taxonomy":"category","embeddable":true,"href":"https:\/\/www.lavisqteam.fr\/index.php?rest_route=%2Fwp%2Fv2%2Fcategories&post=30917"},{"taxonomy":"post_tag","embeddable":true,"href":"https:\/\/www.lavisqteam.fr\/index.php?rest_route=%2Fwp%2Fv2%2Ftags&post=30917"}],"curies":[{"name":"wp","href":"https:\/\/api.w.org\/{rel}","templated":true}]}}