{"id":30401,"date":"2017-07-19T13:45:39","date_gmt":"2017-07-19T13:45:39","guid":{"rendered":"http:\/\/www.lavisqteam.fr\/?p=30401"},"modified":"2017-07-19T13:45:39","modified_gmt":"2017-07-19T13:45:39","slug":"odd-thomas-contre-les-creatures-de-lombre","status":"publish","type":"post","link":"https:\/\/www.lavisqteam.fr\/?p=30401","title":{"rendered":"Odd Thomas Contre les Cr\u00e9atures de l&rsquo;Ombre"},"content":{"rendered":"<p style=\"text-align: center;\"><a href=\"https:\/\/www.lavisqteam.fr\/wp-content\/uploads\/2017\/07\/492164.jpg-r_1920_1080-f_jpg-q_x-xxyxx.jpg\"><img loading=\"lazy\" class=\"alignnone size-large wp-image-30402\" src=\"https:\/\/www.lavisqteam.fr\/wp-content\/uploads\/2017\/07\/492164.jpg-r_1920_1080-f_jpg-q_x-xxyxx-693x1024.jpg\" alt=\"\" width=\"600\" height=\"887\" srcset=\"https:\/\/www.lavisqteam.fr\/wp-content\/uploads\/2017\/07\/492164.jpg-r_1920_1080-f_jpg-q_x-xxyxx-693x1024.jpg 693w, https:\/\/www.lavisqteam.fr\/wp-content\/uploads\/2017\/07\/492164.jpg-r_1920_1080-f_jpg-q_x-xxyxx-203x300.jpg 203w, https:\/\/www.lavisqteam.fr\/wp-content\/uploads\/2017\/07\/492164.jpg-r_1920_1080-f_jpg-q_x-xxyxx.jpg 731w\" sizes=\"(max-width: 600px) 100vw, 600px\" \/><\/a><\/p>\n<p><strong>Titre Original\u00a0: <\/strong>Odd Thomas<\/p>\n<p><strong>De\u00a0: <\/strong>Stephen Sommers<\/p>\n<p><strong>Avec <\/strong>Anton Yelchin, Addison Timlin, Willem Dafoe, Patton Oswalt<\/p>\n<p><strong>Ann\u00e9e: <\/strong>2013<\/p>\n<p><strong>Pays: <\/strong>Etats-Unis<\/p>\n<p><strong>Genre: <\/strong>Fantastique<\/p>\n<p><strong>R\u00e9sum\u00e9:<\/strong><\/p>\n<p>L&rsquo;adaptation des livres de Dean Koontz, racontant l&rsquo;histoire d&rsquo;un homme qui a le pouvoir de voir les morts, sans pouvoir les entendre.<\/p>\n<p><strong>Avis:<\/strong><\/p>\n<p>Au m\u00eame titre que <em>Stephen King<\/em>, <em>Graham Masterton<\/em> ou <em>Peter Straub<\/em>, <em>Dean Koontz<\/em> fait partie de ces auteurs litt\u00e9raires horrifiques qui connaissent un succ\u00e8s retentissant \u00e0 chaque sortie de livre. Peut-\u00eatre moins mis en avant en France, l\u2019auteur n\u2019en demeure pas moins convaincant et livre \u00e0 intervalles r\u00e9guliers des romans de plus ou moins bonne qualit\u00e9. Alors forc\u00e9ment, quand <em>Stephen Sommers<\/em> commence \u00e0 s\u2019int\u00e9resser \u00e0 <strong>l\u2019Etrange Odd Thomas<\/strong>, cela attise la curiosit\u00e9. Sauf en France. Sorti en 2013 aux States, le film subira les foudres des distributeurs et ne sortira jamais en salles, se condamnant \u00e0 une simple sortie DVD, dans un anonymat complet. Un destin funeste pour un film qui n\u2019en m\u00e9ritait pas tant, loin de l\u00e0 et qui en plus d\u2019avoir un r\u00e9alisateur ayant plut\u00f4t bonne presse (qui de plus familial et entertainement que <em>Stephen Sommers<\/em>, le papa de <strong>La Momie<\/strong> avec <em>Brendan Fraser<\/em>), se compose aussi d\u2019un casting de choix avec un regrett\u00e9 <em>Anton Yelchin<\/em> parfait et un <em>Willem Dafoe<\/em> en grande forme.<\/p>\n<p style=\"text-align: center;\"><a href=\"https:\/\/www.lavisqteam.fr\/wp-content\/uploads\/2017\/07\/21057180_2013111310581847.jpg-r_1920_1080-f_jpg-q_x-xxyxx.jpg\"><img loading=\"lazy\" class=\"alignnone size-large wp-image-30404\" src=\"https:\/\/www.lavisqteam.fr\/wp-content\/uploads\/2017\/07\/21057180_2013111310581847.jpg-r_1920_1080-f_jpg-q_x-xxyxx-1024x768.jpg\" alt=\"\" width=\"600\" height=\"450\" srcset=\"https:\/\/www.lavisqteam.fr\/wp-content\/uploads\/2017\/07\/21057180_2013111310581847.jpg-r_1920_1080-f_jpg-q_x-xxyxx-1024x768.jpg 1024w, https:\/\/www.lavisqteam.fr\/wp-content\/uploads\/2017\/07\/21057180_2013111310581847.jpg-r_1920_1080-f_jpg-q_x-xxyxx-300x225.jpg 300w, https:\/\/www.lavisqteam.fr\/wp-content\/uploads\/2017\/07\/21057180_2013111310581847.jpg-r_1920_1080-f_jpg-q_x-xxyxx-768x576.jpg 768w, https:\/\/www.lavisqteam.fr\/wp-content\/uploads\/2017\/07\/21057180_2013111310581847.jpg-r_1920_1080-f_jpg-q_x-xxyxx-100x75.jpg 100w, https:\/\/www.lavisqteam.fr\/wp-content\/uploads\/2017\/07\/21057180_2013111310581847.jpg-r_1920_1080-f_jpg-q_x-xxyxx.jpg 1440w\" sizes=\"(max-width: 600px) 100vw, 600px\" \/><\/a><\/p>\n<p><strong>Odd Thomas<\/strong> (que l\u2019on gratifie en France d\u2019un futile \u00ab\u00a0contre les cr\u00e9atures de l\u2019ombre\u00a0\u00bb) raconte l\u2019histoire d\u2019un jeune homme pas comme les autres, puisqu\u2019il peut voir les fant\u00f4mes et ces derniers, sans lui parler, lui donne des indices quant \u00e0 leur mort. Bien \u00e9videmment, la suite est assez logique, Odd va aider les fant\u00f4mes pour qu\u2019ils puissent retrouver la paix et partir. Mais pour \u00e9viter de faire comme la l\u00e9nifiante s\u00e9rie <strong>Ghost Whisperer<\/strong>, Odd peut aussi voir les Bodachs, des cr\u00e9atures mal\u00e9fiques qui ne sont attirer que par l\u2019odeur du sang et pr\u00e9sagent un futur massacre. Bien \u00e9videmment, Odd commence \u00e0 s\u2019inqui\u00e9ter lorsqu\u2019il voit des centaines de Bodachs envahir sa ville et il per\u00e7oit l\u2019imminence d\u2019un attentat. En lien avec le chef de la police, qui est au courant des pouvoirs du jeune homme, Odd va tout faire pour \u00e9viter le massacre.<\/p>\n<p>Dans les faits, <strong>Odd Thomas<\/strong> n\u2019a rien de vraiment original. Un jeune homme que tout le monde trouve bizarre, a la capacit\u00e9 de voir les morts et de les aider \u00e0 rejoindre l\u2019au-del\u00e0. On a d\u00e9j\u00e0 vu \u00e7a des centaines de fois et ce n\u2019est pas l\u00e0-dessus que <em>Stephen Sommers<\/em> va miser, fort heureusement. L\u2019intrigue principale tourne autour du pouvoir d\u2019Odd, qui va s\u2019en servir pour mener une enqu\u00eate. Ainsi donc, on est clairement dans un film policier fantastique avec une grosse enqu\u00eate et un montage qui fait expr\u00e8s de laisser des zones d\u2019ombre afin que le spectateur se fasse pi\u00e9ger \u00e0 chaque fois. S\u2019aidant d\u2019un montage dynamique, tr\u00e8s frais, qui lorgne parfois du c\u00f4t\u00e9 de <strong>Detention<\/strong> (autre excellent film), <strong>Odd Thomas<\/strong> fait la part belle aux multiples pistes et suscite ainsi l\u2019attention du public. Mais en plus de cela, <em>Stephen Sommers<\/em> renforce la mythologie de cette \u0153uvre avec les Bodachs, des cr\u00e9atures difformes hargneuses, qui rajoutent un \u00e9lan dramatique. En effet, Odd doit faire semblant de ne pas les voir, sous peine de se faire tuer par elle. Cela rajoute du piment et force <em>Anton Yelchin<\/em>, excellent dans ce r\u00f4le, \u00e0 trouver des petits trucs pour feindre l\u2019ignorance. Un r\u00f4le complexe que le jeune et regrett\u00e9 com\u00e9dien subjugue facilement.<\/p>\n<p>D\u2019ailleurs, le film ne sera pas qu\u2019une enqu\u00eate avec des indices que seul le personnage principal pourra voir, c\u2019est aussi un film sur des personnages. Odd Thomas est consid\u00e9r\u00e9 par tout le monde comme quelqu\u2019un de bizarre et qui n\u2019a pas toute sa t\u00eate. Pourtant, on ressent rapidement un grand \u00e9lan de sympathie pour lui, notamment gr\u00e2ce au montage qui montre quelques petits flashbacks sur son enfance, mais aussi et surtout gr\u00e2ce \u00e0 sa bienveillance. Odd Thomas est un vrai h\u00e9ros, qui se surpasse pour sauver les siens, m\u00eame si cela doit lui co\u00fbter une certaine disgr\u00e2ce. Il arrive \u00e0 se maintenir gr\u00e2ce \u00e0 son histoire d\u2019amour avec Stormy (sublime <em>Addison Timlin<\/em>), une jeune fille dynamique, qui connait son secret et l\u2019accepte depuis leur plus tendre enfance. Cette romance renforce vraiment toute l\u2019empathie que l\u2019on a pour les personnages car elle est saine et simple. Elle est m\u00eame cr\u00e9dible dans un film o\u00f9 pourtant, rien ne l\u2019est vraiment. On se r\u00e9jouira aussi du r\u00f4le paternaliste de <em>Willem Dafoe<\/em>, lui aussi touchant et bienveillant. Tout cela renforcera le r\u00f4le des m\u00e9chants, leur donnant un aspect ignoble, souhaitant tuer de simples innocents pour para\u00eetre ensuite comme des h\u00e9ros. <em>Stephen Sommers<\/em> g\u00e8re tout ce petit monde \u00e0 la perfection et c\u2019est en grande partie pour cela que le film fonctionne, gr\u00e2ce \u00e0 ses personnages attachants.<\/p>\n<p>Alors oui, tout n\u2019est pas parfait non plus dans ce m\u00e9trage. On pourra regretter des effets sp\u00e9ciaux num\u00e9riques un peu d\u00e9gueulasses, notamment lorsqu\u2019il s\u2019agit d\u2019animer les bodachs. On remarquera les images de synth\u00e8se et certains effets sont grossiers. On pourra aussi pester contre le fait qu\u2019il soit impossible de deviner les meurtriers avant la fin. Si certaines pistes s\u2019offrent \u00e0 nous et que parfois les \u00ab\u00a0macguffins\u00a0\u00bb sont un peu grossiers, comme le coup de la nana qui se fait bouffer par deux rottweilers, mettant en sc\u00e8ne un nouveau personnage, il sera tr\u00e8s difficile de deviner tous les protagonistes du complot avant le d\u00e9nouement final. Mais encore une fois, ce n\u2019est pas bien grave, puisque le r\u00e9alisateur trouve la recette parfaite entre divertissement et \u00e9motion. Au-del\u00e0 des personnages, la toute fin sera terriblement sensible, allant m\u00eame jusqu\u2019\u00e0 tirer une larme au spectateur (oui, je pleure facilement devant les films, mais pour le coup, \u00e7a fonctionne parfaitement). Cette fin fonctionne aussi parce que l\u2019on s\u2019est attach\u00e9 aux personnages et que la romance initi\u00e9e depuis le d\u00e9but du m\u00e9trage est parfaitement orchestr\u00e9e sur la fin. <em>Stephen Sommers<\/em> cr\u00e9e une \u00e9motion inattendue, et qui prend encore plus d\u2019ampleur avec la mort d\u2019<em>Anton Yelchin<\/em>.<\/p>\n<p style=\"text-align: center;\"><a href=\"https:\/\/www.lavisqteam.fr\/wp-content\/uploads\/2017\/07\/21057183_20131113105819173.jpg-r_1920_1080-f_jpg-q_x-xxyxx.jpg\"><img loading=\"lazy\" class=\"alignnone size-large wp-image-30403\" src=\"https:\/\/www.lavisqteam.fr\/wp-content\/uploads\/2017\/07\/21057183_20131113105819173.jpg-r_1920_1080-f_jpg-q_x-xxyxx-1024x768.jpg\" alt=\"\" width=\"600\" height=\"450\" srcset=\"https:\/\/www.lavisqteam.fr\/wp-content\/uploads\/2017\/07\/21057183_20131113105819173.jpg-r_1920_1080-f_jpg-q_x-xxyxx-1024x768.jpg 1024w, https:\/\/www.lavisqteam.fr\/wp-content\/uploads\/2017\/07\/21057183_20131113105819173.jpg-r_1920_1080-f_jpg-q_x-xxyxx-300x225.jpg 300w, https:\/\/www.lavisqteam.fr\/wp-content\/uploads\/2017\/07\/21057183_20131113105819173.jpg-r_1920_1080-f_jpg-q_x-xxyxx-768x576.jpg 768w, https:\/\/www.lavisqteam.fr\/wp-content\/uploads\/2017\/07\/21057183_20131113105819173.jpg-r_1920_1080-f_jpg-q_x-xxyxx-100x75.jpg 100w, https:\/\/www.lavisqteam.fr\/wp-content\/uploads\/2017\/07\/21057183_20131113105819173.jpg-r_1920_1080-f_jpg-q_x-xxyxx.jpg 1440w\" sizes=\"(max-width: 600px) 100vw, 600px\" \/><\/a><\/p>\n<p>Au final, <strong>Odd Thomas contre les Cr\u00e9atures de l\u2019Ombre<\/strong> est un excellent film que rien, absolument rien, ne destinait \u00e0 finir dans les bacs \u00e0 DVD sans aucune sortie en salles. Film fantastique prenant et touchant, <em>Stephen Sommers<\/em> livre une petite bombe aussi bien divertissante qu\u2019\u00e9mouvante sur sa fin, alternant avec un certain g\u00e9nie entre les genres, puisant dans la com\u00e9die et l\u2019horreur, mais aussi le policier et le fantastique, pour fournir une pellicule de qualit\u00e9 qu\u2019il serait de bon ton de r\u00e9habiliter.<\/p>\n<p><strong>Note: 18\/20<\/strong><\/p>\n<p style=\"text-align: center;\">[youtube]https:\/\/www.youtube.com\/watch?v=CV_7tOWGvio[\/youtube]<\/p>\n<p style=\"text-align: right;\">Par <strong>AqME<\/strong><\/p>\n","protected":false},"excerpt":{"rendered":"<p>Titre Original\u00a0: Odd Thomas De\u00a0: Stephen Sommers Avec Anton Yelchin, Addison Timlin, Willem Dafoe, Patton Oswalt Ann\u00e9e: 2013 Pays: Etats-Unis Genre: Fantastique R\u00e9sum\u00e9: L&rsquo;adaptation des &hellip; <\/p>\n","protected":false},"author":1,"featured_media":0,"comment_status":"open","ping_status":"open","sticky":false,"template":"","format":"standard","meta":[],"categories":[7],"tags":[],"yoast_head":"<!-- This site is optimized with the Yoast SEO plugin v19.6.1 - https:\/\/yoast.com\/wordpress\/plugins\/seo\/ -->\n<title>Odd Thomas Contre les Cr\u00e9atures de l&#039;Ombre - Lavisqteam.fr<\/title>\n<meta name=\"robots\" content=\"index, follow, max-snippet:-1, max-image-preview:large, max-video-preview:-1\" \/>\n<link rel=\"canonical\" href=\"https:\/\/www.lavisqteam.fr\/?p=30401\" \/>\n<meta property=\"og:locale\" content=\"fr_FR\" \/>\n<meta property=\"og:type\" content=\"article\" \/>\n<meta property=\"og:title\" content=\"Odd Thomas Contre les Cr\u00e9atures de l&#039;Ombre - Lavisqteam.fr\" \/>\n<meta property=\"og:description\" content=\"Titre Original\u00a0: Odd Thomas De\u00a0: Stephen Sommers Avec Anton Yelchin, Addison Timlin, Willem Dafoe, Patton Oswalt Ann\u00e9e: 2013 Pays: Etats-Unis Genre: Fantastique R\u00e9sum\u00e9: L&rsquo;adaptation des &hellip;\" \/>\n<meta property=\"og:url\" content=\"https:\/\/www.lavisqteam.fr\/?p=30401\" \/>\n<meta property=\"og:site_name\" content=\"Lavisqteam.fr\" \/>\n<meta property=\"article:published_time\" content=\"2017-07-19T13:45:39+00:00\" \/>\n<meta property=\"og:image\" content=\"http:\/\/www.lavisqteam.fr\/wp-content\/uploads\/2017\/07\/492164.jpg-r_1920_1080-f_jpg-q_x-xxyxx-693x1024.jpg\" \/>\n<meta name=\"author\" content=\"AqME\" \/>\n<meta name=\"twitter:card\" content=\"summary_large_image\" \/>\n<meta name=\"twitter:label1\" content=\"\u00c9crit par\" \/>\n\t<meta name=\"twitter:data1\" content=\"AqME\" \/>\n\t<meta name=\"twitter:label2\" content=\"Dur\u00e9e de lecture estim\u00e9e\" \/>\n\t<meta name=\"twitter:data2\" content=\"6 minutes\" \/>\n<script type=\"application\/ld+json\" class=\"yoast-schema-graph\">{\"@context\":\"https:\/\/schema.org\",\"@graph\":[{\"@type\":\"Article\",\"@id\":\"https:\/\/www.lavisqteam.fr\/?p=30401#article\",\"isPartOf\":{\"@id\":\"https:\/\/www.lavisqteam.fr\/?p=30401\"},\"author\":{\"name\":\"AqME\",\"@id\":\"https:\/\/www.lavisqteam.fr\/#\/schema\/person\/da11d7c30bf135b288b17cc576708c2d\"},\"headline\":\"Odd Thomas Contre les Cr\u00e9atures de l&rsquo;Ombre\",\"datePublished\":\"2017-07-19T13:45:39+00:00\",\"dateModified\":\"2017-07-19T13:45:39+00:00\",\"mainEntityOfPage\":{\"@id\":\"https:\/\/www.lavisqteam.fr\/?p=30401\"},\"wordCount\":1198,\"commentCount\":0,\"publisher\":{\"@id\":\"https:\/\/www.lavisqteam.fr\/#organization\"},\"articleSection\":[\"Cin\u00e9ma\"],\"inLanguage\":\"fr-FR\",\"potentialAction\":[{\"@type\":\"CommentAction\",\"name\":\"Comment\",\"target\":[\"https:\/\/www.lavisqteam.fr\/?p=30401#respond\"]}]},{\"@type\":\"WebPage\",\"@id\":\"https:\/\/www.lavisqteam.fr\/?p=30401\",\"url\":\"https:\/\/www.lavisqteam.fr\/?p=30401\",\"name\":\"Odd Thomas Contre les Cr\u00e9atures de l'Ombre - Lavisqteam.fr\",\"isPartOf\":{\"@id\":\"https:\/\/www.lavisqteam.fr\/#website\"},\"datePublished\":\"2017-07-19T13:45:39+00:00\",\"dateModified\":\"2017-07-19T13:45:39+00:00\",\"breadcrumb\":{\"@id\":\"https:\/\/www.lavisqteam.fr\/?p=30401#breadcrumb\"},\"inLanguage\":\"fr-FR\",\"potentialAction\":[{\"@type\":\"ReadAction\",\"target\":[\"https:\/\/www.lavisqteam.fr\/?p=30401\"]}]},{\"@type\":\"BreadcrumbList\",\"@id\":\"https:\/\/www.lavisqteam.fr\/?p=30401#breadcrumb\",\"itemListElement\":[{\"@type\":\"ListItem\",\"position\":1,\"name\":\"Accueil\",\"item\":\"https:\/\/www.lavisqteam.fr\/\"},{\"@type\":\"ListItem\",\"position\":2,\"name\":\"Odd Thomas Contre les Cr\u00e9atures de l&rsquo;Ombre\"}]},{\"@type\":\"WebSite\",\"@id\":\"https:\/\/www.lavisqteam.fr\/#website\",\"url\":\"https:\/\/www.lavisqteam.fr\/\",\"name\":\"Lavisqteam.fr\",\"description\":\"\",\"publisher\":{\"@id\":\"https:\/\/www.lavisqteam.fr\/#organization\"},\"potentialAction\":[{\"@type\":\"SearchAction\",\"target\":{\"@type\":\"EntryPoint\",\"urlTemplate\":\"https:\/\/www.lavisqteam.fr\/?s={search_term_string}\"},\"query-input\":\"required name=search_term_string\"}],\"inLanguage\":\"fr-FR\"},{\"@type\":\"Organization\",\"@id\":\"https:\/\/www.lavisqteam.fr\/#organization\",\"name\":\"Lavisqteam.fr\",\"url\":\"https:\/\/www.lavisqteam.fr\/\",\"sameAs\":[],\"logo\":{\"@type\":\"ImageObject\",\"inLanguage\":\"fr-FR\",\"@id\":\"https:\/\/www.lavisqteam.fr\/#\/schema\/logo\/image\/\",\"url\":\"https:\/\/www.lavisqteam.fr\/wp-content\/uploads\/2020\/08\/cropped-80879545_3479261675449035_4078032831501041664_o-4.jpg\",\"contentUrl\":\"https:\/\/www.lavisqteam.fr\/wp-content\/uploads\/2020\/08\/cropped-80879545_3479261675449035_4078032831501041664_o-4.jpg\",\"width\":1674,\"height\":536,\"caption\":\"Lavisqteam.fr\"},\"image\":{\"@id\":\"https:\/\/www.lavisqteam.fr\/#\/schema\/logo\/image\/\"}},{\"@type\":\"Person\",\"@id\":\"https:\/\/www.lavisqteam.fr\/#\/schema\/person\/da11d7c30bf135b288b17cc576708c2d\",\"name\":\"AqME\",\"image\":{\"@type\":\"ImageObject\",\"inLanguage\":\"fr-FR\",\"@id\":\"https:\/\/www.lavisqteam.fr\/#\/schema\/person\/image\/\",\"url\":\"https:\/\/secure.gravatar.com\/avatar\/4a87d013fc854acd0f25858a13573675?s=96&d=mm&r=g\",\"contentUrl\":\"https:\/\/secure.gravatar.com\/avatar\/4a87d013fc854acd0f25858a13573675?s=96&d=mm&r=g\",\"caption\":\"AqME\"},\"description\":\"Amateur d'horreur, M\u00e9talleux dans l'\u00e2me, je succombe facilement \u00e0 des images de chatons.\",\"url\":\"https:\/\/www.lavisqteam.fr\/?author=1\"}]}<\/script>\n<!-- \/ Yoast SEO plugin. -->","yoast_head_json":{"title":"Odd Thomas Contre les Cr\u00e9atures de l'Ombre - Lavisqteam.fr","robots":{"index":"index","follow":"follow","max-snippet":"max-snippet:-1","max-image-preview":"max-image-preview:large","max-video-preview":"max-video-preview:-1"},"canonical":"https:\/\/www.lavisqteam.fr\/?p=30401","og_locale":"fr_FR","og_type":"article","og_title":"Odd Thomas Contre les Cr\u00e9atures de l'Ombre - Lavisqteam.fr","og_description":"Titre Original\u00a0: Odd Thomas De\u00a0: Stephen Sommers Avec Anton Yelchin, Addison Timlin, Willem Dafoe, Patton Oswalt Ann\u00e9e: 2013 Pays: Etats-Unis Genre: Fantastique R\u00e9sum\u00e9: L&rsquo;adaptation des &hellip;","og_url":"https:\/\/www.lavisqteam.fr\/?p=30401","og_site_name":"Lavisqteam.fr","article_published_time":"2017-07-19T13:45:39+00:00","og_image":[{"url":"http:\/\/www.lavisqteam.fr\/wp-content\/uploads\/2017\/07\/492164.jpg-r_1920_1080-f_jpg-q_x-xxyxx-693x1024.jpg"}],"author":"AqME","twitter_card":"summary_large_image","twitter_misc":{"\u00c9crit par":"AqME","Dur\u00e9e de lecture estim\u00e9e":"6 minutes"},"schema":{"@context":"https:\/\/schema.org","@graph":[{"@type":"Article","@id":"https:\/\/www.lavisqteam.fr\/?p=30401#article","isPartOf":{"@id":"https:\/\/www.lavisqteam.fr\/?p=30401"},"author":{"name":"AqME","@id":"https:\/\/www.lavisqteam.fr\/#\/schema\/person\/da11d7c30bf135b288b17cc576708c2d"},"headline":"Odd Thomas Contre les Cr\u00e9atures de l&rsquo;Ombre","datePublished":"2017-07-19T13:45:39+00:00","dateModified":"2017-07-19T13:45:39+00:00","mainEntityOfPage":{"@id":"https:\/\/www.lavisqteam.fr\/?p=30401"},"wordCount":1198,"commentCount":0,"publisher":{"@id":"https:\/\/www.lavisqteam.fr\/#organization"},"articleSection":["Cin\u00e9ma"],"inLanguage":"fr-FR","potentialAction":[{"@type":"CommentAction","name":"Comment","target":["https:\/\/www.lavisqteam.fr\/?p=30401#respond"]}]},{"@type":"WebPage","@id":"https:\/\/www.lavisqteam.fr\/?p=30401","url":"https:\/\/www.lavisqteam.fr\/?p=30401","name":"Odd Thomas Contre les Cr\u00e9atures de l'Ombre - Lavisqteam.fr","isPartOf":{"@id":"https:\/\/www.lavisqteam.fr\/#website"},"datePublished":"2017-07-19T13:45:39+00:00","dateModified":"2017-07-19T13:45:39+00:00","breadcrumb":{"@id":"https:\/\/www.lavisqteam.fr\/?p=30401#breadcrumb"},"inLanguage":"fr-FR","potentialAction":[{"@type":"ReadAction","target":["https:\/\/www.lavisqteam.fr\/?p=30401"]}]},{"@type":"BreadcrumbList","@id":"https:\/\/www.lavisqteam.fr\/?p=30401#breadcrumb","itemListElement":[{"@type":"ListItem","position":1,"name":"Accueil","item":"https:\/\/www.lavisqteam.fr\/"},{"@type":"ListItem","position":2,"name":"Odd Thomas Contre les Cr\u00e9atures de l&rsquo;Ombre"}]},{"@type":"WebSite","@id":"https:\/\/www.lavisqteam.fr\/#website","url":"https:\/\/www.lavisqteam.fr\/","name":"Lavisqteam.fr","description":"","publisher":{"@id":"https:\/\/www.lavisqteam.fr\/#organization"},"potentialAction":[{"@type":"SearchAction","target":{"@type":"EntryPoint","urlTemplate":"https:\/\/www.lavisqteam.fr\/?s={search_term_string}"},"query-input":"required name=search_term_string"}],"inLanguage":"fr-FR"},{"@type":"Organization","@id":"https:\/\/www.lavisqteam.fr\/#organization","name":"Lavisqteam.fr","url":"https:\/\/www.lavisqteam.fr\/","sameAs":[],"logo":{"@type":"ImageObject","inLanguage":"fr-FR","@id":"https:\/\/www.lavisqteam.fr\/#\/schema\/logo\/image\/","url":"https:\/\/www.lavisqteam.fr\/wp-content\/uploads\/2020\/08\/cropped-80879545_3479261675449035_4078032831501041664_o-4.jpg","contentUrl":"https:\/\/www.lavisqteam.fr\/wp-content\/uploads\/2020\/08\/cropped-80879545_3479261675449035_4078032831501041664_o-4.jpg","width":1674,"height":536,"caption":"Lavisqteam.fr"},"image":{"@id":"https:\/\/www.lavisqteam.fr\/#\/schema\/logo\/image\/"}},{"@type":"Person","@id":"https:\/\/www.lavisqteam.fr\/#\/schema\/person\/da11d7c30bf135b288b17cc576708c2d","name":"AqME","image":{"@type":"ImageObject","inLanguage":"fr-FR","@id":"https:\/\/www.lavisqteam.fr\/#\/schema\/person\/image\/","url":"https:\/\/secure.gravatar.com\/avatar\/4a87d013fc854acd0f25858a13573675?s=96&d=mm&r=g","contentUrl":"https:\/\/secure.gravatar.com\/avatar\/4a87d013fc854acd0f25858a13573675?s=96&d=mm&r=g","caption":"AqME"},"description":"Amateur d'horreur, M\u00e9talleux dans l'\u00e2me, je succombe facilement \u00e0 des images de chatons.","url":"https:\/\/www.lavisqteam.fr\/?author=1"}]}},"jetpack_featured_media_url":"","_links":{"self":[{"href":"https:\/\/www.lavisqteam.fr\/index.php?rest_route=\/wp\/v2\/posts\/30401"}],"collection":[{"href":"https:\/\/www.lavisqteam.fr\/index.php?rest_route=\/wp\/v2\/posts"}],"about":[{"href":"https:\/\/www.lavisqteam.fr\/index.php?rest_route=\/wp\/v2\/types\/post"}],"author":[{"embeddable":true,"href":"https:\/\/www.lavisqteam.fr\/index.php?rest_route=\/wp\/v2\/users\/1"}],"replies":[{"embeddable":true,"href":"https:\/\/www.lavisqteam.fr\/index.php?rest_route=%2Fwp%2Fv2%2Fcomments&post=30401"}],"version-history":[{"count":1,"href":"https:\/\/www.lavisqteam.fr\/index.php?rest_route=\/wp\/v2\/posts\/30401\/revisions"}],"predecessor-version":[{"id":30405,"href":"https:\/\/www.lavisqteam.fr\/index.php?rest_route=\/wp\/v2\/posts\/30401\/revisions\/30405"}],"wp:attachment":[{"href":"https:\/\/www.lavisqteam.fr\/index.php?rest_route=%2Fwp%2Fv2%2Fmedia&parent=30401"}],"wp:term":[{"taxonomy":"category","embeddable":true,"href":"https:\/\/www.lavisqteam.fr\/index.php?rest_route=%2Fwp%2Fv2%2Fcategories&post=30401"},{"taxonomy":"post_tag","embeddable":true,"href":"https:\/\/www.lavisqteam.fr\/index.php?rest_route=%2Fwp%2Fv2%2Ftags&post=30401"}],"curies":[{"name":"wp","href":"https:\/\/api.w.org\/{rel}","templated":true}]}}