{"id":30249,"date":"2017-07-11T09:18:27","date_gmt":"2017-07-11T09:18:27","guid":{"rendered":"http:\/\/www.lavisqteam.fr\/?p=30249"},"modified":"2021-05-01T10:13:43","modified_gmt":"2021-05-01T10:13:43","slug":"once-upon-a-time-saison-2","status":"publish","type":"post","link":"https:\/\/www.lavisqteam.fr\/?p=30249","title":{"rendered":"Once Upon a Time Saison 2"},"content":{"rendered":"<p style=\"text-align: center;\"><a href=\"https:\/\/www.lavisqteam.fr\/wp-content\/uploads\/2017\/07\/19904750_10214041985908696_135532694_n.png\"><img loading=\"lazy\" class=\"alignnone wp-image-30250\" src=\"https:\/\/www.lavisqteam.fr\/wp-content\/uploads\/2017\/07\/19904750_10214041985908696_135532694_n.png\" alt=\"\" width=\"600\" height=\"800\" srcset=\"https:\/\/www.lavisqteam.fr\/wp-content\/uploads\/2017\/07\/19904750_10214041985908696_135532694_n.png 720w, https:\/\/www.lavisqteam.fr\/wp-content\/uploads\/2017\/07\/19904750_10214041985908696_135532694_n-225x300.png 225w\" sizes=\"(max-width: 600px) 100vw, 600px\" \/><\/a><\/p>\n<p><strong>D\u2019Apr\u00e8s une Id\u00e9e de&nbsp;:<\/strong> Adam Horowitz et Edward Kitsis<\/p>\n<p><strong>Avec<\/strong> Jennifer Morrison, Ginnifer Goodwin, Lana Parrilla, Robert Carlyle<\/p>\n<p><strong>Pays:<\/strong> Etats-Unis<\/p>\n<p><strong>Nombre d\u2019Episodes:<\/strong> 22<\/p>\n<p><strong>Genre:<\/strong> Fantastique<\/p>\n<p><strong>R\u00e9sum\u00e9:<\/strong><\/p>\n<p>De nos jours, dans une bourgade du Maine appel\u00e9e Storybrooke, les contes de f\u00e9es existent encore. C\u2019est ce que va d\u00e9couvrir Emma, une jeune femme au pass\u00e9 trouble, embarqu\u00e9e dans un merveilleux et tragique voyage par le fils qu\u2019elle a abandonn\u00e9 10 ans plus t\u00f4t. Elle croisera sur son chemin la m\u00e9chante Reine, qui n\u2019est autre que l\u2019impitoyable Maire de la ville, Blanche Neige, devenue la douce Soeur Mary Margaret Blanchard, Tracassin, l\u2019effrayant expert en magie noire ou encore Archie, le sympathique Jiminy Cricket local. Avec son arriv\u00e9e, c\u2019est l\u2019espoir de toute une communaut\u00e9 amn\u00e9sique qui rena\u00eet\u2026<\/p>\n<p><strong>Avis&nbsp;:<\/strong><\/p>\n<p>La saison deux s\u2019organise d\u2019une mani\u00e8re totalement diff\u00e9rente de la premi\u00e8re saison et c\u2019est une bonne chose. Pour qu\u2019il y ait moins de longueur, la saison se divise en deux parties bien distinctes, chacune poss\u00e9dant des intrigues qui lui sont propres et qui se terminent. Le rythme est ainsi soutenu tout du long et on ne s\u2019ennuie pas&nbsp;! M\u00eame si la saison 1 se terminait avec la conclusion de ce qui semblait \u00eatre la trame majeure de la s\u00e9rie, la saison 2 encha\u00eene avec brio les nouvelles intrigues pour notre plus grand plaisir et, le tout, avec coh\u00e9rence et originalit\u00e9&nbsp;!<\/p>\n<p style=\"text-align: center;\"><a href=\"https:\/\/www.lavisqteam.fr\/wp-content\/uploads\/2017\/07\/19970613_10214041985748692_358122323_n.jpg\"><img loading=\"lazy\" class=\"alignnone wp-image-30252\" src=\"https:\/\/www.lavisqteam.fr\/wp-content\/uploads\/2017\/07\/19970613_10214041985748692_358122323_n.jpg\" alt=\"\" width=\"600\" height=\"338\" srcset=\"https:\/\/www.lavisqteam.fr\/wp-content\/uploads\/2017\/07\/19970613_10214041985748692_358122323_n.jpg 684w, https:\/\/www.lavisqteam.fr\/wp-content\/uploads\/2017\/07\/19970613_10214041985748692_358122323_n-300x169.jpg 300w\" sizes=\"(max-width: 600px) 100vw, 600px\" \/><\/a><\/p>\n<p>La mal\u00e9diction de la M\u00e9chante Reine est enfin lev\u00e9e&nbsp;: les habitants de Storybrook se souviennent de qui ils sont vraiment mais ne sont pas renvoy\u00e9s chez eux, \u00e0 leur grande peine, au Royaume Enchant\u00e9. De plus, d\u00e8s qu\u2019ils essaient de quitter la ville, une terrible chose se produit&nbsp;: tous leurs souvenirs li\u00e9s \u00e0 leur vie de conte de f\u00e9es disparaissent pour ne laisser la place qu\u2019\u00e0 ceux cr\u00e9\u00e9s par la mal\u00e9diction. Bien d\u00e9rang\u00e9 par cette conclusion qui ne l\u2019arrange gu\u00e8re, Rumplestilskin introduit la magie dans notre monde pour pouvoir enfin s\u2019en resservir, retrouver ses mauvaises habitudes et trouver un moyen de quitter Storybrook. Mais cette action coutera cher, surtout \u00e0 Emma et Blanche-Neige qui finiront renvoyer dans ce qui reste du Royaume Enchant\u00e9, tandis qu\u2019un dr\u00f4le de Spectre appara\u00eet \u00e0 Storybrook pour traquer Regina.<\/p>\n<p>La premi\u00e8re partie de la saison est bien rythm\u00e9e et se termine par le retour inesp\u00e9r\u00e9 de Blanche-Neige et de sa fille dans le monde r\u00e9el. La seconde partie est plus sombre et se la joue quelque peu \u00e0 la <strong>X-Files<\/strong> avec la venue de dr\u00f4les de personnes sp\u00e9cialis\u00e9es dans l\u2019\u00e9radication de la magie. Chaque partie est prenante \u00e0 sa mani\u00e8re. L\u2019intrigue principale est men\u00e9e tambour battant et les sous-intrigues sont nombreuses. On replonge dans les pass\u00e9s des personnages de la saison 1 qui ne nous avaient pas encore tout r\u00e9v\u00e9l\u00e9 de leur histoire. Les flashbacks racontant les pass\u00e9s de Blanche-Neige et de David se poursuivent, comme ceux de Belle, Rumplestilkin et de Regina. Cette derni\u00e8re est toujours aussi atroce et on adore la d\u00e9tester. Blanche-Neige et David sont toujours aussi amoureux et leurs sentiments sont forts et puissants. L\u2019\u00e9pisode 3 est particuli\u00e8rement touchant. Belle et Rumplestilkin d\u00e9veloppent une relation bien singuli\u00e8re qui se bonifie avec le temps, m\u00eame si le pouvoir a bien plus d\u2019attrait aux yeux de Rumplestilkin que des sentiments passionn\u00e9s. De plus, ce dernier a une mission \u00e0 accomplir et il ne compte pas abandonner.<\/p>\n<p>Cette saison d\u00e9veloppe de nouveaux contes et nous fait d\u00e9couvrir de nombreux nouveaux personnages. D\u00e8s les premiers \u00e9pisodes, on rencontre Aurore et le prince Philippe, de <strong>la Belle au Bois Dormant<\/strong>, ainsi que <strong>Mulan<\/strong>, la princesse guerri\u00e8re, Lancelot, des chevaliers de la Table Ronde et le capitaine Crochet, du Pays Imaginaire, o\u00f9 vit \u00e9galement <strong>Peter Pan<\/strong>. Les acteurs choisis pour incarner Mulan et le Capitaine Crochet sont vraiment bons et permettent de nous faire croire en ces figures bien connues d\u00e8s les premiers instants. Le maquillage et l\u2019allure du capitaine s\u2019inspirent largement de ceux du c\u00e9l\u00e8bre Jack Sparrow, ce qui est plut\u00f4t bien trouv\u00e9. Le spectateur se pla\u00eet \u00e0 suivre ces nouvelles aventures, tant dans le pr\u00e9sent que dans les flashbacks propos\u00e9s. Cette saison d\u00e9veloppe \u00e9galement certains personnages d\u00e9j\u00e0 rencontr\u00e9s dans la saison 1, comme le Docteur Frankenstein.<\/p>\n<p>Emma \u00e9volue \u00e9galement et se d\u00e9couvre des pouvoirs magiques, plus puissants que ceux de Regina. La Sauveuse devient une vraie h\u00e9ro\u00efne et sa vision d\u2019elle-m\u00eame change. Ses moments de doute, de d\u00e9couverte et de perte de contr\u00f4le sont int\u00e9ressants et d\u00e9notent quelque peu avec les personnalit\u00e9s parfaites et sans t\u00e2che des h\u00e9ros.<\/p>\n<p>Regina n\u2019est plus la grande m\u00e9chante de l\u2019histoire cette fois-ci. Cette saison la voit se complexifier et s\u2019adoucir quelque peu. C\u2019est Cora, sa m\u00e8re, qui devient l\u2019ennemie num\u00e9ro 1 et qui est encore plus cruelle que sa fille. Sans c\u0153ur et sans piti\u00e9, la m\u00e9chante de cette saison est charismatique, r\u00e9fl\u00e9chie et d\u00e9cid\u00e9e. L\u2019actrice <em>Barbara Hershey<\/em> a des mimiques et des regards \u00e0 couper le souffle.<\/p>\n<p>Cette saison met en avant les relations m\u00e8re-fille avec deux paires bien oppos\u00e9es&nbsp;: Blanche-Neige et Emma, Regina et Cora. Les deux facettes de cette relation sont bien \u00e9tay\u00e9es et mises en sc\u00e8ne, amenant le spectateur \u00e0 r\u00e9fl\u00e9chir et \u00e0 se questionner sur son propre cas. De plus, la relation Emma-Henry continue de faire son chemin et se fortifie. Le r\u00f4le de la m\u00e8re est central dans la saison 2.<\/p>\n<p>Certains guests font des apparitions \u00e9tonnantes et savoureuses, comme celles de <em>Rose McGowan <\/em>(Page dans <strong>Charmed<\/strong>) qui joue la Cora plus jeune \u00e0 la perfection, encore plus machiav\u00e9lique et sournoise que l\u2019actuelle et avec des traits physiques plut\u00f4t ressemblants.<\/p>\n<p>Les flashbacks sont tr\u00e8s nombreux et peuvent lasser, tant ils diluent les intrigues principales, un peu comme dans la saison 1. Cela permet tout de m\u00eame le d\u00e9veloppement pas inint\u00e9ressant de certains personnages mais cela est surtout la marque de fabrique incontestable de la s\u00e9rie&nbsp;: ne pas nous donner toutes les informations d\u2019un coup mais au compte-goutte pour mieux nous faire patienter et saliver.<\/p>\n<p style=\"text-align: center;\"><a href=\"https:\/\/www.lavisqteam.fr\/wp-content\/uploads\/2017\/07\/20428445_10214244309206652_474876376_n.jpg\"><img loading=\"lazy\" class=\"alignnone  wp-image-30575\" src=\"https:\/\/www.lavisqteam.fr\/wp-content\/uploads\/2017\/07\/20428445_10214244309206652_474876376_n.jpg\" alt=\"\" width=\"600\" height=\"338\" srcset=\"https:\/\/www.lavisqteam.fr\/wp-content\/uploads\/2017\/07\/20428445_10214244309206652_474876376_n.jpg 768w, https:\/\/www.lavisqteam.fr\/wp-content\/uploads\/2017\/07\/20428445_10214244309206652_474876376_n-300x169.jpg 300w\" sizes=\"(max-width: 600px) 100vw, 600px\" \/><\/a><\/p>\n<p>Enfin, cette saison 2 offre une r\u00e9v\u00e9lation de taille qui changera beaucoup de liens entre certains personnages et qui surprendra les spectateurs&nbsp;! Une saison agr\u00e9able, pleine de rythme et d\u2019actions, de d\u00e9couvertes et de surprises et qui laisse de nombreux messages sur le Pays Imaginaire, pour nous pr\u00e9parer au th\u00e8me de la prochaine saison \u2026<\/p>\n<p><strong>Note&nbsp;: 18\/20<\/strong><\/p>\n<p style=\"text-align: center;\">[youtube]https:\/\/www.youtube.com\/watch?v=Cgls4HbvjnI[\/youtube]<\/p>\n<p style=\"text-align: right;\">Par <strong>Lildrille<\/strong><\/p>\n","protected":false},"excerpt":{"rendered":"<p>D\u2019Apr\u00e8s une Id\u00e9e de&nbsp;: Adam Horowitz et Edward Kitsis Avec Jennifer Morrison, Ginnifer Goodwin, Lana Parrilla, Robert Carlyle Pays: Etats-Unis Nombre d\u2019Episodes: 22 Genre: Fantastique &hellip; <\/p>\n","protected":false},"author":2,"featured_media":0,"comment_status":"open","ping_status":"open","sticky":false,"template":"","format":"standard","meta":[],"categories":[13],"tags":[],"yoast_head":"<!-- This site is optimized with the Yoast SEO plugin v19.6.1 - https:\/\/yoast.com\/wordpress\/plugins\/seo\/ -->\n<title>Once Upon a Time Saison 2 - Lavisqteam.fr<\/title>\n<meta name=\"robots\" content=\"index, follow, max-snippet:-1, max-image-preview:large, max-video-preview:-1\" \/>\n<link rel=\"canonical\" href=\"https:\/\/www.lavisqteam.fr\/?p=30249\" \/>\n<meta property=\"og:locale\" content=\"fr_FR\" \/>\n<meta property=\"og:type\" content=\"article\" \/>\n<meta property=\"og:title\" content=\"Once Upon a Time Saison 2 - Lavisqteam.fr\" \/>\n<meta property=\"og:description\" content=\"D\u2019Apr\u00e8s une Id\u00e9e de&nbsp;: Adam Horowitz et Edward Kitsis Avec Jennifer Morrison, Ginnifer Goodwin, Lana Parrilla, Robert Carlyle Pays: Etats-Unis Nombre d\u2019Episodes: 22 Genre: Fantastique &hellip;\" \/>\n<meta property=\"og:url\" content=\"https:\/\/www.lavisqteam.fr\/?p=30249\" \/>\n<meta property=\"og:site_name\" content=\"Lavisqteam.fr\" \/>\n<meta property=\"article:author\" content=\"https:\/\/www.facebook.com\/chloe.garcia.351\" \/>\n<meta property=\"article:published_time\" content=\"2017-07-11T09:18:27+00:00\" \/>\n<meta property=\"article:modified_time\" content=\"2021-05-01T10:13:43+00:00\" \/>\n<meta property=\"og:image\" content=\"http:\/\/www.lavisqteam.fr\/wp-content\/uploads\/2017\/07\/19904750_10214041985908696_135532694_n.png\" \/>\n<meta name=\"author\" content=\"Lildrille\" \/>\n<meta name=\"twitter:card\" content=\"summary_large_image\" \/>\n<meta name=\"twitter:label1\" content=\"\u00c9crit par\" \/>\n\t<meta name=\"twitter:data1\" content=\"Lildrille\" \/>\n\t<meta name=\"twitter:label2\" content=\"Dur\u00e9e de lecture estim\u00e9e\" \/>\n\t<meta name=\"twitter:data2\" content=\"6 minutes\" \/>\n<script type=\"application\/ld+json\" class=\"yoast-schema-graph\">{\"@context\":\"https:\/\/schema.org\",\"@graph\":[{\"@type\":\"Article\",\"@id\":\"https:\/\/www.lavisqteam.fr\/?p=30249#article\",\"isPartOf\":{\"@id\":\"https:\/\/www.lavisqteam.fr\/?p=30249\"},\"author\":{\"name\":\"Lildrille\",\"@id\":\"https:\/\/www.lavisqteam.fr\/#\/schema\/person\/e2e3eb3cb179a4f0299403b29e235d24\"},\"headline\":\"Once Upon a Time Saison 2\",\"datePublished\":\"2017-07-11T09:18:27+00:00\",\"dateModified\":\"2021-05-01T10:13:43+00:00\",\"mainEntityOfPage\":{\"@id\":\"https:\/\/www.lavisqteam.fr\/?p=30249\"},\"wordCount\":1176,\"commentCount\":0,\"publisher\":{\"@id\":\"https:\/\/www.lavisqteam.fr\/#organization\"},\"articleSection\":[\"S\u00e9rie\"],\"inLanguage\":\"fr-FR\",\"potentialAction\":[{\"@type\":\"CommentAction\",\"name\":\"Comment\",\"target\":[\"https:\/\/www.lavisqteam.fr\/?p=30249#respond\"]}]},{\"@type\":\"WebPage\",\"@id\":\"https:\/\/www.lavisqteam.fr\/?p=30249\",\"url\":\"https:\/\/www.lavisqteam.fr\/?p=30249\",\"name\":\"Once Upon a Time Saison 2 - Lavisqteam.fr\",\"isPartOf\":{\"@id\":\"https:\/\/www.lavisqteam.fr\/#website\"},\"datePublished\":\"2017-07-11T09:18:27+00:00\",\"dateModified\":\"2021-05-01T10:13:43+00:00\",\"breadcrumb\":{\"@id\":\"https:\/\/www.lavisqteam.fr\/?p=30249#breadcrumb\"},\"inLanguage\":\"fr-FR\",\"potentialAction\":[{\"@type\":\"ReadAction\",\"target\":[\"https:\/\/www.lavisqteam.fr\/?p=30249\"]}]},{\"@type\":\"BreadcrumbList\",\"@id\":\"https:\/\/www.lavisqteam.fr\/?p=30249#breadcrumb\",\"itemListElement\":[{\"@type\":\"ListItem\",\"position\":1,\"name\":\"Accueil\",\"item\":\"https:\/\/www.lavisqteam.fr\/\"},{\"@type\":\"ListItem\",\"position\":2,\"name\":\"Once Upon a Time Saison 2\"}]},{\"@type\":\"WebSite\",\"@id\":\"https:\/\/www.lavisqteam.fr\/#website\",\"url\":\"https:\/\/www.lavisqteam.fr\/\",\"name\":\"Lavisqteam.fr\",\"description\":\"\",\"publisher\":{\"@id\":\"https:\/\/www.lavisqteam.fr\/#organization\"},\"potentialAction\":[{\"@type\":\"SearchAction\",\"target\":{\"@type\":\"EntryPoint\",\"urlTemplate\":\"https:\/\/www.lavisqteam.fr\/?s={search_term_string}\"},\"query-input\":\"required name=search_term_string\"}],\"inLanguage\":\"fr-FR\"},{\"@type\":\"Organization\",\"@id\":\"https:\/\/www.lavisqteam.fr\/#organization\",\"name\":\"Lavisqteam.fr\",\"url\":\"https:\/\/www.lavisqteam.fr\/\",\"sameAs\":[],\"logo\":{\"@type\":\"ImageObject\",\"inLanguage\":\"fr-FR\",\"@id\":\"https:\/\/www.lavisqteam.fr\/#\/schema\/logo\/image\/\",\"url\":\"https:\/\/www.lavisqteam.fr\/wp-content\/uploads\/2020\/08\/cropped-80879545_3479261675449035_4078032831501041664_o-4.jpg\",\"contentUrl\":\"https:\/\/www.lavisqteam.fr\/wp-content\/uploads\/2020\/08\/cropped-80879545_3479261675449035_4078032831501041664_o-4.jpg\",\"width\":1674,\"height\":536,\"caption\":\"Lavisqteam.fr\"},\"image\":{\"@id\":\"https:\/\/www.lavisqteam.fr\/#\/schema\/logo\/image\/\"}},{\"@type\":\"Person\",\"@id\":\"https:\/\/www.lavisqteam.fr\/#\/schema\/person\/e2e3eb3cb179a4f0299403b29e235d24\",\"name\":\"Lildrille\",\"image\":{\"@type\":\"ImageObject\",\"inLanguage\":\"fr-FR\",\"@id\":\"https:\/\/www.lavisqteam.fr\/#\/schema\/person\/image\/\",\"url\":\"https:\/\/secure.gravatar.com\/avatar\/1fbe78d5f27ffb4f9c29619bd30c90db?s=96&d=mm&r=g\",\"contentUrl\":\"https:\/\/secure.gravatar.com\/avatar\/1fbe78d5f27ffb4f9c29619bd30c90db?s=96&d=mm&r=g\",\"caption\":\"Lildrille\"},\"description\":\"Passionn\u00e9e d\u2019imaginaire et d\u2019\u00e9vasion depuis longtemps, \u00e9crire et lire sont mes activit\u00e9s favorites. Dans un monde souvent sombre, m'\u00e9vader et fournir du r\u00eave sont mes objectifs. Suivez-moi en tant qu'auteure ici : https:\/\/www.2passions1dream.com\/. Et en tant que chroniqueuse aussi l\u00e0 : https:\/\/simplement.pro\/u\/Lildrille.\",\"sameAs\":[\"http:\/\/Lavisqteam.fr\",\"https:\/\/www.facebook.com\/chloe.garcia.351\",\"https:\/\/www.instagram.com\/chloe.garcia.artiste\/\",\"https:\/\/www.linkedin.com\/in\/garcia-chloe\/\"],\"url\":\"https:\/\/www.lavisqteam.fr\/?author=2\"}]}<\/script>\n<!-- \/ Yoast SEO plugin. -->","yoast_head_json":{"title":"Once Upon a Time Saison 2 - Lavisqteam.fr","robots":{"index":"index","follow":"follow","max-snippet":"max-snippet:-1","max-image-preview":"max-image-preview:large","max-video-preview":"max-video-preview:-1"},"canonical":"https:\/\/www.lavisqteam.fr\/?p=30249","og_locale":"fr_FR","og_type":"article","og_title":"Once Upon a Time Saison 2 - Lavisqteam.fr","og_description":"D\u2019Apr\u00e8s une Id\u00e9e de&nbsp;: Adam Horowitz et Edward Kitsis Avec Jennifer Morrison, Ginnifer Goodwin, Lana Parrilla, Robert Carlyle Pays: Etats-Unis Nombre d\u2019Episodes: 22 Genre: Fantastique &hellip;","og_url":"https:\/\/www.lavisqteam.fr\/?p=30249","og_site_name":"Lavisqteam.fr","article_author":"https:\/\/www.facebook.com\/chloe.garcia.351","article_published_time":"2017-07-11T09:18:27+00:00","article_modified_time":"2021-05-01T10:13:43+00:00","og_image":[{"url":"http:\/\/www.lavisqteam.fr\/wp-content\/uploads\/2017\/07\/19904750_10214041985908696_135532694_n.png"}],"author":"Lildrille","twitter_card":"summary_large_image","twitter_misc":{"\u00c9crit par":"Lildrille","Dur\u00e9e de lecture estim\u00e9e":"6 minutes"},"schema":{"@context":"https:\/\/schema.org","@graph":[{"@type":"Article","@id":"https:\/\/www.lavisqteam.fr\/?p=30249#article","isPartOf":{"@id":"https:\/\/www.lavisqteam.fr\/?p=30249"},"author":{"name":"Lildrille","@id":"https:\/\/www.lavisqteam.fr\/#\/schema\/person\/e2e3eb3cb179a4f0299403b29e235d24"},"headline":"Once Upon a Time Saison 2","datePublished":"2017-07-11T09:18:27+00:00","dateModified":"2021-05-01T10:13:43+00:00","mainEntityOfPage":{"@id":"https:\/\/www.lavisqteam.fr\/?p=30249"},"wordCount":1176,"commentCount":0,"publisher":{"@id":"https:\/\/www.lavisqteam.fr\/#organization"},"articleSection":["S\u00e9rie"],"inLanguage":"fr-FR","potentialAction":[{"@type":"CommentAction","name":"Comment","target":["https:\/\/www.lavisqteam.fr\/?p=30249#respond"]}]},{"@type":"WebPage","@id":"https:\/\/www.lavisqteam.fr\/?p=30249","url":"https:\/\/www.lavisqteam.fr\/?p=30249","name":"Once Upon a Time Saison 2 - Lavisqteam.fr","isPartOf":{"@id":"https:\/\/www.lavisqteam.fr\/#website"},"datePublished":"2017-07-11T09:18:27+00:00","dateModified":"2021-05-01T10:13:43+00:00","breadcrumb":{"@id":"https:\/\/www.lavisqteam.fr\/?p=30249#breadcrumb"},"inLanguage":"fr-FR","potentialAction":[{"@type":"ReadAction","target":["https:\/\/www.lavisqteam.fr\/?p=30249"]}]},{"@type":"BreadcrumbList","@id":"https:\/\/www.lavisqteam.fr\/?p=30249#breadcrumb","itemListElement":[{"@type":"ListItem","position":1,"name":"Accueil","item":"https:\/\/www.lavisqteam.fr\/"},{"@type":"ListItem","position":2,"name":"Once Upon a Time Saison 2"}]},{"@type":"WebSite","@id":"https:\/\/www.lavisqteam.fr\/#website","url":"https:\/\/www.lavisqteam.fr\/","name":"Lavisqteam.fr","description":"","publisher":{"@id":"https:\/\/www.lavisqteam.fr\/#organization"},"potentialAction":[{"@type":"SearchAction","target":{"@type":"EntryPoint","urlTemplate":"https:\/\/www.lavisqteam.fr\/?s={search_term_string}"},"query-input":"required name=search_term_string"}],"inLanguage":"fr-FR"},{"@type":"Organization","@id":"https:\/\/www.lavisqteam.fr\/#organization","name":"Lavisqteam.fr","url":"https:\/\/www.lavisqteam.fr\/","sameAs":[],"logo":{"@type":"ImageObject","inLanguage":"fr-FR","@id":"https:\/\/www.lavisqteam.fr\/#\/schema\/logo\/image\/","url":"https:\/\/www.lavisqteam.fr\/wp-content\/uploads\/2020\/08\/cropped-80879545_3479261675449035_4078032831501041664_o-4.jpg","contentUrl":"https:\/\/www.lavisqteam.fr\/wp-content\/uploads\/2020\/08\/cropped-80879545_3479261675449035_4078032831501041664_o-4.jpg","width":1674,"height":536,"caption":"Lavisqteam.fr"},"image":{"@id":"https:\/\/www.lavisqteam.fr\/#\/schema\/logo\/image\/"}},{"@type":"Person","@id":"https:\/\/www.lavisqteam.fr\/#\/schema\/person\/e2e3eb3cb179a4f0299403b29e235d24","name":"Lildrille","image":{"@type":"ImageObject","inLanguage":"fr-FR","@id":"https:\/\/www.lavisqteam.fr\/#\/schema\/person\/image\/","url":"https:\/\/secure.gravatar.com\/avatar\/1fbe78d5f27ffb4f9c29619bd30c90db?s=96&d=mm&r=g","contentUrl":"https:\/\/secure.gravatar.com\/avatar\/1fbe78d5f27ffb4f9c29619bd30c90db?s=96&d=mm&r=g","caption":"Lildrille"},"description":"Passionn\u00e9e d\u2019imaginaire et d\u2019\u00e9vasion depuis longtemps, \u00e9crire et lire sont mes activit\u00e9s favorites. Dans un monde souvent sombre, m'\u00e9vader et fournir du r\u00eave sont mes objectifs. Suivez-moi en tant qu'auteure ici : https:\/\/www.2passions1dream.com\/. Et en tant que chroniqueuse aussi l\u00e0 : https:\/\/simplement.pro\/u\/Lildrille.","sameAs":["http:\/\/Lavisqteam.fr","https:\/\/www.facebook.com\/chloe.garcia.351","https:\/\/www.instagram.com\/chloe.garcia.artiste\/","https:\/\/www.linkedin.com\/in\/garcia-chloe\/"],"url":"https:\/\/www.lavisqteam.fr\/?author=2"}]}},"jetpack_featured_media_url":"","_links":{"self":[{"href":"https:\/\/www.lavisqteam.fr\/index.php?rest_route=\/wp\/v2\/posts\/30249"}],"collection":[{"href":"https:\/\/www.lavisqteam.fr\/index.php?rest_route=\/wp\/v2\/posts"}],"about":[{"href":"https:\/\/www.lavisqteam.fr\/index.php?rest_route=\/wp\/v2\/types\/post"}],"author":[{"embeddable":true,"href":"https:\/\/www.lavisqteam.fr\/index.php?rest_route=\/wp\/v2\/users\/2"}],"replies":[{"embeddable":true,"href":"https:\/\/www.lavisqteam.fr\/index.php?rest_route=%2Fwp%2Fv2%2Fcomments&post=30249"}],"version-history":[{"count":3,"href":"https:\/\/www.lavisqteam.fr\/index.php?rest_route=\/wp\/v2\/posts\/30249\/revisions"}],"predecessor-version":[{"id":56045,"href":"https:\/\/www.lavisqteam.fr\/index.php?rest_route=\/wp\/v2\/posts\/30249\/revisions\/56045"}],"wp:attachment":[{"href":"https:\/\/www.lavisqteam.fr\/index.php?rest_route=%2Fwp%2Fv2%2Fmedia&parent=30249"}],"wp:term":[{"taxonomy":"category","embeddable":true,"href":"https:\/\/www.lavisqteam.fr\/index.php?rest_route=%2Fwp%2Fv2%2Fcategories&post=30249"},{"taxonomy":"post_tag","embeddable":true,"href":"https:\/\/www.lavisqteam.fr\/index.php?rest_route=%2Fwp%2Fv2%2Ftags&post=30249"}],"curies":[{"name":"wp","href":"https:\/\/api.w.org\/{rel}","templated":true}]}}