{"id":29515,"date":"2017-06-11T16:53:11","date_gmt":"2017-06-11T16:53:11","guid":{"rendered":"http:\/\/www.lavisqteam.fr\/?p=29515"},"modified":"2021-05-03T08:54:36","modified_gmt":"2021-05-03T08:54:36","slug":"marquer-les-ombres-veronica-roth","status":"publish","type":"post","link":"https:\/\/www.lavisqteam.fr\/?p=29515","title":{"rendered":"Marquer les Ombres T.01 &#8211; Veronica Roth"},"content":{"rendered":"<p style=\"text-align: center;\"><a href=\"https:\/\/www.lavisqteam.fr\/wp-content\/uploads\/2017\/06\/9782092574645.jpg\"><img loading=\"lazy\" class=\"alignnone size-full wp-image-29516\" src=\"https:\/\/www.lavisqteam.fr\/wp-content\/uploads\/2017\/06\/9782092574645.jpg\" alt=\"\" width=\"547\" height=\"800\" srcset=\"https:\/\/www.lavisqteam.fr\/wp-content\/uploads\/2017\/06\/9782092574645.jpg 547w, https:\/\/www.lavisqteam.fr\/wp-content\/uploads\/2017\/06\/9782092574645-205x300.jpg 205w\" sizes=\"(max-width: 547px) 100vw, 547px\" \/><\/a><\/p>\n<p><strong>Auteur\u00a0: <\/strong>Veronica Roth<\/p>\n<p><strong>Editeur\u00a0: <\/strong>Nathan<\/p>\n<p><strong>Genre : <\/strong>Fantasy<\/p>\n<p><strong>R\u00e9sum\u00e9\u00a0:<\/strong><\/p>\n<p>Une galaxie o\u00f9 certains \u00eatres poss\u00e8dent un \u00ab\u00a0don\u00a0\u00bb, un pouvoir unique. Akos et Cyra sont de ceux-l\u00e0. Ils appartiennent \u00e0 deux nations ennemies, mais ils ont chacun besoin du don de l&rsquo;autre. Vont-ils s&rsquo;allier ou se d\u00e9truire ?<\/p>\n<p><strong>Avis\u00a0:<\/strong><\/p>\n<p>Peut-\u00eatre que le nom de l\u2019auteure vous dit quelque chose et vous auriez bien raison. <em>Veronica Roth<\/em>, l\u2019auteure de la trilogie dystopique <strong>Divergente<\/strong> (\u00e9galement adapt\u00e9e au cin\u00e9ma), signe ici le d\u00e9but d\u2019une autre de ses sagas et change radicalement de style. L\u2019univers est original, navigant entre science-fiction et fantaisie, et l\u2019intrigue n\u2019a rien \u00e0 voir avec ses \u0153uvres pass\u00e9es. Une saga de science-fantasy pour adolescents\/jeunes adultes n\u2019est pas chose courante et constitue une lecture vraiment rafraichissante\u00a0!<\/p>\n<p>On est ici en pr\u00e9sence d\u2019une science-fiction plut\u00f4t grand public, avec un univers r\u00e9gi non pas par des lois compliqu\u00e9es ni \u00e9prouv\u00e9es mais maintenu par un flux dont on ne sait quasi rien. Ce flux est visible, comme peut l\u2019\u00eatre la Voie Lact\u00e9e dans le ciel, et peut \u00eatre v\u00e9n\u00e9r\u00e9 comme une divinit\u00e9. C\u2019est \u00e9galement ce flux qui donne des pouvoirs \u00e0 certaines personnes. Ces pouvoirs se manifestent d\u2019une fa\u00e7on diff\u00e9rente selon la personne qui en est affect\u00e9e car ils d\u00e9pendent de sa personnalit\u00e9. Ce don peut \u00eatre n\u00e9faste ou bienvenu, il peut faire souffrir ou soulager, il peut \u00eatre utile comme ne pas servir.<\/p>\n<p>Le d\u00e9but du roman est agr\u00e9ment\u00e9 d\u2019une belle carte pr\u00e9sentant le syst\u00e8me solaire qui va nous int\u00e9resser pour ce tome un. On y voit une \u00e9toile entour\u00e9e de neuf plan\u00e8tes, chacune abritant des peuples bien caract\u00e9ristiques, des climats, reliefs, croyances et coutumes tr\u00e8s diff\u00e9rents. L\u2019auteure ne d\u00e9crit pas beaucoup ces diff\u00e9rentes plan\u00e8tes et ne s\u2019attardent pas sp\u00e9cialement sur les traditions de chaque peuple. On apprend tout de m\u00eame certaines choses, notamment sur la plan\u00e8te Othyr, plut\u00f4t dou\u00e9e pour le commerce, ou sur Pitha, dont les armes de guerre de hautes technologies int\u00e9ressent. L\u2019univers ainsi cr\u00e9\u00e9 est vraiment captivant et \u00e9tonne plus d\u2019une fois.<\/p>\n<p>Cependant, certains faits restent flous. On ne comprend pas tr\u00e8s bien le r\u00f4le des oracles ni celui des \u00ab\u00a0destins\u00a0\u00bb, des faits que les personnes concern\u00e9es ne peuvent jamais combattre, comme si le libre-arbitre n\u2019existait plus et que leur vie \u00e9tait vou\u00e9e \u00e0 l\u2019\u00e9chec d\u00e8s leur naissance. Tout le monde n\u2019a pas de \u00ab\u00a0destin\u00a0\u00bb et rien n\u2019est expliqu\u00e9 sur leur provenance, leur bien-fond\u00e9 et leur utilit\u00e9. Ces consid\u00e9rations perturbent et on ne trouvera pas nos r\u00e9ponses dans ce tome. On ne comprend d\u2019ailleurs pas pourquoi les \u00ab\u00a0destins\u00a0\u00bb sont r\u00e9v\u00e9l\u00e9s au grand public, surtout quand ceux-ci annoncent une trahison, des meurtres ou une guerre. Ce point reste myst\u00e9rieux alors qu\u2019il marque le tournant du livre. C\u2019est en effet apr\u00e8s l\u2019annonce des \u00ab\u00a0destins\u00a0\u00bb des enfants de l\u2019oracle de Thuv\u00e9 (une des neuf plan\u00e8tes), qu\u2019une chose horrible se produit.<\/p>\n<p>Le livre est \u00e0 deux niveaux de narration\u00a0: une des \u00e9critures est \u00e0 la troisi\u00e8me personne et une autre est \u00e0 la premi\u00e8re. Cette derni\u00e8re prend le point de vue de la jeune Cyra, membre de la famille Noavek qui dirige Shotet, un pays englobant la moiti\u00e9 de Thuv\u00e9.\u00a0 L\u2019autre point de vue est celui d\u2019Akos, un des fils de l\u2019oracle, habitant sur l\u2019autre moiti\u00e9 de la plan\u00e8te. Thuv\u00e9sits et Shotets ont toujours \u00e9t\u00e9 ennemis, jusqu\u2019\u00e0 aussi longtemps qu\u2019ils s\u2019en souviennent et n\u2019ont pas du tout les m\u00eames croyances ni les m\u00eames histoires pour raconter ce qu\u2019ils ont v\u00e9cu et les guerres qui se sont produites. Un peu comme dans <strong>Rom\u00e9o et Juliette<\/strong>, on retrouve ainsi un gar\u00e7on et une fille, que tout oppose mais qui finiront, sans surprise, par se comprendre, s\u2019appr\u00e9cier puis par s\u2019aimer. Les niveaux de narration sont int\u00e9ressants et permettent de mieux comprendre les personnages.<\/p>\n<p>Akos et Cyra peuvent plaire comme d\u00e9plaire. Cela d\u00e9pend de notre propre empathie, de notre facilit\u00e9 \u00e0 adh\u00e9rer \u00e0 certains clich\u00e9s et de ce que l\u2019on a v\u00e9cu. Akos, comme Cyra, sont des \u00eatres profond\u00e9ment bless\u00e9s qui, malgr\u00e9 le masque et la force dont ils se servent devant les autres, tombent quand ils sont seuls. Ce genre de personnages n\u2019est pas tr\u00e8s original mais cela n\u2019enl\u00e8ve rien \u00e0 leur cr\u00e9dibilit\u00e9 et \u00e0 l\u2019attachement que l\u2019on peut d\u00e9velopper envers eux. Leurs r\u00e9flexions et leurs \u00e9motions sont plut\u00f4t sombres, s\u2019accordant finalement avec l\u2019univers dans lequel ils \u00e9voluent. L\u2019auteure a en effet pris le parti des sc\u00e8nes d\u2019actions crues et violentes, faisant couler le sang \u00e0 profusion et accentuant le d\u00e9go\u00fbt qu\u2019Akos ou Cyra ressentent pour eux-m\u00eames.<\/p>\n<p>L\u2019intrigue principale ne se fait sentir que bien apr\u00e8s le d\u00e9but du r\u00e9cit. Les premi\u00e8res pages du roman nous plongent dans le pass\u00e9 des deux personnages principaux et nous fait vivre leur rencontre avec lenteur et justesse. Les r\u00e9actions d\u2019Akos envers sa ge\u00f4li\u00e8re sont coh\u00e9rentes avec la situation et l\u2019attitude de Cyra est ensorcelante. On assiste \u00e0 leurs d\u00e9couvertes l\u2019un de l\u2019autre et leurs sentiments \u00e9voluent doucement, en toute logique et sans pr\u00e9cipitation. Cette histoire d\u2019amour n\u2019est d\u2019ailleurs m\u00eame pas assum\u00e9e par les deux principaux int\u00e9ress\u00e9s qui se focalisent davantage sur les intrigues politiques qui se d\u00e9roulent autour d\u2019eux. De plus, la sensation de trahison pour leur propre patrie plane sur eux telle une enclume pr\u00eate \u00e0 s\u2019abattre \u00e0 tout moment. L\u2019histoire d\u2019amour ne s\u2019en trouve que plus touchante mais est loin d\u2019\u00eatre l\u2019enjeu principal de l\u2019histoire. L\u2019intrigue tourne autour des \u00ab\u00a0destins\u00a0\u00bb des personnages principaux, auxquels viennent s\u2019ajouter le fr\u00e8re de Cyra, Zyrek, et le fr\u00e8re d\u2019Akos, Eijeh.<\/p>\n<p>Les personnages secondaires sont charismatiques et captivants. Ryzek, bien que personnifiant plut\u00f4t le mal et le m\u00e9chant de l\u2019histoire, est plus complexe que cela\u00a0; Sifa, la m\u00e8re d\u2019Akos, est \u00e9trange et myst\u00e9rieuse et Cisi, la s\u0153ur d\u2019Akos, est pleine de tendresse et de ranc\u0153ur. Il est \u00e0 esp\u00e9rer que le prochain tome les mettra plus en avant, \u00e9tant donn\u00e9 leur originalit\u00e9 et leur saveur.<\/p>\n<p>Beaucoup de r\u00e9solutions d\u2019actions apparaissent comme vraiment trop faciles. M\u00eame si les h\u00e9ros doivent se plier face \u00e0 quelques difficult\u00e9s, il ne semble pas y avoir de gros adversaires pour les contrer ou les emp\u00eacher de r\u00e9ussir. Il nous appara\u00eet presque comme simple de p\u00e9n\u00e9trer dans l\u2019antre de Ryzek ou de venir semer le trouble sur le territoire d\u2019origine d\u2019Akos, la fronti\u00e8re entre les deux peuples n\u2019\u00e9tant m\u00eame pas surveill\u00e9e. Entre deux patries qui se d\u00e9testent, ce d\u00e9tail perturbe.<\/p>\n<p>La fin n\u2019est pas une vraie fin et beaucoup de questions restent sans r\u00e9ponse. Des r\u00e9v\u00e9lations sur les personnages nous sont fournies dans les derni\u00e8res pages, pour nous faire saliver et nous donner envie de lire la suite.<\/p>\n<p>La nouvelle saga de l\u2019auteure s\u2019annonce prometteuse. L\u2019univers est incroyable et les personnages ont des caract\u00e9ristiques plut\u00f4t int\u00e9ressantes. De plus, la relation amoureuse est soign\u00e9e et r\u00e9aliste, comme les relations familiales et d\u2019amiti\u00e9 d\u00e9velopp\u00e9es dans le r\u00e9cit. Les actions et \u00e9chappatoires sont sans doute \u00e0 revoir pour une suite plus cr\u00e9dible et aussi sombre que l\u2019auteure veut nous le faire sentir.<\/p>\n<p><strong>Note\u00a0: 15\/20 <\/strong><\/p>\n<p style=\"text-align: right;\">Par <strong>Lildrille<\/strong><\/p>\n","protected":false},"excerpt":{"rendered":"<p>Auteur\u00a0: Veronica Roth Editeur\u00a0: Nathan Genre : Fantasy R\u00e9sum\u00e9\u00a0: Une galaxie o\u00f9 certains \u00eatres poss\u00e8dent un \u00ab\u00a0don\u00a0\u00bb, un pouvoir unique. Akos et Cyra sont de &hellip; <\/p>\n","protected":false},"author":2,"featured_media":0,"comment_status":"open","ping_status":"open","sticky":false,"template":"","format":"standard","meta":[],"categories":[10],"tags":[],"yoast_head":"<!-- This site is optimized with the Yoast SEO plugin v19.6.1 - https:\/\/yoast.com\/wordpress\/plugins\/seo\/ -->\n<title>Marquer les Ombres T.01 - Veronica Roth - Lavisqteam.fr<\/title>\n<meta name=\"robots\" content=\"index, follow, max-snippet:-1, max-image-preview:large, max-video-preview:-1\" \/>\n<link rel=\"canonical\" href=\"https:\/\/www.lavisqteam.fr\/?p=29515\" \/>\n<meta property=\"og:locale\" content=\"fr_FR\" \/>\n<meta property=\"og:type\" content=\"article\" \/>\n<meta property=\"og:title\" content=\"Marquer les Ombres T.01 - Veronica Roth - Lavisqteam.fr\" \/>\n<meta property=\"og:description\" content=\"Auteur\u00a0: Veronica Roth Editeur\u00a0: Nathan Genre : Fantasy R\u00e9sum\u00e9\u00a0: Une galaxie o\u00f9 certains \u00eatres poss\u00e8dent un \u00ab\u00a0don\u00a0\u00bb, un pouvoir unique. Akos et Cyra sont de &hellip;\" \/>\n<meta property=\"og:url\" content=\"https:\/\/www.lavisqteam.fr\/?p=29515\" \/>\n<meta property=\"og:site_name\" content=\"Lavisqteam.fr\" \/>\n<meta property=\"article:author\" content=\"https:\/\/www.facebook.com\/chloe.garcia.351\" \/>\n<meta property=\"article:published_time\" content=\"2017-06-11T16:53:11+00:00\" \/>\n<meta property=\"article:modified_time\" content=\"2021-05-03T08:54:36+00:00\" \/>\n<meta property=\"og:image\" content=\"http:\/\/www.lavisqteam.fr\/wp-content\/uploads\/2017\/06\/9782092574645.jpg\" \/>\n<meta name=\"author\" content=\"Lildrille\" \/>\n<meta name=\"twitter:card\" content=\"summary_large_image\" \/>\n<meta name=\"twitter:label1\" content=\"\u00c9crit par\" \/>\n\t<meta name=\"twitter:data1\" content=\"Lildrille\" \/>\n\t<meta name=\"twitter:label2\" content=\"Dur\u00e9e de lecture estim\u00e9e\" \/>\n\t<meta name=\"twitter:data2\" content=\"6 minutes\" \/>\n<script type=\"application\/ld+json\" class=\"yoast-schema-graph\">{\"@context\":\"https:\/\/schema.org\",\"@graph\":[{\"@type\":\"Article\",\"@id\":\"https:\/\/www.lavisqteam.fr\/?p=29515#article\",\"isPartOf\":{\"@id\":\"https:\/\/www.lavisqteam.fr\/?p=29515\"},\"author\":{\"name\":\"Lildrille\",\"@id\":\"https:\/\/www.lavisqteam.fr\/#\/schema\/person\/e2e3eb3cb179a4f0299403b29e235d24\"},\"headline\":\"Marquer les Ombres T.01 &#8211; Veronica Roth\",\"datePublished\":\"2017-06-11T16:53:11+00:00\",\"dateModified\":\"2021-05-03T08:54:36+00:00\",\"mainEntityOfPage\":{\"@id\":\"https:\/\/www.lavisqteam.fr\/?p=29515\"},\"wordCount\":1344,\"commentCount\":0,\"publisher\":{\"@id\":\"https:\/\/www.lavisqteam.fr\/#organization\"},\"articleSection\":[\"Roman\"],\"inLanguage\":\"fr-FR\",\"potentialAction\":[{\"@type\":\"CommentAction\",\"name\":\"Comment\",\"target\":[\"https:\/\/www.lavisqteam.fr\/?p=29515#respond\"]}]},{\"@type\":\"WebPage\",\"@id\":\"https:\/\/www.lavisqteam.fr\/?p=29515\",\"url\":\"https:\/\/www.lavisqteam.fr\/?p=29515\",\"name\":\"Marquer les Ombres T.01 - Veronica Roth - Lavisqteam.fr\",\"isPartOf\":{\"@id\":\"https:\/\/www.lavisqteam.fr\/#website\"},\"datePublished\":\"2017-06-11T16:53:11+00:00\",\"dateModified\":\"2021-05-03T08:54:36+00:00\",\"breadcrumb\":{\"@id\":\"https:\/\/www.lavisqteam.fr\/?p=29515#breadcrumb\"},\"inLanguage\":\"fr-FR\",\"potentialAction\":[{\"@type\":\"ReadAction\",\"target\":[\"https:\/\/www.lavisqteam.fr\/?p=29515\"]}]},{\"@type\":\"BreadcrumbList\",\"@id\":\"https:\/\/www.lavisqteam.fr\/?p=29515#breadcrumb\",\"itemListElement\":[{\"@type\":\"ListItem\",\"position\":1,\"name\":\"Accueil\",\"item\":\"https:\/\/www.lavisqteam.fr\/\"},{\"@type\":\"ListItem\",\"position\":2,\"name\":\"Marquer les Ombres T.01 &#8211; Veronica Roth\"}]},{\"@type\":\"WebSite\",\"@id\":\"https:\/\/www.lavisqteam.fr\/#website\",\"url\":\"https:\/\/www.lavisqteam.fr\/\",\"name\":\"Lavisqteam.fr\",\"description\":\"\",\"publisher\":{\"@id\":\"https:\/\/www.lavisqteam.fr\/#organization\"},\"potentialAction\":[{\"@type\":\"SearchAction\",\"target\":{\"@type\":\"EntryPoint\",\"urlTemplate\":\"https:\/\/www.lavisqteam.fr\/?s={search_term_string}\"},\"query-input\":\"required name=search_term_string\"}],\"inLanguage\":\"fr-FR\"},{\"@type\":\"Organization\",\"@id\":\"https:\/\/www.lavisqteam.fr\/#organization\",\"name\":\"Lavisqteam.fr\",\"url\":\"https:\/\/www.lavisqteam.fr\/\",\"sameAs\":[],\"logo\":{\"@type\":\"ImageObject\",\"inLanguage\":\"fr-FR\",\"@id\":\"https:\/\/www.lavisqteam.fr\/#\/schema\/logo\/image\/\",\"url\":\"https:\/\/www.lavisqteam.fr\/wp-content\/uploads\/2020\/08\/cropped-80879545_3479261675449035_4078032831501041664_o-4.jpg\",\"contentUrl\":\"https:\/\/www.lavisqteam.fr\/wp-content\/uploads\/2020\/08\/cropped-80879545_3479261675449035_4078032831501041664_o-4.jpg\",\"width\":1674,\"height\":536,\"caption\":\"Lavisqteam.fr\"},\"image\":{\"@id\":\"https:\/\/www.lavisqteam.fr\/#\/schema\/logo\/image\/\"}},{\"@type\":\"Person\",\"@id\":\"https:\/\/www.lavisqteam.fr\/#\/schema\/person\/e2e3eb3cb179a4f0299403b29e235d24\",\"name\":\"Lildrille\",\"image\":{\"@type\":\"ImageObject\",\"inLanguage\":\"fr-FR\",\"@id\":\"https:\/\/www.lavisqteam.fr\/#\/schema\/person\/image\/\",\"url\":\"https:\/\/secure.gravatar.com\/avatar\/1fbe78d5f27ffb4f9c29619bd30c90db?s=96&d=mm&r=g\",\"contentUrl\":\"https:\/\/secure.gravatar.com\/avatar\/1fbe78d5f27ffb4f9c29619bd30c90db?s=96&d=mm&r=g\",\"caption\":\"Lildrille\"},\"description\":\"Passionn\u00e9e d\u2019imaginaire et d\u2019\u00e9vasion depuis longtemps, \u00e9crire et lire sont mes activit\u00e9s favorites. Dans un monde souvent sombre, m'\u00e9vader et fournir du r\u00eave sont mes objectifs. Suivez-moi en tant qu'auteure ici : https:\/\/www.2passions1dream.com\/. Et en tant que chroniqueuse aussi l\u00e0 : https:\/\/simplement.pro\/u\/Lildrille.\",\"sameAs\":[\"http:\/\/Lavisqteam.fr\",\"https:\/\/www.facebook.com\/chloe.garcia.351\",\"https:\/\/www.instagram.com\/chloe.garcia.artiste\/\",\"https:\/\/www.linkedin.com\/in\/garcia-chloe\/\"],\"url\":\"https:\/\/www.lavisqteam.fr\/?author=2\"}]}<\/script>\n<!-- \/ Yoast SEO plugin. -->","yoast_head_json":{"title":"Marquer les Ombres T.01 - Veronica Roth - Lavisqteam.fr","robots":{"index":"index","follow":"follow","max-snippet":"max-snippet:-1","max-image-preview":"max-image-preview:large","max-video-preview":"max-video-preview:-1"},"canonical":"https:\/\/www.lavisqteam.fr\/?p=29515","og_locale":"fr_FR","og_type":"article","og_title":"Marquer les Ombres T.01 - Veronica Roth - Lavisqteam.fr","og_description":"Auteur\u00a0: Veronica Roth Editeur\u00a0: Nathan Genre : Fantasy R\u00e9sum\u00e9\u00a0: Une galaxie o\u00f9 certains \u00eatres poss\u00e8dent un \u00ab\u00a0don\u00a0\u00bb, un pouvoir unique. Akos et Cyra sont de &hellip;","og_url":"https:\/\/www.lavisqteam.fr\/?p=29515","og_site_name":"Lavisqteam.fr","article_author":"https:\/\/www.facebook.com\/chloe.garcia.351","article_published_time":"2017-06-11T16:53:11+00:00","article_modified_time":"2021-05-03T08:54:36+00:00","og_image":[{"url":"http:\/\/www.lavisqteam.fr\/wp-content\/uploads\/2017\/06\/9782092574645.jpg"}],"author":"Lildrille","twitter_card":"summary_large_image","twitter_misc":{"\u00c9crit par":"Lildrille","Dur\u00e9e de lecture estim\u00e9e":"6 minutes"},"schema":{"@context":"https:\/\/schema.org","@graph":[{"@type":"Article","@id":"https:\/\/www.lavisqteam.fr\/?p=29515#article","isPartOf":{"@id":"https:\/\/www.lavisqteam.fr\/?p=29515"},"author":{"name":"Lildrille","@id":"https:\/\/www.lavisqteam.fr\/#\/schema\/person\/e2e3eb3cb179a4f0299403b29e235d24"},"headline":"Marquer les Ombres T.01 &#8211; Veronica Roth","datePublished":"2017-06-11T16:53:11+00:00","dateModified":"2021-05-03T08:54:36+00:00","mainEntityOfPage":{"@id":"https:\/\/www.lavisqteam.fr\/?p=29515"},"wordCount":1344,"commentCount":0,"publisher":{"@id":"https:\/\/www.lavisqteam.fr\/#organization"},"articleSection":["Roman"],"inLanguage":"fr-FR","potentialAction":[{"@type":"CommentAction","name":"Comment","target":["https:\/\/www.lavisqteam.fr\/?p=29515#respond"]}]},{"@type":"WebPage","@id":"https:\/\/www.lavisqteam.fr\/?p=29515","url":"https:\/\/www.lavisqteam.fr\/?p=29515","name":"Marquer les Ombres T.01 - Veronica Roth - Lavisqteam.fr","isPartOf":{"@id":"https:\/\/www.lavisqteam.fr\/#website"},"datePublished":"2017-06-11T16:53:11+00:00","dateModified":"2021-05-03T08:54:36+00:00","breadcrumb":{"@id":"https:\/\/www.lavisqteam.fr\/?p=29515#breadcrumb"},"inLanguage":"fr-FR","potentialAction":[{"@type":"ReadAction","target":["https:\/\/www.lavisqteam.fr\/?p=29515"]}]},{"@type":"BreadcrumbList","@id":"https:\/\/www.lavisqteam.fr\/?p=29515#breadcrumb","itemListElement":[{"@type":"ListItem","position":1,"name":"Accueil","item":"https:\/\/www.lavisqteam.fr\/"},{"@type":"ListItem","position":2,"name":"Marquer les Ombres T.01 &#8211; Veronica Roth"}]},{"@type":"WebSite","@id":"https:\/\/www.lavisqteam.fr\/#website","url":"https:\/\/www.lavisqteam.fr\/","name":"Lavisqteam.fr","description":"","publisher":{"@id":"https:\/\/www.lavisqteam.fr\/#organization"},"potentialAction":[{"@type":"SearchAction","target":{"@type":"EntryPoint","urlTemplate":"https:\/\/www.lavisqteam.fr\/?s={search_term_string}"},"query-input":"required name=search_term_string"}],"inLanguage":"fr-FR"},{"@type":"Organization","@id":"https:\/\/www.lavisqteam.fr\/#organization","name":"Lavisqteam.fr","url":"https:\/\/www.lavisqteam.fr\/","sameAs":[],"logo":{"@type":"ImageObject","inLanguage":"fr-FR","@id":"https:\/\/www.lavisqteam.fr\/#\/schema\/logo\/image\/","url":"https:\/\/www.lavisqteam.fr\/wp-content\/uploads\/2020\/08\/cropped-80879545_3479261675449035_4078032831501041664_o-4.jpg","contentUrl":"https:\/\/www.lavisqteam.fr\/wp-content\/uploads\/2020\/08\/cropped-80879545_3479261675449035_4078032831501041664_o-4.jpg","width":1674,"height":536,"caption":"Lavisqteam.fr"},"image":{"@id":"https:\/\/www.lavisqteam.fr\/#\/schema\/logo\/image\/"}},{"@type":"Person","@id":"https:\/\/www.lavisqteam.fr\/#\/schema\/person\/e2e3eb3cb179a4f0299403b29e235d24","name":"Lildrille","image":{"@type":"ImageObject","inLanguage":"fr-FR","@id":"https:\/\/www.lavisqteam.fr\/#\/schema\/person\/image\/","url":"https:\/\/secure.gravatar.com\/avatar\/1fbe78d5f27ffb4f9c29619bd30c90db?s=96&d=mm&r=g","contentUrl":"https:\/\/secure.gravatar.com\/avatar\/1fbe78d5f27ffb4f9c29619bd30c90db?s=96&d=mm&r=g","caption":"Lildrille"},"description":"Passionn\u00e9e d\u2019imaginaire et d\u2019\u00e9vasion depuis longtemps, \u00e9crire et lire sont mes activit\u00e9s favorites. Dans un monde souvent sombre, m'\u00e9vader et fournir du r\u00eave sont mes objectifs. Suivez-moi en tant qu'auteure ici : https:\/\/www.2passions1dream.com\/. Et en tant que chroniqueuse aussi l\u00e0 : https:\/\/simplement.pro\/u\/Lildrille.","sameAs":["http:\/\/Lavisqteam.fr","https:\/\/www.facebook.com\/chloe.garcia.351","https:\/\/www.instagram.com\/chloe.garcia.artiste\/","https:\/\/www.linkedin.com\/in\/garcia-chloe\/"],"url":"https:\/\/www.lavisqteam.fr\/?author=2"}]}},"jetpack_featured_media_url":"","_links":{"self":[{"href":"https:\/\/www.lavisqteam.fr\/index.php?rest_route=\/wp\/v2\/posts\/29515"}],"collection":[{"href":"https:\/\/www.lavisqteam.fr\/index.php?rest_route=\/wp\/v2\/posts"}],"about":[{"href":"https:\/\/www.lavisqteam.fr\/index.php?rest_route=\/wp\/v2\/types\/post"}],"author":[{"embeddable":true,"href":"https:\/\/www.lavisqteam.fr\/index.php?rest_route=\/wp\/v2\/users\/2"}],"replies":[{"embeddable":true,"href":"https:\/\/www.lavisqteam.fr\/index.php?rest_route=%2Fwp%2Fv2%2Fcomments&post=29515"}],"version-history":[{"count":4,"href":"https:\/\/www.lavisqteam.fr\/index.php?rest_route=\/wp\/v2\/posts\/29515\/revisions"}],"predecessor-version":[{"id":56238,"href":"https:\/\/www.lavisqteam.fr\/index.php?rest_route=\/wp\/v2\/posts\/29515\/revisions\/56238"}],"wp:attachment":[{"href":"https:\/\/www.lavisqteam.fr\/index.php?rest_route=%2Fwp%2Fv2%2Fmedia&parent=29515"}],"wp:term":[{"taxonomy":"category","embeddable":true,"href":"https:\/\/www.lavisqteam.fr\/index.php?rest_route=%2Fwp%2Fv2%2Fcategories&post=29515"},{"taxonomy":"post_tag","embeddable":true,"href":"https:\/\/www.lavisqteam.fr\/index.php?rest_route=%2Fwp%2Fv2%2Ftags&post=29515"}],"curies":[{"name":"wp","href":"https:\/\/api.w.org\/{rel}","templated":true}]}}