{"id":29256,"date":"2017-06-01T14:28:56","date_gmt":"2017-06-01T14:28:56","guid":{"rendered":"http:\/\/www.lavisqteam.fr\/?p=29256"},"modified":"2017-06-01T14:28:56","modified_gmt":"2017-06-01T14:28:56","slug":"izana-la-voleuse-de-visage-daruma-matsuura","status":"publish","type":"post","link":"https:\/\/www.lavisqteam.fr\/?p=29256","title":{"rendered":"Izana, La Voleuse de Visage &#8211; Daruma Matsuura"},"content":{"rendered":"<p style=\"text-align: center;\"><a href=\"https:\/\/www.lavisqteam.fr\/wp-content\/uploads\/2017\/06\/izana-voleuse-visage-lumen.jpg\"><img loading=\"lazy\" class=\"alignnone size-full wp-image-29257\" src=\"https:\/\/www.lavisqteam.fr\/wp-content\/uploads\/2017\/06\/izana-voleuse-visage-lumen.jpg\" alt=\"\" width=\"400\" height=\"643\" srcset=\"https:\/\/www.lavisqteam.fr\/wp-content\/uploads\/2017\/06\/izana-voleuse-visage-lumen.jpg 400w, https:\/\/www.lavisqteam.fr\/wp-content\/uploads\/2017\/06\/izana-voleuse-visage-lumen-187x300.jpg 187w\" sizes=\"(max-width: 400px) 100vw, 400px\" \/><\/a><\/p>\n<p><strong>Auteur\u00a0: <\/strong>Daruma Matsuura<\/p>\n<p><strong>Editeur\u00a0: <\/strong>Lumen<\/p>\n<p><strong>Genre\u00a0: <\/strong>Drame, Fantastique<\/p>\n<p><strong>R\u00e9sum\u00e9\u00a0:<\/strong><\/p>\n<p>Dans le monde d&rsquo;Izana, il y a le dedans et le dehors. Le dehors, c&rsquo;est tout ce qui s&rsquo;\u00e9tend au-del\u00e0 des murs de la maison : le soleil, les arbres, les autres&#8230; tout ce qu&rsquo;elle n&rsquo;a jamais vu autrement que dans ses livres ou \u00e0 travers les carreaux. Car depuis sa naissance, elle vit recluse, bien \u00e0 l&rsquo;abri entre quatre murs. Un jour, pouss\u00e9e par la curiosit\u00e9, la jeune fille d\u00e9cide de braver l&rsquo;interdit et de s&rsquo;aventurer \u00e0 l&rsquo;ext\u00e9rieur. Bien mal lui en prend \u2013 elle comprend que son visage est si effroyable qu&rsquo;il ne peut \u00eatre montr\u00e9 au grand jour.<\/p>\n<p>Car si d&rsquo;ordinaire, la laideur n&rsquo;est pas un crime, il r\u00e8gne dans le village une terrible superstition. Autrefois se seraient affront\u00e9es une sorci\u00e8re d&rsquo;une grande laideur et une pr\u00eatresse d&rsquo;une grande beaut\u00e9 : la premi\u00e8re, victorieuse, aurait vol\u00e9 son apparence \u00e0 la seconde. Depuis lors, toute petite fille laide n\u00e9e une certaine ann\u00e9e est tu\u00e9e sur-le-champ, sous peine de porter malheur aux habitants. Cette l\u00e9gende est m\u00eame le th\u00e8me d&rsquo;une pi\u00e8ce de th\u00e9\u00e2tre qui se joue chaque \u00e9t\u00e9. Izana y d\u00e9couvre pour la premi\u00e8re fois, dans le r\u00f4le de la pr\u00eatresse, sa propre cousine. N\u00e9e la m\u00eame ann\u00e9e qu&rsquo;elle, Namino a \u00e9t\u00e9 \u00e9pargn\u00e9e gr\u00e2ce \u00e0 sa beaut\u00e9 extraordinaire&#8230;<\/p>\n<p><strong>Avis\u00a0:<\/strong><\/p>\n<p>Il y a un ph\u00e9nom\u00e8ne qui se d\u00e9mocratise de plus en plus dans la litt\u00e9rature pour adolescents, c\u2019est la novellisation des mangas, pour en faire des romans. Nous avions d\u00e9j\u00e0 pu le voir avec le roman <strong>Re\/Member<\/strong>, qui est l\u2019histoire du manga en un seul roman, d\u00e9j\u00e0 chez l\u2019\u00e9diteur Lumen, et on peut le revoir ici, avec <strong>Izana la Voleuse de Visage<\/strong>, m\u00eame si la donne est diff\u00e9rente. En effet, <strong>Izana<\/strong> n\u2019est point un manga \u00e0 la base, mais c\u2019est sa suite qui se d\u00e9cline sous la forme de BD japonaise. Fan d\u2019<em>Osamu Tezuka, Daruma Matsuura <\/em>commence sa carri\u00e8re avec les pinceaux pour \u00e9crire un premier manga qui conna\u00eetra un joli succ\u00e8s, <strong>Kasane<\/strong>. Ce n\u2019est qu\u2019\u00e0 partir de quelques bribes d\u2019id\u00e9es que la mangaka se voit proposer de faire un pr\u00e9quelle \u00e0 son histoire, sous la forme d\u2019un roman. Et si beaucoup aurait dit non face \u00e0 la difficult\u00e9 de changer de support, l\u2019auteure s\u2019est lanc\u00e9e \u00e0 corps perdu dans son roman et le r\u00e9sultat est \u00e9tonnant.<\/p>\n<p>Et si \u00e9tonnant ne veut pas forc\u00e9ment dire bon, <strong>Izana la Voleuse de Visage<\/strong> a plus d\u2019un atout dans sa manche pour surprendre le lecteur et le prendre \u00e0 revers. En effet, si on ne lit pas le synopsis e que l\u2019on se fit seulement \u00e0 la couverture, on pourrait supposer une histoire d\u2019horreur avec une jeune femme au pouvoir mystique, changeant de visage et prenant alors la place de diff\u00e9rentes personnes dans la soci\u00e9t\u00e9. On est tr\u00e8s loin de la v\u00e9rit\u00e9. En fait, le roman se pr\u00eate \u00e0 un exercice p\u00e9rilleux, celui de combiner le folklore japonais, les mythes et l\u00e9gendes de certains bleds, avec une histoire plus contemporaine qui am\u00e8ne \u00e0 la r\u00e9flexion sur l\u2019habitus primaire, \u00e0 savoir si d\u00e8s la naissance, on est promis \u00e0 un avenir radieux ou \u00e0 un calvaire. Partant sur cette id\u00e9e de base, se faisant confronter le folklore \u00e0 la r\u00e9alit\u00e9, l\u2019auteure propose une histoire int\u00e9ressante, mais qui p\u00eache souvent par un manque de rythme et par une perte de rep\u00e8res en son milieu.<\/p>\n<p>Tout le r\u00e9cit, ou presque, se concentre sur Izana qui raconte son histoire. Sauf au d\u00e9but, puisque l\u2019on assiste \u00e0 la naissance de la jeune fille et quelques passages au milieu qui seront les r\u00e9flexions d\u2019un jeune gar\u00e7on se nommant Kingo. Ainsi donc, le roman peut se voir comme un recueil de pens\u00e9es \u00e0 travers trois personnages qui vont vivre une histoire similaire. Chigusa, qui recueille Izana en cachette, vit recluse dans sa maison du fait du d\u00e9c\u00e8s de son mari, un m\u00e9decin connu dans le village. Izana, de par sa laideur, doit vivre cach\u00e9e, car elle aurait d\u00fb \u00eatre tu\u00e9e d\u00e8s sa naissance \u00e0 cause d\u2019une mal\u00e9diction idiote. Quant \u00e0 Kingo, b\u00e2tard d\u00e9savou\u00e9 par sa m\u00e8re, il est contraint de vivre chez Chigusa, reclus lui-aussi car rejet\u00e9 par sa famille. Le r\u00e9cit s\u2019articule donc autour de trois \u00e9corch\u00e9s de la vie, li\u00e9s par un m\u00eame destin et chez qui une haine visc\u00e9rale grandit au fil des pages. Une haine qui se traduit par des sentiments diff\u00e9rents, jalousie, col\u00e8re, amour d\u00e9chu ou encore envie. L\u2019auteure dresse trois portraits touchants et qui r\u00e9sonnent comme un film d\u2019horreur, tant tout laisse \u00e0 penser que le livre va exploser en milieu de r\u00e9cit pour partir vers un chemin sanglant et vengeur.<\/p>\n<p>Mais ce ne sera pas le cas. En effet, <em>Daruma Matsuura<\/em> va inclure dans son histoire une amourette \u00e0 deux balles et une qu\u00eate \u00e0 propos d\u2019une pierre rouge que l\u2019on retrouve dans une l\u00e9gende du village. Virant presque en roman \u00e9pistolaire, l\u2019histoire va stagner et on va se perdre dans des \u00e9lucubrations p\u00e9nibles et bien trop longues pour pleinement convaincre. La tension retombe et si la volont\u00e9 de montrer que les l\u00e9gendes urbaines sont solides et bien trop ancr\u00e9es dans les villages o\u00f9 r\u00e8gne une certaine consanguinit\u00e9 est r\u00e9ussie, il manque une dimension tragique et une mont\u00e9e progressive de la haine et de la peur. En un sens, <strong>Izana<\/strong> se transforme alors en qu\u00eate initiatique alors qu\u2019il aurait mieux valu verser dans l\u2019horreur psychologique.<\/p>\n<p>D\u2019autant plus que tous les passages sont racont\u00e9s \u00e0 la premi\u00e8re personne afin de faciliter une certaine projection du lecteur, mais si les \u00e9tats d\u2019\u00e2me semblent incoh\u00e9rents, alors il est difficile de rentrer pleinement dans le roman. D\u2019autant plus qu\u2019il s\u2019adresse clairement aux jeunes filles et lorsque l\u2019on est un vieux trentenaire, autant dire que la projection nous passe par-dessus la t\u00eate. N\u00e9anmoins, le plaisir de lecture est pr\u00e9sent, non seulement parce que les l\u00e9gendes folkloriques sont tr\u00e8s bien d\u00e9crites, mais aussi parce que le message comme quoi il faut se battre pour vaincre les pr\u00e9jug\u00e9s est int\u00e9ressant. Alors certes, on passe par un subterfuge fantastique pour vaincre ses peurs, mais il n\u2019emp\u00eache qu\u2019aujourd\u2019hui encore, les gens ingrats auront moins de chance que les gens dits beaux. La fin, relativement gla\u00e7ante, laisse une image assez int\u00e9ressante de l\u2019h\u00e9ro\u00efne et prouve \u00e0 quel point son \u00e9tat psychologique s\u2019est d\u00e9grad\u00e9, tout cela \u00e0 cause d\u2019une communaut\u00e9 finalement plus affreuse qu\u2019elle.<\/p>\n<p>Au final, <strong>Izana la Voleuse de Visage<\/strong> est un roman int\u00e9ressant et qui brasse des th\u00e9matiques assez in\u00e9dites pour de la lecture adolescente. A la fois r\u00e9cit de vie et horreur psychologique, ce roman assez dense (il y a peu de dialogues) tient la route m\u00eame si son milieu reste un peu anodin et m\u00eame parfois p\u00e9nible. Il en r\u00e9sulte une histoire plut\u00f4t intelligente, qui cible un public pr\u00e9cis, mais qui s\u2019av\u00e8re plaisante sur bien des points en plus de donner \u00e0 r\u00e9fl\u00e9chir sur le conditionnement d\u00e8s notre naissance.<\/p>\n<p><strong>Note\u00a0: 14\/20<\/strong><\/p>\n<p style=\"text-align: right;\">Par <strong>AqME<\/strong><\/p>\n","protected":false},"excerpt":{"rendered":"<p>Auteur\u00a0: Daruma Matsuura Editeur\u00a0: Lumen Genre\u00a0: Drame, Fantastique R\u00e9sum\u00e9\u00a0: Dans le monde d&rsquo;Izana, il y a le dedans et le dehors. Le dehors, c&rsquo;est tout &hellip; <\/p>\n","protected":false},"author":1,"featured_media":0,"comment_status":"open","ping_status":"open","sticky":false,"template":"","format":"standard","meta":[],"categories":[10],"tags":[],"yoast_head":"<!-- This site is optimized with the Yoast SEO plugin v19.6.1 - https:\/\/yoast.com\/wordpress\/plugins\/seo\/ -->\n<title>Izana, La Voleuse de Visage - Daruma Matsuura - Lavisqteam.fr<\/title>\n<meta name=\"robots\" content=\"index, follow, max-snippet:-1, max-image-preview:large, max-video-preview:-1\" \/>\n<link rel=\"canonical\" href=\"https:\/\/www.lavisqteam.fr\/?p=29256\" \/>\n<meta property=\"og:locale\" content=\"fr_FR\" \/>\n<meta property=\"og:type\" content=\"article\" \/>\n<meta property=\"og:title\" content=\"Izana, La Voleuse de Visage - Daruma Matsuura - Lavisqteam.fr\" \/>\n<meta property=\"og:description\" content=\"Auteur\u00a0: Daruma Matsuura Editeur\u00a0: Lumen Genre\u00a0: Drame, Fantastique R\u00e9sum\u00e9\u00a0: Dans le monde d&rsquo;Izana, il y a le dedans et le dehors. Le dehors, c&rsquo;est tout &hellip;\" \/>\n<meta property=\"og:url\" content=\"https:\/\/www.lavisqteam.fr\/?p=29256\" \/>\n<meta property=\"og:site_name\" content=\"Lavisqteam.fr\" \/>\n<meta property=\"article:published_time\" content=\"2017-06-01T14:28:56+00:00\" \/>\n<meta property=\"og:image\" content=\"http:\/\/www.lavisqteam.fr\/wp-content\/uploads\/2017\/06\/izana-voleuse-visage-lumen.jpg\" \/>\n<meta name=\"author\" content=\"AqME\" \/>\n<meta name=\"twitter:card\" content=\"summary_large_image\" \/>\n<meta name=\"twitter:label1\" content=\"\u00c9crit par\" \/>\n\t<meta name=\"twitter:data1\" content=\"AqME\" \/>\n\t<meta name=\"twitter:label2\" content=\"Dur\u00e9e de lecture estim\u00e9e\" \/>\n\t<meta name=\"twitter:data2\" content=\"6 minutes\" \/>\n<script type=\"application\/ld+json\" class=\"yoast-schema-graph\">{\"@context\":\"https:\/\/schema.org\",\"@graph\":[{\"@type\":\"Article\",\"@id\":\"https:\/\/www.lavisqteam.fr\/?p=29256#article\",\"isPartOf\":{\"@id\":\"https:\/\/www.lavisqteam.fr\/?p=29256\"},\"author\":{\"name\":\"AqME\",\"@id\":\"https:\/\/www.lavisqteam.fr\/#\/schema\/person\/da11d7c30bf135b288b17cc576708c2d\"},\"headline\":\"Izana, La Voleuse de Visage &#8211; Daruma Matsuura\",\"datePublished\":\"2017-06-01T14:28:56+00:00\",\"dateModified\":\"2017-06-01T14:28:56+00:00\",\"mainEntityOfPage\":{\"@id\":\"https:\/\/www.lavisqteam.fr\/?p=29256\"},\"wordCount\":1285,\"commentCount\":0,\"publisher\":{\"@id\":\"https:\/\/www.lavisqteam.fr\/#organization\"},\"articleSection\":[\"Roman\"],\"inLanguage\":\"fr-FR\",\"potentialAction\":[{\"@type\":\"CommentAction\",\"name\":\"Comment\",\"target\":[\"https:\/\/www.lavisqteam.fr\/?p=29256#respond\"]}]},{\"@type\":\"WebPage\",\"@id\":\"https:\/\/www.lavisqteam.fr\/?p=29256\",\"url\":\"https:\/\/www.lavisqteam.fr\/?p=29256\",\"name\":\"Izana, La Voleuse de Visage - Daruma Matsuura - Lavisqteam.fr\",\"isPartOf\":{\"@id\":\"https:\/\/www.lavisqteam.fr\/#website\"},\"datePublished\":\"2017-06-01T14:28:56+00:00\",\"dateModified\":\"2017-06-01T14:28:56+00:00\",\"breadcrumb\":{\"@id\":\"https:\/\/www.lavisqteam.fr\/?p=29256#breadcrumb\"},\"inLanguage\":\"fr-FR\",\"potentialAction\":[{\"@type\":\"ReadAction\",\"target\":[\"https:\/\/www.lavisqteam.fr\/?p=29256\"]}]},{\"@type\":\"BreadcrumbList\",\"@id\":\"https:\/\/www.lavisqteam.fr\/?p=29256#breadcrumb\",\"itemListElement\":[{\"@type\":\"ListItem\",\"position\":1,\"name\":\"Accueil\",\"item\":\"https:\/\/www.lavisqteam.fr\/\"},{\"@type\":\"ListItem\",\"position\":2,\"name\":\"Izana, La Voleuse de Visage &#8211; Daruma Matsuura\"}]},{\"@type\":\"WebSite\",\"@id\":\"https:\/\/www.lavisqteam.fr\/#website\",\"url\":\"https:\/\/www.lavisqteam.fr\/\",\"name\":\"Lavisqteam.fr\",\"description\":\"\",\"publisher\":{\"@id\":\"https:\/\/www.lavisqteam.fr\/#organization\"},\"potentialAction\":[{\"@type\":\"SearchAction\",\"target\":{\"@type\":\"EntryPoint\",\"urlTemplate\":\"https:\/\/www.lavisqteam.fr\/?s={search_term_string}\"},\"query-input\":\"required name=search_term_string\"}],\"inLanguage\":\"fr-FR\"},{\"@type\":\"Organization\",\"@id\":\"https:\/\/www.lavisqteam.fr\/#organization\",\"name\":\"Lavisqteam.fr\",\"url\":\"https:\/\/www.lavisqteam.fr\/\",\"sameAs\":[],\"logo\":{\"@type\":\"ImageObject\",\"inLanguage\":\"fr-FR\",\"@id\":\"https:\/\/www.lavisqteam.fr\/#\/schema\/logo\/image\/\",\"url\":\"https:\/\/www.lavisqteam.fr\/wp-content\/uploads\/2020\/08\/cropped-80879545_3479261675449035_4078032831501041664_o-4.jpg\",\"contentUrl\":\"https:\/\/www.lavisqteam.fr\/wp-content\/uploads\/2020\/08\/cropped-80879545_3479261675449035_4078032831501041664_o-4.jpg\",\"width\":1674,\"height\":536,\"caption\":\"Lavisqteam.fr\"},\"image\":{\"@id\":\"https:\/\/www.lavisqteam.fr\/#\/schema\/logo\/image\/\"}},{\"@type\":\"Person\",\"@id\":\"https:\/\/www.lavisqteam.fr\/#\/schema\/person\/da11d7c30bf135b288b17cc576708c2d\",\"name\":\"AqME\",\"image\":{\"@type\":\"ImageObject\",\"inLanguage\":\"fr-FR\",\"@id\":\"https:\/\/www.lavisqteam.fr\/#\/schema\/person\/image\/\",\"url\":\"https:\/\/secure.gravatar.com\/avatar\/4a87d013fc854acd0f25858a13573675?s=96&d=mm&r=g\",\"contentUrl\":\"https:\/\/secure.gravatar.com\/avatar\/4a87d013fc854acd0f25858a13573675?s=96&d=mm&r=g\",\"caption\":\"AqME\"},\"description\":\"Amateur d'horreur, M\u00e9talleux dans l'\u00e2me, je succombe facilement \u00e0 des images de chatons.\",\"url\":\"https:\/\/www.lavisqteam.fr\/?author=1\"}]}<\/script>\n<!-- \/ Yoast SEO plugin. -->","yoast_head_json":{"title":"Izana, La Voleuse de Visage - Daruma Matsuura - Lavisqteam.fr","robots":{"index":"index","follow":"follow","max-snippet":"max-snippet:-1","max-image-preview":"max-image-preview:large","max-video-preview":"max-video-preview:-1"},"canonical":"https:\/\/www.lavisqteam.fr\/?p=29256","og_locale":"fr_FR","og_type":"article","og_title":"Izana, La Voleuse de Visage - Daruma Matsuura - Lavisqteam.fr","og_description":"Auteur\u00a0: Daruma Matsuura Editeur\u00a0: Lumen Genre\u00a0: Drame, Fantastique R\u00e9sum\u00e9\u00a0: Dans le monde d&rsquo;Izana, il y a le dedans et le dehors. Le dehors, c&rsquo;est tout &hellip;","og_url":"https:\/\/www.lavisqteam.fr\/?p=29256","og_site_name":"Lavisqteam.fr","article_published_time":"2017-06-01T14:28:56+00:00","og_image":[{"url":"http:\/\/www.lavisqteam.fr\/wp-content\/uploads\/2017\/06\/izana-voleuse-visage-lumen.jpg"}],"author":"AqME","twitter_card":"summary_large_image","twitter_misc":{"\u00c9crit par":"AqME","Dur\u00e9e de lecture estim\u00e9e":"6 minutes"},"schema":{"@context":"https:\/\/schema.org","@graph":[{"@type":"Article","@id":"https:\/\/www.lavisqteam.fr\/?p=29256#article","isPartOf":{"@id":"https:\/\/www.lavisqteam.fr\/?p=29256"},"author":{"name":"AqME","@id":"https:\/\/www.lavisqteam.fr\/#\/schema\/person\/da11d7c30bf135b288b17cc576708c2d"},"headline":"Izana, La Voleuse de Visage &#8211; Daruma Matsuura","datePublished":"2017-06-01T14:28:56+00:00","dateModified":"2017-06-01T14:28:56+00:00","mainEntityOfPage":{"@id":"https:\/\/www.lavisqteam.fr\/?p=29256"},"wordCount":1285,"commentCount":0,"publisher":{"@id":"https:\/\/www.lavisqteam.fr\/#organization"},"articleSection":["Roman"],"inLanguage":"fr-FR","potentialAction":[{"@type":"CommentAction","name":"Comment","target":["https:\/\/www.lavisqteam.fr\/?p=29256#respond"]}]},{"@type":"WebPage","@id":"https:\/\/www.lavisqteam.fr\/?p=29256","url":"https:\/\/www.lavisqteam.fr\/?p=29256","name":"Izana, La Voleuse de Visage - Daruma Matsuura - Lavisqteam.fr","isPartOf":{"@id":"https:\/\/www.lavisqteam.fr\/#website"},"datePublished":"2017-06-01T14:28:56+00:00","dateModified":"2017-06-01T14:28:56+00:00","breadcrumb":{"@id":"https:\/\/www.lavisqteam.fr\/?p=29256#breadcrumb"},"inLanguage":"fr-FR","potentialAction":[{"@type":"ReadAction","target":["https:\/\/www.lavisqteam.fr\/?p=29256"]}]},{"@type":"BreadcrumbList","@id":"https:\/\/www.lavisqteam.fr\/?p=29256#breadcrumb","itemListElement":[{"@type":"ListItem","position":1,"name":"Accueil","item":"https:\/\/www.lavisqteam.fr\/"},{"@type":"ListItem","position":2,"name":"Izana, La Voleuse de Visage &#8211; Daruma Matsuura"}]},{"@type":"WebSite","@id":"https:\/\/www.lavisqteam.fr\/#website","url":"https:\/\/www.lavisqteam.fr\/","name":"Lavisqteam.fr","description":"","publisher":{"@id":"https:\/\/www.lavisqteam.fr\/#organization"},"potentialAction":[{"@type":"SearchAction","target":{"@type":"EntryPoint","urlTemplate":"https:\/\/www.lavisqteam.fr\/?s={search_term_string}"},"query-input":"required name=search_term_string"}],"inLanguage":"fr-FR"},{"@type":"Organization","@id":"https:\/\/www.lavisqteam.fr\/#organization","name":"Lavisqteam.fr","url":"https:\/\/www.lavisqteam.fr\/","sameAs":[],"logo":{"@type":"ImageObject","inLanguage":"fr-FR","@id":"https:\/\/www.lavisqteam.fr\/#\/schema\/logo\/image\/","url":"https:\/\/www.lavisqteam.fr\/wp-content\/uploads\/2020\/08\/cropped-80879545_3479261675449035_4078032831501041664_o-4.jpg","contentUrl":"https:\/\/www.lavisqteam.fr\/wp-content\/uploads\/2020\/08\/cropped-80879545_3479261675449035_4078032831501041664_o-4.jpg","width":1674,"height":536,"caption":"Lavisqteam.fr"},"image":{"@id":"https:\/\/www.lavisqteam.fr\/#\/schema\/logo\/image\/"}},{"@type":"Person","@id":"https:\/\/www.lavisqteam.fr\/#\/schema\/person\/da11d7c30bf135b288b17cc576708c2d","name":"AqME","image":{"@type":"ImageObject","inLanguage":"fr-FR","@id":"https:\/\/www.lavisqteam.fr\/#\/schema\/person\/image\/","url":"https:\/\/secure.gravatar.com\/avatar\/4a87d013fc854acd0f25858a13573675?s=96&d=mm&r=g","contentUrl":"https:\/\/secure.gravatar.com\/avatar\/4a87d013fc854acd0f25858a13573675?s=96&d=mm&r=g","caption":"AqME"},"description":"Amateur d'horreur, M\u00e9talleux dans l'\u00e2me, je succombe facilement \u00e0 des images de chatons.","url":"https:\/\/www.lavisqteam.fr\/?author=1"}]}},"jetpack_featured_media_url":"","_links":{"self":[{"href":"https:\/\/www.lavisqteam.fr\/index.php?rest_route=\/wp\/v2\/posts\/29256"}],"collection":[{"href":"https:\/\/www.lavisqteam.fr\/index.php?rest_route=\/wp\/v2\/posts"}],"about":[{"href":"https:\/\/www.lavisqteam.fr\/index.php?rest_route=\/wp\/v2\/types\/post"}],"author":[{"embeddable":true,"href":"https:\/\/www.lavisqteam.fr\/index.php?rest_route=\/wp\/v2\/users\/1"}],"replies":[{"embeddable":true,"href":"https:\/\/www.lavisqteam.fr\/index.php?rest_route=%2Fwp%2Fv2%2Fcomments&post=29256"}],"version-history":[{"count":1,"href":"https:\/\/www.lavisqteam.fr\/index.php?rest_route=\/wp\/v2\/posts\/29256\/revisions"}],"predecessor-version":[{"id":29258,"href":"https:\/\/www.lavisqteam.fr\/index.php?rest_route=\/wp\/v2\/posts\/29256\/revisions\/29258"}],"wp:attachment":[{"href":"https:\/\/www.lavisqteam.fr\/index.php?rest_route=%2Fwp%2Fv2%2Fmedia&parent=29256"}],"wp:term":[{"taxonomy":"category","embeddable":true,"href":"https:\/\/www.lavisqteam.fr\/index.php?rest_route=%2Fwp%2Fv2%2Fcategories&post=29256"},{"taxonomy":"post_tag","embeddable":true,"href":"https:\/\/www.lavisqteam.fr\/index.php?rest_route=%2Fwp%2Fv2%2Ftags&post=29256"}],"curies":[{"name":"wp","href":"https:\/\/api.w.org\/{rel}","templated":true}]}}