{"id":2916,"date":"2013-06-23T18:27:11","date_gmt":"2013-06-23T18:27:11","guid":{"rendered":"http:\/\/www.lavisqteam.fr\/?p=2916"},"modified":"2022-02-13T10:56:39","modified_gmt":"2022-02-13T10:56:39","slug":"le-bal-des-vampires","status":"publish","type":"post","link":"https:\/\/www.lavisqteam.fr\/?p=2916","title":{"rendered":"Le Bal des Vampires"},"content":{"rendered":"<p style=\"text-align: center;\"><a href=\"https:\/\/www.lavisqteam.fr\/wp-content\/uploads\/2013\/06\/arton67-db841.jpg\"><img loading=\"lazy\" class=\"alignnone size-full wp-image-2917\" src=\"https:\/\/www.lavisqteam.fr\/wp-content\/uploads\/2013\/06\/arton67-db841.jpg\" alt=\"arton67-db841\" width=\"404\" height=\"600\" srcset=\"https:\/\/www.lavisqteam.fr\/wp-content\/uploads\/2013\/06\/arton67-db841.jpg 404w, https:\/\/www.lavisqteam.fr\/wp-content\/uploads\/2013\/06\/arton67-db841-202x300.jpg 202w\" sizes=\"(max-width: 404px) 100vw, 404px\" \/><\/a><\/p>\n<p style=\"text-align: left;\"><strong>Titre Original: <\/strong>The Fearless Vampire Killers<\/p>\n<p><b>De&nbsp;: <\/b>Roman Polanski<\/p>\n<p><b>Avec<\/b> Jack MacGowran, Sharon Tate, Roman Polanski, Alfie Bass, Ferdie Mayne, Terry Downes<\/p>\n<p><b>Ann\u00e9e: <\/b>1967<\/p>\n<p><b>Pays: <\/b>Etats-Unis<\/p>\n<p><b>Genre: <\/b>Com\u00e9die, Horreur<\/p>\n<p><b>R\u00e9sum\u00e9&nbsp;:<\/b><\/p>\n<p>Un vieux savant et son aide pourchassent, dans un sinistre ch\u00e2teau de Transylvanie, une curieuse esp\u00e8ce de vampires.<\/p>\n<p><b>Avis&nbsp;:<\/b><\/p>\n<p>Le vampire est une l\u00e9gende qui prend forme en Europe de l\u2019Est dans les ann\u00e9es 1700 et des poussi\u00e8res. D\u00e9mocratis\u00e9e en 1897 par le roman de <i>Bram Stoker<\/i>, la cr\u00e9ature se repaissant de sang devient une v\u00e9ritable ic\u00f4ne de la litt\u00e9rature et, quelques ann\u00e9es plus tard, du cin\u00e9ma avec le <b>Nosferatu<\/b> de <i>Friedrich Murnau<\/i> (1922). Mais <b>Le Bal des Vampires<\/b> est-il la premi\u00e8re parodie se moquant de tous les clich\u00e9s du vampire&nbsp;? Il faut croire que non, puisque le film <b>Deux Nigauds contre Frankenstein<\/b>, datant de 1948, et mettant en sc\u00e8ne <b>Dracula<\/b> interpr\u00e9t\u00e9 par <i>Bela Lugosi<\/i> dans une com\u00e9die l\u00e9g\u00e8re. Mais il est vrai que cela ne concerne pas vraiment les vampires en eux-m\u00eames. Du coup, en 1967, un an avant de faire son mythique <b>Rosemary\u2019s Baby<\/b>, <i>Roman Polanski<\/i> livre une com\u00e9die classique, devenue culte avec le temps, o\u00f9 les chasseurs de vampires sont des bras cass\u00e9s et les vampires compl\u00e8tement affam\u00e9s et pr\u00f4nant un art de vivre tr\u00e8s hupp\u00e9. Mais avec le temps, le film n\u2019a-t-il pas trop vieilli&nbsp;? C\u2019est ce que nous allons voir en allant faire un tour en Transylvanie&nbsp;!<\/p>\n<p style=\"text-align: center;\"><a href=\"https:\/\/www.lavisqteam.fr\/wp-content\/uploads\/2013\/06\/bal-des-vampires-05.jpg\"><img loading=\"lazy\" class=\"alignnone size-full wp-image-2918\" src=\"https:\/\/www.lavisqteam.fr\/wp-content\/uploads\/2013\/06\/bal-des-vampires-05.jpg\" alt=\"bal-des-vampires-05\" width=\"600\" height=\"400\" srcset=\"https:\/\/www.lavisqteam.fr\/wp-content\/uploads\/2013\/06\/bal-des-vampires-05.jpg 600w, https:\/\/www.lavisqteam.fr\/wp-content\/uploads\/2013\/06\/bal-des-vampires-05-300x200.jpg 300w\" sizes=\"(max-width: 600px) 100vw, 600px\" \/><\/a><\/p>\n<p align=\"center\"><i>Tu te tais pendant que j\u2019enl\u00e8ve la mousse&nbsp;!<\/i><\/p>\n<p>Le sc\u00e9nario de ce film est relativement simple et s\u2019appuie sur tous les \u00e9cueils que l\u2019on a pu voir ou lire sur les mythes et les l\u00e9gendes des vampires. On commence l\u2019histoire avec le professeur Abronsius et son \u00e9l\u00e8ve qui arrive dans une auberge apr\u00e8s un p\u00e9riple glac\u00e9 et difficile. Mais les deux personnages ne sont pas l\u00e0 pour le tourisme, mais plut\u00f4t pour trouver et tuer une famille de vampires vivant dans un ch\u00e2teau non loin. Malgr\u00e9 les r\u00e9ticences des autochtones, des indices, comme de l\u2019ail accroch\u00e9 un peu partout, met la puce \u00e0 l\u2019oreille du professeur. C\u2019est alors qu\u2019un vampire mort le tenancier de l\u2019auberge et ce dernier, alors devenu vampire, va kidnapper la plus belle fille de l\u2019auberge. N\u2019\u00e9coutant que leur courage, et leur curiosit\u00e9, les deux comp\u00e8res vont se rendre dans le ch\u00e2teau pour trouver les vampires, les tuer et sauver la belle. Jusque-l\u00e0, rien de bien neuf \u00e0 se mettre sous la dent, on est m\u00eame dans un registre tr\u00e8s classique du mythe vampirique et que l\u2019on a d\u00e9j\u00e0 vu cela avec des productions <b>Hammer<\/b>. La nouveaut\u00e9 va venir du ton tr\u00e8s l\u00e9ger abord\u00e9 dans le m\u00e9trage, parfois ridicule, mais assez dr\u00f4le et se moquant ouvertement du classicisme des vampires britanniques ou am\u00e9ricains (<b>Universal<\/b> et <b>Hammer<\/b>). Ainsi, certaines situations demeurent assez cocasses, comme lorsque le professeur est bloqu\u00e9 dans une fen\u00eatre, ou encore lorsque le vampire gay drague ouvertement le personnage interpr\u00e9t\u00e9 par <i>Roman Polanski<\/i>. Tout cela contrebalance les d\u00e9cors tr\u00e8s gothiques du ch\u00e2teau et l\u2019aspect vintage du m\u00e9trage surtout aujourd\u2019hui. Car avouons-le, m\u00eame si le film demeure un classique du genre, il a quand m\u00eame mal vieilli sur certains plans et sur certaines s\u00e9quences demandant un minimum d\u2019effets sp\u00e9ciaux. Si l\u2019absence des reflets dans les miroirs est de bonne facture, on voit clairement les fonds d\u00e9roulant lors des courses-poursuites dans la neige et le plan du bossu qui prend un cercueil pour une luge est assez moche. Mais le plus bizarre, c\u2019est que cet aspect vieillot donne du cachet au film et montre la ma\u00eetrise incroyable de <i>Roman Polanski<\/i> derri\u00e8re la cam\u00e9ra pour proposer de superbes plans comme le ch\u00e2teau, mais aussi lors du bal \u00e0 la fin du film.<\/p>\n<p>Les acteurs sont aussi tr\u00e8s bons dans leur domaine. On commence par <i>Jack MacGowran<\/i> en professeur Abronsius qui excelle dans l\u2019art de faire des mimiques ridicules mais dr\u00f4les, comme la chauve-souris ou en remuant simplement ses moustaches et en regardant en l\u2019air d\u2019un air innocent. Il s\u2019accapare de suite la sympathie du spectateur et c\u2019est vraiment int\u00e9ressant de voir que plus de 40 ans plus tard, ces expressions fonctionnent toujours. <i>Roman Polanski<\/i>, le r\u00e9alisateur, joue aussi le r\u00f4le de l\u2019assistant timide et amoureux. Si on ne l\u2019entend pas beaucoup, il ma\u00eetrise son r\u00f4le \u00e0 la perfection, touchant le public par son amour pour la belle rousse et par sa timidit\u00e9 enfantine. <i>Ferdie Mayne<\/i> n\u2019a pas \u00e0 rougir lui non plus face \u00e0 <i>Christopher Lee<\/i>. Campant un vampire tr\u00e8s proche du comte Dracula, il est charismatique, inqui\u00e9tant et d\u00e9nu\u00e9 de sentiments ou de dr\u00f4leries. On ressent vraiment une m\u00e9chancet\u00e9 dans ce personnage. Ce ne sera pas le cas de tous les vampires, notamment avec le fils du comte qui demeure presque animal quand il a fait, mais profond\u00e9ment sexuel en dehors de sa fringale. Ou encore le personnage de Shagal interpr\u00e9t\u00e9 par <i>Alfie Bass<\/i> qui fait plus de pitreries qu\u2019autres choses. Au niveau des actrices et c\u00f4t\u00e9 f\u00e9minin, on aura droit \u00e0 la sublime <i>Sharon Tate<\/i>, toute en beaut\u00e9, incarnant l\u2019amour de <i>Roman Polanski<\/i>. Elle tient bien son r\u00f4le et quand on connait son funeste destin, elle meurt deux ans apr\u00e8s le film, assassin\u00e9e par la secte dirig\u00e9e par Charles Manson alors qu\u2019elle \u00e9tait enceinte de huit mois, on regrette vraiment cette actrice. Tout ce petit monde est relativement bien dirig\u00e9, entre un humour potache de la part des non vampires et un c\u00f4t\u00e9 plut\u00f4t inqui\u00e9tant de la part des vampires, le film n\u2019est pas lin\u00e9aire et malgr\u00e9 un rythme lent et une action au rabais, on passe un tr\u00e8s agr\u00e9able moment.<\/p>\n<p style=\"text-align: center;\"><a href=\"https:\/\/www.lavisqteam.fr\/wp-content\/uploads\/2013\/06\/polanski-bal-vampires-2.jpg\"><img loading=\"lazy\" class=\"alignnone size-full wp-image-2919\" src=\"https:\/\/www.lavisqteam.fr\/wp-content\/uploads\/2013\/06\/polanski-bal-vampires-2.jpg\" alt=\"polanski-bal-vampires-2\" width=\"500\" height=\"281\" srcset=\"https:\/\/www.lavisqteam.fr\/wp-content\/uploads\/2013\/06\/polanski-bal-vampires-2.jpg 500w, https:\/\/www.lavisqteam.fr\/wp-content\/uploads\/2013\/06\/polanski-bal-vampires-2-300x168.jpg 300w\" sizes=\"(max-width: 500px) 100vw, 500px\" \/><\/a><\/p>\n<p align=\"center\"><i>Quand tu pars au ski, pense \u00e0 la cr\u00e8me solaire&nbsp;!<\/i><\/p>\n<p>Au final, <b>Le Bal des Vampires<\/b> est un film indispensable pour tout amateur de vampires et de com\u00e9die\/parodies autour d\u2019un th\u00e8me fantastique. A la fois dr\u00f4le et parfois inqui\u00e9tant, baroque et l\u00e9ger, le film n\u2019est pas lin\u00e9aire dans son ambiance et m\u00eame si sa photo a mal vieilli, on reste dans quelque chose de tr\u00e8s bon et de rarement \u00e9gal\u00e9. Bref, un film qui m\u00e9rite vraiment le coup d\u2019\u0153il et qui montre le talent de <i>Roman Polanski<\/i> en tant que r\u00e9alisateur et pas forc\u00e9ment en tant qu\u2019acteur.<\/p>\n<p><b>Note&nbsp;: 16\/20<\/b><\/p>\n<p style=\"text-align: center;\">[youtube]http:\/\/www.youtube.com\/watch?v=0ZEUil8M2Jo[\/youtube]<\/p>\n<p style=\"text-align: right;\">Par <strong>AqME<\/strong><\/p>\n<p style=\"text-align: left;\"><a href=\"https:\/\/www.lavisqteam.fr\/wp-content\/uploads\/2013\/05\/Serval.jpg\"><img loading=\"lazy\" class=\"alignnone  wp-image-2304\" src=\"https:\/\/www.lavisqteam.fr\/wp-content\/uploads\/2013\/05\/Serval-150x150.jpg\" alt=\"Serval\" width=\"90\" height=\"90\"><\/a><strong>Note de Serval: 18\/20<\/strong><\/p>\n<p style=\"text-align: left;\"><a href=\"https:\/\/www.lavisqteam.fr\/wp-content\/uploads\/2013\/05\/cobra-original-1-290x290.jpg\"><img loading=\"lazy\" class=\"alignnone  wp-image-2306\" src=\"https:\/\/www.lavisqteam.fr\/wp-content\/uploads\/2013\/05\/cobra-original-1-290x290-150x150.jpg\" alt=\"cobra-original-1-290x290\" width=\"90\" height=\"90\"><\/a><strong>Note de Casey Slyback: 16\/20<\/strong><\/p>\n<p style=\"text-align: left;\"><a href=\"https:\/\/www.lavisqteam.fr\/wp-content\/uploads\/2013\/05\/316356_10201093379436910_1464413393_n.jpg\"><img loading=\"lazy\" class=\"alignnone  wp-image-2314\" src=\"https:\/\/www.lavisqteam.fr\/wp-content\/uploads\/2013\/05\/316356_10201093379436910_1464413393_n-150x150.jpg\" alt=\"316356_10201093379436910_1464413393_n\" width=\"90\" height=\"90\"><\/a><strong>Note de Trasher: 12\/20<\/strong> <em>\u00c7a a quand m\u00eame mal vieilli&#8230;<\/em><\/p>\n","protected":false},"excerpt":{"rendered":"<p>Titre Original: The Fearless Vampire Killers De&nbsp;: Roman Polanski Avec Jack MacGowran, Sharon Tate, Roman Polanski, Alfie Bass, Ferdie Mayne, Terry Downes Ann\u00e9e: 1967 Pays: &hellip; <\/p>\n","protected":false},"author":1,"featured_media":62160,"comment_status":"open","ping_status":"open","sticky":false,"template":"","format":"standard","meta":[],"categories":[7],"tags":[],"yoast_head":"<!-- This site is optimized with the Yoast SEO plugin v19.6.1 - https:\/\/yoast.com\/wordpress\/plugins\/seo\/ -->\n<title>Le Bal des Vampires - Lavisqteam.fr<\/title>\n<meta name=\"robots\" content=\"index, follow, max-snippet:-1, max-image-preview:large, max-video-preview:-1\" \/>\n<link rel=\"canonical\" href=\"https:\/\/www.lavisqteam.fr\/?p=2916\" \/>\n<meta property=\"og:locale\" content=\"fr_FR\" \/>\n<meta property=\"og:type\" content=\"article\" \/>\n<meta property=\"og:title\" content=\"Le Bal des Vampires - Lavisqteam.fr\" \/>\n<meta property=\"og:description\" content=\"Titre Original: The Fearless Vampire Killers De&nbsp;: Roman Polanski Avec Jack MacGowran, Sharon Tate, Roman Polanski, Alfie Bass, Ferdie Mayne, Terry Downes Ann\u00e9e: 1967 Pays: &hellip;\" \/>\n<meta property=\"og:url\" content=\"https:\/\/www.lavisqteam.fr\/?p=2916\" \/>\n<meta property=\"og:site_name\" content=\"Lavisqteam.fr\" \/>\n<meta property=\"article:published_time\" content=\"2013-06-23T18:27:11+00:00\" \/>\n<meta property=\"article:modified_time\" content=\"2022-02-13T10:56:39+00:00\" \/>\n<meta property=\"og:image\" content=\"https:\/\/www.lavisqteam.fr\/wp-content\/uploads\/2013\/06\/leba.jpg\" \/>\n\t<meta property=\"og:image:width\" content=\"727\" \/>\n\t<meta property=\"og:image:height\" content=\"395\" \/>\n\t<meta property=\"og:image:type\" content=\"image\/jpeg\" \/>\n<meta name=\"author\" content=\"AqME\" \/>\n<meta name=\"twitter:card\" content=\"summary_large_image\" \/>\n<meta name=\"twitter:image\" content=\"https:\/\/www.lavisqteam.fr\/wp-content\/uploads\/2013\/06\/leba.jpg\" \/>\n<meta name=\"twitter:label1\" content=\"\u00c9crit par\" \/>\n\t<meta name=\"twitter:data1\" content=\"AqME\" \/>\n\t<meta name=\"twitter:label2\" content=\"Dur\u00e9e de lecture estim\u00e9e\" \/>\n\t<meta name=\"twitter:data2\" content=\"7 minutes\" \/>\n<script type=\"application\/ld+json\" class=\"yoast-schema-graph\">{\"@context\":\"https:\/\/schema.org\",\"@graph\":[{\"@type\":\"Article\",\"@id\":\"https:\/\/www.lavisqteam.fr\/?p=2916#article\",\"isPartOf\":{\"@id\":\"https:\/\/www.lavisqteam.fr\/?p=2916\"},\"author\":{\"name\":\"AqME\",\"@id\":\"https:\/\/www.lavisqteam.fr\/#\/schema\/person\/da11d7c30bf135b288b17cc576708c2d\"},\"headline\":\"Le Bal des Vampires\",\"datePublished\":\"2013-06-23T18:27:11+00:00\",\"dateModified\":\"2022-02-13T10:56:39+00:00\",\"mainEntityOfPage\":{\"@id\":\"https:\/\/www.lavisqteam.fr\/?p=2916\"},\"wordCount\":1183,\"commentCount\":1,\"publisher\":{\"@id\":\"https:\/\/www.lavisqteam.fr\/#organization\"},\"articleSection\":[\"Cin\u00e9ma\"],\"inLanguage\":\"fr-FR\",\"potentialAction\":[{\"@type\":\"CommentAction\",\"name\":\"Comment\",\"target\":[\"https:\/\/www.lavisqteam.fr\/?p=2916#respond\"]}]},{\"@type\":\"WebPage\",\"@id\":\"https:\/\/www.lavisqteam.fr\/?p=2916\",\"url\":\"https:\/\/www.lavisqteam.fr\/?p=2916\",\"name\":\"Le Bal des Vampires - Lavisqteam.fr\",\"isPartOf\":{\"@id\":\"https:\/\/www.lavisqteam.fr\/#website\"},\"datePublished\":\"2013-06-23T18:27:11+00:00\",\"dateModified\":\"2022-02-13T10:56:39+00:00\",\"breadcrumb\":{\"@id\":\"https:\/\/www.lavisqteam.fr\/?p=2916#breadcrumb\"},\"inLanguage\":\"fr-FR\",\"potentialAction\":[{\"@type\":\"ReadAction\",\"target\":[\"https:\/\/www.lavisqteam.fr\/?p=2916\"]}]},{\"@type\":\"BreadcrumbList\",\"@id\":\"https:\/\/www.lavisqteam.fr\/?p=2916#breadcrumb\",\"itemListElement\":[{\"@type\":\"ListItem\",\"position\":1,\"name\":\"Accueil\",\"item\":\"https:\/\/www.lavisqteam.fr\/\"},{\"@type\":\"ListItem\",\"position\":2,\"name\":\"Le Bal des Vampires\"}]},{\"@type\":\"WebSite\",\"@id\":\"https:\/\/www.lavisqteam.fr\/#website\",\"url\":\"https:\/\/www.lavisqteam.fr\/\",\"name\":\"Lavisqteam.fr\",\"description\":\"\",\"publisher\":{\"@id\":\"https:\/\/www.lavisqteam.fr\/#organization\"},\"potentialAction\":[{\"@type\":\"SearchAction\",\"target\":{\"@type\":\"EntryPoint\",\"urlTemplate\":\"https:\/\/www.lavisqteam.fr\/?s={search_term_string}\"},\"query-input\":\"required name=search_term_string\"}],\"inLanguage\":\"fr-FR\"},{\"@type\":\"Organization\",\"@id\":\"https:\/\/www.lavisqteam.fr\/#organization\",\"name\":\"Lavisqteam.fr\",\"url\":\"https:\/\/www.lavisqteam.fr\/\",\"sameAs\":[],\"logo\":{\"@type\":\"ImageObject\",\"inLanguage\":\"fr-FR\",\"@id\":\"https:\/\/www.lavisqteam.fr\/#\/schema\/logo\/image\/\",\"url\":\"https:\/\/www.lavisqteam.fr\/wp-content\/uploads\/2020\/08\/cropped-80879545_3479261675449035_4078032831501041664_o-4.jpg\",\"contentUrl\":\"https:\/\/www.lavisqteam.fr\/wp-content\/uploads\/2020\/08\/cropped-80879545_3479261675449035_4078032831501041664_o-4.jpg\",\"width\":1674,\"height\":536,\"caption\":\"Lavisqteam.fr\"},\"image\":{\"@id\":\"https:\/\/www.lavisqteam.fr\/#\/schema\/logo\/image\/\"}},{\"@type\":\"Person\",\"@id\":\"https:\/\/www.lavisqteam.fr\/#\/schema\/person\/da11d7c30bf135b288b17cc576708c2d\",\"name\":\"AqME\",\"image\":{\"@type\":\"ImageObject\",\"inLanguage\":\"fr-FR\",\"@id\":\"https:\/\/www.lavisqteam.fr\/#\/schema\/person\/image\/\",\"url\":\"https:\/\/secure.gravatar.com\/avatar\/4a87d013fc854acd0f25858a13573675?s=96&d=mm&r=g\",\"contentUrl\":\"https:\/\/secure.gravatar.com\/avatar\/4a87d013fc854acd0f25858a13573675?s=96&d=mm&r=g\",\"caption\":\"AqME\"},\"description\":\"Amateur d'horreur, M\u00e9talleux dans l'\u00e2me, je succombe facilement \u00e0 des images de chatons.\",\"url\":\"https:\/\/www.lavisqteam.fr\/?author=1\"}]}<\/script>\n<!-- \/ Yoast SEO plugin. -->","yoast_head_json":{"title":"Le Bal des Vampires - Lavisqteam.fr","robots":{"index":"index","follow":"follow","max-snippet":"max-snippet:-1","max-image-preview":"max-image-preview:large","max-video-preview":"max-video-preview:-1"},"canonical":"https:\/\/www.lavisqteam.fr\/?p=2916","og_locale":"fr_FR","og_type":"article","og_title":"Le Bal des Vampires - Lavisqteam.fr","og_description":"Titre Original: The Fearless Vampire Killers De&nbsp;: Roman Polanski Avec Jack MacGowran, Sharon Tate, Roman Polanski, Alfie Bass, Ferdie Mayne, Terry Downes Ann\u00e9e: 1967 Pays: &hellip;","og_url":"https:\/\/www.lavisqteam.fr\/?p=2916","og_site_name":"Lavisqteam.fr","article_published_time":"2013-06-23T18:27:11+00:00","article_modified_time":"2022-02-13T10:56:39+00:00","og_image":[{"width":727,"height":395,"url":"https:\/\/www.lavisqteam.fr\/wp-content\/uploads\/2013\/06\/leba.jpg","type":"image\/jpeg"}],"author":"AqME","twitter_card":"summary_large_image","twitter_image":"https:\/\/www.lavisqteam.fr\/wp-content\/uploads\/2013\/06\/leba.jpg","twitter_misc":{"\u00c9crit par":"AqME","Dur\u00e9e de lecture estim\u00e9e":"7 minutes"},"schema":{"@context":"https:\/\/schema.org","@graph":[{"@type":"Article","@id":"https:\/\/www.lavisqteam.fr\/?p=2916#article","isPartOf":{"@id":"https:\/\/www.lavisqteam.fr\/?p=2916"},"author":{"name":"AqME","@id":"https:\/\/www.lavisqteam.fr\/#\/schema\/person\/da11d7c30bf135b288b17cc576708c2d"},"headline":"Le Bal des Vampires","datePublished":"2013-06-23T18:27:11+00:00","dateModified":"2022-02-13T10:56:39+00:00","mainEntityOfPage":{"@id":"https:\/\/www.lavisqteam.fr\/?p=2916"},"wordCount":1183,"commentCount":1,"publisher":{"@id":"https:\/\/www.lavisqteam.fr\/#organization"},"articleSection":["Cin\u00e9ma"],"inLanguage":"fr-FR","potentialAction":[{"@type":"CommentAction","name":"Comment","target":["https:\/\/www.lavisqteam.fr\/?p=2916#respond"]}]},{"@type":"WebPage","@id":"https:\/\/www.lavisqteam.fr\/?p=2916","url":"https:\/\/www.lavisqteam.fr\/?p=2916","name":"Le Bal des Vampires - Lavisqteam.fr","isPartOf":{"@id":"https:\/\/www.lavisqteam.fr\/#website"},"datePublished":"2013-06-23T18:27:11+00:00","dateModified":"2022-02-13T10:56:39+00:00","breadcrumb":{"@id":"https:\/\/www.lavisqteam.fr\/?p=2916#breadcrumb"},"inLanguage":"fr-FR","potentialAction":[{"@type":"ReadAction","target":["https:\/\/www.lavisqteam.fr\/?p=2916"]}]},{"@type":"BreadcrumbList","@id":"https:\/\/www.lavisqteam.fr\/?p=2916#breadcrumb","itemListElement":[{"@type":"ListItem","position":1,"name":"Accueil","item":"https:\/\/www.lavisqteam.fr\/"},{"@type":"ListItem","position":2,"name":"Le Bal des Vampires"}]},{"@type":"WebSite","@id":"https:\/\/www.lavisqteam.fr\/#website","url":"https:\/\/www.lavisqteam.fr\/","name":"Lavisqteam.fr","description":"","publisher":{"@id":"https:\/\/www.lavisqteam.fr\/#organization"},"potentialAction":[{"@type":"SearchAction","target":{"@type":"EntryPoint","urlTemplate":"https:\/\/www.lavisqteam.fr\/?s={search_term_string}"},"query-input":"required name=search_term_string"}],"inLanguage":"fr-FR"},{"@type":"Organization","@id":"https:\/\/www.lavisqteam.fr\/#organization","name":"Lavisqteam.fr","url":"https:\/\/www.lavisqteam.fr\/","sameAs":[],"logo":{"@type":"ImageObject","inLanguage":"fr-FR","@id":"https:\/\/www.lavisqteam.fr\/#\/schema\/logo\/image\/","url":"https:\/\/www.lavisqteam.fr\/wp-content\/uploads\/2020\/08\/cropped-80879545_3479261675449035_4078032831501041664_o-4.jpg","contentUrl":"https:\/\/www.lavisqteam.fr\/wp-content\/uploads\/2020\/08\/cropped-80879545_3479261675449035_4078032831501041664_o-4.jpg","width":1674,"height":536,"caption":"Lavisqteam.fr"},"image":{"@id":"https:\/\/www.lavisqteam.fr\/#\/schema\/logo\/image\/"}},{"@type":"Person","@id":"https:\/\/www.lavisqteam.fr\/#\/schema\/person\/da11d7c30bf135b288b17cc576708c2d","name":"AqME","image":{"@type":"ImageObject","inLanguage":"fr-FR","@id":"https:\/\/www.lavisqteam.fr\/#\/schema\/person\/image\/","url":"https:\/\/secure.gravatar.com\/avatar\/4a87d013fc854acd0f25858a13573675?s=96&d=mm&r=g","contentUrl":"https:\/\/secure.gravatar.com\/avatar\/4a87d013fc854acd0f25858a13573675?s=96&d=mm&r=g","caption":"AqME"},"description":"Amateur d'horreur, M\u00e9talleux dans l'\u00e2me, je succombe facilement \u00e0 des images de chatons.","url":"https:\/\/www.lavisqteam.fr\/?author=1"}]}},"jetpack_featured_media_url":"https:\/\/www.lavisqteam.fr\/wp-content\/uploads\/2013\/06\/leba.jpg","_links":{"self":[{"href":"https:\/\/www.lavisqteam.fr\/index.php?rest_route=\/wp\/v2\/posts\/2916"}],"collection":[{"href":"https:\/\/www.lavisqteam.fr\/index.php?rest_route=\/wp\/v2\/posts"}],"about":[{"href":"https:\/\/www.lavisqteam.fr\/index.php?rest_route=\/wp\/v2\/types\/post"}],"author":[{"embeddable":true,"href":"https:\/\/www.lavisqteam.fr\/index.php?rest_route=\/wp\/v2\/users\/1"}],"replies":[{"embeddable":true,"href":"https:\/\/www.lavisqteam.fr\/index.php?rest_route=%2Fwp%2Fv2%2Fcomments&post=2916"}],"version-history":[{"count":5,"href":"https:\/\/www.lavisqteam.fr\/index.php?rest_route=\/wp\/v2\/posts\/2916\/revisions"}],"predecessor-version":[{"id":62161,"href":"https:\/\/www.lavisqteam.fr\/index.php?rest_route=\/wp\/v2\/posts\/2916\/revisions\/62161"}],"wp:featuredmedia":[{"embeddable":true,"href":"https:\/\/www.lavisqteam.fr\/index.php?rest_route=\/wp\/v2\/media\/62160"}],"wp:attachment":[{"href":"https:\/\/www.lavisqteam.fr\/index.php?rest_route=%2Fwp%2Fv2%2Fmedia&parent=2916"}],"wp:term":[{"taxonomy":"category","embeddable":true,"href":"https:\/\/www.lavisqteam.fr\/index.php?rest_route=%2Fwp%2Fv2%2Fcategories&post=2916"},{"taxonomy":"post_tag","embeddable":true,"href":"https:\/\/www.lavisqteam.fr\/index.php?rest_route=%2Fwp%2Fv2%2Ftags&post=2916"}],"curies":[{"name":"wp","href":"https:\/\/api.w.org\/{rel}","templated":true}]}}