{"id":28487,"date":"2017-05-05T20:40:40","date_gmt":"2017-05-05T20:40:40","guid":{"rendered":"http:\/\/www.lavisqteam.fr\/?p=28487"},"modified":"2017-05-05T20:40:40","modified_gmt":"2017-05-05T20:40:40","slug":"la-colere-dun-homme-patient","status":"publish","type":"post","link":"https:\/\/www.lavisqteam.fr\/?p=28487","title":{"rendered":"La Col\u00e8re d&rsquo;un Homme Patient"},"content":{"rendered":"<p style=\"text-align: center;\"><a href=\"https:\/\/www.lavisqteam.fr\/wp-content\/uploads\/2017\/05\/18308626_1690687600944642_1562964708_n.jpg\"><img loading=\"lazy\" class=\"alignnone  wp-image-28488\" src=\"https:\/\/www.lavisqteam.fr\/wp-content\/uploads\/2017\/05\/18308626_1690687600944642_1562964708_n.jpg\" alt=\"\" width=\"600\" height=\"817\" srcset=\"https:\/\/www.lavisqteam.fr\/wp-content\/uploads\/2017\/05\/18308626_1690687600944642_1562964708_n.jpg 705w, https:\/\/www.lavisqteam.fr\/wp-content\/uploads\/2017\/05\/18308626_1690687600944642_1562964708_n-220x300.jpg 220w\" sizes=\"(max-width: 600px) 100vw, 600px\" \/><\/a><\/p>\n<p><strong>Titre Original\u00a0: <\/strong>Tarde Para la Ira<\/p>\n<p><strong>De\u00a0: <\/strong>Raul Arevalo<\/p>\n<p><strong>Avec <\/strong>Antonio de la Torre, Luis Callejo, Ruth Diaz, Raul Jimenez<\/p>\n<p><strong>Ann\u00e9e\u00a0: <\/strong>2017<\/p>\n<p><strong>Pays\u00a0: <\/strong>Espagne<\/p>\n<p><strong>Genre\u00a0: <\/strong>Thriller<\/p>\n<p><strong>R\u00e9sum\u00e9\u00a0:<\/strong><\/p>\n<p>Un homme attend huit ans pour se venger d&rsquo;un crime que tout le monde a oubli\u00e9.<\/p>\n<p><strong>Avis\u00a0:<\/strong><\/p>\n<p><em>Ra\u00fal Ar\u00e9valo<\/em> est un acteur qui est tr\u00e8s connu en Espagne, notamment pour ses r\u00f4les \u00e0 la t\u00e9l\u00e9vision. Pour le grand \u00e9cran, l&rsquo;acteur a aussi une tr\u00e8s belle carri\u00e8re et il a tourn\u00e9 pour les plus grands noms de son pays, <em>\u00c1lex de la Iglesia<\/em>, <em>Pedro Almodovar<\/em>, <em>Alberto Rodr\u00edguez<\/em> ou encore <em>Daniel S\u00e1nchez Ar\u00e9valo<\/em>. Comme beaucoup de com\u00e9diens, <em>Ra\u00fal Ar\u00e9valo<\/em> s&rsquo;est vu int\u00e9ress\u00e9 pour mettre en sc\u00e8ne ses propres films et il commence ici avec \u00ab\u00a0<strong>La col\u00e8re d&rsquo;un homme patient<\/strong>\u00ab\u00a0.<\/p>\n<p>Tr\u00e8s bien accueilli en Espagne, le film aux trois Goya, dont meilleur r\u00e9alisateur, meilleur nouveau r\u00e9alisateur, ainsi que celui du meilleur sc\u00e9nario, arrive enfin chez nous.<\/p>\n<p>\u00ab\u00a0<strong>La col\u00e8re d&rsquo;un homme patient<\/strong>\u00a0\u00bb m\u00e9rite-t-il les beaux \u00e9loges qu&rsquo;on lui a faits ? \u00ab\u00a0<strong>La col\u00e8re d&rsquo;un homme patient<\/strong>\u00a0\u00bb est-il la nouvelle bombe venue du cin\u00e9ma espagnol ? Va-t-on d\u00e9couvrir un nouveau r\u00e9alisateur digne d&rsquo;int\u00e9r\u00eat ? Et bien la r\u00e9ponse est un grand et magnifique oui !<\/p>\n<p>D\u00e9barquant avec un film qui se niche entre le drame, le thriller et le western moderne, <em>Ra\u00fal Ar\u00e9valo <\/em>nous offre surtout une profonde analyse de la souffrance d&rsquo;un homme. Une souffrance qui va amener un homme normal et sans histoire \u00e0 basculer dans la plus violente et impitoyable des vengeances et l&rsquo;on en ressort totalement conquis.<\/p>\n<p style=\"text-align: center;\"><a href=\"https:\/\/www.lavisqteam.fr\/wp-content\/uploads\/2017\/05\/18302335_1690687580944644_1609935485_n.jpg\"><img loading=\"lazy\" class=\"alignnone  wp-image-28490\" src=\"https:\/\/www.lavisqteam.fr\/wp-content\/uploads\/2017\/05\/18302335_1690687580944644_1609935485_n.jpg\" alt=\"\" width=\"600\" height=\"411\" srcset=\"https:\/\/www.lavisqteam.fr\/wp-content\/uploads\/2017\/05\/18302335_1690687580944644_1609935485_n.jpg 960w, https:\/\/www.lavisqteam.fr\/wp-content\/uploads\/2017\/05\/18302335_1690687580944644_1609935485_n-300x206.jpg 300w, https:\/\/www.lavisqteam.fr\/wp-content\/uploads\/2017\/05\/18302335_1690687580944644_1609935485_n-768x526.jpg 768w\" sizes=\"(max-width: 600px) 100vw, 600px\" \/><\/a><\/p>\n<p>La vie de Jos\u00e9 s&rsquo;est arr\u00eat\u00e9e il y a huit ans, quand sa fianc\u00e9e est morte dans ses bras, victime collat\u00e9rale d&rsquo;un braquage de la bijouterie dans laquelle elle travaillait. Depuis, Jos\u00e9 n&rsquo;est guid\u00e9 que par une seule envie, se venger. De ce braquage, un seul homme sur les quatre a \u00e9t\u00e9 arr\u00eat\u00e9 et condamn\u00e9. Cet homme s&rsquo;appelle Curro, et il n&rsquo;\u00e9tait que le chauffeur et il affirme ne pas conna\u00eetre les autres braqueurs. Lui avait \u00e9t\u00e9 engag\u00e9 \u00e0 la derni\u00e8re minute pour simplement conduire le v\u00e9hicule. Condamn\u00e9 \u00e0 huit ann\u00e9es de prison, Jos\u00e9 \u00e0 attendu patiemment sa sortie.<\/p>\n<p>\u00ab\u00a0<strong>La col\u00e8re d&rsquo;un homme patient<\/strong>\u00ab\u00a0, un titre \u00e9vocateur qui en dit d\u00e9j\u00e0 long sur la souffrance que le r\u00e9alisateur va mettre en images.<\/p>\n<p>Pour son premier film, <em>Ra\u00fal Ar\u00e9valo<\/em> nous emporte dans une intrigue douloureuse, aupr\u00e8s d&rsquo;un personnage quasiment mort, pour un film qui sera impr\u00e9visible, diff\u00e9rent de ce \u00e0 quoi l&rsquo;on s&rsquo;attend et parfaitement implacable.<\/p>\n<p>Tr\u00e8s bien tenu dans son rythme et son histoire, le jeune cin\u00e9aste nous offre un film tendu qui va n&rsquo;\u00eatre qu&rsquo;une mont\u00e9e en puissance. Si au d\u00e9part, son thriller s&rsquo;av\u00e8re assez classique, tr\u00e8s vite, \u00ab\u00a0<strong>La col\u00e8re d&rsquo;un homme patient<\/strong>\u00a0\u00bb va sortir des rangs habituels, pour nous pr\u00e9senter autre chose.<\/p>\n<p>Divis\u00e9 en deux grandes parties, marqu\u00e9 de plusieurs chapitres qui accentuent la col\u00e8re du personnage, on se laisse prendre avec beaucoup de curiosit\u00e9s et d&rsquo;int\u00e9r\u00eat par ce film. <em>Ra\u00fal Ar\u00e9valo <\/em>nous pr\u00e9sente bien son personnage, son histoire et ceux qui l&rsquo;entourent. Le portrait est aussi profond que son histoire est dure. Sans vie ou presque, guid\u00e9 par un seul sentiment, on est touch\u00e9 par la non-\u00e9motion qui se tire de ce personnage. Le sc\u00e9nario tient parfaitement la route et sait se rendre surprenant, de par la direction que prend son histoire, de par la mont\u00e9e de sa violence qui en sera touchante et compr\u00e9hensible, alors m\u00eame qu&rsquo;elle est interdite. Car oui, c&rsquo;est bien une vengeance qu&rsquo;on va suivre et au fur et \u00e0 mesure que le film avance, <em>Ra\u00fal Ar\u00e9valo <\/em>va transformer cet homme sans vie en un meurtrier sans \u00e9tat d&rsquo;\u00e2me. Un meurtrier dont finalement, \u00e0 la fin, on ne sait si sa vengeance lui aura permis ou non de se sentir mieux.<\/p>\n<p><em>Ra\u00fal Ar\u00e9valo<\/em> ne nous m\u00e2che pas le travail, et l&rsquo;on quitte son film en se faisant son propre avis, sur son, ou plut\u00f4t, ses personnages. Ici, il n&rsquo;est pas question de donner un jugement sur ces hommes, le r\u00e9alisateur nous pr\u00e9sente une histoire, un drame, une souffrance, il analyse un processus qui va conduire un homme ordinaire \u00e0 l&rsquo;extraordinaire. Il nous pr\u00e9sente ainsi une vengeance froide, violente, impitoyable et nous laisse sur un regard. \u00c0 vous d&rsquo;en conclure avec ce que vous avez ressenti. Et c&rsquo;est en ne le jugeant \u00e0 aucun moment, c&rsquo;est en nous le pr\u00e9sentant avec ce qu&rsquo;il a de bon, de beau, de mauvais et de violent que <em>Ra\u00fal Ar\u00e9valo<\/em> nous touche. Et c&rsquo;est son impartialit\u00e9 qui fait le gros point fort de son film.<\/p>\n<p>\u00ab\u00a0<strong>La col\u00e8re d&rsquo;un homme patient<\/strong>\u00a0\u00bb est donc un film qui r\u00e9ussit parfaitement dans son \u00e9criture, mais c&rsquo;est aussi un film qui va r\u00e9ussir dans sa mise en sc\u00e8ne. Film \u00e2pre, aust\u00e8re, et parfaitement implacable, <em>Ra\u00fal Ar\u00e9valo<\/em> filme cette vengeance comme un western moderne. Jouant avec les codes, c&rsquo;est peu \u00e0 peu que le r\u00e9alisateur nous sort des villes pour aller \u00e0 la rencontre d&rsquo;une Espagne br\u00fbl\u00e9e par le soleil et la chaleur. Une Espagne fascinante qui apporte une ambiance et un d\u00e9cor parfait pour le drame qui va se jouer.<\/p>\n<p>Si au d\u00e9part, \u00ab\u00a0<strong>La col\u00e8re d&rsquo;un homme patient<\/strong>\u00a0\u00bb a tout d&rsquo;un thriller presque convenu, tant on l&rsquo;a d\u00e9j\u00e0 vu, le r\u00e9alisateur va nous surprendre en osant autre chose, en s&rsquo;aventurant plus loin que d&rsquo;accoutum\u00e9e et rien que pour \u00e7a, en plus de son histoire, \u00ab\u00a0<strong>La col\u00e8re d&rsquo;un homme patient<\/strong>\u00a0\u00bb m\u00e9rite qu&rsquo;on s&rsquo;y arr\u00eate.<\/p>\n<p>Pour incarner cette col\u00e8re, cette rage patiente et calme en m\u00eame temps, il fallait un acteur puissant de charisme. Un acteur qui sache tenir en pression, en suspens et en \u00e9motion par un simple regard et <em>Ra\u00fal Ar\u00e9valo<\/em> l\u2019a trouv\u00e9 en son pote <em>Antonio de la Torre<\/em> avec qui il a d\u00e9j\u00e0 travaill\u00e9 plusieurs fois, et franchement, le choix parait \u00e9vident tant l&rsquo;acteur nous offre le meilleur et le plus touchant. Face \u00e0 lui, et pour l&rsquo;accompagner dans sa vengeance meurtri\u00e8re et ma\u00eetris\u00e9e, on trouvera l&rsquo;inqui\u00e9tant et pourtant tout aussi touchant <em>Luis Callejo<\/em>.<\/p>\n<p style=\"text-align: center;\"><a href=\"https:\/\/www.lavisqteam.fr\/wp-content\/uploads\/2017\/05\/18362027_1690687587611310_450403503_o.jpg\"><img loading=\"lazy\" class=\"alignnone size-large wp-image-28489\" src=\"https:\/\/www.lavisqteam.fr\/wp-content\/uploads\/2017\/05\/18362027_1690687587611310_450403503_o-1024x512.jpg\" alt=\"\" width=\"600\" height=\"300\" srcset=\"https:\/\/www.lavisqteam.fr\/wp-content\/uploads\/2017\/05\/18362027_1690687587611310_450403503_o-1024x512.jpg 1024w, https:\/\/www.lavisqteam.fr\/wp-content\/uploads\/2017\/05\/18362027_1690687587611310_450403503_o-300x150.jpg 300w, https:\/\/www.lavisqteam.fr\/wp-content\/uploads\/2017\/05\/18362027_1690687587611310_450403503_o-768x384.jpg 768w, https:\/\/www.lavisqteam.fr\/wp-content\/uploads\/2017\/05\/18362027_1690687587611310_450403503_o.jpg 1600w\" sizes=\"(max-width: 600px) 100vw, 600px\" \/><\/a><\/p>\n<p>\u00ab\u00a0<strong>La col\u00e8re d&rsquo;un homme patient<\/strong>\u00a0\u00bb est donc un excellent film, aussi rude que passionnant et touchant. Pour son premier film, <em>Ra\u00fal Ar\u00e9valo<\/em> prend des risques, ose s&rsquo;aventurer autre part, joue avec les ambiances et les styles et nous offre au final, un grand film sur la souffrance, et comment celle-ci peut transformer un homme bien en un tueur impitoyable.<\/p>\n<p><strong>Note\u00a0: 16\/20<\/strong><\/p>\n<p style=\"text-align: center;\">[youtube]https:\/\/www.youtube.com\/watch?v=mNfg0oG1dZg[\/youtube]<\/p>\n<p style=\"text-align: right;\">Par <strong>Cin\u00e9ted<\/strong><\/p>\n","protected":false},"excerpt":{"rendered":"<p>Titre Original\u00a0: Tarde Para la Ira De\u00a0: Raul Arevalo Avec Antonio de la Torre, Luis Callejo, Ruth Diaz, Raul Jimenez Ann\u00e9e\u00a0: 2017 Pays\u00a0: Espagne Genre\u00a0: &hellip; <\/p>\n","protected":false},"author":1,"featured_media":0,"comment_status":"open","ping_status":"open","sticky":false,"template":"","format":"standard","meta":[],"categories":[7],"tags":[],"yoast_head":"<!-- This site is optimized with the Yoast SEO plugin v19.6.1 - https:\/\/yoast.com\/wordpress\/plugins\/seo\/ -->\n<title>La Col\u00e8re d&#039;un Homme Patient - Lavisqteam.fr<\/title>\n<meta name=\"robots\" content=\"index, follow, max-snippet:-1, max-image-preview:large, max-video-preview:-1\" \/>\n<link rel=\"canonical\" href=\"https:\/\/www.lavisqteam.fr\/?p=28487\" \/>\n<meta property=\"og:locale\" content=\"fr_FR\" \/>\n<meta property=\"og:type\" content=\"article\" \/>\n<meta property=\"og:title\" content=\"La Col\u00e8re d&#039;un Homme Patient - Lavisqteam.fr\" \/>\n<meta property=\"og:description\" content=\"Titre Original\u00a0: Tarde Para la Ira De\u00a0: Raul Arevalo Avec Antonio de la Torre, Luis Callejo, Ruth Diaz, Raul Jimenez Ann\u00e9e\u00a0: 2017 Pays\u00a0: Espagne Genre\u00a0: &hellip;\" \/>\n<meta property=\"og:url\" content=\"https:\/\/www.lavisqteam.fr\/?p=28487\" \/>\n<meta property=\"og:site_name\" content=\"Lavisqteam.fr\" \/>\n<meta property=\"article:published_time\" content=\"2017-05-05T20:40:40+00:00\" \/>\n<meta property=\"og:image\" content=\"http:\/\/www.lavisqteam.fr\/wp-content\/uploads\/2017\/05\/18308626_1690687600944642_1562964708_n.jpg\" \/>\n<meta name=\"author\" content=\"AqME\" \/>\n<meta name=\"twitter:card\" content=\"summary_large_image\" \/>\n<meta name=\"twitter:label1\" content=\"\u00c9crit par\" \/>\n\t<meta name=\"twitter:data1\" content=\"AqME\" \/>\n\t<meta name=\"twitter:label2\" content=\"Dur\u00e9e de lecture estim\u00e9e\" \/>\n\t<meta name=\"twitter:data2\" content=\"6 minutes\" \/>\n<script type=\"application\/ld+json\" class=\"yoast-schema-graph\">{\"@context\":\"https:\/\/schema.org\",\"@graph\":[{\"@type\":\"Article\",\"@id\":\"https:\/\/www.lavisqteam.fr\/?p=28487#article\",\"isPartOf\":{\"@id\":\"https:\/\/www.lavisqteam.fr\/?p=28487\"},\"author\":{\"name\":\"AqME\",\"@id\":\"https:\/\/www.lavisqteam.fr\/#\/schema\/person\/da11d7c30bf135b288b17cc576708c2d\"},\"headline\":\"La Col\u00e8re d&rsquo;un Homme Patient\",\"datePublished\":\"2017-05-05T20:40:40+00:00\",\"dateModified\":\"2017-05-05T20:40:40+00:00\",\"mainEntityOfPage\":{\"@id\":\"https:\/\/www.lavisqteam.fr\/?p=28487\"},\"wordCount\":1166,\"commentCount\":0,\"publisher\":{\"@id\":\"https:\/\/www.lavisqteam.fr\/#organization\"},\"articleSection\":[\"Cin\u00e9ma\"],\"inLanguage\":\"fr-FR\",\"potentialAction\":[{\"@type\":\"CommentAction\",\"name\":\"Comment\",\"target\":[\"https:\/\/www.lavisqteam.fr\/?p=28487#respond\"]}]},{\"@type\":\"WebPage\",\"@id\":\"https:\/\/www.lavisqteam.fr\/?p=28487\",\"url\":\"https:\/\/www.lavisqteam.fr\/?p=28487\",\"name\":\"La Col\u00e8re d'un Homme Patient - Lavisqteam.fr\",\"isPartOf\":{\"@id\":\"https:\/\/www.lavisqteam.fr\/#website\"},\"datePublished\":\"2017-05-05T20:40:40+00:00\",\"dateModified\":\"2017-05-05T20:40:40+00:00\",\"breadcrumb\":{\"@id\":\"https:\/\/www.lavisqteam.fr\/?p=28487#breadcrumb\"},\"inLanguage\":\"fr-FR\",\"potentialAction\":[{\"@type\":\"ReadAction\",\"target\":[\"https:\/\/www.lavisqteam.fr\/?p=28487\"]}]},{\"@type\":\"BreadcrumbList\",\"@id\":\"https:\/\/www.lavisqteam.fr\/?p=28487#breadcrumb\",\"itemListElement\":[{\"@type\":\"ListItem\",\"position\":1,\"name\":\"Accueil\",\"item\":\"https:\/\/www.lavisqteam.fr\/\"},{\"@type\":\"ListItem\",\"position\":2,\"name\":\"La Col\u00e8re d&rsquo;un Homme Patient\"}]},{\"@type\":\"WebSite\",\"@id\":\"https:\/\/www.lavisqteam.fr\/#website\",\"url\":\"https:\/\/www.lavisqteam.fr\/\",\"name\":\"Lavisqteam.fr\",\"description\":\"\",\"publisher\":{\"@id\":\"https:\/\/www.lavisqteam.fr\/#organization\"},\"potentialAction\":[{\"@type\":\"SearchAction\",\"target\":{\"@type\":\"EntryPoint\",\"urlTemplate\":\"https:\/\/www.lavisqteam.fr\/?s={search_term_string}\"},\"query-input\":\"required name=search_term_string\"}],\"inLanguage\":\"fr-FR\"},{\"@type\":\"Organization\",\"@id\":\"https:\/\/www.lavisqteam.fr\/#organization\",\"name\":\"Lavisqteam.fr\",\"url\":\"https:\/\/www.lavisqteam.fr\/\",\"sameAs\":[],\"logo\":{\"@type\":\"ImageObject\",\"inLanguage\":\"fr-FR\",\"@id\":\"https:\/\/www.lavisqteam.fr\/#\/schema\/logo\/image\/\",\"url\":\"https:\/\/www.lavisqteam.fr\/wp-content\/uploads\/2020\/08\/cropped-80879545_3479261675449035_4078032831501041664_o-4.jpg\",\"contentUrl\":\"https:\/\/www.lavisqteam.fr\/wp-content\/uploads\/2020\/08\/cropped-80879545_3479261675449035_4078032831501041664_o-4.jpg\",\"width\":1674,\"height\":536,\"caption\":\"Lavisqteam.fr\"},\"image\":{\"@id\":\"https:\/\/www.lavisqteam.fr\/#\/schema\/logo\/image\/\"}},{\"@type\":\"Person\",\"@id\":\"https:\/\/www.lavisqteam.fr\/#\/schema\/person\/da11d7c30bf135b288b17cc576708c2d\",\"name\":\"AqME\",\"image\":{\"@type\":\"ImageObject\",\"inLanguage\":\"fr-FR\",\"@id\":\"https:\/\/www.lavisqteam.fr\/#\/schema\/person\/image\/\",\"url\":\"https:\/\/secure.gravatar.com\/avatar\/4a87d013fc854acd0f25858a13573675?s=96&d=mm&r=g\",\"contentUrl\":\"https:\/\/secure.gravatar.com\/avatar\/4a87d013fc854acd0f25858a13573675?s=96&d=mm&r=g\",\"caption\":\"AqME\"},\"description\":\"Amateur d'horreur, M\u00e9talleux dans l'\u00e2me, je succombe facilement \u00e0 des images de chatons.\",\"url\":\"https:\/\/www.lavisqteam.fr\/?author=1\"}]}<\/script>\n<!-- \/ Yoast SEO plugin. -->","yoast_head_json":{"title":"La Col\u00e8re d'un Homme Patient - Lavisqteam.fr","robots":{"index":"index","follow":"follow","max-snippet":"max-snippet:-1","max-image-preview":"max-image-preview:large","max-video-preview":"max-video-preview:-1"},"canonical":"https:\/\/www.lavisqteam.fr\/?p=28487","og_locale":"fr_FR","og_type":"article","og_title":"La Col\u00e8re d'un Homme Patient - Lavisqteam.fr","og_description":"Titre Original\u00a0: Tarde Para la Ira De\u00a0: Raul Arevalo Avec Antonio de la Torre, Luis Callejo, Ruth Diaz, Raul Jimenez Ann\u00e9e\u00a0: 2017 Pays\u00a0: Espagne Genre\u00a0: &hellip;","og_url":"https:\/\/www.lavisqteam.fr\/?p=28487","og_site_name":"Lavisqteam.fr","article_published_time":"2017-05-05T20:40:40+00:00","og_image":[{"url":"http:\/\/www.lavisqteam.fr\/wp-content\/uploads\/2017\/05\/18308626_1690687600944642_1562964708_n.jpg"}],"author":"AqME","twitter_card":"summary_large_image","twitter_misc":{"\u00c9crit par":"AqME","Dur\u00e9e de lecture estim\u00e9e":"6 minutes"},"schema":{"@context":"https:\/\/schema.org","@graph":[{"@type":"Article","@id":"https:\/\/www.lavisqteam.fr\/?p=28487#article","isPartOf":{"@id":"https:\/\/www.lavisqteam.fr\/?p=28487"},"author":{"name":"AqME","@id":"https:\/\/www.lavisqteam.fr\/#\/schema\/person\/da11d7c30bf135b288b17cc576708c2d"},"headline":"La Col\u00e8re d&rsquo;un Homme Patient","datePublished":"2017-05-05T20:40:40+00:00","dateModified":"2017-05-05T20:40:40+00:00","mainEntityOfPage":{"@id":"https:\/\/www.lavisqteam.fr\/?p=28487"},"wordCount":1166,"commentCount":0,"publisher":{"@id":"https:\/\/www.lavisqteam.fr\/#organization"},"articleSection":["Cin\u00e9ma"],"inLanguage":"fr-FR","potentialAction":[{"@type":"CommentAction","name":"Comment","target":["https:\/\/www.lavisqteam.fr\/?p=28487#respond"]}]},{"@type":"WebPage","@id":"https:\/\/www.lavisqteam.fr\/?p=28487","url":"https:\/\/www.lavisqteam.fr\/?p=28487","name":"La Col\u00e8re d'un Homme Patient - Lavisqteam.fr","isPartOf":{"@id":"https:\/\/www.lavisqteam.fr\/#website"},"datePublished":"2017-05-05T20:40:40+00:00","dateModified":"2017-05-05T20:40:40+00:00","breadcrumb":{"@id":"https:\/\/www.lavisqteam.fr\/?p=28487#breadcrumb"},"inLanguage":"fr-FR","potentialAction":[{"@type":"ReadAction","target":["https:\/\/www.lavisqteam.fr\/?p=28487"]}]},{"@type":"BreadcrumbList","@id":"https:\/\/www.lavisqteam.fr\/?p=28487#breadcrumb","itemListElement":[{"@type":"ListItem","position":1,"name":"Accueil","item":"https:\/\/www.lavisqteam.fr\/"},{"@type":"ListItem","position":2,"name":"La Col\u00e8re d&rsquo;un Homme Patient"}]},{"@type":"WebSite","@id":"https:\/\/www.lavisqteam.fr\/#website","url":"https:\/\/www.lavisqteam.fr\/","name":"Lavisqteam.fr","description":"","publisher":{"@id":"https:\/\/www.lavisqteam.fr\/#organization"},"potentialAction":[{"@type":"SearchAction","target":{"@type":"EntryPoint","urlTemplate":"https:\/\/www.lavisqteam.fr\/?s={search_term_string}"},"query-input":"required name=search_term_string"}],"inLanguage":"fr-FR"},{"@type":"Organization","@id":"https:\/\/www.lavisqteam.fr\/#organization","name":"Lavisqteam.fr","url":"https:\/\/www.lavisqteam.fr\/","sameAs":[],"logo":{"@type":"ImageObject","inLanguage":"fr-FR","@id":"https:\/\/www.lavisqteam.fr\/#\/schema\/logo\/image\/","url":"https:\/\/www.lavisqteam.fr\/wp-content\/uploads\/2020\/08\/cropped-80879545_3479261675449035_4078032831501041664_o-4.jpg","contentUrl":"https:\/\/www.lavisqteam.fr\/wp-content\/uploads\/2020\/08\/cropped-80879545_3479261675449035_4078032831501041664_o-4.jpg","width":1674,"height":536,"caption":"Lavisqteam.fr"},"image":{"@id":"https:\/\/www.lavisqteam.fr\/#\/schema\/logo\/image\/"}},{"@type":"Person","@id":"https:\/\/www.lavisqteam.fr\/#\/schema\/person\/da11d7c30bf135b288b17cc576708c2d","name":"AqME","image":{"@type":"ImageObject","inLanguage":"fr-FR","@id":"https:\/\/www.lavisqteam.fr\/#\/schema\/person\/image\/","url":"https:\/\/secure.gravatar.com\/avatar\/4a87d013fc854acd0f25858a13573675?s=96&d=mm&r=g","contentUrl":"https:\/\/secure.gravatar.com\/avatar\/4a87d013fc854acd0f25858a13573675?s=96&d=mm&r=g","caption":"AqME"},"description":"Amateur d'horreur, M\u00e9talleux dans l'\u00e2me, je succombe facilement \u00e0 des images de chatons.","url":"https:\/\/www.lavisqteam.fr\/?author=1"}]}},"jetpack_featured_media_url":"","_links":{"self":[{"href":"https:\/\/www.lavisqteam.fr\/index.php?rest_route=\/wp\/v2\/posts\/28487"}],"collection":[{"href":"https:\/\/www.lavisqteam.fr\/index.php?rest_route=\/wp\/v2\/posts"}],"about":[{"href":"https:\/\/www.lavisqteam.fr\/index.php?rest_route=\/wp\/v2\/types\/post"}],"author":[{"embeddable":true,"href":"https:\/\/www.lavisqteam.fr\/index.php?rest_route=\/wp\/v2\/users\/1"}],"replies":[{"embeddable":true,"href":"https:\/\/www.lavisqteam.fr\/index.php?rest_route=%2Fwp%2Fv2%2Fcomments&post=28487"}],"version-history":[{"count":1,"href":"https:\/\/www.lavisqteam.fr\/index.php?rest_route=\/wp\/v2\/posts\/28487\/revisions"}],"predecessor-version":[{"id":28491,"href":"https:\/\/www.lavisqteam.fr\/index.php?rest_route=\/wp\/v2\/posts\/28487\/revisions\/28491"}],"wp:attachment":[{"href":"https:\/\/www.lavisqteam.fr\/index.php?rest_route=%2Fwp%2Fv2%2Fmedia&parent=28487"}],"wp:term":[{"taxonomy":"category","embeddable":true,"href":"https:\/\/www.lavisqteam.fr\/index.php?rest_route=%2Fwp%2Fv2%2Fcategories&post=28487"},{"taxonomy":"post_tag","embeddable":true,"href":"https:\/\/www.lavisqteam.fr\/index.php?rest_route=%2Fwp%2Fv2%2Ftags&post=28487"}],"curies":[{"name":"wp","href":"https:\/\/api.w.org\/{rel}","templated":true}]}}