{"id":23209,"date":"2016-10-18T16:08:32","date_gmt":"2016-10-18T16:08:32","guid":{"rendered":"http:\/\/www.lavisqteam.fr\/?p=23209"},"modified":"2016-10-18T16:24:42","modified_gmt":"2016-10-18T16:24:42","slug":"la-face-cachee-de-la-lune","status":"publish","type":"post","link":"https:\/\/www.lavisqteam.fr\/?p=23209","title":{"rendered":"La Face Cach\u00e9e de la Lune"},"content":{"rendered":"<p style=\"text-align: center;\"><a href=\"https:\/\/www.lavisqteam.fr\/wp-content\/uploads\/2016\/10\/14694640_1447301158616622_1366276720_n.jpg\"><img loading=\"lazy\" class=\"alignnone wp-image-23210\" src=\"https:\/\/www.lavisqteam.fr\/wp-content\/uploads\/2016\/10\/14694640_1447301158616622_1366276720_n.jpg\" alt=\"14694640_1447301158616622_1366276720_n\" width=\"600\" height=\"850\" srcset=\"https:\/\/www.lavisqteam.fr\/wp-content\/uploads\/2016\/10\/14694640_1447301158616622_1366276720_n.jpg 678w, https:\/\/www.lavisqteam.fr\/wp-content\/uploads\/2016\/10\/14694640_1447301158616622_1366276720_n-212x300.jpg 212w\" sizes=\"(max-width: 600px) 100vw, 600px\" \/><\/a><\/p>\n<p><strong>Titre Original: <\/strong>Die Dunkle Seite des Mondes<\/p>\n<p><strong>De\u00a0: <\/strong>Stephan Rick<\/p>\n<p><strong>Avec <\/strong>J\u00fcrgen Prochnow, Moritz Bleibtreu, Nora Von Waldst\u00e4tten, Andr\u00e9 Hennicke<\/p>\n<p><strong>Ann\u00e9e: <\/strong>2015<\/p>\n<p><strong>Pays: <\/strong>Allemagne<\/p>\n<p><strong>Genre: <\/strong>Thriller<\/p>\n<p><strong>R\u00e9sum\u00e9:<\/strong><\/p>\n<p>Un trip \u00e0 cause d\u2019un champignon hallucinog\u00e8ne transforme un avocat c\u00e9l\u00e8bre en homme recherch\u00e9.<\/p>\n<p><strong>Avis\u00a0:<\/strong><\/p>\n<p>Apr\u00e8s avoir tra\u00een\u00e9 sa cam\u00e9ra de courts-m\u00e9trages en \u00e9pisodes de s\u00e9ries t\u00e9l\u00e9, l&rsquo;allemand <em>Stephan Rick<\/em> a fini par trouver la voie du long-m\u00e9trage pour un thriller appel\u00e9 \u00ab\u00a0<strong>Secret meurtrier<\/strong>\u00ab\u00a0, un film qui est sorti en 2011 en Allemagne et en 2014 directement en DVD chez nous.<\/p>\n<p>\u00ab\u00a0<strong>La face cach\u00e9e de la lune<\/strong>\u00a0\u00bb est le deuxi\u00e8me long m\u00e9trage de <em>Stephan Rick<\/em>. Toujours dans le sombre et le meurtrier, <em>Stephan Rick<\/em> livre un film impr\u00e9visible, au synopsis fou, mais qui s&rsquo;av\u00e8re bien plus complexe qu&rsquo;il n&rsquo;en a l&rsquo;air quand on creuse. Emport\u00e9 par une mise en sc\u00e8ne prenante, des acteurs surprenants, cette plong\u00e9e en enfer dans les tr\u00e9fonds de l&rsquo;\u00e2me humaine est une tr\u00e8s belle r\u00e9ussite qui n&rsquo;est pas pr\u00eate de l\u00e2cher vos esprits. On ressort tendu et marqu\u00e9 !<\/p>\n<p style=\"text-align: center;\"><a href=\"https:\/\/www.lavisqteam.fr\/wp-content\/uploads\/2016\/10\/14689098_1447301758616562_758503508_o.jpg\"><img loading=\"lazy\" class=\"alignnone size-large wp-image-23212\" src=\"https:\/\/www.lavisqteam.fr\/wp-content\/uploads\/2016\/10\/14689098_1447301758616562_758503508_o-1024x527.jpg\" alt=\"14689098_1447301758616562_758503508_o\" width=\"600\" height=\"309\" srcset=\"https:\/\/www.lavisqteam.fr\/wp-content\/uploads\/2016\/10\/14689098_1447301758616562_758503508_o-1024x527.jpg 1024w, https:\/\/www.lavisqteam.fr\/wp-content\/uploads\/2016\/10\/14689098_1447301758616562_758503508_o-300x154.jpg 300w, https:\/\/www.lavisqteam.fr\/wp-content\/uploads\/2016\/10\/14689098_1447301758616562_758503508_o-768x395.jpg 768w, https:\/\/www.lavisqteam.fr\/wp-content\/uploads\/2016\/10\/14689098_1447301758616562_758503508_o-250x130.jpg 250w, https:\/\/www.lavisqteam.fr\/wp-content\/uploads\/2016\/10\/14689098_1447301758616562_758503508_o.jpg 2048w\" sizes=\"(max-width: 600px) 100vw, 600px\" \/><\/a><\/p>\n<p>Urs Blank est un avocat d&rsquo;affaire sp\u00e9cialis\u00e9 dans la fusion d&rsquo;entreprises. Ultra renomm\u00e9, millionnaire et mari\u00e9 \u00e0 une femme splendide, tout r\u00e9ussit \u00e0 Urs. Dans ce parcours incroyable qui est le sien, il vient de r\u00e9ussir l&rsquo;une des plus grosses affaires de son cabinet. Mais la joie ressentie va \u00eatre de tr\u00e8s courte dur\u00e9e, car le client du partie adverse qu&rsquo;il vient de ruiner se suicide dans son bureau. Ce suicide bouscule Urs et le remet en question. Et c&rsquo;est dans cette remise en question qu&rsquo;il fait la connaissance de Lucille, une jeune femme \u00e0 tendance hippie, qui mange la vie \u00e0 pleines dents. Lucille a de la tendresse pour Urs et l&rsquo;entra\u00eene dans son monde. Par une fin d&rsquo;apr\u00e8s-midi, Lucille emm\u00e8ne Urs faire une nouvelle exp\u00e9rience. Ensemble, ils vont prendre des champignons hallucinog\u00e8nes. Mais l&rsquo;exp\u00e9rience va tourner au drame, Urs se laissant entra\u00eener dans un bad trip et \u00e0 son r\u00e9veil, il va alors constater des changements dans ses humeurs.<\/p>\n<p>Envie de quelque chose de surprenant et d&rsquo;impr\u00e9visible, tout en apportant une bonne r\u00e9flexion sur les d\u00e9mons int\u00e9rieurs et la culpabilit\u00e9, alors ne cherchez plus, \u00ab\u00a0<strong>La face cach\u00e9e de la Lune<\/strong>\u00a0\u00bb est le produit rare que vous cherchiez. Adapt\u00e9 d&rsquo;un roman de l&rsquo;\u00e9crivain suisse <em>Martin Suter<\/em>, <em>Stephan Rick<\/em> livre l\u00e0 un petit choc.<\/p>\n<p>Ce qui est g\u00e9nial avec \u00ab\u00a0<strong>La face cach\u00e9e de la Lune<\/strong>\u00ab\u00a0, c&rsquo;est tous les niveaux de lecture que le film peut apporter, si bien qu&rsquo;en se concentrant sur telle ou telle chose, le deuxi\u00e8me film de <em>Stephan Rick<\/em> peut apporter un tout autre film. Quand certains y verront un thriller parano\u00efaque, d&rsquo;autres peuvent y voir un grand film sur la culpabilit\u00e9 et ce que le subconscient peut prendre comme pr\u00e9texte pour masquer quelque chose de plus profond. Le sc\u00e9nario est prenant et intelligent. Avec ce film, <em>Stephan Rick<\/em> sonde aussi bien l&rsquo;\u00e2me humaine qu&rsquo;il s&rsquo;aventure dans une critique du syst\u00e8me europ\u00e9en et plus largement du capitalisme. Faisant s&rsquo;opposer par exemple Urs millionnaire pi\u00e9g\u00e9 dans une vie qu&rsquo;il croit parfaite \u00e0 Lucille, jeune, simple, libre et pleine de vie. Le film aborde la fusion d&rsquo;entreprises et les magouilles que ces fusions peuvent cacher. Bien entendu, le r\u00e9alisateur ne fait pas une g\u00e9n\u00e9ralit\u00e9 de toutes ces magouilles, mais son choix, au vu des diff\u00e9rentes actualit\u00e9s europ\u00e9ennes de ces derni\u00e8res ann\u00e9es, n&rsquo;est pas anodin non plus. Le sc\u00e9nario s&rsquo;aventure aussi bien s\u00fbr le point de vue des drogues et pose de bonnes questions sur leur dangerosit\u00e9 ou non, car comme je le disais, le film a plusieurs niveaux de lecture, donc, c&rsquo;est aussi un film qui peut \u00eatre libre d&rsquo;interpr\u00e9tation, ce qui est tr\u00e8s bien. <em>Stephan Rick<\/em> ne nous livre pas les clefs en main et il sera certain que chacun des visionnages ne sera pas le m\u00eame.<\/p>\n<p>Le film est aussi accompagn\u00e9 par une mise en sc\u00e8ne bluffante, bourr\u00e9 d&rsquo;images et de sc\u00e8nes marquantes. Une mise en sc\u00e8ne qui atteint tous les objectifs qu&rsquo;elle entreprend. Film d&rsquo;affaires, film romantique, m\u00e9ga trip peupl\u00e9 de sous-entendus et de sc\u00e8nes hallucin\u00e9es. Le film ira m\u00eame chercher du c\u00f4t\u00e9 du film de frayeur, livrant des sc\u00e8nes terriblement tendues qui sont \u00e0 la limite de l&rsquo;agacement, d\u00e9veloppant un suspense insoutenable. La mise en sc\u00e8ne est aussi gracieuse, avec \u00e9norm\u00e9ment de sous-entendus et de m\u00e9taphores qui seront autant de plaisirs \u00e0 d\u00e9couvrir. L\u00e0 encore, le film peut changer selon les visionnages. Bref, aussi bien sc\u00e9naristiquement que visuellement, on prend un sacr\u00e9 pied devant.<\/p>\n<p>\u00ab\u00a0<strong>La face cach\u00e9e de la Lune<\/strong>\u00ab\u00a0, c&rsquo;est aussi un casting de luxe tenu par trois acteurs incontournables du cin\u00e9ma allemand. Premi\u00e8rement, on y trouve l&rsquo;excellent <em>Moritz Bleibtreu<\/em> qui nous entra\u00eene dans sa vertigineuse descente en enfer. L&rsquo;acteur tient encore une fois un r\u00f4le \u00e0 sa mesure et le combat qu&rsquo;il tient face au culte <em>J\u00fcrgen Prochnow<\/em> (flippant dans ce r\u00f4le) est prenant. Puis au milieu de ces deux hommes, il y a la belle <em>Nora Von Waldst\u00e4tten<\/em>, qui est une sorte de rayon de soleil, dans cette atmosph\u00e8re lugubre et parfois terrifiant.<\/p>\n<p style=\"text-align: center;\"><a href=\"https:\/\/www.lavisqteam.fr\/wp-content\/uploads\/2016\/10\/14725228_1447301651949906_1950937322_o.jpg\"><img loading=\"lazy\" class=\"alignnone size-large wp-image-23211\" src=\"https:\/\/www.lavisqteam.fr\/wp-content\/uploads\/2016\/10\/14725228_1447301651949906_1950937322_o-1024x539.jpg\" alt=\"14725228_1447301651949906_1950937322_o\" width=\"600\" height=\"316\" srcset=\"https:\/\/www.lavisqteam.fr\/wp-content\/uploads\/2016\/10\/14725228_1447301651949906_1950937322_o-1024x539.jpg 1024w, https:\/\/www.lavisqteam.fr\/wp-content\/uploads\/2016\/10\/14725228_1447301651949906_1950937322_o-300x158.jpg 300w, https:\/\/www.lavisqteam.fr\/wp-content\/uploads\/2016\/10\/14725228_1447301651949906_1950937322_o-768x404.jpg 768w, https:\/\/www.lavisqteam.fr\/wp-content\/uploads\/2016\/10\/14725228_1447301651949906_1950937322_o.jpg 1280w\" sizes=\"(max-width: 600px) 100vw, 600px\" \/><\/a><\/p>\n<p>Pour son deuxi\u00e8me film, <em>Stephan Rick<\/em> frappe un grand coup et nous bouscule. Tendu, original, impr\u00e9visible, flippant, bourr\u00e9 de suspens et sc\u00e9naristiquement terrible, franchement que demandez de plus ! En esp\u00e9rant que ce film trouve un distributeur chez nous, car il m\u00e9rite qu&rsquo;on s\u2019y arr\u00eate!<\/p>\n<p><strong>Note\u00a0: 18\/20<\/strong><\/p>\n<p style=\"text-align: center;\">[youtube]https:\/\/www.youtube.com\/watch?v=jWZo772lrlg[\/youtube]<\/p>\n<p style=\"text-align: right;\">Par <strong>Cin\u00e9ted<\/strong><\/p>\n","protected":false},"excerpt":{"rendered":"<p>Titre Original: Die Dunkle Seite des Mondes De\u00a0: Stephan Rick Avec J\u00fcrgen Prochnow, Moritz Bleibtreu, Nora Von Waldst\u00e4tten, Andr\u00e9 Hennicke Ann\u00e9e: 2015 Pays: Allemagne Genre: &hellip; <\/p>\n","protected":false},"author":1,"featured_media":0,"comment_status":"open","ping_status":"open","sticky":false,"template":"","format":"standard","meta":[],"categories":[1],"tags":[],"yoast_head":"<!-- This site is optimized with the Yoast SEO plugin v19.6.1 - https:\/\/yoast.com\/wordpress\/plugins\/seo\/ -->\n<title>La Face Cach\u00e9e de la Lune - Lavisqteam.fr<\/title>\n<meta name=\"robots\" content=\"index, follow, max-snippet:-1, max-image-preview:large, max-video-preview:-1\" \/>\n<link rel=\"canonical\" href=\"https:\/\/www.lavisqteam.fr\/?p=23209\" \/>\n<meta property=\"og:locale\" content=\"fr_FR\" \/>\n<meta property=\"og:type\" content=\"article\" \/>\n<meta property=\"og:title\" content=\"La Face Cach\u00e9e de la Lune - Lavisqteam.fr\" \/>\n<meta property=\"og:description\" content=\"Titre Original: Die Dunkle Seite des Mondes De\u00a0: Stephan Rick Avec J\u00fcrgen Prochnow, Moritz Bleibtreu, Nora Von Waldst\u00e4tten, Andr\u00e9 Hennicke Ann\u00e9e: 2015 Pays: Allemagne Genre: &hellip;\" \/>\n<meta property=\"og:url\" content=\"https:\/\/www.lavisqteam.fr\/?p=23209\" \/>\n<meta property=\"og:site_name\" content=\"Lavisqteam.fr\" \/>\n<meta property=\"article:published_time\" content=\"2016-10-18T16:08:32+00:00\" \/>\n<meta property=\"article:modified_time\" content=\"2016-10-18T16:24:42+00:00\" \/>\n<meta property=\"og:image\" content=\"http:\/\/www.lavisqteam.fr\/wp-content\/uploads\/2016\/10\/14694640_1447301158616622_1366276720_n.jpg\" \/>\n<meta name=\"author\" content=\"AqME\" \/>\n<meta name=\"twitter:card\" content=\"summary_large_image\" \/>\n<meta name=\"twitter:label1\" content=\"\u00c9crit par\" \/>\n\t<meta name=\"twitter:data1\" content=\"AqME\" \/>\n\t<meta name=\"twitter:label2\" content=\"Dur\u00e9e de lecture estim\u00e9e\" \/>\n\t<meta name=\"twitter:data2\" content=\"5 minutes\" \/>\n<script type=\"application\/ld+json\" class=\"yoast-schema-graph\">{\"@context\":\"https:\/\/schema.org\",\"@graph\":[{\"@type\":\"Article\",\"@id\":\"https:\/\/www.lavisqteam.fr\/?p=23209#article\",\"isPartOf\":{\"@id\":\"https:\/\/www.lavisqteam.fr\/?p=23209\"},\"author\":{\"name\":\"AqME\",\"@id\":\"https:\/\/www.lavisqteam.fr\/#\/schema\/person\/da11d7c30bf135b288b17cc576708c2d\"},\"headline\":\"La Face Cach\u00e9e de la Lune\",\"datePublished\":\"2016-10-18T16:08:32+00:00\",\"dateModified\":\"2016-10-18T16:24:42+00:00\",\"mainEntityOfPage\":{\"@id\":\"https:\/\/www.lavisqteam.fr\/?p=23209\"},\"wordCount\":983,\"commentCount\":0,\"publisher\":{\"@id\":\"https:\/\/www.lavisqteam.fr\/#organization\"},\"articleSection\":[\"Uncategorized\"],\"inLanguage\":\"fr-FR\",\"potentialAction\":[{\"@type\":\"CommentAction\",\"name\":\"Comment\",\"target\":[\"https:\/\/www.lavisqteam.fr\/?p=23209#respond\"]}]},{\"@type\":\"WebPage\",\"@id\":\"https:\/\/www.lavisqteam.fr\/?p=23209\",\"url\":\"https:\/\/www.lavisqteam.fr\/?p=23209\",\"name\":\"La Face Cach\u00e9e de la Lune - Lavisqteam.fr\",\"isPartOf\":{\"@id\":\"https:\/\/www.lavisqteam.fr\/#website\"},\"datePublished\":\"2016-10-18T16:08:32+00:00\",\"dateModified\":\"2016-10-18T16:24:42+00:00\",\"breadcrumb\":{\"@id\":\"https:\/\/www.lavisqteam.fr\/?p=23209#breadcrumb\"},\"inLanguage\":\"fr-FR\",\"potentialAction\":[{\"@type\":\"ReadAction\",\"target\":[\"https:\/\/www.lavisqteam.fr\/?p=23209\"]}]},{\"@type\":\"BreadcrumbList\",\"@id\":\"https:\/\/www.lavisqteam.fr\/?p=23209#breadcrumb\",\"itemListElement\":[{\"@type\":\"ListItem\",\"position\":1,\"name\":\"Accueil\",\"item\":\"https:\/\/www.lavisqteam.fr\/\"},{\"@type\":\"ListItem\",\"position\":2,\"name\":\"La Face Cach\u00e9e de la Lune\"}]},{\"@type\":\"WebSite\",\"@id\":\"https:\/\/www.lavisqteam.fr\/#website\",\"url\":\"https:\/\/www.lavisqteam.fr\/\",\"name\":\"Lavisqteam.fr\",\"description\":\"\",\"publisher\":{\"@id\":\"https:\/\/www.lavisqteam.fr\/#organization\"},\"potentialAction\":[{\"@type\":\"SearchAction\",\"target\":{\"@type\":\"EntryPoint\",\"urlTemplate\":\"https:\/\/www.lavisqteam.fr\/?s={search_term_string}\"},\"query-input\":\"required name=search_term_string\"}],\"inLanguage\":\"fr-FR\"},{\"@type\":\"Organization\",\"@id\":\"https:\/\/www.lavisqteam.fr\/#organization\",\"name\":\"Lavisqteam.fr\",\"url\":\"https:\/\/www.lavisqteam.fr\/\",\"sameAs\":[],\"logo\":{\"@type\":\"ImageObject\",\"inLanguage\":\"fr-FR\",\"@id\":\"https:\/\/www.lavisqteam.fr\/#\/schema\/logo\/image\/\",\"url\":\"https:\/\/www.lavisqteam.fr\/wp-content\/uploads\/2020\/08\/cropped-80879545_3479261675449035_4078032831501041664_o-4.jpg\",\"contentUrl\":\"https:\/\/www.lavisqteam.fr\/wp-content\/uploads\/2020\/08\/cropped-80879545_3479261675449035_4078032831501041664_o-4.jpg\",\"width\":1674,\"height\":536,\"caption\":\"Lavisqteam.fr\"},\"image\":{\"@id\":\"https:\/\/www.lavisqteam.fr\/#\/schema\/logo\/image\/\"}},{\"@type\":\"Person\",\"@id\":\"https:\/\/www.lavisqteam.fr\/#\/schema\/person\/da11d7c30bf135b288b17cc576708c2d\",\"name\":\"AqME\",\"image\":{\"@type\":\"ImageObject\",\"inLanguage\":\"fr-FR\",\"@id\":\"https:\/\/www.lavisqteam.fr\/#\/schema\/person\/image\/\",\"url\":\"https:\/\/secure.gravatar.com\/avatar\/4a87d013fc854acd0f25858a13573675?s=96&d=mm&r=g\",\"contentUrl\":\"https:\/\/secure.gravatar.com\/avatar\/4a87d013fc854acd0f25858a13573675?s=96&d=mm&r=g\",\"caption\":\"AqME\"},\"description\":\"Amateur d'horreur, M\u00e9talleux dans l'\u00e2me, je succombe facilement \u00e0 des images de chatons.\",\"url\":\"https:\/\/www.lavisqteam.fr\/?author=1\"}]}<\/script>\n<!-- \/ Yoast SEO plugin. -->","yoast_head_json":{"title":"La Face Cach\u00e9e de la Lune - Lavisqteam.fr","robots":{"index":"index","follow":"follow","max-snippet":"max-snippet:-1","max-image-preview":"max-image-preview:large","max-video-preview":"max-video-preview:-1"},"canonical":"https:\/\/www.lavisqteam.fr\/?p=23209","og_locale":"fr_FR","og_type":"article","og_title":"La Face Cach\u00e9e de la Lune - Lavisqteam.fr","og_description":"Titre Original: Die Dunkle Seite des Mondes De\u00a0: Stephan Rick Avec J\u00fcrgen Prochnow, Moritz Bleibtreu, Nora Von Waldst\u00e4tten, Andr\u00e9 Hennicke Ann\u00e9e: 2015 Pays: Allemagne Genre: &hellip;","og_url":"https:\/\/www.lavisqteam.fr\/?p=23209","og_site_name":"Lavisqteam.fr","article_published_time":"2016-10-18T16:08:32+00:00","article_modified_time":"2016-10-18T16:24:42+00:00","og_image":[{"url":"http:\/\/www.lavisqteam.fr\/wp-content\/uploads\/2016\/10\/14694640_1447301158616622_1366276720_n.jpg"}],"author":"AqME","twitter_card":"summary_large_image","twitter_misc":{"\u00c9crit par":"AqME","Dur\u00e9e de lecture estim\u00e9e":"5 minutes"},"schema":{"@context":"https:\/\/schema.org","@graph":[{"@type":"Article","@id":"https:\/\/www.lavisqteam.fr\/?p=23209#article","isPartOf":{"@id":"https:\/\/www.lavisqteam.fr\/?p=23209"},"author":{"name":"AqME","@id":"https:\/\/www.lavisqteam.fr\/#\/schema\/person\/da11d7c30bf135b288b17cc576708c2d"},"headline":"La Face Cach\u00e9e de la Lune","datePublished":"2016-10-18T16:08:32+00:00","dateModified":"2016-10-18T16:24:42+00:00","mainEntityOfPage":{"@id":"https:\/\/www.lavisqteam.fr\/?p=23209"},"wordCount":983,"commentCount":0,"publisher":{"@id":"https:\/\/www.lavisqteam.fr\/#organization"},"articleSection":["Uncategorized"],"inLanguage":"fr-FR","potentialAction":[{"@type":"CommentAction","name":"Comment","target":["https:\/\/www.lavisqteam.fr\/?p=23209#respond"]}]},{"@type":"WebPage","@id":"https:\/\/www.lavisqteam.fr\/?p=23209","url":"https:\/\/www.lavisqteam.fr\/?p=23209","name":"La Face Cach\u00e9e de la Lune - Lavisqteam.fr","isPartOf":{"@id":"https:\/\/www.lavisqteam.fr\/#website"},"datePublished":"2016-10-18T16:08:32+00:00","dateModified":"2016-10-18T16:24:42+00:00","breadcrumb":{"@id":"https:\/\/www.lavisqteam.fr\/?p=23209#breadcrumb"},"inLanguage":"fr-FR","potentialAction":[{"@type":"ReadAction","target":["https:\/\/www.lavisqteam.fr\/?p=23209"]}]},{"@type":"BreadcrumbList","@id":"https:\/\/www.lavisqteam.fr\/?p=23209#breadcrumb","itemListElement":[{"@type":"ListItem","position":1,"name":"Accueil","item":"https:\/\/www.lavisqteam.fr\/"},{"@type":"ListItem","position":2,"name":"La Face Cach\u00e9e de la Lune"}]},{"@type":"WebSite","@id":"https:\/\/www.lavisqteam.fr\/#website","url":"https:\/\/www.lavisqteam.fr\/","name":"Lavisqteam.fr","description":"","publisher":{"@id":"https:\/\/www.lavisqteam.fr\/#organization"},"potentialAction":[{"@type":"SearchAction","target":{"@type":"EntryPoint","urlTemplate":"https:\/\/www.lavisqteam.fr\/?s={search_term_string}"},"query-input":"required name=search_term_string"}],"inLanguage":"fr-FR"},{"@type":"Organization","@id":"https:\/\/www.lavisqteam.fr\/#organization","name":"Lavisqteam.fr","url":"https:\/\/www.lavisqteam.fr\/","sameAs":[],"logo":{"@type":"ImageObject","inLanguage":"fr-FR","@id":"https:\/\/www.lavisqteam.fr\/#\/schema\/logo\/image\/","url":"https:\/\/www.lavisqteam.fr\/wp-content\/uploads\/2020\/08\/cropped-80879545_3479261675449035_4078032831501041664_o-4.jpg","contentUrl":"https:\/\/www.lavisqteam.fr\/wp-content\/uploads\/2020\/08\/cropped-80879545_3479261675449035_4078032831501041664_o-4.jpg","width":1674,"height":536,"caption":"Lavisqteam.fr"},"image":{"@id":"https:\/\/www.lavisqteam.fr\/#\/schema\/logo\/image\/"}},{"@type":"Person","@id":"https:\/\/www.lavisqteam.fr\/#\/schema\/person\/da11d7c30bf135b288b17cc576708c2d","name":"AqME","image":{"@type":"ImageObject","inLanguage":"fr-FR","@id":"https:\/\/www.lavisqteam.fr\/#\/schema\/person\/image\/","url":"https:\/\/secure.gravatar.com\/avatar\/4a87d013fc854acd0f25858a13573675?s=96&d=mm&r=g","contentUrl":"https:\/\/secure.gravatar.com\/avatar\/4a87d013fc854acd0f25858a13573675?s=96&d=mm&r=g","caption":"AqME"},"description":"Amateur d'horreur, M\u00e9talleux dans l'\u00e2me, je succombe facilement \u00e0 des images de chatons.","url":"https:\/\/www.lavisqteam.fr\/?author=1"}]}},"jetpack_featured_media_url":"","_links":{"self":[{"href":"https:\/\/www.lavisqteam.fr\/index.php?rest_route=\/wp\/v2\/posts\/23209"}],"collection":[{"href":"https:\/\/www.lavisqteam.fr\/index.php?rest_route=\/wp\/v2\/posts"}],"about":[{"href":"https:\/\/www.lavisqteam.fr\/index.php?rest_route=\/wp\/v2\/types\/post"}],"author":[{"embeddable":true,"href":"https:\/\/www.lavisqteam.fr\/index.php?rest_route=\/wp\/v2\/users\/1"}],"replies":[{"embeddable":true,"href":"https:\/\/www.lavisqteam.fr\/index.php?rest_route=%2Fwp%2Fv2%2Fcomments&post=23209"}],"version-history":[{"count":2,"href":"https:\/\/www.lavisqteam.fr\/index.php?rest_route=\/wp\/v2\/posts\/23209\/revisions"}],"predecessor-version":[{"id":23217,"href":"https:\/\/www.lavisqteam.fr\/index.php?rest_route=\/wp\/v2\/posts\/23209\/revisions\/23217"}],"wp:attachment":[{"href":"https:\/\/www.lavisqteam.fr\/index.php?rest_route=%2Fwp%2Fv2%2Fmedia&parent=23209"}],"wp:term":[{"taxonomy":"category","embeddable":true,"href":"https:\/\/www.lavisqteam.fr\/index.php?rest_route=%2Fwp%2Fv2%2Fcategories&post=23209"},{"taxonomy":"post_tag","embeddable":true,"href":"https:\/\/www.lavisqteam.fr\/index.php?rest_route=%2Fwp%2Fv2%2Ftags&post=23209"}],"curies":[{"name":"wp","href":"https:\/\/api.w.org\/{rel}","templated":true}]}}