{"id":22614,"date":"2016-09-24T21:40:33","date_gmt":"2016-09-24T21:40:33","guid":{"rendered":"http:\/\/www.lavisqteam.fr\/?p=22614"},"modified":"2016-09-24T21:40:33","modified_gmt":"2016-09-24T21:40:33","slug":"frantz","status":"publish","type":"post","link":"https:\/\/www.lavisqteam.fr\/?p=22614","title":{"rendered":"Frantz"},"content":{"rendered":"<p style=\"text-align: center;\"><a href=\"https:\/\/www.lavisqteam.fr\/wp-content\/uploads\/2016\/09\/003083.jpg-r_1920_1080-f_jpg-q_x-xxyxx.jpg\"><img loading=\"lazy\" class=\"alignnone size-large wp-image-22615\" src=\"https:\/\/www.lavisqteam.fr\/wp-content\/uploads\/2016\/09\/003083.jpg-r_1920_1080-f_jpg-q_x-xxyxx-752x1024.jpg\" alt=\"003083-jpg-r_1920_1080-f_jpg-q_x-xxyxx\" width=\"600\" height=\"817\" srcset=\"https:\/\/www.lavisqteam.fr\/wp-content\/uploads\/2016\/09\/003083.jpg-r_1920_1080-f_jpg-q_x-xxyxx-752x1024.jpg 752w, https:\/\/www.lavisqteam.fr\/wp-content\/uploads\/2016\/09\/003083.jpg-r_1920_1080-f_jpg-q_x-xxyxx-220x300.jpg 220w, https:\/\/www.lavisqteam.fr\/wp-content\/uploads\/2016\/09\/003083.jpg-r_1920_1080-f_jpg-q_x-xxyxx-768x1046.jpg 768w, https:\/\/www.lavisqteam.fr\/wp-content\/uploads\/2016\/09\/003083.jpg-r_1920_1080-f_jpg-q_x-xxyxx.jpg 793w\" sizes=\"(max-width: 600px) 100vw, 600px\" \/><\/a><\/p>\n<p><strong>De\u00a0:<\/strong> Fran\u00e7ois Ozon<\/p>\n<p><strong>Avec<\/strong> Pierre Niney, Paula Beer, Ernst St\u00f6tzner, Anton von Lucke<\/p>\n<p><strong>Ann\u00e9e\u00a0: <\/strong>2016<\/p>\n<p><strong>Pays<\/strong>\u00a0: France, Allemagne<\/p>\n<p><strong>Genre\u00a0:<\/strong> Drame<\/p>\n<p><strong>R\u00e9sum\u00e9\u00a0:<\/strong><\/p>\n<p>En 1919, dans une Allemagne d\u2019apr\u00e8s-guerre, Anna se rend tous les jours sur la tombe de son fianc\u00e9, Frantz. Jusqu\u2019\u00e0 ce qu\u2019elle y croise un jeune fran\u00e7ais, Adrien, qui va changer sa vie\u2026<\/p>\n<p><strong>Avis\u00a0:<\/strong><\/p>\n<p>C\u2019est l\u2019histoire d\u2019un jeune fran\u00e7ais, soliste de l\u2019Op\u00e9ra de Paris, qui n\u2019entend plus son violon \u00e0 cause du fracas de la guerre qui l\u2019a assourdi. C\u2019est l\u2019histoire d\u2019une jeune fille qui pleure son fianc\u00e9 allemand mort \u00e0 la guerre. C\u2019est l\u2019histoire de la m\u00e8re qui essaie de rester digne, et du p\u00e8re, qui gu\u00e9rit son chagrin en vouant une haine inconditionnelle aux Allemands. Et c\u2019est l\u2019histoire de leur rencontre improbable autour de cette tombe, Frantz.<\/p>\n<p style=\"text-align: center;\"><a href=\"https:\/\/www.lavisqteam.fr\/wp-content\/uploads\/2016\/09\/176012.jpg-r_1920_1080-f_jpg-q_x-xxyxx.jpg\"><img loading=\"lazy\" class=\"alignnone size-large wp-image-22617\" src=\"https:\/\/www.lavisqteam.fr\/wp-content\/uploads\/2016\/09\/176012.jpg-r_1920_1080-f_jpg-q_x-xxyxx-1024x680.jpg\" alt=\"176012-jpg-r_1920_1080-f_jpg-q_x-xxyxx\" width=\"600\" height=\"398\" srcset=\"https:\/\/www.lavisqteam.fr\/wp-content\/uploads\/2016\/09\/176012.jpg-r_1920_1080-f_jpg-q_x-xxyxx-1024x680.jpg 1024w, https:\/\/www.lavisqteam.fr\/wp-content\/uploads\/2016\/09\/176012.jpg-r_1920_1080-f_jpg-q_x-xxyxx-300x199.jpg 300w, https:\/\/www.lavisqteam.fr\/wp-content\/uploads\/2016\/09\/176012.jpg-r_1920_1080-f_jpg-q_x-xxyxx-768x510.jpg 768w, https:\/\/www.lavisqteam.fr\/wp-content\/uploads\/2016\/09\/176012.jpg-r_1920_1080-f_jpg-q_x-xxyxx.jpg 1200w\" sizes=\"(max-width: 600px) 100vw, 600px\" \/><\/a><\/p>\n<p>Frantz, c\u2019est le personnage principal du film, et pourtant il n\u2019est pas l\u00e0. Illustration parfaite du dicton selon lequel c\u2019est toujours plus difficile pour ceux qui restent en vie. Le film est en noir et blanc, renfor\u00e7ant le contexte sombre et maussade de l\u2019histoire qui est pourtant passionnante d\u00e8s les premi\u00e8res minutes.<br \/>\nBien que les films traumatisants sur les guerres que notre histoire a connu sont de plus en plus difficiles \u00e0 supporter, il faut avouer que l\u2019on s\u2019est laiss\u00e9s prendre par le film, qui finit, \u00e9videmment, par nous faire pleurer toutes les larmes de notre corps\u00a0; alors que nous \u00e9tions partis avec un a priori car dans ce genre de film, on a vite tendance \u00e0 tourner au m\u00e9lodramatique. Fort heureusement, il n\u2019en est rien ici, et le film est juste \u00e0 tomber.<\/p>\n<p>Anna (<em>Paula Beer<\/em>), qui vit chez les parents de Frantz, rencontre Adrien (<em>Pierre Niney<\/em>) devant la tombe de son fianc\u00e9, mort \u00e0 la guerre. Intrigu\u00e9e qu\u2019il vienne tous les jours se recueillir et qu\u2019il semble tant effondr\u00e9, elle finit par s\u2019interroger. Invit\u00e9 chez les parents de Frantz, il finit par avouer avoir rencontr\u00e9 Frantz en France pendant ses \u00e9tudes, et avoir nou\u00e9 une grande amiti\u00e9 avec lui. Tout semble sinc\u00e8re et les parents semblent retrouver pendant un instant leur fils, en \u00e9coutant parler de lui. Les quelques moments de bonheur fugaces que vit ce trio endeuill\u00e9 retrouvent des couleurs qui sont pourtant tr\u00e8s absentes dans le film.<\/p>\n<p>Mais voil\u00e0, il y a un probl\u00e8me et au fil des rendez-vous, Anna comprend que quelque chose ne va pas. Adrien n\u2019a pas vraiment \u00e9t\u00e9 ami avec Frantz pendant ses \u00e9tudes. Le monde s\u2019effondre, Adrien s\u2019en va et Anna reste.<\/p>\n<p>Ce qui est assez effarant dans le film, c\u2019est la fa\u00e7on qu\u2019a <em>Fran\u00e7ois Ozon<\/em> de faire tourner un film entier autour d\u2019un personnage qui n\u2019est pas l\u00e0, mais qui les hante, tous, \u00e0 leur mani\u00e8re. Anna semble tiraill\u00e9e entre la haine et l\u2019amour envers Adrien, la tristesse et la culpabilit\u00e9 envers Frantz, et le courage envers les parents, \u00e0 qui elle va cacher toute la v\u00e9rit\u00e9. Frantz est partout.<\/p>\n<p>Nous avouons volontiers que nous avons trouv\u00e9 le jeu absolument magnifique, sous tous points de vue. <em>Pierre Niney<\/em>, excellent acteur au demeurant, est absolument parfait en personnage tortur\u00e9 entre l\u2019humanit\u00e9 qu\u2019il voudrait retrouver et l\u2019absolution qu\u2019il recherche. <em>Paula Beer<\/em> est formidable en femme forte et courageuse. Les parents et les personnages secondaires sont compl\u00e8tement immerg\u00e9s dans le contexte et rendent le film encore plus fort\u00a0: les petites sc\u00e8nes de conflits entre les fran\u00e7ais et les allemands, ces petits r\u00e9flexes d\u2019apr\u00e8s-guerre qui r\u00e9v\u00e8lent un grand traumatisme. Nous avouons avoir vers\u00e9s volontiers une larme quand <em>Paula Beer<\/em> se retrouve dans un bar parisien au milieu d\u2019hommes et de policiers chantant la Marseillaise \u00e0 la m\u00e9moire de leurs enfants morts, alors qu\u2019elle pleure encore son fianc\u00e9\u2026<\/p>\n<p>Ce qui est tr\u00e8s fort, c\u2019est le fait de parler de la guerre, sans parler de la guerre. Pas de sang, pas de cris, pas de chaos. Le chaos est ailleurs, en eux, et c\u2019est \u00e7a qui est beau. Ce qui est fou aussi, c\u2019est le message que Frantz aura fait passer, \u00e0 chaque personnage. Et la vie qui continue, aussi, malgr\u00e9 les villages ravag\u00e9s et les c\u0153urs endeuill\u00e9s.<\/p>\n<p style=\"text-align: center;\"><a href=\"https:\/\/www.lavisqteam.fr\/wp-content\/uploads\/2016\/09\/177106.jpg-r_1920_1080-f_jpg-q_x-xxyxx.jpg\"><img loading=\"lazy\" class=\"alignnone size-large wp-image-22616\" src=\"https:\/\/www.lavisqteam.fr\/wp-content\/uploads\/2016\/09\/177106.jpg-r_1920_1080-f_jpg-q_x-xxyxx-1024x681.jpg\" alt=\"177106-jpg-r_1920_1080-f_jpg-q_x-xxyxx\" width=\"600\" height=\"399\" srcset=\"https:\/\/www.lavisqteam.fr\/wp-content\/uploads\/2016\/09\/177106.jpg-r_1920_1080-f_jpg-q_x-xxyxx-1024x681.jpg 1024w, https:\/\/www.lavisqteam.fr\/wp-content\/uploads\/2016\/09\/177106.jpg-r_1920_1080-f_jpg-q_x-xxyxx-300x200.jpg 300w, https:\/\/www.lavisqteam.fr\/wp-content\/uploads\/2016\/09\/177106.jpg-r_1920_1080-f_jpg-q_x-xxyxx-768x511.jpg 768w, https:\/\/www.lavisqteam.fr\/wp-content\/uploads\/2016\/09\/177106.jpg-r_1920_1080-f_jpg-q_x-xxyxx.jpg 1200w\" sizes=\"(max-width: 600px) 100vw, 600px\" \/><\/a><\/p>\n<p>Seul petit b\u00e9mol, le film est tr\u00e8s pr\u00e9visible. On comprend tr\u00e8s vite pourquoi Adrien est venu jusqu\u2019en Allemagne, on comprend tr\u00e8s vite ce que va faire Anna apr\u00e8s son d\u00e9part\u2026 Il n\u2019y a pas de grandes surprises, except\u00e9 la fin, qui laisse\u2026 sur notre faim\u00a0! Mais malgr\u00e9 tout, c\u2019est un film plein de tendresse, et un beau message de paix aussi. Adrien aura r\u00e9ussi cela de bien qu\u2019il aura fait comprendre au p\u00e8re de Frantz que personne, fran\u00e7ais ou allemand, n\u2019est coupable de la mort des jeunes soldats, mais que ce sont les hommes eux-m\u00eames qui ont choisi ce combat. Jolie vis\u00e9e et grande morale pour nous, dans notre soci\u00e9t\u00e9 tortur\u00e9e&#8230;<\/p>\n<p><strong>Note\u00a0: 18\/20<\/strong><\/p>\n<p style=\"text-align: center;\">[youtube]https:\/\/www.youtube.com\/watch?v=3dEnNRaUKG8[\/youtube]<\/p>\n<p style=\"text-align: right;\">Par <strong>Betti<\/strong><\/p>\n","protected":false},"excerpt":{"rendered":"<p>De\u00a0: Fran\u00e7ois Ozon Avec Pierre Niney, Paula Beer, Ernst St\u00f6tzner, Anton von Lucke Ann\u00e9e\u00a0: 2016 Pays\u00a0: France, Allemagne Genre\u00a0: Drame R\u00e9sum\u00e9\u00a0: En 1919, dans une &hellip; <\/p>\n","protected":false},"author":1,"featured_media":0,"comment_status":"open","ping_status":"open","sticky":false,"template":"","format":"standard","meta":[],"categories":[1],"tags":[],"yoast_head":"<!-- This site is optimized with the Yoast SEO plugin v19.6.1 - https:\/\/yoast.com\/wordpress\/plugins\/seo\/ -->\n<title>Frantz - Lavisqteam.fr<\/title>\n<meta name=\"robots\" content=\"index, follow, max-snippet:-1, max-image-preview:large, max-video-preview:-1\" \/>\n<link rel=\"canonical\" href=\"https:\/\/www.lavisqteam.fr\/?p=22614\" \/>\n<meta property=\"og:locale\" content=\"fr_FR\" \/>\n<meta property=\"og:type\" content=\"article\" \/>\n<meta property=\"og:title\" content=\"Frantz - Lavisqteam.fr\" \/>\n<meta property=\"og:description\" content=\"De\u00a0: Fran\u00e7ois Ozon Avec Pierre Niney, Paula Beer, Ernst St\u00f6tzner, Anton von Lucke Ann\u00e9e\u00a0: 2016 Pays\u00a0: France, Allemagne Genre\u00a0: Drame R\u00e9sum\u00e9\u00a0: En 1919, dans une &hellip;\" \/>\n<meta property=\"og:url\" content=\"https:\/\/www.lavisqteam.fr\/?p=22614\" \/>\n<meta property=\"og:site_name\" content=\"Lavisqteam.fr\" \/>\n<meta property=\"article:published_time\" content=\"2016-09-24T21:40:33+00:00\" \/>\n<meta property=\"og:image\" content=\"http:\/\/www.lavisqteam.fr\/wp-content\/uploads\/2016\/09\/003083.jpg-r_1920_1080-f_jpg-q_x-xxyxx-752x1024.jpg\" \/>\n<meta name=\"author\" content=\"AqME\" \/>\n<meta name=\"twitter:card\" content=\"summary_large_image\" \/>\n<meta name=\"twitter:label1\" content=\"\u00c9crit par\" \/>\n\t<meta name=\"twitter:data1\" content=\"AqME\" \/>\n\t<meta name=\"twitter:label2\" content=\"Dur\u00e9e de lecture estim\u00e9e\" \/>\n\t<meta name=\"twitter:data2\" content=\"4 minutes\" \/>\n<script type=\"application\/ld+json\" class=\"yoast-schema-graph\">{\"@context\":\"https:\/\/schema.org\",\"@graph\":[{\"@type\":\"Article\",\"@id\":\"https:\/\/www.lavisqteam.fr\/?p=22614#article\",\"isPartOf\":{\"@id\":\"https:\/\/www.lavisqteam.fr\/?p=22614\"},\"author\":{\"name\":\"AqME\",\"@id\":\"https:\/\/www.lavisqteam.fr\/#\/schema\/person\/da11d7c30bf135b288b17cc576708c2d\"},\"headline\":\"Frantz\",\"datePublished\":\"2016-09-24T21:40:33+00:00\",\"dateModified\":\"2016-09-24T21:40:33+00:00\",\"mainEntityOfPage\":{\"@id\":\"https:\/\/www.lavisqteam.fr\/?p=22614\"},\"wordCount\":885,\"commentCount\":1,\"publisher\":{\"@id\":\"https:\/\/www.lavisqteam.fr\/#organization\"},\"articleSection\":[\"Uncategorized\"],\"inLanguage\":\"fr-FR\",\"potentialAction\":[{\"@type\":\"CommentAction\",\"name\":\"Comment\",\"target\":[\"https:\/\/www.lavisqteam.fr\/?p=22614#respond\"]}]},{\"@type\":\"WebPage\",\"@id\":\"https:\/\/www.lavisqteam.fr\/?p=22614\",\"url\":\"https:\/\/www.lavisqteam.fr\/?p=22614\",\"name\":\"Frantz - Lavisqteam.fr\",\"isPartOf\":{\"@id\":\"https:\/\/www.lavisqteam.fr\/#website\"},\"datePublished\":\"2016-09-24T21:40:33+00:00\",\"dateModified\":\"2016-09-24T21:40:33+00:00\",\"breadcrumb\":{\"@id\":\"https:\/\/www.lavisqteam.fr\/?p=22614#breadcrumb\"},\"inLanguage\":\"fr-FR\",\"potentialAction\":[{\"@type\":\"ReadAction\",\"target\":[\"https:\/\/www.lavisqteam.fr\/?p=22614\"]}]},{\"@type\":\"BreadcrumbList\",\"@id\":\"https:\/\/www.lavisqteam.fr\/?p=22614#breadcrumb\",\"itemListElement\":[{\"@type\":\"ListItem\",\"position\":1,\"name\":\"Accueil\",\"item\":\"https:\/\/www.lavisqteam.fr\/\"},{\"@type\":\"ListItem\",\"position\":2,\"name\":\"Frantz\"}]},{\"@type\":\"WebSite\",\"@id\":\"https:\/\/www.lavisqteam.fr\/#website\",\"url\":\"https:\/\/www.lavisqteam.fr\/\",\"name\":\"Lavisqteam.fr\",\"description\":\"\",\"publisher\":{\"@id\":\"https:\/\/www.lavisqteam.fr\/#organization\"},\"potentialAction\":[{\"@type\":\"SearchAction\",\"target\":{\"@type\":\"EntryPoint\",\"urlTemplate\":\"https:\/\/www.lavisqteam.fr\/?s={search_term_string}\"},\"query-input\":\"required name=search_term_string\"}],\"inLanguage\":\"fr-FR\"},{\"@type\":\"Organization\",\"@id\":\"https:\/\/www.lavisqteam.fr\/#organization\",\"name\":\"Lavisqteam.fr\",\"url\":\"https:\/\/www.lavisqteam.fr\/\",\"sameAs\":[],\"logo\":{\"@type\":\"ImageObject\",\"inLanguage\":\"fr-FR\",\"@id\":\"https:\/\/www.lavisqteam.fr\/#\/schema\/logo\/image\/\",\"url\":\"https:\/\/www.lavisqteam.fr\/wp-content\/uploads\/2020\/08\/cropped-80879545_3479261675449035_4078032831501041664_o-4.jpg\",\"contentUrl\":\"https:\/\/www.lavisqteam.fr\/wp-content\/uploads\/2020\/08\/cropped-80879545_3479261675449035_4078032831501041664_o-4.jpg\",\"width\":1674,\"height\":536,\"caption\":\"Lavisqteam.fr\"},\"image\":{\"@id\":\"https:\/\/www.lavisqteam.fr\/#\/schema\/logo\/image\/\"}},{\"@type\":\"Person\",\"@id\":\"https:\/\/www.lavisqteam.fr\/#\/schema\/person\/da11d7c30bf135b288b17cc576708c2d\",\"name\":\"AqME\",\"image\":{\"@type\":\"ImageObject\",\"inLanguage\":\"fr-FR\",\"@id\":\"https:\/\/www.lavisqteam.fr\/#\/schema\/person\/image\/\",\"url\":\"https:\/\/secure.gravatar.com\/avatar\/4a87d013fc854acd0f25858a13573675?s=96&d=mm&r=g\",\"contentUrl\":\"https:\/\/secure.gravatar.com\/avatar\/4a87d013fc854acd0f25858a13573675?s=96&d=mm&r=g\",\"caption\":\"AqME\"},\"description\":\"Amateur d'horreur, M\u00e9talleux dans l'\u00e2me, je succombe facilement \u00e0 des images de chatons.\",\"url\":\"https:\/\/www.lavisqteam.fr\/?author=1\"}]}<\/script>\n<!-- \/ Yoast SEO plugin. -->","yoast_head_json":{"title":"Frantz - Lavisqteam.fr","robots":{"index":"index","follow":"follow","max-snippet":"max-snippet:-1","max-image-preview":"max-image-preview:large","max-video-preview":"max-video-preview:-1"},"canonical":"https:\/\/www.lavisqteam.fr\/?p=22614","og_locale":"fr_FR","og_type":"article","og_title":"Frantz - Lavisqteam.fr","og_description":"De\u00a0: Fran\u00e7ois Ozon Avec Pierre Niney, Paula Beer, Ernst St\u00f6tzner, Anton von Lucke Ann\u00e9e\u00a0: 2016 Pays\u00a0: France, Allemagne Genre\u00a0: Drame R\u00e9sum\u00e9\u00a0: En 1919, dans une &hellip;","og_url":"https:\/\/www.lavisqteam.fr\/?p=22614","og_site_name":"Lavisqteam.fr","article_published_time":"2016-09-24T21:40:33+00:00","og_image":[{"url":"http:\/\/www.lavisqteam.fr\/wp-content\/uploads\/2016\/09\/003083.jpg-r_1920_1080-f_jpg-q_x-xxyxx-752x1024.jpg"}],"author":"AqME","twitter_card":"summary_large_image","twitter_misc":{"\u00c9crit par":"AqME","Dur\u00e9e de lecture estim\u00e9e":"4 minutes"},"schema":{"@context":"https:\/\/schema.org","@graph":[{"@type":"Article","@id":"https:\/\/www.lavisqteam.fr\/?p=22614#article","isPartOf":{"@id":"https:\/\/www.lavisqteam.fr\/?p=22614"},"author":{"name":"AqME","@id":"https:\/\/www.lavisqteam.fr\/#\/schema\/person\/da11d7c30bf135b288b17cc576708c2d"},"headline":"Frantz","datePublished":"2016-09-24T21:40:33+00:00","dateModified":"2016-09-24T21:40:33+00:00","mainEntityOfPage":{"@id":"https:\/\/www.lavisqteam.fr\/?p=22614"},"wordCount":885,"commentCount":1,"publisher":{"@id":"https:\/\/www.lavisqteam.fr\/#organization"},"articleSection":["Uncategorized"],"inLanguage":"fr-FR","potentialAction":[{"@type":"CommentAction","name":"Comment","target":["https:\/\/www.lavisqteam.fr\/?p=22614#respond"]}]},{"@type":"WebPage","@id":"https:\/\/www.lavisqteam.fr\/?p=22614","url":"https:\/\/www.lavisqteam.fr\/?p=22614","name":"Frantz - Lavisqteam.fr","isPartOf":{"@id":"https:\/\/www.lavisqteam.fr\/#website"},"datePublished":"2016-09-24T21:40:33+00:00","dateModified":"2016-09-24T21:40:33+00:00","breadcrumb":{"@id":"https:\/\/www.lavisqteam.fr\/?p=22614#breadcrumb"},"inLanguage":"fr-FR","potentialAction":[{"@type":"ReadAction","target":["https:\/\/www.lavisqteam.fr\/?p=22614"]}]},{"@type":"BreadcrumbList","@id":"https:\/\/www.lavisqteam.fr\/?p=22614#breadcrumb","itemListElement":[{"@type":"ListItem","position":1,"name":"Accueil","item":"https:\/\/www.lavisqteam.fr\/"},{"@type":"ListItem","position":2,"name":"Frantz"}]},{"@type":"WebSite","@id":"https:\/\/www.lavisqteam.fr\/#website","url":"https:\/\/www.lavisqteam.fr\/","name":"Lavisqteam.fr","description":"","publisher":{"@id":"https:\/\/www.lavisqteam.fr\/#organization"},"potentialAction":[{"@type":"SearchAction","target":{"@type":"EntryPoint","urlTemplate":"https:\/\/www.lavisqteam.fr\/?s={search_term_string}"},"query-input":"required name=search_term_string"}],"inLanguage":"fr-FR"},{"@type":"Organization","@id":"https:\/\/www.lavisqteam.fr\/#organization","name":"Lavisqteam.fr","url":"https:\/\/www.lavisqteam.fr\/","sameAs":[],"logo":{"@type":"ImageObject","inLanguage":"fr-FR","@id":"https:\/\/www.lavisqteam.fr\/#\/schema\/logo\/image\/","url":"https:\/\/www.lavisqteam.fr\/wp-content\/uploads\/2020\/08\/cropped-80879545_3479261675449035_4078032831501041664_o-4.jpg","contentUrl":"https:\/\/www.lavisqteam.fr\/wp-content\/uploads\/2020\/08\/cropped-80879545_3479261675449035_4078032831501041664_o-4.jpg","width":1674,"height":536,"caption":"Lavisqteam.fr"},"image":{"@id":"https:\/\/www.lavisqteam.fr\/#\/schema\/logo\/image\/"}},{"@type":"Person","@id":"https:\/\/www.lavisqteam.fr\/#\/schema\/person\/da11d7c30bf135b288b17cc576708c2d","name":"AqME","image":{"@type":"ImageObject","inLanguage":"fr-FR","@id":"https:\/\/www.lavisqteam.fr\/#\/schema\/person\/image\/","url":"https:\/\/secure.gravatar.com\/avatar\/4a87d013fc854acd0f25858a13573675?s=96&d=mm&r=g","contentUrl":"https:\/\/secure.gravatar.com\/avatar\/4a87d013fc854acd0f25858a13573675?s=96&d=mm&r=g","caption":"AqME"},"description":"Amateur d'horreur, M\u00e9talleux dans l'\u00e2me, je succombe facilement \u00e0 des images de chatons.","url":"https:\/\/www.lavisqteam.fr\/?author=1"}]}},"jetpack_featured_media_url":"","_links":{"self":[{"href":"https:\/\/www.lavisqteam.fr\/index.php?rest_route=\/wp\/v2\/posts\/22614"}],"collection":[{"href":"https:\/\/www.lavisqteam.fr\/index.php?rest_route=\/wp\/v2\/posts"}],"about":[{"href":"https:\/\/www.lavisqteam.fr\/index.php?rest_route=\/wp\/v2\/types\/post"}],"author":[{"embeddable":true,"href":"https:\/\/www.lavisqteam.fr\/index.php?rest_route=\/wp\/v2\/users\/1"}],"replies":[{"embeddable":true,"href":"https:\/\/www.lavisqteam.fr\/index.php?rest_route=%2Fwp%2Fv2%2Fcomments&post=22614"}],"version-history":[{"count":1,"href":"https:\/\/www.lavisqteam.fr\/index.php?rest_route=\/wp\/v2\/posts\/22614\/revisions"}],"predecessor-version":[{"id":22618,"href":"https:\/\/www.lavisqteam.fr\/index.php?rest_route=\/wp\/v2\/posts\/22614\/revisions\/22618"}],"wp:attachment":[{"href":"https:\/\/www.lavisqteam.fr\/index.php?rest_route=%2Fwp%2Fv2%2Fmedia&parent=22614"}],"wp:term":[{"taxonomy":"category","embeddable":true,"href":"https:\/\/www.lavisqteam.fr\/index.php?rest_route=%2Fwp%2Fv2%2Fcategories&post=22614"},{"taxonomy":"post_tag","embeddable":true,"href":"https:\/\/www.lavisqteam.fr\/index.php?rest_route=%2Fwp%2Fv2%2Ftags&post=22614"}],"curies":[{"name":"wp","href":"https:\/\/api.w.org\/{rel}","templated":true}]}}